{"id":8031,"date":"2021-01-13T13:39:56","date_gmt":"2021-01-13T16:39:56","guid":{"rendered":"https:\/\/golandpop.com\/?p=8031"},"modified":"2021-01-13T13:39:59","modified_gmt":"2021-01-13T16:39:59","slug":"lanus-vs-velez-en-vivo-por-copa-libertadores-2020","status":"publish","type":"post","link":"https:\/\/golandpop.com\/index.php\/2021\/01\/13\/lanus-vs-velez-en-vivo-por-copa-libertadores-2020\/","title":{"rendered":"Lan\u00fas vs V\u00e9lez EN VIVO por Copa Libertadores 2020"},"content":{"rendered":"\n<a title=\"Radio en vivo!\" href=\"http:\/\/radiosenlinea.xyz\/golandpop\" target=\"_blank\" rel=\"noopener noreferrer\"><img decoding=\"async\" src=\"https:\/\/golandpop.com\/wp-content\/uploads\/2020\/08\/WhatsApp-Image-2020-08-15-at-19.54.59.jpeg\" height=\"100\" alt=\"\"><\/a> <br>\n\n\n\n<p><\/p>\n\n\n\n<p><strong><a href=\"https:\/\/golandpop.com\/index.php\/tag\/lanus-3\/\">Lan\u00fas<\/a><\/strong>\u00a0recibe a <strong><a href=\"https:\/\/golandpop.com\/index.php\/tag\/velez-2\/\">V\u00e9lez<\/a><\/strong> en La Fortaleza por la semifinal de vuelta de la\u00a0<a href=\"http:\/\/www.conmebol.com\/es\/copa-sudamericana-2020\">Copa CONMEBOL Sudamericana<\/a>. El brasilero Wilton Sampaio ser\u00e1 el \u00e1rbitro encargado de impartir justicia. La ida fue 1-0 para el Granate. Lo segu\u00eds en vivo en\u00a0<a href=\"https:\/\/golandpop.com\/\">Cadena GolandPop<\/a>.<\/p>\n\n\n\n<h6 class=\"wp-block-heading\"><em><strong>Posibles formaciones<\/strong><\/em><\/h6>\n\n\n\n<p><strong>Lan\u00fas<\/strong>: Lautaro Morales; Braian Aguirre, Burdisso \u00f3 P\u00e9rez, Alexis P\u00e9rez, A. Bernabei; Pedro De la Vega, Facundo Quign\u00f3n,\u00a0Tom\u00e1s Belmonte, Lautaro Acosta; Nicol\u00e1s Orsini y Jos\u00e9 Sand. <strong>DT:<\/strong>\u00a0Luis Zubeld\u00eda.<\/p>\n\n\n\n<p><strong>V\u00e9lez<\/strong>: Lucas Hoyos; Tom\u00e1s Guidara, Lautaro Gianetti, Brizuela \u00f3 Amor, Francisco Ortega; Ricardo Centuri\u00f3n, Pablo Galdames, Ricardo \u00c1lvarez, Agust\u00edn Bouzat; Lucas Janson y Cristian Terragona. <strong>DT:<\/strong>\u00a0Mauricio Pellegrino.<\/p>\n\n\n\n<p><strong><em>Estad\u00edsticas<\/em><\/strong><\/p>\n\n\n\n<ul class=\"wp-block-list\"><li>Lan\u00fas y V\u00e9lez se enfrentaron por CONMEBOL Sudamericana en 2006, en segunda ronda, y el Granate gan\u00f3 ambos partidos: 2-0 de local y 1-0 de visitante.<\/li><li>Entre CONMEBOL Sudamericana y Libertadores, V\u00e9lez ha disputado 35 partidos ante equipos argentinos, obteniendo 11 victorias, 13 empates y 11 derrotas; Lan\u00fas ha jugado 24 veces ante equipos argentinos, y gan\u00f3 la mitad de esos juegos (12V 7E 5D).<\/li><li>V\u00e9lez disputar\u00e1 semifinales de CONMEBOL Sudamericana o Libertadores por quinta ocasi\u00f3n; logr\u00f3 avanzar a la final en la Libertadores 1994 (fue campe\u00f3n), pero qued\u00f3 eliminado en las tres siguientes: Sudamericana 2005 vs. Pumas, Libertadores 2011 vs. Pe\u00f1arol y Sudamericana 2011 vs. LDU Quito.<\/li><li>Lan\u00fas disput\u00f3 semifinales de CONMEBOL Sudamericana en 2013 (vs. Libertad) y semifinales de CONMEBOL Libertadores en 2017 (vs. River); en ambas ocasiones logr\u00f3 clasificar a la final.<\/li><li>La mitad de los goles de V\u00e9lez en la CONMEBOL Sudamericana 2020 llegaron en los 15 minutos finales (7\/14); de hecho, cuatro de esos goles fueron en el minuto 90 o m\u00e1s.<\/li><\/ul>\n","protected":false},"excerpt":{"rendered":"<p>El Granate, que llega con ventaja, recibe al Fort\u00edn en la semifinal de vuelta de la Sudamricana. Lo viv\u00eds en vivo junto a Cadena GolandPop.<\/p>\n","protected":false},"author":1,"featured_media":8032,"comment_status":"open","ping_status":"open","sticky":false,"template":"","format":"standard","meta":{"footnotes":""},"categories":[39],"tags":[121,540,270,541,517],"class_list":["post-8031","post","type-post","status-publish","format-standard","has-post-thumbnail","hentry","category-futbol","tag-copa-sudamericana","tag-lanus-3","tag-velez","tag-velez-2","tag-velez-sarsfield"],"yoast_head":"<!-- This site is optimized with the Yoast SEO plugin v26.1.1 - https:\/\/yoast.com\/wordpress\/plugins\/seo\/ -->\n<title>Lan\u00fas vs V\u00e9lez EN VIVO por Copa Libertadores 2020 - Golandpop<\/title>\n<meta name=\"description\" content=\"El Granate, que llega con ventaja, recibe al Fort\u00edn en la semifinal de vuelta de la Sudamricana. Lo viv\u00eds en vivo junto a Cadena GolandPop.\" \/>\n<meta name=\"robots\" content=\"index, follow, max-snippet:-1, max-image-preview:large, max-video-preview:-1\" \/>\n<link rel=\"canonical\" href=\"https:\/\/golandpop.com\/index.php\/2021\/01\/13\/lanus-vs-velez-en-vivo-por-copa-libertadores-2020\/\" \/>\n<meta property=\"og:locale\" content=\"es_ES\" \/>\n<meta property=\"og:type\" content=\"article\" \/>\n<meta property=\"og:title\" content=\"Lan\u00fas vs V\u00e9lez EN VIVO por Copa Libertadores 2020 - Golandpop\" \/>\n<meta property=\"og:description\" content=\"El Granate, que llega con ventaja, recibe al Fort\u00edn en la semifinal de vuelta de la Sudamricana. Lo viv\u00eds en vivo junto a Cadena GolandPop.\" \/>\n<meta property=\"og:url\" content=\"https:\/\/golandpop.com\/index.php\/2021\/01\/13\/lanus-vs-velez-en-vivo-por-copa-libertadores-2020\/\" \/>\n<meta property=\"og:site_name\" content=\"Golandpop\" \/>\n<meta property=\"article:published_time\" content=\"2021-01-13T16:39:56+00:00\" \/>\n<meta property=\"article:modified_time\" content=\"2021-01-13T16:39:59+00:00\" \/>\n<meta property=\"og:image\" content=\"https:\/\/golandpop.com\/wp-content\/uploads\/2021\/01\/lanus-velez-sudamericana-golandpop.png\" \/>\n\t<meta property=\"og:image:width\" content=\"1920\" \/>\n\t<meta property=\"og:image:height\" content=\"1080\" \/>\n\t<meta property=\"og:image:type\" content=\"image\/png\" \/>\n<meta name=\"author\" content=\"Gol&amp;Pop\" \/>\n<meta name=\"twitter:card\" content=\"summary_large_image\" \/>\n<meta name=\"twitter:creator\" content=\"@golandpop\" \/>\n<meta name=\"twitter:site\" content=\"@golandpop\" \/>\n<meta name=\"twitter:label1\" content=\"Escrito por\" \/>\n\t<meta name=\"twitter:data1\" content=\"Gol&amp;Pop\" \/>\n\t<meta name=\"twitter:label2\" content=\"Tiempo de lectura\" \/>\n\t<meta name=\"twitter:data2\" content=\"1 minuto\" \/>\n<script type=\"application\/ld+json\" class=\"yoast-schema-graph\">{\"@context\":\"https:\/\/schema.org\",\"@graph\":[{\"@type\":\"Article\",\"@id\":\"https:\/\/golandpop.com\/index.php\/2021\/01\/13\/lanus-vs-velez-en-vivo-por-copa-libertadores-2020\/#article\",\"isPartOf\":{\"@id\":\"https:\/\/golandpop.com\/index.php\/2021\/01\/13\/lanus-vs-velez-en-vivo-por-copa-libertadores-2020\/\"},\"author\":{\"name\":\"Gol&amp;Pop\",\"@id\":\"https:\/\/golandpop.com\/#\/schema\/person\/2809725861e0da25eaffe2d9b29c9613\"},\"headline\":\"Lan\u00fas vs V\u00e9lez EN VIVO por Copa Libertadores 2020\",\"datePublished\":\"2021-01-13T16:39:56+00:00\",\"dateModified\":\"2021-01-13T16:39:59+00:00\",\"mainEntityOfPage\":{\"@id\":\"https:\/\/golandpop.com\/index.php\/2021\/01\/13\/lanus-vs-velez-en-vivo-por-copa-libertadores-2020\/\"},\"wordCount\":288,\"commentCount\":0,\"publisher\":{\"@id\":\"https:\/\/golandpop.com\/#organization\"},\"image\":{\"@id\":\"https:\/\/golandpop.com\/index.php\/2021\/01\/13\/lanus-vs-velez-en-vivo-por-copa-libertadores-2020\/#primaryimage\"},\"thumbnailUrl\":\"https:\/\/golandpop.com\/wp-content\/uploads\/2021\/01\/lanus-velez-sudamericana-golandpop.png\",\"keywords\":[\"Copa Sudamericana\",\"Lan\u00fas\",\"V\u00e9lez\",\"Velez\",\"V\u00e9lez Sarsfield\"],\"articleSection\":[\"F\u00fatbol\"],\"inLanguage\":\"es-AR\"},{\"@type\":\"WebPage\",\"@id\":\"https:\/\/golandpop.com\/index.php\/2021\/01\/13\/lanus-vs-velez-en-vivo-por-copa-libertadores-2020\/\",\"url\":\"https:\/\/golandpop.com\/index.php\/2021\/01\/13\/lanus-vs-velez-en-vivo-por-copa-libertadores-2020\/\",\"name\":\"Lan\u00fas vs V\u00e9lez EN VIVO por Copa Libertadores 2020 - Golandpop\",\"isPartOf\":{\"@id\":\"https:\/\/golandpop.com\/#website\"},\"primaryImageOfPage\":{\"@id\":\"https:\/\/golandpop.com\/index.php\/2021\/01\/13\/lanus-vs-velez-en-vivo-por-copa-libertadores-2020\/#primaryimage\"},\"image\":{\"@id\":\"https:\/\/golandpop.com\/index.php\/2021\/01\/13\/lanus-vs-velez-en-vivo-por-copa-libertadores-2020\/#primaryimage\"},\"thumbnailUrl\":\"https:\/\/golandpop.com\/wp-content\/uploads\/2021\/01\/lanus-velez-sudamericana-golandpop.png\",\"datePublished\":\"2021-01-13T16:39:56+00:00\",\"dateModified\":\"2021-01-13T16:39:59+00:00\",\"description\":\"El Granate, que llega con ventaja, recibe al Fort\u00edn en la semifinal de vuelta de la Sudamricana. Lo viv\u00eds en vivo junto a Cadena GolandPop.\",\"breadcrumb\":{\"@id\":\"https:\/\/golandpop.com\/index.php\/2021\/01\/13\/lanus-vs-velez-en-vivo-por-copa-libertadores-2020\/#breadcrumb\"},\"inLanguage\":\"es-AR\",\"potentialAction\":[{\"@type\":\"ReadAction\",\"target\":[\"https:\/\/golandpop.com\/index.php\/2021\/01\/13\/lanus-vs-velez-en-vivo-por-copa-libertadores-2020\/\"]}]},{\"@type\":\"ImageObject\",\"inLanguage\":\"es-AR\",\"@id\":\"https:\/\/golandpop.com\/index.php\/2021\/01\/13\/lanus-vs-velez-en-vivo-por-copa-libertadores-2020\/#primaryimage\",\"url\":\"https:\/\/golandpop.com\/wp-content\/uploads\/2021\/01\/lanus-velez-sudamericana-golandpop.png\",\"contentUrl\":\"https:\/\/golandpop.com\/wp-content\/uploads\/2021\/01\/lanus-velez-sudamericana-golandpop.png\",\"width\":1920,\"height\":1080,\"caption\":\"Fotomontaje: Francisco Bono.\"},{\"@type\":\"BreadcrumbList\",\"@id\":\"https:\/\/golandpop.com\/index.php\/2021\/01\/13\/lanus-vs-velez-en-vivo-por-copa-libertadores-2020\/#breadcrumb\",\"itemListElement\":[{\"@type\":\"ListItem\",\"position\":1,\"name\":\"Inicio\",\"item\":\"https:\/\/golandpop.com\/\"},{\"@type\":\"ListItem\",\"position\":2,\"name\":\"Lan\u00fas vs V\u00e9lez EN VIVO por Copa Libertadores 2020\"}]},{\"@type\":\"WebSite\",\"@id\":\"https:\/\/golandpop.com\/#website\",\"url\":\"https:\/\/golandpop.com\/\",\"name\":\"Golandpop\",\"description\":\"\",\"publisher\":{\"@id\":\"https:\/\/golandpop.com\/#organization\"},\"potentialAction\":[{\"@type\":\"SearchAction\",\"target\":{\"@type\":\"EntryPoint\",\"urlTemplate\":\"https:\/\/golandpop.com\/?s={search_term_string}\"},\"query-input\":{\"@type\":\"PropertyValueSpecification\",\"valueRequired\":true,\"valueName\":\"search_term_string\"}}],\"inLanguage\":\"es-AR\"},{\"@type\":\"Organization\",\"@id\":\"https:\/\/golandpop.com\/#organization\",\"name\":\"GolandPop\",\"url\":\"https:\/\/golandpop.com\/\",\"logo\":{\"@type\":\"ImageObject\",\"inLanguage\":\"es-AR\",\"@id\":\"https:\/\/golandpop.com\/#\/schema\/logo\/image\/\",\"url\":\"https:\/\/golandpop.com\/wp-content\/uploads\/2020\/04\/favicon_gol_pop.png\",\"contentUrl\":\"https:\/\/golandpop.com\/wp-content\/uploads\/2020\/04\/favicon_gol_pop.png\",\"width\":246,\"height\":246,\"caption\":\"GolandPop\"},\"image\":{\"@id\":\"https:\/\/golandpop.com\/#\/schema\/logo\/image\/\"},\"sameAs\":[\"https:\/\/x.com\/golandpop\",\"https:\/\/www.instagram.com\/golandpopcordoba\/\"]},{\"@type\":\"Person\",\"@id\":\"https:\/\/golandpop.com\/#\/schema\/person\/2809725861e0da25eaffe2d9b29c9613\",\"name\":\"Gol&amp;Pop\",\"image\":{\"@type\":\"ImageObject\",\"inLanguage\":\"es-AR\",\"@id\":\"https:\/\/golandpop.com\/#\/schema\/person\/image\/\",\"url\":\"https:\/\/secure.gravatar.com\/avatar\/9a87ee051ca8c77f5d4070843ce2c78cdf95b858b950fb039151de955122f5f5?s=96&d=mm&r=g\",\"contentUrl\":\"https:\/\/secure.gravatar.com\/avatar\/9a87ee051ca8c77f5d4070843ce2c78cdf95b858b950fb039151de955122f5f5?s=96&d=mm&r=g\",\"caption\":\"Gol&amp;Pop\"},\"sameAs\":[\"http:\/\/golandpop.com\"],\"url\":\"https:\/\/golandpop.com\/index.php\/author\/admin\/\"}]}<\/script>\n<!-- \/ Yoast SEO plugin. -->","yoast_head_json":{"title":"Lan\u00fas vs V\u00e9lez EN VIVO por Copa Libertadores 2020 - Golandpop","description":"El Granate, que llega con ventaja, recibe al Fort\u00edn en la semifinal de vuelta de la Sudamricana. Lo viv\u00eds en vivo junto a Cadena GolandPop.","robots":{"index":"index","follow":"follow","max-snippet":"max-snippet:-1","max-image-preview":"max-image-preview:large","max-video-preview":"max-video-preview:-1"},"canonical":"https:\/\/golandpop.com\/index.php\/2021\/01\/13\/lanus-vs-velez-en-vivo-por-copa-libertadores-2020\/","og_locale":"es_ES","og_type":"article","og_title":"Lan\u00fas vs V\u00e9lez EN VIVO por Copa Libertadores 2020 - Golandpop","og_description":"El Granate, que llega con ventaja, recibe al Fort\u00edn en la semifinal de vuelta de la Sudamricana. Lo viv\u00eds en vivo junto a Cadena GolandPop.","og_url":"https:\/\/golandpop.com\/index.php\/2021\/01\/13\/lanus-vs-velez-en-vivo-por-copa-libertadores-2020\/","og_site_name":"Golandpop","article_published_time":"2021-01-13T16:39:56+00:00","article_modified_time":"2021-01-13T16:39:59+00:00","og_image":[{"width":1920,"height":1080,"url":"https:\/\/golandpop.com\/wp-content\/uploads\/2021\/01\/lanus-velez-sudamericana-golandpop.png","type":"image\/png"}],"author":"Gol&amp;Pop","twitter_card":"summary_large_image","twitter_creator":"@golandpop","twitter_site":"@golandpop","twitter_misc":{"Escrito por":"Gol&amp;Pop","Tiempo de lectura":"1 minuto"},"schema":{"@context":"https:\/\/schema.org","@graph":[{"@type":"Article","@id":"https:\/\/golandpop.com\/index.php\/2021\/01\/13\/lanus-vs-velez-en-vivo-por-copa-libertadores-2020\/#article","isPartOf":{"@id":"https:\/\/golandpop.com\/index.php\/2021\/01\/13\/lanus-vs-velez-en-vivo-por-copa-libertadores-2020\/"},"author":{"name":"Gol&amp;Pop","@id":"https:\/\/golandpop.com\/#\/schema\/person\/2809725861e0da25eaffe2d9b29c9613"},"headline":"Lan\u00fas vs V\u00e9lez EN VIVO por Copa Libertadores 2020","datePublished":"2021-01-13T16:39:56+00:00","dateModified":"2021-01-13T16:39:59+00:00","mainEntityOfPage":{"@id":"https:\/\/golandpop.com\/index.php\/2021\/01\/13\/lanus-vs-velez-en-vivo-por-copa-libertadores-2020\/"},"wordCount":288,"commentCount":0,"publisher":{"@id":"https:\/\/golandpop.com\/#organization"},"image":{"@id":"https:\/\/golandpop.com\/index.php\/2021\/01\/13\/lanus-vs-velez-en-vivo-por-copa-libertadores-2020\/#primaryimage"},"thumbnailUrl":"https:\/\/golandpop.com\/wp-content\/uploads\/2021\/01\/lanus-velez-sudamericana-golandpop.png","keywords":["Copa Sudamericana","Lan\u00fas","V\u00e9lez","Velez","V\u00e9lez Sarsfield"],"articleSection":["F\u00fatbol"],"inLanguage":"es-AR"},{"@type":"WebPage","@id":"https:\/\/golandpop.com\/index.php\/2021\/01\/13\/lanus-vs-velez-en-vivo-por-copa-libertadores-2020\/","url":"https:\/\/golandpop.com\/index.php\/2021\/01\/13\/lanus-vs-velez-en-vivo-por-copa-libertadores-2020\/","name":"Lan\u00fas vs V\u00e9lez EN VIVO por Copa Libertadores 2020 - Golandpop","isPartOf":{"@id":"https:\/\/golandpop.com\/#website"},"primaryImageOfPage":{"@id":"https:\/\/golandpop.com\/index.php\/2021\/01\/13\/lanus-vs-velez-en-vivo-por-copa-libertadores-2020\/#primaryimage"},"image":{"@id":"https:\/\/golandpop.com\/index.php\/2021\/01\/13\/lanus-vs-velez-en-vivo-por-copa-libertadores-2020\/#primaryimage"},"thumbnailUrl":"https:\/\/golandpop.com\/wp-content\/uploads\/2021\/01\/lanus-velez-sudamericana-golandpop.png","datePublished":"2021-01-13T16:39:56+00:00","dateModified":"2021-01-13T16:39:59+00:00","description":"El Granate, que llega con ventaja, recibe al Fort\u00edn en la semifinal de vuelta de la Sudamricana. Lo viv\u00eds en vivo junto a Cadena GolandPop.","breadcrumb":{"@id":"https:\/\/golandpop.com\/index.php\/2021\/01\/13\/lanus-vs-velez-en-vivo-por-copa-libertadores-2020\/#breadcrumb"},"inLanguage":"es-AR","potentialAction":[{"@type":"ReadAction","target":["https:\/\/golandpop.com\/index.php\/2021\/01\/13\/lanus-vs-velez-en-vivo-por-copa-libertadores-2020\/"]}]},{"@type":"ImageObject","inLanguage":"es-AR","@id":"https:\/\/golandpop.com\/index.php\/2021\/01\/13\/lanus-vs-velez-en-vivo-por-copa-libertadores-2020\/#primaryimage","url":"https:\/\/golandpop.com\/wp-content\/uploads\/2021\/01\/lanus-velez-sudamericana-golandpop.png","contentUrl":"https:\/\/golandpop.com\/wp-content\/uploads\/2021\/01\/lanus-velez-sudamericana-golandpop.png","width":1920,"height":1080,"caption":"Fotomontaje: Francisco Bono."},{"@type":"BreadcrumbList","@id":"https:\/\/golandpop.com\/index.php\/2021\/01\/13\/lanus-vs-velez-en-vivo-por-copa-libertadores-2020\/#breadcrumb","itemListElement":[{"@type":"ListItem","position":1,"name":"Inicio","item":"https:\/\/golandpop.com\/"},{"@type":"ListItem","position":2,"name":"Lan\u00fas vs V\u00e9lez EN VIVO por Copa Libertadores 2020"}]},{"@type":"WebSite","@id":"https:\/\/golandpop.com\/#website","url":"https:\/\/golandpop.com\/","name":"Golandpop","description":"","publisher":{"@id":"https:\/\/golandpop.com\/#organization"},"potentialAction":[{"@type":"SearchAction","target":{"@type":"EntryPoint","urlTemplate":"https:\/\/golandpop.com\/?s={search_term_string}"},"query-input":{"@type":"PropertyValueSpecification","valueRequired":true,"valueName":"search_term_string"}}],"inLanguage":"es-AR"},{"@type":"Organization","@id":"https:\/\/golandpop.com\/#organization","name":"GolandPop","url":"https:\/\/golandpop.com\/","logo":{"@type":"ImageObject","inLanguage":"es-AR","@id":"https:\/\/golandpop.com\/#\/schema\/logo\/image\/","url":"https:\/\/golandpop.com\/wp-content\/uploads\/2020\/04\/favicon_gol_pop.png","contentUrl":"https:\/\/golandpop.com\/wp-content\/uploads\/2020\/04\/favicon_gol_pop.png","width":246,"height":246,"caption":"GolandPop"},"image":{"@id":"https:\/\/golandpop.com\/#\/schema\/logo\/image\/"},"sameAs":["https:\/\/x.com\/golandpop","https:\/\/www.instagram.com\/golandpopcordoba\/"]},{"@type":"Person","@id":"https:\/\/golandpop.com\/#\/schema\/person\/2809725861e0da25eaffe2d9b29c9613","name":"Gol&amp;Pop","image":{"@type":"ImageObject","inLanguage":"es-AR","@id":"https:\/\/golandpop.com\/#\/schema\/person\/image\/","url":"https:\/\/secure.gravatar.com\/avatar\/9a87ee051ca8c77f5d4070843ce2c78cdf95b858b950fb039151de955122f5f5?s=96&d=mm&r=g","contentUrl":"https:\/\/secure.gravatar.com\/avatar\/9a87ee051ca8c77f5d4070843ce2c78cdf95b858b950fb039151de955122f5f5?s=96&d=mm&r=g","caption":"Gol&amp;Pop"},"sameAs":["http:\/\/golandpop.com"],"url":"https:\/\/golandpop.com\/index.php\/author\/admin\/"}]}},"_links":{"self":[{"href":"https:\/\/golandpop.com\/index.php\/wp-json\/wp\/v2\/posts\/8031","targetHints":{"allow":["GET"]}}],"collection":[{"href":"https:\/\/golandpop.com\/index.php\/wp-json\/wp\/v2\/posts"}],"about":[{"href":"https:\/\/golandpop.com\/index.php\/wp-json\/wp\/v2\/types\/post"}],"author":[{"embeddable":true,"href":"https:\/\/golandpop.com\/index.php\/wp-json\/wp\/v2\/users\/1"}],"replies":[{"embeddable":true,"href":"https:\/\/golandpop.com\/index.php\/wp-json\/wp\/v2\/comments?post=8031"}],"version-history":[{"count":1,"href":"https:\/\/golandpop.com\/index.php\/wp-json\/wp\/v2\/posts\/8031\/revisions"}],"predecessor-version":[{"id":8033,"href":"https:\/\/golandpop.com\/index.php\/wp-json\/wp\/v2\/posts\/8031\/revisions\/8033"}],"wp:featuredmedia":[{"embeddable":true,"href":"https:\/\/golandpop.com\/index.php\/wp-json\/wp\/v2\/media\/8032"}],"wp:attachment":[{"href":"https:\/\/golandpop.com\/index.php\/wp-json\/wp\/v2\/media?parent=8031"}],"wp:term":[{"taxonomy":"category","embeddable":true,"href":"https:\/\/golandpop.com\/index.php\/wp-json\/wp\/v2\/categories?post=8031"},{"taxonomy":"post_tag","embeddable":true,"href":"https:\/\/golandpop.com\/index.php\/wp-json\/wp\/v2\/tags?post=8031"}],"curies":[{"name":"wp","href":"https:\/\/api.w.org\/{rel}","templated":true}]}}