{"id":7450,"date":"2020-12-01T12:41:03","date_gmt":"2020-12-01T15:41:03","guid":{"rendered":"https:\/\/golandpop.com\/?p=7450"},"modified":"2020-12-02T13:02:22","modified_gmt":"2020-12-02T16:02:22","slug":"flamengo-vs-racing-en-vivo-por-copa-libertadores-2020","status":"publish","type":"post","link":"https:\/\/golandpop.com\/index.php\/2020\/12\/01\/flamengo-vs-racing-en-vivo-por-copa-libertadores-2020\/","title":{"rendered":"Resumen Flamengo 1(3)-(5)1 Racing por Copa Libertadores 2020"},"content":{"rendered":"\n<a title=\"Radio en vivo!\" href=\"http:\/\/radiosenlinea.xyz\/golandpop\" target=\"_blank\" rel=\"noopener noreferrer\"><img decoding=\"async\" src=\"https:\/\/golandpop.com\/wp-content\/uploads\/2020\/08\/WhatsApp-Image-2020-08-15-at-19.54.59.jpeg\" height=\"100\" alt=\"\"><\/a> <br>\n\n\n\n<p><\/p>\n\n\n\n<figure class=\"wp-block-embed-youtube wp-block-embed is-type-video is-provider-youtube wp-embed-aspect-16-9 wp-has-aspect-ratio\"><div class=\"wp-block-embed__wrapper\">\n<iframe title=\"Flamengo vs. Racing Club [1-1] (3-5) | RESUMEN | Octavos de Final | CONMEBOL Libertadores\" width=\"740\" height=\"416\" src=\"https:\/\/www.youtube.com\/embed\/PyEgQpkN_1M?feature=oembed\" frameborder=\"0\" allow=\"accelerometer; autoplay; clipboard-write; encrypted-media; gyroscope; picture-in-picture\" allowfullscreen><\/iframe>\n<\/div><\/figure>\n\n\n\n<p><\/p>\n\n\n\n<p><a href=\"https:\/\/golandpop.com\/index.php\/tag\/racing\/\">Racing<\/a>&nbsp;visita al \u00faltimo campe\u00f3n Flamengo por la vuelta de los octavos de final de la&nbsp;<a href=\"http:\/\/www.conmebol.com\/es\/copa-libertadores-2020\">Copa CONMEBOL Libertadores<\/a>. El \u00e1rbitro chileno&nbsp;Roberto Tobar&nbsp;fue designado como encargado de impartir justicia. Lo segu\u00eds en vivo en&nbsp;<a href=\"https:\/\/golandpop.com\/\">Cadena GolandPop<\/a>.<\/p>\n\n\n\n<p>El encuentro de ida, disputado en el Cilindro de Avellaneda, termin\u00f3 con una empate 1-1 con mucho pol\u00e9mica en relaci\u00f3n a decisiones tomadas por el VAR. H\u00e9ctor F\u00e9rtoli marc\u00f3 para la Academia y Gabigol para el equipo brasilero.<\/p>\n\n\n\n<h6 class=\"wp-block-heading\"><em><strong>Posibles formaciones<\/strong><\/em><\/h6>\n\n\n\n<p><strong>Flamengo:<\/strong>&nbsp;Diego Alves; Ren\u00e9, Pepe, L\u00e9o Pereira y Filipe Luis; Everton Ribeiro, William Ar\u00e2o, Gerson y Giorgian de Arrascaeta; Gabriel Barbosa y Bruno Henrique.&nbsp;<strong>DT:<\/strong>&nbsp;Rogerio Ceni.<\/p>\n\n\n\n<p><strong>Racing:<\/strong>&nbsp;Gabriel Arias; Fabricio Dom\u00ednguez, Leonardo Sigali, Nery Dom\u00ednguez, Alexis Soto, Eugenio Mena; Mat\u00edas Rojas, Leonel Miranda, H\u00e9ctor F\u00e9rtoli; Nicol\u00e1s Reniero y Licha L\u00f3pez.&nbsp;<strong>DT:&nbsp;<\/strong>Sebasti\u00e1n Beccacece.<\/p>\n\n\n\n<figure class=\"wp-block-embed-twitter wp-block-embed is-type-rich is-provider-twitter\"><div class=\"wp-block-embed__wrapper\">\n<blockquote class=\"twitter-tweet\" data-width=\"550\" data-dnt=\"true\"><p lang=\"es\" dir=\"ltr\">\u2139\ufe0f Estos son los convocados que viajar\u00e1n a Brasil para enfrentar a <a href=\"https:\/\/twitter.com\/Flamengo?ref_src=twsrc%5Etfw\">@Flamengo<\/a> para el partido de vuelta de los octavos de final de la <a href=\"https:\/\/twitter.com\/hashtag\/Libertadores?src=hash&amp;ref_src=twsrc%5Etfw\">#Libertadores<\/a> <a href=\"https:\/\/twitter.com\/hashtag\/AguanteRacing?src=hash&amp;ref_src=twsrc%5Etfw\">#AguanteRacing<\/a> <a href=\"https:\/\/t.co\/cTvBTLlrKv\">pic.twitter.com\/cTvBTLlrKv<\/a><\/p>&mdash; Racing Club (@RacingClub) <a href=\"https:\/\/twitter.com\/RacingClub\/status\/1333479359412375553?ref_src=twsrc%5Etfw\">November 30, 2020<\/a><\/blockquote><script async src=\"https:\/\/platform.twitter.com\/widgets.js\" charset=\"utf-8\"><\/script>\n<\/div><\/figure>\n\n\n\n<h6 class=\"wp-block-heading\"><strong><em>Estad\u00edsticas<\/em><\/strong><\/h6>\n\n\n\n<ul class=\"wp-block-list\"><li>Flamengo recibir\u00e1 por primera vez a Racing Club en CONMEBOL Libertadores; por competiciones CONMEBOL, Fla lo recibi\u00f3 en la semifinal de la Supercopa 1992, donde igualaron 3-3.<\/li><li>Flamengo gan\u00f3 sus \u00faltimos siete juegos de local en CONMEBOL Libertadores, igualando su mejor racha hist\u00f3rica en casa en el torneo (7V tambi\u00e9n en 2008).<\/li><li>Racing Club no logr\u00f3 victorias en sus tres visitas a Brasil por CONMEBOL Libertadores (1E 2D); logr\u00f3 un empate, 1-1 ante Vasco da Gama en la fase de grupos de 2018.<\/li><li>Bruno Henrique particip\u00f3 en cuatro de los \u00faltimos seis goles de Flamengo en CONMEBOL Libertadores: anot\u00f3 tres y asisti\u00f3 uno, el del 1-1 en la ida ante Racing Club.<\/li><li>Leonel Miranda, de Racing Club, es el jugador que cre\u00f3 m\u00e1s chances (23) desde la fase de grupos de CONMEBOL Libertadores; sin embargo, no logr\u00f3 asistencias a\u00fan.<\/li><\/ul>\n","protected":false},"excerpt":{"rendered":"<p>La Acad\u00e9 vista el Maracan\u00e1 con la ilusi\u00f3n de meterse en los cuartos de final de la Copa CONMEBOL Libertadores. Lo segu\u00eds en vivo en Cadena GolandPop.<\/p>\n","protected":false},"author":1,"featured_media":7451,"comment_status":"open","ping_status":"open","sticky":false,"template":"","format":"standard","meta":{"footnotes":""},"categories":[35,39],"tags":[120,155,391],"class_list":["post-7450","post","type-post","status-publish","format-standard","has-post-thumbnail","hentry","category-copa-libertadores","category-futbol","tag-copa-libertadores","tag-flamengo","tag-racing-2"],"yoast_head":"<!-- This site is optimized with the Yoast SEO plugin v26.1.1 - https:\/\/yoast.com\/wordpress\/plugins\/seo\/ -->\n<title>Resumen Flamengo 1(3)-(5)1 Racing por Copa Libertadores 2020 - Golandpop<\/title>\n<meta name=\"description\" content=\"La Acad\u00e9 vista el Maracan\u00e1 con la ilusi\u00f3n de meterse en los cuartos de final de la Copa CONMEBOL Libertadores. Lo segu\u00eds en vivo en Cadena GolandPop.\" \/>\n<meta name=\"robots\" content=\"index, follow, max-snippet:-1, max-image-preview:large, max-video-preview:-1\" \/>\n<link rel=\"canonical\" href=\"https:\/\/golandpop.com\/index.php\/2020\/12\/01\/flamengo-vs-racing-en-vivo-por-copa-libertadores-2020\/\" \/>\n<meta property=\"og:locale\" content=\"es_ES\" \/>\n<meta property=\"og:type\" content=\"article\" \/>\n<meta property=\"og:title\" content=\"Resumen Flamengo 1(3)-(5)1 Racing por Copa Libertadores 2020 - Golandpop\" \/>\n<meta property=\"og:description\" content=\"La Acad\u00e9 vista el Maracan\u00e1 con la ilusi\u00f3n de meterse en los cuartos de final de la Copa CONMEBOL Libertadores. Lo segu\u00eds en vivo en Cadena GolandPop.\" \/>\n<meta property=\"og:url\" content=\"https:\/\/golandpop.com\/index.php\/2020\/12\/01\/flamengo-vs-racing-en-vivo-por-copa-libertadores-2020\/\" \/>\n<meta property=\"og:site_name\" content=\"Golandpop\" \/>\n<meta property=\"article:published_time\" content=\"2020-12-01T15:41:03+00:00\" \/>\n<meta property=\"article:modified_time\" content=\"2020-12-02T16:02:22+00:00\" \/>\n<meta property=\"og:image\" content=\"https:\/\/golandpop.com\/wp-content\/uploads\/2020\/12\/flamengo-racing-copalibertadores-golandpop.png\" \/>\n\t<meta property=\"og:image:width\" content=\"1920\" \/>\n\t<meta property=\"og:image:height\" content=\"1080\" \/>\n\t<meta property=\"og:image:type\" content=\"image\/png\" \/>\n<meta name=\"author\" content=\"Gol&amp;Pop\" \/>\n<meta name=\"twitter:card\" content=\"summary_large_image\" \/>\n<meta name=\"twitter:creator\" content=\"@golandpop\" \/>\n<meta name=\"twitter:site\" content=\"@golandpop\" \/>\n<meta name=\"twitter:label1\" content=\"Escrito por\" \/>\n\t<meta name=\"twitter:data1\" content=\"Gol&amp;Pop\" \/>\n\t<meta name=\"twitter:label2\" content=\"Tiempo de lectura\" \/>\n\t<meta name=\"twitter:data2\" content=\"2 minutos\" \/>\n<script type=\"application\/ld+json\" class=\"yoast-schema-graph\">{\"@context\":\"https:\/\/schema.org\",\"@graph\":[{\"@type\":\"Article\",\"@id\":\"https:\/\/golandpop.com\/index.php\/2020\/12\/01\/flamengo-vs-racing-en-vivo-por-copa-libertadores-2020\/#article\",\"isPartOf\":{\"@id\":\"https:\/\/golandpop.com\/index.php\/2020\/12\/01\/flamengo-vs-racing-en-vivo-por-copa-libertadores-2020\/\"},\"author\":{\"name\":\"Gol&amp;Pop\",\"@id\":\"https:\/\/golandpop.com\/#\/schema\/person\/2809725861e0da25eaffe2d9b29c9613\"},\"headline\":\"Resumen Flamengo 1(3)-(5)1 Racing por Copa Libertadores 2020\",\"datePublished\":\"2020-12-01T15:41:03+00:00\",\"dateModified\":\"2020-12-02T16:02:22+00:00\",\"mainEntityOfPage\":{\"@id\":\"https:\/\/golandpop.com\/index.php\/2020\/12\/01\/flamengo-vs-racing-en-vivo-por-copa-libertadores-2020\/\"},\"wordCount\":320,\"commentCount\":0,\"publisher\":{\"@id\":\"https:\/\/golandpop.com\/#organization\"},\"image\":{\"@id\":\"https:\/\/golandpop.com\/index.php\/2020\/12\/01\/flamengo-vs-racing-en-vivo-por-copa-libertadores-2020\/#primaryimage\"},\"thumbnailUrl\":\"https:\/\/golandpop.com\/wp-content\/uploads\/2020\/12\/flamengo-racing-copalibertadores-golandpop.png\",\"keywords\":[\"Copa Libertadores\",\"Flamengo\",\"Racing\"],\"articleSection\":[\"Copa Libertadores\",\"F\u00fatbol\"],\"inLanguage\":\"es-AR\"},{\"@type\":\"WebPage\",\"@id\":\"https:\/\/golandpop.com\/index.php\/2020\/12\/01\/flamengo-vs-racing-en-vivo-por-copa-libertadores-2020\/\",\"url\":\"https:\/\/golandpop.com\/index.php\/2020\/12\/01\/flamengo-vs-racing-en-vivo-por-copa-libertadores-2020\/\",\"name\":\"Resumen Flamengo 1(3)-(5)1 Racing por Copa Libertadores 2020 - Golandpop\",\"isPartOf\":{\"@id\":\"https:\/\/golandpop.com\/#website\"},\"primaryImageOfPage\":{\"@id\":\"https:\/\/golandpop.com\/index.php\/2020\/12\/01\/flamengo-vs-racing-en-vivo-por-copa-libertadores-2020\/#primaryimage\"},\"image\":{\"@id\":\"https:\/\/golandpop.com\/index.php\/2020\/12\/01\/flamengo-vs-racing-en-vivo-por-copa-libertadores-2020\/#primaryimage\"},\"thumbnailUrl\":\"https:\/\/golandpop.com\/wp-content\/uploads\/2020\/12\/flamengo-racing-copalibertadores-golandpop.png\",\"datePublished\":\"2020-12-01T15:41:03+00:00\",\"dateModified\":\"2020-12-02T16:02:22+00:00\",\"description\":\"La Acad\u00e9 vista el Maracan\u00e1 con la ilusi\u00f3n de meterse en los cuartos de final de la Copa CONMEBOL Libertadores. Lo segu\u00eds en vivo en Cadena GolandPop.\",\"breadcrumb\":{\"@id\":\"https:\/\/golandpop.com\/index.php\/2020\/12\/01\/flamengo-vs-racing-en-vivo-por-copa-libertadores-2020\/#breadcrumb\"},\"inLanguage\":\"es-AR\",\"potentialAction\":[{\"@type\":\"ReadAction\",\"target\":[\"https:\/\/golandpop.com\/index.php\/2020\/12\/01\/flamengo-vs-racing-en-vivo-por-copa-libertadores-2020\/\"]}]},{\"@type\":\"ImageObject\",\"inLanguage\":\"es-AR\",\"@id\":\"https:\/\/golandpop.com\/index.php\/2020\/12\/01\/flamengo-vs-racing-en-vivo-por-copa-libertadores-2020\/#primaryimage\",\"url\":\"https:\/\/golandpop.com\/wp-content\/uploads\/2020\/12\/flamengo-racing-copalibertadores-golandpop.png\",\"contentUrl\":\"https:\/\/golandpop.com\/wp-content\/uploads\/2020\/12\/flamengo-racing-copalibertadores-golandpop.png\",\"width\":1920,\"height\":1080,\"caption\":\"Fotomontaje: Francisco Bono.\"},{\"@type\":\"BreadcrumbList\",\"@id\":\"https:\/\/golandpop.com\/index.php\/2020\/12\/01\/flamengo-vs-racing-en-vivo-por-copa-libertadores-2020\/#breadcrumb\",\"itemListElement\":[{\"@type\":\"ListItem\",\"position\":1,\"name\":\"Inicio\",\"item\":\"https:\/\/golandpop.com\/\"},{\"@type\":\"ListItem\",\"position\":2,\"name\":\"Resumen Flamengo 1(3)-(5)1 Racing por Copa Libertadores 2020\"}]},{\"@type\":\"WebSite\",\"@id\":\"https:\/\/golandpop.com\/#website\",\"url\":\"https:\/\/golandpop.com\/\",\"name\":\"Golandpop\",\"description\":\"\",\"publisher\":{\"@id\":\"https:\/\/golandpop.com\/#organization\"},\"potentialAction\":[{\"@type\":\"SearchAction\",\"target\":{\"@type\":\"EntryPoint\",\"urlTemplate\":\"https:\/\/golandpop.com\/?s={search_term_string}\"},\"query-input\":{\"@type\":\"PropertyValueSpecification\",\"valueRequired\":true,\"valueName\":\"search_term_string\"}}],\"inLanguage\":\"es-AR\"},{\"@type\":\"Organization\",\"@id\":\"https:\/\/golandpop.com\/#organization\",\"name\":\"GolandPop\",\"url\":\"https:\/\/golandpop.com\/\",\"logo\":{\"@type\":\"ImageObject\",\"inLanguage\":\"es-AR\",\"@id\":\"https:\/\/golandpop.com\/#\/schema\/logo\/image\/\",\"url\":\"https:\/\/golandpop.com\/wp-content\/uploads\/2020\/04\/favicon_gol_pop.png\",\"contentUrl\":\"https:\/\/golandpop.com\/wp-content\/uploads\/2020\/04\/favicon_gol_pop.png\",\"width\":246,\"height\":246,\"caption\":\"GolandPop\"},\"image\":{\"@id\":\"https:\/\/golandpop.com\/#\/schema\/logo\/image\/\"},\"sameAs\":[\"https:\/\/x.com\/golandpop\",\"https:\/\/www.instagram.com\/golandpopcordoba\/\"]},{\"@type\":\"Person\",\"@id\":\"https:\/\/golandpop.com\/#\/schema\/person\/2809725861e0da25eaffe2d9b29c9613\",\"name\":\"Gol&amp;Pop\",\"image\":{\"@type\":\"ImageObject\",\"inLanguage\":\"es-AR\",\"@id\":\"https:\/\/golandpop.com\/#\/schema\/person\/image\/\",\"url\":\"https:\/\/secure.gravatar.com\/avatar\/9a87ee051ca8c77f5d4070843ce2c78cdf95b858b950fb039151de955122f5f5?s=96&d=mm&r=g\",\"contentUrl\":\"https:\/\/secure.gravatar.com\/avatar\/9a87ee051ca8c77f5d4070843ce2c78cdf95b858b950fb039151de955122f5f5?s=96&d=mm&r=g\",\"caption\":\"Gol&amp;Pop\"},\"sameAs\":[\"http:\/\/golandpop.com\"],\"url\":\"https:\/\/golandpop.com\/index.php\/author\/admin\/\"}]}<\/script>\n<!-- \/ Yoast SEO plugin. -->","yoast_head_json":{"title":"Resumen Flamengo 1(3)-(5)1 Racing por Copa Libertadores 2020 - Golandpop","description":"La Acad\u00e9 vista el Maracan\u00e1 con la ilusi\u00f3n de meterse en los cuartos de final de la Copa CONMEBOL Libertadores. Lo segu\u00eds en vivo en Cadena GolandPop.","robots":{"index":"index","follow":"follow","max-snippet":"max-snippet:-1","max-image-preview":"max-image-preview:large","max-video-preview":"max-video-preview:-1"},"canonical":"https:\/\/golandpop.com\/index.php\/2020\/12\/01\/flamengo-vs-racing-en-vivo-por-copa-libertadores-2020\/","og_locale":"es_ES","og_type":"article","og_title":"Resumen Flamengo 1(3)-(5)1 Racing por Copa Libertadores 2020 - Golandpop","og_description":"La Acad\u00e9 vista el Maracan\u00e1 con la ilusi\u00f3n de meterse en los cuartos de final de la Copa CONMEBOL Libertadores. Lo segu\u00eds en vivo en Cadena GolandPop.","og_url":"https:\/\/golandpop.com\/index.php\/2020\/12\/01\/flamengo-vs-racing-en-vivo-por-copa-libertadores-2020\/","og_site_name":"Golandpop","article_published_time":"2020-12-01T15:41:03+00:00","article_modified_time":"2020-12-02T16:02:22+00:00","og_image":[{"width":1920,"height":1080,"url":"https:\/\/golandpop.com\/wp-content\/uploads\/2020\/12\/flamengo-racing-copalibertadores-golandpop.png","type":"image\/png"}],"author":"Gol&amp;Pop","twitter_card":"summary_large_image","twitter_creator":"@golandpop","twitter_site":"@golandpop","twitter_misc":{"Escrito por":"Gol&amp;Pop","Tiempo de lectura":"2 minutos"},"schema":{"@context":"https:\/\/schema.org","@graph":[{"@type":"Article","@id":"https:\/\/golandpop.com\/index.php\/2020\/12\/01\/flamengo-vs-racing-en-vivo-por-copa-libertadores-2020\/#article","isPartOf":{"@id":"https:\/\/golandpop.com\/index.php\/2020\/12\/01\/flamengo-vs-racing-en-vivo-por-copa-libertadores-2020\/"},"author":{"name":"Gol&amp;Pop","@id":"https:\/\/golandpop.com\/#\/schema\/person\/2809725861e0da25eaffe2d9b29c9613"},"headline":"Resumen Flamengo 1(3)-(5)1 Racing por Copa Libertadores 2020","datePublished":"2020-12-01T15:41:03+00:00","dateModified":"2020-12-02T16:02:22+00:00","mainEntityOfPage":{"@id":"https:\/\/golandpop.com\/index.php\/2020\/12\/01\/flamengo-vs-racing-en-vivo-por-copa-libertadores-2020\/"},"wordCount":320,"commentCount":0,"publisher":{"@id":"https:\/\/golandpop.com\/#organization"},"image":{"@id":"https:\/\/golandpop.com\/index.php\/2020\/12\/01\/flamengo-vs-racing-en-vivo-por-copa-libertadores-2020\/#primaryimage"},"thumbnailUrl":"https:\/\/golandpop.com\/wp-content\/uploads\/2020\/12\/flamengo-racing-copalibertadores-golandpop.png","keywords":["Copa Libertadores","Flamengo","Racing"],"articleSection":["Copa Libertadores","F\u00fatbol"],"inLanguage":"es-AR"},{"@type":"WebPage","@id":"https:\/\/golandpop.com\/index.php\/2020\/12\/01\/flamengo-vs-racing-en-vivo-por-copa-libertadores-2020\/","url":"https:\/\/golandpop.com\/index.php\/2020\/12\/01\/flamengo-vs-racing-en-vivo-por-copa-libertadores-2020\/","name":"Resumen Flamengo 1(3)-(5)1 Racing por Copa Libertadores 2020 - Golandpop","isPartOf":{"@id":"https:\/\/golandpop.com\/#website"},"primaryImageOfPage":{"@id":"https:\/\/golandpop.com\/index.php\/2020\/12\/01\/flamengo-vs-racing-en-vivo-por-copa-libertadores-2020\/#primaryimage"},"image":{"@id":"https:\/\/golandpop.com\/index.php\/2020\/12\/01\/flamengo-vs-racing-en-vivo-por-copa-libertadores-2020\/#primaryimage"},"thumbnailUrl":"https:\/\/golandpop.com\/wp-content\/uploads\/2020\/12\/flamengo-racing-copalibertadores-golandpop.png","datePublished":"2020-12-01T15:41:03+00:00","dateModified":"2020-12-02T16:02:22+00:00","description":"La Acad\u00e9 vista el Maracan\u00e1 con la ilusi\u00f3n de meterse en los cuartos de final de la Copa CONMEBOL Libertadores. Lo segu\u00eds en vivo en Cadena GolandPop.","breadcrumb":{"@id":"https:\/\/golandpop.com\/index.php\/2020\/12\/01\/flamengo-vs-racing-en-vivo-por-copa-libertadores-2020\/#breadcrumb"},"inLanguage":"es-AR","potentialAction":[{"@type":"ReadAction","target":["https:\/\/golandpop.com\/index.php\/2020\/12\/01\/flamengo-vs-racing-en-vivo-por-copa-libertadores-2020\/"]}]},{"@type":"ImageObject","inLanguage":"es-AR","@id":"https:\/\/golandpop.com\/index.php\/2020\/12\/01\/flamengo-vs-racing-en-vivo-por-copa-libertadores-2020\/#primaryimage","url":"https:\/\/golandpop.com\/wp-content\/uploads\/2020\/12\/flamengo-racing-copalibertadores-golandpop.png","contentUrl":"https:\/\/golandpop.com\/wp-content\/uploads\/2020\/12\/flamengo-racing-copalibertadores-golandpop.png","width":1920,"height":1080,"caption":"Fotomontaje: Francisco Bono."},{"@type":"BreadcrumbList","@id":"https:\/\/golandpop.com\/index.php\/2020\/12\/01\/flamengo-vs-racing-en-vivo-por-copa-libertadores-2020\/#breadcrumb","itemListElement":[{"@type":"ListItem","position":1,"name":"Inicio","item":"https:\/\/golandpop.com\/"},{"@type":"ListItem","position":2,"name":"Resumen Flamengo 1(3)-(5)1 Racing por Copa Libertadores 2020"}]},{"@type":"WebSite","@id":"https:\/\/golandpop.com\/#website","url":"https:\/\/golandpop.com\/","name":"Golandpop","description":"","publisher":{"@id":"https:\/\/golandpop.com\/#organization"},"potentialAction":[{"@type":"SearchAction","target":{"@type":"EntryPoint","urlTemplate":"https:\/\/golandpop.com\/?s={search_term_string}"},"query-input":{"@type":"PropertyValueSpecification","valueRequired":true,"valueName":"search_term_string"}}],"inLanguage":"es-AR"},{"@type":"Organization","@id":"https:\/\/golandpop.com\/#organization","name":"GolandPop","url":"https:\/\/golandpop.com\/","logo":{"@type":"ImageObject","inLanguage":"es-AR","@id":"https:\/\/golandpop.com\/#\/schema\/logo\/image\/","url":"https:\/\/golandpop.com\/wp-content\/uploads\/2020\/04\/favicon_gol_pop.png","contentUrl":"https:\/\/golandpop.com\/wp-content\/uploads\/2020\/04\/favicon_gol_pop.png","width":246,"height":246,"caption":"GolandPop"},"image":{"@id":"https:\/\/golandpop.com\/#\/schema\/logo\/image\/"},"sameAs":["https:\/\/x.com\/golandpop","https:\/\/www.instagram.com\/golandpopcordoba\/"]},{"@type":"Person","@id":"https:\/\/golandpop.com\/#\/schema\/person\/2809725861e0da25eaffe2d9b29c9613","name":"Gol&amp;Pop","image":{"@type":"ImageObject","inLanguage":"es-AR","@id":"https:\/\/golandpop.com\/#\/schema\/person\/image\/","url":"https:\/\/secure.gravatar.com\/avatar\/9a87ee051ca8c77f5d4070843ce2c78cdf95b858b950fb039151de955122f5f5?s=96&d=mm&r=g","contentUrl":"https:\/\/secure.gravatar.com\/avatar\/9a87ee051ca8c77f5d4070843ce2c78cdf95b858b950fb039151de955122f5f5?s=96&d=mm&r=g","caption":"Gol&amp;Pop"},"sameAs":["http:\/\/golandpop.com"],"url":"https:\/\/golandpop.com\/index.php\/author\/admin\/"}]}},"_links":{"self":[{"href":"https:\/\/golandpop.com\/index.php\/wp-json\/wp\/v2\/posts\/7450","targetHints":{"allow":["GET"]}}],"collection":[{"href":"https:\/\/golandpop.com\/index.php\/wp-json\/wp\/v2\/posts"}],"about":[{"href":"https:\/\/golandpop.com\/index.php\/wp-json\/wp\/v2\/types\/post"}],"author":[{"embeddable":true,"href":"https:\/\/golandpop.com\/index.php\/wp-json\/wp\/v2\/users\/1"}],"replies":[{"embeddable":true,"href":"https:\/\/golandpop.com\/index.php\/wp-json\/wp\/v2\/comments?post=7450"}],"version-history":[{"count":2,"href":"https:\/\/golandpop.com\/index.php\/wp-json\/wp\/v2\/posts\/7450\/revisions"}],"predecessor-version":[{"id":7457,"href":"https:\/\/golandpop.com\/index.php\/wp-json\/wp\/v2\/posts\/7450\/revisions\/7457"}],"wp:featuredmedia":[{"embeddable":true,"href":"https:\/\/golandpop.com\/index.php\/wp-json\/wp\/v2\/media\/7451"}],"wp:attachment":[{"href":"https:\/\/golandpop.com\/index.php\/wp-json\/wp\/v2\/media?parent=7450"}],"wp:term":[{"taxonomy":"category","embeddable":true,"href":"https:\/\/golandpop.com\/index.php\/wp-json\/wp\/v2\/categories?post=7450"},{"taxonomy":"post_tag","embeddable":true,"href":"https:\/\/golandpop.com\/index.php\/wp-json\/wp\/v2\/tags?post=7450"}],"curies":[{"name":"wp","href":"https:\/\/api.w.org\/{rel}","templated":true}]}}