{"id":695,"date":"2019-05-21T13:51:24","date_gmt":"2019-05-21T13:51:24","guid":{"rendered":"http:\/\/golandpop.com\/?p=695"},"modified":"2019-05-21T13:51:24","modified_gmt":"2019-05-21T13:51:24","slug":"pipi-zanetti-al-salon-de-la-fama","status":"publish","type":"post","link":"https:\/\/golandpop.com\/index.php\/2019\/05\/21\/pipi-zanetti-al-salon-de-la-fama\/","title":{"rendered":"Pupi Zanetti al Sal\u00f3n de la Fama"},"content":{"rendered":"<p>El Sal\u00f3n de la Fama del f\u00fatbol italiano sum\u00f3 otro argentino a su n\u00f3mina. Ya contaba con Diego Maradona y Gabriel Batistuta, y ahora sum\u00f3 a Javier Zanetti.<\/p>\n<p>El Pupi, jug\u00f3 19 a\u00f1os en el Inter, club con el que gan\u00f3 16 t\u00edtulos: 6 Serie A, 4 Coppa Italia, 4 Supercoppa Italiana, 1 Champions League, 1 Mundial de Clubes y 1 Copa UEFA.<\/p>\n<p>Adem\u00e1s, el hoy vice presidente del Neroazurroes, es el jugador con m\u00e1s partido en el club con 858 presentaciones.<\/p>\n\n<a href=\"http:\/\/www.mariano-moreno.com.ar\/\"> <img fetchpriority=\"high\" decoding=\"async\" src=\"https:\/\/golandpopgame.files.wordpress.com\/2019\/04\/logos-gp-1.png\" width=\"450\" height=\"150\" title=\"Mariano Moreno\" alt=\"MM\"> <\/a>\n","protected":false},"excerpt":{"rendered":"<p>El Sal\u00f3n de la Fama del f\u00fatbol italiano sum\u00f3 otro argentino a su n\u00f3mina. Ya contaba con Diego Maradona y Gabriel Batistuta, y ahora sum\u00f3 a Javier Zanetti. El Pupi, jug\u00f3 19 a\u00f1os en el Inter, club con el que gan\u00f3 16 t\u00edtulos: 6 Serie A, 4 Coppa Italia, 4 Supercoppa Italiana, 1 Champions League, [&hellip;]<\/p>\n","protected":false},"author":1,"featured_media":694,"comment_status":"open","ping_status":"open","sticky":false,"template":"","format":"standard","meta":{"footnotes":""},"categories":[41],"tags":[129],"class_list":["post-695","post","type-post","status-publish","format-standard","has-post-thumbnail","hentry","category-futbol-internacional","tag-destacado"],"yoast_head":"<!-- This site is optimized with the Yoast SEO plugin v26.1.1 - https:\/\/yoast.com\/wordpress\/plugins\/seo\/ -->\n<title>Pupi Zanetti al Sal\u00f3n de la Fama - Golandpop<\/title>\n<meta name=\"robots\" content=\"index, follow, max-snippet:-1, max-image-preview:large, max-video-preview:-1\" \/>\n<link rel=\"canonical\" href=\"https:\/\/golandpop.com\/index.php\/2019\/05\/21\/pipi-zanetti-al-salon-de-la-fama\/\" \/>\n<meta property=\"og:locale\" content=\"es_ES\" \/>\n<meta property=\"og:type\" content=\"article\" \/>\n<meta property=\"og:title\" content=\"Pupi Zanetti al Sal\u00f3n de la Fama - Golandpop\" \/>\n<meta property=\"og:description\" content=\"El Sal\u00f3n de la Fama del f\u00fatbol italiano sum\u00f3 otro argentino a su n\u00f3mina. Ya contaba con Diego Maradona y Gabriel Batistuta, y ahora sum\u00f3 a Javier Zanetti. El Pupi, jug\u00f3 19 a\u00f1os en el Inter, club con el que gan\u00f3 16 t\u00edtulos: 6 Serie A, 4 Coppa Italia, 4 Supercoppa Italiana, 1 Champions League, [&hellip;]\" \/>\n<meta property=\"og:url\" content=\"https:\/\/golandpop.com\/index.php\/2019\/05\/21\/pipi-zanetti-al-salon-de-la-fama\/\" \/>\n<meta property=\"og:site_name\" content=\"Golandpop\" \/>\n<meta property=\"article:published_time\" content=\"2019-05-21T13:51:24+00:00\" \/>\n<meta property=\"og:image\" content=\"https:\/\/golandpop.com\/wp-content\/uploads\/2019\/05\/img_6586.jpg\" \/>\n\t<meta property=\"og:image:width\" content=\"850\" \/>\n\t<meta property=\"og:image:height\" content=\"560\" \/>\n\t<meta property=\"og:image:type\" content=\"image\/jpeg\" \/>\n<meta name=\"author\" content=\"Gol&amp;Pop\" \/>\n<meta name=\"twitter:card\" content=\"summary_large_image\" \/>\n<meta name=\"twitter:creator\" content=\"@golandpop\" \/>\n<meta name=\"twitter:site\" content=\"@golandpop\" \/>\n<meta name=\"twitter:label1\" content=\"Escrito por\" \/>\n\t<meta name=\"twitter:data1\" content=\"Gol&amp;Pop\" \/>\n<script type=\"application\/ld+json\" class=\"yoast-schema-graph\">{\"@context\":\"https:\/\/schema.org\",\"@graph\":[{\"@type\":\"Article\",\"@id\":\"https:\/\/golandpop.com\/index.php\/2019\/05\/21\/pipi-zanetti-al-salon-de-la-fama\/#article\",\"isPartOf\":{\"@id\":\"https:\/\/golandpop.com\/index.php\/2019\/05\/21\/pipi-zanetti-al-salon-de-la-fama\/\"},\"author\":{\"name\":\"Gol&amp;Pop\",\"@id\":\"https:\/\/golandpop.com\/#\/schema\/person\/2809725861e0da25eaffe2d9b29c9613\"},\"headline\":\"Pupi Zanetti al Sal\u00f3n de la Fama\",\"datePublished\":\"2019-05-21T13:51:24+00:00\",\"mainEntityOfPage\":{\"@id\":\"https:\/\/golandpop.com\/index.php\/2019\/05\/21\/pipi-zanetti-al-salon-de-la-fama\/\"},\"wordCount\":88,\"commentCount\":0,\"publisher\":{\"@id\":\"https:\/\/golandpop.com\/#organization\"},\"image\":{\"@id\":\"https:\/\/golandpop.com\/index.php\/2019\/05\/21\/pipi-zanetti-al-salon-de-la-fama\/#primaryimage\"},\"thumbnailUrl\":\"https:\/\/golandpop.com\/wp-content\/uploads\/2019\/05\/img_6586.jpg\",\"keywords\":[\"destacado\"],\"articleSection\":[\"F\u00fatbol Internacional\"],\"inLanguage\":\"es-AR\"},{\"@type\":\"WebPage\",\"@id\":\"https:\/\/golandpop.com\/index.php\/2019\/05\/21\/pipi-zanetti-al-salon-de-la-fama\/\",\"url\":\"https:\/\/golandpop.com\/index.php\/2019\/05\/21\/pipi-zanetti-al-salon-de-la-fama\/\",\"name\":\"Pupi Zanetti al Sal\u00f3n de la Fama - Golandpop\",\"isPartOf\":{\"@id\":\"https:\/\/golandpop.com\/#website\"},\"primaryImageOfPage\":{\"@id\":\"https:\/\/golandpop.com\/index.php\/2019\/05\/21\/pipi-zanetti-al-salon-de-la-fama\/#primaryimage\"},\"image\":{\"@id\":\"https:\/\/golandpop.com\/index.php\/2019\/05\/21\/pipi-zanetti-al-salon-de-la-fama\/#primaryimage\"},\"thumbnailUrl\":\"https:\/\/golandpop.com\/wp-content\/uploads\/2019\/05\/img_6586.jpg\",\"datePublished\":\"2019-05-21T13:51:24+00:00\",\"breadcrumb\":{\"@id\":\"https:\/\/golandpop.com\/index.php\/2019\/05\/21\/pipi-zanetti-al-salon-de-la-fama\/#breadcrumb\"},\"inLanguage\":\"es-AR\",\"potentialAction\":[{\"@type\":\"ReadAction\",\"target\":[\"https:\/\/golandpop.com\/index.php\/2019\/05\/21\/pipi-zanetti-al-salon-de-la-fama\/\"]}]},{\"@type\":\"ImageObject\",\"inLanguage\":\"es-AR\",\"@id\":\"https:\/\/golandpop.com\/index.php\/2019\/05\/21\/pipi-zanetti-al-salon-de-la-fama\/#primaryimage\",\"url\":\"https:\/\/golandpop.com\/wp-content\/uploads\/2019\/05\/img_6586.jpg\",\"contentUrl\":\"https:\/\/golandpop.com\/wp-content\/uploads\/2019\/05\/img_6586.jpg\",\"width\":850,\"height\":560},{\"@type\":\"BreadcrumbList\",\"@id\":\"https:\/\/golandpop.com\/index.php\/2019\/05\/21\/pipi-zanetti-al-salon-de-la-fama\/#breadcrumb\",\"itemListElement\":[{\"@type\":\"ListItem\",\"position\":1,\"name\":\"Inicio\",\"item\":\"https:\/\/golandpop.com\/\"},{\"@type\":\"ListItem\",\"position\":2,\"name\":\"Pupi Zanetti al Sal\u00f3n de la Fama\"}]},{\"@type\":\"WebSite\",\"@id\":\"https:\/\/golandpop.com\/#website\",\"url\":\"https:\/\/golandpop.com\/\",\"name\":\"Golandpop\",\"description\":\"\",\"publisher\":{\"@id\":\"https:\/\/golandpop.com\/#organization\"},\"potentialAction\":[{\"@type\":\"SearchAction\",\"target\":{\"@type\":\"EntryPoint\",\"urlTemplate\":\"https:\/\/golandpop.com\/?s={search_term_string}\"},\"query-input\":{\"@type\":\"PropertyValueSpecification\",\"valueRequired\":true,\"valueName\":\"search_term_string\"}}],\"inLanguage\":\"es-AR\"},{\"@type\":\"Organization\",\"@id\":\"https:\/\/golandpop.com\/#organization\",\"name\":\"GolandPop\",\"url\":\"https:\/\/golandpop.com\/\",\"logo\":{\"@type\":\"ImageObject\",\"inLanguage\":\"es-AR\",\"@id\":\"https:\/\/golandpop.com\/#\/schema\/logo\/image\/\",\"url\":\"https:\/\/golandpop.com\/wp-content\/uploads\/2020\/04\/favicon_gol_pop.png\",\"contentUrl\":\"https:\/\/golandpop.com\/wp-content\/uploads\/2020\/04\/favicon_gol_pop.png\",\"width\":246,\"height\":246,\"caption\":\"GolandPop\"},\"image\":{\"@id\":\"https:\/\/golandpop.com\/#\/schema\/logo\/image\/\"},\"sameAs\":[\"https:\/\/x.com\/golandpop\",\"https:\/\/www.instagram.com\/golandpopcordoba\/\"]},{\"@type\":\"Person\",\"@id\":\"https:\/\/golandpop.com\/#\/schema\/person\/2809725861e0da25eaffe2d9b29c9613\",\"name\":\"Gol&amp;Pop\",\"image\":{\"@type\":\"ImageObject\",\"inLanguage\":\"es-AR\",\"@id\":\"https:\/\/golandpop.com\/#\/schema\/person\/image\/\",\"url\":\"https:\/\/secure.gravatar.com\/avatar\/9a87ee051ca8c77f5d4070843ce2c78cdf95b858b950fb039151de955122f5f5?s=96&d=mm&r=g\",\"contentUrl\":\"https:\/\/secure.gravatar.com\/avatar\/9a87ee051ca8c77f5d4070843ce2c78cdf95b858b950fb039151de955122f5f5?s=96&d=mm&r=g\",\"caption\":\"Gol&amp;Pop\"},\"sameAs\":[\"http:\/\/golandpop.com\"],\"url\":\"https:\/\/golandpop.com\/index.php\/author\/admin\/\"}]}<\/script>\n<!-- \/ Yoast SEO plugin. -->","yoast_head_json":{"title":"Pupi Zanetti al Sal\u00f3n de la Fama - Golandpop","robots":{"index":"index","follow":"follow","max-snippet":"max-snippet:-1","max-image-preview":"max-image-preview:large","max-video-preview":"max-video-preview:-1"},"canonical":"https:\/\/golandpop.com\/index.php\/2019\/05\/21\/pipi-zanetti-al-salon-de-la-fama\/","og_locale":"es_ES","og_type":"article","og_title":"Pupi Zanetti al Sal\u00f3n de la Fama - Golandpop","og_description":"El Sal\u00f3n de la Fama del f\u00fatbol italiano sum\u00f3 otro argentino a su n\u00f3mina. Ya contaba con Diego Maradona y Gabriel Batistuta, y ahora sum\u00f3 a Javier Zanetti. El Pupi, jug\u00f3 19 a\u00f1os en el Inter, club con el que gan\u00f3 16 t\u00edtulos: 6 Serie A, 4 Coppa Italia, 4 Supercoppa Italiana, 1 Champions League, [&hellip;]","og_url":"https:\/\/golandpop.com\/index.php\/2019\/05\/21\/pipi-zanetti-al-salon-de-la-fama\/","og_site_name":"Golandpop","article_published_time":"2019-05-21T13:51:24+00:00","og_image":[{"width":850,"height":560,"url":"https:\/\/golandpop.com\/wp-content\/uploads\/2019\/05\/img_6586.jpg","type":"image\/jpeg"}],"author":"Gol&amp;Pop","twitter_card":"summary_large_image","twitter_creator":"@golandpop","twitter_site":"@golandpop","twitter_misc":{"Escrito por":"Gol&amp;Pop"},"schema":{"@context":"https:\/\/schema.org","@graph":[{"@type":"Article","@id":"https:\/\/golandpop.com\/index.php\/2019\/05\/21\/pipi-zanetti-al-salon-de-la-fama\/#article","isPartOf":{"@id":"https:\/\/golandpop.com\/index.php\/2019\/05\/21\/pipi-zanetti-al-salon-de-la-fama\/"},"author":{"name":"Gol&amp;Pop","@id":"https:\/\/golandpop.com\/#\/schema\/person\/2809725861e0da25eaffe2d9b29c9613"},"headline":"Pupi Zanetti al Sal\u00f3n de la Fama","datePublished":"2019-05-21T13:51:24+00:00","mainEntityOfPage":{"@id":"https:\/\/golandpop.com\/index.php\/2019\/05\/21\/pipi-zanetti-al-salon-de-la-fama\/"},"wordCount":88,"commentCount":0,"publisher":{"@id":"https:\/\/golandpop.com\/#organization"},"image":{"@id":"https:\/\/golandpop.com\/index.php\/2019\/05\/21\/pipi-zanetti-al-salon-de-la-fama\/#primaryimage"},"thumbnailUrl":"https:\/\/golandpop.com\/wp-content\/uploads\/2019\/05\/img_6586.jpg","keywords":["destacado"],"articleSection":["F\u00fatbol Internacional"],"inLanguage":"es-AR"},{"@type":"WebPage","@id":"https:\/\/golandpop.com\/index.php\/2019\/05\/21\/pipi-zanetti-al-salon-de-la-fama\/","url":"https:\/\/golandpop.com\/index.php\/2019\/05\/21\/pipi-zanetti-al-salon-de-la-fama\/","name":"Pupi Zanetti al Sal\u00f3n de la Fama - Golandpop","isPartOf":{"@id":"https:\/\/golandpop.com\/#website"},"primaryImageOfPage":{"@id":"https:\/\/golandpop.com\/index.php\/2019\/05\/21\/pipi-zanetti-al-salon-de-la-fama\/#primaryimage"},"image":{"@id":"https:\/\/golandpop.com\/index.php\/2019\/05\/21\/pipi-zanetti-al-salon-de-la-fama\/#primaryimage"},"thumbnailUrl":"https:\/\/golandpop.com\/wp-content\/uploads\/2019\/05\/img_6586.jpg","datePublished":"2019-05-21T13:51:24+00:00","breadcrumb":{"@id":"https:\/\/golandpop.com\/index.php\/2019\/05\/21\/pipi-zanetti-al-salon-de-la-fama\/#breadcrumb"},"inLanguage":"es-AR","potentialAction":[{"@type":"ReadAction","target":["https:\/\/golandpop.com\/index.php\/2019\/05\/21\/pipi-zanetti-al-salon-de-la-fama\/"]}]},{"@type":"ImageObject","inLanguage":"es-AR","@id":"https:\/\/golandpop.com\/index.php\/2019\/05\/21\/pipi-zanetti-al-salon-de-la-fama\/#primaryimage","url":"https:\/\/golandpop.com\/wp-content\/uploads\/2019\/05\/img_6586.jpg","contentUrl":"https:\/\/golandpop.com\/wp-content\/uploads\/2019\/05\/img_6586.jpg","width":850,"height":560},{"@type":"BreadcrumbList","@id":"https:\/\/golandpop.com\/index.php\/2019\/05\/21\/pipi-zanetti-al-salon-de-la-fama\/#breadcrumb","itemListElement":[{"@type":"ListItem","position":1,"name":"Inicio","item":"https:\/\/golandpop.com\/"},{"@type":"ListItem","position":2,"name":"Pupi Zanetti al Sal\u00f3n de la Fama"}]},{"@type":"WebSite","@id":"https:\/\/golandpop.com\/#website","url":"https:\/\/golandpop.com\/","name":"Golandpop","description":"","publisher":{"@id":"https:\/\/golandpop.com\/#organization"},"potentialAction":[{"@type":"SearchAction","target":{"@type":"EntryPoint","urlTemplate":"https:\/\/golandpop.com\/?s={search_term_string}"},"query-input":{"@type":"PropertyValueSpecification","valueRequired":true,"valueName":"search_term_string"}}],"inLanguage":"es-AR"},{"@type":"Organization","@id":"https:\/\/golandpop.com\/#organization","name":"GolandPop","url":"https:\/\/golandpop.com\/","logo":{"@type":"ImageObject","inLanguage":"es-AR","@id":"https:\/\/golandpop.com\/#\/schema\/logo\/image\/","url":"https:\/\/golandpop.com\/wp-content\/uploads\/2020\/04\/favicon_gol_pop.png","contentUrl":"https:\/\/golandpop.com\/wp-content\/uploads\/2020\/04\/favicon_gol_pop.png","width":246,"height":246,"caption":"GolandPop"},"image":{"@id":"https:\/\/golandpop.com\/#\/schema\/logo\/image\/"},"sameAs":["https:\/\/x.com\/golandpop","https:\/\/www.instagram.com\/golandpopcordoba\/"]},{"@type":"Person","@id":"https:\/\/golandpop.com\/#\/schema\/person\/2809725861e0da25eaffe2d9b29c9613","name":"Gol&amp;Pop","image":{"@type":"ImageObject","inLanguage":"es-AR","@id":"https:\/\/golandpop.com\/#\/schema\/person\/image\/","url":"https:\/\/secure.gravatar.com\/avatar\/9a87ee051ca8c77f5d4070843ce2c78cdf95b858b950fb039151de955122f5f5?s=96&d=mm&r=g","contentUrl":"https:\/\/secure.gravatar.com\/avatar\/9a87ee051ca8c77f5d4070843ce2c78cdf95b858b950fb039151de955122f5f5?s=96&d=mm&r=g","caption":"Gol&amp;Pop"},"sameAs":["http:\/\/golandpop.com"],"url":"https:\/\/golandpop.com\/index.php\/author\/admin\/"}]}},"_links":{"self":[{"href":"https:\/\/golandpop.com\/index.php\/wp-json\/wp\/v2\/posts\/695","targetHints":{"allow":["GET"]}}],"collection":[{"href":"https:\/\/golandpop.com\/index.php\/wp-json\/wp\/v2\/posts"}],"about":[{"href":"https:\/\/golandpop.com\/index.php\/wp-json\/wp\/v2\/types\/post"}],"author":[{"embeddable":true,"href":"https:\/\/golandpop.com\/index.php\/wp-json\/wp\/v2\/users\/1"}],"replies":[{"embeddable":true,"href":"https:\/\/golandpop.com\/index.php\/wp-json\/wp\/v2\/comments?post=695"}],"version-history":[{"count":0,"href":"https:\/\/golandpop.com\/index.php\/wp-json\/wp\/v2\/posts\/695\/revisions"}],"wp:featuredmedia":[{"embeddable":true,"href":"https:\/\/golandpop.com\/index.php\/wp-json\/wp\/v2\/media\/694"}],"wp:attachment":[{"href":"https:\/\/golandpop.com\/index.php\/wp-json\/wp\/v2\/media?parent=695"}],"wp:term":[{"taxonomy":"category","embeddable":true,"href":"https:\/\/golandpop.com\/index.php\/wp-json\/wp\/v2\/categories?post=695"},{"taxonomy":"post_tag","embeddable":true,"href":"https:\/\/golandpop.com\/index.php\/wp-json\/wp\/v2\/tags?post=695"}],"curies":[{"name":"wp","href":"https:\/\/api.w.org\/{rel}","templated":true}]}}