{"id":689,"date":"2019-05-21T13:39:04","date_gmt":"2019-05-21T13:39:04","guid":{"rendered":"http:\/\/golandpop.com\/?p=689"},"modified":"2019-05-21T13:39:04","modified_gmt":"2019-05-21T13:39:04","slug":"muere-niki-lauda-historico-piloto-de-formula-1","status":"publish","type":"post","link":"https:\/\/golandpop.com\/index.php\/2019\/05\/21\/muere-niki-lauda-historico-piloto-de-formula-1\/","title":{"rendered":"Muere Niki Lauda, hist\u00f3rico piloto de F\u00f3rmula 1"},"content":{"rendered":"<p>La leyenda de la F\u00f3rmula 1, Niki Lauda falleci\u00f3 este lunes a los 70 a\u00f1os debido a complicaciones en su salud a inicio de a\u00f1o, as\u00ed lo confirm\u00f3 su familia.<\/p>\n<p>&#8220;En profunda tristeza, anunciamos que nuestro amado Niki se ha quedado dormido en paz con su familia el lunes, 20.05.2019. Sus logros \u00fanicos como atleta y empresario son y ser\u00e1n inolvidables. Su incansable entusiasmo por la acci\u00f3n, su sencillez y su valent\u00eda siguen siendo un modelo a seguir y un est\u00e1ndar para todos nosotros. Lejos del p\u00fablico, era un esposo, padre y abuelo cari\u00f1osos y cari\u00f1osos. Lo extra\u00f1aremos mucho&#8221;, dicta el comunicado de su familia a los medios de comunicaci\u00f3n.<\/p>\n<p>La salud del tres veces campe\u00f3n del m\u00e1ximo circuito con Ferrari y McLaren se agrav\u00f3 este 2019 y tuvo que ser hospitalizado debido a una gripe fuerte, adem\u00e1s de la hemodi\u00e1lisis a la que fue sometido en los \u00faltimos meses.<\/p>\n<p>Lauda fue campe\u00f3n del mundo en 1975, 1977 y 1984. Durante su carrera form\u00f3 parte de cinco escuder\u00edas March, BRM, Ferrari, Brabham y McLaren, consiguiendo un total de 25 victorias y 54 podios en 185 carreras.<\/p>\n<p>En su paso por la F\u00f3rmula 1, vivi\u00f3 uno de los momentos m\u00e1s dram\u00e1ticos del deporte motor. En 1976, durante el Gran Premio de Alemania tuvo un accidente en donde su monoplaza se incendi\u00f3, sufriendo grandes quemaduras. Dicho accidente provoc\u00f3 que la F1 aumentara las medidas para proteger a los pilotos dentro de los monoplazas de incendios.<\/p>\n\n<figure class=\"wp-block-embed-youtube wp-block-embed is-type-rich wp-embed-aspect-16-9 wp-has-aspect-ratio\"><div class=\"wp-block-embed__wrapper\">\n<iframe title=\"IM\u00c1GENES IN\u00c9DITAS DEL ACCIDENTE DE NIKI LAUDA EN EL GP DE ALEMANIA DE 1976\" width=\"740\" height=\"416\" src=\"https:\/\/www.youtube.com\/embed\/kq0m8rbczs4?feature=oembed\" frameborder=\"0\" allow=\"accelerometer; autoplay; clipboard-write; encrypted-media; gyroscope; picture-in-picture\" allowfullscreen><\/iframe>\n<\/div><\/figure>\n\n\n<a href=\"http:\/\/www.mariano-moreno.com.ar\/\"> <img fetchpriority=\"high\" decoding=\"async\" src=\"https:\/\/golandpopgame.files.wordpress.com\/2019\/04\/logos-gp-1.png\" width=\"450\" height=\"150\" title=\"Mariano Moreno\" alt=\"MM\"> <\/a>\n","protected":false},"excerpt":{"rendered":"<p>La leyenda de la F\u00f3rmula 1, Niki Lauda falleci\u00f3 este lunes a los 70 a\u00f1os debido a complicaciones en su salud a inicio de a\u00f1o, as\u00ed lo confirm\u00f3 su familia. &#8220;En profunda tristeza, anunciamos que nuestro amado Niki se ha quedado dormido en paz con su familia el lunes, 20.05.2019. Sus logros \u00fanicos como atleta [&hellip;]<\/p>\n","protected":false},"author":1,"featured_media":690,"comment_status":"open","ping_status":"open","sticky":false,"template":"","format":"standard","meta":{"footnotes":""},"categories":[31],"tags":[129],"class_list":["post-689","post","type-post","status-publish","format-standard","has-post-thumbnail","hentry","category-automovilismo","tag-destacado"],"yoast_head":"<!-- This site is optimized with the Yoast SEO plugin v26.1.1 - https:\/\/yoast.com\/wordpress\/plugins\/seo\/ -->\n<title>Muere Niki Lauda, hist\u00f3rico piloto de F\u00f3rmula 1 - Golandpop<\/title>\n<meta name=\"robots\" content=\"index, follow, max-snippet:-1, max-image-preview:large, max-video-preview:-1\" \/>\n<link rel=\"canonical\" href=\"https:\/\/golandpop.com\/index.php\/2019\/05\/21\/muere-niki-lauda-historico-piloto-de-formula-1\/\" \/>\n<meta property=\"og:locale\" content=\"es_ES\" \/>\n<meta property=\"og:type\" content=\"article\" \/>\n<meta property=\"og:title\" content=\"Muere Niki Lauda, hist\u00f3rico piloto de F\u00f3rmula 1 - Golandpop\" \/>\n<meta property=\"og:description\" content=\"La leyenda de la F\u00f3rmula 1, Niki Lauda falleci\u00f3 este lunes a los 70 a\u00f1os debido a complicaciones en su salud a inicio de a\u00f1o, as\u00ed lo confirm\u00f3 su familia. &#8220;En profunda tristeza, anunciamos que nuestro amado Niki se ha quedado dormido en paz con su familia el lunes, 20.05.2019. Sus logros \u00fanicos como atleta [&hellip;]\" \/>\n<meta property=\"og:url\" content=\"https:\/\/golandpop.com\/index.php\/2019\/05\/21\/muere-niki-lauda-historico-piloto-de-formula-1\/\" \/>\n<meta property=\"og:site_name\" content=\"Golandpop\" \/>\n<meta property=\"article:published_time\" content=\"2019-05-21T13:39:04+00:00\" \/>\n<meta property=\"og:image\" content=\"https:\/\/golandpop.com\/wp-content\/uploads\/2019\/05\/img_6585.jpg\" \/>\n\t<meta property=\"og:image:width\" content=\"960\" \/>\n\t<meta property=\"og:image:height\" content=\"599\" \/>\n\t<meta property=\"og:image:type\" content=\"image\/jpeg\" \/>\n<meta name=\"author\" content=\"Gol&amp;Pop\" \/>\n<meta name=\"twitter:card\" content=\"summary_large_image\" \/>\n<meta name=\"twitter:creator\" content=\"@golandpop\" \/>\n<meta name=\"twitter:site\" content=\"@golandpop\" \/>\n<meta name=\"twitter:label1\" content=\"Escrito por\" \/>\n\t<meta name=\"twitter:data1\" content=\"Gol&amp;Pop\" \/>\n\t<meta name=\"twitter:label2\" content=\"Tiempo de lectura\" \/>\n\t<meta name=\"twitter:data2\" content=\"1 minuto\" \/>\n<script type=\"application\/ld+json\" class=\"yoast-schema-graph\">{\"@context\":\"https:\/\/schema.org\",\"@graph\":[{\"@type\":\"Article\",\"@id\":\"https:\/\/golandpop.com\/index.php\/2019\/05\/21\/muere-niki-lauda-historico-piloto-de-formula-1\/#article\",\"isPartOf\":{\"@id\":\"https:\/\/golandpop.com\/index.php\/2019\/05\/21\/muere-niki-lauda-historico-piloto-de-formula-1\/\"},\"author\":{\"name\":\"Gol&amp;Pop\",\"@id\":\"https:\/\/golandpop.com\/#\/schema\/person\/2809725861e0da25eaffe2d9b29c9613\"},\"headline\":\"Muere Niki Lauda, hist\u00f3rico piloto de F\u00f3rmula 1\",\"datePublished\":\"2019-05-21T13:39:04+00:00\",\"mainEntityOfPage\":{\"@id\":\"https:\/\/golandpop.com\/index.php\/2019\/05\/21\/muere-niki-lauda-historico-piloto-de-formula-1\/\"},\"wordCount\":270,\"commentCount\":0,\"publisher\":{\"@id\":\"https:\/\/golandpop.com\/#organization\"},\"image\":{\"@id\":\"https:\/\/golandpop.com\/index.php\/2019\/05\/21\/muere-niki-lauda-historico-piloto-de-formula-1\/#primaryimage\"},\"thumbnailUrl\":\"https:\/\/golandpop.com\/wp-content\/uploads\/2019\/05\/img_6585.jpg\",\"keywords\":[\"destacado\"],\"articleSection\":[\"Motores\"],\"inLanguage\":\"es-AR\"},{\"@type\":\"WebPage\",\"@id\":\"https:\/\/golandpop.com\/index.php\/2019\/05\/21\/muere-niki-lauda-historico-piloto-de-formula-1\/\",\"url\":\"https:\/\/golandpop.com\/index.php\/2019\/05\/21\/muere-niki-lauda-historico-piloto-de-formula-1\/\",\"name\":\"Muere Niki Lauda, hist\u00f3rico piloto de F\u00f3rmula 1 - Golandpop\",\"isPartOf\":{\"@id\":\"https:\/\/golandpop.com\/#website\"},\"primaryImageOfPage\":{\"@id\":\"https:\/\/golandpop.com\/index.php\/2019\/05\/21\/muere-niki-lauda-historico-piloto-de-formula-1\/#primaryimage\"},\"image\":{\"@id\":\"https:\/\/golandpop.com\/index.php\/2019\/05\/21\/muere-niki-lauda-historico-piloto-de-formula-1\/#primaryimage\"},\"thumbnailUrl\":\"https:\/\/golandpop.com\/wp-content\/uploads\/2019\/05\/img_6585.jpg\",\"datePublished\":\"2019-05-21T13:39:04+00:00\",\"breadcrumb\":{\"@id\":\"https:\/\/golandpop.com\/index.php\/2019\/05\/21\/muere-niki-lauda-historico-piloto-de-formula-1\/#breadcrumb\"},\"inLanguage\":\"es-AR\",\"potentialAction\":[{\"@type\":\"ReadAction\",\"target\":[\"https:\/\/golandpop.com\/index.php\/2019\/05\/21\/muere-niki-lauda-historico-piloto-de-formula-1\/\"]}]},{\"@type\":\"ImageObject\",\"inLanguage\":\"es-AR\",\"@id\":\"https:\/\/golandpop.com\/index.php\/2019\/05\/21\/muere-niki-lauda-historico-piloto-de-formula-1\/#primaryimage\",\"url\":\"https:\/\/golandpop.com\/wp-content\/uploads\/2019\/05\/img_6585.jpg\",\"contentUrl\":\"https:\/\/golandpop.com\/wp-content\/uploads\/2019\/05\/img_6585.jpg\",\"width\":960,\"height\":599},{\"@type\":\"BreadcrumbList\",\"@id\":\"https:\/\/golandpop.com\/index.php\/2019\/05\/21\/muere-niki-lauda-historico-piloto-de-formula-1\/#breadcrumb\",\"itemListElement\":[{\"@type\":\"ListItem\",\"position\":1,\"name\":\"Inicio\",\"item\":\"https:\/\/golandpop.com\/\"},{\"@type\":\"ListItem\",\"position\":2,\"name\":\"Muere Niki Lauda, hist\u00f3rico piloto de F\u00f3rmula 1\"}]},{\"@type\":\"WebSite\",\"@id\":\"https:\/\/golandpop.com\/#website\",\"url\":\"https:\/\/golandpop.com\/\",\"name\":\"Golandpop\",\"description\":\"\",\"publisher\":{\"@id\":\"https:\/\/golandpop.com\/#organization\"},\"potentialAction\":[{\"@type\":\"SearchAction\",\"target\":{\"@type\":\"EntryPoint\",\"urlTemplate\":\"https:\/\/golandpop.com\/?s={search_term_string}\"},\"query-input\":{\"@type\":\"PropertyValueSpecification\",\"valueRequired\":true,\"valueName\":\"search_term_string\"}}],\"inLanguage\":\"es-AR\"},{\"@type\":\"Organization\",\"@id\":\"https:\/\/golandpop.com\/#organization\",\"name\":\"GolandPop\",\"url\":\"https:\/\/golandpop.com\/\",\"logo\":{\"@type\":\"ImageObject\",\"inLanguage\":\"es-AR\",\"@id\":\"https:\/\/golandpop.com\/#\/schema\/logo\/image\/\",\"url\":\"https:\/\/golandpop.com\/wp-content\/uploads\/2020\/04\/favicon_gol_pop.png\",\"contentUrl\":\"https:\/\/golandpop.com\/wp-content\/uploads\/2020\/04\/favicon_gol_pop.png\",\"width\":246,\"height\":246,\"caption\":\"GolandPop\"},\"image\":{\"@id\":\"https:\/\/golandpop.com\/#\/schema\/logo\/image\/\"},\"sameAs\":[\"https:\/\/x.com\/golandpop\",\"https:\/\/www.instagram.com\/golandpopcordoba\/\"]},{\"@type\":\"Person\",\"@id\":\"https:\/\/golandpop.com\/#\/schema\/person\/2809725861e0da25eaffe2d9b29c9613\",\"name\":\"Gol&amp;Pop\",\"image\":{\"@type\":\"ImageObject\",\"inLanguage\":\"es-AR\",\"@id\":\"https:\/\/golandpop.com\/#\/schema\/person\/image\/\",\"url\":\"https:\/\/secure.gravatar.com\/avatar\/9a87ee051ca8c77f5d4070843ce2c78cdf95b858b950fb039151de955122f5f5?s=96&d=mm&r=g\",\"contentUrl\":\"https:\/\/secure.gravatar.com\/avatar\/9a87ee051ca8c77f5d4070843ce2c78cdf95b858b950fb039151de955122f5f5?s=96&d=mm&r=g\",\"caption\":\"Gol&amp;Pop\"},\"sameAs\":[\"http:\/\/golandpop.com\"],\"url\":\"https:\/\/golandpop.com\/index.php\/author\/admin\/\"}]}<\/script>\n<!-- \/ Yoast SEO plugin. -->","yoast_head_json":{"title":"Muere Niki Lauda, hist\u00f3rico piloto de F\u00f3rmula 1 - Golandpop","robots":{"index":"index","follow":"follow","max-snippet":"max-snippet:-1","max-image-preview":"max-image-preview:large","max-video-preview":"max-video-preview:-1"},"canonical":"https:\/\/golandpop.com\/index.php\/2019\/05\/21\/muere-niki-lauda-historico-piloto-de-formula-1\/","og_locale":"es_ES","og_type":"article","og_title":"Muere Niki Lauda, hist\u00f3rico piloto de F\u00f3rmula 1 - Golandpop","og_description":"La leyenda de la F\u00f3rmula 1, Niki Lauda falleci\u00f3 este lunes a los 70 a\u00f1os debido a complicaciones en su salud a inicio de a\u00f1o, as\u00ed lo confirm\u00f3 su familia. &#8220;En profunda tristeza, anunciamos que nuestro amado Niki se ha quedado dormido en paz con su familia el lunes, 20.05.2019. Sus logros \u00fanicos como atleta [&hellip;]","og_url":"https:\/\/golandpop.com\/index.php\/2019\/05\/21\/muere-niki-lauda-historico-piloto-de-formula-1\/","og_site_name":"Golandpop","article_published_time":"2019-05-21T13:39:04+00:00","og_image":[{"width":960,"height":599,"url":"https:\/\/golandpop.com\/wp-content\/uploads\/2019\/05\/img_6585.jpg","type":"image\/jpeg"}],"author":"Gol&amp;Pop","twitter_card":"summary_large_image","twitter_creator":"@golandpop","twitter_site":"@golandpop","twitter_misc":{"Escrito por":"Gol&amp;Pop","Tiempo de lectura":"1 minuto"},"schema":{"@context":"https:\/\/schema.org","@graph":[{"@type":"Article","@id":"https:\/\/golandpop.com\/index.php\/2019\/05\/21\/muere-niki-lauda-historico-piloto-de-formula-1\/#article","isPartOf":{"@id":"https:\/\/golandpop.com\/index.php\/2019\/05\/21\/muere-niki-lauda-historico-piloto-de-formula-1\/"},"author":{"name":"Gol&amp;Pop","@id":"https:\/\/golandpop.com\/#\/schema\/person\/2809725861e0da25eaffe2d9b29c9613"},"headline":"Muere Niki Lauda, hist\u00f3rico piloto de F\u00f3rmula 1","datePublished":"2019-05-21T13:39:04+00:00","mainEntityOfPage":{"@id":"https:\/\/golandpop.com\/index.php\/2019\/05\/21\/muere-niki-lauda-historico-piloto-de-formula-1\/"},"wordCount":270,"commentCount":0,"publisher":{"@id":"https:\/\/golandpop.com\/#organization"},"image":{"@id":"https:\/\/golandpop.com\/index.php\/2019\/05\/21\/muere-niki-lauda-historico-piloto-de-formula-1\/#primaryimage"},"thumbnailUrl":"https:\/\/golandpop.com\/wp-content\/uploads\/2019\/05\/img_6585.jpg","keywords":["destacado"],"articleSection":["Motores"],"inLanguage":"es-AR"},{"@type":"WebPage","@id":"https:\/\/golandpop.com\/index.php\/2019\/05\/21\/muere-niki-lauda-historico-piloto-de-formula-1\/","url":"https:\/\/golandpop.com\/index.php\/2019\/05\/21\/muere-niki-lauda-historico-piloto-de-formula-1\/","name":"Muere Niki Lauda, hist\u00f3rico piloto de F\u00f3rmula 1 - Golandpop","isPartOf":{"@id":"https:\/\/golandpop.com\/#website"},"primaryImageOfPage":{"@id":"https:\/\/golandpop.com\/index.php\/2019\/05\/21\/muere-niki-lauda-historico-piloto-de-formula-1\/#primaryimage"},"image":{"@id":"https:\/\/golandpop.com\/index.php\/2019\/05\/21\/muere-niki-lauda-historico-piloto-de-formula-1\/#primaryimage"},"thumbnailUrl":"https:\/\/golandpop.com\/wp-content\/uploads\/2019\/05\/img_6585.jpg","datePublished":"2019-05-21T13:39:04+00:00","breadcrumb":{"@id":"https:\/\/golandpop.com\/index.php\/2019\/05\/21\/muere-niki-lauda-historico-piloto-de-formula-1\/#breadcrumb"},"inLanguage":"es-AR","potentialAction":[{"@type":"ReadAction","target":["https:\/\/golandpop.com\/index.php\/2019\/05\/21\/muere-niki-lauda-historico-piloto-de-formula-1\/"]}]},{"@type":"ImageObject","inLanguage":"es-AR","@id":"https:\/\/golandpop.com\/index.php\/2019\/05\/21\/muere-niki-lauda-historico-piloto-de-formula-1\/#primaryimage","url":"https:\/\/golandpop.com\/wp-content\/uploads\/2019\/05\/img_6585.jpg","contentUrl":"https:\/\/golandpop.com\/wp-content\/uploads\/2019\/05\/img_6585.jpg","width":960,"height":599},{"@type":"BreadcrumbList","@id":"https:\/\/golandpop.com\/index.php\/2019\/05\/21\/muere-niki-lauda-historico-piloto-de-formula-1\/#breadcrumb","itemListElement":[{"@type":"ListItem","position":1,"name":"Inicio","item":"https:\/\/golandpop.com\/"},{"@type":"ListItem","position":2,"name":"Muere Niki Lauda, hist\u00f3rico piloto de F\u00f3rmula 1"}]},{"@type":"WebSite","@id":"https:\/\/golandpop.com\/#website","url":"https:\/\/golandpop.com\/","name":"Golandpop","description":"","publisher":{"@id":"https:\/\/golandpop.com\/#organization"},"potentialAction":[{"@type":"SearchAction","target":{"@type":"EntryPoint","urlTemplate":"https:\/\/golandpop.com\/?s={search_term_string}"},"query-input":{"@type":"PropertyValueSpecification","valueRequired":true,"valueName":"search_term_string"}}],"inLanguage":"es-AR"},{"@type":"Organization","@id":"https:\/\/golandpop.com\/#organization","name":"GolandPop","url":"https:\/\/golandpop.com\/","logo":{"@type":"ImageObject","inLanguage":"es-AR","@id":"https:\/\/golandpop.com\/#\/schema\/logo\/image\/","url":"https:\/\/golandpop.com\/wp-content\/uploads\/2020\/04\/favicon_gol_pop.png","contentUrl":"https:\/\/golandpop.com\/wp-content\/uploads\/2020\/04\/favicon_gol_pop.png","width":246,"height":246,"caption":"GolandPop"},"image":{"@id":"https:\/\/golandpop.com\/#\/schema\/logo\/image\/"},"sameAs":["https:\/\/x.com\/golandpop","https:\/\/www.instagram.com\/golandpopcordoba\/"]},{"@type":"Person","@id":"https:\/\/golandpop.com\/#\/schema\/person\/2809725861e0da25eaffe2d9b29c9613","name":"Gol&amp;Pop","image":{"@type":"ImageObject","inLanguage":"es-AR","@id":"https:\/\/golandpop.com\/#\/schema\/person\/image\/","url":"https:\/\/secure.gravatar.com\/avatar\/9a87ee051ca8c77f5d4070843ce2c78cdf95b858b950fb039151de955122f5f5?s=96&d=mm&r=g","contentUrl":"https:\/\/secure.gravatar.com\/avatar\/9a87ee051ca8c77f5d4070843ce2c78cdf95b858b950fb039151de955122f5f5?s=96&d=mm&r=g","caption":"Gol&amp;Pop"},"sameAs":["http:\/\/golandpop.com"],"url":"https:\/\/golandpop.com\/index.php\/author\/admin\/"}]}},"_links":{"self":[{"href":"https:\/\/golandpop.com\/index.php\/wp-json\/wp\/v2\/posts\/689","targetHints":{"allow":["GET"]}}],"collection":[{"href":"https:\/\/golandpop.com\/index.php\/wp-json\/wp\/v2\/posts"}],"about":[{"href":"https:\/\/golandpop.com\/index.php\/wp-json\/wp\/v2\/types\/post"}],"author":[{"embeddable":true,"href":"https:\/\/golandpop.com\/index.php\/wp-json\/wp\/v2\/users\/1"}],"replies":[{"embeddable":true,"href":"https:\/\/golandpop.com\/index.php\/wp-json\/wp\/v2\/comments?post=689"}],"version-history":[{"count":0,"href":"https:\/\/golandpop.com\/index.php\/wp-json\/wp\/v2\/posts\/689\/revisions"}],"wp:featuredmedia":[{"embeddable":true,"href":"https:\/\/golandpop.com\/index.php\/wp-json\/wp\/v2\/media\/690"}],"wp:attachment":[{"href":"https:\/\/golandpop.com\/index.php\/wp-json\/wp\/v2\/media?parent=689"}],"wp:term":[{"taxonomy":"category","embeddable":true,"href":"https:\/\/golandpop.com\/index.php\/wp-json\/wp\/v2\/categories?post=689"},{"taxonomy":"post_tag","embeddable":true,"href":"https:\/\/golandpop.com\/index.php\/wp-json\/wp\/v2\/tags?post=689"}],"curies":[{"name":"wp","href":"https:\/\/api.w.org\/{rel}","templated":true}]}}