{"id":6801,"date":"2020-10-27T23:20:23","date_gmt":"2020-10-28T02:20:23","guid":{"rendered":"https:\/\/golandpop.com\/?p=6801"},"modified":"2020-10-29T14:02:17","modified_gmt":"2020-10-29T17:02:17","slug":"velez-vs-penarol-en-vivo-por-copa-conmebol-sudamericana-2020","status":"publish","type":"post","link":"https:\/\/golandpop.com\/index.php\/2020\/10\/27\/velez-vs-penarol-en-vivo-por-copa-conmebol-sudamericana-2020\/","title":{"rendered":"Resumen V\u00e9lez 0-0 Pe\u00f1arol por Copa Sudamericana 2020"},"content":{"rendered":"\n<a title=\"Radio en vivo!\" href=\"http:\/\/radiosenlinea.xyz\/golandpop\" target=\"_blank\" rel=\"noopener noreferrer\"><img decoding=\"async\" src=\"https:\/\/golandpop.com\/wp-content\/uploads\/2020\/08\/WhatsApp-Image-2020-08-15-at-19.54.59.jpeg\" height=\"100\" alt=\"\"><\/a> <br>\n\n\n\n<p><\/p>\n\n\n\n<figure class=\"wp-block-embed-youtube wp-block-embed is-type-video is-provider-youtube wp-embed-aspect-16-9 wp-has-aspect-ratio\"><div class=\"wp-block-embed__wrapper\">\n<iframe title=\"V\u00e9lez vs. Pe\u00f1arol [0-0] | RESUMEN | Segunda Fase | CONMEBOL Sudamericana\" width=\"740\" height=\"416\" src=\"https:\/\/www.youtube.com\/embed\/nGoVTPoiwFE?feature=oembed\" frameborder=\"0\" allow=\"accelerometer; autoplay; clipboard-write; encrypted-media; gyroscope; picture-in-picture\" allowfullscreen><\/iframe>\n<\/div><\/figure>\n\n\n\n<p><strong>V\u00e9lez<\/strong> regresa a la acci\u00f3n recibiendo este mi\u00e9rcoles, desde las 21.30, a Pe\u00f1arol en el Jos\u00e9&nbsp;Amalfitani, por la ida de la segunda ronda de la&nbsp;<a href=\"http:\/\/www.conmebol.com\/es\/copa-sudamericana-2020\">Copa CONMEBOL Sudamericana<\/a>. El paraguayo Derlis L\u00f3pez ser\u00e1 el \u00e1rbitro encargado de impartir justicia. Lo segu\u00eds en vivo en&nbsp;<a href=\"https:\/\/golandpop.com\/\">Cadena GolandPop<\/a>.<\/p>\n\n\n\n<p>El Fort\u00edn disput\u00f3 su \u00faltimo partido oficial el 14 de marzo por la ya inexistente Copa de la Superliga, que lo tuvo cayendo por la m\u00ednima ante Independiente como visitante en el primer partido de la era post-Heinze. Antes de despedirse, el &#8216;Gringo&#8217; sell\u00f3 la clasificaci\u00f3n en la copa en una ajustada serie ante Aucas: victoria 1-0 de local, derrota 2-1 de visitante y boleto a 16avos gracias al ag\u00f3nico penal de Thiago Almada a los 96&#8242;.  <\/p>\n\n\n\n<p>Ahora, el encargado de liderar a V\u00e9lez es un viejo conocido de la instituci\u00f3n como <a href=\"https:\/\/velez.com.ar\/velez.php?seccion=notas&amp;mostrar=notas&amp;anio=2020&amp;mes=04&amp;dia=16&amp;tema=futbol&amp;hora=185555&amp;nota=1\">Mauricio Pellegrino tras firmar un contrato hasta el 30 de junio del 2021<\/a>. El Flaco logr\u00f3 9 t\u00edtulos con el club de Liniers<strong> <\/strong>en 230 compromisos disputados, anotando 13 tantos y viendo la roja en siete oportunidades.<\/p>\n\n\n\n<p>Por el lado de la visita, Pe\u00f1arol arriba a la Sudamericana luego de quedar en la tercera ubicaci\u00f3n del grupo C de la Copa Libertadores. El boleto lo consigui\u00f3 con una ag\u00f3nica victoria por 3-2 ante Athletico Paranaense (2\u00b0) y el triunfo, tambi\u00e9n sobre el final, de Wilstermann (1\u00b0) ante Colo-Colo.<\/p>\n\n\n\n<p>El encuentro de vuelta se disputar\u00e1 el pr\u00f3ximo mi\u00e9rcoles 4 de noviembre en el Estadio Campe\u00f3n del Siglo con el arbitraje, ya confirmado, del brasile\u00f1o Flavio De Souza. El ganador de la llave jugar\u00e1 ante el vencedor del choque colombiano entre Millonarios y Deportivo Cali.<\/p>\n\n\n\n<figure class=\"wp-block-embed-youtube wp-block-embed is-type-video is-provider-youtube wp-embed-aspect-16-9 wp-has-aspect-ratio\"><div class=\"wp-block-embed__wrapper\">\n<iframe title=\"Aucas vs. V\u00e9lez [2-1] | GOLES | CONMEBOL Sudamericana 2020\" width=\"740\" height=\"416\" src=\"https:\/\/www.youtube.com\/embed\/UPgFByxHdE8?feature=oembed\" frameborder=\"0\" allow=\"accelerometer; autoplay; clipboard-write; encrypted-media; gyroscope; picture-in-picture\" allowfullscreen><\/iframe>\n<\/div><\/figure>\n\n\n\n<h6 class=\"wp-block-heading\"><strong><em>Posibles formaciones<\/em><\/strong><\/h6>\n\n\n\n<p>V\u00e9lez: Dom\u00ednguez; Guidara, Amor, Abram, De La Fuente; Gago, C\u00e1seres, Mancuello; Mainero o Almada, Centurion, Tarragona. DT: Mauricio Pellegrino.<\/p>\n\n\n\n<p>Pe\u00f1arol: Dawson, Gonz\u00e1lez, Formiliano, Kagelmacher, Piquerez; Urretavizcaya, Gargano, Trindade, Torres; \u00c1lvarez Mat\u00ednez, Terans. DT: Mario Saralegui.<\/p>\n","protected":false},"excerpt":{"rendered":"<p>V\u00e9lez regresa a la acci\u00f3n recibiendo este mi\u00e9rcoles, desde las 21.30, a Pe\u00f1arol en el Jos\u00e9 Amalfitani, por la segunda ronda de la Copa CONMEBOL Sudamericana. Lo segu\u00eds en vivo en Cadena GolandPop.<\/p>\n","protected":false},"author":1,"featured_media":6802,"comment_status":"open","ping_status":"open","sticky":false,"template":"","format":"standard","meta":{"footnotes":""},"categories":[39],"tags":[121,270,517],"class_list":["post-6801","post","type-post","status-publish","format-standard","has-post-thumbnail","hentry","category-futbol","tag-copa-sudamericana","tag-velez","tag-velez-sarsfield"],"yoast_head":"<!-- This site is optimized with the Yoast SEO plugin v26.1.1 - https:\/\/yoast.com\/wordpress\/plugins\/seo\/ -->\n<title>Resumen V\u00e9lez 0-0 Pe\u00f1arol por Copa Sudamericana 2020 - Golandpop<\/title>\n<meta name=\"description\" content=\"V\u00e9lez regresa a la acci\u00f3n recibiendo este mi\u00e9rcoles, desde las 21.30, a Pe\u00f1arol en el Jos\u00e9 Amalfitani, por la segunda ronda de la Copa CONMEBOL Sudamericana. Lo segu\u00eds en vivo en Cadena GolandPop.\" \/>\n<meta name=\"robots\" content=\"index, follow, max-snippet:-1, max-image-preview:large, max-video-preview:-1\" \/>\n<link rel=\"canonical\" href=\"https:\/\/golandpop.com\/index.php\/2020\/10\/27\/velez-vs-penarol-en-vivo-por-copa-conmebol-sudamericana-2020\/\" \/>\n<meta property=\"og:locale\" content=\"es_ES\" \/>\n<meta property=\"og:type\" content=\"article\" \/>\n<meta property=\"og:title\" content=\"Resumen V\u00e9lez 0-0 Pe\u00f1arol por Copa Sudamericana 2020 - Golandpop\" \/>\n<meta property=\"og:description\" content=\"V\u00e9lez regresa a la acci\u00f3n recibiendo este mi\u00e9rcoles, desde las 21.30, a Pe\u00f1arol en el Jos\u00e9 Amalfitani, por la segunda ronda de la Copa CONMEBOL Sudamericana. Lo segu\u00eds en vivo en Cadena GolandPop.\" \/>\n<meta property=\"og:url\" content=\"https:\/\/golandpop.com\/index.php\/2020\/10\/27\/velez-vs-penarol-en-vivo-por-copa-conmebol-sudamericana-2020\/\" \/>\n<meta property=\"og:site_name\" content=\"Golandpop\" \/>\n<meta property=\"article:published_time\" content=\"2020-10-28T02:20:23+00:00\" \/>\n<meta property=\"article:modified_time\" content=\"2020-10-29T17:02:17+00:00\" \/>\n<meta property=\"og:image\" content=\"https:\/\/golandpop.com\/wp-content\/uploads\/2020\/10\/velez-pe\u00f1arol-sudamericana-golandpop.png\" \/>\n\t<meta property=\"og:image:width\" content=\"1920\" \/>\n\t<meta property=\"og:image:height\" content=\"1080\" \/>\n\t<meta property=\"og:image:type\" content=\"image\/png\" \/>\n<meta name=\"author\" content=\"Gol&amp;Pop\" \/>\n<meta name=\"twitter:card\" content=\"summary_large_image\" \/>\n<meta name=\"twitter:creator\" content=\"@golandpop\" \/>\n<meta name=\"twitter:site\" content=\"@golandpop\" \/>\n<meta name=\"twitter:label1\" content=\"Escrito por\" \/>\n\t<meta name=\"twitter:data1\" content=\"Gol&amp;Pop\" \/>\n\t<meta name=\"twitter:label2\" content=\"Tiempo de lectura\" \/>\n\t<meta name=\"twitter:data2\" content=\"2 minutos\" \/>\n<script type=\"application\/ld+json\" class=\"yoast-schema-graph\">{\"@context\":\"https:\/\/schema.org\",\"@graph\":[{\"@type\":\"Article\",\"@id\":\"https:\/\/golandpop.com\/index.php\/2020\/10\/27\/velez-vs-penarol-en-vivo-por-copa-conmebol-sudamericana-2020\/#article\",\"isPartOf\":{\"@id\":\"https:\/\/golandpop.com\/index.php\/2020\/10\/27\/velez-vs-penarol-en-vivo-por-copa-conmebol-sudamericana-2020\/\"},\"author\":{\"name\":\"Gol&amp;Pop\",\"@id\":\"https:\/\/golandpop.com\/#\/schema\/person\/2809725861e0da25eaffe2d9b29c9613\"},\"headline\":\"Resumen V\u00e9lez 0-0 Pe\u00f1arol por Copa Sudamericana 2020\",\"datePublished\":\"2020-10-28T02:20:23+00:00\",\"dateModified\":\"2020-10-29T17:02:17+00:00\",\"mainEntityOfPage\":{\"@id\":\"https:\/\/golandpop.com\/index.php\/2020\/10\/27\/velez-vs-penarol-en-vivo-por-copa-conmebol-sudamericana-2020\/\"},\"wordCount\":354,\"commentCount\":0,\"publisher\":{\"@id\":\"https:\/\/golandpop.com\/#organization\"},\"image\":{\"@id\":\"https:\/\/golandpop.com\/index.php\/2020\/10\/27\/velez-vs-penarol-en-vivo-por-copa-conmebol-sudamericana-2020\/#primaryimage\"},\"thumbnailUrl\":\"https:\/\/golandpop.com\/wp-content\/uploads\/2020\/10\/velez-pe\u00f1arol-sudamericana-golandpop.png\",\"keywords\":[\"Copa Sudamericana\",\"V\u00e9lez\",\"V\u00e9lez Sarsfield\"],\"articleSection\":[\"F\u00fatbol\"],\"inLanguage\":\"es-AR\"},{\"@type\":\"WebPage\",\"@id\":\"https:\/\/golandpop.com\/index.php\/2020\/10\/27\/velez-vs-penarol-en-vivo-por-copa-conmebol-sudamericana-2020\/\",\"url\":\"https:\/\/golandpop.com\/index.php\/2020\/10\/27\/velez-vs-penarol-en-vivo-por-copa-conmebol-sudamericana-2020\/\",\"name\":\"Resumen V\u00e9lez 0-0 Pe\u00f1arol por Copa Sudamericana 2020 - Golandpop\",\"isPartOf\":{\"@id\":\"https:\/\/golandpop.com\/#website\"},\"primaryImageOfPage\":{\"@id\":\"https:\/\/golandpop.com\/index.php\/2020\/10\/27\/velez-vs-penarol-en-vivo-por-copa-conmebol-sudamericana-2020\/#primaryimage\"},\"image\":{\"@id\":\"https:\/\/golandpop.com\/index.php\/2020\/10\/27\/velez-vs-penarol-en-vivo-por-copa-conmebol-sudamericana-2020\/#primaryimage\"},\"thumbnailUrl\":\"https:\/\/golandpop.com\/wp-content\/uploads\/2020\/10\/velez-pe\u00f1arol-sudamericana-golandpop.png\",\"datePublished\":\"2020-10-28T02:20:23+00:00\",\"dateModified\":\"2020-10-29T17:02:17+00:00\",\"description\":\"V\u00e9lez regresa a la acci\u00f3n recibiendo este mi\u00e9rcoles, desde las 21.30, a Pe\u00f1arol en el Jos\u00e9 Amalfitani, por la segunda ronda de la Copa CONMEBOL Sudamericana. Lo segu\u00eds en vivo en Cadena GolandPop.\",\"breadcrumb\":{\"@id\":\"https:\/\/golandpop.com\/index.php\/2020\/10\/27\/velez-vs-penarol-en-vivo-por-copa-conmebol-sudamericana-2020\/#breadcrumb\"},\"inLanguage\":\"es-AR\",\"potentialAction\":[{\"@type\":\"ReadAction\",\"target\":[\"https:\/\/golandpop.com\/index.php\/2020\/10\/27\/velez-vs-penarol-en-vivo-por-copa-conmebol-sudamericana-2020\/\"]}]},{\"@type\":\"ImageObject\",\"inLanguage\":\"es-AR\",\"@id\":\"https:\/\/golandpop.com\/index.php\/2020\/10\/27\/velez-vs-penarol-en-vivo-por-copa-conmebol-sudamericana-2020\/#primaryimage\",\"url\":\"https:\/\/golandpop.com\/wp-content\/uploads\/2020\/10\/velez-pe\u00f1arol-sudamericana-golandpop.png\",\"contentUrl\":\"https:\/\/golandpop.com\/wp-content\/uploads\/2020\/10\/velez-pe\u00f1arol-sudamericana-golandpop.png\",\"width\":1920,\"height\":1080,\"caption\":\"Fotomontaje: Francisco Bono.\"},{\"@type\":\"BreadcrumbList\",\"@id\":\"https:\/\/golandpop.com\/index.php\/2020\/10\/27\/velez-vs-penarol-en-vivo-por-copa-conmebol-sudamericana-2020\/#breadcrumb\",\"itemListElement\":[{\"@type\":\"ListItem\",\"position\":1,\"name\":\"Inicio\",\"item\":\"https:\/\/golandpop.com\/\"},{\"@type\":\"ListItem\",\"position\":2,\"name\":\"Resumen V\u00e9lez 0-0 Pe\u00f1arol por Copa Sudamericana 2020\"}]},{\"@type\":\"WebSite\",\"@id\":\"https:\/\/golandpop.com\/#website\",\"url\":\"https:\/\/golandpop.com\/\",\"name\":\"Golandpop\",\"description\":\"\",\"publisher\":{\"@id\":\"https:\/\/golandpop.com\/#organization\"},\"potentialAction\":[{\"@type\":\"SearchAction\",\"target\":{\"@type\":\"EntryPoint\",\"urlTemplate\":\"https:\/\/golandpop.com\/?s={search_term_string}\"},\"query-input\":{\"@type\":\"PropertyValueSpecification\",\"valueRequired\":true,\"valueName\":\"search_term_string\"}}],\"inLanguage\":\"es-AR\"},{\"@type\":\"Organization\",\"@id\":\"https:\/\/golandpop.com\/#organization\",\"name\":\"GolandPop\",\"url\":\"https:\/\/golandpop.com\/\",\"logo\":{\"@type\":\"ImageObject\",\"inLanguage\":\"es-AR\",\"@id\":\"https:\/\/golandpop.com\/#\/schema\/logo\/image\/\",\"url\":\"https:\/\/golandpop.com\/wp-content\/uploads\/2020\/04\/favicon_gol_pop.png\",\"contentUrl\":\"https:\/\/golandpop.com\/wp-content\/uploads\/2020\/04\/favicon_gol_pop.png\",\"width\":246,\"height\":246,\"caption\":\"GolandPop\"},\"image\":{\"@id\":\"https:\/\/golandpop.com\/#\/schema\/logo\/image\/\"},\"sameAs\":[\"https:\/\/x.com\/golandpop\",\"https:\/\/www.instagram.com\/golandpopcordoba\/\"]},{\"@type\":\"Person\",\"@id\":\"https:\/\/golandpop.com\/#\/schema\/person\/2809725861e0da25eaffe2d9b29c9613\",\"name\":\"Gol&amp;Pop\",\"image\":{\"@type\":\"ImageObject\",\"inLanguage\":\"es-AR\",\"@id\":\"https:\/\/golandpop.com\/#\/schema\/person\/image\/\",\"url\":\"https:\/\/secure.gravatar.com\/avatar\/9a87ee051ca8c77f5d4070843ce2c78cdf95b858b950fb039151de955122f5f5?s=96&d=mm&r=g\",\"contentUrl\":\"https:\/\/secure.gravatar.com\/avatar\/9a87ee051ca8c77f5d4070843ce2c78cdf95b858b950fb039151de955122f5f5?s=96&d=mm&r=g\",\"caption\":\"Gol&amp;Pop\"},\"sameAs\":[\"http:\/\/golandpop.com\"],\"url\":\"https:\/\/golandpop.com\/index.php\/author\/admin\/\"}]}<\/script>\n<!-- \/ Yoast SEO plugin. -->","yoast_head_json":{"title":"Resumen V\u00e9lez 0-0 Pe\u00f1arol por Copa Sudamericana 2020 - Golandpop","description":"V\u00e9lez regresa a la acci\u00f3n recibiendo este mi\u00e9rcoles, desde las 21.30, a Pe\u00f1arol en el Jos\u00e9 Amalfitani, por la segunda ronda de la Copa CONMEBOL Sudamericana. Lo segu\u00eds en vivo en Cadena GolandPop.","robots":{"index":"index","follow":"follow","max-snippet":"max-snippet:-1","max-image-preview":"max-image-preview:large","max-video-preview":"max-video-preview:-1"},"canonical":"https:\/\/golandpop.com\/index.php\/2020\/10\/27\/velez-vs-penarol-en-vivo-por-copa-conmebol-sudamericana-2020\/","og_locale":"es_ES","og_type":"article","og_title":"Resumen V\u00e9lez 0-0 Pe\u00f1arol por Copa Sudamericana 2020 - Golandpop","og_description":"V\u00e9lez regresa a la acci\u00f3n recibiendo este mi\u00e9rcoles, desde las 21.30, a Pe\u00f1arol en el Jos\u00e9 Amalfitani, por la segunda ronda de la Copa CONMEBOL Sudamericana. Lo segu\u00eds en vivo en Cadena GolandPop.","og_url":"https:\/\/golandpop.com\/index.php\/2020\/10\/27\/velez-vs-penarol-en-vivo-por-copa-conmebol-sudamericana-2020\/","og_site_name":"Golandpop","article_published_time":"2020-10-28T02:20:23+00:00","article_modified_time":"2020-10-29T17:02:17+00:00","og_image":[{"width":1920,"height":1080,"url":"https:\/\/golandpop.com\/wp-content\/uploads\/2020\/10\/velez-pe\u00f1arol-sudamericana-golandpop.png","type":"image\/png"}],"author":"Gol&amp;Pop","twitter_card":"summary_large_image","twitter_creator":"@golandpop","twitter_site":"@golandpop","twitter_misc":{"Escrito por":"Gol&amp;Pop","Tiempo de lectura":"2 minutos"},"schema":{"@context":"https:\/\/schema.org","@graph":[{"@type":"Article","@id":"https:\/\/golandpop.com\/index.php\/2020\/10\/27\/velez-vs-penarol-en-vivo-por-copa-conmebol-sudamericana-2020\/#article","isPartOf":{"@id":"https:\/\/golandpop.com\/index.php\/2020\/10\/27\/velez-vs-penarol-en-vivo-por-copa-conmebol-sudamericana-2020\/"},"author":{"name":"Gol&amp;Pop","@id":"https:\/\/golandpop.com\/#\/schema\/person\/2809725861e0da25eaffe2d9b29c9613"},"headline":"Resumen V\u00e9lez 0-0 Pe\u00f1arol por Copa Sudamericana 2020","datePublished":"2020-10-28T02:20:23+00:00","dateModified":"2020-10-29T17:02:17+00:00","mainEntityOfPage":{"@id":"https:\/\/golandpop.com\/index.php\/2020\/10\/27\/velez-vs-penarol-en-vivo-por-copa-conmebol-sudamericana-2020\/"},"wordCount":354,"commentCount":0,"publisher":{"@id":"https:\/\/golandpop.com\/#organization"},"image":{"@id":"https:\/\/golandpop.com\/index.php\/2020\/10\/27\/velez-vs-penarol-en-vivo-por-copa-conmebol-sudamericana-2020\/#primaryimage"},"thumbnailUrl":"https:\/\/golandpop.com\/wp-content\/uploads\/2020\/10\/velez-pe\u00f1arol-sudamericana-golandpop.png","keywords":["Copa Sudamericana","V\u00e9lez","V\u00e9lez Sarsfield"],"articleSection":["F\u00fatbol"],"inLanguage":"es-AR"},{"@type":"WebPage","@id":"https:\/\/golandpop.com\/index.php\/2020\/10\/27\/velez-vs-penarol-en-vivo-por-copa-conmebol-sudamericana-2020\/","url":"https:\/\/golandpop.com\/index.php\/2020\/10\/27\/velez-vs-penarol-en-vivo-por-copa-conmebol-sudamericana-2020\/","name":"Resumen V\u00e9lez 0-0 Pe\u00f1arol por Copa Sudamericana 2020 - Golandpop","isPartOf":{"@id":"https:\/\/golandpop.com\/#website"},"primaryImageOfPage":{"@id":"https:\/\/golandpop.com\/index.php\/2020\/10\/27\/velez-vs-penarol-en-vivo-por-copa-conmebol-sudamericana-2020\/#primaryimage"},"image":{"@id":"https:\/\/golandpop.com\/index.php\/2020\/10\/27\/velez-vs-penarol-en-vivo-por-copa-conmebol-sudamericana-2020\/#primaryimage"},"thumbnailUrl":"https:\/\/golandpop.com\/wp-content\/uploads\/2020\/10\/velez-pe\u00f1arol-sudamericana-golandpop.png","datePublished":"2020-10-28T02:20:23+00:00","dateModified":"2020-10-29T17:02:17+00:00","description":"V\u00e9lez regresa a la acci\u00f3n recibiendo este mi\u00e9rcoles, desde las 21.30, a Pe\u00f1arol en el Jos\u00e9 Amalfitani, por la segunda ronda de la Copa CONMEBOL Sudamericana. Lo segu\u00eds en vivo en Cadena GolandPop.","breadcrumb":{"@id":"https:\/\/golandpop.com\/index.php\/2020\/10\/27\/velez-vs-penarol-en-vivo-por-copa-conmebol-sudamericana-2020\/#breadcrumb"},"inLanguage":"es-AR","potentialAction":[{"@type":"ReadAction","target":["https:\/\/golandpop.com\/index.php\/2020\/10\/27\/velez-vs-penarol-en-vivo-por-copa-conmebol-sudamericana-2020\/"]}]},{"@type":"ImageObject","inLanguage":"es-AR","@id":"https:\/\/golandpop.com\/index.php\/2020\/10\/27\/velez-vs-penarol-en-vivo-por-copa-conmebol-sudamericana-2020\/#primaryimage","url":"https:\/\/golandpop.com\/wp-content\/uploads\/2020\/10\/velez-pe\u00f1arol-sudamericana-golandpop.png","contentUrl":"https:\/\/golandpop.com\/wp-content\/uploads\/2020\/10\/velez-pe\u00f1arol-sudamericana-golandpop.png","width":1920,"height":1080,"caption":"Fotomontaje: Francisco Bono."},{"@type":"BreadcrumbList","@id":"https:\/\/golandpop.com\/index.php\/2020\/10\/27\/velez-vs-penarol-en-vivo-por-copa-conmebol-sudamericana-2020\/#breadcrumb","itemListElement":[{"@type":"ListItem","position":1,"name":"Inicio","item":"https:\/\/golandpop.com\/"},{"@type":"ListItem","position":2,"name":"Resumen V\u00e9lez 0-0 Pe\u00f1arol por Copa Sudamericana 2020"}]},{"@type":"WebSite","@id":"https:\/\/golandpop.com\/#website","url":"https:\/\/golandpop.com\/","name":"Golandpop","description":"","publisher":{"@id":"https:\/\/golandpop.com\/#organization"},"potentialAction":[{"@type":"SearchAction","target":{"@type":"EntryPoint","urlTemplate":"https:\/\/golandpop.com\/?s={search_term_string}"},"query-input":{"@type":"PropertyValueSpecification","valueRequired":true,"valueName":"search_term_string"}}],"inLanguage":"es-AR"},{"@type":"Organization","@id":"https:\/\/golandpop.com\/#organization","name":"GolandPop","url":"https:\/\/golandpop.com\/","logo":{"@type":"ImageObject","inLanguage":"es-AR","@id":"https:\/\/golandpop.com\/#\/schema\/logo\/image\/","url":"https:\/\/golandpop.com\/wp-content\/uploads\/2020\/04\/favicon_gol_pop.png","contentUrl":"https:\/\/golandpop.com\/wp-content\/uploads\/2020\/04\/favicon_gol_pop.png","width":246,"height":246,"caption":"GolandPop"},"image":{"@id":"https:\/\/golandpop.com\/#\/schema\/logo\/image\/"},"sameAs":["https:\/\/x.com\/golandpop","https:\/\/www.instagram.com\/golandpopcordoba\/"]},{"@type":"Person","@id":"https:\/\/golandpop.com\/#\/schema\/person\/2809725861e0da25eaffe2d9b29c9613","name":"Gol&amp;Pop","image":{"@type":"ImageObject","inLanguage":"es-AR","@id":"https:\/\/golandpop.com\/#\/schema\/person\/image\/","url":"https:\/\/secure.gravatar.com\/avatar\/9a87ee051ca8c77f5d4070843ce2c78cdf95b858b950fb039151de955122f5f5?s=96&d=mm&r=g","contentUrl":"https:\/\/secure.gravatar.com\/avatar\/9a87ee051ca8c77f5d4070843ce2c78cdf95b858b950fb039151de955122f5f5?s=96&d=mm&r=g","caption":"Gol&amp;Pop"},"sameAs":["http:\/\/golandpop.com"],"url":"https:\/\/golandpop.com\/index.php\/author\/admin\/"}]}},"_links":{"self":[{"href":"https:\/\/golandpop.com\/index.php\/wp-json\/wp\/v2\/posts\/6801","targetHints":{"allow":["GET"]}}],"collection":[{"href":"https:\/\/golandpop.com\/index.php\/wp-json\/wp\/v2\/posts"}],"about":[{"href":"https:\/\/golandpop.com\/index.php\/wp-json\/wp\/v2\/types\/post"}],"author":[{"embeddable":true,"href":"https:\/\/golandpop.com\/index.php\/wp-json\/wp\/v2\/users\/1"}],"replies":[{"embeddable":true,"href":"https:\/\/golandpop.com\/index.php\/wp-json\/wp\/v2\/comments?post=6801"}],"version-history":[{"count":8,"href":"https:\/\/golandpop.com\/index.php\/wp-json\/wp\/v2\/posts\/6801\/revisions"}],"predecessor-version":[{"id":6818,"href":"https:\/\/golandpop.com\/index.php\/wp-json\/wp\/v2\/posts\/6801\/revisions\/6818"}],"wp:featuredmedia":[{"embeddable":true,"href":"https:\/\/golandpop.com\/index.php\/wp-json\/wp\/v2\/media\/6802"}],"wp:attachment":[{"href":"https:\/\/golandpop.com\/index.php\/wp-json\/wp\/v2\/media?parent=6801"}],"wp:term":[{"taxonomy":"category","embeddable":true,"href":"https:\/\/golandpop.com\/index.php\/wp-json\/wp\/v2\/categories?post=6801"},{"taxonomy":"post_tag","embeddable":true,"href":"https:\/\/golandpop.com\/index.php\/wp-json\/wp\/v2\/tags?post=6801"}],"curies":[{"name":"wp","href":"https:\/\/api.w.org\/{rel}","templated":true}]}}