{"id":6255,"date":"2020-09-21T19:26:21","date_gmt":"2020-09-21T22:26:21","guid":{"rendered":"https:\/\/golandpop.com\/?p=6255"},"modified":"2020-09-21T19:26:22","modified_gmt":"2020-09-21T22:26:22","slug":"belgrano-nahuel-losada-protocolo-contra-la-violencia-de-genero","status":"publish","type":"post","link":"https:\/\/golandpop.com\/index.php\/2020\/09\/21\/belgrano-nahuel-losada-protocolo-contra-la-violencia-de-genero\/","title":{"rendered":"Belgrano: refuerzo para el arco y un nuevo protocolo contra la violencia de g\u00e9nero"},"content":{"rendered":"\n<p><em>A pedido de Caruso Lombardi, Nahuel Losada firm\u00f3 contrato con el conjunto Pirata hasta finales de 2021. Luego de su firma, todos los jugadores que se integren al equipo cordob\u00e9s tendr\u00e1n incorporado una cl\u00e1usula espec\u00edfica contra la violencia de g\u00e9nero.<\/em><\/p>\n\n\n\n<p><a href=\"https:\/\/golandpop.com\/index.php\/category\/futbol\/belgrano\/\">Belgrano<\/a> de C\u00f3rdoba confirm\u00f3 este lunes el arribo de <strong>Nahuel Losada<\/strong>, oriundo de Berisso, provincia de Buenos Aires. El guardameta de 27 a\u00f1os tuvo su \u00faltimo paso por All Boys (disput\u00f3 48 partidos) y qued\u00f3 en libertad de contrataci\u00f3n el 30 de junio.<\/p>\n\n\n\n<p>El arquero surgido en Estudiantes de la Plata arriba tras la insistencia del DT para reforzar el puesto y en las pr\u00f3ximas horas formar\u00e1 parte del plantel hasta el 31 de diciembre de 2021 con una cl\u00e1usula de rescisi\u00f3n del v\u00ednculo al final de la temporada, lo que permitir\u00e1 a las pr\u00f3ximas nuevas autoridades decidir sobre su continuidad en la instituci\u00f3n.<\/p>\n\n\n\n<figure class=\"wp-block-embed-youtube wp-block-embed is-type-video is-provider-youtube wp-embed-aspect-16-9 wp-has-aspect-ratio\"><div class=\"wp-block-embed__wrapper\">\n<iframe title=\"EN VIVO | Conferencia con Nahuel Losada\" width=\"740\" height=\"416\" src=\"https:\/\/www.youtube.com\/embed\/WHcJB-2b2_4?feature=oembed\" frameborder=\"0\" allow=\"accelerometer; autoplay; clipboard-write; encrypted-media; gyroscope; picture-in-picture\" allowfullscreen><\/iframe>\n<\/div><\/figure>\n\n\n\n<h6 class=\"wp-block-heading\"><a href=\"https:\/\/www.belgranocordoba.com\/noticia-belgrano\/4223\/\">Protocolo contra la violencia de g\u00e9nero<\/a><\/h6>\n\n\n\n<p>Posterior a su firma, Belgrano confirm\u00f3 que desde ahora en m\u00e1s todos los jugadores que estuvieren imputados en una causa judicial por violencia de g\u00e9nero, podr\u00e1n ser excluidos del plantel preventivamente hasta tanto quede esclarecida la situaci\u00f3n judicial. En caso de que la denuncia prosperase y hubiere una condena firme por parte de la justicia, el Pirata podr\u00e1 rescindir autom\u00e1ticamente el v\u00ednculo con el jugador sin resarcimiento econ\u00f3mico alguno.<\/p>\n\n\n\n<p>Esta disposici\u00f3n, iniciativa del \u00c1rea de G\u00e9neros del Club y con el acompa\u00f1amiento de la actual gesti\u00f3n, evidencia el compromiso y decisi\u00f3n institucional que permite seguir avanzando hacia adelante en transformaciones necesarias, que abren el camino a la construcci\u00f3n de un club libre de violencias y discriminaci\u00f3n por g\u00e9nero, dando respuesta de manera estructural e institucional a esta problem\u00e1tica social evidencia el compromiso que jugadores y club asumen, siendo parte activa de un momento hist\u00f3rico que necesita de acciones concretas vinculadas a la prevenci\u00f3n y erradicaci\u00f3n de la violencia de g\u00e9nero.<\/p>\n\n\n\n<p>Los antecedentes para esta cl\u00e1usula se reflejan en las experiencias que ya llevaron adelante el V\u00e9lez S\u00e1rsfield y San Lorenzo de Almagro.<\/p>\n\n\n\n<figure class=\"wp-block-embed-twitter wp-block-embed is-type-rich is-provider-twitter\"><div class=\"wp-block-embed__wrapper\">\n<blockquote class=\"twitter-tweet\" data-width=\"550\" data-dnt=\"true\"><p lang=\"es\" dir=\"ltr\">\ud83e\udd1a\ud83e\uddd1\ud83d\udc69 <a href=\"https:\/\/twitter.com\/hashtag\/Belgrano?src=hash&amp;ref_src=twsrc%5Etfw\">#Belgrano<\/a> aplica una nueva medida contra la violencia de g\u00e9nero.<br><br>A partir de la firma de Nahuel Losada, todos los jugadores que se integren al plantel tendr\u00e1n incorporada en sus contratos una cl\u00e1usula contra este tipo de violencia.<br><br>M\u00e1s info \ud83d\udc49 <a href=\"https:\/\/t.co\/c7d2W5j26D\">https:\/\/t.co\/c7d2W5j26D<\/a> <a href=\"https:\/\/t.co\/gOOLkemKJK\">pic.twitter.com\/gOOLkemKJK<\/a><\/p>&mdash; Belgrano (@Belgrano) <a href=\"https:\/\/twitter.com\/Belgrano\/status\/1308103952374755328?ref_src=twsrc%5Etfw\">September 21, 2020<\/a><\/blockquote><script async src=\"https:\/\/platform.twitter.com\/widgets.js\" charset=\"utf-8\"><\/script>\n<\/div><\/figure>\n","protected":false},"excerpt":{"rendered":"<p>Nahuel Losada firm\u00f3 contrato con el conjunto Pirata hasta diciembre de 2021. Luego de su firma, todos los jugadores que se integren al equipo cordob\u00e9s tendr\u00e1n una cl\u00e1usula contra la violencia de g\u00e9nero.<\/p>\n","protected":false},"author":1,"featured_media":6263,"comment_status":"open","ping_status":"open","sticky":false,"template":"","format":"standard","meta":{"footnotes":""},"categories":[33,39],"tags":[97,105,520],"class_list":["post-6255","post","type-post","status-publish","format-standard","has-post-thumbnail","hentry","category-belgrano","category-futbol","tag-belgrano","tag-caruso-lombardi","tag-nahuel-losada"],"yoast_head":"<!-- This site is optimized with the Yoast SEO plugin v26.1.1 - https:\/\/yoast.com\/wordpress\/plugins\/seo\/ -->\n<title>Belgrano: refuerzo para el arco y un nuevo protocolo contra la violencia de g\u00e9nero - Golandpop<\/title>\n<meta name=\"description\" content=\"Nahuel Losada firm\u00f3 contrato con el conjunto Pirata hasta diciembre de 2021. Luego de su firma, todos los jugadores que se integren al equipo cordob\u00e9s tendr\u00e1n una cl\u00e1usula espec\u00edfica contra la violencia de g\u00e9nero.\" \/>\n<meta name=\"robots\" content=\"index, follow, max-snippet:-1, max-image-preview:large, max-video-preview:-1\" \/>\n<link rel=\"canonical\" href=\"https:\/\/golandpop.com\/index.php\/2020\/09\/21\/belgrano-nahuel-losada-protocolo-contra-la-violencia-de-genero\/\" \/>\n<meta property=\"og:locale\" content=\"es_ES\" \/>\n<meta property=\"og:type\" content=\"article\" \/>\n<meta property=\"og:title\" content=\"Belgrano: refuerzo para el arco y un nuevo protocolo contra la violencia de g\u00e9nero - Golandpop\" \/>\n<meta property=\"og:description\" content=\"Nahuel Losada firm\u00f3 contrato con el conjunto Pirata hasta diciembre de 2021. Luego de su firma, todos los jugadores que se integren al equipo cordob\u00e9s tendr\u00e1n una cl\u00e1usula espec\u00edfica contra la violencia de g\u00e9nero.\" \/>\n<meta property=\"og:url\" content=\"https:\/\/golandpop.com\/index.php\/2020\/09\/21\/belgrano-nahuel-losada-protocolo-contra-la-violencia-de-genero\/\" \/>\n<meta property=\"og:site_name\" content=\"Golandpop\" \/>\n<meta property=\"article:published_time\" content=\"2020-09-21T22:26:21+00:00\" \/>\n<meta property=\"article:modified_time\" content=\"2020-09-21T22:26:22+00:00\" \/>\n<meta property=\"og:image\" content=\"https:\/\/golandpop.com\/wp-content\/uploads\/2020\/09\/Eic3dsRWsAAJbBw.jpg\" \/>\n\t<meta property=\"og:image:width\" content=\"1200\" \/>\n\t<meta property=\"og:image:height\" content=\"675\" \/>\n\t<meta property=\"og:image:type\" content=\"image\/jpeg\" \/>\n<meta name=\"author\" content=\"Gol&amp;Pop\" \/>\n<meta name=\"twitter:card\" content=\"summary_large_image\" \/>\n<meta name=\"twitter:creator\" content=\"@golandpop\" \/>\n<meta name=\"twitter:site\" content=\"@golandpop\" \/>\n<meta name=\"twitter:label1\" content=\"Escrito por\" \/>\n\t<meta name=\"twitter:data1\" content=\"Gol&amp;Pop\" \/>\n\t<meta name=\"twitter:label2\" content=\"Tiempo de lectura\" \/>\n\t<meta name=\"twitter:data2\" content=\"2 minutos\" \/>\n<script type=\"application\/ld+json\" class=\"yoast-schema-graph\">{\"@context\":\"https:\/\/schema.org\",\"@graph\":[{\"@type\":\"Article\",\"@id\":\"https:\/\/golandpop.com\/index.php\/2020\/09\/21\/belgrano-nahuel-losada-protocolo-contra-la-violencia-de-genero\/#article\",\"isPartOf\":{\"@id\":\"https:\/\/golandpop.com\/index.php\/2020\/09\/21\/belgrano-nahuel-losada-protocolo-contra-la-violencia-de-genero\/\"},\"author\":{\"name\":\"Gol&amp;Pop\",\"@id\":\"https:\/\/golandpop.com\/#\/schema\/person\/2809725861e0da25eaffe2d9b29c9613\"},\"headline\":\"Belgrano: refuerzo para el arco y un nuevo protocolo contra la violencia de g\u00e9nero\",\"datePublished\":\"2020-09-21T22:26:21+00:00\",\"dateModified\":\"2020-09-21T22:26:22+00:00\",\"mainEntityOfPage\":{\"@id\":\"https:\/\/golandpop.com\/index.php\/2020\/09\/21\/belgrano-nahuel-losada-protocolo-contra-la-violencia-de-genero\/\"},\"wordCount\":396,\"commentCount\":0,\"publisher\":{\"@id\":\"https:\/\/golandpop.com\/#organization\"},\"image\":{\"@id\":\"https:\/\/golandpop.com\/index.php\/2020\/09\/21\/belgrano-nahuel-losada-protocolo-contra-la-violencia-de-genero\/#primaryimage\"},\"thumbnailUrl\":\"https:\/\/golandpop.com\/wp-content\/uploads\/2020\/09\/Eic3dsRWsAAJbBw.jpg\",\"keywords\":[\"Belgrano\",\"Caruso Lombardi\",\"Nahuel Losada\"],\"articleSection\":[\"Belgrano\",\"F\u00fatbol\"],\"inLanguage\":\"es-AR\"},{\"@type\":\"WebPage\",\"@id\":\"https:\/\/golandpop.com\/index.php\/2020\/09\/21\/belgrano-nahuel-losada-protocolo-contra-la-violencia-de-genero\/\",\"url\":\"https:\/\/golandpop.com\/index.php\/2020\/09\/21\/belgrano-nahuel-losada-protocolo-contra-la-violencia-de-genero\/\",\"name\":\"Belgrano: refuerzo para el arco y un nuevo protocolo contra la violencia de g\u00e9nero - Golandpop\",\"isPartOf\":{\"@id\":\"https:\/\/golandpop.com\/#website\"},\"primaryImageOfPage\":{\"@id\":\"https:\/\/golandpop.com\/index.php\/2020\/09\/21\/belgrano-nahuel-losada-protocolo-contra-la-violencia-de-genero\/#primaryimage\"},\"image\":{\"@id\":\"https:\/\/golandpop.com\/index.php\/2020\/09\/21\/belgrano-nahuel-losada-protocolo-contra-la-violencia-de-genero\/#primaryimage\"},\"thumbnailUrl\":\"https:\/\/golandpop.com\/wp-content\/uploads\/2020\/09\/Eic3dsRWsAAJbBw.jpg\",\"datePublished\":\"2020-09-21T22:26:21+00:00\",\"dateModified\":\"2020-09-21T22:26:22+00:00\",\"description\":\"Nahuel Losada firm\u00f3 contrato con el conjunto Pirata hasta diciembre de 2021. Luego de su firma, todos los jugadores que se integren al equipo cordob\u00e9s tendr\u00e1n una cl\u00e1usula espec\u00edfica contra la violencia de g\u00e9nero.\",\"breadcrumb\":{\"@id\":\"https:\/\/golandpop.com\/index.php\/2020\/09\/21\/belgrano-nahuel-losada-protocolo-contra-la-violencia-de-genero\/#breadcrumb\"},\"inLanguage\":\"es-AR\",\"potentialAction\":[{\"@type\":\"ReadAction\",\"target\":[\"https:\/\/golandpop.com\/index.php\/2020\/09\/21\/belgrano-nahuel-losada-protocolo-contra-la-violencia-de-genero\/\"]}]},{\"@type\":\"ImageObject\",\"inLanguage\":\"es-AR\",\"@id\":\"https:\/\/golandpop.com\/index.php\/2020\/09\/21\/belgrano-nahuel-losada-protocolo-contra-la-violencia-de-genero\/#primaryimage\",\"url\":\"https:\/\/golandpop.com\/wp-content\/uploads\/2020\/09\/Eic3dsRWsAAJbBw.jpg\",\"contentUrl\":\"https:\/\/golandpop.com\/wp-content\/uploads\/2020\/09\/Eic3dsRWsAAJbBw.jpg\",\"width\":1200,\"height\":675,\"caption\":\"Foto: Prensa Belgrano.\"},{\"@type\":\"BreadcrumbList\",\"@id\":\"https:\/\/golandpop.com\/index.php\/2020\/09\/21\/belgrano-nahuel-losada-protocolo-contra-la-violencia-de-genero\/#breadcrumb\",\"itemListElement\":[{\"@type\":\"ListItem\",\"position\":1,\"name\":\"Inicio\",\"item\":\"https:\/\/golandpop.com\/\"},{\"@type\":\"ListItem\",\"position\":2,\"name\":\"Belgrano: refuerzo para el arco y un nuevo protocolo contra la violencia de g\u00e9nero\"}]},{\"@type\":\"WebSite\",\"@id\":\"https:\/\/golandpop.com\/#website\",\"url\":\"https:\/\/golandpop.com\/\",\"name\":\"Golandpop\",\"description\":\"\",\"publisher\":{\"@id\":\"https:\/\/golandpop.com\/#organization\"},\"potentialAction\":[{\"@type\":\"SearchAction\",\"target\":{\"@type\":\"EntryPoint\",\"urlTemplate\":\"https:\/\/golandpop.com\/?s={search_term_string}\"},\"query-input\":{\"@type\":\"PropertyValueSpecification\",\"valueRequired\":true,\"valueName\":\"search_term_string\"}}],\"inLanguage\":\"es-AR\"},{\"@type\":\"Organization\",\"@id\":\"https:\/\/golandpop.com\/#organization\",\"name\":\"GolandPop\",\"url\":\"https:\/\/golandpop.com\/\",\"logo\":{\"@type\":\"ImageObject\",\"inLanguage\":\"es-AR\",\"@id\":\"https:\/\/golandpop.com\/#\/schema\/logo\/image\/\",\"url\":\"https:\/\/golandpop.com\/wp-content\/uploads\/2020\/04\/favicon_gol_pop.png\",\"contentUrl\":\"https:\/\/golandpop.com\/wp-content\/uploads\/2020\/04\/favicon_gol_pop.png\",\"width\":246,\"height\":246,\"caption\":\"GolandPop\"},\"image\":{\"@id\":\"https:\/\/golandpop.com\/#\/schema\/logo\/image\/\"},\"sameAs\":[\"https:\/\/x.com\/golandpop\",\"https:\/\/www.instagram.com\/golandpopcordoba\/\"]},{\"@type\":\"Person\",\"@id\":\"https:\/\/golandpop.com\/#\/schema\/person\/2809725861e0da25eaffe2d9b29c9613\",\"name\":\"Gol&amp;Pop\",\"image\":{\"@type\":\"ImageObject\",\"inLanguage\":\"es-AR\",\"@id\":\"https:\/\/golandpop.com\/#\/schema\/person\/image\/\",\"url\":\"https:\/\/secure.gravatar.com\/avatar\/9a87ee051ca8c77f5d4070843ce2c78cdf95b858b950fb039151de955122f5f5?s=96&d=mm&r=g\",\"contentUrl\":\"https:\/\/secure.gravatar.com\/avatar\/9a87ee051ca8c77f5d4070843ce2c78cdf95b858b950fb039151de955122f5f5?s=96&d=mm&r=g\",\"caption\":\"Gol&amp;Pop\"},\"sameAs\":[\"http:\/\/golandpop.com\"],\"url\":\"https:\/\/golandpop.com\/index.php\/author\/admin\/\"}]}<\/script>\n<!-- \/ Yoast SEO plugin. -->","yoast_head_json":{"title":"Belgrano: refuerzo para el arco y un nuevo protocolo contra la violencia de g\u00e9nero - Golandpop","description":"Nahuel Losada firm\u00f3 contrato con el conjunto Pirata hasta diciembre de 2021. Luego de su firma, todos los jugadores que se integren al equipo cordob\u00e9s tendr\u00e1n una cl\u00e1usula espec\u00edfica contra la violencia de g\u00e9nero.","robots":{"index":"index","follow":"follow","max-snippet":"max-snippet:-1","max-image-preview":"max-image-preview:large","max-video-preview":"max-video-preview:-1"},"canonical":"https:\/\/golandpop.com\/index.php\/2020\/09\/21\/belgrano-nahuel-losada-protocolo-contra-la-violencia-de-genero\/","og_locale":"es_ES","og_type":"article","og_title":"Belgrano: refuerzo para el arco y un nuevo protocolo contra la violencia de g\u00e9nero - Golandpop","og_description":"Nahuel Losada firm\u00f3 contrato con el conjunto Pirata hasta diciembre de 2021. Luego de su firma, todos los jugadores que se integren al equipo cordob\u00e9s tendr\u00e1n una cl\u00e1usula espec\u00edfica contra la violencia de g\u00e9nero.","og_url":"https:\/\/golandpop.com\/index.php\/2020\/09\/21\/belgrano-nahuel-losada-protocolo-contra-la-violencia-de-genero\/","og_site_name":"Golandpop","article_published_time":"2020-09-21T22:26:21+00:00","article_modified_time":"2020-09-21T22:26:22+00:00","og_image":[{"width":1200,"height":675,"url":"https:\/\/golandpop.com\/wp-content\/uploads\/2020\/09\/Eic3dsRWsAAJbBw.jpg","type":"image\/jpeg"}],"author":"Gol&amp;Pop","twitter_card":"summary_large_image","twitter_creator":"@golandpop","twitter_site":"@golandpop","twitter_misc":{"Escrito por":"Gol&amp;Pop","Tiempo de lectura":"2 minutos"},"schema":{"@context":"https:\/\/schema.org","@graph":[{"@type":"Article","@id":"https:\/\/golandpop.com\/index.php\/2020\/09\/21\/belgrano-nahuel-losada-protocolo-contra-la-violencia-de-genero\/#article","isPartOf":{"@id":"https:\/\/golandpop.com\/index.php\/2020\/09\/21\/belgrano-nahuel-losada-protocolo-contra-la-violencia-de-genero\/"},"author":{"name":"Gol&amp;Pop","@id":"https:\/\/golandpop.com\/#\/schema\/person\/2809725861e0da25eaffe2d9b29c9613"},"headline":"Belgrano: refuerzo para el arco y un nuevo protocolo contra la violencia de g\u00e9nero","datePublished":"2020-09-21T22:26:21+00:00","dateModified":"2020-09-21T22:26:22+00:00","mainEntityOfPage":{"@id":"https:\/\/golandpop.com\/index.php\/2020\/09\/21\/belgrano-nahuel-losada-protocolo-contra-la-violencia-de-genero\/"},"wordCount":396,"commentCount":0,"publisher":{"@id":"https:\/\/golandpop.com\/#organization"},"image":{"@id":"https:\/\/golandpop.com\/index.php\/2020\/09\/21\/belgrano-nahuel-losada-protocolo-contra-la-violencia-de-genero\/#primaryimage"},"thumbnailUrl":"https:\/\/golandpop.com\/wp-content\/uploads\/2020\/09\/Eic3dsRWsAAJbBw.jpg","keywords":["Belgrano","Caruso Lombardi","Nahuel Losada"],"articleSection":["Belgrano","F\u00fatbol"],"inLanguage":"es-AR"},{"@type":"WebPage","@id":"https:\/\/golandpop.com\/index.php\/2020\/09\/21\/belgrano-nahuel-losada-protocolo-contra-la-violencia-de-genero\/","url":"https:\/\/golandpop.com\/index.php\/2020\/09\/21\/belgrano-nahuel-losada-protocolo-contra-la-violencia-de-genero\/","name":"Belgrano: refuerzo para el arco y un nuevo protocolo contra la violencia de g\u00e9nero - Golandpop","isPartOf":{"@id":"https:\/\/golandpop.com\/#website"},"primaryImageOfPage":{"@id":"https:\/\/golandpop.com\/index.php\/2020\/09\/21\/belgrano-nahuel-losada-protocolo-contra-la-violencia-de-genero\/#primaryimage"},"image":{"@id":"https:\/\/golandpop.com\/index.php\/2020\/09\/21\/belgrano-nahuel-losada-protocolo-contra-la-violencia-de-genero\/#primaryimage"},"thumbnailUrl":"https:\/\/golandpop.com\/wp-content\/uploads\/2020\/09\/Eic3dsRWsAAJbBw.jpg","datePublished":"2020-09-21T22:26:21+00:00","dateModified":"2020-09-21T22:26:22+00:00","description":"Nahuel Losada firm\u00f3 contrato con el conjunto Pirata hasta diciembre de 2021. Luego de su firma, todos los jugadores que se integren al equipo cordob\u00e9s tendr\u00e1n una cl\u00e1usula espec\u00edfica contra la violencia de g\u00e9nero.","breadcrumb":{"@id":"https:\/\/golandpop.com\/index.php\/2020\/09\/21\/belgrano-nahuel-losada-protocolo-contra-la-violencia-de-genero\/#breadcrumb"},"inLanguage":"es-AR","potentialAction":[{"@type":"ReadAction","target":["https:\/\/golandpop.com\/index.php\/2020\/09\/21\/belgrano-nahuel-losada-protocolo-contra-la-violencia-de-genero\/"]}]},{"@type":"ImageObject","inLanguage":"es-AR","@id":"https:\/\/golandpop.com\/index.php\/2020\/09\/21\/belgrano-nahuel-losada-protocolo-contra-la-violencia-de-genero\/#primaryimage","url":"https:\/\/golandpop.com\/wp-content\/uploads\/2020\/09\/Eic3dsRWsAAJbBw.jpg","contentUrl":"https:\/\/golandpop.com\/wp-content\/uploads\/2020\/09\/Eic3dsRWsAAJbBw.jpg","width":1200,"height":675,"caption":"Foto: Prensa Belgrano."},{"@type":"BreadcrumbList","@id":"https:\/\/golandpop.com\/index.php\/2020\/09\/21\/belgrano-nahuel-losada-protocolo-contra-la-violencia-de-genero\/#breadcrumb","itemListElement":[{"@type":"ListItem","position":1,"name":"Inicio","item":"https:\/\/golandpop.com\/"},{"@type":"ListItem","position":2,"name":"Belgrano: refuerzo para el arco y un nuevo protocolo contra la violencia de g\u00e9nero"}]},{"@type":"WebSite","@id":"https:\/\/golandpop.com\/#website","url":"https:\/\/golandpop.com\/","name":"Golandpop","description":"","publisher":{"@id":"https:\/\/golandpop.com\/#organization"},"potentialAction":[{"@type":"SearchAction","target":{"@type":"EntryPoint","urlTemplate":"https:\/\/golandpop.com\/?s={search_term_string}"},"query-input":{"@type":"PropertyValueSpecification","valueRequired":true,"valueName":"search_term_string"}}],"inLanguage":"es-AR"},{"@type":"Organization","@id":"https:\/\/golandpop.com\/#organization","name":"GolandPop","url":"https:\/\/golandpop.com\/","logo":{"@type":"ImageObject","inLanguage":"es-AR","@id":"https:\/\/golandpop.com\/#\/schema\/logo\/image\/","url":"https:\/\/golandpop.com\/wp-content\/uploads\/2020\/04\/favicon_gol_pop.png","contentUrl":"https:\/\/golandpop.com\/wp-content\/uploads\/2020\/04\/favicon_gol_pop.png","width":246,"height":246,"caption":"GolandPop"},"image":{"@id":"https:\/\/golandpop.com\/#\/schema\/logo\/image\/"},"sameAs":["https:\/\/x.com\/golandpop","https:\/\/www.instagram.com\/golandpopcordoba\/"]},{"@type":"Person","@id":"https:\/\/golandpop.com\/#\/schema\/person\/2809725861e0da25eaffe2d9b29c9613","name":"Gol&amp;Pop","image":{"@type":"ImageObject","inLanguage":"es-AR","@id":"https:\/\/golandpop.com\/#\/schema\/person\/image\/","url":"https:\/\/secure.gravatar.com\/avatar\/9a87ee051ca8c77f5d4070843ce2c78cdf95b858b950fb039151de955122f5f5?s=96&d=mm&r=g","contentUrl":"https:\/\/secure.gravatar.com\/avatar\/9a87ee051ca8c77f5d4070843ce2c78cdf95b858b950fb039151de955122f5f5?s=96&d=mm&r=g","caption":"Gol&amp;Pop"},"sameAs":["http:\/\/golandpop.com"],"url":"https:\/\/golandpop.com\/index.php\/author\/admin\/"}]}},"_links":{"self":[{"href":"https:\/\/golandpop.com\/index.php\/wp-json\/wp\/v2\/posts\/6255","targetHints":{"allow":["GET"]}}],"collection":[{"href":"https:\/\/golandpop.com\/index.php\/wp-json\/wp\/v2\/posts"}],"about":[{"href":"https:\/\/golandpop.com\/index.php\/wp-json\/wp\/v2\/types\/post"}],"author":[{"embeddable":true,"href":"https:\/\/golandpop.com\/index.php\/wp-json\/wp\/v2\/users\/1"}],"replies":[{"embeddable":true,"href":"https:\/\/golandpop.com\/index.php\/wp-json\/wp\/v2\/comments?post=6255"}],"version-history":[{"count":5,"href":"https:\/\/golandpop.com\/index.php\/wp-json\/wp\/v2\/posts\/6255\/revisions"}],"predecessor-version":[{"id":6264,"href":"https:\/\/golandpop.com\/index.php\/wp-json\/wp\/v2\/posts\/6255\/revisions\/6264"}],"wp:featuredmedia":[{"embeddable":true,"href":"https:\/\/golandpop.com\/index.php\/wp-json\/wp\/v2\/media\/6263"}],"wp:attachment":[{"href":"https:\/\/golandpop.com\/index.php\/wp-json\/wp\/v2\/media?parent=6255"}],"wp:term":[{"taxonomy":"category","embeddable":true,"href":"https:\/\/golandpop.com\/index.php\/wp-json\/wp\/v2\/categories?post=6255"},{"taxonomy":"post_tag","embeddable":true,"href":"https:\/\/golandpop.com\/index.php\/wp-json\/wp\/v2\/tags?post=6255"}],"curies":[{"name":"wp","href":"https:\/\/api.w.org\/{rel}","templated":true}]}}