{"id":6252,"date":"2020-09-21T20:08:35","date_gmt":"2020-09-21T23:08:35","guid":{"rendered":"https:\/\/golandpop.com\/?p=6252"},"modified":"2020-09-21T20:18:18","modified_gmt":"2020-09-21T23:18:18","slug":"gaston-liendo-vojvoda-hincha-talleres-fassi-cholo-guinazu-fassi","status":"publish","type":"post","link":"https:\/\/golandpop.com\/index.php\/2020\/09\/21\/gaston-liendo-vojvoda-hincha-talleres-fassi-cholo-guinazu-fassi\/","title":{"rendered":"Liendo, ayudante de campo de Vojvoda: &#8220;La hinchada de Talleres no estaba a gusto y se sent\u00eda&#8221;"},"content":{"rendered":"\n<p>Gast\u00f3n Liendo, quien supo ser jugador en Belgrano y ayudante de campo en <a href=\"https:\/\/golandpop.com\/index.php\/category\/talleres\/\">Talleres<\/a> con Juan Pablo Vojvoda como DT, habl\u00f3 con el programa <a href=\"https:\/\/twitter.com\/futbolemicok\"><em>&#8216;Futbol\u00e9mico&#8217;<\/em><\/a> de Radio Impacto e hizo referencia a su paso por el Matador.<\/p>\n\n\n\n<p>Con su salida de Barrio Jard\u00edn ya lejana, y viviendo el d\u00eda a d\u00eda en Uni\u00f3n La Calera de Chile, Gast\u00f3n habl\u00f3 de porqu\u00e9 no continu\u00f3 el cuerpo t\u00e9cnico de Vojvoda al frente de Talleres. <\/p>\n\n\n\n<p>&#8220;<strong>El hecho de no haber clasificado a la Copa Sudamericana ha puesto en la balanza de <a href=\"https:\/\/golandpop.com\/index.php\/tag\/andres-fassi\/\">Andr\u00e9s (Fassi)<\/a> de que no continuemos<\/strong>. Analizando el proceso, los puntos positivos y negativos me da la sensaci\u00f3n de que eso fue un factor que pudo haber sido determinante. <strong>Tambi\u00e9n hab\u00eda una parte de la hinchada que no estaba a gusto y eso se sent\u00eda<\/strong>&#8220;, asegur\u00f3. <\/p>\n\n\n\n<p>&#8220;Es dif\u00edcil llegar a un club despu\u00e9s de un proceso exitoso como el de Kudelka. Hab\u00eda un enamoramiento del hincha l\u00f3gico que hac\u00eda que todo lo que venga despu\u00e9s iba a ser mirado con otro ojo. En Newell&#8217;s pas\u00f3 lo mismo despu\u00e9s de Martino&#8221;, explic\u00f3 Liendo.<\/p>\n\n\n\n<p>Despu\u00e9s se le consult\u00f3 acerca del retiro del <a href=\"https:\/\/golandpop.com\/index.php\/tag\/cholo-guinazu\/\">&#8220;Cholo&#8221; Gui\u00f1az\u00fa<\/a> luego de la derrota con Palestino, a lo que Gast\u00f3n respondi\u00f3: &#8220;El &#8216;Cholo&#8217; para nosotros era fundamental, no solamente desde lo futbol\u00edstico sino que tambi\u00e9n desde lo humano. <strong>El retiro fue un golpe que no esper\u00e1bamos<\/strong>. <strong>Fue un golpe an\u00edmico que hizo que disminuyamos un poco<\/strong>.&#8221;<\/p>\n\n\n\n<figure class=\"wp-block-embed-twitter wp-block-embed is-type-rich is-provider-twitter\"><div class=\"wp-block-embed__wrapper\">\n<blockquote class=\"twitter-tweet\" data-width=\"550\" data-dnt=\"true\"><p lang=\"es\" dir=\"ltr\">Gast\u00f3n Liendo, ex ayudante de campo de <a href=\"https:\/\/twitter.com\/hashtag\/Talleres?src=hash&amp;ref_src=twsrc%5Etfw\">#Talleres<\/a>: &quot;Fue un golpe la salida del <a href=\"https:\/\/twitter.com\/chologuinazu5?ref_src=twsrc%5Etfw\">@chologuinazu5<\/a>, no lo esper\u00e1bamos en ese momento. Fue una decisi\u00f3n totalmente aceptable&quot;.<\/p>&mdash; Futbolemico (@futbolemicok) <a href=\"https:\/\/twitter.com\/futbolemicok\/status\/1308068487798099968?ref_src=twsrc%5Etfw\">September 21, 2020<\/a><\/blockquote><script async src=\"https:\/\/platform.twitter.com\/widgets.js\" charset=\"utf-8\"><\/script>\n<\/div><\/figure>\n\n\n\n<p>Luego habl\u00f3 sobre su apego con C\u00f3rdoba. &#8220;Tuve un lindo paso por <a href=\"https:\/\/golandpop.com\/index.php\/category\/futbol\/belgrano\/\">Belgrano<\/a> y estuve identificado pero cuando a llegu\u00e9 a Talleres me trataron muy bien. Estoy agradecido con la gente de los dos clubes. A C\u00f3rdoba como ciudad la quiero mucho, mi hijo es cordob\u00e9s&#8221;, se expres\u00f3 Liendo.<\/p>\n\n\n\n<p>Despu\u00e9s compar\u00f3 como se vive la presi\u00f3n en el f\u00fatbol chileno y en el f\u00fatbol nacional. &#8220;Hay mucha presi\u00f3n en el f\u00fatbol argentino, no solamente del lado de la prensa sino que tambi\u00e9n desde el lado del hincha. Cuando nos vamos extra\u00f1amos un poco eso. Sentir que tengo que hacerlo porque sino miro para atr\u00e1s y todos me chiflan. Ac\u00e1 en Chile se vive distinto, hay cierta  tranquilidad&#8221; cont\u00f3 el ayudante de Vojvoda.<\/p>\n\n\n\n<p>Con respecto a los casos de COVID-19 en su plantel dijo: &#8220;Nosotros hemos tenido un caso de un chico de inferiores que alternaba los entrenamientos. Paramos quince d\u00edas y volvimos a entrenar. Despu\u00e9s no tuvimos m\u00e1s casos en el plantel&#8221;.<\/p>\n\n\n\n<figure class=\"wp-block-embed-youtube wp-block-embed is-type-video is-provider-youtube wp-embed-aspect-16-9 wp-has-aspect-ratio\"><div class=\"wp-block-embed__wrapper\">\n<iframe title=\"GAST\u00d3N LIENDO - AYUDANTE DE JUAN PABLO VOJVODA\" width=\"740\" height=\"416\" src=\"https:\/\/www.youtube.com\/embed\/LJBmIc1y1Cc?feature=oembed\" frameborder=\"0\" allow=\"accelerometer; autoplay; clipboard-write; encrypted-media; gyroscope; picture-in-picture\" allowfullscreen><\/iframe>\n<\/div><\/figure>\n","protected":false},"excerpt":{"rendered":"<p>Gast\u00f3n Liendo, quien supo ser jugador en Belgrano y ayudante de campo en Talleres con Juan Pablo Vojvoda como DT, habl\u00f3 con el programa &#8216;Futbol\u00e9mico&#8217; e hizo referencia a su paso por el Matador.<\/p>\n","protected":false},"author":1,"featured_media":6269,"comment_status":"open","ping_status":"open","sticky":false,"template":"","format":"standard","meta":{"footnotes":""},"categories":[39,48],"tags":[74,97,113,521,185,285],"class_list":["post-6252","post","type-post","status-publish","format-standard","has-post-thumbnail","hentry","category-futbol","category-talleres","tag-andres-fassi","tag-belgrano","tag-cholo-guinazu","tag-gaston-liendo","tag-juan-pablo-vojvoda","tag-talleres-2"],"yoast_head":"<!-- This site is optimized with the Yoast SEO plugin v26.1.1 - https:\/\/yoast.com\/wordpress\/plugins\/seo\/ -->\n<title>Liendo, ayudante de campo de Vojvoda: &quot;La hinchada de Talleres no estaba a gusto y se sent\u00eda&quot; - Golandpop<\/title>\n<meta name=\"description\" content=\"Gast\u00f3n Liendo, quien supo ser jugador en Belgrano y ayudante de campo en Talleres con Juan Pablo Vojvoda como DT, habl\u00f3 con el programa &#039;Futbol\u00e9mico&#039; de Radio Impacto e hizo referencia a su paso por el Matador.\" \/>\n<meta name=\"robots\" content=\"index, follow, max-snippet:-1, max-image-preview:large, max-video-preview:-1\" \/>\n<link rel=\"canonical\" href=\"https:\/\/golandpop.com\/index.php\/2020\/09\/21\/gaston-liendo-vojvoda-hincha-talleres-fassi-cholo-guinazu-fassi\/\" \/>\n<meta property=\"og:locale\" content=\"es_ES\" \/>\n<meta property=\"og:type\" content=\"article\" \/>\n<meta property=\"og:title\" content=\"Liendo, ayudante de campo de Vojvoda: &quot;La hinchada de Talleres no estaba a gusto y se sent\u00eda&quot; - Golandpop\" \/>\n<meta property=\"og:description\" content=\"Gast\u00f3n Liendo, quien supo ser jugador en Belgrano y ayudante de campo en Talleres con Juan Pablo Vojvoda como DT, habl\u00f3 con el programa &#039;Futbol\u00e9mico&#039; de Radio Impacto e hizo referencia a su paso por el Matador.\" \/>\n<meta property=\"og:url\" content=\"https:\/\/golandpop.com\/index.php\/2020\/09\/21\/gaston-liendo-vojvoda-hincha-talleres-fassi-cholo-guinazu-fassi\/\" \/>\n<meta property=\"og:site_name\" content=\"Golandpop\" \/>\n<meta property=\"article:published_time\" content=\"2020-09-21T23:08:35+00:00\" \/>\n<meta property=\"article:modified_time\" content=\"2020-09-21T23:18:18+00:00\" \/>\n<meta property=\"og:image\" content=\"https:\/\/golandpop.com\/wp-content\/uploads\/2020\/09\/liendo-vojvoda-fassi-talleres.jpg\" \/>\n\t<meta property=\"og:image:width\" content=\"768\" \/>\n\t<meta property=\"og:image:height\" content=\"497\" \/>\n\t<meta property=\"og:image:type\" content=\"image\/jpeg\" \/>\n<meta name=\"author\" content=\"Gol&amp;Pop\" \/>\n<meta name=\"twitter:card\" content=\"summary_large_image\" \/>\n<meta name=\"twitter:creator\" content=\"@golandpop\" \/>\n<meta name=\"twitter:site\" content=\"@golandpop\" \/>\n<meta name=\"twitter:label1\" content=\"Escrito por\" \/>\n\t<meta name=\"twitter:data1\" content=\"Gol&amp;Pop\" \/>\n\t<meta name=\"twitter:label2\" content=\"Tiempo de lectura\" \/>\n\t<meta name=\"twitter:data2\" content=\"2 minutos\" \/>\n<script type=\"application\/ld+json\" class=\"yoast-schema-graph\">{\"@context\":\"https:\/\/schema.org\",\"@graph\":[{\"@type\":\"Article\",\"@id\":\"https:\/\/golandpop.com\/index.php\/2020\/09\/21\/gaston-liendo-vojvoda-hincha-talleres-fassi-cholo-guinazu-fassi\/#article\",\"isPartOf\":{\"@id\":\"https:\/\/golandpop.com\/index.php\/2020\/09\/21\/gaston-liendo-vojvoda-hincha-talleres-fassi-cholo-guinazu-fassi\/\"},\"author\":{\"name\":\"Gol&amp;Pop\",\"@id\":\"https:\/\/golandpop.com\/#\/schema\/person\/2809725861e0da25eaffe2d9b29c9613\"},\"headline\":\"Liendo, ayudante de campo de Vojvoda: &#8220;La hinchada de Talleres no estaba a gusto y se sent\u00eda&#8221;\",\"datePublished\":\"2020-09-21T23:08:35+00:00\",\"dateModified\":\"2020-09-21T23:18:18+00:00\",\"mainEntityOfPage\":{\"@id\":\"https:\/\/golandpop.com\/index.php\/2020\/09\/21\/gaston-liendo-vojvoda-hincha-talleres-fassi-cholo-guinazu-fassi\/\"},\"wordCount\":477,\"commentCount\":0,\"publisher\":{\"@id\":\"https:\/\/golandpop.com\/#organization\"},\"image\":{\"@id\":\"https:\/\/golandpop.com\/index.php\/2020\/09\/21\/gaston-liendo-vojvoda-hincha-talleres-fassi-cholo-guinazu-fassi\/#primaryimage\"},\"thumbnailUrl\":\"https:\/\/golandpop.com\/wp-content\/uploads\/2020\/09\/liendo-vojvoda-fassi-talleres.jpg\",\"keywords\":[\"Andr\u00e9s Fassi\",\"Belgrano\",\"Cholo Gui\u00f1az\u00fa\",\"Gast\u00f3n Liendo\",\"Juan Pablo Vojvoda\",\"Talleres\"],\"articleSection\":[\"F\u00fatbol\",\"Talleres\"],\"inLanguage\":\"es-AR\"},{\"@type\":\"WebPage\",\"@id\":\"https:\/\/golandpop.com\/index.php\/2020\/09\/21\/gaston-liendo-vojvoda-hincha-talleres-fassi-cholo-guinazu-fassi\/\",\"url\":\"https:\/\/golandpop.com\/index.php\/2020\/09\/21\/gaston-liendo-vojvoda-hincha-talleres-fassi-cholo-guinazu-fassi\/\",\"name\":\"Liendo, ayudante de campo de Vojvoda: \\\"La hinchada de Talleres no estaba a gusto y se sent\u00eda\\\" - Golandpop\",\"isPartOf\":{\"@id\":\"https:\/\/golandpop.com\/#website\"},\"primaryImageOfPage\":{\"@id\":\"https:\/\/golandpop.com\/index.php\/2020\/09\/21\/gaston-liendo-vojvoda-hincha-talleres-fassi-cholo-guinazu-fassi\/#primaryimage\"},\"image\":{\"@id\":\"https:\/\/golandpop.com\/index.php\/2020\/09\/21\/gaston-liendo-vojvoda-hincha-talleres-fassi-cholo-guinazu-fassi\/#primaryimage\"},\"thumbnailUrl\":\"https:\/\/golandpop.com\/wp-content\/uploads\/2020\/09\/liendo-vojvoda-fassi-talleres.jpg\",\"datePublished\":\"2020-09-21T23:08:35+00:00\",\"dateModified\":\"2020-09-21T23:18:18+00:00\",\"description\":\"Gast\u00f3n Liendo, quien supo ser jugador en Belgrano y ayudante de campo en Talleres con Juan Pablo Vojvoda como DT, habl\u00f3 con el programa 'Futbol\u00e9mico' de Radio Impacto e hizo referencia a su paso por el Matador.\",\"breadcrumb\":{\"@id\":\"https:\/\/golandpop.com\/index.php\/2020\/09\/21\/gaston-liendo-vojvoda-hincha-talleres-fassi-cholo-guinazu-fassi\/#breadcrumb\"},\"inLanguage\":\"es-AR\",\"potentialAction\":[{\"@type\":\"ReadAction\",\"target\":[\"https:\/\/golandpop.com\/index.php\/2020\/09\/21\/gaston-liendo-vojvoda-hincha-talleres-fassi-cholo-guinazu-fassi\/\"]}]},{\"@type\":\"ImageObject\",\"inLanguage\":\"es-AR\",\"@id\":\"https:\/\/golandpop.com\/index.php\/2020\/09\/21\/gaston-liendo-vojvoda-hincha-talleres-fassi-cholo-guinazu-fassi\/#primaryimage\",\"url\":\"https:\/\/golandpop.com\/wp-content\/uploads\/2020\/09\/liendo-vojvoda-fassi-talleres.jpg\",\"contentUrl\":\"https:\/\/golandpop.com\/wp-content\/uploads\/2020\/09\/liendo-vojvoda-fassi-talleres.jpg\",\"width\":768,\"height\":497,\"caption\":\"Foto: Prensa Talleres.\"},{\"@type\":\"BreadcrumbList\",\"@id\":\"https:\/\/golandpop.com\/index.php\/2020\/09\/21\/gaston-liendo-vojvoda-hincha-talleres-fassi-cholo-guinazu-fassi\/#breadcrumb\",\"itemListElement\":[{\"@type\":\"ListItem\",\"position\":1,\"name\":\"Inicio\",\"item\":\"https:\/\/golandpop.com\/\"},{\"@type\":\"ListItem\",\"position\":2,\"name\":\"Liendo, ayudante de campo de Vojvoda: &#8220;La hinchada de Talleres no estaba a gusto y se sent\u00eda&#8221;\"}]},{\"@type\":\"WebSite\",\"@id\":\"https:\/\/golandpop.com\/#website\",\"url\":\"https:\/\/golandpop.com\/\",\"name\":\"Golandpop\",\"description\":\"\",\"publisher\":{\"@id\":\"https:\/\/golandpop.com\/#organization\"},\"potentialAction\":[{\"@type\":\"SearchAction\",\"target\":{\"@type\":\"EntryPoint\",\"urlTemplate\":\"https:\/\/golandpop.com\/?s={search_term_string}\"},\"query-input\":{\"@type\":\"PropertyValueSpecification\",\"valueRequired\":true,\"valueName\":\"search_term_string\"}}],\"inLanguage\":\"es-AR\"},{\"@type\":\"Organization\",\"@id\":\"https:\/\/golandpop.com\/#organization\",\"name\":\"GolandPop\",\"url\":\"https:\/\/golandpop.com\/\",\"logo\":{\"@type\":\"ImageObject\",\"inLanguage\":\"es-AR\",\"@id\":\"https:\/\/golandpop.com\/#\/schema\/logo\/image\/\",\"url\":\"https:\/\/golandpop.com\/wp-content\/uploads\/2020\/04\/favicon_gol_pop.png\",\"contentUrl\":\"https:\/\/golandpop.com\/wp-content\/uploads\/2020\/04\/favicon_gol_pop.png\",\"width\":246,\"height\":246,\"caption\":\"GolandPop\"},\"image\":{\"@id\":\"https:\/\/golandpop.com\/#\/schema\/logo\/image\/\"},\"sameAs\":[\"https:\/\/x.com\/golandpop\",\"https:\/\/www.instagram.com\/golandpopcordoba\/\"]},{\"@type\":\"Person\",\"@id\":\"https:\/\/golandpop.com\/#\/schema\/person\/2809725861e0da25eaffe2d9b29c9613\",\"name\":\"Gol&amp;Pop\",\"image\":{\"@type\":\"ImageObject\",\"inLanguage\":\"es-AR\",\"@id\":\"https:\/\/golandpop.com\/#\/schema\/person\/image\/\",\"url\":\"https:\/\/secure.gravatar.com\/avatar\/9a87ee051ca8c77f5d4070843ce2c78cdf95b858b950fb039151de955122f5f5?s=96&d=mm&r=g\",\"contentUrl\":\"https:\/\/secure.gravatar.com\/avatar\/9a87ee051ca8c77f5d4070843ce2c78cdf95b858b950fb039151de955122f5f5?s=96&d=mm&r=g\",\"caption\":\"Gol&amp;Pop\"},\"sameAs\":[\"http:\/\/golandpop.com\"],\"url\":\"https:\/\/golandpop.com\/index.php\/author\/admin\/\"}]}<\/script>\n<!-- \/ Yoast SEO plugin. -->","yoast_head_json":{"title":"Liendo, ayudante de campo de Vojvoda: \"La hinchada de Talleres no estaba a gusto y se sent\u00eda\" - Golandpop","description":"Gast\u00f3n Liendo, quien supo ser jugador en Belgrano y ayudante de campo en Talleres con Juan Pablo Vojvoda como DT, habl\u00f3 con el programa 'Futbol\u00e9mico' de Radio Impacto e hizo referencia a su paso por el Matador.","robots":{"index":"index","follow":"follow","max-snippet":"max-snippet:-1","max-image-preview":"max-image-preview:large","max-video-preview":"max-video-preview:-1"},"canonical":"https:\/\/golandpop.com\/index.php\/2020\/09\/21\/gaston-liendo-vojvoda-hincha-talleres-fassi-cholo-guinazu-fassi\/","og_locale":"es_ES","og_type":"article","og_title":"Liendo, ayudante de campo de Vojvoda: \"La hinchada de Talleres no estaba a gusto y se sent\u00eda\" - Golandpop","og_description":"Gast\u00f3n Liendo, quien supo ser jugador en Belgrano y ayudante de campo en Talleres con Juan Pablo Vojvoda como DT, habl\u00f3 con el programa 'Futbol\u00e9mico' de Radio Impacto e hizo referencia a su paso por el Matador.","og_url":"https:\/\/golandpop.com\/index.php\/2020\/09\/21\/gaston-liendo-vojvoda-hincha-talleres-fassi-cholo-guinazu-fassi\/","og_site_name":"Golandpop","article_published_time":"2020-09-21T23:08:35+00:00","article_modified_time":"2020-09-21T23:18:18+00:00","og_image":[{"width":768,"height":497,"url":"https:\/\/golandpop.com\/wp-content\/uploads\/2020\/09\/liendo-vojvoda-fassi-talleres.jpg","type":"image\/jpeg"}],"author":"Gol&amp;Pop","twitter_card":"summary_large_image","twitter_creator":"@golandpop","twitter_site":"@golandpop","twitter_misc":{"Escrito por":"Gol&amp;Pop","Tiempo de lectura":"2 minutos"},"schema":{"@context":"https:\/\/schema.org","@graph":[{"@type":"Article","@id":"https:\/\/golandpop.com\/index.php\/2020\/09\/21\/gaston-liendo-vojvoda-hincha-talleres-fassi-cholo-guinazu-fassi\/#article","isPartOf":{"@id":"https:\/\/golandpop.com\/index.php\/2020\/09\/21\/gaston-liendo-vojvoda-hincha-talleres-fassi-cholo-guinazu-fassi\/"},"author":{"name":"Gol&amp;Pop","@id":"https:\/\/golandpop.com\/#\/schema\/person\/2809725861e0da25eaffe2d9b29c9613"},"headline":"Liendo, ayudante de campo de Vojvoda: &#8220;La hinchada de Talleres no estaba a gusto y se sent\u00eda&#8221;","datePublished":"2020-09-21T23:08:35+00:00","dateModified":"2020-09-21T23:18:18+00:00","mainEntityOfPage":{"@id":"https:\/\/golandpop.com\/index.php\/2020\/09\/21\/gaston-liendo-vojvoda-hincha-talleres-fassi-cholo-guinazu-fassi\/"},"wordCount":477,"commentCount":0,"publisher":{"@id":"https:\/\/golandpop.com\/#organization"},"image":{"@id":"https:\/\/golandpop.com\/index.php\/2020\/09\/21\/gaston-liendo-vojvoda-hincha-talleres-fassi-cholo-guinazu-fassi\/#primaryimage"},"thumbnailUrl":"https:\/\/golandpop.com\/wp-content\/uploads\/2020\/09\/liendo-vojvoda-fassi-talleres.jpg","keywords":["Andr\u00e9s Fassi","Belgrano","Cholo Gui\u00f1az\u00fa","Gast\u00f3n Liendo","Juan Pablo Vojvoda","Talleres"],"articleSection":["F\u00fatbol","Talleres"],"inLanguage":"es-AR"},{"@type":"WebPage","@id":"https:\/\/golandpop.com\/index.php\/2020\/09\/21\/gaston-liendo-vojvoda-hincha-talleres-fassi-cholo-guinazu-fassi\/","url":"https:\/\/golandpop.com\/index.php\/2020\/09\/21\/gaston-liendo-vojvoda-hincha-talleres-fassi-cholo-guinazu-fassi\/","name":"Liendo, ayudante de campo de Vojvoda: \"La hinchada de Talleres no estaba a gusto y se sent\u00eda\" - Golandpop","isPartOf":{"@id":"https:\/\/golandpop.com\/#website"},"primaryImageOfPage":{"@id":"https:\/\/golandpop.com\/index.php\/2020\/09\/21\/gaston-liendo-vojvoda-hincha-talleres-fassi-cholo-guinazu-fassi\/#primaryimage"},"image":{"@id":"https:\/\/golandpop.com\/index.php\/2020\/09\/21\/gaston-liendo-vojvoda-hincha-talleres-fassi-cholo-guinazu-fassi\/#primaryimage"},"thumbnailUrl":"https:\/\/golandpop.com\/wp-content\/uploads\/2020\/09\/liendo-vojvoda-fassi-talleres.jpg","datePublished":"2020-09-21T23:08:35+00:00","dateModified":"2020-09-21T23:18:18+00:00","description":"Gast\u00f3n Liendo, quien supo ser jugador en Belgrano y ayudante de campo en Talleres con Juan Pablo Vojvoda como DT, habl\u00f3 con el programa 'Futbol\u00e9mico' de Radio Impacto e hizo referencia a su paso por el Matador.","breadcrumb":{"@id":"https:\/\/golandpop.com\/index.php\/2020\/09\/21\/gaston-liendo-vojvoda-hincha-talleres-fassi-cholo-guinazu-fassi\/#breadcrumb"},"inLanguage":"es-AR","potentialAction":[{"@type":"ReadAction","target":["https:\/\/golandpop.com\/index.php\/2020\/09\/21\/gaston-liendo-vojvoda-hincha-talleres-fassi-cholo-guinazu-fassi\/"]}]},{"@type":"ImageObject","inLanguage":"es-AR","@id":"https:\/\/golandpop.com\/index.php\/2020\/09\/21\/gaston-liendo-vojvoda-hincha-talleres-fassi-cholo-guinazu-fassi\/#primaryimage","url":"https:\/\/golandpop.com\/wp-content\/uploads\/2020\/09\/liendo-vojvoda-fassi-talleres.jpg","contentUrl":"https:\/\/golandpop.com\/wp-content\/uploads\/2020\/09\/liendo-vojvoda-fassi-talleres.jpg","width":768,"height":497,"caption":"Foto: Prensa Talleres."},{"@type":"BreadcrumbList","@id":"https:\/\/golandpop.com\/index.php\/2020\/09\/21\/gaston-liendo-vojvoda-hincha-talleres-fassi-cholo-guinazu-fassi\/#breadcrumb","itemListElement":[{"@type":"ListItem","position":1,"name":"Inicio","item":"https:\/\/golandpop.com\/"},{"@type":"ListItem","position":2,"name":"Liendo, ayudante de campo de Vojvoda: &#8220;La hinchada de Talleres no estaba a gusto y se sent\u00eda&#8221;"}]},{"@type":"WebSite","@id":"https:\/\/golandpop.com\/#website","url":"https:\/\/golandpop.com\/","name":"Golandpop","description":"","publisher":{"@id":"https:\/\/golandpop.com\/#organization"},"potentialAction":[{"@type":"SearchAction","target":{"@type":"EntryPoint","urlTemplate":"https:\/\/golandpop.com\/?s={search_term_string}"},"query-input":{"@type":"PropertyValueSpecification","valueRequired":true,"valueName":"search_term_string"}}],"inLanguage":"es-AR"},{"@type":"Organization","@id":"https:\/\/golandpop.com\/#organization","name":"GolandPop","url":"https:\/\/golandpop.com\/","logo":{"@type":"ImageObject","inLanguage":"es-AR","@id":"https:\/\/golandpop.com\/#\/schema\/logo\/image\/","url":"https:\/\/golandpop.com\/wp-content\/uploads\/2020\/04\/favicon_gol_pop.png","contentUrl":"https:\/\/golandpop.com\/wp-content\/uploads\/2020\/04\/favicon_gol_pop.png","width":246,"height":246,"caption":"GolandPop"},"image":{"@id":"https:\/\/golandpop.com\/#\/schema\/logo\/image\/"},"sameAs":["https:\/\/x.com\/golandpop","https:\/\/www.instagram.com\/golandpopcordoba\/"]},{"@type":"Person","@id":"https:\/\/golandpop.com\/#\/schema\/person\/2809725861e0da25eaffe2d9b29c9613","name":"Gol&amp;Pop","image":{"@type":"ImageObject","inLanguage":"es-AR","@id":"https:\/\/golandpop.com\/#\/schema\/person\/image\/","url":"https:\/\/secure.gravatar.com\/avatar\/9a87ee051ca8c77f5d4070843ce2c78cdf95b858b950fb039151de955122f5f5?s=96&d=mm&r=g","contentUrl":"https:\/\/secure.gravatar.com\/avatar\/9a87ee051ca8c77f5d4070843ce2c78cdf95b858b950fb039151de955122f5f5?s=96&d=mm&r=g","caption":"Gol&amp;Pop"},"sameAs":["http:\/\/golandpop.com"],"url":"https:\/\/golandpop.com\/index.php\/author\/admin\/"}]}},"_links":{"self":[{"href":"https:\/\/golandpop.com\/index.php\/wp-json\/wp\/v2\/posts\/6252","targetHints":{"allow":["GET"]}}],"collection":[{"href":"https:\/\/golandpop.com\/index.php\/wp-json\/wp\/v2\/posts"}],"about":[{"href":"https:\/\/golandpop.com\/index.php\/wp-json\/wp\/v2\/types\/post"}],"author":[{"embeddable":true,"href":"https:\/\/golandpop.com\/index.php\/wp-json\/wp\/v2\/users\/1"}],"replies":[{"embeddable":true,"href":"https:\/\/golandpop.com\/index.php\/wp-json\/wp\/v2\/comments?post=6252"}],"version-history":[{"count":5,"href":"https:\/\/golandpop.com\/index.php\/wp-json\/wp\/v2\/posts\/6252\/revisions"}],"predecessor-version":[{"id":6280,"href":"https:\/\/golandpop.com\/index.php\/wp-json\/wp\/v2\/posts\/6252\/revisions\/6280"}],"wp:featuredmedia":[{"embeddable":true,"href":"https:\/\/golandpop.com\/index.php\/wp-json\/wp\/v2\/media\/6269"}],"wp:attachment":[{"href":"https:\/\/golandpop.com\/index.php\/wp-json\/wp\/v2\/media?parent=6252"}],"wp:term":[{"taxonomy":"category","embeddable":true,"href":"https:\/\/golandpop.com\/index.php\/wp-json\/wp\/v2\/categories?post=6252"},{"taxonomy":"post_tag","embeddable":true,"href":"https:\/\/golandpop.com\/index.php\/wp-json\/wp\/v2\/tags?post=6252"}],"curies":[{"name":"wp","href":"https:\/\/api.w.org\/{rel}","templated":true}]}}