{"id":5859,"date":"2020-08-22T13:30:30","date_gmt":"2020-08-22T16:30:30","guid":{"rendered":"https:\/\/golandpop.com\/?p=5859"},"modified":"2020-08-25T15:19:56","modified_gmt":"2020-08-25T18:19:56","slug":"psg-vs-bayern-munich-en-vivo-por-la-final-de-la-champions-league-2020","status":"publish","type":"post","link":"https:\/\/golandpop.com\/index.php\/2020\/08\/22\/psg-vs-bayern-munich-en-vivo-por-la-final-de-la-champions-league-2020\/","title":{"rendered":"Resumen PSG 0-1 Bayern M\u00fanich por la final de la Champions League 2020"},"content":{"rendered":"\n<p><\/p>\n\n\n\n<a title=\"Radio en vivo!\" href=\"http:\/\/radiosenlinea.xyz\/golandpop\" target=\"_blank\" rel=\"noopener noreferrer\"><img decoding=\"async\" src=\"https:\/\/golandpop.com\/wp-content\/uploads\/2020\/08\/WhatsApp-Image-2020-08-15-at-19.54.59.jpeg\" height=\"100\" alt=\"\"><\/a> <br>\n\n\n\n<p><\/p>\n\n\n\n<iframe src=\"https:\/\/www.sofascore.com\/event\/8740531\/lineups\/embed\" width=\"100%\" height=\"580\" frameborder=\"0\" scrolling=\"no\" style=\"max-width: 770px\"><\/iframe><div><a href=\"https:\/\/www.sofascore.com\/es\/bayern-munchen-paris-saint-germain\/UHsxdb\" target=\"_blank\" rel=\"noopener noreferrer\">Paris Saint &#8211; Germain  &#8211;  Bayern M\u00fcnchen Marcadores en directo y resultados<\/a><\/div>\n\n\n\n<h5 class=\"wp-block-heading\"><strong>Declaraciones de los entrenadores<\/strong><\/h5>\n\n\n\n<p><strong>Thomas Tuchel, entrenador de Paris:<\/strong>&nbsp;&#8220;Mis sentimientos son muy dif\u00edciles de describir, incluso en ingl\u00e9s. Muy dif\u00edciles de describir. Del totalmente exhausto al totalmente feliz. Al mismo tiempo, sigo concentrado porque el viaje no ha terminado. Tenemos una final que jugar y que queremos ganar. Hay que mantener la calma, estar bien e intentar prepararse para ello como en cualquier otro partido. No hacer cosas especiales. El partido ya es especial en s\u00ed mismo, as\u00ed que \u00bfpor qu\u00e9 deber\u00edamos agobiarnos con v\u00eddeos, discursos y motivaci\u00f3n?&#8221;.<\/p>\n\n\n\n<p><strong>Hans-Dieter Flick, entrenador del Bayern:<\/strong>&nbsp;&#8220;El Paris es un gran equipo, luch\u00f3 para llegar a semifinales y luego alcanz\u00f3 la final. Analizaremos algunas cosas, sabemos que tienen jugadores r\u00e1pidos. Trataremos de organizar nuestra defensa, pero sabemos que nuestra mayor fuerza es poner a nuestros rivales bajo presi\u00f3n&#8221;.<\/p>\n\n\n\n<figure class=\"wp-block-embed-twitter wp-block-embed is-type-rich is-provider-twitter\"><div class=\"wp-block-embed__wrapper\">\n<blockquote class=\"twitter-tweet\" data-width=\"550\" data-dnt=\"true\"><p lang=\"es\" dir=\"ltr\">\u00a1El duelo de entrenadores! \ud83d\udc54\u2694<a href=\"https:\/\/twitter.com\/hashtag\/MissionLis6on?src=hash&amp;ref_src=twsrc%5Etfw\">#MissionLis6on<\/a> <a href=\"https:\/\/twitter.com\/hashtag\/UCLFinal?src=hash&amp;ref_src=twsrc%5Etfw\">#UCLFinal<\/a> <a href=\"https:\/\/twitter.com\/hashtag\/PSGFCB?src=hash&amp;ref_src=twsrc%5Etfw\">#PSGFCB<\/a> <a href=\"https:\/\/t.co\/4gSVcAnFZt\">pic.twitter.com\/4gSVcAnFZt<\/a><\/p>&mdash; \ud83c\udfc6 CAMPEONES \ud83c\udfc6 (@FCBayernES) <a href=\"https:\/\/twitter.com\/FCBayernES\/status\/1297121319750901760?ref_src=twsrc%5Etfw\">August 22, 2020<\/a><\/blockquote><script async src=\"https:\/\/platform.twitter.com\/widgets.js\" charset=\"utf-8\"><\/script>\n<\/div><\/figure>\n\n\n\n<h5 class=\"wp-block-heading\"><strong>\u00bfQu\u00e9 es lo pr\u00f3ximo?<\/strong><\/h5>\n\n\n\n<p>El campe\u00f3n de la UEFA Champions League jugar\u00e1 la Supercopa de la UEFA ante el campe\u00f3n de la UEFA Europa League (Sevilla o Inter) en Budapest el jueves 24 de septiembre. Tanto Paris como Bayern ya tienen asegurada su presencia en el sorteo de la fase de grupos de la UEFA Champions League que se celebrar\u00e1 en Atenas el 1 de octubre.<\/p>\n\n\n\n<h5 class=\"wp-block-heading\"><strong>Enfrentamientos previos<\/strong><\/h5>\n\n\n\n<p>Los ocho enfrentamientos previos entre Paris y Bayern en competiciones europeas han tenido lugar en la fase de grupos de la UEFA Champions League.<\/p>\n\n\n\n<p><strong>Paris<\/strong>: 5V 0E 3D 12GF 11GC<br><strong>Bayern<\/strong>: 3V 0E 5D 11GF 12GC<\/p>\n\n\n\n<p><strong>05\/12\/17<\/strong>:&nbsp;Bayern &#8211; Paris 3-1&nbsp;(Lewandowski 8&#8242;, Tolisso 37&#8242;, 69&#8242;; Mbapp\u00e9 50&#8242;)<br><strong>27\/09\/17<\/strong>:&nbsp;Paris &#8211; Bayern 3-0&nbsp;(Dani Alves 2&#8242;, Cavani 31&#8242;, Neymar 63&#8242;)<br><strong>18\/10\/00<\/strong>:&nbsp;Bayern &#8211; Paris 2-0&nbsp;(Salihamid\u017ei\u0107 3&#8242;, Paulo S\u00e9rgio 89&#8242;)<br><strong>26\/09\/00<\/strong>:&nbsp;Paris &#8211; Bayern 1-0&nbsp;(Leroy 90&#8242;)<br><strong>05\/11\/97<\/strong>:&nbsp;Paris &#8211; Bayern 3-1&nbsp;(Gava 17&#8242;, Maurice 73&#8242;, Leroy 75&#8242;; Babbel&#8217; 28)<br><strong>22\/10\/97<\/strong>:&nbsp;Bayern &#8211; Paris 5-1&nbsp;(Elber 4&#8242;, 73&#8242;, Jancker 21&#8242;, 47&#8242;, Helmer 51&#8242;; Simone 48&#8242;)<br><strong>23\/11\/94<\/strong>:&nbsp;Bayern &#8211; Paris 0-1&nbsp;(Weah 80&#8242;)<br><strong>14\/09\/94<\/strong>:&nbsp;Paris &#8211; Bayern 2-0&nbsp;(Weah 39&#8242;, Bravo 80&#8242;)<\/p>\n\n\n\n<figure class=\"wp-block-embed-twitter wp-block-embed is-type-rich is-provider-twitter\"><div class=\"wp-block-embed__wrapper\">\n<blockquote class=\"twitter-tweet\" data-width=\"550\" data-dnt=\"true\"><p lang=\"es\" dir=\"ltr\">\ud83c\udfc6 Cuadro de honor \ud83c\udfc6<br><br>Todos los campeones desde 1956&#8230; \u00bfQui\u00e9n ser\u00e1 el pr\u00f3ximo? \ud83e\udd37\u200d\u2642\ufe0f<br><br>\u00bf<a href=\"https:\/\/twitter.com\/PSG_espanol?ref_src=twsrc%5Etfw\">@PSG_espanol<\/a> o <a href=\"https:\/\/twitter.com\/FCBayernES?ref_src=twsrc%5Etfw\">@FCBayernES<\/a>?<a href=\"https:\/\/twitter.com\/hashtag\/UCL?src=hash&amp;ref_src=twsrc%5Etfw\">#UCL<\/a> | <a href=\"https:\/\/twitter.com\/hashtag\/UCLfinal?src=hash&amp;ref_src=twsrc%5Etfw\">#UCLfinal<\/a> <a href=\"https:\/\/t.co\/q3ssTkPBSN\">pic.twitter.com\/q3ssTkPBSN<\/a><\/p>&mdash; Liga de Campeones (@LigadeCampeones) <a href=\"https:\/\/twitter.com\/LigadeCampeones\/status\/1297084562045050880?ref_src=twsrc%5Etfw\">August 22, 2020<\/a><\/blockquote><script async src=\"https:\/\/platform.twitter.com\/widgets.js\" charset=\"utf-8\"><\/script>\n<\/div><\/figure>\n","protected":false},"excerpt":{"rendered":"<p>Paris Saint-Germain y Bayern se enfrentar\u00e1n este domingo en la gran final de la UEFA Champions League 2019\/20.<\/p>\n","protected":false},"author":1,"featured_media":5860,"comment_status":"open","ping_status":"open","sticky":false,"template":"","format":"standard","meta":{"footnotes":""},"categories":[41],"tags":[496,110,495,494],"class_list":["post-5859","post","type-post","status-publish","format-standard","has-post-thumbnail","hentry","category-futbol-internacional","tag-bayern-munich","tag-champions-league","tag-psg","tag-ucl"],"yoast_head":"<!-- This site is optimized with the Yoast SEO plugin v26.1.1 - https:\/\/yoast.com\/wordpress\/plugins\/seo\/ -->\n<title>Resumen PSG 0-1 Bayern M\u00fanich por la final de la Champions League 2020 - Golandpop<\/title>\n<meta name=\"description\" content=\"Paris Saint-Germain y Bayern se enfrentar\u00e1n este domingo en la gran final de la UEFA Champions League 2019\/20.\" \/>\n<meta name=\"robots\" content=\"index, follow, max-snippet:-1, max-image-preview:large, max-video-preview:-1\" \/>\n<link rel=\"canonical\" href=\"https:\/\/golandpop.com\/index.php\/2020\/08\/22\/psg-vs-bayern-munich-en-vivo-por-la-final-de-la-champions-league-2020\/\" \/>\n<meta property=\"og:locale\" content=\"es_ES\" \/>\n<meta property=\"og:type\" content=\"article\" \/>\n<meta property=\"og:title\" content=\"Resumen PSG 0-1 Bayern M\u00fanich por la final de la Champions League 2020 - Golandpop\" \/>\n<meta property=\"og:description\" content=\"Paris Saint-Germain y Bayern se enfrentar\u00e1n este domingo en la gran final de la UEFA Champions League 2019\/20.\" \/>\n<meta property=\"og:url\" content=\"https:\/\/golandpop.com\/index.php\/2020\/08\/22\/psg-vs-bayern-munich-en-vivo-por-la-final-de-la-champions-league-2020\/\" \/>\n<meta property=\"og:site_name\" content=\"Golandpop\" \/>\n<meta property=\"article:published_time\" content=\"2020-08-22T16:30:30+00:00\" \/>\n<meta property=\"article:modified_time\" content=\"2020-08-25T18:19:56+00:00\" \/>\n<meta property=\"og:image\" content=\"https:\/\/golandpop.com\/wp-content\/uploads\/2020\/08\/Banners-1920x1080-3.png\" \/>\n\t<meta property=\"og:image:width\" content=\"1920\" \/>\n\t<meta property=\"og:image:height\" content=\"1080\" \/>\n\t<meta property=\"og:image:type\" content=\"image\/png\" \/>\n<meta name=\"author\" content=\"Gol&amp;Pop\" \/>\n<meta name=\"twitter:card\" content=\"summary_large_image\" \/>\n<meta name=\"twitter:creator\" content=\"@golandpop\" \/>\n<meta name=\"twitter:site\" content=\"@golandpop\" \/>\n<meta name=\"twitter:label1\" content=\"Escrito por\" \/>\n\t<meta name=\"twitter:data1\" content=\"Gol&amp;Pop\" \/>\n\t<meta name=\"twitter:label2\" content=\"Tiempo de lectura\" \/>\n\t<meta name=\"twitter:data2\" content=\"2 minutos\" \/>\n<script type=\"application\/ld+json\" class=\"yoast-schema-graph\">{\"@context\":\"https:\/\/schema.org\",\"@graph\":[{\"@type\":\"Article\",\"@id\":\"https:\/\/golandpop.com\/index.php\/2020\/08\/22\/psg-vs-bayern-munich-en-vivo-por-la-final-de-la-champions-league-2020\/#article\",\"isPartOf\":{\"@id\":\"https:\/\/golandpop.com\/index.php\/2020\/08\/22\/psg-vs-bayern-munich-en-vivo-por-la-final-de-la-champions-league-2020\/\"},\"author\":{\"name\":\"Gol&amp;Pop\",\"@id\":\"https:\/\/golandpop.com\/#\/schema\/person\/2809725861e0da25eaffe2d9b29c9613\"},\"headline\":\"Resumen PSG 0-1 Bayern M\u00fanich por la final de la Champions League 2020\",\"datePublished\":\"2020-08-22T16:30:30+00:00\",\"dateModified\":\"2020-08-25T18:19:56+00:00\",\"mainEntityOfPage\":{\"@id\":\"https:\/\/golandpop.com\/index.php\/2020\/08\/22\/psg-vs-bayern-munich-en-vivo-por-la-final-de-la-champions-league-2020\/\"},\"wordCount\":359,\"commentCount\":0,\"publisher\":{\"@id\":\"https:\/\/golandpop.com\/#organization\"},\"image\":{\"@id\":\"https:\/\/golandpop.com\/index.php\/2020\/08\/22\/psg-vs-bayern-munich-en-vivo-por-la-final-de-la-champions-league-2020\/#primaryimage\"},\"thumbnailUrl\":\"https:\/\/golandpop.com\/wp-content\/uploads\/2020\/08\/Banners-1920x1080-3.png\",\"keywords\":[\"Bayern Munich\",\"Champions League\",\"PSG\",\"UCL\"],\"articleSection\":[\"F\u00fatbol Internacional\"],\"inLanguage\":\"es-AR\"},{\"@type\":\"WebPage\",\"@id\":\"https:\/\/golandpop.com\/index.php\/2020\/08\/22\/psg-vs-bayern-munich-en-vivo-por-la-final-de-la-champions-league-2020\/\",\"url\":\"https:\/\/golandpop.com\/index.php\/2020\/08\/22\/psg-vs-bayern-munich-en-vivo-por-la-final-de-la-champions-league-2020\/\",\"name\":\"Resumen PSG 0-1 Bayern M\u00fanich por la final de la Champions League 2020 - Golandpop\",\"isPartOf\":{\"@id\":\"https:\/\/golandpop.com\/#website\"},\"primaryImageOfPage\":{\"@id\":\"https:\/\/golandpop.com\/index.php\/2020\/08\/22\/psg-vs-bayern-munich-en-vivo-por-la-final-de-la-champions-league-2020\/#primaryimage\"},\"image\":{\"@id\":\"https:\/\/golandpop.com\/index.php\/2020\/08\/22\/psg-vs-bayern-munich-en-vivo-por-la-final-de-la-champions-league-2020\/#primaryimage\"},\"thumbnailUrl\":\"https:\/\/golandpop.com\/wp-content\/uploads\/2020\/08\/Banners-1920x1080-3.png\",\"datePublished\":\"2020-08-22T16:30:30+00:00\",\"dateModified\":\"2020-08-25T18:19:56+00:00\",\"description\":\"Paris Saint-Germain y Bayern se enfrentar\u00e1n este domingo en la gran final de la UEFA Champions League 2019\/20.\",\"breadcrumb\":{\"@id\":\"https:\/\/golandpop.com\/index.php\/2020\/08\/22\/psg-vs-bayern-munich-en-vivo-por-la-final-de-la-champions-league-2020\/#breadcrumb\"},\"inLanguage\":\"es-AR\",\"potentialAction\":[{\"@type\":\"ReadAction\",\"target\":[\"https:\/\/golandpop.com\/index.php\/2020\/08\/22\/psg-vs-bayern-munich-en-vivo-por-la-final-de-la-champions-league-2020\/\"]}]},{\"@type\":\"ImageObject\",\"inLanguage\":\"es-AR\",\"@id\":\"https:\/\/golandpop.com\/index.php\/2020\/08\/22\/psg-vs-bayern-munich-en-vivo-por-la-final-de-la-champions-league-2020\/#primaryimage\",\"url\":\"https:\/\/golandpop.com\/wp-content\/uploads\/2020\/08\/Banners-1920x1080-3.png\",\"contentUrl\":\"https:\/\/golandpop.com\/wp-content\/uploads\/2020\/08\/Banners-1920x1080-3.png\",\"width\":1920,\"height\":1080},{\"@type\":\"BreadcrumbList\",\"@id\":\"https:\/\/golandpop.com\/index.php\/2020\/08\/22\/psg-vs-bayern-munich-en-vivo-por-la-final-de-la-champions-league-2020\/#breadcrumb\",\"itemListElement\":[{\"@type\":\"ListItem\",\"position\":1,\"name\":\"Inicio\",\"item\":\"https:\/\/golandpop.com\/\"},{\"@type\":\"ListItem\",\"position\":2,\"name\":\"Resumen PSG 0-1 Bayern M\u00fanich por la final de la Champions League 2020\"}]},{\"@type\":\"WebSite\",\"@id\":\"https:\/\/golandpop.com\/#website\",\"url\":\"https:\/\/golandpop.com\/\",\"name\":\"Golandpop\",\"description\":\"\",\"publisher\":{\"@id\":\"https:\/\/golandpop.com\/#organization\"},\"potentialAction\":[{\"@type\":\"SearchAction\",\"target\":{\"@type\":\"EntryPoint\",\"urlTemplate\":\"https:\/\/golandpop.com\/?s={search_term_string}\"},\"query-input\":{\"@type\":\"PropertyValueSpecification\",\"valueRequired\":true,\"valueName\":\"search_term_string\"}}],\"inLanguage\":\"es-AR\"},{\"@type\":\"Organization\",\"@id\":\"https:\/\/golandpop.com\/#organization\",\"name\":\"GolandPop\",\"url\":\"https:\/\/golandpop.com\/\",\"logo\":{\"@type\":\"ImageObject\",\"inLanguage\":\"es-AR\",\"@id\":\"https:\/\/golandpop.com\/#\/schema\/logo\/image\/\",\"url\":\"https:\/\/golandpop.com\/wp-content\/uploads\/2020\/04\/favicon_gol_pop.png\",\"contentUrl\":\"https:\/\/golandpop.com\/wp-content\/uploads\/2020\/04\/favicon_gol_pop.png\",\"width\":246,\"height\":246,\"caption\":\"GolandPop\"},\"image\":{\"@id\":\"https:\/\/golandpop.com\/#\/schema\/logo\/image\/\"},\"sameAs\":[\"https:\/\/x.com\/golandpop\",\"https:\/\/www.instagram.com\/golandpopcordoba\/\"]},{\"@type\":\"Person\",\"@id\":\"https:\/\/golandpop.com\/#\/schema\/person\/2809725861e0da25eaffe2d9b29c9613\",\"name\":\"Gol&amp;Pop\",\"image\":{\"@type\":\"ImageObject\",\"inLanguage\":\"es-AR\",\"@id\":\"https:\/\/golandpop.com\/#\/schema\/person\/image\/\",\"url\":\"https:\/\/secure.gravatar.com\/avatar\/9a87ee051ca8c77f5d4070843ce2c78cdf95b858b950fb039151de955122f5f5?s=96&d=mm&r=g\",\"contentUrl\":\"https:\/\/secure.gravatar.com\/avatar\/9a87ee051ca8c77f5d4070843ce2c78cdf95b858b950fb039151de955122f5f5?s=96&d=mm&r=g\",\"caption\":\"Gol&amp;Pop\"},\"sameAs\":[\"http:\/\/golandpop.com\"],\"url\":\"https:\/\/golandpop.com\/index.php\/author\/admin\/\"}]}<\/script>\n<!-- \/ Yoast SEO plugin. -->","yoast_head_json":{"title":"Resumen PSG 0-1 Bayern M\u00fanich por la final de la Champions League 2020 - Golandpop","description":"Paris Saint-Germain y Bayern se enfrentar\u00e1n este domingo en la gran final de la UEFA Champions League 2019\/20.","robots":{"index":"index","follow":"follow","max-snippet":"max-snippet:-1","max-image-preview":"max-image-preview:large","max-video-preview":"max-video-preview:-1"},"canonical":"https:\/\/golandpop.com\/index.php\/2020\/08\/22\/psg-vs-bayern-munich-en-vivo-por-la-final-de-la-champions-league-2020\/","og_locale":"es_ES","og_type":"article","og_title":"Resumen PSG 0-1 Bayern M\u00fanich por la final de la Champions League 2020 - Golandpop","og_description":"Paris Saint-Germain y Bayern se enfrentar\u00e1n este domingo en la gran final de la UEFA Champions League 2019\/20.","og_url":"https:\/\/golandpop.com\/index.php\/2020\/08\/22\/psg-vs-bayern-munich-en-vivo-por-la-final-de-la-champions-league-2020\/","og_site_name":"Golandpop","article_published_time":"2020-08-22T16:30:30+00:00","article_modified_time":"2020-08-25T18:19:56+00:00","og_image":[{"width":1920,"height":1080,"url":"https:\/\/golandpop.com\/wp-content\/uploads\/2020\/08\/Banners-1920x1080-3.png","type":"image\/png"}],"author":"Gol&amp;Pop","twitter_card":"summary_large_image","twitter_creator":"@golandpop","twitter_site":"@golandpop","twitter_misc":{"Escrito por":"Gol&amp;Pop","Tiempo de lectura":"2 minutos"},"schema":{"@context":"https:\/\/schema.org","@graph":[{"@type":"Article","@id":"https:\/\/golandpop.com\/index.php\/2020\/08\/22\/psg-vs-bayern-munich-en-vivo-por-la-final-de-la-champions-league-2020\/#article","isPartOf":{"@id":"https:\/\/golandpop.com\/index.php\/2020\/08\/22\/psg-vs-bayern-munich-en-vivo-por-la-final-de-la-champions-league-2020\/"},"author":{"name":"Gol&amp;Pop","@id":"https:\/\/golandpop.com\/#\/schema\/person\/2809725861e0da25eaffe2d9b29c9613"},"headline":"Resumen PSG 0-1 Bayern M\u00fanich por la final de la Champions League 2020","datePublished":"2020-08-22T16:30:30+00:00","dateModified":"2020-08-25T18:19:56+00:00","mainEntityOfPage":{"@id":"https:\/\/golandpop.com\/index.php\/2020\/08\/22\/psg-vs-bayern-munich-en-vivo-por-la-final-de-la-champions-league-2020\/"},"wordCount":359,"commentCount":0,"publisher":{"@id":"https:\/\/golandpop.com\/#organization"},"image":{"@id":"https:\/\/golandpop.com\/index.php\/2020\/08\/22\/psg-vs-bayern-munich-en-vivo-por-la-final-de-la-champions-league-2020\/#primaryimage"},"thumbnailUrl":"https:\/\/golandpop.com\/wp-content\/uploads\/2020\/08\/Banners-1920x1080-3.png","keywords":["Bayern Munich","Champions League","PSG","UCL"],"articleSection":["F\u00fatbol Internacional"],"inLanguage":"es-AR"},{"@type":"WebPage","@id":"https:\/\/golandpop.com\/index.php\/2020\/08\/22\/psg-vs-bayern-munich-en-vivo-por-la-final-de-la-champions-league-2020\/","url":"https:\/\/golandpop.com\/index.php\/2020\/08\/22\/psg-vs-bayern-munich-en-vivo-por-la-final-de-la-champions-league-2020\/","name":"Resumen PSG 0-1 Bayern M\u00fanich por la final de la Champions League 2020 - Golandpop","isPartOf":{"@id":"https:\/\/golandpop.com\/#website"},"primaryImageOfPage":{"@id":"https:\/\/golandpop.com\/index.php\/2020\/08\/22\/psg-vs-bayern-munich-en-vivo-por-la-final-de-la-champions-league-2020\/#primaryimage"},"image":{"@id":"https:\/\/golandpop.com\/index.php\/2020\/08\/22\/psg-vs-bayern-munich-en-vivo-por-la-final-de-la-champions-league-2020\/#primaryimage"},"thumbnailUrl":"https:\/\/golandpop.com\/wp-content\/uploads\/2020\/08\/Banners-1920x1080-3.png","datePublished":"2020-08-22T16:30:30+00:00","dateModified":"2020-08-25T18:19:56+00:00","description":"Paris Saint-Germain y Bayern se enfrentar\u00e1n este domingo en la gran final de la UEFA Champions League 2019\/20.","breadcrumb":{"@id":"https:\/\/golandpop.com\/index.php\/2020\/08\/22\/psg-vs-bayern-munich-en-vivo-por-la-final-de-la-champions-league-2020\/#breadcrumb"},"inLanguage":"es-AR","potentialAction":[{"@type":"ReadAction","target":["https:\/\/golandpop.com\/index.php\/2020\/08\/22\/psg-vs-bayern-munich-en-vivo-por-la-final-de-la-champions-league-2020\/"]}]},{"@type":"ImageObject","inLanguage":"es-AR","@id":"https:\/\/golandpop.com\/index.php\/2020\/08\/22\/psg-vs-bayern-munich-en-vivo-por-la-final-de-la-champions-league-2020\/#primaryimage","url":"https:\/\/golandpop.com\/wp-content\/uploads\/2020\/08\/Banners-1920x1080-3.png","contentUrl":"https:\/\/golandpop.com\/wp-content\/uploads\/2020\/08\/Banners-1920x1080-3.png","width":1920,"height":1080},{"@type":"BreadcrumbList","@id":"https:\/\/golandpop.com\/index.php\/2020\/08\/22\/psg-vs-bayern-munich-en-vivo-por-la-final-de-la-champions-league-2020\/#breadcrumb","itemListElement":[{"@type":"ListItem","position":1,"name":"Inicio","item":"https:\/\/golandpop.com\/"},{"@type":"ListItem","position":2,"name":"Resumen PSG 0-1 Bayern M\u00fanich por la final de la Champions League 2020"}]},{"@type":"WebSite","@id":"https:\/\/golandpop.com\/#website","url":"https:\/\/golandpop.com\/","name":"Golandpop","description":"","publisher":{"@id":"https:\/\/golandpop.com\/#organization"},"potentialAction":[{"@type":"SearchAction","target":{"@type":"EntryPoint","urlTemplate":"https:\/\/golandpop.com\/?s={search_term_string}"},"query-input":{"@type":"PropertyValueSpecification","valueRequired":true,"valueName":"search_term_string"}}],"inLanguage":"es-AR"},{"@type":"Organization","@id":"https:\/\/golandpop.com\/#organization","name":"GolandPop","url":"https:\/\/golandpop.com\/","logo":{"@type":"ImageObject","inLanguage":"es-AR","@id":"https:\/\/golandpop.com\/#\/schema\/logo\/image\/","url":"https:\/\/golandpop.com\/wp-content\/uploads\/2020\/04\/favicon_gol_pop.png","contentUrl":"https:\/\/golandpop.com\/wp-content\/uploads\/2020\/04\/favicon_gol_pop.png","width":246,"height":246,"caption":"GolandPop"},"image":{"@id":"https:\/\/golandpop.com\/#\/schema\/logo\/image\/"},"sameAs":["https:\/\/x.com\/golandpop","https:\/\/www.instagram.com\/golandpopcordoba\/"]},{"@type":"Person","@id":"https:\/\/golandpop.com\/#\/schema\/person\/2809725861e0da25eaffe2d9b29c9613","name":"Gol&amp;Pop","image":{"@type":"ImageObject","inLanguage":"es-AR","@id":"https:\/\/golandpop.com\/#\/schema\/person\/image\/","url":"https:\/\/secure.gravatar.com\/avatar\/9a87ee051ca8c77f5d4070843ce2c78cdf95b858b950fb039151de955122f5f5?s=96&d=mm&r=g","contentUrl":"https:\/\/secure.gravatar.com\/avatar\/9a87ee051ca8c77f5d4070843ce2c78cdf95b858b950fb039151de955122f5f5?s=96&d=mm&r=g","caption":"Gol&amp;Pop"},"sameAs":["http:\/\/golandpop.com"],"url":"https:\/\/golandpop.com\/index.php\/author\/admin\/"}]}},"_links":{"self":[{"href":"https:\/\/golandpop.com\/index.php\/wp-json\/wp\/v2\/posts\/5859","targetHints":{"allow":["GET"]}}],"collection":[{"href":"https:\/\/golandpop.com\/index.php\/wp-json\/wp\/v2\/posts"}],"about":[{"href":"https:\/\/golandpop.com\/index.php\/wp-json\/wp\/v2\/types\/post"}],"author":[{"embeddable":true,"href":"https:\/\/golandpop.com\/index.php\/wp-json\/wp\/v2\/users\/1"}],"replies":[{"embeddable":true,"href":"https:\/\/golandpop.com\/index.php\/wp-json\/wp\/v2\/comments?post=5859"}],"version-history":[{"count":4,"href":"https:\/\/golandpop.com\/index.php\/wp-json\/wp\/v2\/posts\/5859\/revisions"}],"predecessor-version":[{"id":5915,"href":"https:\/\/golandpop.com\/index.php\/wp-json\/wp\/v2\/posts\/5859\/revisions\/5915"}],"wp:featuredmedia":[{"embeddable":true,"href":"https:\/\/golandpop.com\/index.php\/wp-json\/wp\/v2\/media\/5860"}],"wp:attachment":[{"href":"https:\/\/golandpop.com\/index.php\/wp-json\/wp\/v2\/media?parent=5859"}],"wp:term":[{"taxonomy":"category","embeddable":true,"href":"https:\/\/golandpop.com\/index.php\/wp-json\/wp\/v2\/categories?post=5859"},{"taxonomy":"post_tag","embeddable":true,"href":"https:\/\/golandpop.com\/index.php\/wp-json\/wp\/v2\/tags?post=5859"}],"curies":[{"name":"wp","href":"https:\/\/api.w.org\/{rel}","templated":true}]}}