{"id":577,"date":"2019-05-16T13:23:28","date_gmt":"2019-05-16T13:23:28","guid":{"rendered":"http:\/\/golandpop.com\/?p=577"},"modified":"2019-05-16T13:23:28","modified_gmt":"2019-05-16T13:23:28","slug":"scaloni-amplia-la-lista","status":"publish","type":"post","link":"https:\/\/golandpop.com\/index.php\/2019\/05\/16\/scaloni-amplia-la-lista\/","title":{"rendered":"Scaloni ampl\u00eda la lista"},"content":{"rendered":"\n<p>El t\u00e9cnico ten\u00eda una lista previa de 31 convocados, pero decidi\u00f3 ampliarla a 36 debido a algunas lesiones.<\/p>\n\n\n<p>El entrenador decidi\u00f3 ampliar la n\u00f3mina tras conocer la lesi\u00f3n de Zaracho (desgarro) m\u00e1s el estado de salud de Germ\u00e1n Pezzella (factura maxilar).<\/p>\n\n\n<figure class=\"wp-block-embed-twitter wp-block-embed is-type-rich\"><div class=\"wp-block-embed__wrapper\">\n<blockquote class=\"twitter-tweet\" data-width=\"550\" data-dnt=\"true\"><p lang=\"es\" dir=\"ltr\"><a href=\"https:\/\/twitter.com\/hashtag\/Selecci%C3%B3nMayor?src=hash&amp;ref_src=twsrc%5Etfw\">#Selecci\u00f3nMayor<\/a> La palabra del entrenador <a href=\"https:\/\/twitter.com\/lioscaloni?ref_src=twsrc%5Etfw\">@lioscaloni<\/a> sobre los objetivos de <a href=\"https:\/\/twitter.com\/Argentina?ref_src=twsrc%5Etfw\">@Argentina<\/a> en la <a href=\"https:\/\/twitter.com\/CopaAmerica?ref_src=twsrc%5Etfw\">@CopaAmerica<\/a>. <a href=\"https:\/\/t.co\/PuGSECY5Jv\">pic.twitter.com\/PuGSECY5Jv<\/a><\/p>&mdash; Selecci\u00f3n Argentina \ud83c\udde6\ud83c\uddf7 (@Argentina) <a href=\"https:\/\/twitter.com\/Argentina\/status\/1128661355719008257?ref_src=twsrc%5Etfw\">May 15, 2019<\/a><\/blockquote><script async src=\"https:\/\/platform.twitter.com\/widgets.js\" charset=\"utf-8\"><\/script>\n<\/div><\/figure>\n\n\n<p><strong>La lista preliminar<\/strong><\/p>\n\n\n<p><strong>Arqueros<\/strong>: Esteban Andrada, Franco Armani, Agust\u00edn Marches\u00edn, Juan Musso y Ger\u00f3nimo Rulli.<\/p>\n\n\n<p><strong>Defensores<\/strong>: Gabriel Mercado, Gonzalo Montiel, Juan Foyth, Renzo Saravia, Nicol\u00e1s Otamendi, Walter Kanemann, Germ\u00e1n Pezzella, Ramiro Funes Mori, Nicol\u00e1s Tagliafico, Marcos Acu\u00f1a y Leonardo Sigali. <\/p>\n\n\n<p><strong>Volantes<\/strong>: Leandro Paredes, Guido Rodr\u00edguez, Giovani Lo Celso, Roberto Pereyra, Rodrigo De Paul, Exequiel Palacios, \u00c1ngel Di Mar\u00eda, Mat\u00edas Zaracho, Iv\u00e1n Marcone, Nacho Fern\u00e1ndez, Manuel Lanzini, Gonzalo Mart\u00ednez y Maxi Meza.<\/p>\n\n\n<p><strong>Delanteros<\/strong>: Lionel Messi, Sergio Ag\u00fcero, Paulo Dybala, Mauro Icardi, Mat\u00edas Su\u00e1rez, Lautaro Mart\u00ednez y \u00c1ngel Correa.<\/p>\n\n\n<a href=\"http:\/\/www.mariano-moreno.com.ar\/\"> <img fetchpriority=\"high\" decoding=\"async\" src=\"https:\/\/golandpopgame.files.wordpress.com\/2019\/04\/logos-gp-1.png\" width=\"450\" height=\"150\" title=\"Mariano Moreno\" alt=\"MM\"> <\/a>\n","protected":false},"excerpt":{"rendered":"<p>El t\u00e9cnico ten\u00eda una lista previa de 31 convocados, pero decidi\u00f3 ampliarla a 36 debido a algunas lesiones. El entrenador decidi\u00f3 ampliar la n\u00f3mina tras conocer la lesi\u00f3n de Zaracho (desgarro) m\u00e1s el estado de salud de Germ\u00e1n Pezzella (factura maxilar). La lista preliminar Arqueros: Esteban Andrada, Franco Armani, Agust\u00edn Marches\u00edn, Juan Musso y Ger\u00f3nimo [&hellip;]<\/p>\n","protected":false},"author":1,"featured_media":578,"comment_status":"open","ping_status":"open","sticky":false,"template":"","format":"standard","meta":{"footnotes":""},"categories":[39,41],"tags":[129,254],"class_list":["post-577","post","type-post","status-publish","format-standard","has-post-thumbnail","hentry","category-futbol","category-futbol-internacional","tag-destacado","tag-seleccion-argentina"],"yoast_head":"<!-- This site is optimized with the Yoast SEO plugin v26.1.1 - https:\/\/yoast.com\/wordpress\/plugins\/seo\/ -->\n<title>Scaloni ampl\u00eda la lista - Golandpop<\/title>\n<meta name=\"robots\" content=\"index, follow, max-snippet:-1, max-image-preview:large, max-video-preview:-1\" \/>\n<link rel=\"canonical\" href=\"https:\/\/golandpop.com\/index.php\/2019\/05\/16\/scaloni-amplia-la-lista\/\" \/>\n<meta property=\"og:locale\" content=\"es_ES\" \/>\n<meta property=\"og:type\" content=\"article\" \/>\n<meta property=\"og:title\" content=\"Scaloni ampl\u00eda la lista - Golandpop\" \/>\n<meta property=\"og:description\" content=\"El t\u00e9cnico ten\u00eda una lista previa de 31 convocados, pero decidi\u00f3 ampliarla a 36 debido a algunas lesiones. El entrenador decidi\u00f3 ampliar la n\u00f3mina tras conocer la lesi\u00f3n de Zaracho (desgarro) m\u00e1s el estado de salud de Germ\u00e1n Pezzella (factura maxilar). La lista preliminar Arqueros: Esteban Andrada, Franco Armani, Agust\u00edn Marches\u00edn, Juan Musso y Ger\u00f3nimo [&hellip;]\" \/>\n<meta property=\"og:url\" content=\"https:\/\/golandpop.com\/index.php\/2019\/05\/16\/scaloni-amplia-la-lista\/\" \/>\n<meta property=\"og:site_name\" content=\"Golandpop\" \/>\n<meta property=\"article:published_time\" content=\"2019-05-16T13:23:28+00:00\" \/>\n<meta property=\"og:image\" content=\"https:\/\/golandpop.com\/wp-content\/uploads\/2019\/05\/15359956758096.jpg\" \/>\n\t<meta property=\"og:image:width\" content=\"990\" \/>\n\t<meta property=\"og:image:height\" content=\"557\" \/>\n\t<meta property=\"og:image:type\" content=\"image\/jpeg\" \/>\n<meta name=\"author\" content=\"Gol&amp;Pop\" \/>\n<meta name=\"twitter:card\" content=\"summary_large_image\" \/>\n<meta name=\"twitter:creator\" content=\"@golandpop\" \/>\n<meta name=\"twitter:site\" content=\"@golandpop\" \/>\n<meta name=\"twitter:label1\" content=\"Escrito por\" \/>\n\t<meta name=\"twitter:data1\" content=\"Gol&amp;Pop\" \/>\n\t<meta name=\"twitter:label2\" content=\"Tiempo de lectura\" \/>\n\t<meta name=\"twitter:data2\" content=\"1 minuto\" \/>\n<script type=\"application\/ld+json\" class=\"yoast-schema-graph\">{\"@context\":\"https:\/\/schema.org\",\"@graph\":[{\"@type\":\"Article\",\"@id\":\"https:\/\/golandpop.com\/index.php\/2019\/05\/16\/scaloni-amplia-la-lista\/#article\",\"isPartOf\":{\"@id\":\"https:\/\/golandpop.com\/index.php\/2019\/05\/16\/scaloni-amplia-la-lista\/\"},\"author\":{\"name\":\"Gol&amp;Pop\",\"@id\":\"https:\/\/golandpop.com\/#\/schema\/person\/2809725861e0da25eaffe2d9b29c9613\"},\"headline\":\"Scaloni ampl\u00eda la lista\",\"datePublished\":\"2019-05-16T13:23:28+00:00\",\"mainEntityOfPage\":{\"@id\":\"https:\/\/golandpop.com\/index.php\/2019\/05\/16\/scaloni-amplia-la-lista\/\"},\"wordCount\":159,\"commentCount\":0,\"publisher\":{\"@id\":\"https:\/\/golandpop.com\/#organization\"},\"image\":{\"@id\":\"https:\/\/golandpop.com\/index.php\/2019\/05\/16\/scaloni-amplia-la-lista\/#primaryimage\"},\"thumbnailUrl\":\"https:\/\/golandpop.com\/wp-content\/uploads\/2019\/05\/15359956758096.jpg\",\"keywords\":[\"destacado\",\"Selecci\u00f3n Argentina\"],\"articleSection\":[\"F\u00fatbol\",\"F\u00fatbol Internacional\"],\"inLanguage\":\"es-AR\"},{\"@type\":\"WebPage\",\"@id\":\"https:\/\/golandpop.com\/index.php\/2019\/05\/16\/scaloni-amplia-la-lista\/\",\"url\":\"https:\/\/golandpop.com\/index.php\/2019\/05\/16\/scaloni-amplia-la-lista\/\",\"name\":\"Scaloni ampl\u00eda la lista - Golandpop\",\"isPartOf\":{\"@id\":\"https:\/\/golandpop.com\/#website\"},\"primaryImageOfPage\":{\"@id\":\"https:\/\/golandpop.com\/index.php\/2019\/05\/16\/scaloni-amplia-la-lista\/#primaryimage\"},\"image\":{\"@id\":\"https:\/\/golandpop.com\/index.php\/2019\/05\/16\/scaloni-amplia-la-lista\/#primaryimage\"},\"thumbnailUrl\":\"https:\/\/golandpop.com\/wp-content\/uploads\/2019\/05\/15359956758096.jpg\",\"datePublished\":\"2019-05-16T13:23:28+00:00\",\"breadcrumb\":{\"@id\":\"https:\/\/golandpop.com\/index.php\/2019\/05\/16\/scaloni-amplia-la-lista\/#breadcrumb\"},\"inLanguage\":\"es-AR\",\"potentialAction\":[{\"@type\":\"ReadAction\",\"target\":[\"https:\/\/golandpop.com\/index.php\/2019\/05\/16\/scaloni-amplia-la-lista\/\"]}]},{\"@type\":\"ImageObject\",\"inLanguage\":\"es-AR\",\"@id\":\"https:\/\/golandpop.com\/index.php\/2019\/05\/16\/scaloni-amplia-la-lista\/#primaryimage\",\"url\":\"https:\/\/golandpop.com\/wp-content\/uploads\/2019\/05\/15359956758096.jpg\",\"contentUrl\":\"https:\/\/golandpop.com\/wp-content\/uploads\/2019\/05\/15359956758096.jpg\",\"width\":990,\"height\":557},{\"@type\":\"BreadcrumbList\",\"@id\":\"https:\/\/golandpop.com\/index.php\/2019\/05\/16\/scaloni-amplia-la-lista\/#breadcrumb\",\"itemListElement\":[{\"@type\":\"ListItem\",\"position\":1,\"name\":\"Inicio\",\"item\":\"https:\/\/golandpop.com\/\"},{\"@type\":\"ListItem\",\"position\":2,\"name\":\"Scaloni ampl\u00eda la lista\"}]},{\"@type\":\"WebSite\",\"@id\":\"https:\/\/golandpop.com\/#website\",\"url\":\"https:\/\/golandpop.com\/\",\"name\":\"Golandpop\",\"description\":\"\",\"publisher\":{\"@id\":\"https:\/\/golandpop.com\/#organization\"},\"potentialAction\":[{\"@type\":\"SearchAction\",\"target\":{\"@type\":\"EntryPoint\",\"urlTemplate\":\"https:\/\/golandpop.com\/?s={search_term_string}\"},\"query-input\":{\"@type\":\"PropertyValueSpecification\",\"valueRequired\":true,\"valueName\":\"search_term_string\"}}],\"inLanguage\":\"es-AR\"},{\"@type\":\"Organization\",\"@id\":\"https:\/\/golandpop.com\/#organization\",\"name\":\"GolandPop\",\"url\":\"https:\/\/golandpop.com\/\",\"logo\":{\"@type\":\"ImageObject\",\"inLanguage\":\"es-AR\",\"@id\":\"https:\/\/golandpop.com\/#\/schema\/logo\/image\/\",\"url\":\"https:\/\/golandpop.com\/wp-content\/uploads\/2020\/04\/favicon_gol_pop.png\",\"contentUrl\":\"https:\/\/golandpop.com\/wp-content\/uploads\/2020\/04\/favicon_gol_pop.png\",\"width\":246,\"height\":246,\"caption\":\"GolandPop\"},\"image\":{\"@id\":\"https:\/\/golandpop.com\/#\/schema\/logo\/image\/\"},\"sameAs\":[\"https:\/\/x.com\/golandpop\",\"https:\/\/www.instagram.com\/golandpopcordoba\/\"]},{\"@type\":\"Person\",\"@id\":\"https:\/\/golandpop.com\/#\/schema\/person\/2809725861e0da25eaffe2d9b29c9613\",\"name\":\"Gol&amp;Pop\",\"image\":{\"@type\":\"ImageObject\",\"inLanguage\":\"es-AR\",\"@id\":\"https:\/\/golandpop.com\/#\/schema\/person\/image\/\",\"url\":\"https:\/\/secure.gravatar.com\/avatar\/9a87ee051ca8c77f5d4070843ce2c78cdf95b858b950fb039151de955122f5f5?s=96&d=mm&r=g\",\"contentUrl\":\"https:\/\/secure.gravatar.com\/avatar\/9a87ee051ca8c77f5d4070843ce2c78cdf95b858b950fb039151de955122f5f5?s=96&d=mm&r=g\",\"caption\":\"Gol&amp;Pop\"},\"sameAs\":[\"http:\/\/golandpop.com\"],\"url\":\"https:\/\/golandpop.com\/index.php\/author\/admin\/\"}]}<\/script>\n<!-- \/ Yoast SEO plugin. -->","yoast_head_json":{"title":"Scaloni ampl\u00eda la lista - Golandpop","robots":{"index":"index","follow":"follow","max-snippet":"max-snippet:-1","max-image-preview":"max-image-preview:large","max-video-preview":"max-video-preview:-1"},"canonical":"https:\/\/golandpop.com\/index.php\/2019\/05\/16\/scaloni-amplia-la-lista\/","og_locale":"es_ES","og_type":"article","og_title":"Scaloni ampl\u00eda la lista - Golandpop","og_description":"El t\u00e9cnico ten\u00eda una lista previa de 31 convocados, pero decidi\u00f3 ampliarla a 36 debido a algunas lesiones. El entrenador decidi\u00f3 ampliar la n\u00f3mina tras conocer la lesi\u00f3n de Zaracho (desgarro) m\u00e1s el estado de salud de Germ\u00e1n Pezzella (factura maxilar). La lista preliminar Arqueros: Esteban Andrada, Franco Armani, Agust\u00edn Marches\u00edn, Juan Musso y Ger\u00f3nimo [&hellip;]","og_url":"https:\/\/golandpop.com\/index.php\/2019\/05\/16\/scaloni-amplia-la-lista\/","og_site_name":"Golandpop","article_published_time":"2019-05-16T13:23:28+00:00","og_image":[{"width":990,"height":557,"url":"https:\/\/golandpop.com\/wp-content\/uploads\/2019\/05\/15359956758096.jpg","type":"image\/jpeg"}],"author":"Gol&amp;Pop","twitter_card":"summary_large_image","twitter_creator":"@golandpop","twitter_site":"@golandpop","twitter_misc":{"Escrito por":"Gol&amp;Pop","Tiempo de lectura":"1 minuto"},"schema":{"@context":"https:\/\/schema.org","@graph":[{"@type":"Article","@id":"https:\/\/golandpop.com\/index.php\/2019\/05\/16\/scaloni-amplia-la-lista\/#article","isPartOf":{"@id":"https:\/\/golandpop.com\/index.php\/2019\/05\/16\/scaloni-amplia-la-lista\/"},"author":{"name":"Gol&amp;Pop","@id":"https:\/\/golandpop.com\/#\/schema\/person\/2809725861e0da25eaffe2d9b29c9613"},"headline":"Scaloni ampl\u00eda la lista","datePublished":"2019-05-16T13:23:28+00:00","mainEntityOfPage":{"@id":"https:\/\/golandpop.com\/index.php\/2019\/05\/16\/scaloni-amplia-la-lista\/"},"wordCount":159,"commentCount":0,"publisher":{"@id":"https:\/\/golandpop.com\/#organization"},"image":{"@id":"https:\/\/golandpop.com\/index.php\/2019\/05\/16\/scaloni-amplia-la-lista\/#primaryimage"},"thumbnailUrl":"https:\/\/golandpop.com\/wp-content\/uploads\/2019\/05\/15359956758096.jpg","keywords":["destacado","Selecci\u00f3n Argentina"],"articleSection":["F\u00fatbol","F\u00fatbol Internacional"],"inLanguage":"es-AR"},{"@type":"WebPage","@id":"https:\/\/golandpop.com\/index.php\/2019\/05\/16\/scaloni-amplia-la-lista\/","url":"https:\/\/golandpop.com\/index.php\/2019\/05\/16\/scaloni-amplia-la-lista\/","name":"Scaloni ampl\u00eda la lista - Golandpop","isPartOf":{"@id":"https:\/\/golandpop.com\/#website"},"primaryImageOfPage":{"@id":"https:\/\/golandpop.com\/index.php\/2019\/05\/16\/scaloni-amplia-la-lista\/#primaryimage"},"image":{"@id":"https:\/\/golandpop.com\/index.php\/2019\/05\/16\/scaloni-amplia-la-lista\/#primaryimage"},"thumbnailUrl":"https:\/\/golandpop.com\/wp-content\/uploads\/2019\/05\/15359956758096.jpg","datePublished":"2019-05-16T13:23:28+00:00","breadcrumb":{"@id":"https:\/\/golandpop.com\/index.php\/2019\/05\/16\/scaloni-amplia-la-lista\/#breadcrumb"},"inLanguage":"es-AR","potentialAction":[{"@type":"ReadAction","target":["https:\/\/golandpop.com\/index.php\/2019\/05\/16\/scaloni-amplia-la-lista\/"]}]},{"@type":"ImageObject","inLanguage":"es-AR","@id":"https:\/\/golandpop.com\/index.php\/2019\/05\/16\/scaloni-amplia-la-lista\/#primaryimage","url":"https:\/\/golandpop.com\/wp-content\/uploads\/2019\/05\/15359956758096.jpg","contentUrl":"https:\/\/golandpop.com\/wp-content\/uploads\/2019\/05\/15359956758096.jpg","width":990,"height":557},{"@type":"BreadcrumbList","@id":"https:\/\/golandpop.com\/index.php\/2019\/05\/16\/scaloni-amplia-la-lista\/#breadcrumb","itemListElement":[{"@type":"ListItem","position":1,"name":"Inicio","item":"https:\/\/golandpop.com\/"},{"@type":"ListItem","position":2,"name":"Scaloni ampl\u00eda la lista"}]},{"@type":"WebSite","@id":"https:\/\/golandpop.com\/#website","url":"https:\/\/golandpop.com\/","name":"Golandpop","description":"","publisher":{"@id":"https:\/\/golandpop.com\/#organization"},"potentialAction":[{"@type":"SearchAction","target":{"@type":"EntryPoint","urlTemplate":"https:\/\/golandpop.com\/?s={search_term_string}"},"query-input":{"@type":"PropertyValueSpecification","valueRequired":true,"valueName":"search_term_string"}}],"inLanguage":"es-AR"},{"@type":"Organization","@id":"https:\/\/golandpop.com\/#organization","name":"GolandPop","url":"https:\/\/golandpop.com\/","logo":{"@type":"ImageObject","inLanguage":"es-AR","@id":"https:\/\/golandpop.com\/#\/schema\/logo\/image\/","url":"https:\/\/golandpop.com\/wp-content\/uploads\/2020\/04\/favicon_gol_pop.png","contentUrl":"https:\/\/golandpop.com\/wp-content\/uploads\/2020\/04\/favicon_gol_pop.png","width":246,"height":246,"caption":"GolandPop"},"image":{"@id":"https:\/\/golandpop.com\/#\/schema\/logo\/image\/"},"sameAs":["https:\/\/x.com\/golandpop","https:\/\/www.instagram.com\/golandpopcordoba\/"]},{"@type":"Person","@id":"https:\/\/golandpop.com\/#\/schema\/person\/2809725861e0da25eaffe2d9b29c9613","name":"Gol&amp;Pop","image":{"@type":"ImageObject","inLanguage":"es-AR","@id":"https:\/\/golandpop.com\/#\/schema\/person\/image\/","url":"https:\/\/secure.gravatar.com\/avatar\/9a87ee051ca8c77f5d4070843ce2c78cdf95b858b950fb039151de955122f5f5?s=96&d=mm&r=g","contentUrl":"https:\/\/secure.gravatar.com\/avatar\/9a87ee051ca8c77f5d4070843ce2c78cdf95b858b950fb039151de955122f5f5?s=96&d=mm&r=g","caption":"Gol&amp;Pop"},"sameAs":["http:\/\/golandpop.com"],"url":"https:\/\/golandpop.com\/index.php\/author\/admin\/"}]}},"_links":{"self":[{"href":"https:\/\/golandpop.com\/index.php\/wp-json\/wp\/v2\/posts\/577","targetHints":{"allow":["GET"]}}],"collection":[{"href":"https:\/\/golandpop.com\/index.php\/wp-json\/wp\/v2\/posts"}],"about":[{"href":"https:\/\/golandpop.com\/index.php\/wp-json\/wp\/v2\/types\/post"}],"author":[{"embeddable":true,"href":"https:\/\/golandpop.com\/index.php\/wp-json\/wp\/v2\/users\/1"}],"replies":[{"embeddable":true,"href":"https:\/\/golandpop.com\/index.php\/wp-json\/wp\/v2\/comments?post=577"}],"version-history":[{"count":0,"href":"https:\/\/golandpop.com\/index.php\/wp-json\/wp\/v2\/posts\/577\/revisions"}],"wp:featuredmedia":[{"embeddable":true,"href":"https:\/\/golandpop.com\/index.php\/wp-json\/wp\/v2\/media\/578"}],"wp:attachment":[{"href":"https:\/\/golandpop.com\/index.php\/wp-json\/wp\/v2\/media?parent=577"}],"wp:term":[{"taxonomy":"category","embeddable":true,"href":"https:\/\/golandpop.com\/index.php\/wp-json\/wp\/v2\/categories?post=577"},{"taxonomy":"post_tag","embeddable":true,"href":"https:\/\/golandpop.com\/index.php\/wp-json\/wp\/v2\/tags?post=577"}],"curies":[{"name":"wp","href":"https:\/\/api.w.org\/{rel}","templated":true}]}}