{"id":5414,"date":"2020-07-29T14:28:09","date_gmt":"2020-07-29T17:28:09","guid":{"rendered":"https:\/\/golandpop.com\/?p=5414"},"modified":"2020-07-29T14:28:12","modified_gmt":"2020-07-29T17:28:12","slug":"rally-wrc-septiembre-el-mes-de-la-vuelta","status":"publish","type":"post","link":"https:\/\/golandpop.com\/index.php\/2020\/07\/29\/rally-wrc-septiembre-el-mes-de-la-vuelta\/","title":{"rendered":"WRC: Septiembre, el mes de la vuelta"},"content":{"rendered":"\n<p>Lejos qued\u00f3 aquel 15 de marzo en M\u00e9xico, donde S\u00e9bastien Ogier se coron\u00f3 en el \u00faltimo <a href=\"https:\/\/golandpop.com\/index.php\/category\/automovilismo\/rally\/\">rally <\/a>de la temporada 2020 hasta el momento. Luego, el avance de la pandemia imposibilit\u00f3 seguir con el desarrollo del calendario y varias fechas debieron ser suspendidas.<\/p>\n\n\n\n<p>Al d\u00eda de hoy la FIA, organizador del campeonato mundial, contin\u00faa trabajando para el regreso a la actividad y ya confirmaron seis fechas<strong>. La vuelta del <a href=\"https:\/\/www.wrc.com\/es\/\">WRC<\/a> ser\u00e1 el primer fin de semana de septiembre (4-6) en Estonia<\/strong>, casa del actual campe\u00f3n del mundo Ott Tanak.<\/p>\n\n\n\n<p>Luego ser\u00e1 el turno de Turqu\u00eda, Alemania, Italia y Jap\u00f3n que ya fueron confirmados por la organizaci\u00f3n en la nueva programaci\u00f3n. Todav\u00eda existen posibilidades de que el calendario se ampli\u00e9 ya que hay negociaciones con distintos pa\u00edses que desean formar parte del mismo.<\/p>\n\n\n\n<figure class=\"wp-block-embed-youtube wp-block-embed is-type-video is-provider-youtube wp-embed-aspect-16-9 wp-has-aspect-ratio\"><div class=\"wp-block-embed__wrapper\">\n<iframe title=\"WRC Calendar Update 2020\" width=\"740\" height=\"416\" src=\"https:\/\/www.youtube.com\/embed\/ZLELnO4aqpQ?feature=oembed\" frameborder=\"0\" allow=\"accelerometer; autoplay; clipboard-write; encrypted-media; gyroscope; picture-in-picture\" allowfullscreen><\/iframe>\n<\/div><\/figure>\n\n\n\n<p>El rally de <strong>Argentina <\/strong>fue uno de los suspendidos, en primer lugar, con una posible fecha de reprogramaci\u00f3n para diciembre, pero luego se dio a conocer que finalmente <strong>no habr\u00e1 actividad en nuestro pa\u00eds en este 2020.<\/strong><\/p>\n\n\n\n<p>Mientras tanto los equipos ya se preparan para el regreso. Tanto Hyundai como Toyota vienen realizando pruebas en Finlandia para poner sus autos a punto para la vuelta a la competici\u00f3n, que hasta el momento del parate lideraba <a href=\"https:\/\/twitter.com\/SebOgier\">S\u00e9bastien Ogier<\/a> (Toyota) con 62 puntos seguido de su compa\u00f1ero de equipo Elfyn Evans con 54 y Thierry Neuville con 42.<\/p>\n","protected":false},"excerpt":{"rendered":"<p>La vuelta ser\u00e1 el primer fin de semana de septiembre (4-6) en Estonia.<\/p>\n","protected":false},"author":1,"featured_media":5417,"comment_status":"open","ping_status":"open","sticky":false,"template":"","format":"standard","meta":{"footnotes":""},"categories":[31,296],"tags":[458,293,459,457,294],"class_list":["post-5414","post","type-post","status-publish","format-standard","has-post-thumbnail","hentry","category-automovilismo","category-rally","tag-hyundai","tag-rally-argentino","tag-sebastien-ogier","tag-toyota","tag-wrc"],"yoast_head":"<!-- This site is optimized with the Yoast SEO plugin v26.1.1 - https:\/\/yoast.com\/wordpress\/plugins\/seo\/ -->\n<title>WRC: Septiembre, el mes de la vuelta - Golandpop<\/title>\n<meta name=\"robots\" content=\"index, follow, max-snippet:-1, max-image-preview:large, max-video-preview:-1\" \/>\n<link rel=\"canonical\" href=\"https:\/\/golandpop.com\/index.php\/2020\/07\/29\/rally-wrc-septiembre-el-mes-de-la-vuelta\/\" \/>\n<meta property=\"og:locale\" content=\"es_ES\" \/>\n<meta property=\"og:type\" content=\"article\" \/>\n<meta property=\"og:title\" content=\"WRC: Septiembre, el mes de la vuelta - Golandpop\" \/>\n<meta property=\"og:description\" content=\"La vuelta ser\u00e1 el primer fin de semana de septiembre (4-6) en Estonia.\" \/>\n<meta property=\"og:url\" content=\"https:\/\/golandpop.com\/index.php\/2020\/07\/29\/rally-wrc-septiembre-el-mes-de-la-vuelta\/\" \/>\n<meta property=\"og:site_name\" content=\"Golandpop\" \/>\n<meta property=\"article:published_time\" content=\"2020-07-29T17:28:09+00:00\" \/>\n<meta property=\"article:modified_time\" content=\"2020-07-29T17:28:12+00:00\" \/>\n<meta property=\"og:image\" content=\"https:\/\/golandpop.com\/wp-content\/uploads\/2020\/07\/1584280148_201230_1584280302_noticia_normal.jpg\" \/>\n\t<meta property=\"og:image:width\" content=\"1200\" \/>\n\t<meta property=\"og:image:height\" content=\"675\" \/>\n\t<meta property=\"og:image:type\" content=\"image\/jpeg\" \/>\n<meta name=\"author\" content=\"Gol&amp;Pop\" \/>\n<meta name=\"twitter:card\" content=\"summary_large_image\" \/>\n<meta name=\"twitter:creator\" content=\"@golandpop\" \/>\n<meta name=\"twitter:site\" content=\"@golandpop\" \/>\n<meta name=\"twitter:label1\" content=\"Escrito por\" \/>\n\t<meta name=\"twitter:data1\" content=\"Gol&amp;Pop\" \/>\n\t<meta name=\"twitter:label2\" content=\"Tiempo de lectura\" \/>\n\t<meta name=\"twitter:data2\" content=\"1 minuto\" \/>\n<script type=\"application\/ld+json\" class=\"yoast-schema-graph\">{\"@context\":\"https:\/\/schema.org\",\"@graph\":[{\"@type\":\"Article\",\"@id\":\"https:\/\/golandpop.com\/index.php\/2020\/07\/29\/rally-wrc-septiembre-el-mes-de-la-vuelta\/#article\",\"isPartOf\":{\"@id\":\"https:\/\/golandpop.com\/index.php\/2020\/07\/29\/rally-wrc-septiembre-el-mes-de-la-vuelta\/\"},\"author\":{\"name\":\"Gol&amp;Pop\",\"@id\":\"https:\/\/golandpop.com\/#\/schema\/person\/2809725861e0da25eaffe2d9b29c9613\"},\"headline\":\"WRC: Septiembre, el mes de la vuelta\",\"datePublished\":\"2020-07-29T17:28:09+00:00\",\"dateModified\":\"2020-07-29T17:28:12+00:00\",\"mainEntityOfPage\":{\"@id\":\"https:\/\/golandpop.com\/index.php\/2020\/07\/29\/rally-wrc-septiembre-el-mes-de-la-vuelta\/\"},\"wordCount\":253,\"commentCount\":0,\"publisher\":{\"@id\":\"https:\/\/golandpop.com\/#organization\"},\"image\":{\"@id\":\"https:\/\/golandpop.com\/index.php\/2020\/07\/29\/rally-wrc-septiembre-el-mes-de-la-vuelta\/#primaryimage\"},\"thumbnailUrl\":\"https:\/\/golandpop.com\/wp-content\/uploads\/2020\/07\/1584280148_201230_1584280302_noticia_normal.jpg\",\"keywords\":[\"Hyundai\",\"Rally Argentino\",\"S\u00e9bastien Ogier\",\"Toyota\",\"WRC\"],\"articleSection\":[\"Motores\",\"Rally\"],\"inLanguage\":\"es-AR\"},{\"@type\":\"WebPage\",\"@id\":\"https:\/\/golandpop.com\/index.php\/2020\/07\/29\/rally-wrc-septiembre-el-mes-de-la-vuelta\/\",\"url\":\"https:\/\/golandpop.com\/index.php\/2020\/07\/29\/rally-wrc-septiembre-el-mes-de-la-vuelta\/\",\"name\":\"WRC: Septiembre, el mes de la vuelta - Golandpop\",\"isPartOf\":{\"@id\":\"https:\/\/golandpop.com\/#website\"},\"primaryImageOfPage\":{\"@id\":\"https:\/\/golandpop.com\/index.php\/2020\/07\/29\/rally-wrc-septiembre-el-mes-de-la-vuelta\/#primaryimage\"},\"image\":{\"@id\":\"https:\/\/golandpop.com\/index.php\/2020\/07\/29\/rally-wrc-septiembre-el-mes-de-la-vuelta\/#primaryimage\"},\"thumbnailUrl\":\"https:\/\/golandpop.com\/wp-content\/uploads\/2020\/07\/1584280148_201230_1584280302_noticia_normal.jpg\",\"datePublished\":\"2020-07-29T17:28:09+00:00\",\"dateModified\":\"2020-07-29T17:28:12+00:00\",\"breadcrumb\":{\"@id\":\"https:\/\/golandpop.com\/index.php\/2020\/07\/29\/rally-wrc-septiembre-el-mes-de-la-vuelta\/#breadcrumb\"},\"inLanguage\":\"es-AR\",\"potentialAction\":[{\"@type\":\"ReadAction\",\"target\":[\"https:\/\/golandpop.com\/index.php\/2020\/07\/29\/rally-wrc-septiembre-el-mes-de-la-vuelta\/\"]}]},{\"@type\":\"ImageObject\",\"inLanguage\":\"es-AR\",\"@id\":\"https:\/\/golandpop.com\/index.php\/2020\/07\/29\/rally-wrc-septiembre-el-mes-de-la-vuelta\/#primaryimage\",\"url\":\"https:\/\/golandpop.com\/wp-content\/uploads\/2020\/07\/1584280148_201230_1584280302_noticia_normal.jpg\",\"contentUrl\":\"https:\/\/golandpop.com\/wp-content\/uploads\/2020\/07\/1584280148_201230_1584280302_noticia_normal.jpg\",\"width\":1200,\"height\":675},{\"@type\":\"BreadcrumbList\",\"@id\":\"https:\/\/golandpop.com\/index.php\/2020\/07\/29\/rally-wrc-septiembre-el-mes-de-la-vuelta\/#breadcrumb\",\"itemListElement\":[{\"@type\":\"ListItem\",\"position\":1,\"name\":\"Inicio\",\"item\":\"https:\/\/golandpop.com\/\"},{\"@type\":\"ListItem\",\"position\":2,\"name\":\"WRC: Septiembre, el mes de la vuelta\"}]},{\"@type\":\"WebSite\",\"@id\":\"https:\/\/golandpop.com\/#website\",\"url\":\"https:\/\/golandpop.com\/\",\"name\":\"Golandpop\",\"description\":\"\",\"publisher\":{\"@id\":\"https:\/\/golandpop.com\/#organization\"},\"potentialAction\":[{\"@type\":\"SearchAction\",\"target\":{\"@type\":\"EntryPoint\",\"urlTemplate\":\"https:\/\/golandpop.com\/?s={search_term_string}\"},\"query-input\":{\"@type\":\"PropertyValueSpecification\",\"valueRequired\":true,\"valueName\":\"search_term_string\"}}],\"inLanguage\":\"es-AR\"},{\"@type\":\"Organization\",\"@id\":\"https:\/\/golandpop.com\/#organization\",\"name\":\"GolandPop\",\"url\":\"https:\/\/golandpop.com\/\",\"logo\":{\"@type\":\"ImageObject\",\"inLanguage\":\"es-AR\",\"@id\":\"https:\/\/golandpop.com\/#\/schema\/logo\/image\/\",\"url\":\"https:\/\/golandpop.com\/wp-content\/uploads\/2020\/04\/favicon_gol_pop.png\",\"contentUrl\":\"https:\/\/golandpop.com\/wp-content\/uploads\/2020\/04\/favicon_gol_pop.png\",\"width\":246,\"height\":246,\"caption\":\"GolandPop\"},\"image\":{\"@id\":\"https:\/\/golandpop.com\/#\/schema\/logo\/image\/\"},\"sameAs\":[\"https:\/\/x.com\/golandpop\",\"https:\/\/www.instagram.com\/golandpopcordoba\/\"]},{\"@type\":\"Person\",\"@id\":\"https:\/\/golandpop.com\/#\/schema\/person\/2809725861e0da25eaffe2d9b29c9613\",\"name\":\"Gol&amp;Pop\",\"image\":{\"@type\":\"ImageObject\",\"inLanguage\":\"es-AR\",\"@id\":\"https:\/\/golandpop.com\/#\/schema\/person\/image\/\",\"url\":\"https:\/\/secure.gravatar.com\/avatar\/9a87ee051ca8c77f5d4070843ce2c78cdf95b858b950fb039151de955122f5f5?s=96&d=mm&r=g\",\"contentUrl\":\"https:\/\/secure.gravatar.com\/avatar\/9a87ee051ca8c77f5d4070843ce2c78cdf95b858b950fb039151de955122f5f5?s=96&d=mm&r=g\",\"caption\":\"Gol&amp;Pop\"},\"sameAs\":[\"http:\/\/golandpop.com\"],\"url\":\"https:\/\/golandpop.com\/index.php\/author\/admin\/\"}]}<\/script>\n<!-- \/ Yoast SEO plugin. -->","yoast_head_json":{"title":"WRC: Septiembre, el mes de la vuelta - Golandpop","robots":{"index":"index","follow":"follow","max-snippet":"max-snippet:-1","max-image-preview":"max-image-preview:large","max-video-preview":"max-video-preview:-1"},"canonical":"https:\/\/golandpop.com\/index.php\/2020\/07\/29\/rally-wrc-septiembre-el-mes-de-la-vuelta\/","og_locale":"es_ES","og_type":"article","og_title":"WRC: Septiembre, el mes de la vuelta - Golandpop","og_description":"La vuelta ser\u00e1 el primer fin de semana de septiembre (4-6) en Estonia.","og_url":"https:\/\/golandpop.com\/index.php\/2020\/07\/29\/rally-wrc-septiembre-el-mes-de-la-vuelta\/","og_site_name":"Golandpop","article_published_time":"2020-07-29T17:28:09+00:00","article_modified_time":"2020-07-29T17:28:12+00:00","og_image":[{"width":1200,"height":675,"url":"https:\/\/golandpop.com\/wp-content\/uploads\/2020\/07\/1584280148_201230_1584280302_noticia_normal.jpg","type":"image\/jpeg"}],"author":"Gol&amp;Pop","twitter_card":"summary_large_image","twitter_creator":"@golandpop","twitter_site":"@golandpop","twitter_misc":{"Escrito por":"Gol&amp;Pop","Tiempo de lectura":"1 minuto"},"schema":{"@context":"https:\/\/schema.org","@graph":[{"@type":"Article","@id":"https:\/\/golandpop.com\/index.php\/2020\/07\/29\/rally-wrc-septiembre-el-mes-de-la-vuelta\/#article","isPartOf":{"@id":"https:\/\/golandpop.com\/index.php\/2020\/07\/29\/rally-wrc-septiembre-el-mes-de-la-vuelta\/"},"author":{"name":"Gol&amp;Pop","@id":"https:\/\/golandpop.com\/#\/schema\/person\/2809725861e0da25eaffe2d9b29c9613"},"headline":"WRC: Septiembre, el mes de la vuelta","datePublished":"2020-07-29T17:28:09+00:00","dateModified":"2020-07-29T17:28:12+00:00","mainEntityOfPage":{"@id":"https:\/\/golandpop.com\/index.php\/2020\/07\/29\/rally-wrc-septiembre-el-mes-de-la-vuelta\/"},"wordCount":253,"commentCount":0,"publisher":{"@id":"https:\/\/golandpop.com\/#organization"},"image":{"@id":"https:\/\/golandpop.com\/index.php\/2020\/07\/29\/rally-wrc-septiembre-el-mes-de-la-vuelta\/#primaryimage"},"thumbnailUrl":"https:\/\/golandpop.com\/wp-content\/uploads\/2020\/07\/1584280148_201230_1584280302_noticia_normal.jpg","keywords":["Hyundai","Rally Argentino","S\u00e9bastien Ogier","Toyota","WRC"],"articleSection":["Motores","Rally"],"inLanguage":"es-AR"},{"@type":"WebPage","@id":"https:\/\/golandpop.com\/index.php\/2020\/07\/29\/rally-wrc-septiembre-el-mes-de-la-vuelta\/","url":"https:\/\/golandpop.com\/index.php\/2020\/07\/29\/rally-wrc-septiembre-el-mes-de-la-vuelta\/","name":"WRC: Septiembre, el mes de la vuelta - Golandpop","isPartOf":{"@id":"https:\/\/golandpop.com\/#website"},"primaryImageOfPage":{"@id":"https:\/\/golandpop.com\/index.php\/2020\/07\/29\/rally-wrc-septiembre-el-mes-de-la-vuelta\/#primaryimage"},"image":{"@id":"https:\/\/golandpop.com\/index.php\/2020\/07\/29\/rally-wrc-septiembre-el-mes-de-la-vuelta\/#primaryimage"},"thumbnailUrl":"https:\/\/golandpop.com\/wp-content\/uploads\/2020\/07\/1584280148_201230_1584280302_noticia_normal.jpg","datePublished":"2020-07-29T17:28:09+00:00","dateModified":"2020-07-29T17:28:12+00:00","breadcrumb":{"@id":"https:\/\/golandpop.com\/index.php\/2020\/07\/29\/rally-wrc-septiembre-el-mes-de-la-vuelta\/#breadcrumb"},"inLanguage":"es-AR","potentialAction":[{"@type":"ReadAction","target":["https:\/\/golandpop.com\/index.php\/2020\/07\/29\/rally-wrc-septiembre-el-mes-de-la-vuelta\/"]}]},{"@type":"ImageObject","inLanguage":"es-AR","@id":"https:\/\/golandpop.com\/index.php\/2020\/07\/29\/rally-wrc-septiembre-el-mes-de-la-vuelta\/#primaryimage","url":"https:\/\/golandpop.com\/wp-content\/uploads\/2020\/07\/1584280148_201230_1584280302_noticia_normal.jpg","contentUrl":"https:\/\/golandpop.com\/wp-content\/uploads\/2020\/07\/1584280148_201230_1584280302_noticia_normal.jpg","width":1200,"height":675},{"@type":"BreadcrumbList","@id":"https:\/\/golandpop.com\/index.php\/2020\/07\/29\/rally-wrc-septiembre-el-mes-de-la-vuelta\/#breadcrumb","itemListElement":[{"@type":"ListItem","position":1,"name":"Inicio","item":"https:\/\/golandpop.com\/"},{"@type":"ListItem","position":2,"name":"WRC: Septiembre, el mes de la vuelta"}]},{"@type":"WebSite","@id":"https:\/\/golandpop.com\/#website","url":"https:\/\/golandpop.com\/","name":"Golandpop","description":"","publisher":{"@id":"https:\/\/golandpop.com\/#organization"},"potentialAction":[{"@type":"SearchAction","target":{"@type":"EntryPoint","urlTemplate":"https:\/\/golandpop.com\/?s={search_term_string}"},"query-input":{"@type":"PropertyValueSpecification","valueRequired":true,"valueName":"search_term_string"}}],"inLanguage":"es-AR"},{"@type":"Organization","@id":"https:\/\/golandpop.com\/#organization","name":"GolandPop","url":"https:\/\/golandpop.com\/","logo":{"@type":"ImageObject","inLanguage":"es-AR","@id":"https:\/\/golandpop.com\/#\/schema\/logo\/image\/","url":"https:\/\/golandpop.com\/wp-content\/uploads\/2020\/04\/favicon_gol_pop.png","contentUrl":"https:\/\/golandpop.com\/wp-content\/uploads\/2020\/04\/favicon_gol_pop.png","width":246,"height":246,"caption":"GolandPop"},"image":{"@id":"https:\/\/golandpop.com\/#\/schema\/logo\/image\/"},"sameAs":["https:\/\/x.com\/golandpop","https:\/\/www.instagram.com\/golandpopcordoba\/"]},{"@type":"Person","@id":"https:\/\/golandpop.com\/#\/schema\/person\/2809725861e0da25eaffe2d9b29c9613","name":"Gol&amp;Pop","image":{"@type":"ImageObject","inLanguage":"es-AR","@id":"https:\/\/golandpop.com\/#\/schema\/person\/image\/","url":"https:\/\/secure.gravatar.com\/avatar\/9a87ee051ca8c77f5d4070843ce2c78cdf95b858b950fb039151de955122f5f5?s=96&d=mm&r=g","contentUrl":"https:\/\/secure.gravatar.com\/avatar\/9a87ee051ca8c77f5d4070843ce2c78cdf95b858b950fb039151de955122f5f5?s=96&d=mm&r=g","caption":"Gol&amp;Pop"},"sameAs":["http:\/\/golandpop.com"],"url":"https:\/\/golandpop.com\/index.php\/author\/admin\/"}]}},"_links":{"self":[{"href":"https:\/\/golandpop.com\/index.php\/wp-json\/wp\/v2\/posts\/5414","targetHints":{"allow":["GET"]}}],"collection":[{"href":"https:\/\/golandpop.com\/index.php\/wp-json\/wp\/v2\/posts"}],"about":[{"href":"https:\/\/golandpop.com\/index.php\/wp-json\/wp\/v2\/types\/post"}],"author":[{"embeddable":true,"href":"https:\/\/golandpop.com\/index.php\/wp-json\/wp\/v2\/users\/1"}],"replies":[{"embeddable":true,"href":"https:\/\/golandpop.com\/index.php\/wp-json\/wp\/v2\/comments?post=5414"}],"version-history":[{"count":2,"href":"https:\/\/golandpop.com\/index.php\/wp-json\/wp\/v2\/posts\/5414\/revisions"}],"predecessor-version":[{"id":5435,"href":"https:\/\/golandpop.com\/index.php\/wp-json\/wp\/v2\/posts\/5414\/revisions\/5435"}],"wp:featuredmedia":[{"embeddable":true,"href":"https:\/\/golandpop.com\/index.php\/wp-json\/wp\/v2\/media\/5417"}],"wp:attachment":[{"href":"https:\/\/golandpop.com\/index.php\/wp-json\/wp\/v2\/media?parent=5414"}],"wp:term":[{"taxonomy":"category","embeddable":true,"href":"https:\/\/golandpop.com\/index.php\/wp-json\/wp\/v2\/categories?post=5414"},{"taxonomy":"post_tag","embeddable":true,"href":"https:\/\/golandpop.com\/index.php\/wp-json\/wp\/v2\/tags?post=5414"}],"curies":[{"name":"wp","href":"https:\/\/api.w.org\/{rel}","templated":true}]}}