{"id":5252,"date":"2020-07-03T16:08:21","date_gmt":"2020-07-03T19:08:21","guid":{"rendered":"https:\/\/golandpop.com\/?p=5252"},"modified":"2020-07-03T16:35:12","modified_gmt":"2020-07-03T19:35:12","slug":"belgrano-lucas-acosta-dijo-adios-lanus-granate","status":"publish","type":"post","link":"https:\/\/golandpop.com\/index.php\/2020\/07\/03\/belgrano-lucas-acosta-dijo-adios-lanus-granate\/","title":{"rendered":"Belgrano: Acosta finalmente dijo adi\u00f3s y vestir\u00e1 de Granate"},"content":{"rendered":"\n<p>El ahora ex jugador de <a href=\"https:\/\/golandpop.com\/index.php\/category\/futbol\/belgrano\/\">Belgrano<\/a> de C\u00f3rdoba, <a href=\"https:\/\/golandpop.com\/index.php\/tag\/lucas-acosta\/\">Lucas Acosta<\/a> anunci\u00f3 a trav\u00e9s de sus redes sociales que dejar\u00eda el club al finalizar se contrato con la instituci\u00f3n Pirata para vestirse de Granate.<\/p>\n\n\n\n<p><em>Por Fabiana Vel\u00e1zquez<\/em><\/p>\n\n\n\n<p>El retiro de <a href=\"https:\/\/golandpop.com\/index.php\/tag\/juan-carlos-olave\/\">Juan Carlos Olave<\/a> le dio la oportunidad a Acosta de ser titular desde el 11 de marzo ante San Lorenzo en el nuevo Gas\u00f3metro. Sus buenas actuaciones y su nacimiento en el club lo llevaron a portar la cinta de capit\u00e1n partidos despu\u00e9s. <\/p>\n\n\n\n<p>Sin embargo, ante los reiterados conflictos con la dirigencia celeste lo dejaron marginado de la titularidad e incluso del plantel profesional, habiendo disputado su \u00faltimo partido el 20 de mayo de 2018.<\/p>\n\n\n\n<figure class=\"wp-block-embed-twitter wp-block-embed is-type-rich is-provider-twitter\"><div class=\"wp-block-embed__wrapper\">\n<blockquote class=\"twitter-tweet\" data-width=\"550\" data-dnt=\"true\"><p lang=\"es\" dir=\"ltr\">\ud83d\udcdd OFICIAL: Lucas Acosta es nuevo futbolista del Club Lan\u00fas, con contrato de tres temporadas \ud83d\udc49 <a href=\"https:\/\/t.co\/jf8Nvo0m13\">https:\/\/t.co\/jf8Nvo0m13<\/a><a href=\"https:\/\/twitter.com\/hashtag\/SiempreGranate?src=hash&amp;ref_src=twsrc%5Etfw\">#SiempreGranate<\/a> \ud83c\uddf1\ud83c\uddfb <a href=\"https:\/\/t.co\/9EeS4v0a9z\">pic.twitter.com\/9EeS4v0a9z<\/a><\/p>&mdash; Club Lan\u00fas (@clublanus) <a href=\"https:\/\/twitter.com\/clublanus\/status\/1278312777241763844?ref_src=twsrc%5Etfw\">July 1, 2020<\/a><\/blockquote><script async src=\"https:\/\/platform.twitter.com\/widgets.js\" charset=\"utf-8\"><\/script>\n<\/div><\/figure>\n\n\n\n<p>El guardameta de 25 a\u00f1os, que perteneci\u00f3 al club durante 11 a\u00f1os, oficializ\u00f3 la salida en su Instagram personal para <a href=\"http:\/\/clublanus.com\/secciones\/futbol-profesional\/noticias\/lucas-acosta-nuevo-refuerzo-del-club-lanus\">arribar a Lan\u00fas en un contrato de tres a\u00f1os<\/a>. Curiosamente Acosta debut\u00f3 en Belgrano justamente ante el Granate en la Sudamericana 2015, cuando ten\u00eda solo 20 a\u00f1os.<\/p>\n\n\n\n<p><strong><em>\u201cHoy me despido pero no para siempre, sino con un hasta pronto\u201d<\/em><\/strong>, fueron algunas de sus palabras, adem\u00e1s del agradecimiento a todos los empleados y a los hinchas piratas por el apoyo incondicional.&nbsp;<\/p>\n\n\n\n<p>Aunque el regreso del f\u00fatbol argentino es incierto, el club dirigido por Luis Zubeld\u00eda ya oficializ\u00f3 su primer refuerzo que reemplazar\u00e1 a Agust\u00edn Rossi, jugador de boca Juniors que deber\u00e1 volver al club para pelear el puesto con Esteban Andrada.&nbsp;<\/p>\n","protected":false},"excerpt":{"rendered":"<p>El ahora ex jugador de Belgrano de C\u00f3rdoba, Lucas Acosta anunci\u00f3 a trav\u00e9s de sus redes sociales que dejar\u00eda el club al finalizar se contrato con la instituci\u00f3n Pirata para vestirse de Granate. Por Fabiana Vel\u00e1zquez El retiro de Juan Carlos Olave le dio la oportunidad a Acosta de ser titular desde el 11 de [&hellip;]<\/p>\n","protected":false},"author":1,"featured_media":5254,"comment_status":"open","ping_status":"open","sticky":false,"template":"","format":"standard","meta":{"footnotes":""},"categories":[33,39],"tags":[],"class_list":["post-5252","post","type-post","status-publish","format-standard","has-post-thumbnail","hentry","category-belgrano","category-futbol"],"yoast_head":"<!-- This site is optimized with the Yoast SEO plugin v26.1.1 - https:\/\/yoast.com\/wordpress\/plugins\/seo\/ -->\n<title>Belgrano: Acosta finalmente dijo adi\u00f3s y vestir\u00e1 de Granate - Golandpop<\/title>\n<meta name=\"robots\" content=\"index, follow, max-snippet:-1, max-image-preview:large, max-video-preview:-1\" \/>\n<link rel=\"canonical\" href=\"https:\/\/golandpop.com\/index.php\/2020\/07\/03\/belgrano-lucas-acosta-dijo-adios-lanus-granate\/\" \/>\n<meta property=\"og:locale\" content=\"es_ES\" \/>\n<meta property=\"og:type\" content=\"article\" \/>\n<meta property=\"og:title\" content=\"Belgrano: Acosta finalmente dijo adi\u00f3s y vestir\u00e1 de Granate - Golandpop\" \/>\n<meta property=\"og:description\" content=\"El ahora ex jugador de Belgrano de C\u00f3rdoba, Lucas Acosta anunci\u00f3 a trav\u00e9s de sus redes sociales que dejar\u00eda el club al finalizar se contrato con la instituci\u00f3n Pirata para vestirse de Granate. Por Fabiana Vel\u00e1zquez El retiro de Juan Carlos Olave le dio la oportunidad a Acosta de ser titular desde el 11 de [&hellip;]\" \/>\n<meta property=\"og:url\" content=\"https:\/\/golandpop.com\/index.php\/2020\/07\/03\/belgrano-lucas-acosta-dijo-adios-lanus-granate\/\" \/>\n<meta property=\"og:site_name\" content=\"Golandpop\" \/>\n<meta property=\"article:published_time\" content=\"2020-07-03T19:08:21+00:00\" \/>\n<meta property=\"article:modified_time\" content=\"2020-07-03T19:35:12+00:00\" \/>\n<meta property=\"og:image\" content=\"https:\/\/golandpop.com\/wp-content\/uploads\/2020\/07\/lucas-acosta-belgrano.jpg\" \/>\n\t<meta property=\"og:image:width\" content=\"630\" \/>\n\t<meta property=\"og:image:height\" content=\"405\" \/>\n\t<meta property=\"og:image:type\" content=\"image\/jpeg\" \/>\n<meta name=\"author\" content=\"Gol&amp;Pop\" \/>\n<meta name=\"twitter:card\" content=\"summary_large_image\" \/>\n<meta name=\"twitter:creator\" content=\"@golandpop\" \/>\n<meta name=\"twitter:site\" content=\"@golandpop\" \/>\n<meta name=\"twitter:label1\" content=\"Escrito por\" \/>\n\t<meta name=\"twitter:data1\" content=\"Gol&amp;Pop\" \/>\n\t<meta name=\"twitter:label2\" content=\"Tiempo de lectura\" \/>\n\t<meta name=\"twitter:data2\" content=\"1 minuto\" \/>\n<script type=\"application\/ld+json\" class=\"yoast-schema-graph\">{\"@context\":\"https:\/\/schema.org\",\"@graph\":[{\"@type\":\"Article\",\"@id\":\"https:\/\/golandpop.com\/index.php\/2020\/07\/03\/belgrano-lucas-acosta-dijo-adios-lanus-granate\/#article\",\"isPartOf\":{\"@id\":\"https:\/\/golandpop.com\/index.php\/2020\/07\/03\/belgrano-lucas-acosta-dijo-adios-lanus-granate\/\"},\"author\":{\"name\":\"Gol&amp;Pop\",\"@id\":\"https:\/\/golandpop.com\/#\/schema\/person\/2809725861e0da25eaffe2d9b29c9613\"},\"headline\":\"Belgrano: Acosta finalmente dijo adi\u00f3s y vestir\u00e1 de Granate\",\"datePublished\":\"2020-07-03T19:08:21+00:00\",\"dateModified\":\"2020-07-03T19:35:12+00:00\",\"mainEntityOfPage\":{\"@id\":\"https:\/\/golandpop.com\/index.php\/2020\/07\/03\/belgrano-lucas-acosta-dijo-adios-lanus-granate\/\"},\"wordCount\":284,\"commentCount\":0,\"publisher\":{\"@id\":\"https:\/\/golandpop.com\/#organization\"},\"image\":{\"@id\":\"https:\/\/golandpop.com\/index.php\/2020\/07\/03\/belgrano-lucas-acosta-dijo-adios-lanus-granate\/#primaryimage\"},\"thumbnailUrl\":\"https:\/\/golandpop.com\/wp-content\/uploads\/2020\/07\/lucas-acosta-belgrano.jpg\",\"articleSection\":[\"Belgrano\",\"F\u00fatbol\"],\"inLanguage\":\"es-AR\"},{\"@type\":\"WebPage\",\"@id\":\"https:\/\/golandpop.com\/index.php\/2020\/07\/03\/belgrano-lucas-acosta-dijo-adios-lanus-granate\/\",\"url\":\"https:\/\/golandpop.com\/index.php\/2020\/07\/03\/belgrano-lucas-acosta-dijo-adios-lanus-granate\/\",\"name\":\"Belgrano: Acosta finalmente dijo adi\u00f3s y vestir\u00e1 de Granate - Golandpop\",\"isPartOf\":{\"@id\":\"https:\/\/golandpop.com\/#website\"},\"primaryImageOfPage\":{\"@id\":\"https:\/\/golandpop.com\/index.php\/2020\/07\/03\/belgrano-lucas-acosta-dijo-adios-lanus-granate\/#primaryimage\"},\"image\":{\"@id\":\"https:\/\/golandpop.com\/index.php\/2020\/07\/03\/belgrano-lucas-acosta-dijo-adios-lanus-granate\/#primaryimage\"},\"thumbnailUrl\":\"https:\/\/golandpop.com\/wp-content\/uploads\/2020\/07\/lucas-acosta-belgrano.jpg\",\"datePublished\":\"2020-07-03T19:08:21+00:00\",\"dateModified\":\"2020-07-03T19:35:12+00:00\",\"breadcrumb\":{\"@id\":\"https:\/\/golandpop.com\/index.php\/2020\/07\/03\/belgrano-lucas-acosta-dijo-adios-lanus-granate\/#breadcrumb\"},\"inLanguage\":\"es-AR\",\"potentialAction\":[{\"@type\":\"ReadAction\",\"target\":[\"https:\/\/golandpop.com\/index.php\/2020\/07\/03\/belgrano-lucas-acosta-dijo-adios-lanus-granate\/\"]}]},{\"@type\":\"ImageObject\",\"inLanguage\":\"es-AR\",\"@id\":\"https:\/\/golandpop.com\/index.php\/2020\/07\/03\/belgrano-lucas-acosta-dijo-adios-lanus-granate\/#primaryimage\",\"url\":\"https:\/\/golandpop.com\/wp-content\/uploads\/2020\/07\/lucas-acosta-belgrano.jpg\",\"contentUrl\":\"https:\/\/golandpop.com\/wp-content\/uploads\/2020\/07\/lucas-acosta-belgrano.jpg\",\"width\":630,\"height\":405},{\"@type\":\"BreadcrumbList\",\"@id\":\"https:\/\/golandpop.com\/index.php\/2020\/07\/03\/belgrano-lucas-acosta-dijo-adios-lanus-granate\/#breadcrumb\",\"itemListElement\":[{\"@type\":\"ListItem\",\"position\":1,\"name\":\"Inicio\",\"item\":\"https:\/\/golandpop.com\/\"},{\"@type\":\"ListItem\",\"position\":2,\"name\":\"Belgrano: Acosta finalmente dijo adi\u00f3s y vestir\u00e1 de Granate\"}]},{\"@type\":\"WebSite\",\"@id\":\"https:\/\/golandpop.com\/#website\",\"url\":\"https:\/\/golandpop.com\/\",\"name\":\"Golandpop\",\"description\":\"\",\"publisher\":{\"@id\":\"https:\/\/golandpop.com\/#organization\"},\"potentialAction\":[{\"@type\":\"SearchAction\",\"target\":{\"@type\":\"EntryPoint\",\"urlTemplate\":\"https:\/\/golandpop.com\/?s={search_term_string}\"},\"query-input\":{\"@type\":\"PropertyValueSpecification\",\"valueRequired\":true,\"valueName\":\"search_term_string\"}}],\"inLanguage\":\"es-AR\"},{\"@type\":\"Organization\",\"@id\":\"https:\/\/golandpop.com\/#organization\",\"name\":\"GolandPop\",\"url\":\"https:\/\/golandpop.com\/\",\"logo\":{\"@type\":\"ImageObject\",\"inLanguage\":\"es-AR\",\"@id\":\"https:\/\/golandpop.com\/#\/schema\/logo\/image\/\",\"url\":\"https:\/\/golandpop.com\/wp-content\/uploads\/2020\/04\/favicon_gol_pop.png\",\"contentUrl\":\"https:\/\/golandpop.com\/wp-content\/uploads\/2020\/04\/favicon_gol_pop.png\",\"width\":246,\"height\":246,\"caption\":\"GolandPop\"},\"image\":{\"@id\":\"https:\/\/golandpop.com\/#\/schema\/logo\/image\/\"},\"sameAs\":[\"https:\/\/x.com\/golandpop\",\"https:\/\/www.instagram.com\/golandpopcordoba\/\"]},{\"@type\":\"Person\",\"@id\":\"https:\/\/golandpop.com\/#\/schema\/person\/2809725861e0da25eaffe2d9b29c9613\",\"name\":\"Gol&amp;Pop\",\"image\":{\"@type\":\"ImageObject\",\"inLanguage\":\"es-AR\",\"@id\":\"https:\/\/golandpop.com\/#\/schema\/person\/image\/\",\"url\":\"https:\/\/secure.gravatar.com\/avatar\/9a87ee051ca8c77f5d4070843ce2c78cdf95b858b950fb039151de955122f5f5?s=96&d=mm&r=g\",\"contentUrl\":\"https:\/\/secure.gravatar.com\/avatar\/9a87ee051ca8c77f5d4070843ce2c78cdf95b858b950fb039151de955122f5f5?s=96&d=mm&r=g\",\"caption\":\"Gol&amp;Pop\"},\"sameAs\":[\"http:\/\/golandpop.com\"],\"url\":\"https:\/\/golandpop.com\/index.php\/author\/admin\/\"}]}<\/script>\n<!-- \/ Yoast SEO plugin. -->","yoast_head_json":{"title":"Belgrano: Acosta finalmente dijo adi\u00f3s y vestir\u00e1 de Granate - Golandpop","robots":{"index":"index","follow":"follow","max-snippet":"max-snippet:-1","max-image-preview":"max-image-preview:large","max-video-preview":"max-video-preview:-1"},"canonical":"https:\/\/golandpop.com\/index.php\/2020\/07\/03\/belgrano-lucas-acosta-dijo-adios-lanus-granate\/","og_locale":"es_ES","og_type":"article","og_title":"Belgrano: Acosta finalmente dijo adi\u00f3s y vestir\u00e1 de Granate - Golandpop","og_description":"El ahora ex jugador de Belgrano de C\u00f3rdoba, Lucas Acosta anunci\u00f3 a trav\u00e9s de sus redes sociales que dejar\u00eda el club al finalizar se contrato con la instituci\u00f3n Pirata para vestirse de Granate. Por Fabiana Vel\u00e1zquez El retiro de Juan Carlos Olave le dio la oportunidad a Acosta de ser titular desde el 11 de [&hellip;]","og_url":"https:\/\/golandpop.com\/index.php\/2020\/07\/03\/belgrano-lucas-acosta-dijo-adios-lanus-granate\/","og_site_name":"Golandpop","article_published_time":"2020-07-03T19:08:21+00:00","article_modified_time":"2020-07-03T19:35:12+00:00","og_image":[{"width":630,"height":405,"url":"https:\/\/golandpop.com\/wp-content\/uploads\/2020\/07\/lucas-acosta-belgrano.jpg","type":"image\/jpeg"}],"author":"Gol&amp;Pop","twitter_card":"summary_large_image","twitter_creator":"@golandpop","twitter_site":"@golandpop","twitter_misc":{"Escrito por":"Gol&amp;Pop","Tiempo de lectura":"1 minuto"},"schema":{"@context":"https:\/\/schema.org","@graph":[{"@type":"Article","@id":"https:\/\/golandpop.com\/index.php\/2020\/07\/03\/belgrano-lucas-acosta-dijo-adios-lanus-granate\/#article","isPartOf":{"@id":"https:\/\/golandpop.com\/index.php\/2020\/07\/03\/belgrano-lucas-acosta-dijo-adios-lanus-granate\/"},"author":{"name":"Gol&amp;Pop","@id":"https:\/\/golandpop.com\/#\/schema\/person\/2809725861e0da25eaffe2d9b29c9613"},"headline":"Belgrano: Acosta finalmente dijo adi\u00f3s y vestir\u00e1 de Granate","datePublished":"2020-07-03T19:08:21+00:00","dateModified":"2020-07-03T19:35:12+00:00","mainEntityOfPage":{"@id":"https:\/\/golandpop.com\/index.php\/2020\/07\/03\/belgrano-lucas-acosta-dijo-adios-lanus-granate\/"},"wordCount":284,"commentCount":0,"publisher":{"@id":"https:\/\/golandpop.com\/#organization"},"image":{"@id":"https:\/\/golandpop.com\/index.php\/2020\/07\/03\/belgrano-lucas-acosta-dijo-adios-lanus-granate\/#primaryimage"},"thumbnailUrl":"https:\/\/golandpop.com\/wp-content\/uploads\/2020\/07\/lucas-acosta-belgrano.jpg","articleSection":["Belgrano","F\u00fatbol"],"inLanguage":"es-AR"},{"@type":"WebPage","@id":"https:\/\/golandpop.com\/index.php\/2020\/07\/03\/belgrano-lucas-acosta-dijo-adios-lanus-granate\/","url":"https:\/\/golandpop.com\/index.php\/2020\/07\/03\/belgrano-lucas-acosta-dijo-adios-lanus-granate\/","name":"Belgrano: Acosta finalmente dijo adi\u00f3s y vestir\u00e1 de Granate - Golandpop","isPartOf":{"@id":"https:\/\/golandpop.com\/#website"},"primaryImageOfPage":{"@id":"https:\/\/golandpop.com\/index.php\/2020\/07\/03\/belgrano-lucas-acosta-dijo-adios-lanus-granate\/#primaryimage"},"image":{"@id":"https:\/\/golandpop.com\/index.php\/2020\/07\/03\/belgrano-lucas-acosta-dijo-adios-lanus-granate\/#primaryimage"},"thumbnailUrl":"https:\/\/golandpop.com\/wp-content\/uploads\/2020\/07\/lucas-acosta-belgrano.jpg","datePublished":"2020-07-03T19:08:21+00:00","dateModified":"2020-07-03T19:35:12+00:00","breadcrumb":{"@id":"https:\/\/golandpop.com\/index.php\/2020\/07\/03\/belgrano-lucas-acosta-dijo-adios-lanus-granate\/#breadcrumb"},"inLanguage":"es-AR","potentialAction":[{"@type":"ReadAction","target":["https:\/\/golandpop.com\/index.php\/2020\/07\/03\/belgrano-lucas-acosta-dijo-adios-lanus-granate\/"]}]},{"@type":"ImageObject","inLanguage":"es-AR","@id":"https:\/\/golandpop.com\/index.php\/2020\/07\/03\/belgrano-lucas-acosta-dijo-adios-lanus-granate\/#primaryimage","url":"https:\/\/golandpop.com\/wp-content\/uploads\/2020\/07\/lucas-acosta-belgrano.jpg","contentUrl":"https:\/\/golandpop.com\/wp-content\/uploads\/2020\/07\/lucas-acosta-belgrano.jpg","width":630,"height":405},{"@type":"BreadcrumbList","@id":"https:\/\/golandpop.com\/index.php\/2020\/07\/03\/belgrano-lucas-acosta-dijo-adios-lanus-granate\/#breadcrumb","itemListElement":[{"@type":"ListItem","position":1,"name":"Inicio","item":"https:\/\/golandpop.com\/"},{"@type":"ListItem","position":2,"name":"Belgrano: Acosta finalmente dijo adi\u00f3s y vestir\u00e1 de Granate"}]},{"@type":"WebSite","@id":"https:\/\/golandpop.com\/#website","url":"https:\/\/golandpop.com\/","name":"Golandpop","description":"","publisher":{"@id":"https:\/\/golandpop.com\/#organization"},"potentialAction":[{"@type":"SearchAction","target":{"@type":"EntryPoint","urlTemplate":"https:\/\/golandpop.com\/?s={search_term_string}"},"query-input":{"@type":"PropertyValueSpecification","valueRequired":true,"valueName":"search_term_string"}}],"inLanguage":"es-AR"},{"@type":"Organization","@id":"https:\/\/golandpop.com\/#organization","name":"GolandPop","url":"https:\/\/golandpop.com\/","logo":{"@type":"ImageObject","inLanguage":"es-AR","@id":"https:\/\/golandpop.com\/#\/schema\/logo\/image\/","url":"https:\/\/golandpop.com\/wp-content\/uploads\/2020\/04\/favicon_gol_pop.png","contentUrl":"https:\/\/golandpop.com\/wp-content\/uploads\/2020\/04\/favicon_gol_pop.png","width":246,"height":246,"caption":"GolandPop"},"image":{"@id":"https:\/\/golandpop.com\/#\/schema\/logo\/image\/"},"sameAs":["https:\/\/x.com\/golandpop","https:\/\/www.instagram.com\/golandpopcordoba\/"]},{"@type":"Person","@id":"https:\/\/golandpop.com\/#\/schema\/person\/2809725861e0da25eaffe2d9b29c9613","name":"Gol&amp;Pop","image":{"@type":"ImageObject","inLanguage":"es-AR","@id":"https:\/\/golandpop.com\/#\/schema\/person\/image\/","url":"https:\/\/secure.gravatar.com\/avatar\/9a87ee051ca8c77f5d4070843ce2c78cdf95b858b950fb039151de955122f5f5?s=96&d=mm&r=g","contentUrl":"https:\/\/secure.gravatar.com\/avatar\/9a87ee051ca8c77f5d4070843ce2c78cdf95b858b950fb039151de955122f5f5?s=96&d=mm&r=g","caption":"Gol&amp;Pop"},"sameAs":["http:\/\/golandpop.com"],"url":"https:\/\/golandpop.com\/index.php\/author\/admin\/"}]}},"_links":{"self":[{"href":"https:\/\/golandpop.com\/index.php\/wp-json\/wp\/v2\/posts\/5252","targetHints":{"allow":["GET"]}}],"collection":[{"href":"https:\/\/golandpop.com\/index.php\/wp-json\/wp\/v2\/posts"}],"about":[{"href":"https:\/\/golandpop.com\/index.php\/wp-json\/wp\/v2\/types\/post"}],"author":[{"embeddable":true,"href":"https:\/\/golandpop.com\/index.php\/wp-json\/wp\/v2\/users\/1"}],"replies":[{"embeddable":true,"href":"https:\/\/golandpop.com\/index.php\/wp-json\/wp\/v2\/comments?post=5252"}],"version-history":[{"count":2,"href":"https:\/\/golandpop.com\/index.php\/wp-json\/wp\/v2\/posts\/5252\/revisions"}],"predecessor-version":[{"id":5262,"href":"https:\/\/golandpop.com\/index.php\/wp-json\/wp\/v2\/posts\/5252\/revisions\/5262"}],"wp:featuredmedia":[{"embeddable":true,"href":"https:\/\/golandpop.com\/index.php\/wp-json\/wp\/v2\/media\/5254"}],"wp:attachment":[{"href":"https:\/\/golandpop.com\/index.php\/wp-json\/wp\/v2\/media?parent=5252"}],"wp:term":[{"taxonomy":"category","embeddable":true,"href":"https:\/\/golandpop.com\/index.php\/wp-json\/wp\/v2\/categories?post=5252"},{"taxonomy":"post_tag","embeddable":true,"href":"https:\/\/golandpop.com\/index.php\/wp-json\/wp\/v2\/tags?post=5252"}],"curies":[{"name":"wp","href":"https:\/\/api.w.org\/{rel}","templated":true}]}}