{"id":5202,"date":"2020-06-17T19:44:14","date_gmt":"2020-06-17T22:44:14","guid":{"rendered":"https:\/\/golandpop.com\/?p=5202"},"modified":"2020-06-17T19:53:26","modified_gmt":"2020-06-17T22:53:26","slug":"la-uefa-confirma-como-se-definira-la-champions-league-2019-2020","status":"publish","type":"post","link":"https:\/\/golandpop.com\/index.php\/2020\/06\/17\/la-uefa-confirma-como-se-definira-la-champions-league-2019-2020\/","title":{"rendered":"La UEFA confirma c\u00f3mo se definir\u00e1 la Champions League"},"content":{"rendered":"\n<p>Mientras las ligas de los pa\u00edses m\u00e1s importantes ya desarrollan su parte final tras el parate por la pandemia, la <a href=\"https:\/\/es.uefa.com\/\">UEFA<\/a> confirm\u00f3 que los cuartos de final, las semifinales y la final de la Copa de Campeones 2019\/20 <strong>se jugar\u00e1n en un torneo de eliminatorias directas en Lisboa, Portugal, en el mes de agosto<\/strong>.<\/p>\n\n\n\n<p>Todas estas eliminatorias se jugar\u00e1n a partido \u00fanico y se disputar\u00e1n entre el Est\u00e1dio do Sport Lisboa del Benfica (tambi\u00e9n albergar\u00e1 la final) y el Estadio Jos\u00e9 Alvalade del Sporting CP.<\/p>\n\n\n\n<p>Las eliminatorias de octavos de final restantes (Man City-Madrid, Juventus-Lyon, Barcelona-Napoli y Bayern-Chelsea) se concluir\u00e1n entre el 7 y 8 de agosto. Queda pendiente la decisi\u00f3n sobre si los partidos tendr\u00e1n lugar en el estadio del equipo local o en Portugal. Espera<\/p>\n\n\n\n<p>Los sorteos de los cuartos y semifinales tendr\u00e1n lugar el 10 de julio en la sede de la UEFA en Nyon. El calendario exacto de los partidos se comunicar\u00e1 despu\u00e9s de dicho sorteo. Ya tiene su lugar RB Leipzig, Atalanta, PSG y Atl\u00e9tico Madrid.<\/p>\n\n\n\n<h4 class=\"wp-block-heading\">Calendario de la UEFA Champions League 2019\/2020<\/h4>\n\n\n\n<p>7\/8 de agosto: partidos de vuelta de octavos de final (sedes por confirmar)<br>12\/15 de agosto: cuartos de final (Lisboa)<br>18\/19 de agosto: semifinales (Lisboa)<br>23 de agosto: final (Est\u00e1dio do Sport Lisboa e Benfica, Lisboa)<\/p>\n\n\n\n<figure class=\"wp-block-embed-twitter aligncenter wp-block-embed is-type-rich is-provider-twitter\"><div class=\"wp-block-embed__wrapper\">\n<blockquote class=\"twitter-tweet\" data-width=\"550\" data-dnt=\"true\"><p lang=\"es\" dir=\"ltr\">\u231b\ufe0f Muy pronto \u231b\ufe0f<br><br>\u00a1La <a href=\"https:\/\/twitter.com\/hashtag\/UCL?src=hash&amp;ref_src=twsrc%5Etfw\">#UCL<\/a> regresa el 7 de agosto! <br><br>\ud83d\ude4c\ud83d\ude4c\ud83d\ude4c\ud83d\ude4c\ud83d\ude4c <a href=\"https:\/\/t.co\/yw1UBCVOAZ\">pic.twitter.com\/yw1UBCVOAZ<\/a><\/p>&mdash; Liga de Campeones (@LigadeCampeones) <a href=\"https:\/\/twitter.com\/LigadeCampeones\/status\/1273319295775379458?ref_src=twsrc%5Etfw\">June 17, 2020<\/a><\/blockquote><script async src=\"https:\/\/platform.twitter.com\/widgets.js\" charset=\"utf-8\"><\/script>\n<\/div><\/figure>\n\n\n\n<h4 class=\"wp-block-heading\">Pr\u00f3ximas finales de la UEFA Champions League<\/h4>\n\n\n\n<p>La final de la <a href=\"https:\/\/golandpop.com\/index.php\/tag\/champions-league\/\">Champions League<\/a> 2019\/20 se iba a disputar en el Estadio Ol\u00edmpico de Atat\u00fcrk en Estambul, que ahora albergar\u00e1 la final de la temporada 2020\/2021. Las tres sedes de las finales subsiguientes han acordado albergar su final un a\u00f1o m\u00e1s tarde de lo planeado originalmente.<\/p>\n\n\n\n<p><strong>2020:<\/strong>&nbsp;Est\u00e1dio do Sport Lisboa e Benfica, Lisboa, Portugal<br><strong>2021<\/strong>: Estadio Ol\u00edmpico de Atat\u00fcrk, Estambul, Turqu\u00eda<br><strong>2022<\/strong>: Estadio San Petersburgo, San Petersburgo, Rusia<br><strong>2023<\/strong>: Football Arena Munich, M\u00fanich, Alemania<br><strong>2024<\/strong>: Wembley Stadium, Londres, Inglaterra<\/p>\n","protected":false},"excerpt":{"rendered":"<p>Los cuartos de final, las semis y la final de la UEFA Champions League se disputar\u00e1n en Lisboa en agosto.<\/p>\n","protected":false},"author":1,"featured_media":5204,"comment_status":"open","ping_status":"open","sticky":false,"template":"","format":"standard","meta":{"footnotes":""},"categories":[41],"tags":[110],"class_list":["post-5202","post","type-post","status-publish","format-standard","has-post-thumbnail","hentry","category-futbol-internacional","tag-champions-league"],"yoast_head":"<!-- This site is optimized with the Yoast SEO plugin v26.1.1 - https:\/\/yoast.com\/wordpress\/plugins\/seo\/ -->\n<title>La UEFA confirma c\u00f3mo se definir\u00e1 la Champions League - Golandpop<\/title>\n<meta name=\"robots\" content=\"index, follow, max-snippet:-1, max-image-preview:large, max-video-preview:-1\" \/>\n<link rel=\"canonical\" href=\"https:\/\/golandpop.com\/index.php\/2020\/06\/17\/la-uefa-confirma-como-se-definira-la-champions-league-2019-2020\/\" \/>\n<meta property=\"og:locale\" content=\"es_ES\" \/>\n<meta property=\"og:type\" content=\"article\" \/>\n<meta property=\"og:title\" content=\"La UEFA confirma c\u00f3mo se definir\u00e1 la Champions League - Golandpop\" \/>\n<meta property=\"og:description\" content=\"Los cuartos de final, las semis y la final de la UEFA Champions League se disputar\u00e1n en Lisboa en agosto.\" \/>\n<meta property=\"og:url\" content=\"https:\/\/golandpop.com\/index.php\/2020\/06\/17\/la-uefa-confirma-como-se-definira-la-champions-league-2019-2020\/\" \/>\n<meta property=\"og:site_name\" content=\"Golandpop\" \/>\n<meta property=\"article:published_time\" content=\"2020-06-17T22:44:14+00:00\" \/>\n<meta property=\"article:modified_time\" content=\"2020-06-17T22:53:26+00:00\" \/>\n<meta property=\"og:image\" content=\"https:\/\/golandpop.com\/wp-content\/uploads\/2020\/06\/Champions-League-ball2020.jpg\" \/>\n\t<meta property=\"og:image:width\" content=\"1800\" \/>\n\t<meta property=\"og:image:height\" content=\"1200\" \/>\n\t<meta property=\"og:image:type\" content=\"image\/jpeg\" \/>\n<meta name=\"author\" content=\"Gol&amp;Pop\" \/>\n<meta name=\"twitter:card\" content=\"summary_large_image\" \/>\n<meta name=\"twitter:creator\" content=\"@golandpop\" \/>\n<meta name=\"twitter:site\" content=\"@golandpop\" \/>\n<meta name=\"twitter:label1\" content=\"Escrito por\" \/>\n\t<meta name=\"twitter:data1\" content=\"Gol&amp;Pop\" \/>\n\t<meta name=\"twitter:label2\" content=\"Tiempo de lectura\" \/>\n\t<meta name=\"twitter:data2\" content=\"2 minutos\" \/>\n<script type=\"application\/ld+json\" class=\"yoast-schema-graph\">{\"@context\":\"https:\/\/schema.org\",\"@graph\":[{\"@type\":\"Article\",\"@id\":\"https:\/\/golandpop.com\/index.php\/2020\/06\/17\/la-uefa-confirma-como-se-definira-la-champions-league-2019-2020\/#article\",\"isPartOf\":{\"@id\":\"https:\/\/golandpop.com\/index.php\/2020\/06\/17\/la-uefa-confirma-como-se-definira-la-champions-league-2019-2020\/\"},\"author\":{\"name\":\"Gol&amp;Pop\",\"@id\":\"https:\/\/golandpop.com\/#\/schema\/person\/2809725861e0da25eaffe2d9b29c9613\"},\"headline\":\"La UEFA confirma c\u00f3mo se definir\u00e1 la Champions League\",\"datePublished\":\"2020-06-17T22:44:14+00:00\",\"dateModified\":\"2020-06-17T22:53:26+00:00\",\"mainEntityOfPage\":{\"@id\":\"https:\/\/golandpop.com\/index.php\/2020\/06\/17\/la-uefa-confirma-como-se-definira-la-champions-league-2019-2020\/\"},\"wordCount\":327,\"commentCount\":0,\"publisher\":{\"@id\":\"https:\/\/golandpop.com\/#organization\"},\"image\":{\"@id\":\"https:\/\/golandpop.com\/index.php\/2020\/06\/17\/la-uefa-confirma-como-se-definira-la-champions-league-2019-2020\/#primaryimage\"},\"thumbnailUrl\":\"https:\/\/golandpop.com\/wp-content\/uploads\/2020\/06\/Champions-League-ball2020.jpg\",\"keywords\":[\"Champions League\"],\"articleSection\":[\"F\u00fatbol Internacional\"],\"inLanguage\":\"es-AR\"},{\"@type\":\"WebPage\",\"@id\":\"https:\/\/golandpop.com\/index.php\/2020\/06\/17\/la-uefa-confirma-como-se-definira-la-champions-league-2019-2020\/\",\"url\":\"https:\/\/golandpop.com\/index.php\/2020\/06\/17\/la-uefa-confirma-como-se-definira-la-champions-league-2019-2020\/\",\"name\":\"La UEFA confirma c\u00f3mo se definir\u00e1 la Champions League - Golandpop\",\"isPartOf\":{\"@id\":\"https:\/\/golandpop.com\/#website\"},\"primaryImageOfPage\":{\"@id\":\"https:\/\/golandpop.com\/index.php\/2020\/06\/17\/la-uefa-confirma-como-se-definira-la-champions-league-2019-2020\/#primaryimage\"},\"image\":{\"@id\":\"https:\/\/golandpop.com\/index.php\/2020\/06\/17\/la-uefa-confirma-como-se-definira-la-champions-league-2019-2020\/#primaryimage\"},\"thumbnailUrl\":\"https:\/\/golandpop.com\/wp-content\/uploads\/2020\/06\/Champions-League-ball2020.jpg\",\"datePublished\":\"2020-06-17T22:44:14+00:00\",\"dateModified\":\"2020-06-17T22:53:26+00:00\",\"breadcrumb\":{\"@id\":\"https:\/\/golandpop.com\/index.php\/2020\/06\/17\/la-uefa-confirma-como-se-definira-la-champions-league-2019-2020\/#breadcrumb\"},\"inLanguage\":\"es-AR\",\"potentialAction\":[{\"@type\":\"ReadAction\",\"target\":[\"https:\/\/golandpop.com\/index.php\/2020\/06\/17\/la-uefa-confirma-como-se-definira-la-champions-league-2019-2020\/\"]}]},{\"@type\":\"ImageObject\",\"inLanguage\":\"es-AR\",\"@id\":\"https:\/\/golandpop.com\/index.php\/2020\/06\/17\/la-uefa-confirma-como-se-definira-la-champions-league-2019-2020\/#primaryimage\",\"url\":\"https:\/\/golandpop.com\/wp-content\/uploads\/2020\/06\/Champions-League-ball2020.jpg\",\"contentUrl\":\"https:\/\/golandpop.com\/wp-content\/uploads\/2020\/06\/Champions-League-ball2020.jpg\",\"width\":1800,\"height\":1200},{\"@type\":\"BreadcrumbList\",\"@id\":\"https:\/\/golandpop.com\/index.php\/2020\/06\/17\/la-uefa-confirma-como-se-definira-la-champions-league-2019-2020\/#breadcrumb\",\"itemListElement\":[{\"@type\":\"ListItem\",\"position\":1,\"name\":\"Inicio\",\"item\":\"https:\/\/golandpop.com\/\"},{\"@type\":\"ListItem\",\"position\":2,\"name\":\"La UEFA confirma c\u00f3mo se definir\u00e1 la Champions League\"}]},{\"@type\":\"WebSite\",\"@id\":\"https:\/\/golandpop.com\/#website\",\"url\":\"https:\/\/golandpop.com\/\",\"name\":\"Golandpop\",\"description\":\"\",\"publisher\":{\"@id\":\"https:\/\/golandpop.com\/#organization\"},\"potentialAction\":[{\"@type\":\"SearchAction\",\"target\":{\"@type\":\"EntryPoint\",\"urlTemplate\":\"https:\/\/golandpop.com\/?s={search_term_string}\"},\"query-input\":{\"@type\":\"PropertyValueSpecification\",\"valueRequired\":true,\"valueName\":\"search_term_string\"}}],\"inLanguage\":\"es-AR\"},{\"@type\":\"Organization\",\"@id\":\"https:\/\/golandpop.com\/#organization\",\"name\":\"GolandPop\",\"url\":\"https:\/\/golandpop.com\/\",\"logo\":{\"@type\":\"ImageObject\",\"inLanguage\":\"es-AR\",\"@id\":\"https:\/\/golandpop.com\/#\/schema\/logo\/image\/\",\"url\":\"https:\/\/golandpop.com\/wp-content\/uploads\/2020\/04\/favicon_gol_pop.png\",\"contentUrl\":\"https:\/\/golandpop.com\/wp-content\/uploads\/2020\/04\/favicon_gol_pop.png\",\"width\":246,\"height\":246,\"caption\":\"GolandPop\"},\"image\":{\"@id\":\"https:\/\/golandpop.com\/#\/schema\/logo\/image\/\"},\"sameAs\":[\"https:\/\/x.com\/golandpop\",\"https:\/\/www.instagram.com\/golandpopcordoba\/\"]},{\"@type\":\"Person\",\"@id\":\"https:\/\/golandpop.com\/#\/schema\/person\/2809725861e0da25eaffe2d9b29c9613\",\"name\":\"Gol&amp;Pop\",\"image\":{\"@type\":\"ImageObject\",\"inLanguage\":\"es-AR\",\"@id\":\"https:\/\/golandpop.com\/#\/schema\/person\/image\/\",\"url\":\"https:\/\/secure.gravatar.com\/avatar\/9a87ee051ca8c77f5d4070843ce2c78cdf95b858b950fb039151de955122f5f5?s=96&d=mm&r=g\",\"contentUrl\":\"https:\/\/secure.gravatar.com\/avatar\/9a87ee051ca8c77f5d4070843ce2c78cdf95b858b950fb039151de955122f5f5?s=96&d=mm&r=g\",\"caption\":\"Gol&amp;Pop\"},\"sameAs\":[\"http:\/\/golandpop.com\"],\"url\":\"https:\/\/golandpop.com\/index.php\/author\/admin\/\"}]}<\/script>\n<!-- \/ Yoast SEO plugin. -->","yoast_head_json":{"title":"La UEFA confirma c\u00f3mo se definir\u00e1 la Champions League - Golandpop","robots":{"index":"index","follow":"follow","max-snippet":"max-snippet:-1","max-image-preview":"max-image-preview:large","max-video-preview":"max-video-preview:-1"},"canonical":"https:\/\/golandpop.com\/index.php\/2020\/06\/17\/la-uefa-confirma-como-se-definira-la-champions-league-2019-2020\/","og_locale":"es_ES","og_type":"article","og_title":"La UEFA confirma c\u00f3mo se definir\u00e1 la Champions League - Golandpop","og_description":"Los cuartos de final, las semis y la final de la UEFA Champions League se disputar\u00e1n en Lisboa en agosto.","og_url":"https:\/\/golandpop.com\/index.php\/2020\/06\/17\/la-uefa-confirma-como-se-definira-la-champions-league-2019-2020\/","og_site_name":"Golandpop","article_published_time":"2020-06-17T22:44:14+00:00","article_modified_time":"2020-06-17T22:53:26+00:00","og_image":[{"width":1800,"height":1200,"url":"https:\/\/golandpop.com\/wp-content\/uploads\/2020\/06\/Champions-League-ball2020.jpg","type":"image\/jpeg"}],"author":"Gol&amp;Pop","twitter_card":"summary_large_image","twitter_creator":"@golandpop","twitter_site":"@golandpop","twitter_misc":{"Escrito por":"Gol&amp;Pop","Tiempo de lectura":"2 minutos"},"schema":{"@context":"https:\/\/schema.org","@graph":[{"@type":"Article","@id":"https:\/\/golandpop.com\/index.php\/2020\/06\/17\/la-uefa-confirma-como-se-definira-la-champions-league-2019-2020\/#article","isPartOf":{"@id":"https:\/\/golandpop.com\/index.php\/2020\/06\/17\/la-uefa-confirma-como-se-definira-la-champions-league-2019-2020\/"},"author":{"name":"Gol&amp;Pop","@id":"https:\/\/golandpop.com\/#\/schema\/person\/2809725861e0da25eaffe2d9b29c9613"},"headline":"La UEFA confirma c\u00f3mo se definir\u00e1 la Champions League","datePublished":"2020-06-17T22:44:14+00:00","dateModified":"2020-06-17T22:53:26+00:00","mainEntityOfPage":{"@id":"https:\/\/golandpop.com\/index.php\/2020\/06\/17\/la-uefa-confirma-como-se-definira-la-champions-league-2019-2020\/"},"wordCount":327,"commentCount":0,"publisher":{"@id":"https:\/\/golandpop.com\/#organization"},"image":{"@id":"https:\/\/golandpop.com\/index.php\/2020\/06\/17\/la-uefa-confirma-como-se-definira-la-champions-league-2019-2020\/#primaryimage"},"thumbnailUrl":"https:\/\/golandpop.com\/wp-content\/uploads\/2020\/06\/Champions-League-ball2020.jpg","keywords":["Champions League"],"articleSection":["F\u00fatbol Internacional"],"inLanguage":"es-AR"},{"@type":"WebPage","@id":"https:\/\/golandpop.com\/index.php\/2020\/06\/17\/la-uefa-confirma-como-se-definira-la-champions-league-2019-2020\/","url":"https:\/\/golandpop.com\/index.php\/2020\/06\/17\/la-uefa-confirma-como-se-definira-la-champions-league-2019-2020\/","name":"La UEFA confirma c\u00f3mo se definir\u00e1 la Champions League - Golandpop","isPartOf":{"@id":"https:\/\/golandpop.com\/#website"},"primaryImageOfPage":{"@id":"https:\/\/golandpop.com\/index.php\/2020\/06\/17\/la-uefa-confirma-como-se-definira-la-champions-league-2019-2020\/#primaryimage"},"image":{"@id":"https:\/\/golandpop.com\/index.php\/2020\/06\/17\/la-uefa-confirma-como-se-definira-la-champions-league-2019-2020\/#primaryimage"},"thumbnailUrl":"https:\/\/golandpop.com\/wp-content\/uploads\/2020\/06\/Champions-League-ball2020.jpg","datePublished":"2020-06-17T22:44:14+00:00","dateModified":"2020-06-17T22:53:26+00:00","breadcrumb":{"@id":"https:\/\/golandpop.com\/index.php\/2020\/06\/17\/la-uefa-confirma-como-se-definira-la-champions-league-2019-2020\/#breadcrumb"},"inLanguage":"es-AR","potentialAction":[{"@type":"ReadAction","target":["https:\/\/golandpop.com\/index.php\/2020\/06\/17\/la-uefa-confirma-como-se-definira-la-champions-league-2019-2020\/"]}]},{"@type":"ImageObject","inLanguage":"es-AR","@id":"https:\/\/golandpop.com\/index.php\/2020\/06\/17\/la-uefa-confirma-como-se-definira-la-champions-league-2019-2020\/#primaryimage","url":"https:\/\/golandpop.com\/wp-content\/uploads\/2020\/06\/Champions-League-ball2020.jpg","contentUrl":"https:\/\/golandpop.com\/wp-content\/uploads\/2020\/06\/Champions-League-ball2020.jpg","width":1800,"height":1200},{"@type":"BreadcrumbList","@id":"https:\/\/golandpop.com\/index.php\/2020\/06\/17\/la-uefa-confirma-como-se-definira-la-champions-league-2019-2020\/#breadcrumb","itemListElement":[{"@type":"ListItem","position":1,"name":"Inicio","item":"https:\/\/golandpop.com\/"},{"@type":"ListItem","position":2,"name":"La UEFA confirma c\u00f3mo se definir\u00e1 la Champions League"}]},{"@type":"WebSite","@id":"https:\/\/golandpop.com\/#website","url":"https:\/\/golandpop.com\/","name":"Golandpop","description":"","publisher":{"@id":"https:\/\/golandpop.com\/#organization"},"potentialAction":[{"@type":"SearchAction","target":{"@type":"EntryPoint","urlTemplate":"https:\/\/golandpop.com\/?s={search_term_string}"},"query-input":{"@type":"PropertyValueSpecification","valueRequired":true,"valueName":"search_term_string"}}],"inLanguage":"es-AR"},{"@type":"Organization","@id":"https:\/\/golandpop.com\/#organization","name":"GolandPop","url":"https:\/\/golandpop.com\/","logo":{"@type":"ImageObject","inLanguage":"es-AR","@id":"https:\/\/golandpop.com\/#\/schema\/logo\/image\/","url":"https:\/\/golandpop.com\/wp-content\/uploads\/2020\/04\/favicon_gol_pop.png","contentUrl":"https:\/\/golandpop.com\/wp-content\/uploads\/2020\/04\/favicon_gol_pop.png","width":246,"height":246,"caption":"GolandPop"},"image":{"@id":"https:\/\/golandpop.com\/#\/schema\/logo\/image\/"},"sameAs":["https:\/\/x.com\/golandpop","https:\/\/www.instagram.com\/golandpopcordoba\/"]},{"@type":"Person","@id":"https:\/\/golandpop.com\/#\/schema\/person\/2809725861e0da25eaffe2d9b29c9613","name":"Gol&amp;Pop","image":{"@type":"ImageObject","inLanguage":"es-AR","@id":"https:\/\/golandpop.com\/#\/schema\/person\/image\/","url":"https:\/\/secure.gravatar.com\/avatar\/9a87ee051ca8c77f5d4070843ce2c78cdf95b858b950fb039151de955122f5f5?s=96&d=mm&r=g","contentUrl":"https:\/\/secure.gravatar.com\/avatar\/9a87ee051ca8c77f5d4070843ce2c78cdf95b858b950fb039151de955122f5f5?s=96&d=mm&r=g","caption":"Gol&amp;Pop"},"sameAs":["http:\/\/golandpop.com"],"url":"https:\/\/golandpop.com\/index.php\/author\/admin\/"}]}},"_links":{"self":[{"href":"https:\/\/golandpop.com\/index.php\/wp-json\/wp\/v2\/posts\/5202","targetHints":{"allow":["GET"]}}],"collection":[{"href":"https:\/\/golandpop.com\/index.php\/wp-json\/wp\/v2\/posts"}],"about":[{"href":"https:\/\/golandpop.com\/index.php\/wp-json\/wp\/v2\/types\/post"}],"author":[{"embeddable":true,"href":"https:\/\/golandpop.com\/index.php\/wp-json\/wp\/v2\/users\/1"}],"replies":[{"embeddable":true,"href":"https:\/\/golandpop.com\/index.php\/wp-json\/wp\/v2\/comments?post=5202"}],"version-history":[{"count":2,"href":"https:\/\/golandpop.com\/index.php\/wp-json\/wp\/v2\/posts\/5202\/revisions"}],"predecessor-version":[{"id":5206,"href":"https:\/\/golandpop.com\/index.php\/wp-json\/wp\/v2\/posts\/5202\/revisions\/5206"}],"wp:featuredmedia":[{"embeddable":true,"href":"https:\/\/golandpop.com\/index.php\/wp-json\/wp\/v2\/media\/5204"}],"wp:attachment":[{"href":"https:\/\/golandpop.com\/index.php\/wp-json\/wp\/v2\/media?parent=5202"}],"wp:term":[{"taxonomy":"category","embeddable":true,"href":"https:\/\/golandpop.com\/index.php\/wp-json\/wp\/v2\/categories?post=5202"},{"taxonomy":"post_tag","embeddable":true,"href":"https:\/\/golandpop.com\/index.php\/wp-json\/wp\/v2\/tags?post=5202"}],"curies":[{"name":"wp","href":"https:\/\/api.w.org\/{rel}","templated":true}]}}