{"id":5164,"date":"2020-06-14T15:51:08","date_gmt":"2020-06-14T18:51:08","guid":{"rendered":"https:\/\/golandpop.com\/?p=5164"},"modified":"2020-06-14T15:51:11","modified_gmt":"2020-06-14T18:51:11","slug":"mundial-78-comienza-la-accion-de-la-segunda-ronda","status":"publish","type":"post","link":"https:\/\/golandpop.com\/index.php\/2020\/06\/14\/mundial-78-comienza-la-accion-de-la-segunda-ronda\/","title":{"rendered":"Mundial \u201978: comienza la acci\u00f3n de la segunda ronda"},"content":{"rendered":"\n<p><em>En el&nbsp;<a href=\"https:\/\/golandpop.com\/index.php\/2020\/06\/03\/libro-de-oro-a-42-anos-del-inicio-del-mundial-78\/\">aniversario n\u00b042 de la \u00fanica Copa Mundial de F\u00fatbol celebrada en Argentina<\/a>, repasaremos el d\u00eda a d\u00eda del torneo, hasta la final, a partir de la lectura del \u201cLibro de Oro del&nbsp;<a href=\"https:\/\/es.fifa.com\/worldcup\/archive\/argentina1978\/\">Mundial \u201978<\/a>\u201c<\/em><strong>.<\/strong><\/p>\n\n\n\n<p>El formato de este mundial consist\u00eda en que la fase final se divid\u00eda en dos grupos de 4 selecciones. En la primera zona se encontraban los segundos de los grupos 2 y 4, Holanda y Alemania, junto a los primeros del grupo 1 y 3, Italia y Austria. En la segunda zona se encontraban aquellas selecciones primeras de los grupos 2 y 4, Polonia y Per\u00fa junto a Argentina y Brasil, quienes hab\u00edan quedado segundos en sus respectivos grupos.<\/p>\n\n\n\n<p>El mi\u00e9rcoles 14 de junio de 1978 se desarrollaba la primera fecha de la segunda ronda. A las 13:45 hs, Holanda enfrentaba a Austria en C\u00f3rdoba mientras que en el Antonio Vespucio Liberti Alemania chocaba con Italia. El seleccionado argentino a las 16:45hs, en Rosario, disputaba el encuentro con la selecci\u00f3n polaca, mientras que en Mendoza, Brasil se med\u00eda con Per\u00fa.<\/p>\n\n\n\n<p>En C\u00f3rdoba, la &#8220;Naranja Mec\u00e1nica&#8221; demostr\u00f3 su potencial y venci\u00f3 por un marcador de 5 a 1 a los austriacos, en un encuentro f\u00e1cil para los holandeses que desde el minuto 6 tomaron ventaja de la mano de Brandts. Luego Rensenbriks a los 35&#8242; estamp\u00f3 el dos a cero para los naranjas. Jonhy Rep sorprendi\u00f3 a todos con su gran actuaci\u00f3n y sus dos goles (36&#8242;-53&#8242;) que permitieron aumentar el resultado para el elenco neerland\u00e9s.<\/p>\n\n\n\n<p>Obermayer a 10 minutos antes del final del partido descont\u00f3 para los austriacos. Poco sirvi\u00f3 este descuento ya que 3 minutos mas tarde Van De Kerkhof liquid\u00f3 el encuentro con un 5 a 1 final que otorgaba una gran diferencia de goles a los holandeses.<\/p>\n\n\n\n<div class=\"wp-block-image\"><figure class=\"aligncenter\"><img decoding=\"async\" src=\"https:\/\/pbs.twimg.com\/media\/Eafg5DpXQAI6qbg?format=jpg&amp;name=360x360\" alt=\"Imagen\"\/><figcaption>El duelo entre Obermayer (A) y Wildschut (H).<\/figcaption><\/figure><\/div>\n\n\n\n<p>Mientras tanto, en el Monumental, Alemania empat\u00f3 en un partido re\u00f1ido con Italia, el encuentro fue de ida y vuelta y ambos seleccionados tuvieron la oportunidad de conseguir la ventaja, pero la buena actuaci\u00f3n de los guardametas lo impidi\u00f3, este resultado favoreci\u00f3 a los neerlandeses que estaban con un pie adentro de la final.<\/p>\n\n\n\n<div class=\"wp-block-image\"><figure class=\"aligncenter\"><img decoding=\"async\" src=\"https:\/\/pbs.twimg.com\/media\/Eafg5DpXsAI0fvg?format=jpg&amp;name=360x360\" alt=\"Imagen\"\/><figcaption>Cabrini cae luego del quite de Rummenigge.<\/figcaption><\/figure><\/div>\n\n\n\n<p>A las 16:45 hs en Mendoza, la selecci\u00f3n brasile\u00f1a venci\u00f3 3 a 0 al conjunto peruano, el cual venia de ser la gran revelaci\u00f3n de la copa, contando con uno de los mejores jugadores del torneo, Te\u00f3filo Cubillas. La actuaci\u00f3n de Dirseu fue una de las mejores del torneo ya que con dos goles en el primer tiempo pon\u00eda a Brasil en ventaja. En el complemento Zico de penal estamp\u00f3 el 3 a 0 final, el cual pon\u00eda en aprietos a la selecci\u00f3n argentina que deb\u00eda ganar su partido con una buena ventaja.<\/p>\n\n\n\n<div class=\"wp-block-image\"><figure class=\"aligncenter\"><img decoding=\"async\" src=\"https:\/\/pbs.twimg.com\/media\/EafhLmeXYAAyhQD?format=jpg&amp;name=360x360\" alt=\"Imagen\"\/><figcaption>Kempes, con la mano, salva a la selecci\u00f3n del descuento polaco.<\/figcaption><\/figure><\/div>\n\n\n\n<p>El &#8220;Gigante de Arroyito&#8221; recib\u00eda a la selecci\u00f3n argentina que venia de perder frente a Italia y buscaba una nueva cara en esta fase final. Se media frente a la selecci\u00f3n polaca que hab\u00eda finalizado como primera de grupo dejando detr\u00e1s al \u00faltimo campe\u00f3n mundial. <\/p>\n\n\n\n<p>El partido comenz\u00f3 con un gran dominio del territorio de juego por parte de los dirigidos por Menotti. Kempes se encontraba mas suelto y junto a Bertoni consiguieron abrir el marcador a los 16 minutos con un centro que logro empujar &#8220;el Petete&#8221;. A los 39 minutos de la primera etapa, luego de un tiro libre de la selecci\u00f3n polaca, Boniek cabeceo y Kempes, con Fillol ya abatido, consigui\u00f3 desviar el bal\u00f3n con la mano, acto seguido el juez, Eriksson, marc\u00f3 penal para los europeos. Deyna, quien cumpl\u00eda 100 partidos con la selecci\u00f3n polaca, decidi\u00f3 rematar y Fillol contuvo el disparo y as\u00ed desato la alegr\u00eda de un pa\u00eds entero. Finaliz\u00f3 el primer tiempo con el seleccionado argentino por encima del polaco por un gol. <\/p>\n\n\n\n<p>El complemento sigui\u00f3 peligrando a la selecci\u00f3n, con un remate al poste de Lato. A los 16 minutos del segundo tiempo Kempes eludi\u00f3 a la defensa polaca luego de una asistencia de Ardiles, y consigui\u00f3 rematar, superando al guardameta polaco y d\u00e1ndole la victoria por 2 a 0 a los dirigidos por Menotti que aspiraban al t\u00edtulo.<\/p>\n\n\n\n<div class=\"wp-block-image\"><figure class=\"aligncenter\"><img decoding=\"async\" src=\"https:\/\/pbs.twimg.com\/media\/EafhLmCX0AIkPBl?format=jpg&amp;name=360x360\" alt=\"Imagen\"\/><figcaption>La celebraci\u00f3n del gol de Kempes que daba la victoria a la albiceleste.<\/figcaption><\/figure><\/div>\n\n\n\n<p><\/p>\n","protected":false},"excerpt":{"rendered":"<p>En el&nbsp;aniversario n\u00b042 de la \u00fanica Copa Mundial de F\u00fatbol celebrada en Argentina, repasaremos el d\u00eda a d\u00eda del torneo, hasta la final, a partir de la lectura del \u201cLibro de Oro del&nbsp;Mundial \u201978\u201c. El formato de este mundial consist\u00eda en que la fase final se divid\u00eda en dos grupos de 4 selecciones. En la [&hellip;]<\/p>\n","protected":false},"author":1,"featured_media":5168,"comment_status":"open","ping_status":"open","sticky":false,"template":"","format":"standard","meta":{"footnotes":""},"categories":[39,41],"tags":[],"class_list":["post-5164","post","type-post","status-publish","format-standard","has-post-thumbnail","hentry","category-futbol","category-futbol-internacional"],"yoast_head":"<!-- This site is optimized with the Yoast SEO plugin v26.1.1 - https:\/\/yoast.com\/wordpress\/plugins\/seo\/ -->\n<title>Mundial \u201978: comienza la acci\u00f3n de la segunda ronda - Golandpop<\/title>\n<meta name=\"robots\" content=\"index, follow, max-snippet:-1, max-image-preview:large, max-video-preview:-1\" \/>\n<link rel=\"canonical\" href=\"https:\/\/golandpop.com\/index.php\/2020\/06\/14\/mundial-78-comienza-la-accion-de-la-segunda-ronda\/\" \/>\n<meta property=\"og:locale\" content=\"es_ES\" \/>\n<meta property=\"og:type\" content=\"article\" \/>\n<meta property=\"og:title\" content=\"Mundial \u201978: comienza la acci\u00f3n de la segunda ronda - Golandpop\" \/>\n<meta property=\"og:description\" content=\"En el&nbsp;aniversario n\u00b042 de la \u00fanica Copa Mundial de F\u00fatbol celebrada en Argentina, repasaremos el d\u00eda a d\u00eda del torneo, hasta la final, a partir de la lectura del \u201cLibro de Oro del&nbsp;Mundial \u201978\u201c. El formato de este mundial consist\u00eda en que la fase final se divid\u00eda en dos grupos de 4 selecciones. En la [&hellip;]\" \/>\n<meta property=\"og:url\" content=\"https:\/\/golandpop.com\/index.php\/2020\/06\/14\/mundial-78-comienza-la-accion-de-la-segunda-ronda\/\" \/>\n<meta property=\"og:site_name\" content=\"Golandpop\" \/>\n<meta property=\"article:published_time\" content=\"2020-06-14T18:51:08+00:00\" \/>\n<meta property=\"article:modified_time\" content=\"2020-06-14T18:51:11+00:00\" \/>\n<meta property=\"og:image\" content=\"https:\/\/golandpop.com\/wp-content\/uploads\/2020\/06\/WhatsApp-Image-2020-06-14-at-15.45.57.jpeg\" \/>\n\t<meta property=\"og:image:width\" content=\"1200\" \/>\n\t<meta property=\"og:image:height\" content=\"675\" \/>\n\t<meta property=\"og:image:type\" content=\"image\/jpeg\" \/>\n<meta name=\"author\" content=\"Gol&amp;Pop\" \/>\n<meta name=\"twitter:card\" content=\"summary_large_image\" \/>\n<meta name=\"twitter:creator\" content=\"@golandpop\" \/>\n<meta name=\"twitter:site\" content=\"@golandpop\" \/>\n<meta name=\"twitter:label1\" content=\"Escrito por\" \/>\n\t<meta name=\"twitter:data1\" content=\"Gol&amp;Pop\" \/>\n\t<meta name=\"twitter:label2\" content=\"Tiempo de lectura\" \/>\n\t<meta name=\"twitter:data2\" content=\"4 minutos\" \/>\n<script type=\"application\/ld+json\" class=\"yoast-schema-graph\">{\"@context\":\"https:\/\/schema.org\",\"@graph\":[{\"@type\":\"Article\",\"@id\":\"https:\/\/golandpop.com\/index.php\/2020\/06\/14\/mundial-78-comienza-la-accion-de-la-segunda-ronda\/#article\",\"isPartOf\":{\"@id\":\"https:\/\/golandpop.com\/index.php\/2020\/06\/14\/mundial-78-comienza-la-accion-de-la-segunda-ronda\/\"},\"author\":{\"name\":\"Gol&amp;Pop\",\"@id\":\"https:\/\/golandpop.com\/#\/schema\/person\/2809725861e0da25eaffe2d9b29c9613\"},\"headline\":\"Mundial \u201978: comienza la acci\u00f3n de la segunda ronda\",\"datePublished\":\"2020-06-14T18:51:08+00:00\",\"dateModified\":\"2020-06-14T18:51:11+00:00\",\"mainEntityOfPage\":{\"@id\":\"https:\/\/golandpop.com\/index.php\/2020\/06\/14\/mundial-78-comienza-la-accion-de-la-segunda-ronda\/\"},\"wordCount\":733,\"commentCount\":0,\"publisher\":{\"@id\":\"https:\/\/golandpop.com\/#organization\"},\"image\":{\"@id\":\"https:\/\/golandpop.com\/index.php\/2020\/06\/14\/mundial-78-comienza-la-accion-de-la-segunda-ronda\/#primaryimage\"},\"thumbnailUrl\":\"https:\/\/golandpop.com\/wp-content\/uploads\/2020\/06\/WhatsApp-Image-2020-06-14-at-15.45.57.jpeg\",\"articleSection\":[\"F\u00fatbol\",\"F\u00fatbol Internacional\"],\"inLanguage\":\"es-AR\"},{\"@type\":\"WebPage\",\"@id\":\"https:\/\/golandpop.com\/index.php\/2020\/06\/14\/mundial-78-comienza-la-accion-de-la-segunda-ronda\/\",\"url\":\"https:\/\/golandpop.com\/index.php\/2020\/06\/14\/mundial-78-comienza-la-accion-de-la-segunda-ronda\/\",\"name\":\"Mundial \u201978: comienza la acci\u00f3n de la segunda ronda - Golandpop\",\"isPartOf\":{\"@id\":\"https:\/\/golandpop.com\/#website\"},\"primaryImageOfPage\":{\"@id\":\"https:\/\/golandpop.com\/index.php\/2020\/06\/14\/mundial-78-comienza-la-accion-de-la-segunda-ronda\/#primaryimage\"},\"image\":{\"@id\":\"https:\/\/golandpop.com\/index.php\/2020\/06\/14\/mundial-78-comienza-la-accion-de-la-segunda-ronda\/#primaryimage\"},\"thumbnailUrl\":\"https:\/\/golandpop.com\/wp-content\/uploads\/2020\/06\/WhatsApp-Image-2020-06-14-at-15.45.57.jpeg\",\"datePublished\":\"2020-06-14T18:51:08+00:00\",\"dateModified\":\"2020-06-14T18:51:11+00:00\",\"breadcrumb\":{\"@id\":\"https:\/\/golandpop.com\/index.php\/2020\/06\/14\/mundial-78-comienza-la-accion-de-la-segunda-ronda\/#breadcrumb\"},\"inLanguage\":\"es-AR\",\"potentialAction\":[{\"@type\":\"ReadAction\",\"target\":[\"https:\/\/golandpop.com\/index.php\/2020\/06\/14\/mundial-78-comienza-la-accion-de-la-segunda-ronda\/\"]}]},{\"@type\":\"ImageObject\",\"inLanguage\":\"es-AR\",\"@id\":\"https:\/\/golandpop.com\/index.php\/2020\/06\/14\/mundial-78-comienza-la-accion-de-la-segunda-ronda\/#primaryimage\",\"url\":\"https:\/\/golandpop.com\/wp-content\/uploads\/2020\/06\/WhatsApp-Image-2020-06-14-at-15.45.57.jpeg\",\"contentUrl\":\"https:\/\/golandpop.com\/wp-content\/uploads\/2020\/06\/WhatsApp-Image-2020-06-14-at-15.45.57.jpeg\",\"width\":1200,\"height\":675},{\"@type\":\"BreadcrumbList\",\"@id\":\"https:\/\/golandpop.com\/index.php\/2020\/06\/14\/mundial-78-comienza-la-accion-de-la-segunda-ronda\/#breadcrumb\",\"itemListElement\":[{\"@type\":\"ListItem\",\"position\":1,\"name\":\"Inicio\",\"item\":\"https:\/\/golandpop.com\/\"},{\"@type\":\"ListItem\",\"position\":2,\"name\":\"Mundial \u201978: comienza la acci\u00f3n de la segunda ronda\"}]},{\"@type\":\"WebSite\",\"@id\":\"https:\/\/golandpop.com\/#website\",\"url\":\"https:\/\/golandpop.com\/\",\"name\":\"Golandpop\",\"description\":\"\",\"publisher\":{\"@id\":\"https:\/\/golandpop.com\/#organization\"},\"potentialAction\":[{\"@type\":\"SearchAction\",\"target\":{\"@type\":\"EntryPoint\",\"urlTemplate\":\"https:\/\/golandpop.com\/?s={search_term_string}\"},\"query-input\":{\"@type\":\"PropertyValueSpecification\",\"valueRequired\":true,\"valueName\":\"search_term_string\"}}],\"inLanguage\":\"es-AR\"},{\"@type\":\"Organization\",\"@id\":\"https:\/\/golandpop.com\/#organization\",\"name\":\"GolandPop\",\"url\":\"https:\/\/golandpop.com\/\",\"logo\":{\"@type\":\"ImageObject\",\"inLanguage\":\"es-AR\",\"@id\":\"https:\/\/golandpop.com\/#\/schema\/logo\/image\/\",\"url\":\"https:\/\/golandpop.com\/wp-content\/uploads\/2020\/04\/favicon_gol_pop.png\",\"contentUrl\":\"https:\/\/golandpop.com\/wp-content\/uploads\/2020\/04\/favicon_gol_pop.png\",\"width\":246,\"height\":246,\"caption\":\"GolandPop\"},\"image\":{\"@id\":\"https:\/\/golandpop.com\/#\/schema\/logo\/image\/\"},\"sameAs\":[\"https:\/\/x.com\/golandpop\",\"https:\/\/www.instagram.com\/golandpopcordoba\/\"]},{\"@type\":\"Person\",\"@id\":\"https:\/\/golandpop.com\/#\/schema\/person\/2809725861e0da25eaffe2d9b29c9613\",\"name\":\"Gol&amp;Pop\",\"image\":{\"@type\":\"ImageObject\",\"inLanguage\":\"es-AR\",\"@id\":\"https:\/\/golandpop.com\/#\/schema\/person\/image\/\",\"url\":\"https:\/\/secure.gravatar.com\/avatar\/9a87ee051ca8c77f5d4070843ce2c78cdf95b858b950fb039151de955122f5f5?s=96&d=mm&r=g\",\"contentUrl\":\"https:\/\/secure.gravatar.com\/avatar\/9a87ee051ca8c77f5d4070843ce2c78cdf95b858b950fb039151de955122f5f5?s=96&d=mm&r=g\",\"caption\":\"Gol&amp;Pop\"},\"sameAs\":[\"http:\/\/golandpop.com\"],\"url\":\"https:\/\/golandpop.com\/index.php\/author\/admin\/\"}]}<\/script>\n<!-- \/ Yoast SEO plugin. -->","yoast_head_json":{"title":"Mundial \u201978: comienza la acci\u00f3n de la segunda ronda - Golandpop","robots":{"index":"index","follow":"follow","max-snippet":"max-snippet:-1","max-image-preview":"max-image-preview:large","max-video-preview":"max-video-preview:-1"},"canonical":"https:\/\/golandpop.com\/index.php\/2020\/06\/14\/mundial-78-comienza-la-accion-de-la-segunda-ronda\/","og_locale":"es_ES","og_type":"article","og_title":"Mundial \u201978: comienza la acci\u00f3n de la segunda ronda - Golandpop","og_description":"En el&nbsp;aniversario n\u00b042 de la \u00fanica Copa Mundial de F\u00fatbol celebrada en Argentina, repasaremos el d\u00eda a d\u00eda del torneo, hasta la final, a partir de la lectura del \u201cLibro de Oro del&nbsp;Mundial \u201978\u201c. El formato de este mundial consist\u00eda en que la fase final se divid\u00eda en dos grupos de 4 selecciones. En la [&hellip;]","og_url":"https:\/\/golandpop.com\/index.php\/2020\/06\/14\/mundial-78-comienza-la-accion-de-la-segunda-ronda\/","og_site_name":"Golandpop","article_published_time":"2020-06-14T18:51:08+00:00","article_modified_time":"2020-06-14T18:51:11+00:00","og_image":[{"width":1200,"height":675,"url":"https:\/\/golandpop.com\/wp-content\/uploads\/2020\/06\/WhatsApp-Image-2020-06-14-at-15.45.57.jpeg","type":"image\/jpeg"}],"author":"Gol&amp;Pop","twitter_card":"summary_large_image","twitter_creator":"@golandpop","twitter_site":"@golandpop","twitter_misc":{"Escrito por":"Gol&amp;Pop","Tiempo de lectura":"4 minutos"},"schema":{"@context":"https:\/\/schema.org","@graph":[{"@type":"Article","@id":"https:\/\/golandpop.com\/index.php\/2020\/06\/14\/mundial-78-comienza-la-accion-de-la-segunda-ronda\/#article","isPartOf":{"@id":"https:\/\/golandpop.com\/index.php\/2020\/06\/14\/mundial-78-comienza-la-accion-de-la-segunda-ronda\/"},"author":{"name":"Gol&amp;Pop","@id":"https:\/\/golandpop.com\/#\/schema\/person\/2809725861e0da25eaffe2d9b29c9613"},"headline":"Mundial \u201978: comienza la acci\u00f3n de la segunda ronda","datePublished":"2020-06-14T18:51:08+00:00","dateModified":"2020-06-14T18:51:11+00:00","mainEntityOfPage":{"@id":"https:\/\/golandpop.com\/index.php\/2020\/06\/14\/mundial-78-comienza-la-accion-de-la-segunda-ronda\/"},"wordCount":733,"commentCount":0,"publisher":{"@id":"https:\/\/golandpop.com\/#organization"},"image":{"@id":"https:\/\/golandpop.com\/index.php\/2020\/06\/14\/mundial-78-comienza-la-accion-de-la-segunda-ronda\/#primaryimage"},"thumbnailUrl":"https:\/\/golandpop.com\/wp-content\/uploads\/2020\/06\/WhatsApp-Image-2020-06-14-at-15.45.57.jpeg","articleSection":["F\u00fatbol","F\u00fatbol Internacional"],"inLanguage":"es-AR"},{"@type":"WebPage","@id":"https:\/\/golandpop.com\/index.php\/2020\/06\/14\/mundial-78-comienza-la-accion-de-la-segunda-ronda\/","url":"https:\/\/golandpop.com\/index.php\/2020\/06\/14\/mundial-78-comienza-la-accion-de-la-segunda-ronda\/","name":"Mundial \u201978: comienza la acci\u00f3n de la segunda ronda - Golandpop","isPartOf":{"@id":"https:\/\/golandpop.com\/#website"},"primaryImageOfPage":{"@id":"https:\/\/golandpop.com\/index.php\/2020\/06\/14\/mundial-78-comienza-la-accion-de-la-segunda-ronda\/#primaryimage"},"image":{"@id":"https:\/\/golandpop.com\/index.php\/2020\/06\/14\/mundial-78-comienza-la-accion-de-la-segunda-ronda\/#primaryimage"},"thumbnailUrl":"https:\/\/golandpop.com\/wp-content\/uploads\/2020\/06\/WhatsApp-Image-2020-06-14-at-15.45.57.jpeg","datePublished":"2020-06-14T18:51:08+00:00","dateModified":"2020-06-14T18:51:11+00:00","breadcrumb":{"@id":"https:\/\/golandpop.com\/index.php\/2020\/06\/14\/mundial-78-comienza-la-accion-de-la-segunda-ronda\/#breadcrumb"},"inLanguage":"es-AR","potentialAction":[{"@type":"ReadAction","target":["https:\/\/golandpop.com\/index.php\/2020\/06\/14\/mundial-78-comienza-la-accion-de-la-segunda-ronda\/"]}]},{"@type":"ImageObject","inLanguage":"es-AR","@id":"https:\/\/golandpop.com\/index.php\/2020\/06\/14\/mundial-78-comienza-la-accion-de-la-segunda-ronda\/#primaryimage","url":"https:\/\/golandpop.com\/wp-content\/uploads\/2020\/06\/WhatsApp-Image-2020-06-14-at-15.45.57.jpeg","contentUrl":"https:\/\/golandpop.com\/wp-content\/uploads\/2020\/06\/WhatsApp-Image-2020-06-14-at-15.45.57.jpeg","width":1200,"height":675},{"@type":"BreadcrumbList","@id":"https:\/\/golandpop.com\/index.php\/2020\/06\/14\/mundial-78-comienza-la-accion-de-la-segunda-ronda\/#breadcrumb","itemListElement":[{"@type":"ListItem","position":1,"name":"Inicio","item":"https:\/\/golandpop.com\/"},{"@type":"ListItem","position":2,"name":"Mundial \u201978: comienza la acci\u00f3n de la segunda ronda"}]},{"@type":"WebSite","@id":"https:\/\/golandpop.com\/#website","url":"https:\/\/golandpop.com\/","name":"Golandpop","description":"","publisher":{"@id":"https:\/\/golandpop.com\/#organization"},"potentialAction":[{"@type":"SearchAction","target":{"@type":"EntryPoint","urlTemplate":"https:\/\/golandpop.com\/?s={search_term_string}"},"query-input":{"@type":"PropertyValueSpecification","valueRequired":true,"valueName":"search_term_string"}}],"inLanguage":"es-AR"},{"@type":"Organization","@id":"https:\/\/golandpop.com\/#organization","name":"GolandPop","url":"https:\/\/golandpop.com\/","logo":{"@type":"ImageObject","inLanguage":"es-AR","@id":"https:\/\/golandpop.com\/#\/schema\/logo\/image\/","url":"https:\/\/golandpop.com\/wp-content\/uploads\/2020\/04\/favicon_gol_pop.png","contentUrl":"https:\/\/golandpop.com\/wp-content\/uploads\/2020\/04\/favicon_gol_pop.png","width":246,"height":246,"caption":"GolandPop"},"image":{"@id":"https:\/\/golandpop.com\/#\/schema\/logo\/image\/"},"sameAs":["https:\/\/x.com\/golandpop","https:\/\/www.instagram.com\/golandpopcordoba\/"]},{"@type":"Person","@id":"https:\/\/golandpop.com\/#\/schema\/person\/2809725861e0da25eaffe2d9b29c9613","name":"Gol&amp;Pop","image":{"@type":"ImageObject","inLanguage":"es-AR","@id":"https:\/\/golandpop.com\/#\/schema\/person\/image\/","url":"https:\/\/secure.gravatar.com\/avatar\/9a87ee051ca8c77f5d4070843ce2c78cdf95b858b950fb039151de955122f5f5?s=96&d=mm&r=g","contentUrl":"https:\/\/secure.gravatar.com\/avatar\/9a87ee051ca8c77f5d4070843ce2c78cdf95b858b950fb039151de955122f5f5?s=96&d=mm&r=g","caption":"Gol&amp;Pop"},"sameAs":["http:\/\/golandpop.com"],"url":"https:\/\/golandpop.com\/index.php\/author\/admin\/"}]}},"_links":{"self":[{"href":"https:\/\/golandpop.com\/index.php\/wp-json\/wp\/v2\/posts\/5164","targetHints":{"allow":["GET"]}}],"collection":[{"href":"https:\/\/golandpop.com\/index.php\/wp-json\/wp\/v2\/posts"}],"about":[{"href":"https:\/\/golandpop.com\/index.php\/wp-json\/wp\/v2\/types\/post"}],"author":[{"embeddable":true,"href":"https:\/\/golandpop.com\/index.php\/wp-json\/wp\/v2\/users\/1"}],"replies":[{"embeddable":true,"href":"https:\/\/golandpop.com\/index.php\/wp-json\/wp\/v2\/comments?post=5164"}],"version-history":[{"count":3,"href":"https:\/\/golandpop.com\/index.php\/wp-json\/wp\/v2\/posts\/5164\/revisions"}],"predecessor-version":[{"id":5169,"href":"https:\/\/golandpop.com\/index.php\/wp-json\/wp\/v2\/posts\/5164\/revisions\/5169"}],"wp:featuredmedia":[{"embeddable":true,"href":"https:\/\/golandpop.com\/index.php\/wp-json\/wp\/v2\/media\/5168"}],"wp:attachment":[{"href":"https:\/\/golandpop.com\/index.php\/wp-json\/wp\/v2\/media?parent=5164"}],"wp:term":[{"taxonomy":"category","embeddable":true,"href":"https:\/\/golandpop.com\/index.php\/wp-json\/wp\/v2\/categories?post=5164"},{"taxonomy":"post_tag","embeddable":true,"href":"https:\/\/golandpop.com\/index.php\/wp-json\/wp\/v2\/tags?post=5164"}],"curies":[{"name":"wp","href":"https:\/\/api.w.org\/{rel}","templated":true}]}}