{"id":5073,"date":"2020-06-03T15:32:25","date_gmt":"2020-06-03T18:32:25","guid":{"rendered":"https:\/\/golandpop.com\/?p=5073"},"modified":"2020-06-03T15:32:46","modified_gmt":"2020-06-03T18:32:46","slug":"mundial-78-el-debut-de-argentina","status":"publish","type":"post","link":"https:\/\/golandpop.com\/index.php\/2020\/06\/03\/mundial-78-el-debut-de-argentina\/","title":{"rendered":"Mundial &#8217;78: el debut de Argentina"},"content":{"rendered":"\n<p><em>En el <a href=\"https:\/\/golandpop.com\/index.php\/2020\/06\/03\/libro-de-oro-a-42-anos-del-inicio-del-mundial-78\/\">aniversario n\u00b042 de la \u00fanica Copa Mundial de F\u00fatbol celebrada en Argentina,<\/a> repasaremos el ida a d\u00eda del torneo, hasta la final, a partir de la lectura del &#8220;Libro de Oro del <a href=\"https:\/\/es.fifa.com\/worldcup\/archive\/argentina1978\/\">Mundial &#8217;78<\/a>&#8220;.<\/em><\/p>\n\n\n\n<p>La segunda jornada de este campeonato comenzaba con el debut de Argentina que se enfrentaba a Hungr\u00eda. La selecci\u00f3n estaba dirigida por Cesar Luis Menotti, quien hab\u00eda decidido que los n\u00fameros de las camisetas se daban por orden alfab\u00e9tico, esto permiti\u00f3 ver al &#8220;Beto&#8221; Alonso con la numero 1 y al gran &#8220;Pato&#8221; Fillol con la 5. <\/p>\n\n\n\n<p>Este entrenador qued\u00f3 en la retina de miles de hinchas por su federalismo en la elecci\u00f3n de los jugadores, ya que tanto \u00e9l como su equipo t\u00e9cnico, en la etapa previa al mundial recorr\u00edan el pa\u00eds de punta a punta observando los jugadores de los distintos equipos del f\u00fatbol argentino. De esta manera, la plantilla pose\u00eda un \u00fanico jugador que militaba en el extranjero, el cordob\u00e9s, Mario Alberto Kempes, jugador del Valencia de Espa\u00f1a. <\/p>\n\n\n\n<p>En la selecci\u00f3n previa de jugadores quedaron descartados varios futbolistas, entre ellos y con apenas 17 a\u00f1os, el ic\u00f3nico Diego Armando Maradona. Tambi\u00e9n uno de los mejores mediocampistas que ha cultivado el f\u00fatbol argentino, Luis &#8220;Hacha&#8221; Ludue\u00f1a, jugador emblem\u00e1tico del Club Atl\u00e9tico Talleres de C\u00f3rdoba, que aport\u00f3 a tres jugadores: Galv\u00e1n, Valencia y Oviedo. <\/p>\n\n\n\n<p>La jornada del d\u00eda viernes 2 de junio comenz\u00f3 con el cl\u00e1sico europeo entre Italia y Francia. Este partido termino con la victoria de la <em>&#8220;squadra azzurra&#8221;<\/em> por dos tantos contra uno. Los goles fueron marcados por Lacombe al minuto de juego (F); Paolo Rossi para Italia al minuto 29&#8242; y Zaccarelli sellando el triunfo a los 52&#8242;. Este encuentro se disput\u00f3 en el estadio mundialista de Mar del Plata. <\/p>\n\n\n\n<div class=\"wp-block-image\"><figure class=\"aligncenter\"><img decoding=\"async\" src=\"https:\/\/pbs.twimg.com\/media\/EZiqSt0XYAEpSyG?format=jpg&amp;name=360x360\" alt=\"Imagen\"\/><figcaption>Im\u00e1genes in\u00e9ditas del encuentro entre azzurros y franceses.<\/figcaption><\/figure><\/div>\n\n\n\n<p>El segundo encuentro del d\u00eda fue entre Tunez y Mexico, el cual termin\u00f3 con la sorpresiva victoria del equipo africano por 3 a 1, con goles de Vazquez (M), Kaabi, Gommidh y Dhouib. Partido disputado en el Gigante de Arroyito. Se destaca que en el equipo mexicano hacia su debut la estrella mexicana Hugo S\u00e1nchez.<\/p>\n\n\n\n<div class=\"wp-block-image\"><figure class=\"aligncenter\"><img decoding=\"async\" src=\"https:\/\/pbs.twimg.com\/media\/EZirR2UWkAg3KVw?format=jpg&amp;name=360x360\" alt=\"Imagen\"\/><figcaption>Cuellar (M) escapando de Kaabi (T). <\/figcaption><\/figure><\/div>\n\n\n\n<p>El plato fuerte de la jornada se di\u00f3 a las 19:15hs en donde, Argentina enfrentaba a Hungr\u00eda, haciendo su debut en la copa en el estadio Antonio Vespucio Liberti. La Selecci\u00f3n salia con Fillol, Olgu\u00edn, Galv\u00e1n, Passarella, Tarantini, Ardiles, Gallego, Valencia, Houseman, Luque y Kempes.<\/p>\n\n\n\n<p>El partido tuvo un comienzo tr\u00e1gico para los dirigidos de Menotti con el temprano gol de Csap\u00f3 a los 9 minutos. Por suerte la Selecci\u00f3n se despert\u00f3 y a los 14 minutos luego de un remate de Kempes y la respuesta del portero h\u00fangaro, Luque alcanzo a empujar el bal\u00f3n y poner tablas en el marcador.<\/p>\n\n\n\n<p>El partido sigui\u00f3 con una propuesta defensiva y un juego agresivo del equipo europeo y una selecci\u00f3n que mediante el juego intentaba concretar el 2 a 1, el cual lleg\u00f3 a los 39 minutos del segundo tiempo, de la mano de Bertoni quien empujo un rebote y sentenci\u00f3 la historia en el Monumental. <\/p>\n\n\n\n<p>Luego de la victoria las calles se inundaron de alegr\u00eda y Menotti declar\u00f3 que el equipo de ahora en mas iba a jugar mas tranquilo y que de esa manera su rendimiento seria superior. Con este resultado Argentina quedaba l\u00edder junto a Italia del grupo 1.<\/p>\n\n\n\n<figure class=\"wp-block-image size-large\"><img decoding=\"async\" src=\"https:\/\/pbs.twimg.com\/media\/EZipNy7WkAEqp45?format=jpg&amp;name=small\" alt=\"Imagen\"\/><figcaption>En la parte superior, 7 hungaros junto a su arquero intentando mantener el empate; Luque luchando por el bal\u00f3n.<\/figcaption><\/figure>\n\n\n\n<p><\/p>\n","protected":false},"excerpt":{"rendered":"<p>En el aniversario n\u00b042 de la \u00fanica Copa Mundial de F\u00fatbol celebrada en Argentina, repasaremos el ida a d\u00eda del torneo, hasta la final, a partir de la lectura del &#8220;Libro de Oro del Mundial &#8217;78&#8221;.<\/p>\n","protected":false},"author":1,"featured_media":5094,"comment_status":"open","ping_status":"open","sticky":false,"template":"","format":"standard","meta":{"footnotes":""},"categories":[39,41],"tags":[],"class_list":["post-5073","post","type-post","status-publish","format-standard","has-post-thumbnail","hentry","category-futbol","category-futbol-internacional"],"yoast_head":"<!-- This site is optimized with the Yoast SEO plugin v26.1.1 - https:\/\/yoast.com\/wordpress\/plugins\/seo\/ -->\n<title>Mundial &#039;78: el debut de Argentina - Golandpop<\/title>\n<meta name=\"robots\" content=\"index, follow, max-snippet:-1, max-image-preview:large, max-video-preview:-1\" \/>\n<link rel=\"canonical\" href=\"https:\/\/golandpop.com\/index.php\/2020\/06\/03\/mundial-78-el-debut-de-argentina\/\" \/>\n<meta property=\"og:locale\" content=\"es_ES\" \/>\n<meta property=\"og:type\" content=\"article\" \/>\n<meta property=\"og:title\" content=\"Mundial &#039;78: el debut de Argentina - Golandpop\" \/>\n<meta property=\"og:description\" content=\"En el aniversario n\u00b042 de la \u00fanica Copa Mundial de F\u00fatbol celebrada en Argentina, repasaremos el ida a d\u00eda del torneo, hasta la final, a partir de la lectura del &quot;Libro de Oro del Mundial &#039;78&quot;.\" \/>\n<meta property=\"og:url\" content=\"https:\/\/golandpop.com\/index.php\/2020\/06\/03\/mundial-78-el-debut-de-argentina\/\" \/>\n<meta property=\"og:site_name\" content=\"Golandpop\" \/>\n<meta property=\"article:published_time\" content=\"2020-06-03T18:32:25+00:00\" \/>\n<meta property=\"article:modified_time\" content=\"2020-06-03T18:32:46+00:00\" \/>\n<meta property=\"og:image\" content=\"https:\/\/golandpop.com\/wp-content\/uploads\/2020\/06\/WhatsApp-Image-2020-06-03-at-15.08.09-1.jpeg\" \/>\n\t<meta property=\"og:image:width\" content=\"1280\" \/>\n\t<meta property=\"og:image:height\" content=\"740\" \/>\n\t<meta property=\"og:image:type\" content=\"image\/jpeg\" \/>\n<meta name=\"author\" content=\"Gol&amp;Pop\" \/>\n<meta name=\"twitter:card\" content=\"summary_large_image\" \/>\n<meta name=\"twitter:creator\" content=\"@golandpop\" \/>\n<meta name=\"twitter:site\" content=\"@golandpop\" \/>\n<meta name=\"twitter:label1\" content=\"Escrito por\" \/>\n\t<meta name=\"twitter:data1\" content=\"Gol&amp;Pop\" \/>\n\t<meta name=\"twitter:label2\" content=\"Tiempo de lectura\" \/>\n\t<meta name=\"twitter:data2\" content=\"3 minutos\" \/>\n<script type=\"application\/ld+json\" class=\"yoast-schema-graph\">{\"@context\":\"https:\/\/schema.org\",\"@graph\":[{\"@type\":\"Article\",\"@id\":\"https:\/\/golandpop.com\/index.php\/2020\/06\/03\/mundial-78-el-debut-de-argentina\/#article\",\"isPartOf\":{\"@id\":\"https:\/\/golandpop.com\/index.php\/2020\/06\/03\/mundial-78-el-debut-de-argentina\/\"},\"author\":{\"name\":\"Gol&amp;Pop\",\"@id\":\"https:\/\/golandpop.com\/#\/schema\/person\/2809725861e0da25eaffe2d9b29c9613\"},\"headline\":\"Mundial &#8217;78: el debut de Argentina\",\"datePublished\":\"2020-06-03T18:32:25+00:00\",\"dateModified\":\"2020-06-03T18:32:46+00:00\",\"mainEntityOfPage\":{\"@id\":\"https:\/\/golandpop.com\/index.php\/2020\/06\/03\/mundial-78-el-debut-de-argentina\/\"},\"wordCount\":611,\"commentCount\":0,\"publisher\":{\"@id\":\"https:\/\/golandpop.com\/#organization\"},\"image\":{\"@id\":\"https:\/\/golandpop.com\/index.php\/2020\/06\/03\/mundial-78-el-debut-de-argentina\/#primaryimage\"},\"thumbnailUrl\":\"https:\/\/golandpop.com\/wp-content\/uploads\/2020\/06\/WhatsApp-Image-2020-06-03-at-15.08.09-1.jpeg\",\"articleSection\":[\"F\u00fatbol\",\"F\u00fatbol Internacional\"],\"inLanguage\":\"es-AR\"},{\"@type\":\"WebPage\",\"@id\":\"https:\/\/golandpop.com\/index.php\/2020\/06\/03\/mundial-78-el-debut-de-argentina\/\",\"url\":\"https:\/\/golandpop.com\/index.php\/2020\/06\/03\/mundial-78-el-debut-de-argentina\/\",\"name\":\"Mundial '78: el debut de Argentina - Golandpop\",\"isPartOf\":{\"@id\":\"https:\/\/golandpop.com\/#website\"},\"primaryImageOfPage\":{\"@id\":\"https:\/\/golandpop.com\/index.php\/2020\/06\/03\/mundial-78-el-debut-de-argentina\/#primaryimage\"},\"image\":{\"@id\":\"https:\/\/golandpop.com\/index.php\/2020\/06\/03\/mundial-78-el-debut-de-argentina\/#primaryimage\"},\"thumbnailUrl\":\"https:\/\/golandpop.com\/wp-content\/uploads\/2020\/06\/WhatsApp-Image-2020-06-03-at-15.08.09-1.jpeg\",\"datePublished\":\"2020-06-03T18:32:25+00:00\",\"dateModified\":\"2020-06-03T18:32:46+00:00\",\"breadcrumb\":{\"@id\":\"https:\/\/golandpop.com\/index.php\/2020\/06\/03\/mundial-78-el-debut-de-argentina\/#breadcrumb\"},\"inLanguage\":\"es-AR\",\"potentialAction\":[{\"@type\":\"ReadAction\",\"target\":[\"https:\/\/golandpop.com\/index.php\/2020\/06\/03\/mundial-78-el-debut-de-argentina\/\"]}]},{\"@type\":\"ImageObject\",\"inLanguage\":\"es-AR\",\"@id\":\"https:\/\/golandpop.com\/index.php\/2020\/06\/03\/mundial-78-el-debut-de-argentina\/#primaryimage\",\"url\":\"https:\/\/golandpop.com\/wp-content\/uploads\/2020\/06\/WhatsApp-Image-2020-06-03-at-15.08.09-1.jpeg\",\"contentUrl\":\"https:\/\/golandpop.com\/wp-content\/uploads\/2020\/06\/WhatsApp-Image-2020-06-03-at-15.08.09-1.jpeg\",\"width\":1280,\"height\":740},{\"@type\":\"BreadcrumbList\",\"@id\":\"https:\/\/golandpop.com\/index.php\/2020\/06\/03\/mundial-78-el-debut-de-argentina\/#breadcrumb\",\"itemListElement\":[{\"@type\":\"ListItem\",\"position\":1,\"name\":\"Inicio\",\"item\":\"https:\/\/golandpop.com\/\"},{\"@type\":\"ListItem\",\"position\":2,\"name\":\"Mundial &#8217;78: el debut de Argentina\"}]},{\"@type\":\"WebSite\",\"@id\":\"https:\/\/golandpop.com\/#website\",\"url\":\"https:\/\/golandpop.com\/\",\"name\":\"Golandpop\",\"description\":\"\",\"publisher\":{\"@id\":\"https:\/\/golandpop.com\/#organization\"},\"potentialAction\":[{\"@type\":\"SearchAction\",\"target\":{\"@type\":\"EntryPoint\",\"urlTemplate\":\"https:\/\/golandpop.com\/?s={search_term_string}\"},\"query-input\":{\"@type\":\"PropertyValueSpecification\",\"valueRequired\":true,\"valueName\":\"search_term_string\"}}],\"inLanguage\":\"es-AR\"},{\"@type\":\"Organization\",\"@id\":\"https:\/\/golandpop.com\/#organization\",\"name\":\"GolandPop\",\"url\":\"https:\/\/golandpop.com\/\",\"logo\":{\"@type\":\"ImageObject\",\"inLanguage\":\"es-AR\",\"@id\":\"https:\/\/golandpop.com\/#\/schema\/logo\/image\/\",\"url\":\"https:\/\/golandpop.com\/wp-content\/uploads\/2020\/04\/favicon_gol_pop.png\",\"contentUrl\":\"https:\/\/golandpop.com\/wp-content\/uploads\/2020\/04\/favicon_gol_pop.png\",\"width\":246,\"height\":246,\"caption\":\"GolandPop\"},\"image\":{\"@id\":\"https:\/\/golandpop.com\/#\/schema\/logo\/image\/\"},\"sameAs\":[\"https:\/\/x.com\/golandpop\",\"https:\/\/www.instagram.com\/golandpopcordoba\/\"]},{\"@type\":\"Person\",\"@id\":\"https:\/\/golandpop.com\/#\/schema\/person\/2809725861e0da25eaffe2d9b29c9613\",\"name\":\"Gol&amp;Pop\",\"image\":{\"@type\":\"ImageObject\",\"inLanguage\":\"es-AR\",\"@id\":\"https:\/\/golandpop.com\/#\/schema\/person\/image\/\",\"url\":\"https:\/\/secure.gravatar.com\/avatar\/9a87ee051ca8c77f5d4070843ce2c78cdf95b858b950fb039151de955122f5f5?s=96&d=mm&r=g\",\"contentUrl\":\"https:\/\/secure.gravatar.com\/avatar\/9a87ee051ca8c77f5d4070843ce2c78cdf95b858b950fb039151de955122f5f5?s=96&d=mm&r=g\",\"caption\":\"Gol&amp;Pop\"},\"sameAs\":[\"http:\/\/golandpop.com\"],\"url\":\"https:\/\/golandpop.com\/index.php\/author\/admin\/\"}]}<\/script>\n<!-- \/ Yoast SEO plugin. -->","yoast_head_json":{"title":"Mundial '78: el debut de Argentina - Golandpop","robots":{"index":"index","follow":"follow","max-snippet":"max-snippet:-1","max-image-preview":"max-image-preview:large","max-video-preview":"max-video-preview:-1"},"canonical":"https:\/\/golandpop.com\/index.php\/2020\/06\/03\/mundial-78-el-debut-de-argentina\/","og_locale":"es_ES","og_type":"article","og_title":"Mundial '78: el debut de Argentina - Golandpop","og_description":"En el aniversario n\u00b042 de la \u00fanica Copa Mundial de F\u00fatbol celebrada en Argentina, repasaremos el ida a d\u00eda del torneo, hasta la final, a partir de la lectura del \"Libro de Oro del Mundial '78\".","og_url":"https:\/\/golandpop.com\/index.php\/2020\/06\/03\/mundial-78-el-debut-de-argentina\/","og_site_name":"Golandpop","article_published_time":"2020-06-03T18:32:25+00:00","article_modified_time":"2020-06-03T18:32:46+00:00","og_image":[{"width":1280,"height":740,"url":"https:\/\/golandpop.com\/wp-content\/uploads\/2020\/06\/WhatsApp-Image-2020-06-03-at-15.08.09-1.jpeg","type":"image\/jpeg"}],"author":"Gol&amp;Pop","twitter_card":"summary_large_image","twitter_creator":"@golandpop","twitter_site":"@golandpop","twitter_misc":{"Escrito por":"Gol&amp;Pop","Tiempo de lectura":"3 minutos"},"schema":{"@context":"https:\/\/schema.org","@graph":[{"@type":"Article","@id":"https:\/\/golandpop.com\/index.php\/2020\/06\/03\/mundial-78-el-debut-de-argentina\/#article","isPartOf":{"@id":"https:\/\/golandpop.com\/index.php\/2020\/06\/03\/mundial-78-el-debut-de-argentina\/"},"author":{"name":"Gol&amp;Pop","@id":"https:\/\/golandpop.com\/#\/schema\/person\/2809725861e0da25eaffe2d9b29c9613"},"headline":"Mundial &#8217;78: el debut de Argentina","datePublished":"2020-06-03T18:32:25+00:00","dateModified":"2020-06-03T18:32:46+00:00","mainEntityOfPage":{"@id":"https:\/\/golandpop.com\/index.php\/2020\/06\/03\/mundial-78-el-debut-de-argentina\/"},"wordCount":611,"commentCount":0,"publisher":{"@id":"https:\/\/golandpop.com\/#organization"},"image":{"@id":"https:\/\/golandpop.com\/index.php\/2020\/06\/03\/mundial-78-el-debut-de-argentina\/#primaryimage"},"thumbnailUrl":"https:\/\/golandpop.com\/wp-content\/uploads\/2020\/06\/WhatsApp-Image-2020-06-03-at-15.08.09-1.jpeg","articleSection":["F\u00fatbol","F\u00fatbol Internacional"],"inLanguage":"es-AR"},{"@type":"WebPage","@id":"https:\/\/golandpop.com\/index.php\/2020\/06\/03\/mundial-78-el-debut-de-argentina\/","url":"https:\/\/golandpop.com\/index.php\/2020\/06\/03\/mundial-78-el-debut-de-argentina\/","name":"Mundial '78: el debut de Argentina - Golandpop","isPartOf":{"@id":"https:\/\/golandpop.com\/#website"},"primaryImageOfPage":{"@id":"https:\/\/golandpop.com\/index.php\/2020\/06\/03\/mundial-78-el-debut-de-argentina\/#primaryimage"},"image":{"@id":"https:\/\/golandpop.com\/index.php\/2020\/06\/03\/mundial-78-el-debut-de-argentina\/#primaryimage"},"thumbnailUrl":"https:\/\/golandpop.com\/wp-content\/uploads\/2020\/06\/WhatsApp-Image-2020-06-03-at-15.08.09-1.jpeg","datePublished":"2020-06-03T18:32:25+00:00","dateModified":"2020-06-03T18:32:46+00:00","breadcrumb":{"@id":"https:\/\/golandpop.com\/index.php\/2020\/06\/03\/mundial-78-el-debut-de-argentina\/#breadcrumb"},"inLanguage":"es-AR","potentialAction":[{"@type":"ReadAction","target":["https:\/\/golandpop.com\/index.php\/2020\/06\/03\/mundial-78-el-debut-de-argentina\/"]}]},{"@type":"ImageObject","inLanguage":"es-AR","@id":"https:\/\/golandpop.com\/index.php\/2020\/06\/03\/mundial-78-el-debut-de-argentina\/#primaryimage","url":"https:\/\/golandpop.com\/wp-content\/uploads\/2020\/06\/WhatsApp-Image-2020-06-03-at-15.08.09-1.jpeg","contentUrl":"https:\/\/golandpop.com\/wp-content\/uploads\/2020\/06\/WhatsApp-Image-2020-06-03-at-15.08.09-1.jpeg","width":1280,"height":740},{"@type":"BreadcrumbList","@id":"https:\/\/golandpop.com\/index.php\/2020\/06\/03\/mundial-78-el-debut-de-argentina\/#breadcrumb","itemListElement":[{"@type":"ListItem","position":1,"name":"Inicio","item":"https:\/\/golandpop.com\/"},{"@type":"ListItem","position":2,"name":"Mundial &#8217;78: el debut de Argentina"}]},{"@type":"WebSite","@id":"https:\/\/golandpop.com\/#website","url":"https:\/\/golandpop.com\/","name":"Golandpop","description":"","publisher":{"@id":"https:\/\/golandpop.com\/#organization"},"potentialAction":[{"@type":"SearchAction","target":{"@type":"EntryPoint","urlTemplate":"https:\/\/golandpop.com\/?s={search_term_string}"},"query-input":{"@type":"PropertyValueSpecification","valueRequired":true,"valueName":"search_term_string"}}],"inLanguage":"es-AR"},{"@type":"Organization","@id":"https:\/\/golandpop.com\/#organization","name":"GolandPop","url":"https:\/\/golandpop.com\/","logo":{"@type":"ImageObject","inLanguage":"es-AR","@id":"https:\/\/golandpop.com\/#\/schema\/logo\/image\/","url":"https:\/\/golandpop.com\/wp-content\/uploads\/2020\/04\/favicon_gol_pop.png","contentUrl":"https:\/\/golandpop.com\/wp-content\/uploads\/2020\/04\/favicon_gol_pop.png","width":246,"height":246,"caption":"GolandPop"},"image":{"@id":"https:\/\/golandpop.com\/#\/schema\/logo\/image\/"},"sameAs":["https:\/\/x.com\/golandpop","https:\/\/www.instagram.com\/golandpopcordoba\/"]},{"@type":"Person","@id":"https:\/\/golandpop.com\/#\/schema\/person\/2809725861e0da25eaffe2d9b29c9613","name":"Gol&amp;Pop","image":{"@type":"ImageObject","inLanguage":"es-AR","@id":"https:\/\/golandpop.com\/#\/schema\/person\/image\/","url":"https:\/\/secure.gravatar.com\/avatar\/9a87ee051ca8c77f5d4070843ce2c78cdf95b858b950fb039151de955122f5f5?s=96&d=mm&r=g","contentUrl":"https:\/\/secure.gravatar.com\/avatar\/9a87ee051ca8c77f5d4070843ce2c78cdf95b858b950fb039151de955122f5f5?s=96&d=mm&r=g","caption":"Gol&amp;Pop"},"sameAs":["http:\/\/golandpop.com"],"url":"https:\/\/golandpop.com\/index.php\/author\/admin\/"}]}},"_links":{"self":[{"href":"https:\/\/golandpop.com\/index.php\/wp-json\/wp\/v2\/posts\/5073","targetHints":{"allow":["GET"]}}],"collection":[{"href":"https:\/\/golandpop.com\/index.php\/wp-json\/wp\/v2\/posts"}],"about":[{"href":"https:\/\/golandpop.com\/index.php\/wp-json\/wp\/v2\/types\/post"}],"author":[{"embeddable":true,"href":"https:\/\/golandpop.com\/index.php\/wp-json\/wp\/v2\/users\/1"}],"replies":[{"embeddable":true,"href":"https:\/\/golandpop.com\/index.php\/wp-json\/wp\/v2\/comments?post=5073"}],"version-history":[{"count":5,"href":"https:\/\/golandpop.com\/index.php\/wp-json\/wp\/v2\/posts\/5073\/revisions"}],"predecessor-version":[{"id":5096,"href":"https:\/\/golandpop.com\/index.php\/wp-json\/wp\/v2\/posts\/5073\/revisions\/5096"}],"wp:featuredmedia":[{"embeddable":true,"href":"https:\/\/golandpop.com\/index.php\/wp-json\/wp\/v2\/media\/5094"}],"wp:attachment":[{"href":"https:\/\/golandpop.com\/index.php\/wp-json\/wp\/v2\/media?parent=5073"}],"wp:term":[{"taxonomy":"category","embeddable":true,"href":"https:\/\/golandpop.com\/index.php\/wp-json\/wp\/v2\/categories?post=5073"},{"taxonomy":"post_tag","embeddable":true,"href":"https:\/\/golandpop.com\/index.php\/wp-json\/wp\/v2\/tags?post=5073"}],"curies":[{"name":"wp","href":"https:\/\/api.w.org\/{rel}","templated":true}]}}