{"id":5028,"date":"2020-05-29T13:46:55","date_gmt":"2020-05-29T16:46:55","guid":{"rendered":"https:\/\/golandpop.com\/?p=5028"},"modified":"2020-05-29T13:46:58","modified_gmt":"2020-05-29T16:46:58","slug":"bundesliga-tv-dias-y-horarios-de-la-jornada-29","status":"publish","type":"post","link":"https:\/\/golandpop.com\/index.php\/2020\/05\/29\/bundesliga-tv-dias-y-horarios-de-la-jornada-29\/","title":{"rendered":"Bundesliga: TV, d\u00edas y horarios de la jornada 29"},"content":{"rendered":"\n<p>La acci\u00f3n en la<strong><a href=\"https:\/\/www.bundesliga.com\/en\/bundesliga\"> Bundesliga<\/a><\/strong> no se detiene. Tras la jornada entre semana, la primera liga de Alemania reabre una nueva fecha que comenzar\u00e1 este viernes con el choque <a href=\"https:\/\/www.bundesliga.com\/en\/bundesliga\/news\/freiburg-bayer-leverkusen-live-line-ups-stats-havertz-bailey-koch-alario-11275\">Bayer Leverkusen visitando al Friburgo<\/a> con la posible titularidad de Lucas Alario, y cerrar\u00e1 el d\u00eda lunes con Koln recibiendo al RB Leipzig.<\/p>\n\n\n\n<p>La jornada sabatina tendr\u00e1 como plato fuerte el encuentro del l\u00edder Bayern Munich ante el Fortuna D\u00fcsseldorf, mientras que el domingo ser\u00e1 el turno de Borussia Dortmund visitando a Paderborn.<\/p>\n\n\n\n<figure class=\"wp-block-embed-youtube wp-block-embed is-type-video is-provider-youtube wp-embed-aspect-16-9 wp-has-aspect-ratio\"><div class=\"wp-block-embed__wrapper\">\n<iframe title=\"Borussia Dortmund - Bayern M\u00fanich [0-1] | GOLES | Jornada 28 | Bundesliga\" width=\"740\" height=\"416\" src=\"https:\/\/www.youtube.com\/embed\/_CLFl5y0VHw?feature=oembed\" frameborder=\"0\" allow=\"accelerometer; autoplay; clipboard-write; encrypted-media; gyroscope; picture-in-picture\" allowfullscreen><\/iframe>\n<\/div><\/figure>\n\n\n\n<p>AGENDA<\/p>\n\n\n\n<p>Viernes 29<\/p>\n\n\n\n<p><strong>15.30 &#8211;<\/strong> <strong>Friburgo vs. Bayer 04 Leverkusen por ESPN 2.<\/strong><\/p>\n\n\n\n<p>S\u00e1bado 30<\/p>\n\n\n\n<p>10.30 &#8211; Schalke 04 vs. Werder Bremen por ESPN 2.<\/p>\n\n\n\n<p>10.30 &#8211; Wolfsburgo vs. Eintracht Frankfurt por FOX Sports 2.<\/p>\n\n\n\n<p>10.30 &#8211; Hertha Berlin vs. Augsburgo.<\/p>\n\n\n\n<p>10.30 &#8211; Mainz vs. Hoffenheim.<\/p>\n\n\n\n<p><strong>13.30 &#8211; Bayern Munich vs. Fortuna D\u00fcsseldorf por ESPN 2.<\/strong><\/p>\n\n\n\n<p>Domingo 31<\/p>\n\n\n\n<p>10.30 &#8211; Borussia M\u00b4gladbach vs. Union Berlin por FOX Sports 2.<\/p>\n\n\n\n<p><strong>13.00 &#8211; Paderborn 07 vs. Borussia Dortmund por ESPN 2.<\/strong><\/p>\n\n\n\n<p>Lunes 1<\/p>\n\n\n\n<p>15.30 &#8211; Koln vs. RB Leipzig por ESPN 2.<\/p>\n\n\n\n<p>TABLA DE POSICIONES<\/p>\n\n\n\n  <iframe id=\"sofa-standings-embed-42-23538\" width=\"100%\" height=\"500\"    src=\"https:\/\/www.sofascore.com\/es\/torneo\/42\/23538\/clasificacion\/tablas\/introducir\" frameborder=\"0\" scrolling=\"no\"><\/iframe>  <div style=\"font-size:12px;font-family:Arial,sans-serif\">Clasificaci\u00f3n ofrecida por <a target=\"_blank\" href=\"https:\/\/www.sofascore.com\/\" rel=\"noopener noreferrer\">SofaScore LiveScore<\/a><\/div>  <script type=\"text\/javascript\" src=\"https:\/\/www.sofascore.com\/bundles\/sofascoreweb\/js\/bin\/util\/embed.min.js\"><\/script>  <script type=\"text\/javascript\">sofa_embed('sofa-standings-embed-42-23538', window);<\/script>\n","protected":false},"excerpt":{"rendered":"<p>La acci\u00f3n en la Bundesliga no se detiene. Tras la jornada entre semana, la primera liga de Alemania reabre una nueva fecha que comenzar\u00e1 este viernes con el choque Bayer Leverkusen visitando al Friburgo con la posible titularidad de Lucas Alario, y cerrar\u00e1 el d\u00eda lunes con Koln recibiendo al RB Leipzig. La jornada sabatina [&hellip;]<\/p>\n","protected":false},"author":1,"featured_media":4890,"comment_status":"open","ping_status":"open","sticky":false,"template":"","format":"standard","meta":{"footnotes":""},"categories":[39,41],"tags":[393,346,366],"class_list":["post-5028","post","type-post","status-publish","format-standard","has-post-thumbnail","hentry","category-futbol","category-futbol-internacional","tag-agenda","tag-bundesliga","tag-tv"],"yoast_head":"<!-- This site is optimized with the Yoast SEO plugin v26.1.1 - https:\/\/yoast.com\/wordpress\/plugins\/seo\/ -->\n<title>Bundesliga: TV, d\u00edas y horarios de la jornada 29 - Golandpop<\/title>\n<meta name=\"robots\" content=\"index, follow, max-snippet:-1, max-image-preview:large, max-video-preview:-1\" \/>\n<link rel=\"canonical\" href=\"https:\/\/golandpop.com\/index.php\/2020\/05\/29\/bundesliga-tv-dias-y-horarios-de-la-jornada-29\/\" \/>\n<meta property=\"og:locale\" content=\"es_ES\" \/>\n<meta property=\"og:type\" content=\"article\" \/>\n<meta property=\"og:title\" content=\"Bundesliga: TV, d\u00edas y horarios de la jornada 29 - Golandpop\" \/>\n<meta property=\"og:description\" content=\"La acci\u00f3n en la Bundesliga no se detiene. Tras la jornada entre semana, la primera liga de Alemania reabre una nueva fecha que comenzar\u00e1 este viernes con el choque Bayer Leverkusen visitando al Friburgo con la posible titularidad de Lucas Alario, y cerrar\u00e1 el d\u00eda lunes con Koln recibiendo al RB Leipzig. La jornada sabatina [&hellip;]\" \/>\n<meta property=\"og:url\" content=\"https:\/\/golandpop.com\/index.php\/2020\/05\/29\/bundesliga-tv-dias-y-horarios-de-la-jornada-29\/\" \/>\n<meta property=\"og:site_name\" content=\"Golandpop\" \/>\n<meta property=\"article:published_time\" content=\"2020-05-29T16:46:55+00:00\" \/>\n<meta property=\"article:modified_time\" content=\"2020-05-29T16:46:58+00:00\" \/>\n<meta property=\"og:image\" content=\"https:\/\/golandpop.com\/wp-content\/uploads\/2020\/05\/bundesliga-tv.jpg\" \/>\n\t<meta property=\"og:image:width\" content=\"1140\" \/>\n\t<meta property=\"og:image:height\" content=\"643\" \/>\n\t<meta property=\"og:image:type\" content=\"image\/jpeg\" \/>\n<meta name=\"author\" content=\"Gol&amp;Pop\" \/>\n<meta name=\"twitter:card\" content=\"summary_large_image\" \/>\n<meta name=\"twitter:creator\" content=\"@golandpop\" \/>\n<meta name=\"twitter:site\" content=\"@golandpop\" \/>\n<meta name=\"twitter:label1\" content=\"Escrito por\" \/>\n\t<meta name=\"twitter:data1\" content=\"Gol&amp;Pop\" \/>\n\t<meta name=\"twitter:label2\" content=\"Tiempo de lectura\" \/>\n\t<meta name=\"twitter:data2\" content=\"1 minuto\" \/>\n<script type=\"application\/ld+json\" class=\"yoast-schema-graph\">{\"@context\":\"https:\/\/schema.org\",\"@graph\":[{\"@type\":\"Article\",\"@id\":\"https:\/\/golandpop.com\/index.php\/2020\/05\/29\/bundesliga-tv-dias-y-horarios-de-la-jornada-29\/#article\",\"isPartOf\":{\"@id\":\"https:\/\/golandpop.com\/index.php\/2020\/05\/29\/bundesliga-tv-dias-y-horarios-de-la-jornada-29\/\"},\"author\":{\"name\":\"Gol&amp;Pop\",\"@id\":\"https:\/\/golandpop.com\/#\/schema\/person\/2809725861e0da25eaffe2d9b29c9613\"},\"headline\":\"Bundesliga: TV, d\u00edas y horarios de la jornada 29\",\"datePublished\":\"2020-05-29T16:46:55+00:00\",\"dateModified\":\"2020-05-29T16:46:58+00:00\",\"mainEntityOfPage\":{\"@id\":\"https:\/\/golandpop.com\/index.php\/2020\/05\/29\/bundesliga-tv-dias-y-horarios-de-la-jornada-29\/\"},\"wordCount\":183,\"commentCount\":0,\"publisher\":{\"@id\":\"https:\/\/golandpop.com\/#organization\"},\"image\":{\"@id\":\"https:\/\/golandpop.com\/index.php\/2020\/05\/29\/bundesliga-tv-dias-y-horarios-de-la-jornada-29\/#primaryimage\"},\"thumbnailUrl\":\"https:\/\/golandpop.com\/wp-content\/uploads\/2020\/05\/bundesliga-tv.jpg\",\"keywords\":[\"Agenda\",\"Bundesliga\",\"TV\"],\"articleSection\":[\"F\u00fatbol\",\"F\u00fatbol Internacional\"],\"inLanguage\":\"es-AR\"},{\"@type\":\"WebPage\",\"@id\":\"https:\/\/golandpop.com\/index.php\/2020\/05\/29\/bundesliga-tv-dias-y-horarios-de-la-jornada-29\/\",\"url\":\"https:\/\/golandpop.com\/index.php\/2020\/05\/29\/bundesliga-tv-dias-y-horarios-de-la-jornada-29\/\",\"name\":\"Bundesliga: TV, d\u00edas y horarios de la jornada 29 - Golandpop\",\"isPartOf\":{\"@id\":\"https:\/\/golandpop.com\/#website\"},\"primaryImageOfPage\":{\"@id\":\"https:\/\/golandpop.com\/index.php\/2020\/05\/29\/bundesliga-tv-dias-y-horarios-de-la-jornada-29\/#primaryimage\"},\"image\":{\"@id\":\"https:\/\/golandpop.com\/index.php\/2020\/05\/29\/bundesliga-tv-dias-y-horarios-de-la-jornada-29\/#primaryimage\"},\"thumbnailUrl\":\"https:\/\/golandpop.com\/wp-content\/uploads\/2020\/05\/bundesliga-tv.jpg\",\"datePublished\":\"2020-05-29T16:46:55+00:00\",\"dateModified\":\"2020-05-29T16:46:58+00:00\",\"breadcrumb\":{\"@id\":\"https:\/\/golandpop.com\/index.php\/2020\/05\/29\/bundesliga-tv-dias-y-horarios-de-la-jornada-29\/#breadcrumb\"},\"inLanguage\":\"es-AR\",\"potentialAction\":[{\"@type\":\"ReadAction\",\"target\":[\"https:\/\/golandpop.com\/index.php\/2020\/05\/29\/bundesliga-tv-dias-y-horarios-de-la-jornada-29\/\"]}]},{\"@type\":\"ImageObject\",\"inLanguage\":\"es-AR\",\"@id\":\"https:\/\/golandpop.com\/index.php\/2020\/05\/29\/bundesliga-tv-dias-y-horarios-de-la-jornada-29\/#primaryimage\",\"url\":\"https:\/\/golandpop.com\/wp-content\/uploads\/2020\/05\/bundesliga-tv.jpg\",\"contentUrl\":\"https:\/\/golandpop.com\/wp-content\/uploads\/2020\/05\/bundesliga-tv.jpg\",\"width\":1140,\"height\":643},{\"@type\":\"BreadcrumbList\",\"@id\":\"https:\/\/golandpop.com\/index.php\/2020\/05\/29\/bundesliga-tv-dias-y-horarios-de-la-jornada-29\/#breadcrumb\",\"itemListElement\":[{\"@type\":\"ListItem\",\"position\":1,\"name\":\"Inicio\",\"item\":\"https:\/\/golandpop.com\/\"},{\"@type\":\"ListItem\",\"position\":2,\"name\":\"Bundesliga: TV, d\u00edas y horarios de la jornada 29\"}]},{\"@type\":\"WebSite\",\"@id\":\"https:\/\/golandpop.com\/#website\",\"url\":\"https:\/\/golandpop.com\/\",\"name\":\"Golandpop\",\"description\":\"\",\"publisher\":{\"@id\":\"https:\/\/golandpop.com\/#organization\"},\"potentialAction\":[{\"@type\":\"SearchAction\",\"target\":{\"@type\":\"EntryPoint\",\"urlTemplate\":\"https:\/\/golandpop.com\/?s={search_term_string}\"},\"query-input\":{\"@type\":\"PropertyValueSpecification\",\"valueRequired\":true,\"valueName\":\"search_term_string\"}}],\"inLanguage\":\"es-AR\"},{\"@type\":\"Organization\",\"@id\":\"https:\/\/golandpop.com\/#organization\",\"name\":\"GolandPop\",\"url\":\"https:\/\/golandpop.com\/\",\"logo\":{\"@type\":\"ImageObject\",\"inLanguage\":\"es-AR\",\"@id\":\"https:\/\/golandpop.com\/#\/schema\/logo\/image\/\",\"url\":\"https:\/\/golandpop.com\/wp-content\/uploads\/2020\/04\/favicon_gol_pop.png\",\"contentUrl\":\"https:\/\/golandpop.com\/wp-content\/uploads\/2020\/04\/favicon_gol_pop.png\",\"width\":246,\"height\":246,\"caption\":\"GolandPop\"},\"image\":{\"@id\":\"https:\/\/golandpop.com\/#\/schema\/logo\/image\/\"},\"sameAs\":[\"https:\/\/x.com\/golandpop\",\"https:\/\/www.instagram.com\/golandpopcordoba\/\"]},{\"@type\":\"Person\",\"@id\":\"https:\/\/golandpop.com\/#\/schema\/person\/2809725861e0da25eaffe2d9b29c9613\",\"name\":\"Gol&amp;Pop\",\"image\":{\"@type\":\"ImageObject\",\"inLanguage\":\"es-AR\",\"@id\":\"https:\/\/golandpop.com\/#\/schema\/person\/image\/\",\"url\":\"https:\/\/secure.gravatar.com\/avatar\/9a87ee051ca8c77f5d4070843ce2c78cdf95b858b950fb039151de955122f5f5?s=96&d=mm&r=g\",\"contentUrl\":\"https:\/\/secure.gravatar.com\/avatar\/9a87ee051ca8c77f5d4070843ce2c78cdf95b858b950fb039151de955122f5f5?s=96&d=mm&r=g\",\"caption\":\"Gol&amp;Pop\"},\"sameAs\":[\"http:\/\/golandpop.com\"],\"url\":\"https:\/\/golandpop.com\/index.php\/author\/admin\/\"}]}<\/script>\n<!-- \/ Yoast SEO plugin. -->","yoast_head_json":{"title":"Bundesliga: TV, d\u00edas y horarios de la jornada 29 - Golandpop","robots":{"index":"index","follow":"follow","max-snippet":"max-snippet:-1","max-image-preview":"max-image-preview:large","max-video-preview":"max-video-preview:-1"},"canonical":"https:\/\/golandpop.com\/index.php\/2020\/05\/29\/bundesliga-tv-dias-y-horarios-de-la-jornada-29\/","og_locale":"es_ES","og_type":"article","og_title":"Bundesliga: TV, d\u00edas y horarios de la jornada 29 - Golandpop","og_description":"La acci\u00f3n en la Bundesliga no se detiene. Tras la jornada entre semana, la primera liga de Alemania reabre una nueva fecha que comenzar\u00e1 este viernes con el choque Bayer Leverkusen visitando al Friburgo con la posible titularidad de Lucas Alario, y cerrar\u00e1 el d\u00eda lunes con Koln recibiendo al RB Leipzig. La jornada sabatina [&hellip;]","og_url":"https:\/\/golandpop.com\/index.php\/2020\/05\/29\/bundesliga-tv-dias-y-horarios-de-la-jornada-29\/","og_site_name":"Golandpop","article_published_time":"2020-05-29T16:46:55+00:00","article_modified_time":"2020-05-29T16:46:58+00:00","og_image":[{"width":1140,"height":643,"url":"https:\/\/golandpop.com\/wp-content\/uploads\/2020\/05\/bundesliga-tv.jpg","type":"image\/jpeg"}],"author":"Gol&amp;Pop","twitter_card":"summary_large_image","twitter_creator":"@golandpop","twitter_site":"@golandpop","twitter_misc":{"Escrito por":"Gol&amp;Pop","Tiempo de lectura":"1 minuto"},"schema":{"@context":"https:\/\/schema.org","@graph":[{"@type":"Article","@id":"https:\/\/golandpop.com\/index.php\/2020\/05\/29\/bundesliga-tv-dias-y-horarios-de-la-jornada-29\/#article","isPartOf":{"@id":"https:\/\/golandpop.com\/index.php\/2020\/05\/29\/bundesliga-tv-dias-y-horarios-de-la-jornada-29\/"},"author":{"name":"Gol&amp;Pop","@id":"https:\/\/golandpop.com\/#\/schema\/person\/2809725861e0da25eaffe2d9b29c9613"},"headline":"Bundesliga: TV, d\u00edas y horarios de la jornada 29","datePublished":"2020-05-29T16:46:55+00:00","dateModified":"2020-05-29T16:46:58+00:00","mainEntityOfPage":{"@id":"https:\/\/golandpop.com\/index.php\/2020\/05\/29\/bundesliga-tv-dias-y-horarios-de-la-jornada-29\/"},"wordCount":183,"commentCount":0,"publisher":{"@id":"https:\/\/golandpop.com\/#organization"},"image":{"@id":"https:\/\/golandpop.com\/index.php\/2020\/05\/29\/bundesliga-tv-dias-y-horarios-de-la-jornada-29\/#primaryimage"},"thumbnailUrl":"https:\/\/golandpop.com\/wp-content\/uploads\/2020\/05\/bundesliga-tv.jpg","keywords":["Agenda","Bundesliga","TV"],"articleSection":["F\u00fatbol","F\u00fatbol Internacional"],"inLanguage":"es-AR"},{"@type":"WebPage","@id":"https:\/\/golandpop.com\/index.php\/2020\/05\/29\/bundesliga-tv-dias-y-horarios-de-la-jornada-29\/","url":"https:\/\/golandpop.com\/index.php\/2020\/05\/29\/bundesliga-tv-dias-y-horarios-de-la-jornada-29\/","name":"Bundesliga: TV, d\u00edas y horarios de la jornada 29 - Golandpop","isPartOf":{"@id":"https:\/\/golandpop.com\/#website"},"primaryImageOfPage":{"@id":"https:\/\/golandpop.com\/index.php\/2020\/05\/29\/bundesliga-tv-dias-y-horarios-de-la-jornada-29\/#primaryimage"},"image":{"@id":"https:\/\/golandpop.com\/index.php\/2020\/05\/29\/bundesliga-tv-dias-y-horarios-de-la-jornada-29\/#primaryimage"},"thumbnailUrl":"https:\/\/golandpop.com\/wp-content\/uploads\/2020\/05\/bundesliga-tv.jpg","datePublished":"2020-05-29T16:46:55+00:00","dateModified":"2020-05-29T16:46:58+00:00","breadcrumb":{"@id":"https:\/\/golandpop.com\/index.php\/2020\/05\/29\/bundesliga-tv-dias-y-horarios-de-la-jornada-29\/#breadcrumb"},"inLanguage":"es-AR","potentialAction":[{"@type":"ReadAction","target":["https:\/\/golandpop.com\/index.php\/2020\/05\/29\/bundesliga-tv-dias-y-horarios-de-la-jornada-29\/"]}]},{"@type":"ImageObject","inLanguage":"es-AR","@id":"https:\/\/golandpop.com\/index.php\/2020\/05\/29\/bundesliga-tv-dias-y-horarios-de-la-jornada-29\/#primaryimage","url":"https:\/\/golandpop.com\/wp-content\/uploads\/2020\/05\/bundesliga-tv.jpg","contentUrl":"https:\/\/golandpop.com\/wp-content\/uploads\/2020\/05\/bundesliga-tv.jpg","width":1140,"height":643},{"@type":"BreadcrumbList","@id":"https:\/\/golandpop.com\/index.php\/2020\/05\/29\/bundesliga-tv-dias-y-horarios-de-la-jornada-29\/#breadcrumb","itemListElement":[{"@type":"ListItem","position":1,"name":"Inicio","item":"https:\/\/golandpop.com\/"},{"@type":"ListItem","position":2,"name":"Bundesliga: TV, d\u00edas y horarios de la jornada 29"}]},{"@type":"WebSite","@id":"https:\/\/golandpop.com\/#website","url":"https:\/\/golandpop.com\/","name":"Golandpop","description":"","publisher":{"@id":"https:\/\/golandpop.com\/#organization"},"potentialAction":[{"@type":"SearchAction","target":{"@type":"EntryPoint","urlTemplate":"https:\/\/golandpop.com\/?s={search_term_string}"},"query-input":{"@type":"PropertyValueSpecification","valueRequired":true,"valueName":"search_term_string"}}],"inLanguage":"es-AR"},{"@type":"Organization","@id":"https:\/\/golandpop.com\/#organization","name":"GolandPop","url":"https:\/\/golandpop.com\/","logo":{"@type":"ImageObject","inLanguage":"es-AR","@id":"https:\/\/golandpop.com\/#\/schema\/logo\/image\/","url":"https:\/\/golandpop.com\/wp-content\/uploads\/2020\/04\/favicon_gol_pop.png","contentUrl":"https:\/\/golandpop.com\/wp-content\/uploads\/2020\/04\/favicon_gol_pop.png","width":246,"height":246,"caption":"GolandPop"},"image":{"@id":"https:\/\/golandpop.com\/#\/schema\/logo\/image\/"},"sameAs":["https:\/\/x.com\/golandpop","https:\/\/www.instagram.com\/golandpopcordoba\/"]},{"@type":"Person","@id":"https:\/\/golandpop.com\/#\/schema\/person\/2809725861e0da25eaffe2d9b29c9613","name":"Gol&amp;Pop","image":{"@type":"ImageObject","inLanguage":"es-AR","@id":"https:\/\/golandpop.com\/#\/schema\/person\/image\/","url":"https:\/\/secure.gravatar.com\/avatar\/9a87ee051ca8c77f5d4070843ce2c78cdf95b858b950fb039151de955122f5f5?s=96&d=mm&r=g","contentUrl":"https:\/\/secure.gravatar.com\/avatar\/9a87ee051ca8c77f5d4070843ce2c78cdf95b858b950fb039151de955122f5f5?s=96&d=mm&r=g","caption":"Gol&amp;Pop"},"sameAs":["http:\/\/golandpop.com"],"url":"https:\/\/golandpop.com\/index.php\/author\/admin\/"}]}},"_links":{"self":[{"href":"https:\/\/golandpop.com\/index.php\/wp-json\/wp\/v2\/posts\/5028","targetHints":{"allow":["GET"]}}],"collection":[{"href":"https:\/\/golandpop.com\/index.php\/wp-json\/wp\/v2\/posts"}],"about":[{"href":"https:\/\/golandpop.com\/index.php\/wp-json\/wp\/v2\/types\/post"}],"author":[{"embeddable":true,"href":"https:\/\/golandpop.com\/index.php\/wp-json\/wp\/v2\/users\/1"}],"replies":[{"embeddable":true,"href":"https:\/\/golandpop.com\/index.php\/wp-json\/wp\/v2\/comments?post=5028"}],"version-history":[{"count":1,"href":"https:\/\/golandpop.com\/index.php\/wp-json\/wp\/v2\/posts\/5028\/revisions"}],"predecessor-version":[{"id":5030,"href":"https:\/\/golandpop.com\/index.php\/wp-json\/wp\/v2\/posts\/5028\/revisions\/5030"}],"wp:featuredmedia":[{"embeddable":true,"href":"https:\/\/golandpop.com\/index.php\/wp-json\/wp\/v2\/media\/4890"}],"wp:attachment":[{"href":"https:\/\/golandpop.com\/index.php\/wp-json\/wp\/v2\/media?parent=5028"}],"wp:term":[{"taxonomy":"category","embeddable":true,"href":"https:\/\/golandpop.com\/index.php\/wp-json\/wp\/v2\/categories?post=5028"},{"taxonomy":"post_tag","embeddable":true,"href":"https:\/\/golandpop.com\/index.php\/wp-json\/wp\/v2\/tags?post=5028"}],"curies":[{"name":"wp","href":"https:\/\/api.w.org\/{rel}","templated":true}]}}