{"id":5022,"date":"2020-05-25T12:46:14","date_gmt":"2020-05-25T15:46:14","guid":{"rendered":"https:\/\/golandpop.com\/?p=5022"},"modified":"2020-05-25T12:46:16","modified_gmt":"2020-05-25T15:46:16","slug":"bundesliga-tv-dias-y-horarios-de-la-jornada-28-der-klassiker","status":"publish","type":"post","link":"https:\/\/golandpop.com\/index.php\/2020\/05\/25\/bundesliga-tv-dias-y-horarios-de-la-jornada-28-der-klassiker\/","title":{"rendered":"Bundesliga: TV, d\u00edas y horarios de la jornada 28"},"content":{"rendered":"\n<p>La\u00a0<a href=\"https:\/\/golandpop.com\/index.php\/tag\/bundesliga\/\">Bundesliga\u00a0<\/a>no para y sigue poni\u00e9ndose al d\u00eda tras el parate generado por la pandemia. La acci\u00f3n seguir\u00e1 con la fecha 28 entre semana y lo har\u00e1 con en choque de alt\u00edsimo vuelo futbol\u00edstico: <strong><a href=\"https:\/\/www.bundesliga.com\/en\/bundesliga\/news\/borussia-dortmund-bayern-munich-live-line-ups-stats-lewandowski-haaland-11218\">el escolta Borussia Dortmund (57pts) recibir\u00e1 a l\u00edder Bayern Munich (61)<\/a><\/strong>.<\/p>\n\n\n\n<p><em>Der Klassiker<\/em> ser\u00e1 el partido que abra la jornada el d\u00eda martes desde las 13.30 hora argentina. Luego llegar\u00e1 el turno del Bayer Leverkusen de Lucas Alario y Exequiel Palacios ante Wolfsburgo. Mientras que \u00e9l mi\u00e9rcoles tendr\u00e1 como plato principal a RB Leipzig vs. Hertha Berlin.<\/p>\n\n\n\n<figure class=\"wp-block-embed-twitter wp-block-embed is-type-rich is-provider-twitter\"><div class=\"wp-block-embed__wrapper\">\n<blockquote class=\"twitter-tweet\" data-width=\"550\" data-dnt=\"true\"><p lang=\"de\" dir=\"ltr\">Alle Ergebnisse des 27. <a href=\"https:\/\/twitter.com\/hashtag\/Bundesliga?src=hash&amp;ref_src=twsrc%5Etfw\">#Bundesliga<\/a>-Spieltags \u2b07\ufe0f <a href=\"https:\/\/t.co\/0Ydb8EvuRw\">pic.twitter.com\/0Ydb8EvuRw<\/a><\/p>&mdash; BUNDESLIGA (@Bundesliga_DE) <a href=\"https:\/\/twitter.com\/Bundesliga_DE\/status\/1264619745304772610?ref_src=twsrc%5Etfw\">May 24, 2020<\/a><\/blockquote><script async src=\"https:\/\/platform.twitter.com\/widgets.js\" charset=\"utf-8\"><\/script>\n<\/div><figcaption>Resultados jornada 27 de la Bundesliga.<\/figcaption><\/figure>\n\n\n\n<h5 class=\"wp-block-heading\">AGENDA<\/h5>\n\n\n\n<p><strong>Martes 26<\/strong><\/p>\n\n\n\n<p><strong>13.30 &#8211; Borussia Dortmund vs. Bayern Munich por ESPN 2.<\/strong><\/p>\n\n\n\n<p><strong>15.30 &#8211; Bayer Leverkusen vs. Wolfsburgo por ESPN 2.<\/strong><\/p>\n\n\n\n<p>15.30 &#8211; Eintracht Frankfut vs. Freiburgo<\/p>\n\n\n\n<p>15.30 &#8211; Werder Bremen vs. Borussia Monchengladbach por FOX Sports.<\/p>\n\n\n\n<p><strong>Mi\u00e9rcoles 27<\/strong><\/p>\n\n\n\n<p><strong>13.30 &#8211; RB Leipzig vs. Hertha Berlin por ESPN 2.<\/strong><\/p>\n\n\n\n<p>15.30 &#8211; Augsburgo vs. Paderborn 07.<\/p>\n\n\n\n<p>15.30 &#8211; Hoffenheim vs. FC K\u00f6ln por ESPN 2.<\/p>\n\n\n\n<p>15.30 &#8211; Fortuna Dusseldorf vs. Schalke 04 por FOX Sports.<\/p>\n\n\n\n<p>*Hora Argentina.<\/p>\n\n\n\n<h6 class=\"wp-block-heading\">TABLA DE POSICIONES<\/h6>\n\n\n\n  <iframe id=\"sofa-standings-embed-42-23538\" width=\"100%\" height=\"500\"    src=\"https:\/\/www.sofascore.com\/es\/torneo\/42\/23538\/clasificacion\/tablas\/introducir\" frameborder=\"0\" scrolling=\"no\"><\/iframe>  <div style=\"font-size:12px;font-family:Arial,sans-serif\">Clasificaci\u00f3n ofrecida por <a target=\"_blank\" href=\"https:\/\/www.sofascore.com\/\" rel=\"noopener noreferrer\">SofaScore LiveScore<\/a><\/div>  <script type=\"text\/javascript\" src=\"https:\/\/www.sofascore.com\/bundles\/sofascoreweb\/js\/bin\/util\/embed.min.js\"><\/script>  <script type=\"text\/javascript\">sofa_embed('sofa-standings-embed-42-23538', window);<\/script>\n\n\n\n<p>Foto: Prensa Bundesliga.<\/p>\n","protected":false},"excerpt":{"rendered":"<p>La\u00a0Bundesliga\u00a0no para y sigue poni\u00e9ndose al d\u00eda tras el parate generado por la pandemia. La acci\u00f3n seguir\u00e1 con la fecha 28 entre semana y lo har\u00e1 con en choque de alt\u00edsimo vuelo futbol\u00edstico: el escolta Borussia Dortmund (57pts) recibir\u00e1 a l\u00edder Bayern Munich (61). Der Klassiker ser\u00e1 el partido que abra la jornada el d\u00eda [&hellip;]<\/p>\n","protected":false},"author":1,"featured_media":5024,"comment_status":"open","ping_status":"open","sticky":false,"template":"","format":"standard","meta":{"footnotes":""},"categories":[39,41],"tags":[393,346,366],"class_list":["post-5022","post","type-post","status-publish","format-standard","has-post-thumbnail","hentry","category-futbol","category-futbol-internacional","tag-agenda","tag-bundesliga","tag-tv"],"yoast_head":"<!-- This site is optimized with the Yoast SEO plugin v26.1.1 - https:\/\/yoast.com\/wordpress\/plugins\/seo\/ -->\n<title>Bundesliga: TV, d\u00edas y horarios de la jornada 28 - Golandpop<\/title>\n<meta name=\"robots\" content=\"index, follow, max-snippet:-1, max-image-preview:large, max-video-preview:-1\" \/>\n<link rel=\"canonical\" href=\"https:\/\/golandpop.com\/index.php\/2020\/05\/25\/bundesliga-tv-dias-y-horarios-de-la-jornada-28-der-klassiker\/\" \/>\n<meta property=\"og:locale\" content=\"es_ES\" \/>\n<meta property=\"og:type\" content=\"article\" \/>\n<meta property=\"og:title\" content=\"Bundesliga: TV, d\u00edas y horarios de la jornada 28 - Golandpop\" \/>\n<meta property=\"og:description\" content=\"La\u00a0Bundesliga\u00a0no para y sigue poni\u00e9ndose al d\u00eda tras el parate generado por la pandemia. La acci\u00f3n seguir\u00e1 con la fecha 28 entre semana y lo har\u00e1 con en choque de alt\u00edsimo vuelo futbol\u00edstico: el escolta Borussia Dortmund (57pts) recibir\u00e1 a l\u00edder Bayern Munich (61). Der Klassiker ser\u00e1 el partido que abra la jornada el d\u00eda [&hellip;]\" \/>\n<meta property=\"og:url\" content=\"https:\/\/golandpop.com\/index.php\/2020\/05\/25\/bundesliga-tv-dias-y-horarios-de-la-jornada-28-der-klassiker\/\" \/>\n<meta property=\"og:site_name\" content=\"Golandpop\" \/>\n<meta property=\"article:published_time\" content=\"2020-05-25T15:46:14+00:00\" \/>\n<meta property=\"article:modified_time\" content=\"2020-05-25T15:46:16+00:00\" \/>\n<meta property=\"og:image\" content=\"https:\/\/golandpop.com\/wp-content\/uploads\/2020\/05\/Der-Klassiker-Bundesliga.jpg\" \/>\n\t<meta property=\"og:image:width\" content=\"1140\" \/>\n\t<meta property=\"og:image:height\" content=\"640\" \/>\n\t<meta property=\"og:image:type\" content=\"image\/jpeg\" \/>\n<meta name=\"author\" content=\"Gol&amp;Pop\" \/>\n<meta name=\"twitter:card\" content=\"summary_large_image\" \/>\n<meta name=\"twitter:creator\" content=\"@golandpop\" \/>\n<meta name=\"twitter:site\" content=\"@golandpop\" \/>\n<meta name=\"twitter:label1\" content=\"Escrito por\" \/>\n\t<meta name=\"twitter:data1\" content=\"Gol&amp;Pop\" \/>\n\t<meta name=\"twitter:label2\" content=\"Tiempo de lectura\" \/>\n\t<meta name=\"twitter:data2\" content=\"1 minuto\" \/>\n<script type=\"application\/ld+json\" class=\"yoast-schema-graph\">{\"@context\":\"https:\/\/schema.org\",\"@graph\":[{\"@type\":\"Article\",\"@id\":\"https:\/\/golandpop.com\/index.php\/2020\/05\/25\/bundesliga-tv-dias-y-horarios-de-la-jornada-28-der-klassiker\/#article\",\"isPartOf\":{\"@id\":\"https:\/\/golandpop.com\/index.php\/2020\/05\/25\/bundesliga-tv-dias-y-horarios-de-la-jornada-28-der-klassiker\/\"},\"author\":{\"name\":\"Gol&amp;Pop\",\"@id\":\"https:\/\/golandpop.com\/#\/schema\/person\/2809725861e0da25eaffe2d9b29c9613\"},\"headline\":\"Bundesliga: TV, d\u00edas y horarios de la jornada 28\",\"datePublished\":\"2020-05-25T15:46:14+00:00\",\"dateModified\":\"2020-05-25T15:46:16+00:00\",\"mainEntityOfPage\":{\"@id\":\"https:\/\/golandpop.com\/index.php\/2020\/05\/25\/bundesliga-tv-dias-y-horarios-de-la-jornada-28-der-klassiker\/\"},\"wordCount\":192,\"commentCount\":0,\"publisher\":{\"@id\":\"https:\/\/golandpop.com\/#organization\"},\"image\":{\"@id\":\"https:\/\/golandpop.com\/index.php\/2020\/05\/25\/bundesliga-tv-dias-y-horarios-de-la-jornada-28-der-klassiker\/#primaryimage\"},\"thumbnailUrl\":\"https:\/\/golandpop.com\/wp-content\/uploads\/2020\/05\/Der-Klassiker-Bundesliga.jpg\",\"keywords\":[\"Agenda\",\"Bundesliga\",\"TV\"],\"articleSection\":[\"F\u00fatbol\",\"F\u00fatbol Internacional\"],\"inLanguage\":\"es-AR\"},{\"@type\":\"WebPage\",\"@id\":\"https:\/\/golandpop.com\/index.php\/2020\/05\/25\/bundesliga-tv-dias-y-horarios-de-la-jornada-28-der-klassiker\/\",\"url\":\"https:\/\/golandpop.com\/index.php\/2020\/05\/25\/bundesliga-tv-dias-y-horarios-de-la-jornada-28-der-klassiker\/\",\"name\":\"Bundesliga: TV, d\u00edas y horarios de la jornada 28 - Golandpop\",\"isPartOf\":{\"@id\":\"https:\/\/golandpop.com\/#website\"},\"primaryImageOfPage\":{\"@id\":\"https:\/\/golandpop.com\/index.php\/2020\/05\/25\/bundesliga-tv-dias-y-horarios-de-la-jornada-28-der-klassiker\/#primaryimage\"},\"image\":{\"@id\":\"https:\/\/golandpop.com\/index.php\/2020\/05\/25\/bundesliga-tv-dias-y-horarios-de-la-jornada-28-der-klassiker\/#primaryimage\"},\"thumbnailUrl\":\"https:\/\/golandpop.com\/wp-content\/uploads\/2020\/05\/Der-Klassiker-Bundesliga.jpg\",\"datePublished\":\"2020-05-25T15:46:14+00:00\",\"dateModified\":\"2020-05-25T15:46:16+00:00\",\"breadcrumb\":{\"@id\":\"https:\/\/golandpop.com\/index.php\/2020\/05\/25\/bundesliga-tv-dias-y-horarios-de-la-jornada-28-der-klassiker\/#breadcrumb\"},\"inLanguage\":\"es-AR\",\"potentialAction\":[{\"@type\":\"ReadAction\",\"target\":[\"https:\/\/golandpop.com\/index.php\/2020\/05\/25\/bundesliga-tv-dias-y-horarios-de-la-jornada-28-der-klassiker\/\"]}]},{\"@type\":\"ImageObject\",\"inLanguage\":\"es-AR\",\"@id\":\"https:\/\/golandpop.com\/index.php\/2020\/05\/25\/bundesliga-tv-dias-y-horarios-de-la-jornada-28-der-klassiker\/#primaryimage\",\"url\":\"https:\/\/golandpop.com\/wp-content\/uploads\/2020\/05\/Der-Klassiker-Bundesliga.jpg\",\"contentUrl\":\"https:\/\/golandpop.com\/wp-content\/uploads\/2020\/05\/Der-Klassiker-Bundesliga.jpg\",\"width\":1140,\"height\":640},{\"@type\":\"BreadcrumbList\",\"@id\":\"https:\/\/golandpop.com\/index.php\/2020\/05\/25\/bundesliga-tv-dias-y-horarios-de-la-jornada-28-der-klassiker\/#breadcrumb\",\"itemListElement\":[{\"@type\":\"ListItem\",\"position\":1,\"name\":\"Inicio\",\"item\":\"https:\/\/golandpop.com\/\"},{\"@type\":\"ListItem\",\"position\":2,\"name\":\"Bundesliga: TV, d\u00edas y horarios de la jornada 28\"}]},{\"@type\":\"WebSite\",\"@id\":\"https:\/\/golandpop.com\/#website\",\"url\":\"https:\/\/golandpop.com\/\",\"name\":\"Golandpop\",\"description\":\"\",\"publisher\":{\"@id\":\"https:\/\/golandpop.com\/#organization\"},\"potentialAction\":[{\"@type\":\"SearchAction\",\"target\":{\"@type\":\"EntryPoint\",\"urlTemplate\":\"https:\/\/golandpop.com\/?s={search_term_string}\"},\"query-input\":{\"@type\":\"PropertyValueSpecification\",\"valueRequired\":true,\"valueName\":\"search_term_string\"}}],\"inLanguage\":\"es-AR\"},{\"@type\":\"Organization\",\"@id\":\"https:\/\/golandpop.com\/#organization\",\"name\":\"GolandPop\",\"url\":\"https:\/\/golandpop.com\/\",\"logo\":{\"@type\":\"ImageObject\",\"inLanguage\":\"es-AR\",\"@id\":\"https:\/\/golandpop.com\/#\/schema\/logo\/image\/\",\"url\":\"https:\/\/golandpop.com\/wp-content\/uploads\/2020\/04\/favicon_gol_pop.png\",\"contentUrl\":\"https:\/\/golandpop.com\/wp-content\/uploads\/2020\/04\/favicon_gol_pop.png\",\"width\":246,\"height\":246,\"caption\":\"GolandPop\"},\"image\":{\"@id\":\"https:\/\/golandpop.com\/#\/schema\/logo\/image\/\"},\"sameAs\":[\"https:\/\/x.com\/golandpop\",\"https:\/\/www.instagram.com\/golandpopcordoba\/\"]},{\"@type\":\"Person\",\"@id\":\"https:\/\/golandpop.com\/#\/schema\/person\/2809725861e0da25eaffe2d9b29c9613\",\"name\":\"Gol&amp;Pop\",\"image\":{\"@type\":\"ImageObject\",\"inLanguage\":\"es-AR\",\"@id\":\"https:\/\/golandpop.com\/#\/schema\/person\/image\/\",\"url\":\"https:\/\/secure.gravatar.com\/avatar\/9a87ee051ca8c77f5d4070843ce2c78cdf95b858b950fb039151de955122f5f5?s=96&d=mm&r=g\",\"contentUrl\":\"https:\/\/secure.gravatar.com\/avatar\/9a87ee051ca8c77f5d4070843ce2c78cdf95b858b950fb039151de955122f5f5?s=96&d=mm&r=g\",\"caption\":\"Gol&amp;Pop\"},\"sameAs\":[\"http:\/\/golandpop.com\"],\"url\":\"https:\/\/golandpop.com\/index.php\/author\/admin\/\"}]}<\/script>\n<!-- \/ Yoast SEO plugin. -->","yoast_head_json":{"title":"Bundesliga: TV, d\u00edas y horarios de la jornada 28 - Golandpop","robots":{"index":"index","follow":"follow","max-snippet":"max-snippet:-1","max-image-preview":"max-image-preview:large","max-video-preview":"max-video-preview:-1"},"canonical":"https:\/\/golandpop.com\/index.php\/2020\/05\/25\/bundesliga-tv-dias-y-horarios-de-la-jornada-28-der-klassiker\/","og_locale":"es_ES","og_type":"article","og_title":"Bundesliga: TV, d\u00edas y horarios de la jornada 28 - Golandpop","og_description":"La\u00a0Bundesliga\u00a0no para y sigue poni\u00e9ndose al d\u00eda tras el parate generado por la pandemia. La acci\u00f3n seguir\u00e1 con la fecha 28 entre semana y lo har\u00e1 con en choque de alt\u00edsimo vuelo futbol\u00edstico: el escolta Borussia Dortmund (57pts) recibir\u00e1 a l\u00edder Bayern Munich (61). Der Klassiker ser\u00e1 el partido que abra la jornada el d\u00eda [&hellip;]","og_url":"https:\/\/golandpop.com\/index.php\/2020\/05\/25\/bundesliga-tv-dias-y-horarios-de-la-jornada-28-der-klassiker\/","og_site_name":"Golandpop","article_published_time":"2020-05-25T15:46:14+00:00","article_modified_time":"2020-05-25T15:46:16+00:00","og_image":[{"width":1140,"height":640,"url":"https:\/\/golandpop.com\/wp-content\/uploads\/2020\/05\/Der-Klassiker-Bundesliga.jpg","type":"image\/jpeg"}],"author":"Gol&amp;Pop","twitter_card":"summary_large_image","twitter_creator":"@golandpop","twitter_site":"@golandpop","twitter_misc":{"Escrito por":"Gol&amp;Pop","Tiempo de lectura":"1 minuto"},"schema":{"@context":"https:\/\/schema.org","@graph":[{"@type":"Article","@id":"https:\/\/golandpop.com\/index.php\/2020\/05\/25\/bundesliga-tv-dias-y-horarios-de-la-jornada-28-der-klassiker\/#article","isPartOf":{"@id":"https:\/\/golandpop.com\/index.php\/2020\/05\/25\/bundesliga-tv-dias-y-horarios-de-la-jornada-28-der-klassiker\/"},"author":{"name":"Gol&amp;Pop","@id":"https:\/\/golandpop.com\/#\/schema\/person\/2809725861e0da25eaffe2d9b29c9613"},"headline":"Bundesliga: TV, d\u00edas y horarios de la jornada 28","datePublished":"2020-05-25T15:46:14+00:00","dateModified":"2020-05-25T15:46:16+00:00","mainEntityOfPage":{"@id":"https:\/\/golandpop.com\/index.php\/2020\/05\/25\/bundesliga-tv-dias-y-horarios-de-la-jornada-28-der-klassiker\/"},"wordCount":192,"commentCount":0,"publisher":{"@id":"https:\/\/golandpop.com\/#organization"},"image":{"@id":"https:\/\/golandpop.com\/index.php\/2020\/05\/25\/bundesliga-tv-dias-y-horarios-de-la-jornada-28-der-klassiker\/#primaryimage"},"thumbnailUrl":"https:\/\/golandpop.com\/wp-content\/uploads\/2020\/05\/Der-Klassiker-Bundesliga.jpg","keywords":["Agenda","Bundesliga","TV"],"articleSection":["F\u00fatbol","F\u00fatbol Internacional"],"inLanguage":"es-AR"},{"@type":"WebPage","@id":"https:\/\/golandpop.com\/index.php\/2020\/05\/25\/bundesliga-tv-dias-y-horarios-de-la-jornada-28-der-klassiker\/","url":"https:\/\/golandpop.com\/index.php\/2020\/05\/25\/bundesliga-tv-dias-y-horarios-de-la-jornada-28-der-klassiker\/","name":"Bundesliga: TV, d\u00edas y horarios de la jornada 28 - Golandpop","isPartOf":{"@id":"https:\/\/golandpop.com\/#website"},"primaryImageOfPage":{"@id":"https:\/\/golandpop.com\/index.php\/2020\/05\/25\/bundesliga-tv-dias-y-horarios-de-la-jornada-28-der-klassiker\/#primaryimage"},"image":{"@id":"https:\/\/golandpop.com\/index.php\/2020\/05\/25\/bundesliga-tv-dias-y-horarios-de-la-jornada-28-der-klassiker\/#primaryimage"},"thumbnailUrl":"https:\/\/golandpop.com\/wp-content\/uploads\/2020\/05\/Der-Klassiker-Bundesliga.jpg","datePublished":"2020-05-25T15:46:14+00:00","dateModified":"2020-05-25T15:46:16+00:00","breadcrumb":{"@id":"https:\/\/golandpop.com\/index.php\/2020\/05\/25\/bundesliga-tv-dias-y-horarios-de-la-jornada-28-der-klassiker\/#breadcrumb"},"inLanguage":"es-AR","potentialAction":[{"@type":"ReadAction","target":["https:\/\/golandpop.com\/index.php\/2020\/05\/25\/bundesliga-tv-dias-y-horarios-de-la-jornada-28-der-klassiker\/"]}]},{"@type":"ImageObject","inLanguage":"es-AR","@id":"https:\/\/golandpop.com\/index.php\/2020\/05\/25\/bundesliga-tv-dias-y-horarios-de-la-jornada-28-der-klassiker\/#primaryimage","url":"https:\/\/golandpop.com\/wp-content\/uploads\/2020\/05\/Der-Klassiker-Bundesliga.jpg","contentUrl":"https:\/\/golandpop.com\/wp-content\/uploads\/2020\/05\/Der-Klassiker-Bundesliga.jpg","width":1140,"height":640},{"@type":"BreadcrumbList","@id":"https:\/\/golandpop.com\/index.php\/2020\/05\/25\/bundesliga-tv-dias-y-horarios-de-la-jornada-28-der-klassiker\/#breadcrumb","itemListElement":[{"@type":"ListItem","position":1,"name":"Inicio","item":"https:\/\/golandpop.com\/"},{"@type":"ListItem","position":2,"name":"Bundesliga: TV, d\u00edas y horarios de la jornada 28"}]},{"@type":"WebSite","@id":"https:\/\/golandpop.com\/#website","url":"https:\/\/golandpop.com\/","name":"Golandpop","description":"","publisher":{"@id":"https:\/\/golandpop.com\/#organization"},"potentialAction":[{"@type":"SearchAction","target":{"@type":"EntryPoint","urlTemplate":"https:\/\/golandpop.com\/?s={search_term_string}"},"query-input":{"@type":"PropertyValueSpecification","valueRequired":true,"valueName":"search_term_string"}}],"inLanguage":"es-AR"},{"@type":"Organization","@id":"https:\/\/golandpop.com\/#organization","name":"GolandPop","url":"https:\/\/golandpop.com\/","logo":{"@type":"ImageObject","inLanguage":"es-AR","@id":"https:\/\/golandpop.com\/#\/schema\/logo\/image\/","url":"https:\/\/golandpop.com\/wp-content\/uploads\/2020\/04\/favicon_gol_pop.png","contentUrl":"https:\/\/golandpop.com\/wp-content\/uploads\/2020\/04\/favicon_gol_pop.png","width":246,"height":246,"caption":"GolandPop"},"image":{"@id":"https:\/\/golandpop.com\/#\/schema\/logo\/image\/"},"sameAs":["https:\/\/x.com\/golandpop","https:\/\/www.instagram.com\/golandpopcordoba\/"]},{"@type":"Person","@id":"https:\/\/golandpop.com\/#\/schema\/person\/2809725861e0da25eaffe2d9b29c9613","name":"Gol&amp;Pop","image":{"@type":"ImageObject","inLanguage":"es-AR","@id":"https:\/\/golandpop.com\/#\/schema\/person\/image\/","url":"https:\/\/secure.gravatar.com\/avatar\/9a87ee051ca8c77f5d4070843ce2c78cdf95b858b950fb039151de955122f5f5?s=96&d=mm&r=g","contentUrl":"https:\/\/secure.gravatar.com\/avatar\/9a87ee051ca8c77f5d4070843ce2c78cdf95b858b950fb039151de955122f5f5?s=96&d=mm&r=g","caption":"Gol&amp;Pop"},"sameAs":["http:\/\/golandpop.com"],"url":"https:\/\/golandpop.com\/index.php\/author\/admin\/"}]}},"_links":{"self":[{"href":"https:\/\/golandpop.com\/index.php\/wp-json\/wp\/v2\/posts\/5022","targetHints":{"allow":["GET"]}}],"collection":[{"href":"https:\/\/golandpop.com\/index.php\/wp-json\/wp\/v2\/posts"}],"about":[{"href":"https:\/\/golandpop.com\/index.php\/wp-json\/wp\/v2\/types\/post"}],"author":[{"embeddable":true,"href":"https:\/\/golandpop.com\/index.php\/wp-json\/wp\/v2\/users\/1"}],"replies":[{"embeddable":true,"href":"https:\/\/golandpop.com\/index.php\/wp-json\/wp\/v2\/comments?post=5022"}],"version-history":[{"count":2,"href":"https:\/\/golandpop.com\/index.php\/wp-json\/wp\/v2\/posts\/5022\/revisions"}],"predecessor-version":[{"id":5026,"href":"https:\/\/golandpop.com\/index.php\/wp-json\/wp\/v2\/posts\/5022\/revisions\/5026"}],"wp:featuredmedia":[{"embeddable":true,"href":"https:\/\/golandpop.com\/index.php\/wp-json\/wp\/v2\/media\/5024"}],"wp:attachment":[{"href":"https:\/\/golandpop.com\/index.php\/wp-json\/wp\/v2\/media?parent=5022"}],"wp:term":[{"taxonomy":"category","embeddable":true,"href":"https:\/\/golandpop.com\/index.php\/wp-json\/wp\/v2\/categories?post=5022"},{"taxonomy":"post_tag","embeddable":true,"href":"https:\/\/golandpop.com\/index.php\/wp-json\/wp\/v2\/tags?post=5022"}],"curies":[{"name":"wp","href":"https:\/\/api.w.org\/{rel}","templated":true}]}}