{"id":4547,"date":"2020-04-19T08:20:26","date_gmt":"2020-04-19T11:20:26","guid":{"rendered":"http:\/\/golandpop.com\/?p=4547"},"modified":"2020-04-19T12:50:19","modified_gmt":"2020-04-19T15:50:19","slug":"martin-duplessis-nunca-imagine-correr-un-dakar","status":"publish","type":"post","link":"https:\/\/golandpop.com\/index.php\/2020\/04\/19\/martin-duplessis-nunca-imagine-correr-un-dakar\/","title":{"rendered":"Mart\u00edn Duplessis: \u201cNunca imagin\u00e9 correr un Dakar\u201d"},"content":{"rendered":"\n<h6 class=\"wp-block-heading\">El navegante mercedino cont\u00f3 sobre su larga experiencia en el motociclismo. Y recalc\u00f3,&nbsp;\u201cuno siempre quiere ir a las competencias para conocer, somos todos amigos\u201d<\/h6>\n\n\n\n<p>Por Sof\u00eda Jaimez Bertazzo <\/p>\n\n\n\n<p>La primera vez que se subi\u00f3 a una moto ten\u00eda 4 a\u00f1os. Su padre, ya de grande, iba a competir. Ese d\u00eda, en la carrera, Mart\u00edn descubri\u00f3 su pasi\u00f3n. Entre risas cont\u00f3: <strong>\u201cyo veo una motito chiquita voy y me subo\u201d<\/strong>,&nbsp; <strong>\u201cno me quer\u00eda bajar\u201d<\/strong>. &nbsp;Despu\u00e9s de eso <strong>\u201cmi pap\u00e1 lleg\u00f3 un d\u00eda con una yamahita chiquita\u201d<\/strong>. &nbsp;&nbsp;<\/p>\n\n\n\n<p>Mart\u00edn dijo: <strong>\u201clo nacional fue mi primer sue\u00f1o\u201d<\/strong>, quer\u00eda ganar en todas las categor\u00edas, y despu\u00e9s agreg\u00f3, <strong>\u201cnunca imagin\u00e9 correr un Dakar\u201d<\/strong>. Para \u00e9l, subirse al podio representando a Argentina, <strong>\u201cson sensaciones \u00fanicas\u201d<\/strong> y <strong>\u201cpor eso creo que uno no puede dejar el deporte\u201d<\/strong>. El paso de motocross a enduro fue un gran cambio y requer\u00eda preparaci\u00f3n. Para el piloto lo m\u00e1s duro fue aprender a llevar la moto en piedra, pues los suelos blandos eran de su preferencia.<\/p>\n\n\n\n<figure class=\"wp-block-image size-large\"><img fetchpriority=\"high\" decoding=\"async\" width=\"1022\" height=\"1024\" src=\"https:\/\/golandpop.com\/wp-content\/uploads\/2020\/04\/WhatsApp-Image-2020-04-14-at-13.40.48-1022x1024.jpeg\" alt=\"\" class=\"wp-image-4553\" srcset=\"https:\/\/golandpop.com\/wp-content\/uploads\/2020\/04\/WhatsApp-Image-2020-04-14-at-13.40.48-1022x1024.jpeg 1022w, https:\/\/golandpop.com\/wp-content\/uploads\/2020\/04\/WhatsApp-Image-2020-04-14-at-13.40.48-300x300.jpeg 300w, https:\/\/golandpop.com\/wp-content\/uploads\/2020\/04\/WhatsApp-Image-2020-04-14-at-13.40.48-150x150.jpeg 150w, https:\/\/golandpop.com\/wp-content\/uploads\/2020\/04\/WhatsApp-Image-2020-04-14-at-13.40.48-768x769.jpeg 768w, https:\/\/golandpop.com\/wp-content\/uploads\/2020\/04\/WhatsApp-Image-2020-04-14-at-13.40.48-700x700.jpeg 700w, https:\/\/golandpop.com\/wp-content\/uploads\/2020\/04\/WhatsApp-Image-2020-04-14-at-13.40.48.jpeg 1278w\" sizes=\"(max-width: 1022px) 100vw, 1022px\" \/><\/figure>\n\n\n\n<p>Todo comenz\u00f3 como un sue\u00f1o y fue creciendo. Su familia, vecinos y amigos siempre estuvieron presentes. En 2015 lo ayudaron para conseguir el presupuesto, Duplessis coment\u00f3 <strong>\u201clas veces que habr\u00e9 llorado y dicho porqu\u00e9 no tengo la posibilidad de dedicarme solamente a entrenar y a competir\u201d<\/strong>.&nbsp; <\/p>\n\n\n\n<blockquote class=\"wp-block-quote is-layout-flow wp-block-quote-is-layout-flow\"><p><strong>\u201cPor ah\u00ed de afuera me ven y piensan que me fue todo f\u00e1cil en la vida, que sali\u00f3 todo bien. Pero por ah\u00ed no, yo soy muy t\u00edmido y me costaba ir a golpear la puerta. Tuve la suerte que ten\u00eda a mi viejo, al lado m\u00edo y que ten\u00eda a mi vieja\u201d<\/strong>, eso <strong>\u201ctambi\u00e9n es bueno porque uno aprende a valorar\u201d.<\/strong><\/p><\/blockquote>\n\n\n\n<p>Cuando gan\u00f3 el Dakar Series, las metas internacionales comenzaron. Mart\u00edn expres\u00f3:<strong> \u201cir a mi primer Dakar con una inscripci\u00f3n ganada era incre\u00edble, para que te des una idea una inscripci\u00f3n vale 16.000 \u20ac, aparte la moto, el equipo\u201d<\/strong>, <strong>\u201ccuando yo levant\u00e9 el cheque dec\u00eda un pase al Dakar y la verdad en mi vida hab\u00eda ganado tanta plata\u201d<\/strong>. As\u00ed en 2016 corri\u00f3 su primer rally y agreg\u00f3 una reflexi\u00f3n,<strong> \u201cel Dakar nos hace a todos iguales\u201d<\/strong> mientras contaba an\u00e9cdotas compartidas con deportistas que admiraba.<\/p>\n\n\n\n<figure class=\"wp-block-image size-large\"><img decoding=\"async\" width=\"1024\" height=\"682\" src=\"https:\/\/golandpop.com\/wp-content\/uploads\/2020\/04\/WhatsApp-Image-2020-04-14-at-13.41.41-1024x682.jpeg\" alt=\"\" class=\"wp-image-4551\" srcset=\"https:\/\/golandpop.com\/wp-content\/uploads\/2020\/04\/WhatsApp-Image-2020-04-14-at-13.41.41-1024x682.jpeg 1024w, https:\/\/golandpop.com\/wp-content\/uploads\/2020\/04\/WhatsApp-Image-2020-04-14-at-13.41.41-300x200.jpeg 300w, https:\/\/golandpop.com\/wp-content\/uploads\/2020\/04\/WhatsApp-Image-2020-04-14-at-13.41.41-768x512.jpeg 768w, https:\/\/golandpop.com\/wp-content\/uploads\/2020\/04\/WhatsApp-Image-2020-04-14-at-13.41.41.jpeg 1280w\" sizes=\"(max-width: 1024px) 100vw, 1024px\" \/><\/figure>\n\n\n\n<p>Mart\u00edn dijo: <strong>\u201cel 2017 fue mi mejor Dakar\u201d<\/strong>, <strong>\u201cpara poder correr yo ten\u00eda que vender si o si mi moto\u201d<\/strong>. Era todo o nada, cuando el rally terminaba \u00e9l volv\u00eda sin nada a casa, pues hab\u00eda alquilado una moto para correr. Rememorando expres\u00f3: <strong>\u201cyo ven\u00eda angustiado, entregado, de estar 8 pase a 22\u201d<\/strong>, pero al pasar por la provincia de San Luis sus \u00e1nimos cambiaron. La gente le brindo mucho apoyo, <strong>\u201cver todo eso me levanto\u201d<\/strong>, \u201c<strong>todos me dec\u00edan no sabes c\u00f3mo te est\u00e1 siguiendo la gente\u201d<\/strong>. Al final del recorrido qued\u00f3 decimoquinto en la general.<\/p>\n\n\n\n<p>En el a\u00f1o siguiente Mart\u00edn Duplessis empez\u00f3 a competir en un equipo oficial, con una moto Honda CRF 450. Esto signific\u00f3 un gran cambio para el corredor, ya que ten\u00eda otro tipo de sost\u00e9n. Luego en 2019 se vio obligado a abandonar en la quinta etapa del recorrido del rally. Su mano estaba muy debilitada y no pudo seguir la carrera. Mart\u00edn cont\u00f3: <strong>\u201cyo llego al Dakar fracturado\u201d, \u201cno dec\u00eda nada para no preocuparlos pero ven\u00eda con mucho dolor\u201d<\/strong><\/p>\n\n\n\n<p>Esta lesi\u00f3n no le permiti\u00f3 prepararse para Arabia Saudita. <strong>\u201cEl Dakar 2020 no lo hago porque no sab\u00eda si iba a estar bien de mi mano\u201d<\/strong> expres\u00f3 Duplessis. Sin embargo, llegaron buenas noticias, la Triple Corona de Arena. El mercedino dijo: <strong>\u201cme hice fuerte en el Nihuil\u201d<\/strong> y <strong>\u201cah\u00ed me di cuenta que mi mano iba a aguantar\u201d<\/strong>. Y as\u00ed fue, no solo gan\u00f3 ese desaf\u00edo sino que tambi\u00e9n fue campe\u00f3n del South American Rally Race. Un recorrido que se dise\u00f1\u00f3 para reemplazar al Dakar en Sudam\u00e9rica.<\/p>\n\n\n\n<figure class=\"wp-block-image size-large\"><img decoding=\"async\" width=\"1024\" height=\"617\" src=\"https:\/\/golandpop.com\/wp-content\/uploads\/2020\/04\/WhatsApp-Image-2020-04-14-at-13.40.49-1024x617.jpeg\" alt=\"\" class=\"wp-image-4552\" srcset=\"https:\/\/golandpop.com\/wp-content\/uploads\/2020\/04\/WhatsApp-Image-2020-04-14-at-13.40.49-1024x617.jpeg 1024w, https:\/\/golandpop.com\/wp-content\/uploads\/2020\/04\/WhatsApp-Image-2020-04-14-at-13.40.49-300x181.jpeg 300w, https:\/\/golandpop.com\/wp-content\/uploads\/2020\/04\/WhatsApp-Image-2020-04-14-at-13.40.49-768x463.jpeg 768w, https:\/\/golandpop.com\/wp-content\/uploads\/2020\/04\/WhatsApp-Image-2020-04-14-at-13.40.49.jpeg 1280w\" sizes=\"(max-width: 1024px) 100vw, 1024px\" \/><\/figure>\n\n\n\n<p>Para comenzar como navegante Martin recomend\u00f3:<strong> \u201cempezar de menor a mayor\u201d<\/strong> y <strong>\u201cno apurarse\u201d<\/strong>, pues,&nbsp;<strong>\u201clo mejor es no golpearse de entrada\u201d<\/strong>. Adem\u00e1s agrego que lo principal es <strong>\u201ctener mucha orientaci\u00f3n y mucho entrenamiento\u201d<\/strong>. Tambi\u00e9n coment\u00f3: <strong>\u201cun buen navegante o buena navegante para mi es lo mismo, yo los considero igual porque los dos lo pueden ser\u201d<\/strong>, haciendo referencia a las mujeres en el mundo de la moto.<\/p>\n\n\n\n<p>No te pierdas la charla con Martin Duplessis. De menor a mayor, de los sue\u00f1os a las lesiones, una historia de dos ruedas. <\/p>\n\n\n\n<figure class=\"wp-block-audio\"><audio controls src=\"https:\/\/golandpop.com\/wp-content\/uploads\/2020\/04\/DUPLESSISFINAL.mp3\"><\/audio><figcaption>Vivo de Instagram Live por @golandpopcordoba<\/figcaption><\/figure>\n\n\n\n<p><\/p>\n","protected":false},"excerpt":{"rendered":"<p>El navegante mercedino cont\u00f3 sobre su larga experiencia en el motociclismo. Y recalc\u00f3,&nbsp;\u201cuno siempre quiere ir a las competencias para conocer, somos todos amigos\u201d Por Sof\u00eda Jaimez Bertazzo La primera vez que se subi\u00f3 a una moto ten\u00eda 4 a\u00f1os. Su padre, ya de grande, iba a competir. Ese d\u00eda, en la carrera, Mart\u00edn descubri\u00f3 [&hellip;]<\/p>\n","protected":false},"author":1,"featured_media":4550,"comment_status":"open","ping_status":"open","sticky":false,"template":"","format":"standard","meta":{"footnotes":""},"categories":[296],"tags":[327,323,326,324,325],"class_list":["post-4547","post","type-post","status-publish","format-standard","has-post-thumbnail","hentry","category-rally","tag-enduro","tag-motociclismo","tag-motocross","tag-rally-dakar","tag-south-american-rally-race"],"yoast_head":"<!-- This site is optimized with the Yoast SEO plugin v26.1.1 - https:\/\/yoast.com\/wordpress\/plugins\/seo\/ -->\n<title>Mart\u00edn Duplessis: \u201cNunca imagin\u00e9 correr un Dakar\u201d - Golandpop<\/title>\n<meta name=\"robots\" content=\"index, follow, max-snippet:-1, max-image-preview:large, max-video-preview:-1\" \/>\n<link rel=\"canonical\" href=\"https:\/\/golandpop.com\/index.php\/2020\/04\/19\/martin-duplessis-nunca-imagine-correr-un-dakar\/\" \/>\n<meta property=\"og:locale\" content=\"es_ES\" \/>\n<meta property=\"og:type\" content=\"article\" \/>\n<meta property=\"og:title\" content=\"Mart\u00edn Duplessis: \u201cNunca imagin\u00e9 correr un Dakar\u201d - Golandpop\" \/>\n<meta property=\"og:description\" content=\"El navegante mercedino cont\u00f3 sobre su larga experiencia en el motociclismo. Y recalc\u00f3,&nbsp;\u201cuno siempre quiere ir a las competencias para conocer, somos todos amigos\u201d Por Sof\u00eda Jaimez Bertazzo La primera vez que se subi\u00f3 a una moto ten\u00eda 4 a\u00f1os. Su padre, ya de grande, iba a competir. Ese d\u00eda, en la carrera, Mart\u00edn descubri\u00f3 [&hellip;]\" \/>\n<meta property=\"og:url\" content=\"https:\/\/golandpop.com\/index.php\/2020\/04\/19\/martin-duplessis-nunca-imagine-correr-un-dakar\/\" \/>\n<meta property=\"og:site_name\" content=\"Golandpop\" \/>\n<meta property=\"article:published_time\" content=\"2020-04-19T11:20:26+00:00\" \/>\n<meta property=\"article:modified_time\" content=\"2020-04-19T15:50:19+00:00\" \/>\n<meta property=\"og:image\" content=\"https:\/\/golandpop.com\/wp-content\/uploads\/2020\/04\/WhatsApp-Image-2020-04-14-at-13.41.41-1.jpeg\" \/>\n\t<meta property=\"og:image:width\" content=\"1280\" \/>\n\t<meta property=\"og:image:height\" content=\"1021\" \/>\n\t<meta property=\"og:image:type\" content=\"image\/jpeg\" \/>\n<meta name=\"author\" content=\"Gol&amp;Pop\" \/>\n<meta name=\"twitter:card\" content=\"summary_large_image\" \/>\n<meta name=\"twitter:creator\" content=\"@golandpop\" \/>\n<meta name=\"twitter:site\" content=\"@golandpop\" \/>\n<meta name=\"twitter:label1\" content=\"Escrito por\" \/>\n\t<meta name=\"twitter:data1\" content=\"Gol&amp;Pop\" \/>\n\t<meta name=\"twitter:label2\" content=\"Tiempo de lectura\" \/>\n\t<meta name=\"twitter:data2\" content=\"4 minutos\" \/>\n<script type=\"application\/ld+json\" class=\"yoast-schema-graph\">{\"@context\":\"https:\/\/schema.org\",\"@graph\":[{\"@type\":\"Article\",\"@id\":\"https:\/\/golandpop.com\/index.php\/2020\/04\/19\/martin-duplessis-nunca-imagine-correr-un-dakar\/#article\",\"isPartOf\":{\"@id\":\"https:\/\/golandpop.com\/index.php\/2020\/04\/19\/martin-duplessis-nunca-imagine-correr-un-dakar\/\"},\"author\":{\"name\":\"Gol&amp;Pop\",\"@id\":\"https:\/\/golandpop.com\/#\/schema\/person\/2809725861e0da25eaffe2d9b29c9613\"},\"headline\":\"Mart\u00edn Duplessis: \u201cNunca imagin\u00e9 correr un Dakar\u201d\",\"datePublished\":\"2020-04-19T11:20:26+00:00\",\"dateModified\":\"2020-04-19T15:50:19+00:00\",\"mainEntityOfPage\":{\"@id\":\"https:\/\/golandpop.com\/index.php\/2020\/04\/19\/martin-duplessis-nunca-imagine-correr-un-dakar\/\"},\"wordCount\":776,\"commentCount\":0,\"publisher\":{\"@id\":\"https:\/\/golandpop.com\/#organization\"},\"image\":{\"@id\":\"https:\/\/golandpop.com\/index.php\/2020\/04\/19\/martin-duplessis-nunca-imagine-correr-un-dakar\/#primaryimage\"},\"thumbnailUrl\":\"https:\/\/golandpop.com\/wp-content\/uploads\/2020\/04\/WhatsApp-Image-2020-04-14-at-13.41.41-1.jpeg\",\"keywords\":[\"enduro\",\"motociclismo\",\"motocross\",\"Rally Dakar\",\"South American Rally Race\"],\"articleSection\":[\"Rally\"],\"inLanguage\":\"es-AR\"},{\"@type\":\"WebPage\",\"@id\":\"https:\/\/golandpop.com\/index.php\/2020\/04\/19\/martin-duplessis-nunca-imagine-correr-un-dakar\/\",\"url\":\"https:\/\/golandpop.com\/index.php\/2020\/04\/19\/martin-duplessis-nunca-imagine-correr-un-dakar\/\",\"name\":\"Mart\u00edn Duplessis: \u201cNunca imagin\u00e9 correr un Dakar\u201d - Golandpop\",\"isPartOf\":{\"@id\":\"https:\/\/golandpop.com\/#website\"},\"primaryImageOfPage\":{\"@id\":\"https:\/\/golandpop.com\/index.php\/2020\/04\/19\/martin-duplessis-nunca-imagine-correr-un-dakar\/#primaryimage\"},\"image\":{\"@id\":\"https:\/\/golandpop.com\/index.php\/2020\/04\/19\/martin-duplessis-nunca-imagine-correr-un-dakar\/#primaryimage\"},\"thumbnailUrl\":\"https:\/\/golandpop.com\/wp-content\/uploads\/2020\/04\/WhatsApp-Image-2020-04-14-at-13.41.41-1.jpeg\",\"datePublished\":\"2020-04-19T11:20:26+00:00\",\"dateModified\":\"2020-04-19T15:50:19+00:00\",\"breadcrumb\":{\"@id\":\"https:\/\/golandpop.com\/index.php\/2020\/04\/19\/martin-duplessis-nunca-imagine-correr-un-dakar\/#breadcrumb\"},\"inLanguage\":\"es-AR\",\"potentialAction\":[{\"@type\":\"ReadAction\",\"target\":[\"https:\/\/golandpop.com\/index.php\/2020\/04\/19\/martin-duplessis-nunca-imagine-correr-un-dakar\/\"]}]},{\"@type\":\"ImageObject\",\"inLanguage\":\"es-AR\",\"@id\":\"https:\/\/golandpop.com\/index.php\/2020\/04\/19\/martin-duplessis-nunca-imagine-correr-un-dakar\/#primaryimage\",\"url\":\"https:\/\/golandpop.com\/wp-content\/uploads\/2020\/04\/WhatsApp-Image-2020-04-14-at-13.41.41-1.jpeg\",\"contentUrl\":\"https:\/\/golandpop.com\/wp-content\/uploads\/2020\/04\/WhatsApp-Image-2020-04-14-at-13.41.41-1.jpeg\",\"width\":1280,\"height\":1021},{\"@type\":\"BreadcrumbList\",\"@id\":\"https:\/\/golandpop.com\/index.php\/2020\/04\/19\/martin-duplessis-nunca-imagine-correr-un-dakar\/#breadcrumb\",\"itemListElement\":[{\"@type\":\"ListItem\",\"position\":1,\"name\":\"Inicio\",\"item\":\"https:\/\/golandpop.com\/\"},{\"@type\":\"ListItem\",\"position\":2,\"name\":\"Mart\u00edn Duplessis: \u201cNunca imagin\u00e9 correr un Dakar\u201d\"}]},{\"@type\":\"WebSite\",\"@id\":\"https:\/\/golandpop.com\/#website\",\"url\":\"https:\/\/golandpop.com\/\",\"name\":\"Golandpop\",\"description\":\"\",\"publisher\":{\"@id\":\"https:\/\/golandpop.com\/#organization\"},\"potentialAction\":[{\"@type\":\"SearchAction\",\"target\":{\"@type\":\"EntryPoint\",\"urlTemplate\":\"https:\/\/golandpop.com\/?s={search_term_string}\"},\"query-input\":{\"@type\":\"PropertyValueSpecification\",\"valueRequired\":true,\"valueName\":\"search_term_string\"}}],\"inLanguage\":\"es-AR\"},{\"@type\":\"Organization\",\"@id\":\"https:\/\/golandpop.com\/#organization\",\"name\":\"GolandPop\",\"url\":\"https:\/\/golandpop.com\/\",\"logo\":{\"@type\":\"ImageObject\",\"inLanguage\":\"es-AR\",\"@id\":\"https:\/\/golandpop.com\/#\/schema\/logo\/image\/\",\"url\":\"https:\/\/golandpop.com\/wp-content\/uploads\/2020\/04\/favicon_gol_pop.png\",\"contentUrl\":\"https:\/\/golandpop.com\/wp-content\/uploads\/2020\/04\/favicon_gol_pop.png\",\"width\":246,\"height\":246,\"caption\":\"GolandPop\"},\"image\":{\"@id\":\"https:\/\/golandpop.com\/#\/schema\/logo\/image\/\"},\"sameAs\":[\"https:\/\/x.com\/golandpop\",\"https:\/\/www.instagram.com\/golandpopcordoba\/\"]},{\"@type\":\"Person\",\"@id\":\"https:\/\/golandpop.com\/#\/schema\/person\/2809725861e0da25eaffe2d9b29c9613\",\"name\":\"Gol&amp;Pop\",\"image\":{\"@type\":\"ImageObject\",\"inLanguage\":\"es-AR\",\"@id\":\"https:\/\/golandpop.com\/#\/schema\/person\/image\/\",\"url\":\"https:\/\/secure.gravatar.com\/avatar\/9a87ee051ca8c77f5d4070843ce2c78cdf95b858b950fb039151de955122f5f5?s=96&d=mm&r=g\",\"contentUrl\":\"https:\/\/secure.gravatar.com\/avatar\/9a87ee051ca8c77f5d4070843ce2c78cdf95b858b950fb039151de955122f5f5?s=96&d=mm&r=g\",\"caption\":\"Gol&amp;Pop\"},\"sameAs\":[\"http:\/\/golandpop.com\"],\"url\":\"https:\/\/golandpop.com\/index.php\/author\/admin\/\"}]}<\/script>\n<!-- \/ Yoast SEO plugin. -->","yoast_head_json":{"title":"Mart\u00edn Duplessis: \u201cNunca imagin\u00e9 correr un Dakar\u201d - Golandpop","robots":{"index":"index","follow":"follow","max-snippet":"max-snippet:-1","max-image-preview":"max-image-preview:large","max-video-preview":"max-video-preview:-1"},"canonical":"https:\/\/golandpop.com\/index.php\/2020\/04\/19\/martin-duplessis-nunca-imagine-correr-un-dakar\/","og_locale":"es_ES","og_type":"article","og_title":"Mart\u00edn Duplessis: \u201cNunca imagin\u00e9 correr un Dakar\u201d - Golandpop","og_description":"El navegante mercedino cont\u00f3 sobre su larga experiencia en el motociclismo. Y recalc\u00f3,&nbsp;\u201cuno siempre quiere ir a las competencias para conocer, somos todos amigos\u201d Por Sof\u00eda Jaimez Bertazzo La primera vez que se subi\u00f3 a una moto ten\u00eda 4 a\u00f1os. Su padre, ya de grande, iba a competir. Ese d\u00eda, en la carrera, Mart\u00edn descubri\u00f3 [&hellip;]","og_url":"https:\/\/golandpop.com\/index.php\/2020\/04\/19\/martin-duplessis-nunca-imagine-correr-un-dakar\/","og_site_name":"Golandpop","article_published_time":"2020-04-19T11:20:26+00:00","article_modified_time":"2020-04-19T15:50:19+00:00","og_image":[{"width":1280,"height":1021,"url":"https:\/\/golandpop.com\/wp-content\/uploads\/2020\/04\/WhatsApp-Image-2020-04-14-at-13.41.41-1.jpeg","type":"image\/jpeg"}],"author":"Gol&amp;Pop","twitter_card":"summary_large_image","twitter_creator":"@golandpop","twitter_site":"@golandpop","twitter_misc":{"Escrito por":"Gol&amp;Pop","Tiempo de lectura":"4 minutos"},"schema":{"@context":"https:\/\/schema.org","@graph":[{"@type":"Article","@id":"https:\/\/golandpop.com\/index.php\/2020\/04\/19\/martin-duplessis-nunca-imagine-correr-un-dakar\/#article","isPartOf":{"@id":"https:\/\/golandpop.com\/index.php\/2020\/04\/19\/martin-duplessis-nunca-imagine-correr-un-dakar\/"},"author":{"name":"Gol&amp;Pop","@id":"https:\/\/golandpop.com\/#\/schema\/person\/2809725861e0da25eaffe2d9b29c9613"},"headline":"Mart\u00edn Duplessis: \u201cNunca imagin\u00e9 correr un Dakar\u201d","datePublished":"2020-04-19T11:20:26+00:00","dateModified":"2020-04-19T15:50:19+00:00","mainEntityOfPage":{"@id":"https:\/\/golandpop.com\/index.php\/2020\/04\/19\/martin-duplessis-nunca-imagine-correr-un-dakar\/"},"wordCount":776,"commentCount":0,"publisher":{"@id":"https:\/\/golandpop.com\/#organization"},"image":{"@id":"https:\/\/golandpop.com\/index.php\/2020\/04\/19\/martin-duplessis-nunca-imagine-correr-un-dakar\/#primaryimage"},"thumbnailUrl":"https:\/\/golandpop.com\/wp-content\/uploads\/2020\/04\/WhatsApp-Image-2020-04-14-at-13.41.41-1.jpeg","keywords":["enduro","motociclismo","motocross","Rally Dakar","South American Rally Race"],"articleSection":["Rally"],"inLanguage":"es-AR"},{"@type":"WebPage","@id":"https:\/\/golandpop.com\/index.php\/2020\/04\/19\/martin-duplessis-nunca-imagine-correr-un-dakar\/","url":"https:\/\/golandpop.com\/index.php\/2020\/04\/19\/martin-duplessis-nunca-imagine-correr-un-dakar\/","name":"Mart\u00edn Duplessis: \u201cNunca imagin\u00e9 correr un Dakar\u201d - Golandpop","isPartOf":{"@id":"https:\/\/golandpop.com\/#website"},"primaryImageOfPage":{"@id":"https:\/\/golandpop.com\/index.php\/2020\/04\/19\/martin-duplessis-nunca-imagine-correr-un-dakar\/#primaryimage"},"image":{"@id":"https:\/\/golandpop.com\/index.php\/2020\/04\/19\/martin-duplessis-nunca-imagine-correr-un-dakar\/#primaryimage"},"thumbnailUrl":"https:\/\/golandpop.com\/wp-content\/uploads\/2020\/04\/WhatsApp-Image-2020-04-14-at-13.41.41-1.jpeg","datePublished":"2020-04-19T11:20:26+00:00","dateModified":"2020-04-19T15:50:19+00:00","breadcrumb":{"@id":"https:\/\/golandpop.com\/index.php\/2020\/04\/19\/martin-duplessis-nunca-imagine-correr-un-dakar\/#breadcrumb"},"inLanguage":"es-AR","potentialAction":[{"@type":"ReadAction","target":["https:\/\/golandpop.com\/index.php\/2020\/04\/19\/martin-duplessis-nunca-imagine-correr-un-dakar\/"]}]},{"@type":"ImageObject","inLanguage":"es-AR","@id":"https:\/\/golandpop.com\/index.php\/2020\/04\/19\/martin-duplessis-nunca-imagine-correr-un-dakar\/#primaryimage","url":"https:\/\/golandpop.com\/wp-content\/uploads\/2020\/04\/WhatsApp-Image-2020-04-14-at-13.41.41-1.jpeg","contentUrl":"https:\/\/golandpop.com\/wp-content\/uploads\/2020\/04\/WhatsApp-Image-2020-04-14-at-13.41.41-1.jpeg","width":1280,"height":1021},{"@type":"BreadcrumbList","@id":"https:\/\/golandpop.com\/index.php\/2020\/04\/19\/martin-duplessis-nunca-imagine-correr-un-dakar\/#breadcrumb","itemListElement":[{"@type":"ListItem","position":1,"name":"Inicio","item":"https:\/\/golandpop.com\/"},{"@type":"ListItem","position":2,"name":"Mart\u00edn Duplessis: \u201cNunca imagin\u00e9 correr un Dakar\u201d"}]},{"@type":"WebSite","@id":"https:\/\/golandpop.com\/#website","url":"https:\/\/golandpop.com\/","name":"Golandpop","description":"","publisher":{"@id":"https:\/\/golandpop.com\/#organization"},"potentialAction":[{"@type":"SearchAction","target":{"@type":"EntryPoint","urlTemplate":"https:\/\/golandpop.com\/?s={search_term_string}"},"query-input":{"@type":"PropertyValueSpecification","valueRequired":true,"valueName":"search_term_string"}}],"inLanguage":"es-AR"},{"@type":"Organization","@id":"https:\/\/golandpop.com\/#organization","name":"GolandPop","url":"https:\/\/golandpop.com\/","logo":{"@type":"ImageObject","inLanguage":"es-AR","@id":"https:\/\/golandpop.com\/#\/schema\/logo\/image\/","url":"https:\/\/golandpop.com\/wp-content\/uploads\/2020\/04\/favicon_gol_pop.png","contentUrl":"https:\/\/golandpop.com\/wp-content\/uploads\/2020\/04\/favicon_gol_pop.png","width":246,"height":246,"caption":"GolandPop"},"image":{"@id":"https:\/\/golandpop.com\/#\/schema\/logo\/image\/"},"sameAs":["https:\/\/x.com\/golandpop","https:\/\/www.instagram.com\/golandpopcordoba\/"]},{"@type":"Person","@id":"https:\/\/golandpop.com\/#\/schema\/person\/2809725861e0da25eaffe2d9b29c9613","name":"Gol&amp;Pop","image":{"@type":"ImageObject","inLanguage":"es-AR","@id":"https:\/\/golandpop.com\/#\/schema\/person\/image\/","url":"https:\/\/secure.gravatar.com\/avatar\/9a87ee051ca8c77f5d4070843ce2c78cdf95b858b950fb039151de955122f5f5?s=96&d=mm&r=g","contentUrl":"https:\/\/secure.gravatar.com\/avatar\/9a87ee051ca8c77f5d4070843ce2c78cdf95b858b950fb039151de955122f5f5?s=96&d=mm&r=g","caption":"Gol&amp;Pop"},"sameAs":["http:\/\/golandpop.com"],"url":"https:\/\/golandpop.com\/index.php\/author\/admin\/"}]}},"_links":{"self":[{"href":"https:\/\/golandpop.com\/index.php\/wp-json\/wp\/v2\/posts\/4547","targetHints":{"allow":["GET"]}}],"collection":[{"href":"https:\/\/golandpop.com\/index.php\/wp-json\/wp\/v2\/posts"}],"about":[{"href":"https:\/\/golandpop.com\/index.php\/wp-json\/wp\/v2\/types\/post"}],"author":[{"embeddable":true,"href":"https:\/\/golandpop.com\/index.php\/wp-json\/wp\/v2\/users\/1"}],"replies":[{"embeddable":true,"href":"https:\/\/golandpop.com\/index.php\/wp-json\/wp\/v2\/comments?post=4547"}],"version-history":[{"count":13,"href":"https:\/\/golandpop.com\/index.php\/wp-json\/wp\/v2\/posts\/4547\/revisions"}],"predecessor-version":[{"id":4567,"href":"https:\/\/golandpop.com\/index.php\/wp-json\/wp\/v2\/posts\/4547\/revisions\/4567"}],"wp:featuredmedia":[{"embeddable":true,"href":"https:\/\/golandpop.com\/index.php\/wp-json\/wp\/v2\/media\/4550"}],"wp:attachment":[{"href":"https:\/\/golandpop.com\/index.php\/wp-json\/wp\/v2\/media?parent=4547"}],"wp:term":[{"taxonomy":"category","embeddable":true,"href":"https:\/\/golandpop.com\/index.php\/wp-json\/wp\/v2\/categories?post=4547"},{"taxonomy":"post_tag","embeddable":true,"href":"https:\/\/golandpop.com\/index.php\/wp-json\/wp\/v2\/tags?post=4547"}],"curies":[{"name":"wp","href":"https:\/\/api.w.org\/{rel}","templated":true}]}}