{"id":4313,"date":"2020-04-12T18:51:10","date_gmt":"2020-04-12T21:51:10","guid":{"rendered":"http:\/\/golandpop.com\/?p=4313"},"modified":"2020-04-12T18:53:35","modified_gmt":"2020-04-12T21:53:35","slug":"belgrano-lucas-pittinari-un-pirata-desde-eslovenia","status":"publish","type":"post","link":"https:\/\/golandpop.com\/index.php\/2020\/04\/12\/belgrano-lucas-pittinari-un-pirata-desde-eslovenia\/","title":{"rendered":"Lucas Pittinari, un Pirata desde Eslovenia"},"content":{"rendered":"\n<p>En tiempos de Coronavirus y desde la lejana Eslovenia, pa\u00eds fronterizo con la complicada Italia, <strong>Lucas Pittinari<\/strong> pas\u00f3 por el <a href=\"https:\/\/www.instagram.com\/golandpopcordoba\/\">Instagram de Gol &amp; Pop<\/a> y tuvo un gran mano a mano con un viejo conocido Arturo Lucchetta.<\/p>\n\n\n\n<p>El mediocampista nacido en Laborde y surgido en la inferiores de <a href=\"https:\/\/golandpop.com\/index.php\/category\/futbol\/belgrano\/\">Belgrano<\/a> actualmente se encuentra en Europa vistiendo la camiseta del <strong>NK Tabor Sezana,<\/strong>\u00a0club de la Primera Divisi\u00f3n eslovena, equipo cuenta con un italo-argentino como entrenador:\u00a0<strong>Mauro Camoranesi<\/strong>.<\/p>\n\n\n\n<p>&#8220;Se han cerrado las fronteras con los pa\u00edses. No est\u00e1 declarada la cuarentena obligatoria, pero casi todo cerrado&#8221;, inform\u00f3 Lucas sobre la situaci\u00f3n en Eslovenia con respecto al COVID-19.<\/p>\n\n\n\n<p>El volante hizo un repaso por lo que fue su carrera con el equipo de Alberdi, donde jug\u00f3 un total de 73 partidos entre 2009 y 2014 y marc\u00f3 dos goles. <\/p>\n\n\n\n<p>Su \u00e9poca en Belgrano, tanto en inferiores como en Primera, le dej\u00f3 muchas amistades. Una de las m\u00e1s cercanas es con <strong>&#8216;Mudo&#8217; V\u00e1zquez<\/strong>, quien se sum\u00f3 al vivo desde Sevilla e hizo que su amigo contar\u00e1 una gran an\u00e9cdota que compartieron en uno de sus tantos viajes a las pr\u00e1cticas en el Predio.<\/p>\n\n\n\n<figure class=\"wp-block-embed-twitter wp-block-embed is-type-rich is-provider-twitter\"><div class=\"wp-block-embed__wrapper\">\n<blockquote class=\"twitter-tweet\" data-width=\"550\" data-dnt=\"true\"><p lang=\"es\" dir=\"ltr\"><a href=\"https:\/\/twitter.com\/hashtag\/GolandPop?src=hash&amp;ref_src=twsrc%5Etfw\">#GolandPop<\/a> | \ud83d\ude02\ud83e\uddc9 La divertida an\u00e9cdota de <a href=\"https:\/\/twitter.com\/lucas_pittinari?ref_src=twsrc%5Etfw\">@lucas_pittinari<\/a> junto a \u2018Mudo\u2019 V\u00e1zquez en su \u00e9poca en <a href=\"https:\/\/twitter.com\/hashtag\/Belgrano?src=hash&amp;ref_src=twsrc%5Etfw\">#Belgrano<\/a><br><br>\ud83d\udcf2 El jugador surgido en el Pirata la record\u00f3 en la entrevista que le realiz\u00f3 <a href=\"https:\/\/twitter.com\/arturolucchetta?ref_src=twsrc%5Etfw\">@arturolucchetta<\/a> en nuestro Instagram. <a href=\"https:\/\/t.co\/olxBtQCZpM\">pic.twitter.com\/olxBtQCZpM<\/a><\/p>&mdash; Gol &amp; Pop (@golandpop) <a href=\"https:\/\/twitter.com\/golandpop\/status\/1246883755035373568?ref_src=twsrc%5Etfw\">April 5, 2020<\/a><\/blockquote><script async src=\"https:\/\/platform.twitter.com\/widgets.js\" charset=\"utf-8\"><\/script>\n<\/div><\/figure>\n\n\n\n<p><strong>&#8220;No lo se, ojal\u00e1 que si. Ser\u00eda un placer muy grande. Al club lo siento como mi familia&#8221;, reconoci\u00f3 Pittinari cuando se le consult\u00f3 por la hipot\u00e9tica chance de volver a ponerse la celeste<\/strong>.<\/p>\n\n\n\n<p>El volante tambi\u00e9n habl\u00f3 sobre su paso por el f\u00fatbol de los Estados Unidos en la MLS, donde represent\u00f3 al Colorado Rapids, y remarc\u00f3 que fue &#8220;una experiencia muy enriquecedora&#8221; que lo &#8220;hizo crecer much\u00edsimo&#8221;.<\/p>\n\n\n\n<p>Ya con las lesiones en el pasado, Pittinari encara <strong>su primera experiencias en Europa<\/strong> con muchas expectativas. Adem\u00e1s cont\u00f3 que sus &#8220;compa\u00f1eros me preguntan mucho por el f\u00fatbol argentino, les resulta muy atractivo. Me pregunta c\u00f3mo es La Bombonera, el Monumental&#8221;.<\/p>\n\n\n\n<figure class=\"wp-block-audio\"><audio controls src=\"https:\/\/golandpop.com\/wp-content\/uploads\/2020\/04\/Lucas-Pittinari-GolandPop.mp3\"><\/audio><\/figure>\n","protected":false},"excerpt":{"rendered":"<p>En tiempos de Coronavirus y desde la lejana Eslovenia, el ex Belgrano pas\u00f3 por el Instagram de Gol &#038; Pop.<\/p>\n","protected":false},"author":1,"featured_media":4316,"comment_status":"open","ping_status":"open","sticky":true,"template":"","format":"standard","meta":{"footnotes":""},"categories":[33,39],"tags":[97,129,300],"class_list":["post-4313","post","type-post","status-publish","format-standard","has-post-thumbnail","hentry","category-belgrano","category-futbol","tag-belgrano","tag-destacado","tag-lucas-pittinari"],"yoast_head":"<!-- This site is optimized with the Yoast SEO plugin v26.1.1 - https:\/\/yoast.com\/wordpress\/plugins\/seo\/ -->\n<title>Lucas Pittinari, un Pirata desde Eslovenia - Golandpop<\/title>\n<meta name=\"description\" content=\"En tiempos de Coronavirus y desde la lejana Eslovenia, el ex medicampista de Belgrano pas\u00f3 por el Instagram de Gol &amp; Pop. Repas\u00e1 toda la entrevista.\" \/>\n<meta name=\"robots\" content=\"index, follow, max-snippet:-1, max-image-preview:large, max-video-preview:-1\" \/>\n<link rel=\"canonical\" href=\"https:\/\/golandpop.com\/index.php\/2020\/04\/12\/belgrano-lucas-pittinari-un-pirata-desde-eslovenia\/\" \/>\n<meta property=\"og:locale\" content=\"es_ES\" \/>\n<meta property=\"og:type\" content=\"article\" \/>\n<meta property=\"og:title\" content=\"Lucas Pittinari, un Pirata desde Eslovenia - Golandpop\" \/>\n<meta property=\"og:description\" content=\"En tiempos de Coronavirus y desde la lejana Eslovenia, el ex medicampista de Belgrano pas\u00f3 por el Instagram de Gol &amp; Pop. Repas\u00e1 toda la entrevista.\" \/>\n<meta property=\"og:url\" content=\"https:\/\/golandpop.com\/index.php\/2020\/04\/12\/belgrano-lucas-pittinari-un-pirata-desde-eslovenia\/\" \/>\n<meta property=\"og:site_name\" content=\"Golandpop\" \/>\n<meta property=\"article:published_time\" content=\"2020-04-12T21:51:10+00:00\" \/>\n<meta property=\"article:modified_time\" content=\"2020-04-12T21:53:35+00:00\" \/>\n<meta property=\"og:image\" content=\"https:\/\/golandpop.com\/wp-content\/uploads\/2020\/04\/pittinari-eslovenia.jpg\" \/>\n\t<meta property=\"og:image:width\" content=\"1125\" \/>\n\t<meta property=\"og:image:height\" content=\"760\" \/>\n\t<meta property=\"og:image:type\" content=\"image\/jpeg\" \/>\n<meta name=\"author\" content=\"Gol&amp;Pop\" \/>\n<meta name=\"twitter:card\" content=\"summary_large_image\" \/>\n<meta name=\"twitter:creator\" content=\"@golandpop\" \/>\n<meta name=\"twitter:site\" content=\"@golandpop\" \/>\n<meta name=\"twitter:label1\" content=\"Escrito por\" \/>\n\t<meta name=\"twitter:data1\" content=\"Gol&amp;Pop\" \/>\n\t<meta name=\"twitter:label2\" content=\"Tiempo de lectura\" \/>\n\t<meta name=\"twitter:data2\" content=\"2 minutos\" \/>\n<script type=\"application\/ld+json\" class=\"yoast-schema-graph\">{\"@context\":\"https:\/\/schema.org\",\"@graph\":[{\"@type\":\"Article\",\"@id\":\"https:\/\/golandpop.com\/index.php\/2020\/04\/12\/belgrano-lucas-pittinari-un-pirata-desde-eslovenia\/#article\",\"isPartOf\":{\"@id\":\"https:\/\/golandpop.com\/index.php\/2020\/04\/12\/belgrano-lucas-pittinari-un-pirata-desde-eslovenia\/\"},\"author\":{\"name\":\"Gol&amp;Pop\",\"@id\":\"https:\/\/golandpop.com\/#\/schema\/person\/2809725861e0da25eaffe2d9b29c9613\"},\"headline\":\"Lucas Pittinari, un Pirata desde Eslovenia\",\"datePublished\":\"2020-04-12T21:51:10+00:00\",\"dateModified\":\"2020-04-12T21:53:35+00:00\",\"mainEntityOfPage\":{\"@id\":\"https:\/\/golandpop.com\/index.php\/2020\/04\/12\/belgrano-lucas-pittinari-un-pirata-desde-eslovenia\/\"},\"wordCount\":325,\"commentCount\":0,\"publisher\":{\"@id\":\"https:\/\/golandpop.com\/#organization\"},\"image\":{\"@id\":\"https:\/\/golandpop.com\/index.php\/2020\/04\/12\/belgrano-lucas-pittinari-un-pirata-desde-eslovenia\/#primaryimage\"},\"thumbnailUrl\":\"https:\/\/golandpop.com\/wp-content\/uploads\/2020\/04\/pittinari-eslovenia.jpg\",\"keywords\":[\"Belgrano\",\"destacado\",\"Lucas Pittinari\"],\"articleSection\":[\"Belgrano\",\"F\u00fatbol\"],\"inLanguage\":\"es-AR\"},{\"@type\":\"WebPage\",\"@id\":\"https:\/\/golandpop.com\/index.php\/2020\/04\/12\/belgrano-lucas-pittinari-un-pirata-desde-eslovenia\/\",\"url\":\"https:\/\/golandpop.com\/index.php\/2020\/04\/12\/belgrano-lucas-pittinari-un-pirata-desde-eslovenia\/\",\"name\":\"Lucas Pittinari, un Pirata desde Eslovenia - Golandpop\",\"isPartOf\":{\"@id\":\"https:\/\/golandpop.com\/#website\"},\"primaryImageOfPage\":{\"@id\":\"https:\/\/golandpop.com\/index.php\/2020\/04\/12\/belgrano-lucas-pittinari-un-pirata-desde-eslovenia\/#primaryimage\"},\"image\":{\"@id\":\"https:\/\/golandpop.com\/index.php\/2020\/04\/12\/belgrano-lucas-pittinari-un-pirata-desde-eslovenia\/#primaryimage\"},\"thumbnailUrl\":\"https:\/\/golandpop.com\/wp-content\/uploads\/2020\/04\/pittinari-eslovenia.jpg\",\"datePublished\":\"2020-04-12T21:51:10+00:00\",\"dateModified\":\"2020-04-12T21:53:35+00:00\",\"description\":\"En tiempos de Coronavirus y desde la lejana Eslovenia, el ex medicampista de Belgrano pas\u00f3 por el Instagram de Gol & Pop. Repas\u00e1 toda la entrevista.\",\"breadcrumb\":{\"@id\":\"https:\/\/golandpop.com\/index.php\/2020\/04\/12\/belgrano-lucas-pittinari-un-pirata-desde-eslovenia\/#breadcrumb\"},\"inLanguage\":\"es-AR\",\"potentialAction\":[{\"@type\":\"ReadAction\",\"target\":[\"https:\/\/golandpop.com\/index.php\/2020\/04\/12\/belgrano-lucas-pittinari-un-pirata-desde-eslovenia\/\"]}]},{\"@type\":\"ImageObject\",\"inLanguage\":\"es-AR\",\"@id\":\"https:\/\/golandpop.com\/index.php\/2020\/04\/12\/belgrano-lucas-pittinari-un-pirata-desde-eslovenia\/#primaryimage\",\"url\":\"https:\/\/golandpop.com\/wp-content\/uploads\/2020\/04\/pittinari-eslovenia.jpg\",\"contentUrl\":\"https:\/\/golandpop.com\/wp-content\/uploads\/2020\/04\/pittinari-eslovenia.jpg\",\"width\":1125,\"height\":760},{\"@type\":\"BreadcrumbList\",\"@id\":\"https:\/\/golandpop.com\/index.php\/2020\/04\/12\/belgrano-lucas-pittinari-un-pirata-desde-eslovenia\/#breadcrumb\",\"itemListElement\":[{\"@type\":\"ListItem\",\"position\":1,\"name\":\"Inicio\",\"item\":\"https:\/\/golandpop.com\/\"},{\"@type\":\"ListItem\",\"position\":2,\"name\":\"Lucas Pittinari, un Pirata desde Eslovenia\"}]},{\"@type\":\"WebSite\",\"@id\":\"https:\/\/golandpop.com\/#website\",\"url\":\"https:\/\/golandpop.com\/\",\"name\":\"Golandpop\",\"description\":\"\",\"publisher\":{\"@id\":\"https:\/\/golandpop.com\/#organization\"},\"potentialAction\":[{\"@type\":\"SearchAction\",\"target\":{\"@type\":\"EntryPoint\",\"urlTemplate\":\"https:\/\/golandpop.com\/?s={search_term_string}\"},\"query-input\":{\"@type\":\"PropertyValueSpecification\",\"valueRequired\":true,\"valueName\":\"search_term_string\"}}],\"inLanguage\":\"es-AR\"},{\"@type\":\"Organization\",\"@id\":\"https:\/\/golandpop.com\/#organization\",\"name\":\"GolandPop\",\"url\":\"https:\/\/golandpop.com\/\",\"logo\":{\"@type\":\"ImageObject\",\"inLanguage\":\"es-AR\",\"@id\":\"https:\/\/golandpop.com\/#\/schema\/logo\/image\/\",\"url\":\"https:\/\/golandpop.com\/wp-content\/uploads\/2020\/04\/favicon_gol_pop.png\",\"contentUrl\":\"https:\/\/golandpop.com\/wp-content\/uploads\/2020\/04\/favicon_gol_pop.png\",\"width\":246,\"height\":246,\"caption\":\"GolandPop\"},\"image\":{\"@id\":\"https:\/\/golandpop.com\/#\/schema\/logo\/image\/\"},\"sameAs\":[\"https:\/\/x.com\/golandpop\",\"https:\/\/www.instagram.com\/golandpopcordoba\/\"]},{\"@type\":\"Person\",\"@id\":\"https:\/\/golandpop.com\/#\/schema\/person\/2809725861e0da25eaffe2d9b29c9613\",\"name\":\"Gol&amp;Pop\",\"image\":{\"@type\":\"ImageObject\",\"inLanguage\":\"es-AR\",\"@id\":\"https:\/\/golandpop.com\/#\/schema\/person\/image\/\",\"url\":\"https:\/\/secure.gravatar.com\/avatar\/9a87ee051ca8c77f5d4070843ce2c78cdf95b858b950fb039151de955122f5f5?s=96&d=mm&r=g\",\"contentUrl\":\"https:\/\/secure.gravatar.com\/avatar\/9a87ee051ca8c77f5d4070843ce2c78cdf95b858b950fb039151de955122f5f5?s=96&d=mm&r=g\",\"caption\":\"Gol&amp;Pop\"},\"sameAs\":[\"http:\/\/golandpop.com\"],\"url\":\"https:\/\/golandpop.com\/index.php\/author\/admin\/\"}]}<\/script>\n<!-- \/ Yoast SEO plugin. -->","yoast_head_json":{"title":"Lucas Pittinari, un Pirata desde Eslovenia - Golandpop","description":"En tiempos de Coronavirus y desde la lejana Eslovenia, el ex medicampista de Belgrano pas\u00f3 por el Instagram de Gol & Pop. Repas\u00e1 toda la entrevista.","robots":{"index":"index","follow":"follow","max-snippet":"max-snippet:-1","max-image-preview":"max-image-preview:large","max-video-preview":"max-video-preview:-1"},"canonical":"https:\/\/golandpop.com\/index.php\/2020\/04\/12\/belgrano-lucas-pittinari-un-pirata-desde-eslovenia\/","og_locale":"es_ES","og_type":"article","og_title":"Lucas Pittinari, un Pirata desde Eslovenia - Golandpop","og_description":"En tiempos de Coronavirus y desde la lejana Eslovenia, el ex medicampista de Belgrano pas\u00f3 por el Instagram de Gol & Pop. Repas\u00e1 toda la entrevista.","og_url":"https:\/\/golandpop.com\/index.php\/2020\/04\/12\/belgrano-lucas-pittinari-un-pirata-desde-eslovenia\/","og_site_name":"Golandpop","article_published_time":"2020-04-12T21:51:10+00:00","article_modified_time":"2020-04-12T21:53:35+00:00","og_image":[{"width":1125,"height":760,"url":"https:\/\/golandpop.com\/wp-content\/uploads\/2020\/04\/pittinari-eslovenia.jpg","type":"image\/jpeg"}],"author":"Gol&amp;Pop","twitter_card":"summary_large_image","twitter_creator":"@golandpop","twitter_site":"@golandpop","twitter_misc":{"Escrito por":"Gol&amp;Pop","Tiempo de lectura":"2 minutos"},"schema":{"@context":"https:\/\/schema.org","@graph":[{"@type":"Article","@id":"https:\/\/golandpop.com\/index.php\/2020\/04\/12\/belgrano-lucas-pittinari-un-pirata-desde-eslovenia\/#article","isPartOf":{"@id":"https:\/\/golandpop.com\/index.php\/2020\/04\/12\/belgrano-lucas-pittinari-un-pirata-desde-eslovenia\/"},"author":{"name":"Gol&amp;Pop","@id":"https:\/\/golandpop.com\/#\/schema\/person\/2809725861e0da25eaffe2d9b29c9613"},"headline":"Lucas Pittinari, un Pirata desde Eslovenia","datePublished":"2020-04-12T21:51:10+00:00","dateModified":"2020-04-12T21:53:35+00:00","mainEntityOfPage":{"@id":"https:\/\/golandpop.com\/index.php\/2020\/04\/12\/belgrano-lucas-pittinari-un-pirata-desde-eslovenia\/"},"wordCount":325,"commentCount":0,"publisher":{"@id":"https:\/\/golandpop.com\/#organization"},"image":{"@id":"https:\/\/golandpop.com\/index.php\/2020\/04\/12\/belgrano-lucas-pittinari-un-pirata-desde-eslovenia\/#primaryimage"},"thumbnailUrl":"https:\/\/golandpop.com\/wp-content\/uploads\/2020\/04\/pittinari-eslovenia.jpg","keywords":["Belgrano","destacado","Lucas Pittinari"],"articleSection":["Belgrano","F\u00fatbol"],"inLanguage":"es-AR"},{"@type":"WebPage","@id":"https:\/\/golandpop.com\/index.php\/2020\/04\/12\/belgrano-lucas-pittinari-un-pirata-desde-eslovenia\/","url":"https:\/\/golandpop.com\/index.php\/2020\/04\/12\/belgrano-lucas-pittinari-un-pirata-desde-eslovenia\/","name":"Lucas Pittinari, un Pirata desde Eslovenia - Golandpop","isPartOf":{"@id":"https:\/\/golandpop.com\/#website"},"primaryImageOfPage":{"@id":"https:\/\/golandpop.com\/index.php\/2020\/04\/12\/belgrano-lucas-pittinari-un-pirata-desde-eslovenia\/#primaryimage"},"image":{"@id":"https:\/\/golandpop.com\/index.php\/2020\/04\/12\/belgrano-lucas-pittinari-un-pirata-desde-eslovenia\/#primaryimage"},"thumbnailUrl":"https:\/\/golandpop.com\/wp-content\/uploads\/2020\/04\/pittinari-eslovenia.jpg","datePublished":"2020-04-12T21:51:10+00:00","dateModified":"2020-04-12T21:53:35+00:00","description":"En tiempos de Coronavirus y desde la lejana Eslovenia, el ex medicampista de Belgrano pas\u00f3 por el Instagram de Gol & Pop. Repas\u00e1 toda la entrevista.","breadcrumb":{"@id":"https:\/\/golandpop.com\/index.php\/2020\/04\/12\/belgrano-lucas-pittinari-un-pirata-desde-eslovenia\/#breadcrumb"},"inLanguage":"es-AR","potentialAction":[{"@type":"ReadAction","target":["https:\/\/golandpop.com\/index.php\/2020\/04\/12\/belgrano-lucas-pittinari-un-pirata-desde-eslovenia\/"]}]},{"@type":"ImageObject","inLanguage":"es-AR","@id":"https:\/\/golandpop.com\/index.php\/2020\/04\/12\/belgrano-lucas-pittinari-un-pirata-desde-eslovenia\/#primaryimage","url":"https:\/\/golandpop.com\/wp-content\/uploads\/2020\/04\/pittinari-eslovenia.jpg","contentUrl":"https:\/\/golandpop.com\/wp-content\/uploads\/2020\/04\/pittinari-eslovenia.jpg","width":1125,"height":760},{"@type":"BreadcrumbList","@id":"https:\/\/golandpop.com\/index.php\/2020\/04\/12\/belgrano-lucas-pittinari-un-pirata-desde-eslovenia\/#breadcrumb","itemListElement":[{"@type":"ListItem","position":1,"name":"Inicio","item":"https:\/\/golandpop.com\/"},{"@type":"ListItem","position":2,"name":"Lucas Pittinari, un Pirata desde Eslovenia"}]},{"@type":"WebSite","@id":"https:\/\/golandpop.com\/#website","url":"https:\/\/golandpop.com\/","name":"Golandpop","description":"","publisher":{"@id":"https:\/\/golandpop.com\/#organization"},"potentialAction":[{"@type":"SearchAction","target":{"@type":"EntryPoint","urlTemplate":"https:\/\/golandpop.com\/?s={search_term_string}"},"query-input":{"@type":"PropertyValueSpecification","valueRequired":true,"valueName":"search_term_string"}}],"inLanguage":"es-AR"},{"@type":"Organization","@id":"https:\/\/golandpop.com\/#organization","name":"GolandPop","url":"https:\/\/golandpop.com\/","logo":{"@type":"ImageObject","inLanguage":"es-AR","@id":"https:\/\/golandpop.com\/#\/schema\/logo\/image\/","url":"https:\/\/golandpop.com\/wp-content\/uploads\/2020\/04\/favicon_gol_pop.png","contentUrl":"https:\/\/golandpop.com\/wp-content\/uploads\/2020\/04\/favicon_gol_pop.png","width":246,"height":246,"caption":"GolandPop"},"image":{"@id":"https:\/\/golandpop.com\/#\/schema\/logo\/image\/"},"sameAs":["https:\/\/x.com\/golandpop","https:\/\/www.instagram.com\/golandpopcordoba\/"]},{"@type":"Person","@id":"https:\/\/golandpop.com\/#\/schema\/person\/2809725861e0da25eaffe2d9b29c9613","name":"Gol&amp;Pop","image":{"@type":"ImageObject","inLanguage":"es-AR","@id":"https:\/\/golandpop.com\/#\/schema\/person\/image\/","url":"https:\/\/secure.gravatar.com\/avatar\/9a87ee051ca8c77f5d4070843ce2c78cdf95b858b950fb039151de955122f5f5?s=96&d=mm&r=g","contentUrl":"https:\/\/secure.gravatar.com\/avatar\/9a87ee051ca8c77f5d4070843ce2c78cdf95b858b950fb039151de955122f5f5?s=96&d=mm&r=g","caption":"Gol&amp;Pop"},"sameAs":["http:\/\/golandpop.com"],"url":"https:\/\/golandpop.com\/index.php\/author\/admin\/"}]}},"_links":{"self":[{"href":"https:\/\/golandpop.com\/index.php\/wp-json\/wp\/v2\/posts\/4313","targetHints":{"allow":["GET"]}}],"collection":[{"href":"https:\/\/golandpop.com\/index.php\/wp-json\/wp\/v2\/posts"}],"about":[{"href":"https:\/\/golandpop.com\/index.php\/wp-json\/wp\/v2\/types\/post"}],"author":[{"embeddable":true,"href":"https:\/\/golandpop.com\/index.php\/wp-json\/wp\/v2\/users\/1"}],"replies":[{"embeddable":true,"href":"https:\/\/golandpop.com\/index.php\/wp-json\/wp\/v2\/comments?post=4313"}],"version-history":[{"count":2,"href":"https:\/\/golandpop.com\/index.php\/wp-json\/wp\/v2\/posts\/4313\/revisions"}],"predecessor-version":[{"id":4318,"href":"https:\/\/golandpop.com\/index.php\/wp-json\/wp\/v2\/posts\/4313\/revisions\/4318"}],"wp:featuredmedia":[{"embeddable":true,"href":"https:\/\/golandpop.com\/index.php\/wp-json\/wp\/v2\/media\/4316"}],"wp:attachment":[{"href":"https:\/\/golandpop.com\/index.php\/wp-json\/wp\/v2\/media?parent=4313"}],"wp:term":[{"taxonomy":"category","embeddable":true,"href":"https:\/\/golandpop.com\/index.php\/wp-json\/wp\/v2\/categories?post=4313"},{"taxonomy":"post_tag","embeddable":true,"href":"https:\/\/golandpop.com\/index.php\/wp-json\/wp\/v2\/tags?post=4313"}],"curies":[{"name":"wp","href":"https:\/\/api.w.org\/{rel}","templated":true}]}}