{"id":4295,"date":"2019-11-07T13:06:00","date_gmt":"2019-11-07T16:06:00","guid":{"rendered":"http:\/\/golandpop.com\/?p=4295"},"modified":"2020-04-12T13:33:48","modified_gmt":"2020-04-12T16:33:48","slug":"se-llevo-a-cabo-en-cordoba-el-campeonato-nacional-de-atletismo-2019","status":"publish","type":"post","link":"https:\/\/golandpop.com\/index.php\/2019\/11\/07\/se-llevo-a-cabo-en-cordoba-el-campeonato-nacional-de-atletismo-2019\/","title":{"rendered":"Se llev\u00f3 a cabo en C\u00f3rdoba el Campeonato Nacional de Atletismo 2019"},"content":{"rendered":"\n<p>Durante el 1, 2 y 3 de noviembre transcurri\u00f3 el 21\u00b0 Campeonato Nacional U16 Y EL 53\u00b0 Campeonato Nacional U18 en el Mario Alberto Kempes. Este fue organizado por la Federaci\u00f3n Atl\u00e9tica Cordobesa, acompa\u00f1ado de la Confederaci\u00f3n Argentina de Atletismo (CADA).&nbsp;<\/p>\n\n\n\n<p>Cada a\u00f1o, j\u00f3venes entre 13 y 18 a\u00f1os, de todo el pa\u00eds, compiten entre s\u00ed en diversos deportes con el fin de coronarse campe\u00f3n nacional con la medalla de oro, o subirse al podio por una de plata o bronce. Las disciplinas que formaron parte eran: Carreras de 80 a 10000 metros, algunas con vallas; lanzamiento de martillo, jabalina, bala y de disco; salto en largo, triple, en alto y con garrocha.\u00a0<\/p>\n\n\n\n<figure class=\"wp-block-image size-large\"><img fetchpriority=\"high\" decoding=\"async\" width=\"683\" height=\"1024\" src=\"http:\/\/golandpop.com\/wp-content\/uploads\/2019\/11\/DSC_0114-683x1024.jpg\" alt=\"\" class=\"wp-image-4307\" srcset=\"https:\/\/golandpop.com\/wp-content\/uploads\/2019\/11\/DSC_0114-683x1024.jpg 683w, https:\/\/golandpop.com\/wp-content\/uploads\/2019\/11\/DSC_0114-200x300.jpg 200w, https:\/\/golandpop.com\/wp-content\/uploads\/2019\/11\/DSC_0114-768x1152.jpg 768w, https:\/\/golandpop.com\/wp-content\/uploads\/2019\/11\/DSC_0114-1024x1536.jpg 1024w, https:\/\/golandpop.com\/wp-content\/uploads\/2019\/11\/DSC_0114-1365x2048.jpg 1365w, https:\/\/golandpop.com\/wp-content\/uploads\/2019\/11\/DSC_0114-scaled.jpg 1706w\" sizes=\"(max-width: 683px) 100vw, 683px\" \/><\/figure>\n\n\n\n<p>Felipe Isvoa Penise proveniente de Tierra Del Fuego, obtuvo el tercer puesto en salto en alto en la categor\u00eda U18 con una marca personal de 1,85 metros y en salto en largo tuvo un registro de 6,48 metros. <\/p>\n\n\n\n<figure class=\"wp-block-audio\"><audio controls src=\"https:\/\/golandpop.com\/wp-content\/uploads\/2020\/04\/Felipe-Isoa-Penisi.wav\"><\/audio><figcaption>Felipe Penise)<\/figcaption><\/figure>\n\n\n\n<p>Mat\u00edas Bianchi de 17 a\u00f1os, Categor\u00eda U18 de General Villegas, Buenos Aires, compiti\u00f3 en salto en largo, sin embargo dijo: \u201cme quiero dedicar m\u00e1s al salto triple y dejar de lado un poco el salto en largo que se hace como una prueba complementaria\u201d; en esta ocasi\u00f3n no gan\u00f3 una medalla pero tiene experiencia en el podio.<\/p>\n\n\n\n<figure class=\"wp-block-audio\"><audio controls src=\"https:\/\/golandpop.com\/wp-content\/uploads\/2020\/04\/Matias-Bianchi.wav\"><\/audio><figcaption>Mat\u00edas Biachi<\/figcaption><\/figure>\n\n\n\n<p>Con respecto al Salto con Garrocha, la medalla dorada la obtuvo Bruno Berthelot de Pilar, Buenos Aires, categor\u00eda U16, quien marc\u00f3 un registro de 3,60 metros y dej\u00f3 atr\u00e1s al riojano Esteban Valera y al formose\u00f1o Ayrton Franco, los que completaron el podio al igualarse en 3,40 metros. Hace algunas semanas, Bruno se hab\u00eda consagrado campe\u00f3n provincial con una marca de 2,90 metros. El campe\u00f3n coment\u00f3 que para entrenar Salto con Garrocha lo ideal es \u201chacer gimnasia art\u00edstica\u201d de forma complementaria. <\/p>\n\n\n\n<figure class=\"wp-block-audio\"><audio controls src=\"https:\/\/golandpop.com\/wp-content\/uploads\/2020\/04\/Bruno-Berthelot.wav\"><\/audio><figcaption>Bruno Berthelot<\/figcaption><\/figure>\n\n\n\n<p>\u00a0En Lanzamiento en Disco categor\u00eda U18, Luis Alejandro N\u00fa\u00f1ez se llev\u00f3 el oro con una distancia de 53.66 metros, seguido por el riojano Carlos Azcurra con 50.95 metros y el cordob\u00e9s Am\u00edlcar Dambolena con 47.19 metros, el cual comentaba: \u201cEstoy feliz por haber tenido esta marca, ahora a descansar y prepararse para lo que se viene y esperemos poder ganar la de oro el a\u00f1o que viene\u201d.<\/p>\n\n\n\n<figure class=\"wp-block-image size-large\"><img decoding=\"async\" width=\"1024\" height=\"683\" src=\"http:\/\/golandpop.com\/wp-content\/uploads\/2019\/11\/DSC_0130-1024x683.jpg\" alt=\"\" class=\"wp-image-4308\" srcset=\"https:\/\/golandpop.com\/wp-content\/uploads\/2019\/11\/DSC_0130-1024x683.jpg 1024w, https:\/\/golandpop.com\/wp-content\/uploads\/2019\/11\/DSC_0130-300x200.jpg 300w, https:\/\/golandpop.com\/wp-content\/uploads\/2019\/11\/DSC_0130-768x512.jpg 768w, https:\/\/golandpop.com\/wp-content\/uploads\/2019\/11\/DSC_0130-1536x1024.jpg 1536w, https:\/\/golandpop.com\/wp-content\/uploads\/2019\/11\/DSC_0130-2048x1365.jpg 2048w\" sizes=\"(max-width: 1024px) 100vw, 1024px\" \/><\/figure>\n\n\n\n<p>El evento finaliz\u00f3 el Domingo al llegar las 18 horas, los participantes se fueron felices de haber compartido una buena experiencia deportiva m\u00e1s all\u00e1 de los resultados. Algunos felicitando la organizaci\u00f3n y encantados con las instalaciones del estadio Mario Alberto Kempes.<\/p>\n\n\n\n<p>Grilla completa de resultados: <a href=\"https:\/\/resultadosonline.org\/web\/\">https:\/\/resultadosonline.org\/web\/<\/a><\/p>\n\n\n\n<p>Redacci\u00f3n y entrevista: Brusa Facundo, Su\u00e1rez Luciana&nbsp;<\/p>\n\n\n\n<p>Edici\u00f3n: Mateo Maldonado<\/p>\n\n\n\n<p>Fotograf\u00eda: Jaimez Bertazzo Sof\u00eda&nbsp;<\/p>\n","protected":false},"excerpt":{"rendered":"<p>Durante el 1, 2 y 3 de noviembre transcurri\u00f3 el 21\u00b0 Campeonato Nacional U16 Y EL 53\u00b0 Campeonato Nacional U18 en el Mario Alberto Kempes. Este fue organizado por la Federaci\u00f3n Atl\u00e9tica Cordobesa, acompa\u00f1ado de la Confederaci\u00f3n Argentina de Atletismo (CADA).&nbsp; Cada a\u00f1o, j\u00f3venes entre 13 y 18 a\u00f1os, de todo el pa\u00eds, compiten entre [&hellip;]<\/p>\n","protected":false},"author":13,"featured_media":4309,"comment_status":"open","ping_status":"open","sticky":false,"template":"","format":"standard","meta":{"footnotes":""},"categories":[30],"tags":[],"class_list":["post-4295","post","type-post","status-publish","format-standard","has-post-thumbnail","hentry","category-atletismo"],"yoast_head":"<!-- This site is optimized with the Yoast SEO plugin v26.1.1 - https:\/\/yoast.com\/wordpress\/plugins\/seo\/ -->\n<title>Se llev\u00f3 a cabo en C\u00f3rdoba el Campeonato Nacional de Atletismo 2019 - Golandpop<\/title>\n<meta name=\"robots\" content=\"index, follow, max-snippet:-1, max-image-preview:large, max-video-preview:-1\" \/>\n<link rel=\"canonical\" href=\"https:\/\/golandpop.com\/index.php\/2019\/11\/07\/se-llevo-a-cabo-en-cordoba-el-campeonato-nacional-de-atletismo-2019\/\" \/>\n<meta property=\"og:locale\" content=\"es_ES\" \/>\n<meta property=\"og:type\" content=\"article\" \/>\n<meta property=\"og:title\" content=\"Se llev\u00f3 a cabo en C\u00f3rdoba el Campeonato Nacional de Atletismo 2019 - Golandpop\" \/>\n<meta property=\"og:description\" content=\"Durante el 1, 2 y 3 de noviembre transcurri\u00f3 el 21\u00b0 Campeonato Nacional U16 Y EL 53\u00b0 Campeonato Nacional U18 en el Mario Alberto Kempes. Este fue organizado por la Federaci\u00f3n Atl\u00e9tica Cordobesa, acompa\u00f1ado de la Confederaci\u00f3n Argentina de Atletismo (CADA).&nbsp; Cada a\u00f1o, j\u00f3venes entre 13 y 18 a\u00f1os, de todo el pa\u00eds, compiten entre [&hellip;]\" \/>\n<meta property=\"og:url\" content=\"https:\/\/golandpop.com\/index.php\/2019\/11\/07\/se-llevo-a-cabo-en-cordoba-el-campeonato-nacional-de-atletismo-2019\/\" \/>\n<meta property=\"og:site_name\" content=\"Golandpop\" \/>\n<meta property=\"article:published_time\" content=\"2019-11-07T16:06:00+00:00\" \/>\n<meta property=\"article:modified_time\" content=\"2020-04-12T16:33:48+00:00\" \/>\n<meta property=\"og:image\" content=\"https:\/\/golandpop.com\/wp-content\/uploads\/2019\/11\/DSC_0135-scaled.jpg\" \/>\n\t<meta property=\"og:image:width\" content=\"2560\" \/>\n\t<meta property=\"og:image:height\" content=\"1707\" \/>\n\t<meta property=\"og:image:type\" content=\"image\/jpeg\" \/>\n<meta name=\"author\" content=\"Matias Diaz\" \/>\n<meta name=\"twitter:card\" content=\"summary_large_image\" \/>\n<meta name=\"twitter:creator\" content=\"@golandpop\" \/>\n<meta name=\"twitter:site\" content=\"@golandpop\" \/>\n<meta name=\"twitter:label1\" content=\"Escrito por\" \/>\n\t<meta name=\"twitter:data1\" content=\"Matias Diaz\" \/>\n\t<meta name=\"twitter:label2\" content=\"Tiempo de lectura\" \/>\n\t<meta name=\"twitter:data2\" content=\"2 minutos\" \/>\n<script type=\"application\/ld+json\" class=\"yoast-schema-graph\">{\"@context\":\"https:\/\/schema.org\",\"@graph\":[{\"@type\":\"Article\",\"@id\":\"https:\/\/golandpop.com\/index.php\/2019\/11\/07\/se-llevo-a-cabo-en-cordoba-el-campeonato-nacional-de-atletismo-2019\/#article\",\"isPartOf\":{\"@id\":\"https:\/\/golandpop.com\/index.php\/2019\/11\/07\/se-llevo-a-cabo-en-cordoba-el-campeonato-nacional-de-atletismo-2019\/\"},\"author\":{\"name\":\"Matias Diaz\",\"@id\":\"https:\/\/golandpop.com\/#\/schema\/person\/6aacd356e5279fb35ec8cdff29bb8fab\"},\"headline\":\"Se llev\u00f3 a cabo en C\u00f3rdoba el Campeonato Nacional de Atletismo 2019\",\"datePublished\":\"2019-11-07T16:06:00+00:00\",\"dateModified\":\"2020-04-12T16:33:48+00:00\",\"mainEntityOfPage\":{\"@id\":\"https:\/\/golandpop.com\/index.php\/2019\/11\/07\/se-llevo-a-cabo-en-cordoba-el-campeonato-nacional-de-atletismo-2019\/\"},\"wordCount\":456,\"commentCount\":0,\"publisher\":{\"@id\":\"https:\/\/golandpop.com\/#organization\"},\"image\":{\"@id\":\"https:\/\/golandpop.com\/index.php\/2019\/11\/07\/se-llevo-a-cabo-en-cordoba-el-campeonato-nacional-de-atletismo-2019\/#primaryimage\"},\"thumbnailUrl\":\"https:\/\/golandpop.com\/wp-content\/uploads\/2019\/11\/DSC_0135-scaled.jpg\",\"articleSection\":[\"Atletismo\"],\"inLanguage\":\"es-AR\"},{\"@type\":\"WebPage\",\"@id\":\"https:\/\/golandpop.com\/index.php\/2019\/11\/07\/se-llevo-a-cabo-en-cordoba-el-campeonato-nacional-de-atletismo-2019\/\",\"url\":\"https:\/\/golandpop.com\/index.php\/2019\/11\/07\/se-llevo-a-cabo-en-cordoba-el-campeonato-nacional-de-atletismo-2019\/\",\"name\":\"Se llev\u00f3 a cabo en C\u00f3rdoba el Campeonato Nacional de Atletismo 2019 - Golandpop\",\"isPartOf\":{\"@id\":\"https:\/\/golandpop.com\/#website\"},\"primaryImageOfPage\":{\"@id\":\"https:\/\/golandpop.com\/index.php\/2019\/11\/07\/se-llevo-a-cabo-en-cordoba-el-campeonato-nacional-de-atletismo-2019\/#primaryimage\"},\"image\":{\"@id\":\"https:\/\/golandpop.com\/index.php\/2019\/11\/07\/se-llevo-a-cabo-en-cordoba-el-campeonato-nacional-de-atletismo-2019\/#primaryimage\"},\"thumbnailUrl\":\"https:\/\/golandpop.com\/wp-content\/uploads\/2019\/11\/DSC_0135-scaled.jpg\",\"datePublished\":\"2019-11-07T16:06:00+00:00\",\"dateModified\":\"2020-04-12T16:33:48+00:00\",\"breadcrumb\":{\"@id\":\"https:\/\/golandpop.com\/index.php\/2019\/11\/07\/se-llevo-a-cabo-en-cordoba-el-campeonato-nacional-de-atletismo-2019\/#breadcrumb\"},\"inLanguage\":\"es-AR\",\"potentialAction\":[{\"@type\":\"ReadAction\",\"target\":[\"https:\/\/golandpop.com\/index.php\/2019\/11\/07\/se-llevo-a-cabo-en-cordoba-el-campeonato-nacional-de-atletismo-2019\/\"]}]},{\"@type\":\"ImageObject\",\"inLanguage\":\"es-AR\",\"@id\":\"https:\/\/golandpop.com\/index.php\/2019\/11\/07\/se-llevo-a-cabo-en-cordoba-el-campeonato-nacional-de-atletismo-2019\/#primaryimage\",\"url\":\"https:\/\/golandpop.com\/wp-content\/uploads\/2019\/11\/DSC_0135-scaled.jpg\",\"contentUrl\":\"https:\/\/golandpop.com\/wp-content\/uploads\/2019\/11\/DSC_0135-scaled.jpg\",\"width\":2560,\"height\":1707},{\"@type\":\"BreadcrumbList\",\"@id\":\"https:\/\/golandpop.com\/index.php\/2019\/11\/07\/se-llevo-a-cabo-en-cordoba-el-campeonato-nacional-de-atletismo-2019\/#breadcrumb\",\"itemListElement\":[{\"@type\":\"ListItem\",\"position\":1,\"name\":\"Inicio\",\"item\":\"https:\/\/golandpop.com\/\"},{\"@type\":\"ListItem\",\"position\":2,\"name\":\"Se llev\u00f3 a cabo en C\u00f3rdoba el Campeonato Nacional de Atletismo 2019\"}]},{\"@type\":\"WebSite\",\"@id\":\"https:\/\/golandpop.com\/#website\",\"url\":\"https:\/\/golandpop.com\/\",\"name\":\"Golandpop\",\"description\":\"\",\"publisher\":{\"@id\":\"https:\/\/golandpop.com\/#organization\"},\"potentialAction\":[{\"@type\":\"SearchAction\",\"target\":{\"@type\":\"EntryPoint\",\"urlTemplate\":\"https:\/\/golandpop.com\/?s={search_term_string}\"},\"query-input\":{\"@type\":\"PropertyValueSpecification\",\"valueRequired\":true,\"valueName\":\"search_term_string\"}}],\"inLanguage\":\"es-AR\"},{\"@type\":\"Organization\",\"@id\":\"https:\/\/golandpop.com\/#organization\",\"name\":\"GolandPop\",\"url\":\"https:\/\/golandpop.com\/\",\"logo\":{\"@type\":\"ImageObject\",\"inLanguage\":\"es-AR\",\"@id\":\"https:\/\/golandpop.com\/#\/schema\/logo\/image\/\",\"url\":\"https:\/\/golandpop.com\/wp-content\/uploads\/2020\/04\/favicon_gol_pop.png\",\"contentUrl\":\"https:\/\/golandpop.com\/wp-content\/uploads\/2020\/04\/favicon_gol_pop.png\",\"width\":246,\"height\":246,\"caption\":\"GolandPop\"},\"image\":{\"@id\":\"https:\/\/golandpop.com\/#\/schema\/logo\/image\/\"},\"sameAs\":[\"https:\/\/x.com\/golandpop\",\"https:\/\/www.instagram.com\/golandpopcordoba\/\"]},{\"@type\":\"Person\",\"@id\":\"https:\/\/golandpop.com\/#\/schema\/person\/6aacd356e5279fb35ec8cdff29bb8fab\",\"name\":\"Matias Diaz\",\"image\":{\"@type\":\"ImageObject\",\"inLanguage\":\"es-AR\",\"@id\":\"https:\/\/golandpop.com\/#\/schema\/person\/image\/\",\"url\":\"https:\/\/secure.gravatar.com\/avatar\/7ad1f8b27776847fd57dfd9058fe31c88f93c1436c3087fec1a8aa48a8aecd9e?s=96&d=mm&r=g\",\"contentUrl\":\"https:\/\/secure.gravatar.com\/avatar\/7ad1f8b27776847fd57dfd9058fe31c88f93c1436c3087fec1a8aa48a8aecd9e?s=96&d=mm&r=g\",\"caption\":\"Matias Diaz\"},\"url\":\"https:\/\/golandpop.com\/index.php\/author\/mdiaz\/\"}]}<\/script>\n<!-- \/ Yoast SEO plugin. -->","yoast_head_json":{"title":"Se llev\u00f3 a cabo en C\u00f3rdoba el Campeonato Nacional de Atletismo 2019 - Golandpop","robots":{"index":"index","follow":"follow","max-snippet":"max-snippet:-1","max-image-preview":"max-image-preview:large","max-video-preview":"max-video-preview:-1"},"canonical":"https:\/\/golandpop.com\/index.php\/2019\/11\/07\/se-llevo-a-cabo-en-cordoba-el-campeonato-nacional-de-atletismo-2019\/","og_locale":"es_ES","og_type":"article","og_title":"Se llev\u00f3 a cabo en C\u00f3rdoba el Campeonato Nacional de Atletismo 2019 - Golandpop","og_description":"Durante el 1, 2 y 3 de noviembre transcurri\u00f3 el 21\u00b0 Campeonato Nacional U16 Y EL 53\u00b0 Campeonato Nacional U18 en el Mario Alberto Kempes. Este fue organizado por la Federaci\u00f3n Atl\u00e9tica Cordobesa, acompa\u00f1ado de la Confederaci\u00f3n Argentina de Atletismo (CADA).&nbsp; Cada a\u00f1o, j\u00f3venes entre 13 y 18 a\u00f1os, de todo el pa\u00eds, compiten entre [&hellip;]","og_url":"https:\/\/golandpop.com\/index.php\/2019\/11\/07\/se-llevo-a-cabo-en-cordoba-el-campeonato-nacional-de-atletismo-2019\/","og_site_name":"Golandpop","article_published_time":"2019-11-07T16:06:00+00:00","article_modified_time":"2020-04-12T16:33:48+00:00","og_image":[{"width":2560,"height":1707,"url":"https:\/\/golandpop.com\/wp-content\/uploads\/2019\/11\/DSC_0135-scaled.jpg","type":"image\/jpeg"}],"author":"Matias Diaz","twitter_card":"summary_large_image","twitter_creator":"@golandpop","twitter_site":"@golandpop","twitter_misc":{"Escrito por":"Matias Diaz","Tiempo de lectura":"2 minutos"},"schema":{"@context":"https:\/\/schema.org","@graph":[{"@type":"Article","@id":"https:\/\/golandpop.com\/index.php\/2019\/11\/07\/se-llevo-a-cabo-en-cordoba-el-campeonato-nacional-de-atletismo-2019\/#article","isPartOf":{"@id":"https:\/\/golandpop.com\/index.php\/2019\/11\/07\/se-llevo-a-cabo-en-cordoba-el-campeonato-nacional-de-atletismo-2019\/"},"author":{"name":"Matias Diaz","@id":"https:\/\/golandpop.com\/#\/schema\/person\/6aacd356e5279fb35ec8cdff29bb8fab"},"headline":"Se llev\u00f3 a cabo en C\u00f3rdoba el Campeonato Nacional de Atletismo 2019","datePublished":"2019-11-07T16:06:00+00:00","dateModified":"2020-04-12T16:33:48+00:00","mainEntityOfPage":{"@id":"https:\/\/golandpop.com\/index.php\/2019\/11\/07\/se-llevo-a-cabo-en-cordoba-el-campeonato-nacional-de-atletismo-2019\/"},"wordCount":456,"commentCount":0,"publisher":{"@id":"https:\/\/golandpop.com\/#organization"},"image":{"@id":"https:\/\/golandpop.com\/index.php\/2019\/11\/07\/se-llevo-a-cabo-en-cordoba-el-campeonato-nacional-de-atletismo-2019\/#primaryimage"},"thumbnailUrl":"https:\/\/golandpop.com\/wp-content\/uploads\/2019\/11\/DSC_0135-scaled.jpg","articleSection":["Atletismo"],"inLanguage":"es-AR"},{"@type":"WebPage","@id":"https:\/\/golandpop.com\/index.php\/2019\/11\/07\/se-llevo-a-cabo-en-cordoba-el-campeonato-nacional-de-atletismo-2019\/","url":"https:\/\/golandpop.com\/index.php\/2019\/11\/07\/se-llevo-a-cabo-en-cordoba-el-campeonato-nacional-de-atletismo-2019\/","name":"Se llev\u00f3 a cabo en C\u00f3rdoba el Campeonato Nacional de Atletismo 2019 - Golandpop","isPartOf":{"@id":"https:\/\/golandpop.com\/#website"},"primaryImageOfPage":{"@id":"https:\/\/golandpop.com\/index.php\/2019\/11\/07\/se-llevo-a-cabo-en-cordoba-el-campeonato-nacional-de-atletismo-2019\/#primaryimage"},"image":{"@id":"https:\/\/golandpop.com\/index.php\/2019\/11\/07\/se-llevo-a-cabo-en-cordoba-el-campeonato-nacional-de-atletismo-2019\/#primaryimage"},"thumbnailUrl":"https:\/\/golandpop.com\/wp-content\/uploads\/2019\/11\/DSC_0135-scaled.jpg","datePublished":"2019-11-07T16:06:00+00:00","dateModified":"2020-04-12T16:33:48+00:00","breadcrumb":{"@id":"https:\/\/golandpop.com\/index.php\/2019\/11\/07\/se-llevo-a-cabo-en-cordoba-el-campeonato-nacional-de-atletismo-2019\/#breadcrumb"},"inLanguage":"es-AR","potentialAction":[{"@type":"ReadAction","target":["https:\/\/golandpop.com\/index.php\/2019\/11\/07\/se-llevo-a-cabo-en-cordoba-el-campeonato-nacional-de-atletismo-2019\/"]}]},{"@type":"ImageObject","inLanguage":"es-AR","@id":"https:\/\/golandpop.com\/index.php\/2019\/11\/07\/se-llevo-a-cabo-en-cordoba-el-campeonato-nacional-de-atletismo-2019\/#primaryimage","url":"https:\/\/golandpop.com\/wp-content\/uploads\/2019\/11\/DSC_0135-scaled.jpg","contentUrl":"https:\/\/golandpop.com\/wp-content\/uploads\/2019\/11\/DSC_0135-scaled.jpg","width":2560,"height":1707},{"@type":"BreadcrumbList","@id":"https:\/\/golandpop.com\/index.php\/2019\/11\/07\/se-llevo-a-cabo-en-cordoba-el-campeonato-nacional-de-atletismo-2019\/#breadcrumb","itemListElement":[{"@type":"ListItem","position":1,"name":"Inicio","item":"https:\/\/golandpop.com\/"},{"@type":"ListItem","position":2,"name":"Se llev\u00f3 a cabo en C\u00f3rdoba el Campeonato Nacional de Atletismo 2019"}]},{"@type":"WebSite","@id":"https:\/\/golandpop.com\/#website","url":"https:\/\/golandpop.com\/","name":"Golandpop","description":"","publisher":{"@id":"https:\/\/golandpop.com\/#organization"},"potentialAction":[{"@type":"SearchAction","target":{"@type":"EntryPoint","urlTemplate":"https:\/\/golandpop.com\/?s={search_term_string}"},"query-input":{"@type":"PropertyValueSpecification","valueRequired":true,"valueName":"search_term_string"}}],"inLanguage":"es-AR"},{"@type":"Organization","@id":"https:\/\/golandpop.com\/#organization","name":"GolandPop","url":"https:\/\/golandpop.com\/","logo":{"@type":"ImageObject","inLanguage":"es-AR","@id":"https:\/\/golandpop.com\/#\/schema\/logo\/image\/","url":"https:\/\/golandpop.com\/wp-content\/uploads\/2020\/04\/favicon_gol_pop.png","contentUrl":"https:\/\/golandpop.com\/wp-content\/uploads\/2020\/04\/favicon_gol_pop.png","width":246,"height":246,"caption":"GolandPop"},"image":{"@id":"https:\/\/golandpop.com\/#\/schema\/logo\/image\/"},"sameAs":["https:\/\/x.com\/golandpop","https:\/\/www.instagram.com\/golandpopcordoba\/"]},{"@type":"Person","@id":"https:\/\/golandpop.com\/#\/schema\/person\/6aacd356e5279fb35ec8cdff29bb8fab","name":"Matias Diaz","image":{"@type":"ImageObject","inLanguage":"es-AR","@id":"https:\/\/golandpop.com\/#\/schema\/person\/image\/","url":"https:\/\/secure.gravatar.com\/avatar\/7ad1f8b27776847fd57dfd9058fe31c88f93c1436c3087fec1a8aa48a8aecd9e?s=96&d=mm&r=g","contentUrl":"https:\/\/secure.gravatar.com\/avatar\/7ad1f8b27776847fd57dfd9058fe31c88f93c1436c3087fec1a8aa48a8aecd9e?s=96&d=mm&r=g","caption":"Matias Diaz"},"url":"https:\/\/golandpop.com\/index.php\/author\/mdiaz\/"}]}},"_links":{"self":[{"href":"https:\/\/golandpop.com\/index.php\/wp-json\/wp\/v2\/posts\/4295","targetHints":{"allow":["GET"]}}],"collection":[{"href":"https:\/\/golandpop.com\/index.php\/wp-json\/wp\/v2\/posts"}],"about":[{"href":"https:\/\/golandpop.com\/index.php\/wp-json\/wp\/v2\/types\/post"}],"author":[{"embeddable":true,"href":"https:\/\/golandpop.com\/index.php\/wp-json\/wp\/v2\/users\/13"}],"replies":[{"embeddable":true,"href":"https:\/\/golandpop.com\/index.php\/wp-json\/wp\/v2\/comments?post=4295"}],"version-history":[{"count":7,"href":"https:\/\/golandpop.com\/index.php\/wp-json\/wp\/v2\/posts\/4295\/revisions"}],"predecessor-version":[{"id":4310,"href":"https:\/\/golandpop.com\/index.php\/wp-json\/wp\/v2\/posts\/4295\/revisions\/4310"}],"wp:featuredmedia":[{"embeddable":true,"href":"https:\/\/golandpop.com\/index.php\/wp-json\/wp\/v2\/media\/4309"}],"wp:attachment":[{"href":"https:\/\/golandpop.com\/index.php\/wp-json\/wp\/v2\/media?parent=4295"}],"wp:term":[{"taxonomy":"category","embeddable":true,"href":"https:\/\/golandpop.com\/index.php\/wp-json\/wp\/v2\/categories?post=4295"},{"taxonomy":"post_tag","embeddable":true,"href":"https:\/\/golandpop.com\/index.php\/wp-json\/wp\/v2\/tags?post=4295"}],"curies":[{"name":"wp","href":"https:\/\/api.w.org\/{rel}","templated":true}]}}