{"id":3479,"date":"2020-02-11T01:33:58","date_gmt":"2020-02-11T01:33:58","guid":{"rendered":"http:\/\/golandpop.com\/?p=3479"},"modified":"2020-02-11T01:33:58","modified_gmt":"2020-02-11T01:33:58","slug":"talleres-rescato-el-primer-punto-del-ano-con-dos-hombres-menos","status":"publish","type":"post","link":"https:\/\/golandpop.com\/index.php\/2020\/02\/11\/talleres-rescato-el-primer-punto-del-ano-con-dos-hombres-menos\/","title":{"rendered":"Talleres rescat\u00f3 el primer punto del a\u00f1o con dos hombres menos"},"content":{"rendered":"\n<p>Con dos jugadores menos, <strong>Talleres sum\u00f3 el primer punto del a\u00f1o<\/strong> en el empate <strong>1-1 ante Arsenal<\/strong> de Sarand\u00ed en el Julio H. Grondona, en un encuentro correspondiente a la fecha 19 de la Superliga.<\/p>\n\n\n\n<p>El equipo cordob\u00e9s fue el encargado de abrir el marcador a los 28 minutos del primer tiempo y lo hizo por gol del brasile\u00f1o<strong> Guilherme Parede<\/strong>, que aprovech\u00f3 un rebote tras un <strong>penal atajado por Sappa a Fragapane<\/strong>. La jugada tuvo pol\u00e9mica por una invasi\u00f3n en el \u00e1rea por parte del autor del tanto Matador, pero el \u00e1rbitro Herrera -de floja actuaci\u00f3n-no lo advirti\u00f3. <\/p>\n\n\n\n<p>Casi al final de la primera parte, fue <strong>expulsado Diego Valoyes por doble amarilla<\/strong>, por una supuesta discusi\u00f3n con Garc\u00eda. Se presentaron muchos interrogantes luego de la roja, ya que ambas sanciones fueron dudosas.\u00a0<\/p>\n\n\n\n<figure class=\"wp-block-embed-twitter wp-block-embed is-type-rich\"><div class=\"wp-block-embed__wrapper\">\n<blockquote class=\"twitter-tweet\" data-width=\"550\" data-dnt=\"true\"><p lang=\"es\" dir=\"ltr\"><a href=\"https:\/\/twitter.com\/hashtag\/GolandPop?src=hash&amp;ref_src=twsrc%5Etfw\">#GolandPop<\/a> | \ud83d\udcf9\u26bd\ufe0f Sappa le ataj\u00f3 el penal a Fragapane, pero el brasile\u00f1o Guilherme Parede \ud83c\udde7\ud83c\uddf7 aprovech\u00f3 el rebote y marc\u00f3 su primer tanto con la camiseta de <a href=\"https:\/\/twitter.com\/hashtag\/Talleres?src=hash&amp;ref_src=twsrc%5Etfw\">#Talleres<\/a>. <a href=\"https:\/\/t.co\/1qomWwbAb7\">pic.twitter.com\/1qomWwbAb7<\/a><\/p>&mdash; Gol &amp; Pop (@golandpop) <a href=\"https:\/\/twitter.com\/golandpop\/status\/1227001099451801600?ref_src=twsrc%5Etfw\">February 10, 2020<\/a><\/blockquote><script async src=\"https:\/\/platform.twitter.com\/widgets.js\" charset=\"utf-8\"><\/script>\n<\/div><\/figure>\n\n\n\n<p>En el complemento, y aprovechando el hombre dem\u00e1s, <strong>Arsenal sali\u00f3 a buscar el empate<\/strong> y tan solo en cinco minutos luego de una gran corrida por derecha y mejor pase de Torrent, el delantero <strong>Juan Manuel Garc\u00eda igual\u00f3 el encuentro<\/strong> ante la pasividad de la defensa a\u00f1biazul. <\/p>\n\n\n\n<p>El partido sigui\u00f3 siendo ida y vuelta, hasta la <strong>expulsi\u00f3n de Leo Godoy<\/strong> por doble amarilla a los 32 minutos por un agarr\u00f3n a Cerica. Desde ese momento la cancha se inclin\u00f3 y todas las jugadas fueron de los locales.<\/p>\n\n\n\n<p>Cuando el reloj marcaba los 38&#8242; de la segunda mitad de un partido ya de por m\u00e1s dram\u00e1tico, el \u00e1rbitro Herrera sancion\u00f3 un penal para Arsenal tras una infracci\u00f3n del colombiano P\u00e9rez -fue titular- sobre Garc\u00eda en el \u00e1rea. La decisi\u00f3n arbitral gener\u00f3 quejas en el t\u00e9cnico <strong>Alexander Medina <\/strong>quien <strong>tambi\u00e9n vio la tarjeta roja<\/strong>. Sin embargo, <strong>Guido Herrera se transform\u00f3 en el h\u00e9roe<\/strong> de la noche al atajar el tiro desde los doce pasos del ex albiazul Nicol\u00e1s G\u00edmenez. El Matador lo sufri\u00f3 hasta \u00faltimo momento, pero se pudo llevar un gran punto para romper la racha de dos partidos sin sumar.\u00a0<\/p>\n\n\n\n<p><strong>Talleres qued\u00f3 con 25 puntos a s\u00f3lo cinco de acercarse a la zona de clasificaci\u00f3n de la Copa Sudamerican<\/strong>a. El s\u00e1bado 15 recibir\u00e1 a San Lorenzo por la fecha 20. Por su parte, Arsenal tiene 30 tantos a s\u00f3lo dos de la clasificaci\u00f3n a la Copa Libertadores 2021 y tendr\u00e1 que visitar a Independiente el lunes 17.\u00a0<\/p>\n\n\n\n<figure class=\"wp-block-embed-twitter wp-block-embed is-type-rich\"><div class=\"wp-block-embed__wrapper\">\n<blockquote class=\"twitter-tweet\" data-width=\"550\" data-dnt=\"true\"><p lang=\"es\" dir=\"ltr\"><a href=\"https:\/\/twitter.com\/hashtag\/GolandPop?src=hash&amp;ref_src=twsrc%5Etfw\">#GolandPop<\/a> | \ud83d\udde3 La palabra del arquero de <a href=\"https:\/\/twitter.com\/hashtag\/Talleres?src=hash&amp;ref_src=twsrc%5Etfw\">#Talleres<\/a>, Guido Herrera, sobre el arbitraje de Dar\u00edo Herrera, quien expuls\u00f3 a Valoyes y Godoy -ambas por doble amonestaci\u00f3n-.<br><br>\ud83d\udcac \u201cEn el f\u00fatbol argentino es muy dif\u00edcil jugar 11 contra 11, imaginate con dos menos\u201d <a href=\"https:\/\/t.co\/gEAt0YwGY0\">pic.twitter.com\/gEAt0YwGY0<\/a><\/p>&mdash; Gol &amp; Pop (@golandpop) <a href=\"https:\/\/twitter.com\/golandpop\/status\/1227027388279775234?ref_src=twsrc%5Etfw\">February 11, 2020<\/a><\/blockquote><script async src=\"https:\/\/platform.twitter.com\/widgets.js\" charset=\"utf-8\"><\/script>\n<\/div><\/figure>\n\n\n\n<h4 class=\"wp-block-heading\"><strong>S\u00edntesis del partido<\/strong><\/h4>\n\n\n\n<p><strong>Arsenal<\/strong>: Daniel Sappa; Fernando Torrent, Fabio Pereyra, Mateo Carabajal, Emiliano Papa;  Jes\u00fas Soraire (So\u00f1ora), Ezequiel Piovi, Gast\u00f3n \u00c1lvarez Su\u00e1rez (Antilef), Nicol\u00e1s Gim\u00e9nez; Juan Manuel Garc\u00eda y Juan Cruz Kaprof (Cerica) DT: Sergio Rondina<\/p>\n\n\n\n<p><strong>Talleres<\/strong>: Guido Herrera; Leonardo Godoy, Juan Cruz Komar, Rafael P\u00e9rez; Nahuel Tenaglia, Jos\u00e9 Mauri (Payero), Andr\u00e9s Cubas, Franco Fragapane (Gandolfi); Jonathan Men\u00e9ndez (Navarro), Guilherme Parede y Diego Valoyes. Director t\u00e9cnico: Alexander Medina<\/p>\n\n\n\n<p><strong>Amonestados<\/strong>: Payero, P\u00e9rez, Navarro y D.Moreno -banco- (Talleres); Torrent, Kaprof y Garc\u00eda (Arsenal)-<\/p>\n\n\n\n<p><strong>Expulsados<\/strong>: Valoyes y Godoy (Talleres)<\/p>\n\n\n\n<p><strong>\u00c1rbitro<\/strong>: Dar\u00edo Herrera<\/p>\n\n\n\n<figure class=\"wp-block-embed-youtube wp-block-embed is-type-rich wp-embed-aspect-16-9 wp-has-aspect-ratio\"><div class=\"wp-block-embed__wrapper\">\n<iframe title=\"Resumen de Arsenal vs Talleres (1-1) | Fecha 19 - Superliga Argentina 2019\/2020\" width=\"740\" height=\"416\" src=\"https:\/\/www.youtube.com\/embed\/vNuoQcc24fA?feature=oembed\" frameborder=\"0\" allow=\"accelerometer; autoplay; clipboard-write; encrypted-media; gyroscope; picture-in-picture\" allowfullscreen><\/iframe>\n<\/div><\/figure>\n","protected":false},"excerpt":{"rendered":"<p>Con dos jugadores menos, Talleres sum\u00f3 el primer punto del a\u00f1o en el empate 1-1 ante Arsenal de Sarand\u00ed en el Julio H. Grondona, en un encuentro correspondiente a la fecha 19 de la Superliga. El equipo cordob\u00e9s fue el encargado de abrir el marcador a los 28 minutos del primer tiempo y lo hizo [&hellip;]<\/p>\n","protected":false},"author":1,"featured_media":3482,"comment_status":"open","ping_status":"open","sticky":false,"template":"","format":"standard","meta":{"footnotes":""},"categories":[48],"tags":[65,80,129],"class_list":["post-3479","post","type-post","status-publish","format-standard","has-post-thumbnail","hentry","category-talleres","tag-superliga","tag-arsenal","tag-destacado"],"yoast_head":"<!-- This site is optimized with the Yoast SEO plugin v26.1.1 - https:\/\/yoast.com\/wordpress\/plugins\/seo\/ -->\n<title>Talleres rescat\u00f3 el primer punto del a\u00f1o con dos hombres menos - Golandpop<\/title>\n<meta name=\"robots\" content=\"index, follow, max-snippet:-1, max-image-preview:large, max-video-preview:-1\" \/>\n<link rel=\"canonical\" href=\"https:\/\/golandpop.com\/index.php\/2020\/02\/11\/talleres-rescato-el-primer-punto-del-ano-con-dos-hombres-menos\/\" \/>\n<meta property=\"og:locale\" content=\"es_ES\" \/>\n<meta property=\"og:type\" content=\"article\" \/>\n<meta property=\"og:title\" content=\"Talleres rescat\u00f3 el primer punto del a\u00f1o con dos hombres menos - Golandpop\" \/>\n<meta property=\"og:description\" content=\"Con dos jugadores menos, Talleres sum\u00f3 el primer punto del a\u00f1o en el empate 1-1 ante Arsenal de Sarand\u00ed en el Julio H. Grondona, en un encuentro correspondiente a la fecha 19 de la Superliga. El equipo cordob\u00e9s fue el encargado de abrir el marcador a los 28 minutos del primer tiempo y lo hizo [&hellip;]\" \/>\n<meta property=\"og:url\" content=\"https:\/\/golandpop.com\/index.php\/2020\/02\/11\/talleres-rescato-el-primer-punto-del-ano-con-dos-hombres-menos\/\" \/>\n<meta property=\"og:site_name\" content=\"Golandpop\" \/>\n<meta property=\"article:published_time\" content=\"2020-02-11T01:33:58+00:00\" \/>\n<meta property=\"og:image\" content=\"https:\/\/golandpop.com\/wp-content\/uploads\/2020\/02\/img_6649.jpg\" \/>\n\t<meta property=\"og:image:width\" content=\"2048\" \/>\n\t<meta property=\"og:image:height\" content=\"1440\" \/>\n\t<meta property=\"og:image:type\" content=\"image\/jpeg\" \/>\n<meta name=\"author\" content=\"Gol&amp;Pop\" \/>\n<meta name=\"twitter:card\" content=\"summary_large_image\" \/>\n<meta name=\"twitter:creator\" content=\"@golandpop\" \/>\n<meta name=\"twitter:site\" content=\"@golandpop\" \/>\n<meta name=\"twitter:label1\" content=\"Escrito por\" \/>\n\t<meta name=\"twitter:data1\" content=\"Gol&amp;Pop\" \/>\n\t<meta name=\"twitter:label2\" content=\"Tiempo de lectura\" \/>\n\t<meta name=\"twitter:data2\" content=\"3 minutos\" \/>\n<script type=\"application\/ld+json\" class=\"yoast-schema-graph\">{\"@context\":\"https:\/\/schema.org\",\"@graph\":[{\"@type\":\"Article\",\"@id\":\"https:\/\/golandpop.com\/index.php\/2020\/02\/11\/talleres-rescato-el-primer-punto-del-ano-con-dos-hombres-menos\/#article\",\"isPartOf\":{\"@id\":\"https:\/\/golandpop.com\/index.php\/2020\/02\/11\/talleres-rescato-el-primer-punto-del-ano-con-dos-hombres-menos\/\"},\"author\":{\"name\":\"Gol&amp;Pop\",\"@id\":\"https:\/\/golandpop.com\/#\/schema\/person\/2809725861e0da25eaffe2d9b29c9613\"},\"headline\":\"Talleres rescat\u00f3 el primer punto del a\u00f1o con dos hombres menos\",\"datePublished\":\"2020-02-11T01:33:58+00:00\",\"mainEntityOfPage\":{\"@id\":\"https:\/\/golandpop.com\/index.php\/2020\/02\/11\/talleres-rescato-el-primer-punto-del-ano-con-dos-hombres-menos\/\"},\"wordCount\":538,\"commentCount\":0,\"publisher\":{\"@id\":\"https:\/\/golandpop.com\/#organization\"},\"image\":{\"@id\":\"https:\/\/golandpop.com\/index.php\/2020\/02\/11\/talleres-rescato-el-primer-punto-del-ano-con-dos-hombres-menos\/#primaryimage\"},\"thumbnailUrl\":\"https:\/\/golandpop.com\/wp-content\/uploads\/2020\/02\/img_6649.jpg\",\"keywords\":[\"#SuperLiga\",\"Arsenal\",\"destacado\"],\"articleSection\":[\"Talleres\"],\"inLanguage\":\"es-AR\"},{\"@type\":\"WebPage\",\"@id\":\"https:\/\/golandpop.com\/index.php\/2020\/02\/11\/talleres-rescato-el-primer-punto-del-ano-con-dos-hombres-menos\/\",\"url\":\"https:\/\/golandpop.com\/index.php\/2020\/02\/11\/talleres-rescato-el-primer-punto-del-ano-con-dos-hombres-menos\/\",\"name\":\"Talleres rescat\u00f3 el primer punto del a\u00f1o con dos hombres menos - Golandpop\",\"isPartOf\":{\"@id\":\"https:\/\/golandpop.com\/#website\"},\"primaryImageOfPage\":{\"@id\":\"https:\/\/golandpop.com\/index.php\/2020\/02\/11\/talleres-rescato-el-primer-punto-del-ano-con-dos-hombres-menos\/#primaryimage\"},\"image\":{\"@id\":\"https:\/\/golandpop.com\/index.php\/2020\/02\/11\/talleres-rescato-el-primer-punto-del-ano-con-dos-hombres-menos\/#primaryimage\"},\"thumbnailUrl\":\"https:\/\/golandpop.com\/wp-content\/uploads\/2020\/02\/img_6649.jpg\",\"datePublished\":\"2020-02-11T01:33:58+00:00\",\"breadcrumb\":{\"@id\":\"https:\/\/golandpop.com\/index.php\/2020\/02\/11\/talleres-rescato-el-primer-punto-del-ano-con-dos-hombres-menos\/#breadcrumb\"},\"inLanguage\":\"es-AR\",\"potentialAction\":[{\"@type\":\"ReadAction\",\"target\":[\"https:\/\/golandpop.com\/index.php\/2020\/02\/11\/talleres-rescato-el-primer-punto-del-ano-con-dos-hombres-menos\/\"]}]},{\"@type\":\"ImageObject\",\"inLanguage\":\"es-AR\",\"@id\":\"https:\/\/golandpop.com\/index.php\/2020\/02\/11\/talleres-rescato-el-primer-punto-del-ano-con-dos-hombres-menos\/#primaryimage\",\"url\":\"https:\/\/golandpop.com\/wp-content\/uploads\/2020\/02\/img_6649.jpg\",\"contentUrl\":\"https:\/\/golandpop.com\/wp-content\/uploads\/2020\/02\/img_6649.jpg\",\"width\":2048,\"height\":1440},{\"@type\":\"BreadcrumbList\",\"@id\":\"https:\/\/golandpop.com\/index.php\/2020\/02\/11\/talleres-rescato-el-primer-punto-del-ano-con-dos-hombres-menos\/#breadcrumb\",\"itemListElement\":[{\"@type\":\"ListItem\",\"position\":1,\"name\":\"Inicio\",\"item\":\"https:\/\/golandpop.com\/\"},{\"@type\":\"ListItem\",\"position\":2,\"name\":\"Talleres rescat\u00f3 el primer punto del a\u00f1o con dos hombres menos\"}]},{\"@type\":\"WebSite\",\"@id\":\"https:\/\/golandpop.com\/#website\",\"url\":\"https:\/\/golandpop.com\/\",\"name\":\"Golandpop\",\"description\":\"\",\"publisher\":{\"@id\":\"https:\/\/golandpop.com\/#organization\"},\"potentialAction\":[{\"@type\":\"SearchAction\",\"target\":{\"@type\":\"EntryPoint\",\"urlTemplate\":\"https:\/\/golandpop.com\/?s={search_term_string}\"},\"query-input\":{\"@type\":\"PropertyValueSpecification\",\"valueRequired\":true,\"valueName\":\"search_term_string\"}}],\"inLanguage\":\"es-AR\"},{\"@type\":\"Organization\",\"@id\":\"https:\/\/golandpop.com\/#organization\",\"name\":\"GolandPop\",\"url\":\"https:\/\/golandpop.com\/\",\"logo\":{\"@type\":\"ImageObject\",\"inLanguage\":\"es-AR\",\"@id\":\"https:\/\/golandpop.com\/#\/schema\/logo\/image\/\",\"url\":\"https:\/\/golandpop.com\/wp-content\/uploads\/2020\/04\/favicon_gol_pop.png\",\"contentUrl\":\"https:\/\/golandpop.com\/wp-content\/uploads\/2020\/04\/favicon_gol_pop.png\",\"width\":246,\"height\":246,\"caption\":\"GolandPop\"},\"image\":{\"@id\":\"https:\/\/golandpop.com\/#\/schema\/logo\/image\/\"},\"sameAs\":[\"https:\/\/x.com\/golandpop\",\"https:\/\/www.instagram.com\/golandpopcordoba\/\"]},{\"@type\":\"Person\",\"@id\":\"https:\/\/golandpop.com\/#\/schema\/person\/2809725861e0da25eaffe2d9b29c9613\",\"name\":\"Gol&amp;Pop\",\"image\":{\"@type\":\"ImageObject\",\"inLanguage\":\"es-AR\",\"@id\":\"https:\/\/golandpop.com\/#\/schema\/person\/image\/\",\"url\":\"https:\/\/secure.gravatar.com\/avatar\/9a87ee051ca8c77f5d4070843ce2c78cdf95b858b950fb039151de955122f5f5?s=96&d=mm&r=g\",\"contentUrl\":\"https:\/\/secure.gravatar.com\/avatar\/9a87ee051ca8c77f5d4070843ce2c78cdf95b858b950fb039151de955122f5f5?s=96&d=mm&r=g\",\"caption\":\"Gol&amp;Pop\"},\"sameAs\":[\"http:\/\/golandpop.com\"],\"url\":\"https:\/\/golandpop.com\/index.php\/author\/admin\/\"}]}<\/script>\n<!-- \/ Yoast SEO plugin. -->","yoast_head_json":{"title":"Talleres rescat\u00f3 el primer punto del a\u00f1o con dos hombres menos - Golandpop","robots":{"index":"index","follow":"follow","max-snippet":"max-snippet:-1","max-image-preview":"max-image-preview:large","max-video-preview":"max-video-preview:-1"},"canonical":"https:\/\/golandpop.com\/index.php\/2020\/02\/11\/talleres-rescato-el-primer-punto-del-ano-con-dos-hombres-menos\/","og_locale":"es_ES","og_type":"article","og_title":"Talleres rescat\u00f3 el primer punto del a\u00f1o con dos hombres menos - Golandpop","og_description":"Con dos jugadores menos, Talleres sum\u00f3 el primer punto del a\u00f1o en el empate 1-1 ante Arsenal de Sarand\u00ed en el Julio H. Grondona, en un encuentro correspondiente a la fecha 19 de la Superliga. El equipo cordob\u00e9s fue el encargado de abrir el marcador a los 28 minutos del primer tiempo y lo hizo [&hellip;]","og_url":"https:\/\/golandpop.com\/index.php\/2020\/02\/11\/talleres-rescato-el-primer-punto-del-ano-con-dos-hombres-menos\/","og_site_name":"Golandpop","article_published_time":"2020-02-11T01:33:58+00:00","og_image":[{"width":2048,"height":1440,"url":"https:\/\/golandpop.com\/wp-content\/uploads\/2020\/02\/img_6649.jpg","type":"image\/jpeg"}],"author":"Gol&amp;Pop","twitter_card":"summary_large_image","twitter_creator":"@golandpop","twitter_site":"@golandpop","twitter_misc":{"Escrito por":"Gol&amp;Pop","Tiempo de lectura":"3 minutos"},"schema":{"@context":"https:\/\/schema.org","@graph":[{"@type":"Article","@id":"https:\/\/golandpop.com\/index.php\/2020\/02\/11\/talleres-rescato-el-primer-punto-del-ano-con-dos-hombres-menos\/#article","isPartOf":{"@id":"https:\/\/golandpop.com\/index.php\/2020\/02\/11\/talleres-rescato-el-primer-punto-del-ano-con-dos-hombres-menos\/"},"author":{"name":"Gol&amp;Pop","@id":"https:\/\/golandpop.com\/#\/schema\/person\/2809725861e0da25eaffe2d9b29c9613"},"headline":"Talleres rescat\u00f3 el primer punto del a\u00f1o con dos hombres menos","datePublished":"2020-02-11T01:33:58+00:00","mainEntityOfPage":{"@id":"https:\/\/golandpop.com\/index.php\/2020\/02\/11\/talleres-rescato-el-primer-punto-del-ano-con-dos-hombres-menos\/"},"wordCount":538,"commentCount":0,"publisher":{"@id":"https:\/\/golandpop.com\/#organization"},"image":{"@id":"https:\/\/golandpop.com\/index.php\/2020\/02\/11\/talleres-rescato-el-primer-punto-del-ano-con-dos-hombres-menos\/#primaryimage"},"thumbnailUrl":"https:\/\/golandpop.com\/wp-content\/uploads\/2020\/02\/img_6649.jpg","keywords":["#SuperLiga","Arsenal","destacado"],"articleSection":["Talleres"],"inLanguage":"es-AR"},{"@type":"WebPage","@id":"https:\/\/golandpop.com\/index.php\/2020\/02\/11\/talleres-rescato-el-primer-punto-del-ano-con-dos-hombres-menos\/","url":"https:\/\/golandpop.com\/index.php\/2020\/02\/11\/talleres-rescato-el-primer-punto-del-ano-con-dos-hombres-menos\/","name":"Talleres rescat\u00f3 el primer punto del a\u00f1o con dos hombres menos - Golandpop","isPartOf":{"@id":"https:\/\/golandpop.com\/#website"},"primaryImageOfPage":{"@id":"https:\/\/golandpop.com\/index.php\/2020\/02\/11\/talleres-rescato-el-primer-punto-del-ano-con-dos-hombres-menos\/#primaryimage"},"image":{"@id":"https:\/\/golandpop.com\/index.php\/2020\/02\/11\/talleres-rescato-el-primer-punto-del-ano-con-dos-hombres-menos\/#primaryimage"},"thumbnailUrl":"https:\/\/golandpop.com\/wp-content\/uploads\/2020\/02\/img_6649.jpg","datePublished":"2020-02-11T01:33:58+00:00","breadcrumb":{"@id":"https:\/\/golandpop.com\/index.php\/2020\/02\/11\/talleres-rescato-el-primer-punto-del-ano-con-dos-hombres-menos\/#breadcrumb"},"inLanguage":"es-AR","potentialAction":[{"@type":"ReadAction","target":["https:\/\/golandpop.com\/index.php\/2020\/02\/11\/talleres-rescato-el-primer-punto-del-ano-con-dos-hombres-menos\/"]}]},{"@type":"ImageObject","inLanguage":"es-AR","@id":"https:\/\/golandpop.com\/index.php\/2020\/02\/11\/talleres-rescato-el-primer-punto-del-ano-con-dos-hombres-menos\/#primaryimage","url":"https:\/\/golandpop.com\/wp-content\/uploads\/2020\/02\/img_6649.jpg","contentUrl":"https:\/\/golandpop.com\/wp-content\/uploads\/2020\/02\/img_6649.jpg","width":2048,"height":1440},{"@type":"BreadcrumbList","@id":"https:\/\/golandpop.com\/index.php\/2020\/02\/11\/talleres-rescato-el-primer-punto-del-ano-con-dos-hombres-menos\/#breadcrumb","itemListElement":[{"@type":"ListItem","position":1,"name":"Inicio","item":"https:\/\/golandpop.com\/"},{"@type":"ListItem","position":2,"name":"Talleres rescat\u00f3 el primer punto del a\u00f1o con dos hombres menos"}]},{"@type":"WebSite","@id":"https:\/\/golandpop.com\/#website","url":"https:\/\/golandpop.com\/","name":"Golandpop","description":"","publisher":{"@id":"https:\/\/golandpop.com\/#organization"},"potentialAction":[{"@type":"SearchAction","target":{"@type":"EntryPoint","urlTemplate":"https:\/\/golandpop.com\/?s={search_term_string}"},"query-input":{"@type":"PropertyValueSpecification","valueRequired":true,"valueName":"search_term_string"}}],"inLanguage":"es-AR"},{"@type":"Organization","@id":"https:\/\/golandpop.com\/#organization","name":"GolandPop","url":"https:\/\/golandpop.com\/","logo":{"@type":"ImageObject","inLanguage":"es-AR","@id":"https:\/\/golandpop.com\/#\/schema\/logo\/image\/","url":"https:\/\/golandpop.com\/wp-content\/uploads\/2020\/04\/favicon_gol_pop.png","contentUrl":"https:\/\/golandpop.com\/wp-content\/uploads\/2020\/04\/favicon_gol_pop.png","width":246,"height":246,"caption":"GolandPop"},"image":{"@id":"https:\/\/golandpop.com\/#\/schema\/logo\/image\/"},"sameAs":["https:\/\/x.com\/golandpop","https:\/\/www.instagram.com\/golandpopcordoba\/"]},{"@type":"Person","@id":"https:\/\/golandpop.com\/#\/schema\/person\/2809725861e0da25eaffe2d9b29c9613","name":"Gol&amp;Pop","image":{"@type":"ImageObject","inLanguage":"es-AR","@id":"https:\/\/golandpop.com\/#\/schema\/person\/image\/","url":"https:\/\/secure.gravatar.com\/avatar\/9a87ee051ca8c77f5d4070843ce2c78cdf95b858b950fb039151de955122f5f5?s=96&d=mm&r=g","contentUrl":"https:\/\/secure.gravatar.com\/avatar\/9a87ee051ca8c77f5d4070843ce2c78cdf95b858b950fb039151de955122f5f5?s=96&d=mm&r=g","caption":"Gol&amp;Pop"},"sameAs":["http:\/\/golandpop.com"],"url":"https:\/\/golandpop.com\/index.php\/author\/admin\/"}]}},"_links":{"self":[{"href":"https:\/\/golandpop.com\/index.php\/wp-json\/wp\/v2\/posts\/3479","targetHints":{"allow":["GET"]}}],"collection":[{"href":"https:\/\/golandpop.com\/index.php\/wp-json\/wp\/v2\/posts"}],"about":[{"href":"https:\/\/golandpop.com\/index.php\/wp-json\/wp\/v2\/types\/post"}],"author":[{"embeddable":true,"href":"https:\/\/golandpop.com\/index.php\/wp-json\/wp\/v2\/users\/1"}],"replies":[{"embeddable":true,"href":"https:\/\/golandpop.com\/index.php\/wp-json\/wp\/v2\/comments?post=3479"}],"version-history":[{"count":0,"href":"https:\/\/golandpop.com\/index.php\/wp-json\/wp\/v2\/posts\/3479\/revisions"}],"wp:featuredmedia":[{"embeddable":true,"href":"https:\/\/golandpop.com\/index.php\/wp-json\/wp\/v2\/media\/3482"}],"wp:attachment":[{"href":"https:\/\/golandpop.com\/index.php\/wp-json\/wp\/v2\/media?parent=3479"}],"wp:term":[{"taxonomy":"category","embeddable":true,"href":"https:\/\/golandpop.com\/index.php\/wp-json\/wp\/v2\/categories?post=3479"},{"taxonomy":"post_tag","embeddable":true,"href":"https:\/\/golandpop.com\/index.php\/wp-json\/wp\/v2\/tags?post=3479"}],"curies":[{"name":"wp","href":"https:\/\/api.w.org\/{rel}","templated":true}]}}