{"id":3429,"date":"2020-02-09T15:54:56","date_gmt":"2020-02-09T15:54:56","guid":{"rendered":"http:\/\/golandpop.com\/?p=3429"},"modified":"2020-02-09T15:54:56","modified_gmt":"2020-02-09T15:54:56","slug":"instituto-villa-dalmine-por-primera-nacional-un-regreso-con-la-ilusion-de-dar-pelea","status":"publish","type":"post","link":"https:\/\/golandpop.com\/index.php\/2020\/02\/09\/instituto-villa-dalmine-por-primera-nacional-un-regreso-con-la-ilusion-de-dar-pelea\/","title":{"rendered":"Instituto &#8211; Villa D\u00e1lmine, por Primera Nacional: un regreso con la ilusi\u00f3n de dar pelea"},"content":{"rendered":"\n<p><strong>Instituto <\/strong>tuvo una buena primera parte del torneo, pero comienza la segunda etapa con la intenci\u00f3n de mantener la ilusi\u00f3n de dar pelea en la<strong> Zona 2 de la Primera Nacional. <\/strong>Su regres\u00f3 ser\u00e1 frente a <strong>Villa D\u00e1lmine, desde las 19 <\/strong>en Alta C\u00f3rdoba.<\/p>\n\n\n\n<p><strong>Sin incorporaciones ni bajas, <\/strong>C\u00e9sar Zabala aprovech\u00f3 la pretemporada para retocar algunos aspectos del sistema de juego, como el ingreso de <strong>Facundo Silva <\/strong>para asociarlo con un<strong> Dami\u00e1n Arce<\/strong> que se encarg\u00f3, casi en soledad, de darle el f\u00fatbol a la Gloria en las primeras quince jornadas.<\/p>\n\n\n\n<p>En la delantera, el goleador <strong>Mateo Bajamich <\/strong>se mantiene firme como titular, pero lo que cambia para este nuevo arranque es su compa\u00f1\u00eda, con el ingreso de <strong>Francisco Apaolaza<\/strong>.<\/p>\n\n\n\n<figure class=\"wp-block-embed-twitter wp-block-embed is-type-rich\"><div class=\"wp-block-embed__wrapper\">\n<blockquote class=\"twitter-tweet\" data-width=\"550\" data-dnt=\"true\"><p lang=\"es\" dir=\"ltr\"><a href=\"https:\/\/twitter.com\/hashtag\/GolandPop?src=hash&amp;ref_src=twsrc%5Etfw\">#GolandPop<\/a> | \ud83d\udd34\u26aa\ufe0f \u00a1Que la Gloria salve el honor! <a href=\"https:\/\/twitter.com\/hashtag\/Instituto?src=hash&amp;ref_src=twsrc%5Etfw\">#Instituto<\/a> tiene un 2020 que lo tiene con ilusiones en la <a href=\"https:\/\/twitter.com\/hashtag\/PrimeraNacional?src=hash&amp;ref_src=twsrc%5Etfw\">#PrimeraNacional<\/a> y con el regreso a la <a href=\"https:\/\/twitter.com\/hashtag\/CopaArgentina?src=hash&amp;ref_src=twsrc%5Etfw\">#CopaArgentina<\/a>.<br><br>\ud83d\udcdd Por <a href=\"https:\/\/twitter.com\/Anasolari6?ref_src=twsrc%5Etfw\">@Anasolari6<\/a> <a href=\"https:\/\/t.co\/5fnHDW0y1W\">https:\/\/t.co\/5fnHDW0y1W<\/a><\/p>&mdash; Gol &amp; Pop (@golandpop) <a href=\"https:\/\/twitter.com\/golandpop\/status\/1226222682104090625?ref_src=twsrc%5Etfw\">February 8, 2020<\/a><\/blockquote><script async src=\"https:\/\/platform.twitter.com\/widgets.js\" charset=\"utf-8\"><\/script>\n<\/div><\/figure>\n\n\n\n<p>El rival de turno tiene algunas caras conocidas para el f\u00fatbol cordob\u00e9s, ya que es dirigido por<strong> Lucas Bovaglio <\/strong>y cuenta en la delantera con<strong> Catriel S\u00e1nchez<\/strong>, juvenil surgido en Talleres.<\/p>\n\n\n\n<p><strong>D\u00e1lmine est\u00e1 a solo dos puntos de un Instituto que logr\u00f3 meterse en la Copa Argentina<\/strong>, otro de los torneos que hace ilusione al publico albor rojo de cara al 2020. Sobre todo porque hac\u00eda dos a\u00f1os que no lograba estar en el certamen.<\/p>\n\n\n\n<p><strong>Instituto &#8211; Villa D\u00e1lmine&nbsp;<\/strong>lo viv\u00eds en vivo de la mano de&nbsp;<strong><a href=\"https:\/\/golandpop.com\/radio-en-vivo\/\">Gol &amp; Pop Radio<\/a>&nbsp;<\/strong>y los m\u00e1s de 40 medios que toman nuestra se\u00f1al.<\/p>\n\n\n\n<figure class=\"wp-block-embed-twitter wp-block-embed is-type-rich\"><div class=\"wp-block-embed__wrapper\">\n<blockquote class=\"twitter-tweet\" data-width=\"550\" data-dnt=\"true\"><p lang=\"es\" dir=\"ltr\">\u26bd\ufe0f \u00a1Confirmado por <a href=\"https:\/\/twitter.com\/afa?ref_src=twsrc%5Etfw\">@afa<\/a>! <br><br>Por 32avos de la <a href=\"https:\/\/twitter.com\/Copa_Argentina?ref_src=twsrc%5Etfw\">@Copa_Argentina<\/a>, enfrentaremos a <a href=\"https:\/\/twitter.com\/ClubPatronatoOf?ref_src=twsrc%5Etfw\">@ClubPatronatoOf<\/a> en cancha de <a href=\"https:\/\/twitter.com\/clubaunion?ref_src=twsrc%5Etfw\">@clubaunion<\/a> el 27 de febrero a las 20.05 h. \ud83c\udfc6\ud83d\udcaa<a href=\"https:\/\/twitter.com\/hashtag\/VamosInstituto?src=hash&amp;ref_src=twsrc%5Etfw\">#VamosInstituto<\/a> \ud83c\udde6\ud83c\uddf9 <a href=\"https:\/\/t.co\/VDqhSRJelN\">pic.twitter.com\/VDqhSRJelN<\/a><\/p>&mdash; Instituto ACC (@InstitutoACC) <a href=\"https:\/\/twitter.com\/InstitutoACC\/status\/1225826873323683841?ref_src=twsrc%5Etfw\">February 7, 2020<\/a><\/blockquote><script async src=\"https:\/\/platform.twitter.com\/widgets.js\" charset=\"utf-8\"><\/script>\n<\/div><\/figure>\n\n\n\n<p><strong>Posibles formaciones<\/strong><\/p>\n\n\n\n<p><strong>Instituto:&nbsp;<\/strong>Germ\u00e1n Salort; Franco Flores, Facundo Ag\u00fcero, Facundo Erpen y Emiliano Endrizzi; Ignacio Antonio y Juan Ignacio Sills; Dami\u00e1n Arce y Facundo Silva; Mateo Bajamich y Francisco Apaolaza. DT: C\u00e9sar Zabala.<\/p>\n\n\n\n<p><strong>Villa D\u00e1lmine:<\/strong>&nbsp;Juan Marcelo Ojeda; Nicol\u00e1s Sansotre, Alejandro Maciel, Juan Ignacio Alvacete y&nbsp;Nahuel Banegas; Lucas Cuevas, Federico Recalde y Nicol\u00e1s Del Priore; Brian Orosco; Alan Picazzo y Catriel S\u00e1nchez. DT: Lucas Bovaglio.<\/p>\n\n\n\n<p><strong>Hora:&nbsp;<\/strong>19.<\/p>\n\n\n\n<p><strong>\u00c1rbitro:\u00a0<\/strong>Pablo Gim\u00e9nez.<\/p>\n\n\n\n<p>Foto: Prensa Villa D\u00e1lmine.<\/p>\n","protected":false},"excerpt":{"rendered":"<p>Instituto tuvo una buena primera parte del torneo, pero comienza la segunda etapa con la intenci\u00f3n de mantener la ilusi\u00f3n de dar pelea en la Zona 2 de la Primera Nacional. Su regres\u00f3 ser\u00e1 frente a Villa D\u00e1lmine, desde las 19 en Alta C\u00f3rdoba. Sin incorporaciones ni bajas, C\u00e9sar Zabala aprovech\u00f3 la pretemporada para retocar [&hellip;]<\/p>\n","protected":false},"author":1,"featured_media":3437,"comment_status":"open","ping_status":"open","sticky":false,"template":"","format":"standard","meta":{"footnotes":""},"categories":[45],"tags":[129,226,272],"class_list":["post-3429","post","type-post","status-publish","format-standard","has-post-thumbnail","hentry","category-instituto","tag-destacado","tag-primera-nacional","tag-villa-dalmine"],"yoast_head":"<!-- This site is optimized with the Yoast SEO plugin v26.1.1 - https:\/\/yoast.com\/wordpress\/plugins\/seo\/ -->\n<title>Instituto - Villa D\u00e1lmine, por Primera Nacional: un regreso con la ilusi\u00f3n de dar pelea - Golandpop<\/title>\n<meta name=\"robots\" content=\"index, follow, max-snippet:-1, max-image-preview:large, max-video-preview:-1\" \/>\n<link rel=\"canonical\" href=\"https:\/\/golandpop.com\/index.php\/2020\/02\/09\/instituto-villa-dalmine-por-primera-nacional-un-regreso-con-la-ilusion-de-dar-pelea\/\" \/>\n<meta property=\"og:locale\" content=\"es_ES\" \/>\n<meta property=\"og:type\" content=\"article\" \/>\n<meta property=\"og:title\" content=\"Instituto - Villa D\u00e1lmine, por Primera Nacional: un regreso con la ilusi\u00f3n de dar pelea - Golandpop\" \/>\n<meta property=\"og:description\" content=\"Instituto tuvo una buena primera parte del torneo, pero comienza la segunda etapa con la intenci\u00f3n de mantener la ilusi\u00f3n de dar pelea en la Zona 2 de la Primera Nacional. Su regres\u00f3 ser\u00e1 frente a Villa D\u00e1lmine, desde las 19 en Alta C\u00f3rdoba. Sin incorporaciones ni bajas, C\u00e9sar Zabala aprovech\u00f3 la pretemporada para retocar [&hellip;]\" \/>\n<meta property=\"og:url\" content=\"https:\/\/golandpop.com\/index.php\/2020\/02\/09\/instituto-villa-dalmine-por-primera-nacional-un-regreso-con-la-ilusion-de-dar-pelea\/\" \/>\n<meta property=\"og:site_name\" content=\"Golandpop\" \/>\n<meta property=\"article:published_time\" content=\"2020-02-09T15:54:56+00:00\" \/>\n<meta property=\"og:image\" content=\"https:\/\/golandpop.com\/wp-content\/uploads\/2020\/02\/ecmsgliwwam8z8p.jpg\" \/>\n\t<meta property=\"og:image:width\" content=\"1200\" \/>\n\t<meta property=\"og:image:height\" content=\"655\" \/>\n\t<meta property=\"og:image:type\" content=\"image\/jpeg\" \/>\n<meta name=\"author\" content=\"Gol&amp;Pop\" \/>\n<meta name=\"twitter:card\" content=\"summary_large_image\" \/>\n<meta name=\"twitter:creator\" content=\"@golandpop\" \/>\n<meta name=\"twitter:site\" content=\"@golandpop\" \/>\n<meta name=\"twitter:label1\" content=\"Escrito por\" \/>\n\t<meta name=\"twitter:data1\" content=\"Gol&amp;Pop\" \/>\n\t<meta name=\"twitter:label2\" content=\"Tiempo de lectura\" \/>\n\t<meta name=\"twitter:data2\" content=\"2 minutos\" \/>\n<script type=\"application\/ld+json\" class=\"yoast-schema-graph\">{\"@context\":\"https:\/\/schema.org\",\"@graph\":[{\"@type\":\"Article\",\"@id\":\"https:\/\/golandpop.com\/index.php\/2020\/02\/09\/instituto-villa-dalmine-por-primera-nacional-un-regreso-con-la-ilusion-de-dar-pelea\/#article\",\"isPartOf\":{\"@id\":\"https:\/\/golandpop.com\/index.php\/2020\/02\/09\/instituto-villa-dalmine-por-primera-nacional-un-regreso-con-la-ilusion-de-dar-pelea\/\"},\"author\":{\"name\":\"Gol&amp;Pop\",\"@id\":\"https:\/\/golandpop.com\/#\/schema\/person\/2809725861e0da25eaffe2d9b29c9613\"},\"headline\":\"Instituto &#8211; Villa D\u00e1lmine, por Primera Nacional: un regreso con la ilusi\u00f3n de dar pelea\",\"datePublished\":\"2020-02-09T15:54:56+00:00\",\"mainEntityOfPage\":{\"@id\":\"https:\/\/golandpop.com\/index.php\/2020\/02\/09\/instituto-villa-dalmine-por-primera-nacional-un-regreso-con-la-ilusion-de-dar-pelea\/\"},\"wordCount\":353,\"commentCount\":0,\"publisher\":{\"@id\":\"https:\/\/golandpop.com\/#organization\"},\"image\":{\"@id\":\"https:\/\/golandpop.com\/index.php\/2020\/02\/09\/instituto-villa-dalmine-por-primera-nacional-un-regreso-con-la-ilusion-de-dar-pelea\/#primaryimage\"},\"thumbnailUrl\":\"https:\/\/golandpop.com\/wp-content\/uploads\/2020\/02\/ecmsgliwwam8z8p.jpg\",\"keywords\":[\"destacado\",\"Primera Nacional\",\"Villa Dalmine\"],\"articleSection\":[\"Instituto\"],\"inLanguage\":\"es-AR\"},{\"@type\":\"WebPage\",\"@id\":\"https:\/\/golandpop.com\/index.php\/2020\/02\/09\/instituto-villa-dalmine-por-primera-nacional-un-regreso-con-la-ilusion-de-dar-pelea\/\",\"url\":\"https:\/\/golandpop.com\/index.php\/2020\/02\/09\/instituto-villa-dalmine-por-primera-nacional-un-regreso-con-la-ilusion-de-dar-pelea\/\",\"name\":\"Instituto - Villa D\u00e1lmine, por Primera Nacional: un regreso con la ilusi\u00f3n de dar pelea - Golandpop\",\"isPartOf\":{\"@id\":\"https:\/\/golandpop.com\/#website\"},\"primaryImageOfPage\":{\"@id\":\"https:\/\/golandpop.com\/index.php\/2020\/02\/09\/instituto-villa-dalmine-por-primera-nacional-un-regreso-con-la-ilusion-de-dar-pelea\/#primaryimage\"},\"image\":{\"@id\":\"https:\/\/golandpop.com\/index.php\/2020\/02\/09\/instituto-villa-dalmine-por-primera-nacional-un-regreso-con-la-ilusion-de-dar-pelea\/#primaryimage\"},\"thumbnailUrl\":\"https:\/\/golandpop.com\/wp-content\/uploads\/2020\/02\/ecmsgliwwam8z8p.jpg\",\"datePublished\":\"2020-02-09T15:54:56+00:00\",\"breadcrumb\":{\"@id\":\"https:\/\/golandpop.com\/index.php\/2020\/02\/09\/instituto-villa-dalmine-por-primera-nacional-un-regreso-con-la-ilusion-de-dar-pelea\/#breadcrumb\"},\"inLanguage\":\"es-AR\",\"potentialAction\":[{\"@type\":\"ReadAction\",\"target\":[\"https:\/\/golandpop.com\/index.php\/2020\/02\/09\/instituto-villa-dalmine-por-primera-nacional-un-regreso-con-la-ilusion-de-dar-pelea\/\"]}]},{\"@type\":\"ImageObject\",\"inLanguage\":\"es-AR\",\"@id\":\"https:\/\/golandpop.com\/index.php\/2020\/02\/09\/instituto-villa-dalmine-por-primera-nacional-un-regreso-con-la-ilusion-de-dar-pelea\/#primaryimage\",\"url\":\"https:\/\/golandpop.com\/wp-content\/uploads\/2020\/02\/ecmsgliwwam8z8p.jpg\",\"contentUrl\":\"https:\/\/golandpop.com\/wp-content\/uploads\/2020\/02\/ecmsgliwwam8z8p.jpg\",\"width\":1200,\"height\":655},{\"@type\":\"BreadcrumbList\",\"@id\":\"https:\/\/golandpop.com\/index.php\/2020\/02\/09\/instituto-villa-dalmine-por-primera-nacional-un-regreso-con-la-ilusion-de-dar-pelea\/#breadcrumb\",\"itemListElement\":[{\"@type\":\"ListItem\",\"position\":1,\"name\":\"Inicio\",\"item\":\"https:\/\/golandpop.com\/\"},{\"@type\":\"ListItem\",\"position\":2,\"name\":\"Instituto &#8211; Villa D\u00e1lmine, por Primera Nacional: un regreso con la ilusi\u00f3n de dar pelea\"}]},{\"@type\":\"WebSite\",\"@id\":\"https:\/\/golandpop.com\/#website\",\"url\":\"https:\/\/golandpop.com\/\",\"name\":\"Golandpop\",\"description\":\"\",\"publisher\":{\"@id\":\"https:\/\/golandpop.com\/#organization\"},\"potentialAction\":[{\"@type\":\"SearchAction\",\"target\":{\"@type\":\"EntryPoint\",\"urlTemplate\":\"https:\/\/golandpop.com\/?s={search_term_string}\"},\"query-input\":{\"@type\":\"PropertyValueSpecification\",\"valueRequired\":true,\"valueName\":\"search_term_string\"}}],\"inLanguage\":\"es-AR\"},{\"@type\":\"Organization\",\"@id\":\"https:\/\/golandpop.com\/#organization\",\"name\":\"GolandPop\",\"url\":\"https:\/\/golandpop.com\/\",\"logo\":{\"@type\":\"ImageObject\",\"inLanguage\":\"es-AR\",\"@id\":\"https:\/\/golandpop.com\/#\/schema\/logo\/image\/\",\"url\":\"https:\/\/golandpop.com\/wp-content\/uploads\/2020\/04\/favicon_gol_pop.png\",\"contentUrl\":\"https:\/\/golandpop.com\/wp-content\/uploads\/2020\/04\/favicon_gol_pop.png\",\"width\":246,\"height\":246,\"caption\":\"GolandPop\"},\"image\":{\"@id\":\"https:\/\/golandpop.com\/#\/schema\/logo\/image\/\"},\"sameAs\":[\"https:\/\/x.com\/golandpop\",\"https:\/\/www.instagram.com\/golandpopcordoba\/\"]},{\"@type\":\"Person\",\"@id\":\"https:\/\/golandpop.com\/#\/schema\/person\/2809725861e0da25eaffe2d9b29c9613\",\"name\":\"Gol&amp;Pop\",\"image\":{\"@type\":\"ImageObject\",\"inLanguage\":\"es-AR\",\"@id\":\"https:\/\/golandpop.com\/#\/schema\/person\/image\/\",\"url\":\"https:\/\/secure.gravatar.com\/avatar\/9a87ee051ca8c77f5d4070843ce2c78cdf95b858b950fb039151de955122f5f5?s=96&d=mm&r=g\",\"contentUrl\":\"https:\/\/secure.gravatar.com\/avatar\/9a87ee051ca8c77f5d4070843ce2c78cdf95b858b950fb039151de955122f5f5?s=96&d=mm&r=g\",\"caption\":\"Gol&amp;Pop\"},\"sameAs\":[\"http:\/\/golandpop.com\"],\"url\":\"https:\/\/golandpop.com\/index.php\/author\/admin\/\"}]}<\/script>\n<!-- \/ Yoast SEO plugin. -->","yoast_head_json":{"title":"Instituto - Villa D\u00e1lmine, por Primera Nacional: un regreso con la ilusi\u00f3n de dar pelea - Golandpop","robots":{"index":"index","follow":"follow","max-snippet":"max-snippet:-1","max-image-preview":"max-image-preview:large","max-video-preview":"max-video-preview:-1"},"canonical":"https:\/\/golandpop.com\/index.php\/2020\/02\/09\/instituto-villa-dalmine-por-primera-nacional-un-regreso-con-la-ilusion-de-dar-pelea\/","og_locale":"es_ES","og_type":"article","og_title":"Instituto - Villa D\u00e1lmine, por Primera Nacional: un regreso con la ilusi\u00f3n de dar pelea - Golandpop","og_description":"Instituto tuvo una buena primera parte del torneo, pero comienza la segunda etapa con la intenci\u00f3n de mantener la ilusi\u00f3n de dar pelea en la Zona 2 de la Primera Nacional. Su regres\u00f3 ser\u00e1 frente a Villa D\u00e1lmine, desde las 19 en Alta C\u00f3rdoba. Sin incorporaciones ni bajas, C\u00e9sar Zabala aprovech\u00f3 la pretemporada para retocar [&hellip;]","og_url":"https:\/\/golandpop.com\/index.php\/2020\/02\/09\/instituto-villa-dalmine-por-primera-nacional-un-regreso-con-la-ilusion-de-dar-pelea\/","og_site_name":"Golandpop","article_published_time":"2020-02-09T15:54:56+00:00","og_image":[{"width":1200,"height":655,"url":"https:\/\/golandpop.com\/wp-content\/uploads\/2020\/02\/ecmsgliwwam8z8p.jpg","type":"image\/jpeg"}],"author":"Gol&amp;Pop","twitter_card":"summary_large_image","twitter_creator":"@golandpop","twitter_site":"@golandpop","twitter_misc":{"Escrito por":"Gol&amp;Pop","Tiempo de lectura":"2 minutos"},"schema":{"@context":"https:\/\/schema.org","@graph":[{"@type":"Article","@id":"https:\/\/golandpop.com\/index.php\/2020\/02\/09\/instituto-villa-dalmine-por-primera-nacional-un-regreso-con-la-ilusion-de-dar-pelea\/#article","isPartOf":{"@id":"https:\/\/golandpop.com\/index.php\/2020\/02\/09\/instituto-villa-dalmine-por-primera-nacional-un-regreso-con-la-ilusion-de-dar-pelea\/"},"author":{"name":"Gol&amp;Pop","@id":"https:\/\/golandpop.com\/#\/schema\/person\/2809725861e0da25eaffe2d9b29c9613"},"headline":"Instituto &#8211; Villa D\u00e1lmine, por Primera Nacional: un regreso con la ilusi\u00f3n de dar pelea","datePublished":"2020-02-09T15:54:56+00:00","mainEntityOfPage":{"@id":"https:\/\/golandpop.com\/index.php\/2020\/02\/09\/instituto-villa-dalmine-por-primera-nacional-un-regreso-con-la-ilusion-de-dar-pelea\/"},"wordCount":353,"commentCount":0,"publisher":{"@id":"https:\/\/golandpop.com\/#organization"},"image":{"@id":"https:\/\/golandpop.com\/index.php\/2020\/02\/09\/instituto-villa-dalmine-por-primera-nacional-un-regreso-con-la-ilusion-de-dar-pelea\/#primaryimage"},"thumbnailUrl":"https:\/\/golandpop.com\/wp-content\/uploads\/2020\/02\/ecmsgliwwam8z8p.jpg","keywords":["destacado","Primera Nacional","Villa Dalmine"],"articleSection":["Instituto"],"inLanguage":"es-AR"},{"@type":"WebPage","@id":"https:\/\/golandpop.com\/index.php\/2020\/02\/09\/instituto-villa-dalmine-por-primera-nacional-un-regreso-con-la-ilusion-de-dar-pelea\/","url":"https:\/\/golandpop.com\/index.php\/2020\/02\/09\/instituto-villa-dalmine-por-primera-nacional-un-regreso-con-la-ilusion-de-dar-pelea\/","name":"Instituto - Villa D\u00e1lmine, por Primera Nacional: un regreso con la ilusi\u00f3n de dar pelea - Golandpop","isPartOf":{"@id":"https:\/\/golandpop.com\/#website"},"primaryImageOfPage":{"@id":"https:\/\/golandpop.com\/index.php\/2020\/02\/09\/instituto-villa-dalmine-por-primera-nacional-un-regreso-con-la-ilusion-de-dar-pelea\/#primaryimage"},"image":{"@id":"https:\/\/golandpop.com\/index.php\/2020\/02\/09\/instituto-villa-dalmine-por-primera-nacional-un-regreso-con-la-ilusion-de-dar-pelea\/#primaryimage"},"thumbnailUrl":"https:\/\/golandpop.com\/wp-content\/uploads\/2020\/02\/ecmsgliwwam8z8p.jpg","datePublished":"2020-02-09T15:54:56+00:00","breadcrumb":{"@id":"https:\/\/golandpop.com\/index.php\/2020\/02\/09\/instituto-villa-dalmine-por-primera-nacional-un-regreso-con-la-ilusion-de-dar-pelea\/#breadcrumb"},"inLanguage":"es-AR","potentialAction":[{"@type":"ReadAction","target":["https:\/\/golandpop.com\/index.php\/2020\/02\/09\/instituto-villa-dalmine-por-primera-nacional-un-regreso-con-la-ilusion-de-dar-pelea\/"]}]},{"@type":"ImageObject","inLanguage":"es-AR","@id":"https:\/\/golandpop.com\/index.php\/2020\/02\/09\/instituto-villa-dalmine-por-primera-nacional-un-regreso-con-la-ilusion-de-dar-pelea\/#primaryimage","url":"https:\/\/golandpop.com\/wp-content\/uploads\/2020\/02\/ecmsgliwwam8z8p.jpg","contentUrl":"https:\/\/golandpop.com\/wp-content\/uploads\/2020\/02\/ecmsgliwwam8z8p.jpg","width":1200,"height":655},{"@type":"BreadcrumbList","@id":"https:\/\/golandpop.com\/index.php\/2020\/02\/09\/instituto-villa-dalmine-por-primera-nacional-un-regreso-con-la-ilusion-de-dar-pelea\/#breadcrumb","itemListElement":[{"@type":"ListItem","position":1,"name":"Inicio","item":"https:\/\/golandpop.com\/"},{"@type":"ListItem","position":2,"name":"Instituto &#8211; Villa D\u00e1lmine, por Primera Nacional: un regreso con la ilusi\u00f3n de dar pelea"}]},{"@type":"WebSite","@id":"https:\/\/golandpop.com\/#website","url":"https:\/\/golandpop.com\/","name":"Golandpop","description":"","publisher":{"@id":"https:\/\/golandpop.com\/#organization"},"potentialAction":[{"@type":"SearchAction","target":{"@type":"EntryPoint","urlTemplate":"https:\/\/golandpop.com\/?s={search_term_string}"},"query-input":{"@type":"PropertyValueSpecification","valueRequired":true,"valueName":"search_term_string"}}],"inLanguage":"es-AR"},{"@type":"Organization","@id":"https:\/\/golandpop.com\/#organization","name":"GolandPop","url":"https:\/\/golandpop.com\/","logo":{"@type":"ImageObject","inLanguage":"es-AR","@id":"https:\/\/golandpop.com\/#\/schema\/logo\/image\/","url":"https:\/\/golandpop.com\/wp-content\/uploads\/2020\/04\/favicon_gol_pop.png","contentUrl":"https:\/\/golandpop.com\/wp-content\/uploads\/2020\/04\/favicon_gol_pop.png","width":246,"height":246,"caption":"GolandPop"},"image":{"@id":"https:\/\/golandpop.com\/#\/schema\/logo\/image\/"},"sameAs":["https:\/\/x.com\/golandpop","https:\/\/www.instagram.com\/golandpopcordoba\/"]},{"@type":"Person","@id":"https:\/\/golandpop.com\/#\/schema\/person\/2809725861e0da25eaffe2d9b29c9613","name":"Gol&amp;Pop","image":{"@type":"ImageObject","inLanguage":"es-AR","@id":"https:\/\/golandpop.com\/#\/schema\/person\/image\/","url":"https:\/\/secure.gravatar.com\/avatar\/9a87ee051ca8c77f5d4070843ce2c78cdf95b858b950fb039151de955122f5f5?s=96&d=mm&r=g","contentUrl":"https:\/\/secure.gravatar.com\/avatar\/9a87ee051ca8c77f5d4070843ce2c78cdf95b858b950fb039151de955122f5f5?s=96&d=mm&r=g","caption":"Gol&amp;Pop"},"sameAs":["http:\/\/golandpop.com"],"url":"https:\/\/golandpop.com\/index.php\/author\/admin\/"}]}},"_links":{"self":[{"href":"https:\/\/golandpop.com\/index.php\/wp-json\/wp\/v2\/posts\/3429","targetHints":{"allow":["GET"]}}],"collection":[{"href":"https:\/\/golandpop.com\/index.php\/wp-json\/wp\/v2\/posts"}],"about":[{"href":"https:\/\/golandpop.com\/index.php\/wp-json\/wp\/v2\/types\/post"}],"author":[{"embeddable":true,"href":"https:\/\/golandpop.com\/index.php\/wp-json\/wp\/v2\/users\/1"}],"replies":[{"embeddable":true,"href":"https:\/\/golandpop.com\/index.php\/wp-json\/wp\/v2\/comments?post=3429"}],"version-history":[{"count":0,"href":"https:\/\/golandpop.com\/index.php\/wp-json\/wp\/v2\/posts\/3429\/revisions"}],"wp:featuredmedia":[{"embeddable":true,"href":"https:\/\/golandpop.com\/index.php\/wp-json\/wp\/v2\/media\/3437"}],"wp:attachment":[{"href":"https:\/\/golandpop.com\/index.php\/wp-json\/wp\/v2\/media?parent=3429"}],"wp:term":[{"taxonomy":"category","embeddable":true,"href":"https:\/\/golandpop.com\/index.php\/wp-json\/wp\/v2\/categories?post=3429"},{"taxonomy":"post_tag","embeddable":true,"href":"https:\/\/golandpop.com\/index.php\/wp-json\/wp\/v2\/tags?post=3429"}],"curies":[{"name":"wp","href":"https:\/\/api.w.org\/{rel}","templated":true}]}}