{"id":3394,"date":"2020-02-09T02:35:28","date_gmt":"2020-02-09T02:35:28","guid":{"rendered":"http:\/\/golandpop.com\/?p=3394"},"modified":"2020-02-09T02:35:28","modified_gmt":"2020-02-09T02:35:28","slug":"cordoba-open-schwartzman-se-metio-en-la-final","status":"publish","type":"post","link":"https:\/\/golandpop.com\/index.php\/2020\/02\/09\/cordoba-open-schwartzman-se-metio-en-la-final\/","title":{"rendered":"C\u00f3rdoba Open: Schwartzman se meti\u00f3 en la final"},"content":{"rendered":"\n<p>La segunda edici\u00f3n del <strong><a href=\"https:\/\/golandpop.com\/tag\/cordoba-open\/\">C\u00f3rdoba Open<\/a><\/strong> ya tiene sus finalistas y, al igual que en su estreno, tendr\u00e1 presencia argentina de la mano de un <strong>Diego Schwartzman<\/strong> que tuvo que luchar, caer y renacer para imponerse por <strong>6-1, 1-6 y 2-6 ante<\/strong> <strong>Laslo Djere<\/strong>.<\/p>\n\n\n\n<p>Peque fue el encargado de cerrar la jornada de s\u00e1bado con su enfrentamiento ante el serbio, que ven\u00eda de ser el verdugo en cuartos del campe\u00f3n defensor y local Juan Ignacio L\u00f3ndero.<\/p>\n\n\n\n<p>La primera semifinal tuvo el triunfo del chileno <strong>Cristian Gar\u00edn ante 2-6, 6-2 y 6-2 ante el eslovaco Andrej Martin<\/strong>.<\/p>\n\n\n\n<p><strong>El tenista argentino y el chileno se vieron las caras en tres oportunidades<\/strong> hasta ahora, con saldo a favor del &#8216;Peque&#8217; con dos victorias. Sin embargo, en el historial sobre canchas de polvo de ladrillo esta igualado en uno.<\/p>\n\n\n\n<figure class=\"wp-block-embed-twitter wp-block-embed is-type-rich\"><div class=\"wp-block-embed__wrapper\">\n<blockquote class=\"twitter-tweet\" data-width=\"550\" data-dnt=\"true\"><p lang=\"es\" dir=\"ltr\">Los momentos importantes de la victoria de <a href=\"https:\/\/twitter.com\/dieschwartzman?ref_src=twsrc%5Etfw\">@dieschwartzman<\/a> para meterse en la final del <a href=\"https:\/\/twitter.com\/hashtag\/CordobaOpen?src=hash&amp;ref_src=twsrc%5Etfw\">#CordobaOpen<\/a><a href=\"https:\/\/twitter.com\/ChevroletArg?ref_src=twsrc%5Etfw\">@ChevroletArg<\/a> <a href=\"https:\/\/t.co\/Xs5zonXLbe\">pic.twitter.com\/Xs5zonXLbe<\/a><\/p>&mdash; C\u00f3rdoba Open (@CordobaOpen) <a href=\"https:\/\/twitter.com\/CordobaOpen\/status\/1226347613735309313?ref_src=twsrc%5Etfw\">February 9, 2020<\/a><\/blockquote><script async src=\"https:\/\/platform.twitter.com\/widgets.js\" charset=\"utf-8\"><\/script>\n<\/div><\/figure>\n\n\n\n<h3 class=\"wp-block-heading\">El dobles <strong>tambi\u00e9n<\/strong> <strong>tendr\u00e1<\/strong> un <strong>tinte<\/strong> albiceleste<\/h3>\n\n\n\n<p>La acci\u00f3n comenzar\u00e1 a las 17.00 con la final del dobles que, al igual que en singles, tambi\u00e9n tendr\u00e1 presencia argentina de la mano de la dupla<strong> Leonardo Mayer y Andr\u00e9s Molteni<\/strong> -4\u00b0 preclasificados-, que en las semifinales del certamen se cargaron a los favoritos a quedarse con el torneo, el argentino<strong> Machi Gonz\u00e1lez<\/strong> y el franc\u00e9s Fabrice Martin, por 6-4, 6-3 y 10-8 en el s\u00faper tie-break.<\/p>\n\n\n\n<p>Los rivales de los albicelestes ser\u00e1n el brasilero <strong>Marcelo Demoliner y el neerland\u00e9s Matwe Middelkoop<\/strong> -3\u00b0 favoritos-, que en la jornada del s\u00e1bado se impusieron por 6-4 y 6-3 ante el uruguayo Ariel Behar y el ecuatoriano Gonzalo Escobar.<\/p>\n\n\n\n<figure class=\"wp-block-embed-twitter wp-block-embed is-type-rich\"><div class=\"wp-block-embed__wrapper\">\n<blockquote class=\"twitter-tweet\" data-width=\"550\" data-dnt=\"true\"><p lang=\"es\" dir=\"ltr\">Los esperamos a todos para disfrutar la jornada de las finales en el <a href=\"https:\/\/twitter.com\/hashtag\/CordobaOpen?src=hash&amp;ref_src=twsrc%5Etfw\">#CordobaOpen<\/a> \ud83d\udc47\ud83c\udffb <a href=\"https:\/\/t.co\/nkZjIYuuDy\">pic.twitter.com\/nkZjIYuuDy<\/a><\/p>&mdash; C\u00f3rdoba Open (@CordobaOpen) <a href=\"https:\/\/twitter.com\/CordobaOpen\/status\/1226523328237776899?ref_src=twsrc%5Etfw\">February 9, 2020<\/a><\/blockquote><script async src=\"https:\/\/platform.twitter.com\/widgets.js\" charset=\"utf-8\"><\/script>\n<\/div><\/figure>\n\n\n\n<p><strong>Foto<\/strong>: Prensa C\u00f3rdoba Open. <\/p>\n","protected":false},"excerpt":{"rendered":"<p>La segunda edici\u00f3n del C\u00f3rdoba Open ya tiene sus finalistas y, al igual que en su estreno, tendr\u00e1 presencia argentina de la mano de un Diego Schwartzman que tuvo que luchar, caer y renacer para imponerse por 6-1, 1-6 y 2-6 ante Laslo Djere. Peque fue el encargado de cerrar la jornada de s\u00e1bado con [&hellip;]<\/p>\n","protected":false},"author":1,"featured_media":3400,"comment_status":"open","ping_status":"open","sticky":false,"template":"","format":"standard","meta":{"footnotes":""},"categories":[49],"tags":[75,106,129,134,191,199],"class_list":["post-3394","post","type-post","status-publish","format-standard","has-post-thumbnail","hentry","category-tenis","tag-andres-molteni","tag-cordoba-open","tag-destacado","tag-diego-schwartzman","tag-leo-mayer","tag-machi-gonzalez"],"yoast_head":"<!-- This site is optimized with the Yoast SEO plugin v26.1.1 - https:\/\/yoast.com\/wordpress\/plugins\/seo\/ -->\n<title>C\u00f3rdoba Open: Schwartzman se meti\u00f3 en la final - Golandpop<\/title>\n<meta name=\"robots\" content=\"index, follow, max-snippet:-1, max-image-preview:large, max-video-preview:-1\" \/>\n<link rel=\"canonical\" href=\"https:\/\/golandpop.com\/index.php\/2020\/02\/09\/cordoba-open-schwartzman-se-metio-en-la-final\/\" \/>\n<meta property=\"og:locale\" content=\"es_ES\" \/>\n<meta property=\"og:type\" content=\"article\" \/>\n<meta property=\"og:title\" content=\"C\u00f3rdoba Open: Schwartzman se meti\u00f3 en la final - Golandpop\" \/>\n<meta property=\"og:description\" content=\"La segunda edici\u00f3n del C\u00f3rdoba Open ya tiene sus finalistas y, al igual que en su estreno, tendr\u00e1 presencia argentina de la mano de un Diego Schwartzman que tuvo que luchar, caer y renacer para imponerse por 6-1, 1-6 y 2-6 ante Laslo Djere. Peque fue el encargado de cerrar la jornada de s\u00e1bado con [&hellip;]\" \/>\n<meta property=\"og:url\" content=\"https:\/\/golandpop.com\/index.php\/2020\/02\/09\/cordoba-open-schwartzman-se-metio-en-la-final\/\" \/>\n<meta property=\"og:site_name\" content=\"Golandpop\" \/>\n<meta property=\"article:published_time\" content=\"2020-02-09T02:35:28+00:00\" \/>\n<meta property=\"og:image\" content=\"https:\/\/golandpop.com\/wp-content\/uploads\/2020\/02\/84125199_1071321983229340_2919860914640060650_n.jpg\" \/>\n\t<meta property=\"og:image:width\" content=\"1080\" \/>\n\t<meta property=\"og:image:height\" content=\"811\" \/>\n\t<meta property=\"og:image:type\" content=\"image\/jpeg\" \/>\n<meta name=\"author\" content=\"Gol&amp;Pop\" \/>\n<meta name=\"twitter:card\" content=\"summary_large_image\" \/>\n<meta name=\"twitter:creator\" content=\"@golandpop\" \/>\n<meta name=\"twitter:site\" content=\"@golandpop\" \/>\n<meta name=\"twitter:label1\" content=\"Escrito por\" \/>\n\t<meta name=\"twitter:data1\" content=\"Gol&amp;Pop\" \/>\n\t<meta name=\"twitter:label2\" content=\"Tiempo de lectura\" \/>\n\t<meta name=\"twitter:data2\" content=\"1 minuto\" \/>\n<script type=\"application\/ld+json\" class=\"yoast-schema-graph\">{\"@context\":\"https:\/\/schema.org\",\"@graph\":[{\"@type\":\"Article\",\"@id\":\"https:\/\/golandpop.com\/index.php\/2020\/02\/09\/cordoba-open-schwartzman-se-metio-en-la-final\/#article\",\"isPartOf\":{\"@id\":\"https:\/\/golandpop.com\/index.php\/2020\/02\/09\/cordoba-open-schwartzman-se-metio-en-la-final\/\"},\"author\":{\"name\":\"Gol&amp;Pop\",\"@id\":\"https:\/\/golandpop.com\/#\/schema\/person\/2809725861e0da25eaffe2d9b29c9613\"},\"headline\":\"C\u00f3rdoba Open: Schwartzman se meti\u00f3 en la final\",\"datePublished\":\"2020-02-09T02:35:28+00:00\",\"mainEntityOfPage\":{\"@id\":\"https:\/\/golandpop.com\/index.php\/2020\/02\/09\/cordoba-open-schwartzman-se-metio-en-la-final\/\"},\"wordCount\":289,\"commentCount\":0,\"publisher\":{\"@id\":\"https:\/\/golandpop.com\/#organization\"},\"image\":{\"@id\":\"https:\/\/golandpop.com\/index.php\/2020\/02\/09\/cordoba-open-schwartzman-se-metio-en-la-final\/#primaryimage\"},\"thumbnailUrl\":\"https:\/\/golandpop.com\/wp-content\/uploads\/2020\/02\/84125199_1071321983229340_2919860914640060650_n.jpg\",\"keywords\":[\"Andr\u00e9s Molteni\",\"C\u00f3rdoba Open\",\"destacado\",\"Diego Schwartzman\",\"Leo Mayer\",\"Machi Gonzalez\"],\"articleSection\":[\"Tenis\"],\"inLanguage\":\"es-AR\"},{\"@type\":\"WebPage\",\"@id\":\"https:\/\/golandpop.com\/index.php\/2020\/02\/09\/cordoba-open-schwartzman-se-metio-en-la-final\/\",\"url\":\"https:\/\/golandpop.com\/index.php\/2020\/02\/09\/cordoba-open-schwartzman-se-metio-en-la-final\/\",\"name\":\"C\u00f3rdoba Open: Schwartzman se meti\u00f3 en la final - Golandpop\",\"isPartOf\":{\"@id\":\"https:\/\/golandpop.com\/#website\"},\"primaryImageOfPage\":{\"@id\":\"https:\/\/golandpop.com\/index.php\/2020\/02\/09\/cordoba-open-schwartzman-se-metio-en-la-final\/#primaryimage\"},\"image\":{\"@id\":\"https:\/\/golandpop.com\/index.php\/2020\/02\/09\/cordoba-open-schwartzman-se-metio-en-la-final\/#primaryimage\"},\"thumbnailUrl\":\"https:\/\/golandpop.com\/wp-content\/uploads\/2020\/02\/84125199_1071321983229340_2919860914640060650_n.jpg\",\"datePublished\":\"2020-02-09T02:35:28+00:00\",\"breadcrumb\":{\"@id\":\"https:\/\/golandpop.com\/index.php\/2020\/02\/09\/cordoba-open-schwartzman-se-metio-en-la-final\/#breadcrumb\"},\"inLanguage\":\"es-AR\",\"potentialAction\":[{\"@type\":\"ReadAction\",\"target\":[\"https:\/\/golandpop.com\/index.php\/2020\/02\/09\/cordoba-open-schwartzman-se-metio-en-la-final\/\"]}]},{\"@type\":\"ImageObject\",\"inLanguage\":\"es-AR\",\"@id\":\"https:\/\/golandpop.com\/index.php\/2020\/02\/09\/cordoba-open-schwartzman-se-metio-en-la-final\/#primaryimage\",\"url\":\"https:\/\/golandpop.com\/wp-content\/uploads\/2020\/02\/84125199_1071321983229340_2919860914640060650_n.jpg\",\"contentUrl\":\"https:\/\/golandpop.com\/wp-content\/uploads\/2020\/02\/84125199_1071321983229340_2919860914640060650_n.jpg\",\"width\":1080,\"height\":811},{\"@type\":\"BreadcrumbList\",\"@id\":\"https:\/\/golandpop.com\/index.php\/2020\/02\/09\/cordoba-open-schwartzman-se-metio-en-la-final\/#breadcrumb\",\"itemListElement\":[{\"@type\":\"ListItem\",\"position\":1,\"name\":\"Inicio\",\"item\":\"https:\/\/golandpop.com\/\"},{\"@type\":\"ListItem\",\"position\":2,\"name\":\"C\u00f3rdoba Open: Schwartzman se meti\u00f3 en la final\"}]},{\"@type\":\"WebSite\",\"@id\":\"https:\/\/golandpop.com\/#website\",\"url\":\"https:\/\/golandpop.com\/\",\"name\":\"Golandpop\",\"description\":\"\",\"publisher\":{\"@id\":\"https:\/\/golandpop.com\/#organization\"},\"potentialAction\":[{\"@type\":\"SearchAction\",\"target\":{\"@type\":\"EntryPoint\",\"urlTemplate\":\"https:\/\/golandpop.com\/?s={search_term_string}\"},\"query-input\":{\"@type\":\"PropertyValueSpecification\",\"valueRequired\":true,\"valueName\":\"search_term_string\"}}],\"inLanguage\":\"es-AR\"},{\"@type\":\"Organization\",\"@id\":\"https:\/\/golandpop.com\/#organization\",\"name\":\"GolandPop\",\"url\":\"https:\/\/golandpop.com\/\",\"logo\":{\"@type\":\"ImageObject\",\"inLanguage\":\"es-AR\",\"@id\":\"https:\/\/golandpop.com\/#\/schema\/logo\/image\/\",\"url\":\"https:\/\/golandpop.com\/wp-content\/uploads\/2020\/04\/favicon_gol_pop.png\",\"contentUrl\":\"https:\/\/golandpop.com\/wp-content\/uploads\/2020\/04\/favicon_gol_pop.png\",\"width\":246,\"height\":246,\"caption\":\"GolandPop\"},\"image\":{\"@id\":\"https:\/\/golandpop.com\/#\/schema\/logo\/image\/\"},\"sameAs\":[\"https:\/\/x.com\/golandpop\",\"https:\/\/www.instagram.com\/golandpopcordoba\/\"]},{\"@type\":\"Person\",\"@id\":\"https:\/\/golandpop.com\/#\/schema\/person\/2809725861e0da25eaffe2d9b29c9613\",\"name\":\"Gol&amp;Pop\",\"image\":{\"@type\":\"ImageObject\",\"inLanguage\":\"es-AR\",\"@id\":\"https:\/\/golandpop.com\/#\/schema\/person\/image\/\",\"url\":\"https:\/\/secure.gravatar.com\/avatar\/9a87ee051ca8c77f5d4070843ce2c78cdf95b858b950fb039151de955122f5f5?s=96&d=mm&r=g\",\"contentUrl\":\"https:\/\/secure.gravatar.com\/avatar\/9a87ee051ca8c77f5d4070843ce2c78cdf95b858b950fb039151de955122f5f5?s=96&d=mm&r=g\",\"caption\":\"Gol&amp;Pop\"},\"sameAs\":[\"http:\/\/golandpop.com\"],\"url\":\"https:\/\/golandpop.com\/index.php\/author\/admin\/\"}]}<\/script>\n<!-- \/ Yoast SEO plugin. -->","yoast_head_json":{"title":"C\u00f3rdoba Open: Schwartzman se meti\u00f3 en la final - Golandpop","robots":{"index":"index","follow":"follow","max-snippet":"max-snippet:-1","max-image-preview":"max-image-preview:large","max-video-preview":"max-video-preview:-1"},"canonical":"https:\/\/golandpop.com\/index.php\/2020\/02\/09\/cordoba-open-schwartzman-se-metio-en-la-final\/","og_locale":"es_ES","og_type":"article","og_title":"C\u00f3rdoba Open: Schwartzman se meti\u00f3 en la final - Golandpop","og_description":"La segunda edici\u00f3n del C\u00f3rdoba Open ya tiene sus finalistas y, al igual que en su estreno, tendr\u00e1 presencia argentina de la mano de un Diego Schwartzman que tuvo que luchar, caer y renacer para imponerse por 6-1, 1-6 y 2-6 ante Laslo Djere. Peque fue el encargado de cerrar la jornada de s\u00e1bado con [&hellip;]","og_url":"https:\/\/golandpop.com\/index.php\/2020\/02\/09\/cordoba-open-schwartzman-se-metio-en-la-final\/","og_site_name":"Golandpop","article_published_time":"2020-02-09T02:35:28+00:00","og_image":[{"width":1080,"height":811,"url":"https:\/\/golandpop.com\/wp-content\/uploads\/2020\/02\/84125199_1071321983229340_2919860914640060650_n.jpg","type":"image\/jpeg"}],"author":"Gol&amp;Pop","twitter_card":"summary_large_image","twitter_creator":"@golandpop","twitter_site":"@golandpop","twitter_misc":{"Escrito por":"Gol&amp;Pop","Tiempo de lectura":"1 minuto"},"schema":{"@context":"https:\/\/schema.org","@graph":[{"@type":"Article","@id":"https:\/\/golandpop.com\/index.php\/2020\/02\/09\/cordoba-open-schwartzman-se-metio-en-la-final\/#article","isPartOf":{"@id":"https:\/\/golandpop.com\/index.php\/2020\/02\/09\/cordoba-open-schwartzman-se-metio-en-la-final\/"},"author":{"name":"Gol&amp;Pop","@id":"https:\/\/golandpop.com\/#\/schema\/person\/2809725861e0da25eaffe2d9b29c9613"},"headline":"C\u00f3rdoba Open: Schwartzman se meti\u00f3 en la final","datePublished":"2020-02-09T02:35:28+00:00","mainEntityOfPage":{"@id":"https:\/\/golandpop.com\/index.php\/2020\/02\/09\/cordoba-open-schwartzman-se-metio-en-la-final\/"},"wordCount":289,"commentCount":0,"publisher":{"@id":"https:\/\/golandpop.com\/#organization"},"image":{"@id":"https:\/\/golandpop.com\/index.php\/2020\/02\/09\/cordoba-open-schwartzman-se-metio-en-la-final\/#primaryimage"},"thumbnailUrl":"https:\/\/golandpop.com\/wp-content\/uploads\/2020\/02\/84125199_1071321983229340_2919860914640060650_n.jpg","keywords":["Andr\u00e9s Molteni","C\u00f3rdoba Open","destacado","Diego Schwartzman","Leo Mayer","Machi Gonzalez"],"articleSection":["Tenis"],"inLanguage":"es-AR"},{"@type":"WebPage","@id":"https:\/\/golandpop.com\/index.php\/2020\/02\/09\/cordoba-open-schwartzman-se-metio-en-la-final\/","url":"https:\/\/golandpop.com\/index.php\/2020\/02\/09\/cordoba-open-schwartzman-se-metio-en-la-final\/","name":"C\u00f3rdoba Open: Schwartzman se meti\u00f3 en la final - Golandpop","isPartOf":{"@id":"https:\/\/golandpop.com\/#website"},"primaryImageOfPage":{"@id":"https:\/\/golandpop.com\/index.php\/2020\/02\/09\/cordoba-open-schwartzman-se-metio-en-la-final\/#primaryimage"},"image":{"@id":"https:\/\/golandpop.com\/index.php\/2020\/02\/09\/cordoba-open-schwartzman-se-metio-en-la-final\/#primaryimage"},"thumbnailUrl":"https:\/\/golandpop.com\/wp-content\/uploads\/2020\/02\/84125199_1071321983229340_2919860914640060650_n.jpg","datePublished":"2020-02-09T02:35:28+00:00","breadcrumb":{"@id":"https:\/\/golandpop.com\/index.php\/2020\/02\/09\/cordoba-open-schwartzman-se-metio-en-la-final\/#breadcrumb"},"inLanguage":"es-AR","potentialAction":[{"@type":"ReadAction","target":["https:\/\/golandpop.com\/index.php\/2020\/02\/09\/cordoba-open-schwartzman-se-metio-en-la-final\/"]}]},{"@type":"ImageObject","inLanguage":"es-AR","@id":"https:\/\/golandpop.com\/index.php\/2020\/02\/09\/cordoba-open-schwartzman-se-metio-en-la-final\/#primaryimage","url":"https:\/\/golandpop.com\/wp-content\/uploads\/2020\/02\/84125199_1071321983229340_2919860914640060650_n.jpg","contentUrl":"https:\/\/golandpop.com\/wp-content\/uploads\/2020\/02\/84125199_1071321983229340_2919860914640060650_n.jpg","width":1080,"height":811},{"@type":"BreadcrumbList","@id":"https:\/\/golandpop.com\/index.php\/2020\/02\/09\/cordoba-open-schwartzman-se-metio-en-la-final\/#breadcrumb","itemListElement":[{"@type":"ListItem","position":1,"name":"Inicio","item":"https:\/\/golandpop.com\/"},{"@type":"ListItem","position":2,"name":"C\u00f3rdoba Open: Schwartzman se meti\u00f3 en la final"}]},{"@type":"WebSite","@id":"https:\/\/golandpop.com\/#website","url":"https:\/\/golandpop.com\/","name":"Golandpop","description":"","publisher":{"@id":"https:\/\/golandpop.com\/#organization"},"potentialAction":[{"@type":"SearchAction","target":{"@type":"EntryPoint","urlTemplate":"https:\/\/golandpop.com\/?s={search_term_string}"},"query-input":{"@type":"PropertyValueSpecification","valueRequired":true,"valueName":"search_term_string"}}],"inLanguage":"es-AR"},{"@type":"Organization","@id":"https:\/\/golandpop.com\/#organization","name":"GolandPop","url":"https:\/\/golandpop.com\/","logo":{"@type":"ImageObject","inLanguage":"es-AR","@id":"https:\/\/golandpop.com\/#\/schema\/logo\/image\/","url":"https:\/\/golandpop.com\/wp-content\/uploads\/2020\/04\/favicon_gol_pop.png","contentUrl":"https:\/\/golandpop.com\/wp-content\/uploads\/2020\/04\/favicon_gol_pop.png","width":246,"height":246,"caption":"GolandPop"},"image":{"@id":"https:\/\/golandpop.com\/#\/schema\/logo\/image\/"},"sameAs":["https:\/\/x.com\/golandpop","https:\/\/www.instagram.com\/golandpopcordoba\/"]},{"@type":"Person","@id":"https:\/\/golandpop.com\/#\/schema\/person\/2809725861e0da25eaffe2d9b29c9613","name":"Gol&amp;Pop","image":{"@type":"ImageObject","inLanguage":"es-AR","@id":"https:\/\/golandpop.com\/#\/schema\/person\/image\/","url":"https:\/\/secure.gravatar.com\/avatar\/9a87ee051ca8c77f5d4070843ce2c78cdf95b858b950fb039151de955122f5f5?s=96&d=mm&r=g","contentUrl":"https:\/\/secure.gravatar.com\/avatar\/9a87ee051ca8c77f5d4070843ce2c78cdf95b858b950fb039151de955122f5f5?s=96&d=mm&r=g","caption":"Gol&amp;Pop"},"sameAs":["http:\/\/golandpop.com"],"url":"https:\/\/golandpop.com\/index.php\/author\/admin\/"}]}},"_links":{"self":[{"href":"https:\/\/golandpop.com\/index.php\/wp-json\/wp\/v2\/posts\/3394","targetHints":{"allow":["GET"]}}],"collection":[{"href":"https:\/\/golandpop.com\/index.php\/wp-json\/wp\/v2\/posts"}],"about":[{"href":"https:\/\/golandpop.com\/index.php\/wp-json\/wp\/v2\/types\/post"}],"author":[{"embeddable":true,"href":"https:\/\/golandpop.com\/index.php\/wp-json\/wp\/v2\/users\/1"}],"replies":[{"embeddable":true,"href":"https:\/\/golandpop.com\/index.php\/wp-json\/wp\/v2\/comments?post=3394"}],"version-history":[{"count":0,"href":"https:\/\/golandpop.com\/index.php\/wp-json\/wp\/v2\/posts\/3394\/revisions"}],"wp:featuredmedia":[{"embeddable":true,"href":"https:\/\/golandpop.com\/index.php\/wp-json\/wp\/v2\/media\/3400"}],"wp:attachment":[{"href":"https:\/\/golandpop.com\/index.php\/wp-json\/wp\/v2\/media?parent=3394"}],"wp:term":[{"taxonomy":"category","embeddable":true,"href":"https:\/\/golandpop.com\/index.php\/wp-json\/wp\/v2\/categories?post=3394"},{"taxonomy":"post_tag","embeddable":true,"href":"https:\/\/golandpop.com\/index.php\/wp-json\/wp\/v2\/tags?post=3394"}],"curies":[{"name":"wp","href":"https:\/\/api.w.org\/{rel}","templated":true}]}}