{"id":27354,"date":"2023-12-29T10:01:40","date_gmt":"2023-12-29T13:01:40","guid":{"rendered":"https:\/\/golandpop.com\/?p=27354"},"modified":"2023-12-29T10:01:43","modified_gmt":"2023-12-29T13:01:43","slug":"el-pirata-volvio-a-los-entrenamientos-en-villa-esquiu","status":"publish","type":"post","link":"https:\/\/golandpop.com\/index.php\/2023\/12\/29\/el-pirata-volvio-a-los-entrenamientos-en-villa-esquiu\/","title":{"rendered":"El Pirata volvi\u00f3 a los entrenamientos en Villa Esqui\u00fa"},"content":{"rendered":"\n<p><em>Belgrano regres\u00f3 a las pr\u00e1cticas luego de sus d\u00edas de descanso tras la finalizaci\u00f3n del Torneo de la Copa de la Liga. El Pirata se prepara para jugar un torneo internacional amistoso en Uruguay.<\/em><\/p>\n\n\n\n<p>El equipo de Barrio Alberdi volvi\u00f3 a entrenar en el Predio de Villa Esqui\u00fa de cara a la triple competencia que tendr\u00e1 la &#8220;B&#8221; en el 2024: <a href=\"https:\/\/golandpop.com\/?s=Copa+Argentina\">Copa Argentina<\/a>, <a href=\"https:\/\/golandpop.com\/?s=Copa+Liga\">Copa de la Liga<\/a> y <a href=\"https:\/\/golandpop.com\/?s=Copa+Sudamericana\">Copa Sudamericana<\/a>.<\/p>\n\n\n\n<figure class=\"wp-block-image size-large\"><img fetchpriority=\"high\" decoding=\"async\" width=\"1024\" height=\"683\" src=\"https:\/\/golandpop.com\/wp-content\/uploads\/2023\/12\/Farre-1024x683.jpg\" alt=\"\" class=\"wp-image-27360\" srcset=\"https:\/\/golandpop.com\/wp-content\/uploads\/2023\/12\/Farre-1024x683.jpg 1024w, https:\/\/golandpop.com\/wp-content\/uploads\/2023\/12\/Farre-300x200.jpg 300w, https:\/\/golandpop.com\/wp-content\/uploads\/2023\/12\/Farre-768x512.jpg 768w, https:\/\/golandpop.com\/wp-content\/uploads\/2023\/12\/Farre-1536x1024.jpg 1536w, https:\/\/golandpop.com\/wp-content\/uploads\/2023\/12\/Farre-2048x1366.jpg 2048w\" sizes=\"(max-width: 1024px) 100vw, 1024px\" \/><\/figure>\n\n\n\n<p>El entrenador <a href=\"https:\/\/golandpop.com\/?s=Farre\">Guillermo Farr\u00e9<\/a> que renov\u00f3 contrato por un a\u00f1o m\u00e1s dirigi\u00f3 la pr\u00e1ctica.<\/p>\n\n\n\n<p>Los futbolistas realizaron trabajos f\u00edsicos y de coordinaci\u00f3n en la ma\u00f1ana del mi\u00e9rcoles.<\/p>\n\n\n\n<p>Los ausentes que finalizaron sus contratos fueron Francisco Oliver, Lucas Diarte, Andr\u00e9s Amaya, Diego Novaretti y el defensor Erik Godoy que no renovar\u00e1 con el club.<\/p>\n\n\n\n<p>En cuanto a posibles refuerzos suenan Francisco Gonz\u00e1lez Metilli e Iv\u00e1n G\u00f3mez de Estudiantes de La Plata a quien le hicieron una oferta y fue rechazada por el club pincharrata. <a href=\"https:\/\/golandpop.com\/?s=Belgrano\">Belgrano<\/a> har\u00eda un nuevo intento por el jugador de 26 a\u00f1os que jug\u00f3 en Newells donde disput\u00f3 42 partidos, marc\u00f3 dos goles y di\u00f3 dos asistencias.<\/p>\n\n\n\n<p>Adem\u00e1s, el club de Barrio Alberdi oficializ\u00f3 la continuidad de Franco Jara. El delantero de 35 a\u00f1os continuar\u00e1 al menos hasta diciembre de 2024.<\/p>\n\n\n\n<p>Los jugadores entrenar\u00e1n este viernes en doble turno y trabajar\u00e1n en Villa Esqui\u00fa hasta el s\u00e1bado 30 inclusive cuando ser\u00e1n licenciados hasta despu\u00e9s de las fiestas de fin de a\u00f1o para encarar la parte m\u00e1s dura de la pretemporada.<\/p>\n\n\n\n<figure class=\"wp-block-embed-twitter wp-block-embed is-type-rich is-provider-twitter\"><div class=\"wp-block-embed__wrapper\">\n<blockquote class=\"twitter-tweet\" data-width=\"550\" data-dnt=\"true\"><p lang=\"es\" dir=\"ltr\">\ud83c\udff4\u200d\u2620\ufe0f \u00a1Franco Jara sigue!<br><br>\u270d\ufe0f El delantero pirata renov\u00f3 su contrato con <a href=\"https:\/\/twitter.com\/hashtag\/Belgrano?src=hash&amp;ref_src=twsrc%5Etfw\">#Belgrano<\/a>, hasta diciembre de 2024.<br><br>\u00a1Vamos por m\u00e1s, Franco!<a href=\"https:\/\/twitter.com\/hashtag\/BelgranoVamos?src=hash&amp;ref_src=twsrc%5Etfw\">#BelgranoVamos<\/a> <a href=\"https:\/\/t.co\/K3kPIwx2FQ\">pic.twitter.com\/K3kPIwx2FQ<\/a><\/p>&mdash; Belgrano (@Belgrano) <a href=\"https:\/\/twitter.com\/Belgrano\/status\/1740425812103590239?ref_src=twsrc%5Etfw\">December 28, 2023<\/a><\/blockquote><script async src=\"https:\/\/platform.twitter.com\/widgets.js\" charset=\"utf-8\"><\/script>\n<\/div><\/figure>\n","protected":false},"excerpt":{"rendered":"<p>Belgrano se prepara para el 2024<\/p>\n","protected":false},"author":1,"featured_media":27359,"comment_status":"open","ping_status":"open","sticky":false,"template":"","format":"standard","meta":{"footnotes":""},"categories":[777,29,33],"tags":[97,116,680,1751,1752,950,1374],"class_list":["post-27354","post","type-post","status-publish","format-standard","has-post-thumbnail","hentry","category-actualidad","category-agenda","category-belgrano","tag-belgrano","tag-copa-argentina","tag-copa-de-la","tag-franco-jara","tag-mercado","tag-portada","tag-refuerzos"],"yoast_head":"<!-- This site is optimized with the Yoast SEO plugin v26.1.1 - https:\/\/yoast.com\/wordpress\/plugins\/seo\/ -->\n<title>El Pirata volvi\u00f3 a los entrenamientos en Villa Esqui\u00fa - Golandpop<\/title>\n<meta name=\"robots\" content=\"index, follow, max-snippet:-1, max-image-preview:large, max-video-preview:-1\" \/>\n<link rel=\"canonical\" href=\"https:\/\/golandpop.com\/index.php\/2023\/12\/29\/el-pirata-volvio-a-los-entrenamientos-en-villa-esquiu\/\" \/>\n<meta property=\"og:locale\" content=\"es_ES\" \/>\n<meta property=\"og:type\" content=\"article\" \/>\n<meta property=\"og:title\" content=\"El Pirata volvi\u00f3 a los entrenamientos en Villa Esqui\u00fa - Golandpop\" \/>\n<meta property=\"og:description\" content=\"Belgrano se prepara para el 2024\" \/>\n<meta property=\"og:url\" content=\"https:\/\/golandpop.com\/index.php\/2023\/12\/29\/el-pirata-volvio-a-los-entrenamientos-en-villa-esquiu\/\" \/>\n<meta property=\"og:site_name\" content=\"Golandpop\" \/>\n<meta property=\"article:published_time\" content=\"2023-12-29T13:01:40+00:00\" \/>\n<meta property=\"article:modified_time\" content=\"2023-12-29T13:01:43+00:00\" \/>\n<meta property=\"og:image\" content=\"https:\/\/golandpop.com\/wp-content\/uploads\/2023\/12\/Belgrano-scaled.jpg\" \/>\n\t<meta property=\"og:image:width\" content=\"2560\" \/>\n\t<meta property=\"og:image:height\" content=\"1707\" \/>\n\t<meta property=\"og:image:type\" content=\"image\/jpeg\" \/>\n<meta name=\"author\" content=\"Gol&amp;Pop\" \/>\n<meta name=\"twitter:card\" content=\"summary_large_image\" \/>\n<meta name=\"twitter:creator\" content=\"@golandpop\" \/>\n<meta name=\"twitter:site\" content=\"@golandpop\" \/>\n<meta name=\"twitter:label1\" content=\"Escrito por\" \/>\n\t<meta name=\"twitter:data1\" content=\"Gol&amp;Pop\" \/>\n\t<meta name=\"twitter:label2\" content=\"Tiempo de lectura\" \/>\n\t<meta name=\"twitter:data2\" content=\"1 minuto\" \/>\n<script type=\"application\/ld+json\" class=\"yoast-schema-graph\">{\"@context\":\"https:\/\/schema.org\",\"@graph\":[{\"@type\":\"Article\",\"@id\":\"https:\/\/golandpop.com\/index.php\/2023\/12\/29\/el-pirata-volvio-a-los-entrenamientos-en-villa-esquiu\/#article\",\"isPartOf\":{\"@id\":\"https:\/\/golandpop.com\/index.php\/2023\/12\/29\/el-pirata-volvio-a-los-entrenamientos-en-villa-esquiu\/\"},\"author\":{\"name\":\"Gol&amp;Pop\",\"@id\":\"https:\/\/golandpop.com\/#\/schema\/person\/2809725861e0da25eaffe2d9b29c9613\"},\"headline\":\"El Pirata volvi\u00f3 a los entrenamientos en Villa Esqui\u00fa\",\"datePublished\":\"2023-12-29T13:01:40+00:00\",\"dateModified\":\"2023-12-29T13:01:43+00:00\",\"mainEntityOfPage\":{\"@id\":\"https:\/\/golandpop.com\/index.php\/2023\/12\/29\/el-pirata-volvio-a-los-entrenamientos-en-villa-esquiu\/\"},\"wordCount\":275,\"commentCount\":0,\"publisher\":{\"@id\":\"https:\/\/golandpop.com\/#organization\"},\"image\":{\"@id\":\"https:\/\/golandpop.com\/index.php\/2023\/12\/29\/el-pirata-volvio-a-los-entrenamientos-en-villa-esquiu\/#primaryimage\"},\"thumbnailUrl\":\"https:\/\/golandpop.com\/wp-content\/uploads\/2023\/12\/Belgrano-scaled.jpg\",\"keywords\":[\"Belgrano\",\"Copa Argentina\",\"Copa de la\",\"Franco Jara\",\"Mercado\",\"portada\",\"Refuerzos\"],\"articleSection\":[\"Actualidad\",\"Agenda\",\"Belgrano\"],\"inLanguage\":\"es-AR\"},{\"@type\":\"WebPage\",\"@id\":\"https:\/\/golandpop.com\/index.php\/2023\/12\/29\/el-pirata-volvio-a-los-entrenamientos-en-villa-esquiu\/\",\"url\":\"https:\/\/golandpop.com\/index.php\/2023\/12\/29\/el-pirata-volvio-a-los-entrenamientos-en-villa-esquiu\/\",\"name\":\"El Pirata volvi\u00f3 a los entrenamientos en Villa Esqui\u00fa - Golandpop\",\"isPartOf\":{\"@id\":\"https:\/\/golandpop.com\/#website\"},\"primaryImageOfPage\":{\"@id\":\"https:\/\/golandpop.com\/index.php\/2023\/12\/29\/el-pirata-volvio-a-los-entrenamientos-en-villa-esquiu\/#primaryimage\"},\"image\":{\"@id\":\"https:\/\/golandpop.com\/index.php\/2023\/12\/29\/el-pirata-volvio-a-los-entrenamientos-en-villa-esquiu\/#primaryimage\"},\"thumbnailUrl\":\"https:\/\/golandpop.com\/wp-content\/uploads\/2023\/12\/Belgrano-scaled.jpg\",\"datePublished\":\"2023-12-29T13:01:40+00:00\",\"dateModified\":\"2023-12-29T13:01:43+00:00\",\"breadcrumb\":{\"@id\":\"https:\/\/golandpop.com\/index.php\/2023\/12\/29\/el-pirata-volvio-a-los-entrenamientos-en-villa-esquiu\/#breadcrumb\"},\"inLanguage\":\"es-AR\",\"potentialAction\":[{\"@type\":\"ReadAction\",\"target\":[\"https:\/\/golandpop.com\/index.php\/2023\/12\/29\/el-pirata-volvio-a-los-entrenamientos-en-villa-esquiu\/\"]}]},{\"@type\":\"ImageObject\",\"inLanguage\":\"es-AR\",\"@id\":\"https:\/\/golandpop.com\/index.php\/2023\/12\/29\/el-pirata-volvio-a-los-entrenamientos-en-villa-esquiu\/#primaryimage\",\"url\":\"https:\/\/golandpop.com\/wp-content\/uploads\/2023\/12\/Belgrano-scaled.jpg\",\"contentUrl\":\"https:\/\/golandpop.com\/wp-content\/uploads\/2023\/12\/Belgrano-scaled.jpg\",\"width\":2560,\"height\":1707},{\"@type\":\"BreadcrumbList\",\"@id\":\"https:\/\/golandpop.com\/index.php\/2023\/12\/29\/el-pirata-volvio-a-los-entrenamientos-en-villa-esquiu\/#breadcrumb\",\"itemListElement\":[{\"@type\":\"ListItem\",\"position\":1,\"name\":\"Inicio\",\"item\":\"https:\/\/golandpop.com\/\"},{\"@type\":\"ListItem\",\"position\":2,\"name\":\"El Pirata volvi\u00f3 a los entrenamientos en Villa Esqui\u00fa\"}]},{\"@type\":\"WebSite\",\"@id\":\"https:\/\/golandpop.com\/#website\",\"url\":\"https:\/\/golandpop.com\/\",\"name\":\"Golandpop\",\"description\":\"\",\"publisher\":{\"@id\":\"https:\/\/golandpop.com\/#organization\"},\"potentialAction\":[{\"@type\":\"SearchAction\",\"target\":{\"@type\":\"EntryPoint\",\"urlTemplate\":\"https:\/\/golandpop.com\/?s={search_term_string}\"},\"query-input\":{\"@type\":\"PropertyValueSpecification\",\"valueRequired\":true,\"valueName\":\"search_term_string\"}}],\"inLanguage\":\"es-AR\"},{\"@type\":\"Organization\",\"@id\":\"https:\/\/golandpop.com\/#organization\",\"name\":\"GolandPop\",\"url\":\"https:\/\/golandpop.com\/\",\"logo\":{\"@type\":\"ImageObject\",\"inLanguage\":\"es-AR\",\"@id\":\"https:\/\/golandpop.com\/#\/schema\/logo\/image\/\",\"url\":\"https:\/\/golandpop.com\/wp-content\/uploads\/2020\/04\/favicon_gol_pop.png\",\"contentUrl\":\"https:\/\/golandpop.com\/wp-content\/uploads\/2020\/04\/favicon_gol_pop.png\",\"width\":246,\"height\":246,\"caption\":\"GolandPop\"},\"image\":{\"@id\":\"https:\/\/golandpop.com\/#\/schema\/logo\/image\/\"},\"sameAs\":[\"https:\/\/x.com\/golandpop\",\"https:\/\/www.instagram.com\/golandpopcordoba\/\"]},{\"@type\":\"Person\",\"@id\":\"https:\/\/golandpop.com\/#\/schema\/person\/2809725861e0da25eaffe2d9b29c9613\",\"name\":\"Gol&amp;Pop\",\"image\":{\"@type\":\"ImageObject\",\"inLanguage\":\"es-AR\",\"@id\":\"https:\/\/golandpop.com\/#\/schema\/person\/image\/\",\"url\":\"https:\/\/secure.gravatar.com\/avatar\/9a87ee051ca8c77f5d4070843ce2c78cdf95b858b950fb039151de955122f5f5?s=96&d=mm&r=g\",\"contentUrl\":\"https:\/\/secure.gravatar.com\/avatar\/9a87ee051ca8c77f5d4070843ce2c78cdf95b858b950fb039151de955122f5f5?s=96&d=mm&r=g\",\"caption\":\"Gol&amp;Pop\"},\"sameAs\":[\"http:\/\/golandpop.com\"],\"url\":\"https:\/\/golandpop.com\/index.php\/author\/admin\/\"}]}<\/script>\n<!-- \/ Yoast SEO plugin. -->","yoast_head_json":{"title":"El Pirata volvi\u00f3 a los entrenamientos en Villa Esqui\u00fa - Golandpop","robots":{"index":"index","follow":"follow","max-snippet":"max-snippet:-1","max-image-preview":"max-image-preview:large","max-video-preview":"max-video-preview:-1"},"canonical":"https:\/\/golandpop.com\/index.php\/2023\/12\/29\/el-pirata-volvio-a-los-entrenamientos-en-villa-esquiu\/","og_locale":"es_ES","og_type":"article","og_title":"El Pirata volvi\u00f3 a los entrenamientos en Villa Esqui\u00fa - Golandpop","og_description":"Belgrano se prepara para el 2024","og_url":"https:\/\/golandpop.com\/index.php\/2023\/12\/29\/el-pirata-volvio-a-los-entrenamientos-en-villa-esquiu\/","og_site_name":"Golandpop","article_published_time":"2023-12-29T13:01:40+00:00","article_modified_time":"2023-12-29T13:01:43+00:00","og_image":[{"width":2560,"height":1707,"url":"https:\/\/golandpop.com\/wp-content\/uploads\/2023\/12\/Belgrano-scaled.jpg","type":"image\/jpeg"}],"author":"Gol&amp;Pop","twitter_card":"summary_large_image","twitter_creator":"@golandpop","twitter_site":"@golandpop","twitter_misc":{"Escrito por":"Gol&amp;Pop","Tiempo de lectura":"1 minuto"},"schema":{"@context":"https:\/\/schema.org","@graph":[{"@type":"Article","@id":"https:\/\/golandpop.com\/index.php\/2023\/12\/29\/el-pirata-volvio-a-los-entrenamientos-en-villa-esquiu\/#article","isPartOf":{"@id":"https:\/\/golandpop.com\/index.php\/2023\/12\/29\/el-pirata-volvio-a-los-entrenamientos-en-villa-esquiu\/"},"author":{"name":"Gol&amp;Pop","@id":"https:\/\/golandpop.com\/#\/schema\/person\/2809725861e0da25eaffe2d9b29c9613"},"headline":"El Pirata volvi\u00f3 a los entrenamientos en Villa Esqui\u00fa","datePublished":"2023-12-29T13:01:40+00:00","dateModified":"2023-12-29T13:01:43+00:00","mainEntityOfPage":{"@id":"https:\/\/golandpop.com\/index.php\/2023\/12\/29\/el-pirata-volvio-a-los-entrenamientos-en-villa-esquiu\/"},"wordCount":275,"commentCount":0,"publisher":{"@id":"https:\/\/golandpop.com\/#organization"},"image":{"@id":"https:\/\/golandpop.com\/index.php\/2023\/12\/29\/el-pirata-volvio-a-los-entrenamientos-en-villa-esquiu\/#primaryimage"},"thumbnailUrl":"https:\/\/golandpop.com\/wp-content\/uploads\/2023\/12\/Belgrano-scaled.jpg","keywords":["Belgrano","Copa Argentina","Copa de la","Franco Jara","Mercado","portada","Refuerzos"],"articleSection":["Actualidad","Agenda","Belgrano"],"inLanguage":"es-AR"},{"@type":"WebPage","@id":"https:\/\/golandpop.com\/index.php\/2023\/12\/29\/el-pirata-volvio-a-los-entrenamientos-en-villa-esquiu\/","url":"https:\/\/golandpop.com\/index.php\/2023\/12\/29\/el-pirata-volvio-a-los-entrenamientos-en-villa-esquiu\/","name":"El Pirata volvi\u00f3 a los entrenamientos en Villa Esqui\u00fa - Golandpop","isPartOf":{"@id":"https:\/\/golandpop.com\/#website"},"primaryImageOfPage":{"@id":"https:\/\/golandpop.com\/index.php\/2023\/12\/29\/el-pirata-volvio-a-los-entrenamientos-en-villa-esquiu\/#primaryimage"},"image":{"@id":"https:\/\/golandpop.com\/index.php\/2023\/12\/29\/el-pirata-volvio-a-los-entrenamientos-en-villa-esquiu\/#primaryimage"},"thumbnailUrl":"https:\/\/golandpop.com\/wp-content\/uploads\/2023\/12\/Belgrano-scaled.jpg","datePublished":"2023-12-29T13:01:40+00:00","dateModified":"2023-12-29T13:01:43+00:00","breadcrumb":{"@id":"https:\/\/golandpop.com\/index.php\/2023\/12\/29\/el-pirata-volvio-a-los-entrenamientos-en-villa-esquiu\/#breadcrumb"},"inLanguage":"es-AR","potentialAction":[{"@type":"ReadAction","target":["https:\/\/golandpop.com\/index.php\/2023\/12\/29\/el-pirata-volvio-a-los-entrenamientos-en-villa-esquiu\/"]}]},{"@type":"ImageObject","inLanguage":"es-AR","@id":"https:\/\/golandpop.com\/index.php\/2023\/12\/29\/el-pirata-volvio-a-los-entrenamientos-en-villa-esquiu\/#primaryimage","url":"https:\/\/golandpop.com\/wp-content\/uploads\/2023\/12\/Belgrano-scaled.jpg","contentUrl":"https:\/\/golandpop.com\/wp-content\/uploads\/2023\/12\/Belgrano-scaled.jpg","width":2560,"height":1707},{"@type":"BreadcrumbList","@id":"https:\/\/golandpop.com\/index.php\/2023\/12\/29\/el-pirata-volvio-a-los-entrenamientos-en-villa-esquiu\/#breadcrumb","itemListElement":[{"@type":"ListItem","position":1,"name":"Inicio","item":"https:\/\/golandpop.com\/"},{"@type":"ListItem","position":2,"name":"El Pirata volvi\u00f3 a los entrenamientos en Villa Esqui\u00fa"}]},{"@type":"WebSite","@id":"https:\/\/golandpop.com\/#website","url":"https:\/\/golandpop.com\/","name":"Golandpop","description":"","publisher":{"@id":"https:\/\/golandpop.com\/#organization"},"potentialAction":[{"@type":"SearchAction","target":{"@type":"EntryPoint","urlTemplate":"https:\/\/golandpop.com\/?s={search_term_string}"},"query-input":{"@type":"PropertyValueSpecification","valueRequired":true,"valueName":"search_term_string"}}],"inLanguage":"es-AR"},{"@type":"Organization","@id":"https:\/\/golandpop.com\/#organization","name":"GolandPop","url":"https:\/\/golandpop.com\/","logo":{"@type":"ImageObject","inLanguage":"es-AR","@id":"https:\/\/golandpop.com\/#\/schema\/logo\/image\/","url":"https:\/\/golandpop.com\/wp-content\/uploads\/2020\/04\/favicon_gol_pop.png","contentUrl":"https:\/\/golandpop.com\/wp-content\/uploads\/2020\/04\/favicon_gol_pop.png","width":246,"height":246,"caption":"GolandPop"},"image":{"@id":"https:\/\/golandpop.com\/#\/schema\/logo\/image\/"},"sameAs":["https:\/\/x.com\/golandpop","https:\/\/www.instagram.com\/golandpopcordoba\/"]},{"@type":"Person","@id":"https:\/\/golandpop.com\/#\/schema\/person\/2809725861e0da25eaffe2d9b29c9613","name":"Gol&amp;Pop","image":{"@type":"ImageObject","inLanguage":"es-AR","@id":"https:\/\/golandpop.com\/#\/schema\/person\/image\/","url":"https:\/\/secure.gravatar.com\/avatar\/9a87ee051ca8c77f5d4070843ce2c78cdf95b858b950fb039151de955122f5f5?s=96&d=mm&r=g","contentUrl":"https:\/\/secure.gravatar.com\/avatar\/9a87ee051ca8c77f5d4070843ce2c78cdf95b858b950fb039151de955122f5f5?s=96&d=mm&r=g","caption":"Gol&amp;Pop"},"sameAs":["http:\/\/golandpop.com"],"url":"https:\/\/golandpop.com\/index.php\/author\/admin\/"}]}},"_links":{"self":[{"href":"https:\/\/golandpop.com\/index.php\/wp-json\/wp\/v2\/posts\/27354","targetHints":{"allow":["GET"]}}],"collection":[{"href":"https:\/\/golandpop.com\/index.php\/wp-json\/wp\/v2\/posts"}],"about":[{"href":"https:\/\/golandpop.com\/index.php\/wp-json\/wp\/v2\/types\/post"}],"author":[{"embeddable":true,"href":"https:\/\/golandpop.com\/index.php\/wp-json\/wp\/v2\/users\/1"}],"replies":[{"embeddable":true,"href":"https:\/\/golandpop.com\/index.php\/wp-json\/wp\/v2\/comments?post=27354"}],"version-history":[{"count":3,"href":"https:\/\/golandpop.com\/index.php\/wp-json\/wp\/v2\/posts\/27354\/revisions"}],"predecessor-version":[{"id":27361,"href":"https:\/\/golandpop.com\/index.php\/wp-json\/wp\/v2\/posts\/27354\/revisions\/27361"}],"wp:featuredmedia":[{"embeddable":true,"href":"https:\/\/golandpop.com\/index.php\/wp-json\/wp\/v2\/media\/27359"}],"wp:attachment":[{"href":"https:\/\/golandpop.com\/index.php\/wp-json\/wp\/v2\/media?parent=27354"}],"wp:term":[{"taxonomy":"category","embeddable":true,"href":"https:\/\/golandpop.com\/index.php\/wp-json\/wp\/v2\/categories?post=27354"},{"taxonomy":"post_tag","embeddable":true,"href":"https:\/\/golandpop.com\/index.php\/wp-json\/wp\/v2\/tags?post=27354"}],"curies":[{"name":"wp","href":"https:\/\/api.w.org\/{rel}","templated":true}]}}