{"id":27116,"date":"2023-10-24T10:00:29","date_gmt":"2023-10-24T13:00:29","guid":{"rendered":"https:\/\/golandpop.com\/?p=27116"},"modified":"2023-10-24T10:00:43","modified_gmt":"2023-10-24T13:00:43","slug":"instituto-vs-rosario-central-por-copa-de-la-liga-profesional","status":"publish","type":"post","link":"https:\/\/golandpop.com\/index.php\/2023\/10\/24\/instituto-vs-rosario-central-por-copa-de-la-liga-profesional\/","title":{"rendered":"Instituto vs Rosario Central por Copa de la Liga"},"content":{"rendered":"\n<p><strong>La Gloria choca ante el Canalla desde las 21:30. El equipo de Dabove viene de conseguir un gran resultado al vencer por 3 a 1 a Hurac\u00e1n en Parque Patricios.<\/strong> <strong>El \u00e1rbitro del partido ser\u00e1 Ariel Penel.<\/strong><\/p>\n\n\n\n<p><a href=\"https:\/\/golandpop.com\/index.php\/category\/instituto\/\">Instituto<\/a> buscar\u00e1 este martes seguir sumando ante Rosario Central en el Estadio Monumental de Alta C\u00f3rdoba por la fecha 10 de la Zona A de la <a href=\"https:\/\/golandpop.com\/index.php\/tag\/copa-de-la-liga\/\">Copa de la Liga<\/a>. El partido lo vas a vivir por la Cadena <a href=\"https:\/\/golandpop.com\/\">GOLANDPOP<\/a> y en m\u00e1s de 80 emisoras de todo Argentina.<\/p>\n\n\n\n<p>La Gloria derrot\u00f3 3 a 1 a Hurac\u00e1n, lleg\u00f3 a los 46 puntos en la tabla anual y le sac\u00f3 8 puntos de ventaja al Globo, \u00faltimo en la tabla general. El t\u00e9cnico Dabove tendr\u00e1 que reemplazar a Juan Franco, quien lleg\u00f3 a la quinta amarilla en el Duc\u00f3. Giuliano Cerato ocupar\u00e1 su lugar.<\/p>\n\n\n\n<p>El lateral izquierdo Bay termin\u00f3 el partido con una molestia el viernes por la noche. En caso de llegar el ex Talleres y Central C\u00f3rdoba de Santiago del Estero, jugar\u00eda Lucas Rodr\u00edguez.<\/p>\n\n\n\n<p>Por su parte, <a href=\"https:\/\/twitter.com\/RosarioCentral\">Rosario Central<\/a> viene de empatar 1 a 1 ante V\u00e9lez en el Gigante de Arroyito. El equipo de Miguel Russo suma 12 puntos en esta Copa de la Liga y de momento se encuentra en zona de clasificaci\u00f3n para la Copa Sudamericana. <\/p>\n\n\n\n<figure class=\"wp-block-embed-twitter wp-block-embed is-type-rich is-provider-twitter\"><div class=\"wp-block-embed__wrapper\">\n<blockquote class=\"twitter-tweet\" data-width=\"550\" data-dnt=\"true\"><p lang=\"es\" dir=\"ltr\">\ud83d\udd34\u26aa\ufe0f \u00a1JUEGA LA GLORIA! <a href=\"https:\/\/twitter.com\/hashtag\/Instituto?src=hash&amp;ref_src=twsrc%5Etfw\">#Instituto<\/a> recibe a <a href=\"https:\/\/twitter.com\/hashtag\/RosarioCentral?src=hash&amp;ref_src=twsrc%5Etfw\">#RosarioCentral<\/a> en el Monumental de Alta C\u00f3rdoba por la d\u00e9cima fecha de la Zona A de la <a href=\"https:\/\/twitter.com\/hashtag\/CopaDeLaLiga?src=hash&amp;ref_src=twsrc%5Etfw\">#CopaDeLaLiga<\/a> <br><br>\ud83d\udcfb Lo viv\u00eds junto a Cadena <a href=\"https:\/\/twitter.com\/golandpop?ref_src=twsrc%5Etfw\">@golandpop<\/a> en FM 106.1 y m\u00e1s de 80 radios de Argentina. <a href=\"https:\/\/t.co\/nMvWQ9gGmU\">pic.twitter.com\/nMvWQ9gGmU<\/a><\/p>&mdash; GOLANDPOP (@golandpop) <a href=\"https:\/\/twitter.com\/golandpop\/status\/1716793757654196293?ref_src=twsrc%5Etfw\">October 24, 2023<\/a><\/blockquote><script async src=\"https:\/\/platform.twitter.com\/widgets.js\" charset=\"utf-8\"><\/script>\n<\/div><\/figure>\n\n\n\n<h4 class=\"wp-block-heading\">Posibles Formaciones<\/h4>\n\n\n\n<p><strong>Instituto <\/strong>: Manuel Roffo; Juan Franco; Ezequiel Parnisari; Fernando Alarc\u00f3n; Jonathan Bay; Nicol\u00e1s Linares; Gast\u00f3n L\u00f3dico; Brahian Cuello; Lucas Albertengo y Adri\u00e1n Mart\u00ednez. DT: Diego Dabove<\/p>\n\n\n\n<p><strong>Rosario Central<\/strong>: Jorge Broun; Dami\u00e1n Mart\u00ednez; Facundo Mallo; Carlos Quintana; Alan Rodr\u00edguez; Kevin Ortiz; Agust\u00edn Toledo; Tom\u00e1s Oconnor; Ignacio Malcorra; Jaminton Campaz y Ariel Cervera. DT: Miguel \u00c1ngel Russo<\/p>\n\n\n\n<p><strong>Hora<\/strong>: 21;30<\/p>\n\n\n\n<p><strong>\u00c1rbitro<\/strong>: Ariel Penel<\/p>\n\n\n\n<p><strong>Estadio<\/strong>: Juan Domingo Per\u00f3n, Alta C\u00f3rdoba<\/p>\n\n\n\n<figure class=\"wp-block-embed-twitter wp-block-embed is-type-rich is-provider-twitter\"><div class=\"wp-block-embed__wrapper\">\n<blockquote class=\"twitter-tweet\" data-width=\"550\" data-dnt=\"true\"><p lang=\"es\" dir=\"ltr\">\ud83d\udccb\ud83d\udd34\u26aa\ufe0f \u00a1CONVOCADOS! La lista de jugadores citados por <a href=\"https:\/\/twitter.com\/hashtag\/Instituto?src=hash&amp;ref_src=twsrc%5Etfw\">#Instituto<\/a> para recibir a <a href=\"https:\/\/twitter.com\/hashtag\/RosarioCentral?src=hash&amp;ref_src=twsrc%5Etfw\">#RosarioCentral<\/a> por al d\u00e9cima fecha de la <a href=\"https:\/\/twitter.com\/hashtag\/CopaDeLaLiga?src=hash&amp;ref_src=twsrc%5Etfw\">#CopaDeLaLiga<\/a> <br><br>\u203c\ufe0f Sin Brahian Cuello, Reasco y L\u00e1zaro por lesi\u00f3n. Juan Franco ausente por suspensi\u00f3n. <a href=\"https:\/\/t.co\/7YFq8qS6B6\">pic.twitter.com\/7YFq8qS6B6<\/a><\/p>&mdash; GOLANDPOP (@golandpop) <a href=\"https:\/\/twitter.com\/golandpop\/status\/1716797129962733625?ref_src=twsrc%5Etfw\">October 24, 2023<\/a><\/blockquote><script async src=\"https:\/\/platform.twitter.com\/widgets.js\" charset=\"utf-8\"><\/script>\n<\/div><\/figure>\n","protected":false},"excerpt":{"rendered":"<p>EN VIVO POR GOLANDPOP<\/p>\n","protected":false},"author":1,"featured_media":27119,"comment_status":"open","ping_status":"open","sticky":false,"template":"","format":"standard","meta":{"footnotes":""},"categories":[45],"tags":[1725,174,383,950,247],"class_list":["post-27116","post","type-post","status-publish","format-standard","has-post-thumbnail","hentry","category-instituto","tag-copa-de-la-liga","tag-instituto","tag-liga-profesional","tag-portada","tag-rosario-central"],"yoast_head":"<!-- This site is optimized with the Yoast SEO plugin v26.1.1 - https:\/\/yoast.com\/wordpress\/plugins\/seo\/ -->\n<title>Instituto vs Rosario Central por Copa de la Liga - Golandpop<\/title>\n<meta name=\"robots\" content=\"index, follow, max-snippet:-1, max-image-preview:large, max-video-preview:-1\" \/>\n<link rel=\"canonical\" href=\"https:\/\/golandpop.com\/index.php\/2023\/10\/24\/instituto-vs-rosario-central-por-copa-de-la-liga-profesional\/\" \/>\n<meta property=\"og:locale\" content=\"es_ES\" \/>\n<meta property=\"og:type\" content=\"article\" \/>\n<meta property=\"og:title\" content=\"Instituto vs Rosario Central por Copa de la Liga - Golandpop\" \/>\n<meta property=\"og:description\" content=\"EN VIVO POR GOLANDPOP\" \/>\n<meta property=\"og:url\" content=\"https:\/\/golandpop.com\/index.php\/2023\/10\/24\/instituto-vs-rosario-central-por-copa-de-la-liga-profesional\/\" \/>\n<meta property=\"og:site_name\" content=\"Golandpop\" \/>\n<meta property=\"article:published_time\" content=\"2023-10-24T13:00:29+00:00\" \/>\n<meta property=\"article:modified_time\" content=\"2023-10-24T13:00:43+00:00\" \/>\n<meta property=\"og:image\" content=\"https:\/\/golandpop.com\/wp-content\/uploads\/2023\/10\/F9DgjHiXYAAYZfC.jpg\" \/>\n\t<meta property=\"og:image:width\" content=\"1600\" \/>\n\t<meta property=\"og:image:height\" content=\"1066\" \/>\n\t<meta property=\"og:image:type\" content=\"image\/jpeg\" \/>\n<meta name=\"author\" content=\"Gol&amp;Pop\" \/>\n<meta name=\"twitter:card\" content=\"summary_large_image\" \/>\n<meta name=\"twitter:creator\" content=\"@golandpop\" \/>\n<meta name=\"twitter:site\" content=\"@golandpop\" \/>\n<meta name=\"twitter:label1\" content=\"Escrito por\" \/>\n\t<meta name=\"twitter:data1\" content=\"Gol&amp;Pop\" \/>\n\t<meta name=\"twitter:label2\" content=\"Tiempo de lectura\" \/>\n\t<meta name=\"twitter:data2\" content=\"2 minutos\" \/>\n<script type=\"application\/ld+json\" class=\"yoast-schema-graph\">{\"@context\":\"https:\/\/schema.org\",\"@graph\":[{\"@type\":\"Article\",\"@id\":\"https:\/\/golandpop.com\/index.php\/2023\/10\/24\/instituto-vs-rosario-central-por-copa-de-la-liga-profesional\/#article\",\"isPartOf\":{\"@id\":\"https:\/\/golandpop.com\/index.php\/2023\/10\/24\/instituto-vs-rosario-central-por-copa-de-la-liga-profesional\/\"},\"author\":{\"name\":\"Gol&amp;Pop\",\"@id\":\"https:\/\/golandpop.com\/#\/schema\/person\/2809725861e0da25eaffe2d9b29c9613\"},\"headline\":\"Instituto vs Rosario Central por Copa de la Liga\",\"datePublished\":\"2023-10-24T13:00:29+00:00\",\"dateModified\":\"2023-10-24T13:00:43+00:00\",\"mainEntityOfPage\":{\"@id\":\"https:\/\/golandpop.com\/index.php\/2023\/10\/24\/instituto-vs-rosario-central-por-copa-de-la-liga-profesional\/\"},\"wordCount\":313,\"commentCount\":0,\"publisher\":{\"@id\":\"https:\/\/golandpop.com\/#organization\"},\"image\":{\"@id\":\"https:\/\/golandpop.com\/index.php\/2023\/10\/24\/instituto-vs-rosario-central-por-copa-de-la-liga-profesional\/#primaryimage\"},\"thumbnailUrl\":\"https:\/\/golandpop.com\/wp-content\/uploads\/2023\/10\/F9DgjHiXYAAYZfC.jpg\",\"keywords\":[\"Copa de la Liga\",\"Instituto\",\"Liga Profesional\",\"portada\",\"Rosario Central\"],\"articleSection\":[\"Instituto\"],\"inLanguage\":\"es-AR\"},{\"@type\":\"WebPage\",\"@id\":\"https:\/\/golandpop.com\/index.php\/2023\/10\/24\/instituto-vs-rosario-central-por-copa-de-la-liga-profesional\/\",\"url\":\"https:\/\/golandpop.com\/index.php\/2023\/10\/24\/instituto-vs-rosario-central-por-copa-de-la-liga-profesional\/\",\"name\":\"Instituto vs Rosario Central por Copa de la Liga - Golandpop\",\"isPartOf\":{\"@id\":\"https:\/\/golandpop.com\/#website\"},\"primaryImageOfPage\":{\"@id\":\"https:\/\/golandpop.com\/index.php\/2023\/10\/24\/instituto-vs-rosario-central-por-copa-de-la-liga-profesional\/#primaryimage\"},\"image\":{\"@id\":\"https:\/\/golandpop.com\/index.php\/2023\/10\/24\/instituto-vs-rosario-central-por-copa-de-la-liga-profesional\/#primaryimage\"},\"thumbnailUrl\":\"https:\/\/golandpop.com\/wp-content\/uploads\/2023\/10\/F9DgjHiXYAAYZfC.jpg\",\"datePublished\":\"2023-10-24T13:00:29+00:00\",\"dateModified\":\"2023-10-24T13:00:43+00:00\",\"breadcrumb\":{\"@id\":\"https:\/\/golandpop.com\/index.php\/2023\/10\/24\/instituto-vs-rosario-central-por-copa-de-la-liga-profesional\/#breadcrumb\"},\"inLanguage\":\"es-AR\",\"potentialAction\":[{\"@type\":\"ReadAction\",\"target\":[\"https:\/\/golandpop.com\/index.php\/2023\/10\/24\/instituto-vs-rosario-central-por-copa-de-la-liga-profesional\/\"]}]},{\"@type\":\"ImageObject\",\"inLanguage\":\"es-AR\",\"@id\":\"https:\/\/golandpop.com\/index.php\/2023\/10\/24\/instituto-vs-rosario-central-por-copa-de-la-liga-profesional\/#primaryimage\",\"url\":\"https:\/\/golandpop.com\/wp-content\/uploads\/2023\/10\/F9DgjHiXYAAYZfC.jpg\",\"contentUrl\":\"https:\/\/golandpop.com\/wp-content\/uploads\/2023\/10\/F9DgjHiXYAAYZfC.jpg\",\"width\":1600,\"height\":1066},{\"@type\":\"BreadcrumbList\",\"@id\":\"https:\/\/golandpop.com\/index.php\/2023\/10\/24\/instituto-vs-rosario-central-por-copa-de-la-liga-profesional\/#breadcrumb\",\"itemListElement\":[{\"@type\":\"ListItem\",\"position\":1,\"name\":\"Inicio\",\"item\":\"https:\/\/golandpop.com\/\"},{\"@type\":\"ListItem\",\"position\":2,\"name\":\"Instituto vs Rosario Central por Copa de la Liga\"}]},{\"@type\":\"WebSite\",\"@id\":\"https:\/\/golandpop.com\/#website\",\"url\":\"https:\/\/golandpop.com\/\",\"name\":\"Golandpop\",\"description\":\"\",\"publisher\":{\"@id\":\"https:\/\/golandpop.com\/#organization\"},\"potentialAction\":[{\"@type\":\"SearchAction\",\"target\":{\"@type\":\"EntryPoint\",\"urlTemplate\":\"https:\/\/golandpop.com\/?s={search_term_string}\"},\"query-input\":{\"@type\":\"PropertyValueSpecification\",\"valueRequired\":true,\"valueName\":\"search_term_string\"}}],\"inLanguage\":\"es-AR\"},{\"@type\":\"Organization\",\"@id\":\"https:\/\/golandpop.com\/#organization\",\"name\":\"GolandPop\",\"url\":\"https:\/\/golandpop.com\/\",\"logo\":{\"@type\":\"ImageObject\",\"inLanguage\":\"es-AR\",\"@id\":\"https:\/\/golandpop.com\/#\/schema\/logo\/image\/\",\"url\":\"https:\/\/golandpop.com\/wp-content\/uploads\/2020\/04\/favicon_gol_pop.png\",\"contentUrl\":\"https:\/\/golandpop.com\/wp-content\/uploads\/2020\/04\/favicon_gol_pop.png\",\"width\":246,\"height\":246,\"caption\":\"GolandPop\"},\"image\":{\"@id\":\"https:\/\/golandpop.com\/#\/schema\/logo\/image\/\"},\"sameAs\":[\"https:\/\/x.com\/golandpop\",\"https:\/\/www.instagram.com\/golandpopcordoba\/\"]},{\"@type\":\"Person\",\"@id\":\"https:\/\/golandpop.com\/#\/schema\/person\/2809725861e0da25eaffe2d9b29c9613\",\"name\":\"Gol&amp;Pop\",\"image\":{\"@type\":\"ImageObject\",\"inLanguage\":\"es-AR\",\"@id\":\"https:\/\/golandpop.com\/#\/schema\/person\/image\/\",\"url\":\"https:\/\/secure.gravatar.com\/avatar\/9a87ee051ca8c77f5d4070843ce2c78cdf95b858b950fb039151de955122f5f5?s=96&d=mm&r=g\",\"contentUrl\":\"https:\/\/secure.gravatar.com\/avatar\/9a87ee051ca8c77f5d4070843ce2c78cdf95b858b950fb039151de955122f5f5?s=96&d=mm&r=g\",\"caption\":\"Gol&amp;Pop\"},\"sameAs\":[\"http:\/\/golandpop.com\"],\"url\":\"https:\/\/golandpop.com\/index.php\/author\/admin\/\"}]}<\/script>\n<!-- \/ Yoast SEO plugin. -->","yoast_head_json":{"title":"Instituto vs Rosario Central por Copa de la Liga - Golandpop","robots":{"index":"index","follow":"follow","max-snippet":"max-snippet:-1","max-image-preview":"max-image-preview:large","max-video-preview":"max-video-preview:-1"},"canonical":"https:\/\/golandpop.com\/index.php\/2023\/10\/24\/instituto-vs-rosario-central-por-copa-de-la-liga-profesional\/","og_locale":"es_ES","og_type":"article","og_title":"Instituto vs Rosario Central por Copa de la Liga - Golandpop","og_description":"EN VIVO POR GOLANDPOP","og_url":"https:\/\/golandpop.com\/index.php\/2023\/10\/24\/instituto-vs-rosario-central-por-copa-de-la-liga-profesional\/","og_site_name":"Golandpop","article_published_time":"2023-10-24T13:00:29+00:00","article_modified_time":"2023-10-24T13:00:43+00:00","og_image":[{"width":1600,"height":1066,"url":"https:\/\/golandpop.com\/wp-content\/uploads\/2023\/10\/F9DgjHiXYAAYZfC.jpg","type":"image\/jpeg"}],"author":"Gol&amp;Pop","twitter_card":"summary_large_image","twitter_creator":"@golandpop","twitter_site":"@golandpop","twitter_misc":{"Escrito por":"Gol&amp;Pop","Tiempo de lectura":"2 minutos"},"schema":{"@context":"https:\/\/schema.org","@graph":[{"@type":"Article","@id":"https:\/\/golandpop.com\/index.php\/2023\/10\/24\/instituto-vs-rosario-central-por-copa-de-la-liga-profesional\/#article","isPartOf":{"@id":"https:\/\/golandpop.com\/index.php\/2023\/10\/24\/instituto-vs-rosario-central-por-copa-de-la-liga-profesional\/"},"author":{"name":"Gol&amp;Pop","@id":"https:\/\/golandpop.com\/#\/schema\/person\/2809725861e0da25eaffe2d9b29c9613"},"headline":"Instituto vs Rosario Central por Copa de la Liga","datePublished":"2023-10-24T13:00:29+00:00","dateModified":"2023-10-24T13:00:43+00:00","mainEntityOfPage":{"@id":"https:\/\/golandpop.com\/index.php\/2023\/10\/24\/instituto-vs-rosario-central-por-copa-de-la-liga-profesional\/"},"wordCount":313,"commentCount":0,"publisher":{"@id":"https:\/\/golandpop.com\/#organization"},"image":{"@id":"https:\/\/golandpop.com\/index.php\/2023\/10\/24\/instituto-vs-rosario-central-por-copa-de-la-liga-profesional\/#primaryimage"},"thumbnailUrl":"https:\/\/golandpop.com\/wp-content\/uploads\/2023\/10\/F9DgjHiXYAAYZfC.jpg","keywords":["Copa de la Liga","Instituto","Liga Profesional","portada","Rosario Central"],"articleSection":["Instituto"],"inLanguage":"es-AR"},{"@type":"WebPage","@id":"https:\/\/golandpop.com\/index.php\/2023\/10\/24\/instituto-vs-rosario-central-por-copa-de-la-liga-profesional\/","url":"https:\/\/golandpop.com\/index.php\/2023\/10\/24\/instituto-vs-rosario-central-por-copa-de-la-liga-profesional\/","name":"Instituto vs Rosario Central por Copa de la Liga - Golandpop","isPartOf":{"@id":"https:\/\/golandpop.com\/#website"},"primaryImageOfPage":{"@id":"https:\/\/golandpop.com\/index.php\/2023\/10\/24\/instituto-vs-rosario-central-por-copa-de-la-liga-profesional\/#primaryimage"},"image":{"@id":"https:\/\/golandpop.com\/index.php\/2023\/10\/24\/instituto-vs-rosario-central-por-copa-de-la-liga-profesional\/#primaryimage"},"thumbnailUrl":"https:\/\/golandpop.com\/wp-content\/uploads\/2023\/10\/F9DgjHiXYAAYZfC.jpg","datePublished":"2023-10-24T13:00:29+00:00","dateModified":"2023-10-24T13:00:43+00:00","breadcrumb":{"@id":"https:\/\/golandpop.com\/index.php\/2023\/10\/24\/instituto-vs-rosario-central-por-copa-de-la-liga-profesional\/#breadcrumb"},"inLanguage":"es-AR","potentialAction":[{"@type":"ReadAction","target":["https:\/\/golandpop.com\/index.php\/2023\/10\/24\/instituto-vs-rosario-central-por-copa-de-la-liga-profesional\/"]}]},{"@type":"ImageObject","inLanguage":"es-AR","@id":"https:\/\/golandpop.com\/index.php\/2023\/10\/24\/instituto-vs-rosario-central-por-copa-de-la-liga-profesional\/#primaryimage","url":"https:\/\/golandpop.com\/wp-content\/uploads\/2023\/10\/F9DgjHiXYAAYZfC.jpg","contentUrl":"https:\/\/golandpop.com\/wp-content\/uploads\/2023\/10\/F9DgjHiXYAAYZfC.jpg","width":1600,"height":1066},{"@type":"BreadcrumbList","@id":"https:\/\/golandpop.com\/index.php\/2023\/10\/24\/instituto-vs-rosario-central-por-copa-de-la-liga-profesional\/#breadcrumb","itemListElement":[{"@type":"ListItem","position":1,"name":"Inicio","item":"https:\/\/golandpop.com\/"},{"@type":"ListItem","position":2,"name":"Instituto vs Rosario Central por Copa de la Liga"}]},{"@type":"WebSite","@id":"https:\/\/golandpop.com\/#website","url":"https:\/\/golandpop.com\/","name":"Golandpop","description":"","publisher":{"@id":"https:\/\/golandpop.com\/#organization"},"potentialAction":[{"@type":"SearchAction","target":{"@type":"EntryPoint","urlTemplate":"https:\/\/golandpop.com\/?s={search_term_string}"},"query-input":{"@type":"PropertyValueSpecification","valueRequired":true,"valueName":"search_term_string"}}],"inLanguage":"es-AR"},{"@type":"Organization","@id":"https:\/\/golandpop.com\/#organization","name":"GolandPop","url":"https:\/\/golandpop.com\/","logo":{"@type":"ImageObject","inLanguage":"es-AR","@id":"https:\/\/golandpop.com\/#\/schema\/logo\/image\/","url":"https:\/\/golandpop.com\/wp-content\/uploads\/2020\/04\/favicon_gol_pop.png","contentUrl":"https:\/\/golandpop.com\/wp-content\/uploads\/2020\/04\/favicon_gol_pop.png","width":246,"height":246,"caption":"GolandPop"},"image":{"@id":"https:\/\/golandpop.com\/#\/schema\/logo\/image\/"},"sameAs":["https:\/\/x.com\/golandpop","https:\/\/www.instagram.com\/golandpopcordoba\/"]},{"@type":"Person","@id":"https:\/\/golandpop.com\/#\/schema\/person\/2809725861e0da25eaffe2d9b29c9613","name":"Gol&amp;Pop","image":{"@type":"ImageObject","inLanguage":"es-AR","@id":"https:\/\/golandpop.com\/#\/schema\/person\/image\/","url":"https:\/\/secure.gravatar.com\/avatar\/9a87ee051ca8c77f5d4070843ce2c78cdf95b858b950fb039151de955122f5f5?s=96&d=mm&r=g","contentUrl":"https:\/\/secure.gravatar.com\/avatar\/9a87ee051ca8c77f5d4070843ce2c78cdf95b858b950fb039151de955122f5f5?s=96&d=mm&r=g","caption":"Gol&amp;Pop"},"sameAs":["http:\/\/golandpop.com"],"url":"https:\/\/golandpop.com\/index.php\/author\/admin\/"}]}},"_links":{"self":[{"href":"https:\/\/golandpop.com\/index.php\/wp-json\/wp\/v2\/posts\/27116","targetHints":{"allow":["GET"]}}],"collection":[{"href":"https:\/\/golandpop.com\/index.php\/wp-json\/wp\/v2\/posts"}],"about":[{"href":"https:\/\/golandpop.com\/index.php\/wp-json\/wp\/v2\/types\/post"}],"author":[{"embeddable":true,"href":"https:\/\/golandpop.com\/index.php\/wp-json\/wp\/v2\/users\/1"}],"replies":[{"embeddable":true,"href":"https:\/\/golandpop.com\/index.php\/wp-json\/wp\/v2\/comments?post=27116"}],"version-history":[{"count":2,"href":"https:\/\/golandpop.com\/index.php\/wp-json\/wp\/v2\/posts\/27116\/revisions"}],"predecessor-version":[{"id":27121,"href":"https:\/\/golandpop.com\/index.php\/wp-json\/wp\/v2\/posts\/27116\/revisions\/27121"}],"wp:featuredmedia":[{"embeddable":true,"href":"https:\/\/golandpop.com\/index.php\/wp-json\/wp\/v2\/media\/27119"}],"wp:attachment":[{"href":"https:\/\/golandpop.com\/index.php\/wp-json\/wp\/v2\/media?parent=27116"}],"wp:term":[{"taxonomy":"category","embeddable":true,"href":"https:\/\/golandpop.com\/index.php\/wp-json\/wp\/v2\/categories?post=27116"},{"taxonomy":"post_tag","embeddable":true,"href":"https:\/\/golandpop.com\/index.php\/wp-json\/wp\/v2\/tags?post=27116"}],"curies":[{"name":"wp","href":"https:\/\/api.w.org\/{rel}","templated":true}]}}