{"id":27073,"date":"2023-10-09T01:17:02","date_gmt":"2023-10-09T04:17:02","guid":{"rendered":"https:\/\/golandpop.com\/?p=27073"},"modified":"2023-10-09T01:24:28","modified_gmt":"2023-10-09T04:24:28","slug":"sabrina-ameghino-el-celeste-y-blanco-va-en-la-venas","status":"publish","type":"post","link":"https:\/\/golandpop.com\/index.php\/2023\/10\/09\/sabrina-ameghino-el-celeste-y-blanco-va-en-la-venas\/","title":{"rendered":"Sabrina Ameghino: &#8220;El celeste y blanco va en la venas&#8221;"},"content":{"rendered":"\n<p><em>Ni las lesiones, ni las frustraciones, ni la edad detienen a la pirag\u00fcista argentina. Una vez m\u00e1s dir\u00e1 presente en los Juegos Panamericanos y en esta oportunidad lo har\u00e1 portando la bandera nacional, adem\u00e1s de arriba de su bote.  <\/em><\/p>\n\n\n\n<p>Una nueva edici\u00f3n de los <a href=\"https:\/\/golandpop.com\/?s=juegos+panamericanos\">Juegos Panamericanos<\/a> se avecina y los equipos ya est\u00e1n haciendo su puesta a punto. La Ceremonia Inaugural est\u00e1 programada para el pr\u00f3ximo\u00a020 de octubre\u00a0en el Estadio Nacional de Santiago de Chile. Ese d\u00eda Sabrina Ameghino junto a Marcos Moneta ser\u00e1n quienes encabecen la presentaci\u00f3n de la delegaci\u00f3n argentina, teniendo el honor de portar la bandera albiceleste. <\/p>\n\n\n\n<blockquote class=\"wp-block-quote is-layout-flow wp-block-quote-is-layout-flow\"><p>&#8220;Haberme enterado que iba a ser la abanderada de estos juegos me revivi\u00f3 el alma&#8221;. <\/p><\/blockquote>\n\n\n\n<figure class=\"wp-block-audio\"><audio controls src=\"https:\/\/golandpop.com\/wp-content\/uploads\/2023\/10\/WhatsApp-Ptt-2023-10-06-at-07.22.09.ogg\"><\/audio><\/figure>\n\n\n\n<p>Participar\u00e1n 522 deportistas argentinos, 247 mujeres y 275 varones en 57 <a href=\"https:\/\/golandpop.com\/index.php\/category\/polideportivo\/\">disciplinas<\/a> diferentes. Sabrina entr\u00f3 en el certamen con mucho esfuerzo, meses de sufrimiento y gran apoyo de su circulo intimo.  <\/p>\n\n\n\n<blockquote class=\"wp-block-quote is-layout-flow wp-block-quote-is-layout-flow\"><p>&#8220;Lo \u00fanico que me motivo ahora era tratar de llegar a un sexto juego y a demostrarme a mi misma que si pod\u00eda a pesare de todo, y creo que lo logr\u00e9&#8221;<\/p><\/blockquote>\n\n\n\n<figure class=\"wp-block-audio\"><audio controls src=\"https:\/\/golandpop.com\/wp-content\/uploads\/2023\/10\/WhatsApp-Ptt-2023-10-06-at-07.22.08.ogg\"><\/audio><\/figure>\n\n\n\n<figure class=\"wp-block-audio\"><audio controls src=\"https:\/\/golandpop.com\/wp-content\/uploads\/2023\/10\/WhatsApp-Ptt-2023-10-06-at-07.24.16.ogg\"><\/audio><\/figure>\n\n\n\n<p>As\u00ed la deportista se subi\u00f3 al k4 500, participar\u00e1 de su sexta cita panamericana e ir\u00e1 en busca de su d\u00e9cima medalla, siendo la mujer argentina con m\u00e1s medallas en esta competencia. El amor por los colores, por el deporte y su pasi\u00f3n han hecho que Sabrina tenga una interminable carrera en el alto rendimiento, pudi\u00e9ndose adaptar a diferentes equipos, botes, lugares y desaf\u00edos que ofrece la vida deportiva.  <\/p>\n\n\n\n<blockquote class=\"wp-block-quote is-layout-flow wp-block-quote-is-layout-flow\"><p>&#8220;Me define una locura interminable y la perseverancia&#8221;<\/p><\/blockquote>\n\n\n\n<figure class=\"wp-block-audio\"><audio controls src=\"https:\/\/golandpop.com\/wp-content\/uploads\/2023\/10\/WhatsApp-Ptt-2023-10-06-at-07.24.13.ogg\"><\/audio><\/figure>\n\n\n\n<figure class=\"wp-block-audio\"><audio controls src=\"https:\/\/golandpop.com\/wp-content\/uploads\/2023\/10\/WhatsApp-Ptt-2023-10-06-at-07.24.40.ogg\"><\/audio><\/figure>\n\n\n\n<p>&#8220;La concentraci\u00f3n viene dur\u00edsima&#8221; afirm\u00f3 Ameghino desde Los Reyunos, provincia de Mendoza. All\u00ed el <a href=\"https:\/\/golandpop.com\/?s=selecci%C3%B3n+argetina\">equipo<\/a> est\u00e1 concentrando con el objetivo de un nuevo podio para el pa\u00eds. <\/p>\n\n\n\n<figure class=\"wp-block-audio\"><audio controls src=\"https:\/\/golandpop.com\/wp-content\/uploads\/2023\/10\/WhatsApp-Ptt-2023-10-06-at-07.22.09-1-1.ogg\"><\/audio><\/figure>\n\n\n\n<p style=\"font-size:11px\">Mano a Mano Sabrina Ameghino, abanderada de la selecci\u00f3n Argentina, junto a Sof\u00eda Jaimez Bertazzo en exclusiva para <a href=\"https:\/\/golandpop.com\/\">GOLANDPOP<\/a>.<\/p>\n","protected":false},"excerpt":{"rendered":"<p>Cuenta regresiva, arrancan los Panamericanos <\/p>\n","protected":false},"author":1,"featured_media":27091,"comment_status":"open","ping_status":"open","sticky":false,"template":"","format":"standard","meta":{"footnotes":""},"categories":[778,46],"tags":[305,950,1731,1732],"class_list":["post-27073","post","type-post","status-publish","format-standard","has-post-thumbnail","hentry","category-entrevistas","category-polideportivo","tag-juegos-panamericanos","tag-portada","tag-sabrina-ameghino","tag-santiago-2023"],"yoast_head":"<!-- This site is optimized with the Yoast SEO plugin v26.1.1 - https:\/\/yoast.com\/wordpress\/plugins\/seo\/ -->\n<title>Sabrina Ameghino: &quot;El celeste y blanco va en la venas&quot; - Golandpop<\/title>\n<meta name=\"robots\" content=\"index, follow, max-snippet:-1, max-image-preview:large, max-video-preview:-1\" \/>\n<link rel=\"canonical\" href=\"https:\/\/golandpop.com\/index.php\/2023\/10\/09\/sabrina-ameghino-el-celeste-y-blanco-va-en-la-venas\/\" \/>\n<meta property=\"og:locale\" content=\"es_ES\" \/>\n<meta property=\"og:type\" content=\"article\" \/>\n<meta property=\"og:title\" content=\"Sabrina Ameghino: &quot;El celeste y blanco va en la venas&quot; - Golandpop\" \/>\n<meta property=\"og:description\" content=\"Cuenta regresiva, arrancan los Panamericanos\" \/>\n<meta property=\"og:url\" content=\"https:\/\/golandpop.com\/index.php\/2023\/10\/09\/sabrina-ameghino-el-celeste-y-blanco-va-en-la-venas\/\" \/>\n<meta property=\"og:site_name\" content=\"Golandpop\" \/>\n<meta property=\"article:published_time\" content=\"2023-10-09T04:17:02+00:00\" \/>\n<meta property=\"article:modified_time\" content=\"2023-10-09T04:24:28+00:00\" \/>\n<meta property=\"og:image\" content=\"https:\/\/golandpop.com\/wp-content\/uploads\/2023\/10\/1568790100321-e1696825295448.jpg\" \/>\n\t<meta property=\"og:image:width\" content=\"1280\" \/>\n\t<meta property=\"og:image:height\" content=\"739\" \/>\n\t<meta property=\"og:image:type\" content=\"image\/jpeg\" \/>\n<meta name=\"author\" content=\"Gol&amp;Pop\" \/>\n<meta name=\"twitter:card\" content=\"summary_large_image\" \/>\n<meta name=\"twitter:creator\" content=\"@golandpop\" \/>\n<meta name=\"twitter:site\" content=\"@golandpop\" \/>\n<meta name=\"twitter:label1\" content=\"Escrito por\" \/>\n\t<meta name=\"twitter:data1\" content=\"Gol&amp;Pop\" \/>\n\t<meta name=\"twitter:label2\" content=\"Tiempo de lectura\" \/>\n\t<meta name=\"twitter:data2\" content=\"2 minutos\" \/>\n<script type=\"application\/ld+json\" class=\"yoast-schema-graph\">{\"@context\":\"https:\/\/schema.org\",\"@graph\":[{\"@type\":\"Article\",\"@id\":\"https:\/\/golandpop.com\/index.php\/2023\/10\/09\/sabrina-ameghino-el-celeste-y-blanco-va-en-la-venas\/#article\",\"isPartOf\":{\"@id\":\"https:\/\/golandpop.com\/index.php\/2023\/10\/09\/sabrina-ameghino-el-celeste-y-blanco-va-en-la-venas\/\"},\"author\":{\"name\":\"Gol&amp;Pop\",\"@id\":\"https:\/\/golandpop.com\/#\/schema\/person\/2809725861e0da25eaffe2d9b29c9613\"},\"headline\":\"Sabrina Ameghino: &#8220;El celeste y blanco va en la venas&#8221;\",\"datePublished\":\"2023-10-09T04:17:02+00:00\",\"dateModified\":\"2023-10-09T04:24:28+00:00\",\"mainEntityOfPage\":{\"@id\":\"https:\/\/golandpop.com\/index.php\/2023\/10\/09\/sabrina-ameghino-el-celeste-y-blanco-va-en-la-venas\/\"},\"wordCount\":329,\"commentCount\":0,\"publisher\":{\"@id\":\"https:\/\/golandpop.com\/#organization\"},\"image\":{\"@id\":\"https:\/\/golandpop.com\/index.php\/2023\/10\/09\/sabrina-ameghino-el-celeste-y-blanco-va-en-la-venas\/#primaryimage\"},\"thumbnailUrl\":\"https:\/\/golandpop.com\/wp-content\/uploads\/2023\/10\/1568790100321-e1696825295448.jpg\",\"keywords\":[\"Juegos Panamericanos\",\"portada\",\"Sabrina Ameghino\",\"Santiago 2023\"],\"articleSection\":[\"Entrevistas\",\"Polideportivo\"],\"inLanguage\":\"es-AR\"},{\"@type\":\"WebPage\",\"@id\":\"https:\/\/golandpop.com\/index.php\/2023\/10\/09\/sabrina-ameghino-el-celeste-y-blanco-va-en-la-venas\/\",\"url\":\"https:\/\/golandpop.com\/index.php\/2023\/10\/09\/sabrina-ameghino-el-celeste-y-blanco-va-en-la-venas\/\",\"name\":\"Sabrina Ameghino: \\\"El celeste y blanco va en la venas\\\" - Golandpop\",\"isPartOf\":{\"@id\":\"https:\/\/golandpop.com\/#website\"},\"primaryImageOfPage\":{\"@id\":\"https:\/\/golandpop.com\/index.php\/2023\/10\/09\/sabrina-ameghino-el-celeste-y-blanco-va-en-la-venas\/#primaryimage\"},\"image\":{\"@id\":\"https:\/\/golandpop.com\/index.php\/2023\/10\/09\/sabrina-ameghino-el-celeste-y-blanco-va-en-la-venas\/#primaryimage\"},\"thumbnailUrl\":\"https:\/\/golandpop.com\/wp-content\/uploads\/2023\/10\/1568790100321-e1696825295448.jpg\",\"datePublished\":\"2023-10-09T04:17:02+00:00\",\"dateModified\":\"2023-10-09T04:24:28+00:00\",\"breadcrumb\":{\"@id\":\"https:\/\/golandpop.com\/index.php\/2023\/10\/09\/sabrina-ameghino-el-celeste-y-blanco-va-en-la-venas\/#breadcrumb\"},\"inLanguage\":\"es-AR\",\"potentialAction\":[{\"@type\":\"ReadAction\",\"target\":[\"https:\/\/golandpop.com\/index.php\/2023\/10\/09\/sabrina-ameghino-el-celeste-y-blanco-va-en-la-venas\/\"]}]},{\"@type\":\"ImageObject\",\"inLanguage\":\"es-AR\",\"@id\":\"https:\/\/golandpop.com\/index.php\/2023\/10\/09\/sabrina-ameghino-el-celeste-y-blanco-va-en-la-venas\/#primaryimage\",\"url\":\"https:\/\/golandpop.com\/wp-content\/uploads\/2023\/10\/1568790100321-e1696825295448.jpg\",\"contentUrl\":\"https:\/\/golandpop.com\/wp-content\/uploads\/2023\/10\/1568790100321-e1696825295448.jpg\",\"width\":1280,\"height\":739},{\"@type\":\"BreadcrumbList\",\"@id\":\"https:\/\/golandpop.com\/index.php\/2023\/10\/09\/sabrina-ameghino-el-celeste-y-blanco-va-en-la-venas\/#breadcrumb\",\"itemListElement\":[{\"@type\":\"ListItem\",\"position\":1,\"name\":\"Inicio\",\"item\":\"https:\/\/golandpop.com\/\"},{\"@type\":\"ListItem\",\"position\":2,\"name\":\"Sabrina Ameghino: &#8220;El celeste y blanco va en la venas&#8221;\"}]},{\"@type\":\"WebSite\",\"@id\":\"https:\/\/golandpop.com\/#website\",\"url\":\"https:\/\/golandpop.com\/\",\"name\":\"Golandpop\",\"description\":\"\",\"publisher\":{\"@id\":\"https:\/\/golandpop.com\/#organization\"},\"potentialAction\":[{\"@type\":\"SearchAction\",\"target\":{\"@type\":\"EntryPoint\",\"urlTemplate\":\"https:\/\/golandpop.com\/?s={search_term_string}\"},\"query-input\":{\"@type\":\"PropertyValueSpecification\",\"valueRequired\":true,\"valueName\":\"search_term_string\"}}],\"inLanguage\":\"es-AR\"},{\"@type\":\"Organization\",\"@id\":\"https:\/\/golandpop.com\/#organization\",\"name\":\"GolandPop\",\"url\":\"https:\/\/golandpop.com\/\",\"logo\":{\"@type\":\"ImageObject\",\"inLanguage\":\"es-AR\",\"@id\":\"https:\/\/golandpop.com\/#\/schema\/logo\/image\/\",\"url\":\"https:\/\/golandpop.com\/wp-content\/uploads\/2020\/04\/favicon_gol_pop.png\",\"contentUrl\":\"https:\/\/golandpop.com\/wp-content\/uploads\/2020\/04\/favicon_gol_pop.png\",\"width\":246,\"height\":246,\"caption\":\"GolandPop\"},\"image\":{\"@id\":\"https:\/\/golandpop.com\/#\/schema\/logo\/image\/\"},\"sameAs\":[\"https:\/\/x.com\/golandpop\",\"https:\/\/www.instagram.com\/golandpopcordoba\/\"]},{\"@type\":\"Person\",\"@id\":\"https:\/\/golandpop.com\/#\/schema\/person\/2809725861e0da25eaffe2d9b29c9613\",\"name\":\"Gol&amp;Pop\",\"image\":{\"@type\":\"ImageObject\",\"inLanguage\":\"es-AR\",\"@id\":\"https:\/\/golandpop.com\/#\/schema\/person\/image\/\",\"url\":\"https:\/\/secure.gravatar.com\/avatar\/9a87ee051ca8c77f5d4070843ce2c78cdf95b858b950fb039151de955122f5f5?s=96&d=mm&r=g\",\"contentUrl\":\"https:\/\/secure.gravatar.com\/avatar\/9a87ee051ca8c77f5d4070843ce2c78cdf95b858b950fb039151de955122f5f5?s=96&d=mm&r=g\",\"caption\":\"Gol&amp;Pop\"},\"sameAs\":[\"http:\/\/golandpop.com\"],\"url\":\"https:\/\/golandpop.com\/index.php\/author\/admin\/\"}]}<\/script>\n<!-- \/ Yoast SEO plugin. -->","yoast_head_json":{"title":"Sabrina Ameghino: \"El celeste y blanco va en la venas\" - Golandpop","robots":{"index":"index","follow":"follow","max-snippet":"max-snippet:-1","max-image-preview":"max-image-preview:large","max-video-preview":"max-video-preview:-1"},"canonical":"https:\/\/golandpop.com\/index.php\/2023\/10\/09\/sabrina-ameghino-el-celeste-y-blanco-va-en-la-venas\/","og_locale":"es_ES","og_type":"article","og_title":"Sabrina Ameghino: \"El celeste y blanco va en la venas\" - Golandpop","og_description":"Cuenta regresiva, arrancan los Panamericanos","og_url":"https:\/\/golandpop.com\/index.php\/2023\/10\/09\/sabrina-ameghino-el-celeste-y-blanco-va-en-la-venas\/","og_site_name":"Golandpop","article_published_time":"2023-10-09T04:17:02+00:00","article_modified_time":"2023-10-09T04:24:28+00:00","og_image":[{"width":1280,"height":739,"url":"https:\/\/golandpop.com\/wp-content\/uploads\/2023\/10\/1568790100321-e1696825295448.jpg","type":"image\/jpeg"}],"author":"Gol&amp;Pop","twitter_card":"summary_large_image","twitter_creator":"@golandpop","twitter_site":"@golandpop","twitter_misc":{"Escrito por":"Gol&amp;Pop","Tiempo de lectura":"2 minutos"},"schema":{"@context":"https:\/\/schema.org","@graph":[{"@type":"Article","@id":"https:\/\/golandpop.com\/index.php\/2023\/10\/09\/sabrina-ameghino-el-celeste-y-blanco-va-en-la-venas\/#article","isPartOf":{"@id":"https:\/\/golandpop.com\/index.php\/2023\/10\/09\/sabrina-ameghino-el-celeste-y-blanco-va-en-la-venas\/"},"author":{"name":"Gol&amp;Pop","@id":"https:\/\/golandpop.com\/#\/schema\/person\/2809725861e0da25eaffe2d9b29c9613"},"headline":"Sabrina Ameghino: &#8220;El celeste y blanco va en la venas&#8221;","datePublished":"2023-10-09T04:17:02+00:00","dateModified":"2023-10-09T04:24:28+00:00","mainEntityOfPage":{"@id":"https:\/\/golandpop.com\/index.php\/2023\/10\/09\/sabrina-ameghino-el-celeste-y-blanco-va-en-la-venas\/"},"wordCount":329,"commentCount":0,"publisher":{"@id":"https:\/\/golandpop.com\/#organization"},"image":{"@id":"https:\/\/golandpop.com\/index.php\/2023\/10\/09\/sabrina-ameghino-el-celeste-y-blanco-va-en-la-venas\/#primaryimage"},"thumbnailUrl":"https:\/\/golandpop.com\/wp-content\/uploads\/2023\/10\/1568790100321-e1696825295448.jpg","keywords":["Juegos Panamericanos","portada","Sabrina Ameghino","Santiago 2023"],"articleSection":["Entrevistas","Polideportivo"],"inLanguage":"es-AR"},{"@type":"WebPage","@id":"https:\/\/golandpop.com\/index.php\/2023\/10\/09\/sabrina-ameghino-el-celeste-y-blanco-va-en-la-venas\/","url":"https:\/\/golandpop.com\/index.php\/2023\/10\/09\/sabrina-ameghino-el-celeste-y-blanco-va-en-la-venas\/","name":"Sabrina Ameghino: \"El celeste y blanco va en la venas\" - Golandpop","isPartOf":{"@id":"https:\/\/golandpop.com\/#website"},"primaryImageOfPage":{"@id":"https:\/\/golandpop.com\/index.php\/2023\/10\/09\/sabrina-ameghino-el-celeste-y-blanco-va-en-la-venas\/#primaryimage"},"image":{"@id":"https:\/\/golandpop.com\/index.php\/2023\/10\/09\/sabrina-ameghino-el-celeste-y-blanco-va-en-la-venas\/#primaryimage"},"thumbnailUrl":"https:\/\/golandpop.com\/wp-content\/uploads\/2023\/10\/1568790100321-e1696825295448.jpg","datePublished":"2023-10-09T04:17:02+00:00","dateModified":"2023-10-09T04:24:28+00:00","breadcrumb":{"@id":"https:\/\/golandpop.com\/index.php\/2023\/10\/09\/sabrina-ameghino-el-celeste-y-blanco-va-en-la-venas\/#breadcrumb"},"inLanguage":"es-AR","potentialAction":[{"@type":"ReadAction","target":["https:\/\/golandpop.com\/index.php\/2023\/10\/09\/sabrina-ameghino-el-celeste-y-blanco-va-en-la-venas\/"]}]},{"@type":"ImageObject","inLanguage":"es-AR","@id":"https:\/\/golandpop.com\/index.php\/2023\/10\/09\/sabrina-ameghino-el-celeste-y-blanco-va-en-la-venas\/#primaryimage","url":"https:\/\/golandpop.com\/wp-content\/uploads\/2023\/10\/1568790100321-e1696825295448.jpg","contentUrl":"https:\/\/golandpop.com\/wp-content\/uploads\/2023\/10\/1568790100321-e1696825295448.jpg","width":1280,"height":739},{"@type":"BreadcrumbList","@id":"https:\/\/golandpop.com\/index.php\/2023\/10\/09\/sabrina-ameghino-el-celeste-y-blanco-va-en-la-venas\/#breadcrumb","itemListElement":[{"@type":"ListItem","position":1,"name":"Inicio","item":"https:\/\/golandpop.com\/"},{"@type":"ListItem","position":2,"name":"Sabrina Ameghino: &#8220;El celeste y blanco va en la venas&#8221;"}]},{"@type":"WebSite","@id":"https:\/\/golandpop.com\/#website","url":"https:\/\/golandpop.com\/","name":"Golandpop","description":"","publisher":{"@id":"https:\/\/golandpop.com\/#organization"},"potentialAction":[{"@type":"SearchAction","target":{"@type":"EntryPoint","urlTemplate":"https:\/\/golandpop.com\/?s={search_term_string}"},"query-input":{"@type":"PropertyValueSpecification","valueRequired":true,"valueName":"search_term_string"}}],"inLanguage":"es-AR"},{"@type":"Organization","@id":"https:\/\/golandpop.com\/#organization","name":"GolandPop","url":"https:\/\/golandpop.com\/","logo":{"@type":"ImageObject","inLanguage":"es-AR","@id":"https:\/\/golandpop.com\/#\/schema\/logo\/image\/","url":"https:\/\/golandpop.com\/wp-content\/uploads\/2020\/04\/favicon_gol_pop.png","contentUrl":"https:\/\/golandpop.com\/wp-content\/uploads\/2020\/04\/favicon_gol_pop.png","width":246,"height":246,"caption":"GolandPop"},"image":{"@id":"https:\/\/golandpop.com\/#\/schema\/logo\/image\/"},"sameAs":["https:\/\/x.com\/golandpop","https:\/\/www.instagram.com\/golandpopcordoba\/"]},{"@type":"Person","@id":"https:\/\/golandpop.com\/#\/schema\/person\/2809725861e0da25eaffe2d9b29c9613","name":"Gol&amp;Pop","image":{"@type":"ImageObject","inLanguage":"es-AR","@id":"https:\/\/golandpop.com\/#\/schema\/person\/image\/","url":"https:\/\/secure.gravatar.com\/avatar\/9a87ee051ca8c77f5d4070843ce2c78cdf95b858b950fb039151de955122f5f5?s=96&d=mm&r=g","contentUrl":"https:\/\/secure.gravatar.com\/avatar\/9a87ee051ca8c77f5d4070843ce2c78cdf95b858b950fb039151de955122f5f5?s=96&d=mm&r=g","caption":"Gol&amp;Pop"},"sameAs":["http:\/\/golandpop.com"],"url":"https:\/\/golandpop.com\/index.php\/author\/admin\/"}]}},"_links":{"self":[{"href":"https:\/\/golandpop.com\/index.php\/wp-json\/wp\/v2\/posts\/27073","targetHints":{"allow":["GET"]}}],"collection":[{"href":"https:\/\/golandpop.com\/index.php\/wp-json\/wp\/v2\/posts"}],"about":[{"href":"https:\/\/golandpop.com\/index.php\/wp-json\/wp\/v2\/types\/post"}],"author":[{"embeddable":true,"href":"https:\/\/golandpop.com\/index.php\/wp-json\/wp\/v2\/users\/1"}],"replies":[{"embeddable":true,"href":"https:\/\/golandpop.com\/index.php\/wp-json\/wp\/v2\/comments?post=27073"}],"version-history":[{"count":13,"href":"https:\/\/golandpop.com\/index.php\/wp-json\/wp\/v2\/posts\/27073\/revisions"}],"predecessor-version":[{"id":27094,"href":"https:\/\/golandpop.com\/index.php\/wp-json\/wp\/v2\/posts\/27073\/revisions\/27094"}],"wp:featuredmedia":[{"embeddable":true,"href":"https:\/\/golandpop.com\/index.php\/wp-json\/wp\/v2\/media\/27091"}],"wp:attachment":[{"href":"https:\/\/golandpop.com\/index.php\/wp-json\/wp\/v2\/media?parent=27073"}],"wp:term":[{"taxonomy":"category","embeddable":true,"href":"https:\/\/golandpop.com\/index.php\/wp-json\/wp\/v2\/categories?post=27073"},{"taxonomy":"post_tag","embeddable":true,"href":"https:\/\/golandpop.com\/index.php\/wp-json\/wp\/v2\/tags?post=27073"}],"curies":[{"name":"wp","href":"https:\/\/api.w.org\/{rel}","templated":true}]}}