{"id":27066,"date":"2023-10-01T09:01:13","date_gmt":"2023-10-01T12:01:13","guid":{"rendered":"https:\/\/golandpop.com\/?p=27066"},"modified":"2023-10-01T09:01:16","modified_gmt":"2023-10-01T12:01:16","slug":"talleres-belgrano-una-nueva-edicion-del-clasico-cordobes","status":"publish","type":"post","link":"https:\/\/golandpop.com\/index.php\/2023\/10\/01\/talleres-belgrano-una-nueva-edicion-del-clasico-cordobes\/","title":{"rendered":"Talleres &#8211; Belgrano, una nueva edici\u00f3n del cl\u00e1sico cordob\u00e9s"},"content":{"rendered":"\n<p><strong>Talleres jugar\u00e1 con Belgrano en el d\u00eda domingo a las 18:45 en el Estadio Mario Alberto Kempes por la fecha 7 de la Copa de la Liga. El \u00e1rbitro del partido ser\u00e1 Dar\u00edo Herrera.<\/strong> El partido lo vas a vivir por la Cadena GOLANDPOP en FM 106.1 en C\u00f3rdoba y por m\u00e1s de 80 emisoras de todo pa\u00eds.<\/p>\n\n\n\n<p>El Matador y el Pirata volver\u00e1n a jugar un nuevo cl\u00e1sico en el m\u00e1ximo escenario del f\u00fatbol de La Docta con <strong>solo socios de <a href=\"https:\/\/golandpop.com\/index.php\/category\/talleres\/\">Talleres<\/a><\/strong>. Los hinchas de <a href=\"https:\/\/golandpop.com\/index.php\/category\/futbol\/belgrano\/\">Belgrano<\/a> no podr\u00e1n asistir, aunque han organizado un banderazo en la concentraci\u00f3n del Pirata en el Hotel Quinto Centenario.<\/p>\n\n\n\n<p>El equipo albiazul viene de ganar 4 a 0 a Barracas Central y est\u00e1 5to con 10 puntos en la Zona A. Por su parte, el equipo de Alberdi empat\u00f3 0 a 0 de visitante con Sarmiento de Jun\u00edn y est\u00e1 a dos puntos del puntero Racing.<\/p>\n\n\n\n<p><em>Talleres &#8211; Belgrano lo vas a vivir por la Cadena <a href=\"https:\/\/golandpop.com\/\">GOLANDPOP<\/a> en FM 106.1 en C\u00f3rdoba y por m\u00e1s de 80 emisoras de todo pa\u00eds. La previa desde las 16.45 horas.<\/em><\/p>\n\n\n\n<p>El t\u00e9cnico Javier Gandolfi no confirm\u00f3 el equipo pero es muy probable que repita el equipo que venci\u00f3 al Guapo. Para el cl\u00e1sico <strong>recuper\u00f3 a Juan Gabriel Rodr\u00edguez, &#8216;Rulo&#8217; Romero y Nahuel Bustos<\/strong>.<\/p>\n\n\n\n<p>En el lado del Celeste el t\u00e9cnico Guillermo <strong>Farr\u00e9 podr\u00eda realizar una sola variante<\/strong>: el ingreso de Facundo Lencioni por Lautaro Pastr\u00e1n. La lista de citados no tuvo modificaciones en relaci\u00f3n al viaje a Jun\u00edn.<\/p>\n\n\n\n<figure class=\"wp-block-embed-twitter wp-block-embed is-type-rich is-provider-twitter\"><div class=\"wp-block-embed__wrapper\">\n<blockquote class=\"twitter-tweet\" data-width=\"550\" data-dnt=\"true\"><p lang=\"es\" dir=\"ltr\">\ud83d\udd25\u26bd\ufe0f \u00a1D\u00cdA DE CLASICAZO CORDOB\u00c9S! <a href=\"https:\/\/twitter.com\/hashtag\/Talleres?src=hash&amp;ref_src=twsrc%5Etfw\">#Talleres<\/a> recibe a <a href=\"https:\/\/twitter.com\/hashtag\/Belgrano?src=hash&amp;ref_src=twsrc%5Etfw\">#Belgrano<\/a> en el estadio Mario Alberto Kempes por la s\u00e9ptima fecha de la <a href=\"https:\/\/twitter.com\/hashtag\/CopaDeLaLiga?src=hash&amp;ref_src=twsrc%5Etfw\">#CopaDeLaLiga<\/a> <br><br>\ud83d\udcfb Lo viv\u00eds junto a Cadena <a href=\"https:\/\/twitter.com\/golandpop?ref_src=twsrc%5Etfw\">@golandpop<\/a> en FM 106.1 y m\u00e1s de 80 radios de Argentina. <a href=\"https:\/\/t.co\/OvIWf0mHvj\">pic.twitter.com\/OvIWf0mHvj<\/a><\/p>&mdash; GOLANDPOP (@golandpop) <a href=\"https:\/\/twitter.com\/golandpop\/status\/1708436719496839451?ref_src=twsrc%5Etfw\">October 1, 2023<\/a><\/blockquote><script async src=\"https:\/\/platform.twitter.com\/widgets.js\" charset=\"utf-8\"><\/script>\n<\/div><\/figure>\n\n\n\n<h5 class=\"wp-block-heading\">Posibles formaciones<\/h5>\n\n\n\n<p>Talleres : Guido&nbsp;<strong>Herrera<\/strong>; Gast\u00f3n&nbsp;<strong>Benav\u00eddez<\/strong>, Mat\u00edas&nbsp;<strong>Catal\u00e1n<\/strong>, Lucas&nbsp;<strong>Su\u00e1rez<\/strong>, Juan Carlos&nbsp;<strong>Portillo<\/strong>; Rodrigo&nbsp;<strong>Villagra<\/strong>, Ulises&nbsp;<strong>Ortegoza<\/strong>, Nicol\u00e1s&nbsp;<strong>Vallejo<\/strong>; Rodrigo&nbsp;<strong>Garro<\/strong>, Valent\u00edn&nbsp;<strong>Depietri&nbsp;<\/strong>y Ram\u00f3n&nbsp;<strong>Sosa<\/strong>.<\/p>\n\n\n\n<p>Belgrano : Nahuel&nbsp;<strong>Losada<\/strong>; Juan&nbsp;<strong>Barinaga<\/strong>, Alejandro&nbsp;<strong>R\u00e9bola<\/strong>, Erik&nbsp;<strong>Godoy<\/strong>, Alex&nbsp;<strong>Ibacache<\/strong>; Ulises&nbsp;<strong>S\u00e1nchez<\/strong>, Esteban&nbsp;<strong>Rol\u00f3n<\/strong>, Santiago&nbsp;<strong>Longo<\/strong>, Mat\u00edas&nbsp;<strong>Mar\u00edn<\/strong>, Facundo&nbsp;<strong>Lencioni<\/strong>; Lucas&nbsp;<strong>Passerini<\/strong>. DT: Guillermo&nbsp;<strong>Farr\u00e9<\/strong>.<\/p>\n\n\n\n<p>Estadio: Mario Alberto Kempes.<\/p>\n\n\n\n<p>\u00c1rbitro: Dar\u00edo Herrera.<\/p>\n","protected":false},"excerpt":{"rendered":"<p>GOLANDPOP &#8211; FM 106.1<\/p>\n","protected":false},"author":1,"featured_media":27069,"comment_status":"open","ping_status":"open","sticky":false,"template":"","format":"standard","meta":{"footnotes":""},"categories":[777,33,48],"tags":[97,1725,383,950,285],"class_list":["post-27066","post","type-post","status-publish","format-standard","has-post-thumbnail","hentry","category-actualidad","category-belgrano","category-talleres","tag-belgrano","tag-copa-de-la-liga","tag-liga-profesional","tag-portada","tag-talleres-2"],"yoast_head":"<!-- This site is optimized with the Yoast SEO plugin v26.1.1 - https:\/\/yoast.com\/wordpress\/plugins\/seo\/ -->\n<title>Talleres - Belgrano, una nueva edici\u00f3n del cl\u00e1sico cordob\u00e9s - Golandpop<\/title>\n<meta name=\"robots\" content=\"index, follow, max-snippet:-1, max-image-preview:large, max-video-preview:-1\" \/>\n<link rel=\"canonical\" href=\"https:\/\/golandpop.com\/index.php\/2023\/10\/01\/talleres-belgrano-una-nueva-edicion-del-clasico-cordobes\/\" \/>\n<meta property=\"og:locale\" content=\"es_ES\" \/>\n<meta property=\"og:type\" content=\"article\" \/>\n<meta property=\"og:title\" content=\"Talleres - Belgrano, una nueva edici\u00f3n del cl\u00e1sico cordob\u00e9s - Golandpop\" \/>\n<meta property=\"og:description\" content=\"GOLANDPOP - FM 106.1\" \/>\n<meta property=\"og:url\" content=\"https:\/\/golandpop.com\/index.php\/2023\/10\/01\/talleres-belgrano-una-nueva-edicion-del-clasico-cordobes\/\" \/>\n<meta property=\"og:site_name\" content=\"Golandpop\" \/>\n<meta property=\"article:published_time\" content=\"2023-10-01T12:01:13+00:00\" \/>\n<meta property=\"article:modified_time\" content=\"2023-10-01T12:01:16+00:00\" \/>\n<meta property=\"og:image\" content=\"https:\/\/golandpop.com\/wp-content\/uploads\/2023\/09\/408DF8DE-3B77-476A-8CE7-B691E3C59714_L0_001-19_9_2023-13_05_20-scaled-e1696161518366.jpg\" \/>\n\t<meta property=\"og:image:width\" content=\"2560\" \/>\n\t<meta property=\"og:image:height\" content=\"1811\" \/>\n\t<meta property=\"og:image:type\" content=\"image\/jpeg\" \/>\n<meta name=\"author\" content=\"Gol&amp;Pop\" \/>\n<meta name=\"twitter:card\" content=\"summary_large_image\" \/>\n<meta name=\"twitter:creator\" content=\"@golandpop\" \/>\n<meta name=\"twitter:site\" content=\"@golandpop\" \/>\n<meta name=\"twitter:label1\" content=\"Escrito por\" \/>\n\t<meta name=\"twitter:data1\" content=\"Gol&amp;Pop\" \/>\n\t<meta name=\"twitter:label2\" content=\"Tiempo de lectura\" \/>\n\t<meta name=\"twitter:data2\" content=\"2 minutos\" \/>\n<script type=\"application\/ld+json\" class=\"yoast-schema-graph\">{\"@context\":\"https:\/\/schema.org\",\"@graph\":[{\"@type\":\"Article\",\"@id\":\"https:\/\/golandpop.com\/index.php\/2023\/10\/01\/talleres-belgrano-una-nueva-edicion-del-clasico-cordobes\/#article\",\"isPartOf\":{\"@id\":\"https:\/\/golandpop.com\/index.php\/2023\/10\/01\/talleres-belgrano-una-nueva-edicion-del-clasico-cordobes\/\"},\"author\":{\"name\":\"Gol&amp;Pop\",\"@id\":\"https:\/\/golandpop.com\/#\/schema\/person\/2809725861e0da25eaffe2d9b29c9613\"},\"headline\":\"Talleres &#8211; Belgrano, una nueva edici\u00f3n del cl\u00e1sico cordob\u00e9s\",\"datePublished\":\"2023-10-01T12:01:13+00:00\",\"dateModified\":\"2023-10-01T12:01:16+00:00\",\"mainEntityOfPage\":{\"@id\":\"https:\/\/golandpop.com\/index.php\/2023\/10\/01\/talleres-belgrano-una-nueva-edicion-del-clasico-cordobes\/\"},\"wordCount\":377,\"commentCount\":0,\"publisher\":{\"@id\":\"https:\/\/golandpop.com\/#organization\"},\"image\":{\"@id\":\"https:\/\/golandpop.com\/index.php\/2023\/10\/01\/talleres-belgrano-una-nueva-edicion-del-clasico-cordobes\/#primaryimage\"},\"thumbnailUrl\":\"https:\/\/golandpop.com\/wp-content\/uploads\/2023\/09\/408DF8DE-3B77-476A-8CE7-B691E3C59714_L0_001-19_9_2023-13_05_20-scaled-e1696161518366.jpg\",\"keywords\":[\"Belgrano\",\"Copa de la Liga\",\"Liga Profesional\",\"portada\",\"Talleres\"],\"articleSection\":[\"Actualidad\",\"Belgrano\",\"Talleres\"],\"inLanguage\":\"es-AR\"},{\"@type\":\"WebPage\",\"@id\":\"https:\/\/golandpop.com\/index.php\/2023\/10\/01\/talleres-belgrano-una-nueva-edicion-del-clasico-cordobes\/\",\"url\":\"https:\/\/golandpop.com\/index.php\/2023\/10\/01\/talleres-belgrano-una-nueva-edicion-del-clasico-cordobes\/\",\"name\":\"Talleres - Belgrano, una nueva edici\u00f3n del cl\u00e1sico cordob\u00e9s - Golandpop\",\"isPartOf\":{\"@id\":\"https:\/\/golandpop.com\/#website\"},\"primaryImageOfPage\":{\"@id\":\"https:\/\/golandpop.com\/index.php\/2023\/10\/01\/talleres-belgrano-una-nueva-edicion-del-clasico-cordobes\/#primaryimage\"},\"image\":{\"@id\":\"https:\/\/golandpop.com\/index.php\/2023\/10\/01\/talleres-belgrano-una-nueva-edicion-del-clasico-cordobes\/#primaryimage\"},\"thumbnailUrl\":\"https:\/\/golandpop.com\/wp-content\/uploads\/2023\/09\/408DF8DE-3B77-476A-8CE7-B691E3C59714_L0_001-19_9_2023-13_05_20-scaled-e1696161518366.jpg\",\"datePublished\":\"2023-10-01T12:01:13+00:00\",\"dateModified\":\"2023-10-01T12:01:16+00:00\",\"breadcrumb\":{\"@id\":\"https:\/\/golandpop.com\/index.php\/2023\/10\/01\/talleres-belgrano-una-nueva-edicion-del-clasico-cordobes\/#breadcrumb\"},\"inLanguage\":\"es-AR\",\"potentialAction\":[{\"@type\":\"ReadAction\",\"target\":[\"https:\/\/golandpop.com\/index.php\/2023\/10\/01\/talleres-belgrano-una-nueva-edicion-del-clasico-cordobes\/\"]}]},{\"@type\":\"ImageObject\",\"inLanguage\":\"es-AR\",\"@id\":\"https:\/\/golandpop.com\/index.php\/2023\/10\/01\/talleres-belgrano-una-nueva-edicion-del-clasico-cordobes\/#primaryimage\",\"url\":\"https:\/\/golandpop.com\/wp-content\/uploads\/2023\/09\/408DF8DE-3B77-476A-8CE7-B691E3C59714_L0_001-19_9_2023-13_05_20-scaled-e1696161518366.jpg\",\"contentUrl\":\"https:\/\/golandpop.com\/wp-content\/uploads\/2023\/09\/408DF8DE-3B77-476A-8CE7-B691E3C59714_L0_001-19_9_2023-13_05_20-scaled-e1696161518366.jpg\",\"width\":2560,\"height\":1811},{\"@type\":\"BreadcrumbList\",\"@id\":\"https:\/\/golandpop.com\/index.php\/2023\/10\/01\/talleres-belgrano-una-nueva-edicion-del-clasico-cordobes\/#breadcrumb\",\"itemListElement\":[{\"@type\":\"ListItem\",\"position\":1,\"name\":\"Inicio\",\"item\":\"https:\/\/golandpop.com\/\"},{\"@type\":\"ListItem\",\"position\":2,\"name\":\"Talleres &#8211; Belgrano, una nueva edici\u00f3n del cl\u00e1sico cordob\u00e9s\"}]},{\"@type\":\"WebSite\",\"@id\":\"https:\/\/golandpop.com\/#website\",\"url\":\"https:\/\/golandpop.com\/\",\"name\":\"Golandpop\",\"description\":\"\",\"publisher\":{\"@id\":\"https:\/\/golandpop.com\/#organization\"},\"potentialAction\":[{\"@type\":\"SearchAction\",\"target\":{\"@type\":\"EntryPoint\",\"urlTemplate\":\"https:\/\/golandpop.com\/?s={search_term_string}\"},\"query-input\":{\"@type\":\"PropertyValueSpecification\",\"valueRequired\":true,\"valueName\":\"search_term_string\"}}],\"inLanguage\":\"es-AR\"},{\"@type\":\"Organization\",\"@id\":\"https:\/\/golandpop.com\/#organization\",\"name\":\"GolandPop\",\"url\":\"https:\/\/golandpop.com\/\",\"logo\":{\"@type\":\"ImageObject\",\"inLanguage\":\"es-AR\",\"@id\":\"https:\/\/golandpop.com\/#\/schema\/logo\/image\/\",\"url\":\"https:\/\/golandpop.com\/wp-content\/uploads\/2020\/04\/favicon_gol_pop.png\",\"contentUrl\":\"https:\/\/golandpop.com\/wp-content\/uploads\/2020\/04\/favicon_gol_pop.png\",\"width\":246,\"height\":246,\"caption\":\"GolandPop\"},\"image\":{\"@id\":\"https:\/\/golandpop.com\/#\/schema\/logo\/image\/\"},\"sameAs\":[\"https:\/\/x.com\/golandpop\",\"https:\/\/www.instagram.com\/golandpopcordoba\/\"]},{\"@type\":\"Person\",\"@id\":\"https:\/\/golandpop.com\/#\/schema\/person\/2809725861e0da25eaffe2d9b29c9613\",\"name\":\"Gol&amp;Pop\",\"image\":{\"@type\":\"ImageObject\",\"inLanguage\":\"es-AR\",\"@id\":\"https:\/\/golandpop.com\/#\/schema\/person\/image\/\",\"url\":\"https:\/\/secure.gravatar.com\/avatar\/9a87ee051ca8c77f5d4070843ce2c78cdf95b858b950fb039151de955122f5f5?s=96&d=mm&r=g\",\"contentUrl\":\"https:\/\/secure.gravatar.com\/avatar\/9a87ee051ca8c77f5d4070843ce2c78cdf95b858b950fb039151de955122f5f5?s=96&d=mm&r=g\",\"caption\":\"Gol&amp;Pop\"},\"sameAs\":[\"http:\/\/golandpop.com\"],\"url\":\"https:\/\/golandpop.com\/index.php\/author\/admin\/\"}]}<\/script>\n<!-- \/ Yoast SEO plugin. -->","yoast_head_json":{"title":"Talleres - Belgrano, una nueva edici\u00f3n del cl\u00e1sico cordob\u00e9s - Golandpop","robots":{"index":"index","follow":"follow","max-snippet":"max-snippet:-1","max-image-preview":"max-image-preview:large","max-video-preview":"max-video-preview:-1"},"canonical":"https:\/\/golandpop.com\/index.php\/2023\/10\/01\/talleres-belgrano-una-nueva-edicion-del-clasico-cordobes\/","og_locale":"es_ES","og_type":"article","og_title":"Talleres - Belgrano, una nueva edici\u00f3n del cl\u00e1sico cordob\u00e9s - Golandpop","og_description":"GOLANDPOP - FM 106.1","og_url":"https:\/\/golandpop.com\/index.php\/2023\/10\/01\/talleres-belgrano-una-nueva-edicion-del-clasico-cordobes\/","og_site_name":"Golandpop","article_published_time":"2023-10-01T12:01:13+00:00","article_modified_time":"2023-10-01T12:01:16+00:00","og_image":[{"width":2560,"height":1811,"url":"https:\/\/golandpop.com\/wp-content\/uploads\/2023\/09\/408DF8DE-3B77-476A-8CE7-B691E3C59714_L0_001-19_9_2023-13_05_20-scaled-e1696161518366.jpg","type":"image\/jpeg"}],"author":"Gol&amp;Pop","twitter_card":"summary_large_image","twitter_creator":"@golandpop","twitter_site":"@golandpop","twitter_misc":{"Escrito por":"Gol&amp;Pop","Tiempo de lectura":"2 minutos"},"schema":{"@context":"https:\/\/schema.org","@graph":[{"@type":"Article","@id":"https:\/\/golandpop.com\/index.php\/2023\/10\/01\/talleres-belgrano-una-nueva-edicion-del-clasico-cordobes\/#article","isPartOf":{"@id":"https:\/\/golandpop.com\/index.php\/2023\/10\/01\/talleres-belgrano-una-nueva-edicion-del-clasico-cordobes\/"},"author":{"name":"Gol&amp;Pop","@id":"https:\/\/golandpop.com\/#\/schema\/person\/2809725861e0da25eaffe2d9b29c9613"},"headline":"Talleres &#8211; Belgrano, una nueva edici\u00f3n del cl\u00e1sico cordob\u00e9s","datePublished":"2023-10-01T12:01:13+00:00","dateModified":"2023-10-01T12:01:16+00:00","mainEntityOfPage":{"@id":"https:\/\/golandpop.com\/index.php\/2023\/10\/01\/talleres-belgrano-una-nueva-edicion-del-clasico-cordobes\/"},"wordCount":377,"commentCount":0,"publisher":{"@id":"https:\/\/golandpop.com\/#organization"},"image":{"@id":"https:\/\/golandpop.com\/index.php\/2023\/10\/01\/talleres-belgrano-una-nueva-edicion-del-clasico-cordobes\/#primaryimage"},"thumbnailUrl":"https:\/\/golandpop.com\/wp-content\/uploads\/2023\/09\/408DF8DE-3B77-476A-8CE7-B691E3C59714_L0_001-19_9_2023-13_05_20-scaled-e1696161518366.jpg","keywords":["Belgrano","Copa de la Liga","Liga Profesional","portada","Talleres"],"articleSection":["Actualidad","Belgrano","Talleres"],"inLanguage":"es-AR"},{"@type":"WebPage","@id":"https:\/\/golandpop.com\/index.php\/2023\/10\/01\/talleres-belgrano-una-nueva-edicion-del-clasico-cordobes\/","url":"https:\/\/golandpop.com\/index.php\/2023\/10\/01\/talleres-belgrano-una-nueva-edicion-del-clasico-cordobes\/","name":"Talleres - Belgrano, una nueva edici\u00f3n del cl\u00e1sico cordob\u00e9s - Golandpop","isPartOf":{"@id":"https:\/\/golandpop.com\/#website"},"primaryImageOfPage":{"@id":"https:\/\/golandpop.com\/index.php\/2023\/10\/01\/talleres-belgrano-una-nueva-edicion-del-clasico-cordobes\/#primaryimage"},"image":{"@id":"https:\/\/golandpop.com\/index.php\/2023\/10\/01\/talleres-belgrano-una-nueva-edicion-del-clasico-cordobes\/#primaryimage"},"thumbnailUrl":"https:\/\/golandpop.com\/wp-content\/uploads\/2023\/09\/408DF8DE-3B77-476A-8CE7-B691E3C59714_L0_001-19_9_2023-13_05_20-scaled-e1696161518366.jpg","datePublished":"2023-10-01T12:01:13+00:00","dateModified":"2023-10-01T12:01:16+00:00","breadcrumb":{"@id":"https:\/\/golandpop.com\/index.php\/2023\/10\/01\/talleres-belgrano-una-nueva-edicion-del-clasico-cordobes\/#breadcrumb"},"inLanguage":"es-AR","potentialAction":[{"@type":"ReadAction","target":["https:\/\/golandpop.com\/index.php\/2023\/10\/01\/talleres-belgrano-una-nueva-edicion-del-clasico-cordobes\/"]}]},{"@type":"ImageObject","inLanguage":"es-AR","@id":"https:\/\/golandpop.com\/index.php\/2023\/10\/01\/talleres-belgrano-una-nueva-edicion-del-clasico-cordobes\/#primaryimage","url":"https:\/\/golandpop.com\/wp-content\/uploads\/2023\/09\/408DF8DE-3B77-476A-8CE7-B691E3C59714_L0_001-19_9_2023-13_05_20-scaled-e1696161518366.jpg","contentUrl":"https:\/\/golandpop.com\/wp-content\/uploads\/2023\/09\/408DF8DE-3B77-476A-8CE7-B691E3C59714_L0_001-19_9_2023-13_05_20-scaled-e1696161518366.jpg","width":2560,"height":1811},{"@type":"BreadcrumbList","@id":"https:\/\/golandpop.com\/index.php\/2023\/10\/01\/talleres-belgrano-una-nueva-edicion-del-clasico-cordobes\/#breadcrumb","itemListElement":[{"@type":"ListItem","position":1,"name":"Inicio","item":"https:\/\/golandpop.com\/"},{"@type":"ListItem","position":2,"name":"Talleres &#8211; Belgrano, una nueva edici\u00f3n del cl\u00e1sico cordob\u00e9s"}]},{"@type":"WebSite","@id":"https:\/\/golandpop.com\/#website","url":"https:\/\/golandpop.com\/","name":"Golandpop","description":"","publisher":{"@id":"https:\/\/golandpop.com\/#organization"},"potentialAction":[{"@type":"SearchAction","target":{"@type":"EntryPoint","urlTemplate":"https:\/\/golandpop.com\/?s={search_term_string}"},"query-input":{"@type":"PropertyValueSpecification","valueRequired":true,"valueName":"search_term_string"}}],"inLanguage":"es-AR"},{"@type":"Organization","@id":"https:\/\/golandpop.com\/#organization","name":"GolandPop","url":"https:\/\/golandpop.com\/","logo":{"@type":"ImageObject","inLanguage":"es-AR","@id":"https:\/\/golandpop.com\/#\/schema\/logo\/image\/","url":"https:\/\/golandpop.com\/wp-content\/uploads\/2020\/04\/favicon_gol_pop.png","contentUrl":"https:\/\/golandpop.com\/wp-content\/uploads\/2020\/04\/favicon_gol_pop.png","width":246,"height":246,"caption":"GolandPop"},"image":{"@id":"https:\/\/golandpop.com\/#\/schema\/logo\/image\/"},"sameAs":["https:\/\/x.com\/golandpop","https:\/\/www.instagram.com\/golandpopcordoba\/"]},{"@type":"Person","@id":"https:\/\/golandpop.com\/#\/schema\/person\/2809725861e0da25eaffe2d9b29c9613","name":"Gol&amp;Pop","image":{"@type":"ImageObject","inLanguage":"es-AR","@id":"https:\/\/golandpop.com\/#\/schema\/person\/image\/","url":"https:\/\/secure.gravatar.com\/avatar\/9a87ee051ca8c77f5d4070843ce2c78cdf95b858b950fb039151de955122f5f5?s=96&d=mm&r=g","contentUrl":"https:\/\/secure.gravatar.com\/avatar\/9a87ee051ca8c77f5d4070843ce2c78cdf95b858b950fb039151de955122f5f5?s=96&d=mm&r=g","caption":"Gol&amp;Pop"},"sameAs":["http:\/\/golandpop.com"],"url":"https:\/\/golandpop.com\/index.php\/author\/admin\/"}]}},"_links":{"self":[{"href":"https:\/\/golandpop.com\/index.php\/wp-json\/wp\/v2\/posts\/27066","targetHints":{"allow":["GET"]}}],"collection":[{"href":"https:\/\/golandpop.com\/index.php\/wp-json\/wp\/v2\/posts"}],"about":[{"href":"https:\/\/golandpop.com\/index.php\/wp-json\/wp\/v2\/types\/post"}],"author":[{"embeddable":true,"href":"https:\/\/golandpop.com\/index.php\/wp-json\/wp\/v2\/users\/1"}],"replies":[{"embeddable":true,"href":"https:\/\/golandpop.com\/index.php\/wp-json\/wp\/v2\/comments?post=27066"}],"version-history":[{"count":2,"href":"https:\/\/golandpop.com\/index.php\/wp-json\/wp\/v2\/posts\/27066\/revisions"}],"predecessor-version":[{"id":27070,"href":"https:\/\/golandpop.com\/index.php\/wp-json\/wp\/v2\/posts\/27066\/revisions\/27070"}],"wp:featuredmedia":[{"embeddable":true,"href":"https:\/\/golandpop.com\/index.php\/wp-json\/wp\/v2\/media\/27069"}],"wp:attachment":[{"href":"https:\/\/golandpop.com\/index.php\/wp-json\/wp\/v2\/media?parent=27066"}],"wp:term":[{"taxonomy":"category","embeddable":true,"href":"https:\/\/golandpop.com\/index.php\/wp-json\/wp\/v2\/categories?post=27066"},{"taxonomy":"post_tag","embeddable":true,"href":"https:\/\/golandpop.com\/index.php\/wp-json\/wp\/v2\/tags?post=27066"}],"curies":[{"name":"wp","href":"https:\/\/api.w.org\/{rel}","templated":true}]}}