{"id":26331,"date":"2023-05-24T11:08:00","date_gmt":"2023-05-24T14:08:00","guid":{"rendered":"https:\/\/golandpop.com\/?p=26331"},"modified":"2023-05-24T17:19:35","modified_gmt":"2023-05-24T20:19:35","slug":"deportivo-pereira-vs-boca-por-la-conmebol-libertadores","status":"publish","type":"post","link":"https:\/\/golandpop.com\/index.php\/2023\/05\/24\/deportivo-pereira-vs-boca-por-la-conmebol-libertadores\/","title":{"rendered":"Deportivo Pereira vs Boca por la Conmebol Libertadores"},"content":{"rendered":"\n<p><em>Boca visita a Deportivo Pereira este mi\u00e9rcoles a las 21 en Colombia por la fecha 4 del grupo F de la Conmebol Libertadores. El \u00e1rbitro ser\u00e1 el brasile\u00f1o Wagner Magalhaes. Lo viv\u00eds por la Cadena <a href=\"https:\/\/golandpop.com\/\">GOLANDPOP<\/a> y Radio 10 FM 106.1.<\/em><\/p>\n\n\n\n<a title=\"Radio en vivo!\" href=\"http:\/\/radiosenlinea.xyz\/golandpop\" target=\"_blank\" rel=\"noopener noreferrer\"><img decoding=\"async\" src=\"https:\/\/golandpop.com\/wp-content\/uploads\/2020\/08\/WhatsApp-Image-2020-08-15-at-19.54.59.jpeg\" height=\"100\" alt=\"\"><\/a> <br>\n\n\n\n<p><a href=\"https:\/\/golandpop.com\/?s=boca\">Boca Juniors<\/a> visita tierras colombianas con el objetivo de ganar para meterse en octavos de final de <a href=\"https:\/\/www.conmebol.com\/libertadores\/\">Copa Libertadores<\/a>, esto gracias al empate de Monagas y Colo Colo en la noche del martes. Boca viene de ganarle ag\u00f3nicamente a Argentinos Juniors en La Paternal sin haber mostrado su mejor versi\u00f3n. El entrenador Jorge Almir\u00f3n no defini\u00f3 el equipo pero se perfilan cambios como el retorno de Alan Varela en lugar de Juan Ram\u00edrez y lo propio con Bruno Valdez, que se recuper\u00f3 de un desgarro, remplazando a Facundo Roncaglia. <\/p>\n\n\n\n<p>Deportivo Pereira hace cuatro partidos que no conoce la derrota -tres victorias y un empate-. Se mantiene tercero en este grupo, un punto por debajo de Colo Colo. El conjunto de Alejandro Restrepo qued\u00f3 en la 12\u00b0 posici\u00f3n en el torneo apertura de su pa\u00eds sin chances de acceder a la fase final y apuesta todo al certamen continental. Su \u00faltimo partido fue el triunfo 2 a 1 ante Alianza Petrolera.<\/p>\n\n\n\n<figure class=\"wp-block-embed-twitter wp-block-embed is-type-rich is-provider-twitter\"><div class=\"wp-block-embed__wrapper\">\n<blockquote class=\"twitter-tweet\" data-width=\"550\" data-dnt=\"true\"><p lang=\"es\" dir=\"ltr\">\ud83d\udd35\ud83d\udfe1 \u00a1EL XENEIZE EN COLOMBIA! <a href=\"https:\/\/twitter.com\/hashtag\/Boca?src=hash&amp;ref_src=twsrc%5Etfw\">#Boca<\/a> visita a <a href=\"https:\/\/twitter.com\/hashtag\/DeportivoPereira?src=hash&amp;ref_src=twsrc%5Etfw\">#DeportivoPereira<\/a> \ud83c\udde8\ud83c\uddf4 en el estadio Hern\u00e1n Ram\u00edrez Villegas por la cuarta fecha del Grupo F de la CONMEBOL <a href=\"https:\/\/twitter.com\/hashtag\/Libertadores?src=hash&amp;ref_src=twsrc%5Etfw\">#Libertadores<\/a> <br><br>\ud83d\udcfb Lo viv\u00eds junto a Cadena <a href=\"https:\/\/twitter.com\/golandpop?ref_src=twsrc%5Etfw\">@golandpop<\/a> en FM 106.1 y m\u00e1s de 80 radios de Argentina. <a href=\"https:\/\/t.co\/EC955zlx2J\">pic.twitter.com\/EC955zlx2J<\/a><\/p>&mdash; GOLANDPOP (@golandpop) <a href=\"https:\/\/twitter.com\/golandpop\/status\/1661346645387165696?ref_src=twsrc%5Etfw\">May 24, 2023<\/a><\/blockquote><script async src=\"https:\/\/platform.twitter.com\/widgets.js\" charset=\"utf-8\"><\/script>\n<\/div><\/figure>\n\n\n\n<p><strong><em>Probables formaciones<\/em><\/strong>:<\/p>\n\n\n\n<p><strong>Deportivo Pereira:<\/strong> Aldair Quintana; Carlos Ram\u00edrez o Yeison Su\u00e1rez, Juan Quintero, Geisson Perea; \u00c9ber Moreno, Jhonny V\u00e1squez, Johan Bocanegra, Yilmar Vel\u00e1zquez, Jilmer Fory; Arley Rodr\u00edguez y \u00c1ngelo Rodr\u00edguez. DT: Alejandro Restrepo.<\/p>\n\n\n\n<p><strong>Boca:<\/strong> Sergio Romero; Marcelo Weigandt o Miguel Merentiel, Bruno Valdez, Nicol\u00e1s Figal, Frank Fabra; Luis Adv\u00edncula, Guillermo Fern\u00e1ndez, Alan Varela, Mart\u00edn Payero; Sebasti\u00e1n Villa y Dar\u00edo Benedetto. DT: Jorge Almir\u00f3n. <\/p>\n","protected":false},"excerpt":{"rendered":"<p>Por la clasificaci\u00f3n a octavos<\/p>\n","protected":false},"author":1,"featured_media":26340,"comment_status":"open","ping_status":"open","sticky":false,"template":"","format":"standard","meta":{"footnotes":""},"categories":[29,39],"tags":[467,120,1714,950],"class_list":["post-26331","post","type-post","status-publish","format-standard","has-post-thumbnail","hentry","category-agenda","category-futbol","tag-boca-2","tag-copa-libertadores","tag-deportivo-pereira","tag-portada"],"yoast_head":"<!-- This site is optimized with the Yoast SEO plugin v26.1.1 - https:\/\/yoast.com\/wordpress\/plugins\/seo\/ -->\n<title>Deportivo Pereira vs Boca por la Conmebol Libertadores - Golandpop<\/title>\n<meta name=\"robots\" content=\"index, follow, max-snippet:-1, max-image-preview:large, max-video-preview:-1\" \/>\n<link rel=\"canonical\" href=\"https:\/\/golandpop.com\/index.php\/2023\/05\/24\/deportivo-pereira-vs-boca-por-la-conmebol-libertadores\/\" \/>\n<meta property=\"og:locale\" content=\"es_ES\" \/>\n<meta property=\"og:type\" content=\"article\" \/>\n<meta property=\"og:title\" content=\"Deportivo Pereira vs Boca por la Conmebol Libertadores - Golandpop\" \/>\n<meta property=\"og:description\" content=\"Por la clasificaci\u00f3n a octavos\" \/>\n<meta property=\"og:url\" content=\"https:\/\/golandpop.com\/index.php\/2023\/05\/24\/deportivo-pereira-vs-boca-por-la-conmebol-libertadores\/\" \/>\n<meta property=\"og:site_name\" content=\"Golandpop\" \/>\n<meta property=\"article:published_time\" content=\"2023-05-24T14:08:00+00:00\" \/>\n<meta property=\"article:modified_time\" content=\"2023-05-24T20:19:35+00:00\" \/>\n<meta property=\"og:image\" content=\"https:\/\/golandpop.com\/wp-content\/uploads\/2023\/05\/643f494d9593c-scaled.jpeg\" \/>\n\t<meta property=\"og:image:width\" content=\"2560\" \/>\n\t<meta property=\"og:image:height\" content=\"1707\" \/>\n\t<meta property=\"og:image:type\" content=\"image\/jpeg\" \/>\n<meta name=\"author\" content=\"Gol&amp;Pop\" \/>\n<meta name=\"twitter:card\" content=\"summary_large_image\" \/>\n<meta name=\"twitter:creator\" content=\"@golandpop\" \/>\n<meta name=\"twitter:site\" content=\"@golandpop\" \/>\n<meta name=\"twitter:label1\" content=\"Escrito por\" \/>\n\t<meta name=\"twitter:data1\" content=\"Gol&amp;Pop\" \/>\n\t<meta name=\"twitter:label2\" content=\"Tiempo de lectura\" \/>\n\t<meta name=\"twitter:data2\" content=\"1 minuto\" \/>\n<script type=\"application\/ld+json\" class=\"yoast-schema-graph\">{\"@context\":\"https:\/\/schema.org\",\"@graph\":[{\"@type\":\"Article\",\"@id\":\"https:\/\/golandpop.com\/index.php\/2023\/05\/24\/deportivo-pereira-vs-boca-por-la-conmebol-libertadores\/#article\",\"isPartOf\":{\"@id\":\"https:\/\/golandpop.com\/index.php\/2023\/05\/24\/deportivo-pereira-vs-boca-por-la-conmebol-libertadores\/\"},\"author\":{\"name\":\"Gol&amp;Pop\",\"@id\":\"https:\/\/golandpop.com\/#\/schema\/person\/2809725861e0da25eaffe2d9b29c9613\"},\"headline\":\"Deportivo Pereira vs Boca por la Conmebol Libertadores\",\"datePublished\":\"2023-05-24T14:08:00+00:00\",\"dateModified\":\"2023-05-24T20:19:35+00:00\",\"mainEntityOfPage\":{\"@id\":\"https:\/\/golandpop.com\/index.php\/2023\/05\/24\/deportivo-pereira-vs-boca-por-la-conmebol-libertadores\/\"},\"wordCount\":293,\"commentCount\":0,\"publisher\":{\"@id\":\"https:\/\/golandpop.com\/#organization\"},\"image\":{\"@id\":\"https:\/\/golandpop.com\/index.php\/2023\/05\/24\/deportivo-pereira-vs-boca-por-la-conmebol-libertadores\/#primaryimage\"},\"thumbnailUrl\":\"https:\/\/golandpop.com\/wp-content\/uploads\/2023\/05\/643f494d9593c-scaled.jpeg\",\"keywords\":[\"Boca\",\"Copa Libertadores\",\"Deportivo Pereira\",\"portada\"],\"articleSection\":[\"Agenda\",\"F\u00fatbol\"],\"inLanguage\":\"es-AR\"},{\"@type\":\"WebPage\",\"@id\":\"https:\/\/golandpop.com\/index.php\/2023\/05\/24\/deportivo-pereira-vs-boca-por-la-conmebol-libertadores\/\",\"url\":\"https:\/\/golandpop.com\/index.php\/2023\/05\/24\/deportivo-pereira-vs-boca-por-la-conmebol-libertadores\/\",\"name\":\"Deportivo Pereira vs Boca por la Conmebol Libertadores - Golandpop\",\"isPartOf\":{\"@id\":\"https:\/\/golandpop.com\/#website\"},\"primaryImageOfPage\":{\"@id\":\"https:\/\/golandpop.com\/index.php\/2023\/05\/24\/deportivo-pereira-vs-boca-por-la-conmebol-libertadores\/#primaryimage\"},\"image\":{\"@id\":\"https:\/\/golandpop.com\/index.php\/2023\/05\/24\/deportivo-pereira-vs-boca-por-la-conmebol-libertadores\/#primaryimage\"},\"thumbnailUrl\":\"https:\/\/golandpop.com\/wp-content\/uploads\/2023\/05\/643f494d9593c-scaled.jpeg\",\"datePublished\":\"2023-05-24T14:08:00+00:00\",\"dateModified\":\"2023-05-24T20:19:35+00:00\",\"breadcrumb\":{\"@id\":\"https:\/\/golandpop.com\/index.php\/2023\/05\/24\/deportivo-pereira-vs-boca-por-la-conmebol-libertadores\/#breadcrumb\"},\"inLanguage\":\"es-AR\",\"potentialAction\":[{\"@type\":\"ReadAction\",\"target\":[\"https:\/\/golandpop.com\/index.php\/2023\/05\/24\/deportivo-pereira-vs-boca-por-la-conmebol-libertadores\/\"]}]},{\"@type\":\"ImageObject\",\"inLanguage\":\"es-AR\",\"@id\":\"https:\/\/golandpop.com\/index.php\/2023\/05\/24\/deportivo-pereira-vs-boca-por-la-conmebol-libertadores\/#primaryimage\",\"url\":\"https:\/\/golandpop.com\/wp-content\/uploads\/2023\/05\/643f494d9593c-scaled.jpeg\",\"contentUrl\":\"https:\/\/golandpop.com\/wp-content\/uploads\/2023\/05\/643f494d9593c-scaled.jpeg\",\"width\":2560,\"height\":1707},{\"@type\":\"BreadcrumbList\",\"@id\":\"https:\/\/golandpop.com\/index.php\/2023\/05\/24\/deportivo-pereira-vs-boca-por-la-conmebol-libertadores\/#breadcrumb\",\"itemListElement\":[{\"@type\":\"ListItem\",\"position\":1,\"name\":\"Inicio\",\"item\":\"https:\/\/golandpop.com\/\"},{\"@type\":\"ListItem\",\"position\":2,\"name\":\"Deportivo Pereira vs Boca por la Conmebol Libertadores\"}]},{\"@type\":\"WebSite\",\"@id\":\"https:\/\/golandpop.com\/#website\",\"url\":\"https:\/\/golandpop.com\/\",\"name\":\"Golandpop\",\"description\":\"\",\"publisher\":{\"@id\":\"https:\/\/golandpop.com\/#organization\"},\"potentialAction\":[{\"@type\":\"SearchAction\",\"target\":{\"@type\":\"EntryPoint\",\"urlTemplate\":\"https:\/\/golandpop.com\/?s={search_term_string}\"},\"query-input\":{\"@type\":\"PropertyValueSpecification\",\"valueRequired\":true,\"valueName\":\"search_term_string\"}}],\"inLanguage\":\"es-AR\"},{\"@type\":\"Organization\",\"@id\":\"https:\/\/golandpop.com\/#organization\",\"name\":\"GolandPop\",\"url\":\"https:\/\/golandpop.com\/\",\"logo\":{\"@type\":\"ImageObject\",\"inLanguage\":\"es-AR\",\"@id\":\"https:\/\/golandpop.com\/#\/schema\/logo\/image\/\",\"url\":\"https:\/\/golandpop.com\/wp-content\/uploads\/2020\/04\/favicon_gol_pop.png\",\"contentUrl\":\"https:\/\/golandpop.com\/wp-content\/uploads\/2020\/04\/favicon_gol_pop.png\",\"width\":246,\"height\":246,\"caption\":\"GolandPop\"},\"image\":{\"@id\":\"https:\/\/golandpop.com\/#\/schema\/logo\/image\/\"},\"sameAs\":[\"https:\/\/x.com\/golandpop\",\"https:\/\/www.instagram.com\/golandpopcordoba\/\"]},{\"@type\":\"Person\",\"@id\":\"https:\/\/golandpop.com\/#\/schema\/person\/2809725861e0da25eaffe2d9b29c9613\",\"name\":\"Gol&amp;Pop\",\"image\":{\"@type\":\"ImageObject\",\"inLanguage\":\"es-AR\",\"@id\":\"https:\/\/golandpop.com\/#\/schema\/person\/image\/\",\"url\":\"https:\/\/secure.gravatar.com\/avatar\/9a87ee051ca8c77f5d4070843ce2c78cdf95b858b950fb039151de955122f5f5?s=96&d=mm&r=g\",\"contentUrl\":\"https:\/\/secure.gravatar.com\/avatar\/9a87ee051ca8c77f5d4070843ce2c78cdf95b858b950fb039151de955122f5f5?s=96&d=mm&r=g\",\"caption\":\"Gol&amp;Pop\"},\"sameAs\":[\"http:\/\/golandpop.com\"],\"url\":\"https:\/\/golandpop.com\/index.php\/author\/admin\/\"}]}<\/script>\n<!-- \/ Yoast SEO plugin. -->","yoast_head_json":{"title":"Deportivo Pereira vs Boca por la Conmebol Libertadores - Golandpop","robots":{"index":"index","follow":"follow","max-snippet":"max-snippet:-1","max-image-preview":"max-image-preview:large","max-video-preview":"max-video-preview:-1"},"canonical":"https:\/\/golandpop.com\/index.php\/2023\/05\/24\/deportivo-pereira-vs-boca-por-la-conmebol-libertadores\/","og_locale":"es_ES","og_type":"article","og_title":"Deportivo Pereira vs Boca por la Conmebol Libertadores - Golandpop","og_description":"Por la clasificaci\u00f3n a octavos","og_url":"https:\/\/golandpop.com\/index.php\/2023\/05\/24\/deportivo-pereira-vs-boca-por-la-conmebol-libertadores\/","og_site_name":"Golandpop","article_published_time":"2023-05-24T14:08:00+00:00","article_modified_time":"2023-05-24T20:19:35+00:00","og_image":[{"width":2560,"height":1707,"url":"https:\/\/golandpop.com\/wp-content\/uploads\/2023\/05\/643f494d9593c-scaled.jpeg","type":"image\/jpeg"}],"author":"Gol&amp;Pop","twitter_card":"summary_large_image","twitter_creator":"@golandpop","twitter_site":"@golandpop","twitter_misc":{"Escrito por":"Gol&amp;Pop","Tiempo de lectura":"1 minuto"},"schema":{"@context":"https:\/\/schema.org","@graph":[{"@type":"Article","@id":"https:\/\/golandpop.com\/index.php\/2023\/05\/24\/deportivo-pereira-vs-boca-por-la-conmebol-libertadores\/#article","isPartOf":{"@id":"https:\/\/golandpop.com\/index.php\/2023\/05\/24\/deportivo-pereira-vs-boca-por-la-conmebol-libertadores\/"},"author":{"name":"Gol&amp;Pop","@id":"https:\/\/golandpop.com\/#\/schema\/person\/2809725861e0da25eaffe2d9b29c9613"},"headline":"Deportivo Pereira vs Boca por la Conmebol Libertadores","datePublished":"2023-05-24T14:08:00+00:00","dateModified":"2023-05-24T20:19:35+00:00","mainEntityOfPage":{"@id":"https:\/\/golandpop.com\/index.php\/2023\/05\/24\/deportivo-pereira-vs-boca-por-la-conmebol-libertadores\/"},"wordCount":293,"commentCount":0,"publisher":{"@id":"https:\/\/golandpop.com\/#organization"},"image":{"@id":"https:\/\/golandpop.com\/index.php\/2023\/05\/24\/deportivo-pereira-vs-boca-por-la-conmebol-libertadores\/#primaryimage"},"thumbnailUrl":"https:\/\/golandpop.com\/wp-content\/uploads\/2023\/05\/643f494d9593c-scaled.jpeg","keywords":["Boca","Copa Libertadores","Deportivo Pereira","portada"],"articleSection":["Agenda","F\u00fatbol"],"inLanguage":"es-AR"},{"@type":"WebPage","@id":"https:\/\/golandpop.com\/index.php\/2023\/05\/24\/deportivo-pereira-vs-boca-por-la-conmebol-libertadores\/","url":"https:\/\/golandpop.com\/index.php\/2023\/05\/24\/deportivo-pereira-vs-boca-por-la-conmebol-libertadores\/","name":"Deportivo Pereira vs Boca por la Conmebol Libertadores - Golandpop","isPartOf":{"@id":"https:\/\/golandpop.com\/#website"},"primaryImageOfPage":{"@id":"https:\/\/golandpop.com\/index.php\/2023\/05\/24\/deportivo-pereira-vs-boca-por-la-conmebol-libertadores\/#primaryimage"},"image":{"@id":"https:\/\/golandpop.com\/index.php\/2023\/05\/24\/deportivo-pereira-vs-boca-por-la-conmebol-libertadores\/#primaryimage"},"thumbnailUrl":"https:\/\/golandpop.com\/wp-content\/uploads\/2023\/05\/643f494d9593c-scaled.jpeg","datePublished":"2023-05-24T14:08:00+00:00","dateModified":"2023-05-24T20:19:35+00:00","breadcrumb":{"@id":"https:\/\/golandpop.com\/index.php\/2023\/05\/24\/deportivo-pereira-vs-boca-por-la-conmebol-libertadores\/#breadcrumb"},"inLanguage":"es-AR","potentialAction":[{"@type":"ReadAction","target":["https:\/\/golandpop.com\/index.php\/2023\/05\/24\/deportivo-pereira-vs-boca-por-la-conmebol-libertadores\/"]}]},{"@type":"ImageObject","inLanguage":"es-AR","@id":"https:\/\/golandpop.com\/index.php\/2023\/05\/24\/deportivo-pereira-vs-boca-por-la-conmebol-libertadores\/#primaryimage","url":"https:\/\/golandpop.com\/wp-content\/uploads\/2023\/05\/643f494d9593c-scaled.jpeg","contentUrl":"https:\/\/golandpop.com\/wp-content\/uploads\/2023\/05\/643f494d9593c-scaled.jpeg","width":2560,"height":1707},{"@type":"BreadcrumbList","@id":"https:\/\/golandpop.com\/index.php\/2023\/05\/24\/deportivo-pereira-vs-boca-por-la-conmebol-libertadores\/#breadcrumb","itemListElement":[{"@type":"ListItem","position":1,"name":"Inicio","item":"https:\/\/golandpop.com\/"},{"@type":"ListItem","position":2,"name":"Deportivo Pereira vs Boca por la Conmebol Libertadores"}]},{"@type":"WebSite","@id":"https:\/\/golandpop.com\/#website","url":"https:\/\/golandpop.com\/","name":"Golandpop","description":"","publisher":{"@id":"https:\/\/golandpop.com\/#organization"},"potentialAction":[{"@type":"SearchAction","target":{"@type":"EntryPoint","urlTemplate":"https:\/\/golandpop.com\/?s={search_term_string}"},"query-input":{"@type":"PropertyValueSpecification","valueRequired":true,"valueName":"search_term_string"}}],"inLanguage":"es-AR"},{"@type":"Organization","@id":"https:\/\/golandpop.com\/#organization","name":"GolandPop","url":"https:\/\/golandpop.com\/","logo":{"@type":"ImageObject","inLanguage":"es-AR","@id":"https:\/\/golandpop.com\/#\/schema\/logo\/image\/","url":"https:\/\/golandpop.com\/wp-content\/uploads\/2020\/04\/favicon_gol_pop.png","contentUrl":"https:\/\/golandpop.com\/wp-content\/uploads\/2020\/04\/favicon_gol_pop.png","width":246,"height":246,"caption":"GolandPop"},"image":{"@id":"https:\/\/golandpop.com\/#\/schema\/logo\/image\/"},"sameAs":["https:\/\/x.com\/golandpop","https:\/\/www.instagram.com\/golandpopcordoba\/"]},{"@type":"Person","@id":"https:\/\/golandpop.com\/#\/schema\/person\/2809725861e0da25eaffe2d9b29c9613","name":"Gol&amp;Pop","image":{"@type":"ImageObject","inLanguage":"es-AR","@id":"https:\/\/golandpop.com\/#\/schema\/person\/image\/","url":"https:\/\/secure.gravatar.com\/avatar\/9a87ee051ca8c77f5d4070843ce2c78cdf95b858b950fb039151de955122f5f5?s=96&d=mm&r=g","contentUrl":"https:\/\/secure.gravatar.com\/avatar\/9a87ee051ca8c77f5d4070843ce2c78cdf95b858b950fb039151de955122f5f5?s=96&d=mm&r=g","caption":"Gol&amp;Pop"},"sameAs":["http:\/\/golandpop.com"],"url":"https:\/\/golandpop.com\/index.php\/author\/admin\/"}]}},"_links":{"self":[{"href":"https:\/\/golandpop.com\/index.php\/wp-json\/wp\/v2\/posts\/26331","targetHints":{"allow":["GET"]}}],"collection":[{"href":"https:\/\/golandpop.com\/index.php\/wp-json\/wp\/v2\/posts"}],"about":[{"href":"https:\/\/golandpop.com\/index.php\/wp-json\/wp\/v2\/types\/post"}],"author":[{"embeddable":true,"href":"https:\/\/golandpop.com\/index.php\/wp-json\/wp\/v2\/users\/1"}],"replies":[{"embeddable":true,"href":"https:\/\/golandpop.com\/index.php\/wp-json\/wp\/v2\/comments?post=26331"}],"version-history":[{"count":8,"href":"https:\/\/golandpop.com\/index.php\/wp-json\/wp\/v2\/posts\/26331\/revisions"}],"predecessor-version":[{"id":26606,"href":"https:\/\/golandpop.com\/index.php\/wp-json\/wp\/v2\/posts\/26331\/revisions\/26606"}],"wp:featuredmedia":[{"embeddable":true,"href":"https:\/\/golandpop.com\/index.php\/wp-json\/wp\/v2\/media\/26340"}],"wp:attachment":[{"href":"https:\/\/golandpop.com\/index.php\/wp-json\/wp\/v2\/media?parent=26331"}],"wp:term":[{"taxonomy":"category","embeddable":true,"href":"https:\/\/golandpop.com\/index.php\/wp-json\/wp\/v2\/categories?post=26331"},{"taxonomy":"post_tag","embeddable":true,"href":"https:\/\/golandpop.com\/index.php\/wp-json\/wp\/v2\/tags?post=26331"}],"curies":[{"name":"wp","href":"https:\/\/api.w.org\/{rel}","templated":true}]}}