{"id":25165,"date":"2023-03-05T21:53:06","date_gmt":"2023-03-06T00:53:06","guid":{"rendered":"https:\/\/golandpop.com\/?p=25165"},"modified":"2023-03-05T21:55:35","modified_gmt":"2023-03-06T00:55:35","slug":"belgrano-vs-arsenal-por-la-liga-profesional","status":"publish","type":"post","link":"https:\/\/golandpop.com\/index.php\/2023\/03\/05\/belgrano-vs-arsenal-por-la-liga-profesional\/","title":{"rendered":"Belgrano vs Arsenal por la Liga Profesional"},"content":{"rendered":"\n<p><em>El Pirata viaja para enfrentarse a Arsenal en el Estadio Julio Humberto Grondona por la sexta fecha de la <em><a href=\"https:\/\/www.ligaprofesional.ar\/\">Liga Profesional<\/a><\/em>. La terna arbitral seleccionada para este duelo est\u00e1 dirigida por Hern\u00e1n Mastr\u00e1ngelo. Lo viv\u00eds desde las 16.45 por la Cadena <em><a href=\"https:\/\/golandpop.com\/\">GOLANDPOP<\/a><\/em> y Radio 10 FM 106.1.   <\/em><\/p>\n\n\n\n<a title=\"Radio en vivo!\" href=\"http:\/\/radiosenlinea.xyz\/golandpop\" target=\"_blank\" rel=\"noopener noreferrer\"><img decoding=\"async\" src=\"https:\/\/golandpop.com\/wp-content\/uploads\/2020\/08\/WhatsApp-Image-2020-08-15-at-19.54.59.jpeg\" height=\"100\" alt=\"\"><\/a> <br>\n\n\n\n<p><\/p>\n\n\n\n<p>Los de Alberdi viajan a Buenos Aires acarreando dos derrotas consecutivas, si bien su estilo de juego al comienzo le dio resultados, la ca\u00edda en C\u00f3rdoba frente a Tigre 2-0 plante\u00f3 algunas modificaciones. El equipo de Guillermo Farr\u00e9 har\u00eda cinco variantes, una de ellas obligada, y con cambio de esquema incluido, formar\u00e1 con cuatro en el fondo. Las modificaciones ser\u00edan Manuel Vicentini por el expulsado Nahuel Losada en el arco, Alejandro R\u00e9bola por Diego Novaretti y Francisco Oliver por Lucas Diarte en defensa, Mat\u00edas Garc\u00eda por Ariel Rojas e Iv\u00e1n Ortigoza por Nicol\u00e1s Meriano o Erik Godoy, quien arrastra una molestia.<\/p>\n\n\n\n<p>En Sarand\u00ed los esperan con el \u00e1nimo por las nubes tras la reciente victoria frente a River, en el Monumental, all\u00ed cosecharon sus primeros tres puntos y quieren mantener la racha. Anteriormente, en su debut, fue derrotado en su visita a San Lorenzo por 1-0 y su primer punto de la temporada lo consigui\u00f3 en la segunda jornada tras empatar 1-1 con Estudiantes en el Viaducto, luego, perdieron dos partidos consecutivos (frente a Central y Racing). Los dirigidos por Carlos Ruiz, sin modificaci\u00f3n en su formaci\u00f3n, buscan su primera victoria como local.<\/p>\n\n\n\n<p>El historial entre <a href=\"https:\/\/golandpop.com\/?s=Arsenal\">Arsenal<\/a> y <a href=\"https:\/\/golandpop.com\/index.php\/category\/futbol\/belgrano\/\">Belgrano<\/a> muestra que se enfrentaron 13 veces, Arsenal gan\u00f3 cuatro partidos, Belgrano gan\u00f3 seis encuentros y no se sacaron diferencias en tres ocasiones.<\/p>\n\n\n\n<p><strong><em>Posibles Formaciones:<\/em><\/strong><\/p>\n\n\n\n<p><strong>Belgrano:<\/strong> Manuel Vicentini; Gabriel Compagnucci, Alejandro R\u00e9bola, Erik Godoy y Francisco Oliver; Santiago Longo; Ulises S\u00e1nchez, Mat\u00edas Garc\u00eda, Bruno Zapelli e Iv\u00e1n Ortigoza; Pablo Vegetti. DT: Guillermo Farr\u00e9.<\/p>\n\n\n\n<p><strong>Arsenal:<\/strong> Alejandro Medina; N\u00e9stor Breitenbruch, Ignacio Gariglio, Joaqu\u00edn Pombo, Adri\u00e1n Sporle; Juan Cuesta, Braian Rivero, Felipe Pe\u00f1a, Lautaro Guzm\u00e1n; Santiago Paiva y Flabian Londo\u00f1o. DT: Carlos Ruiz. <\/p>\n","protected":false},"excerpt":{"rendered":"<p>Fecha 6<\/p>\n","protected":false},"author":1,"featured_media":25177,"comment_status":"open","ping_status":"open","sticky":false,"template":"","format":"standard","meta":{"footnotes":""},"categories":[29,33,39],"tags":[80,97,383,950],"class_list":["post-25165","post","type-post","status-publish","format-standard","has-post-thumbnail","hentry","category-agenda","category-belgrano","category-futbol","tag-arsenal","tag-belgrano","tag-liga-profesional","tag-portada"],"yoast_head":"<!-- This site is optimized with the Yoast SEO plugin v26.1.1 - https:\/\/yoast.com\/wordpress\/plugins\/seo\/ -->\n<title>Belgrano vs Arsenal por la Liga Profesional - Golandpop<\/title>\n<meta name=\"robots\" content=\"index, follow, max-snippet:-1, max-image-preview:large, max-video-preview:-1\" \/>\n<link rel=\"canonical\" href=\"https:\/\/golandpop.com\/index.php\/2023\/03\/05\/belgrano-vs-arsenal-por-la-liga-profesional\/\" \/>\n<meta property=\"og:locale\" content=\"es_ES\" \/>\n<meta property=\"og:type\" content=\"article\" \/>\n<meta property=\"og:title\" content=\"Belgrano vs Arsenal por la Liga Profesional - Golandpop\" \/>\n<meta property=\"og:description\" content=\"Fecha 6\" \/>\n<meta property=\"og:url\" content=\"https:\/\/golandpop.com\/index.php\/2023\/03\/05\/belgrano-vs-arsenal-por-la-liga-profesional\/\" \/>\n<meta property=\"og:site_name\" content=\"Golandpop\" \/>\n<meta property=\"article:published_time\" content=\"2023-03-06T00:53:06+00:00\" \/>\n<meta property=\"article:modified_time\" content=\"2023-03-06T00:55:35+00:00\" \/>\n<meta property=\"og:image\" content=\"https:\/\/golandpop.com\/wp-content\/uploads\/2023\/03\/FdhKlOkWQAUssWL.jpg\" \/>\n\t<meta property=\"og:image:width\" content=\"1184\" \/>\n\t<meta property=\"og:image:height\" content=\"789\" \/>\n\t<meta property=\"og:image:type\" content=\"image\/jpeg\" \/>\n<meta name=\"author\" content=\"Gol&amp;Pop\" \/>\n<meta name=\"twitter:card\" content=\"summary_large_image\" \/>\n<meta name=\"twitter:creator\" content=\"@golandpop\" \/>\n<meta name=\"twitter:site\" content=\"@golandpop\" \/>\n<meta name=\"twitter:label1\" content=\"Escrito por\" \/>\n\t<meta name=\"twitter:data1\" content=\"Gol&amp;Pop\" \/>\n\t<meta name=\"twitter:label2\" content=\"Tiempo de lectura\" \/>\n\t<meta name=\"twitter:data2\" content=\"2 minutos\" \/>\n<script type=\"application\/ld+json\" class=\"yoast-schema-graph\">{\"@context\":\"https:\/\/schema.org\",\"@graph\":[{\"@type\":\"Article\",\"@id\":\"https:\/\/golandpop.com\/index.php\/2023\/03\/05\/belgrano-vs-arsenal-por-la-liga-profesional\/#article\",\"isPartOf\":{\"@id\":\"https:\/\/golandpop.com\/index.php\/2023\/03\/05\/belgrano-vs-arsenal-por-la-liga-profesional\/\"},\"author\":{\"name\":\"Gol&amp;Pop\",\"@id\":\"https:\/\/golandpop.com\/#\/schema\/person\/2809725861e0da25eaffe2d9b29c9613\"},\"headline\":\"Belgrano vs Arsenal por la Liga Profesional\",\"datePublished\":\"2023-03-06T00:53:06+00:00\",\"dateModified\":\"2023-03-06T00:55:35+00:00\",\"mainEntityOfPage\":{\"@id\":\"https:\/\/golandpop.com\/index.php\/2023\/03\/05\/belgrano-vs-arsenal-por-la-liga-profesional\/\"},\"wordCount\":353,\"commentCount\":0,\"publisher\":{\"@id\":\"https:\/\/golandpop.com\/#organization\"},\"image\":{\"@id\":\"https:\/\/golandpop.com\/index.php\/2023\/03\/05\/belgrano-vs-arsenal-por-la-liga-profesional\/#primaryimage\"},\"thumbnailUrl\":\"https:\/\/golandpop.com\/wp-content\/uploads\/2023\/03\/FdhKlOkWQAUssWL.jpg\",\"keywords\":[\"Arsenal\",\"Belgrano\",\"Liga Profesional\",\"portada\"],\"articleSection\":[\"Agenda\",\"Belgrano\",\"F\u00fatbol\"],\"inLanguage\":\"es-AR\"},{\"@type\":\"WebPage\",\"@id\":\"https:\/\/golandpop.com\/index.php\/2023\/03\/05\/belgrano-vs-arsenal-por-la-liga-profesional\/\",\"url\":\"https:\/\/golandpop.com\/index.php\/2023\/03\/05\/belgrano-vs-arsenal-por-la-liga-profesional\/\",\"name\":\"Belgrano vs Arsenal por la Liga Profesional - Golandpop\",\"isPartOf\":{\"@id\":\"https:\/\/golandpop.com\/#website\"},\"primaryImageOfPage\":{\"@id\":\"https:\/\/golandpop.com\/index.php\/2023\/03\/05\/belgrano-vs-arsenal-por-la-liga-profesional\/#primaryimage\"},\"image\":{\"@id\":\"https:\/\/golandpop.com\/index.php\/2023\/03\/05\/belgrano-vs-arsenal-por-la-liga-profesional\/#primaryimage\"},\"thumbnailUrl\":\"https:\/\/golandpop.com\/wp-content\/uploads\/2023\/03\/FdhKlOkWQAUssWL.jpg\",\"datePublished\":\"2023-03-06T00:53:06+00:00\",\"dateModified\":\"2023-03-06T00:55:35+00:00\",\"breadcrumb\":{\"@id\":\"https:\/\/golandpop.com\/index.php\/2023\/03\/05\/belgrano-vs-arsenal-por-la-liga-profesional\/#breadcrumb\"},\"inLanguage\":\"es-AR\",\"potentialAction\":[{\"@type\":\"ReadAction\",\"target\":[\"https:\/\/golandpop.com\/index.php\/2023\/03\/05\/belgrano-vs-arsenal-por-la-liga-profesional\/\"]}]},{\"@type\":\"ImageObject\",\"inLanguage\":\"es-AR\",\"@id\":\"https:\/\/golandpop.com\/index.php\/2023\/03\/05\/belgrano-vs-arsenal-por-la-liga-profesional\/#primaryimage\",\"url\":\"https:\/\/golandpop.com\/wp-content\/uploads\/2023\/03\/FdhKlOkWQAUssWL.jpg\",\"contentUrl\":\"https:\/\/golandpop.com\/wp-content\/uploads\/2023\/03\/FdhKlOkWQAUssWL.jpg\",\"width\":1184,\"height\":789},{\"@type\":\"BreadcrumbList\",\"@id\":\"https:\/\/golandpop.com\/index.php\/2023\/03\/05\/belgrano-vs-arsenal-por-la-liga-profesional\/#breadcrumb\",\"itemListElement\":[{\"@type\":\"ListItem\",\"position\":1,\"name\":\"Inicio\",\"item\":\"https:\/\/golandpop.com\/\"},{\"@type\":\"ListItem\",\"position\":2,\"name\":\"Belgrano vs Arsenal por la Liga Profesional\"}]},{\"@type\":\"WebSite\",\"@id\":\"https:\/\/golandpop.com\/#website\",\"url\":\"https:\/\/golandpop.com\/\",\"name\":\"Golandpop\",\"description\":\"\",\"publisher\":{\"@id\":\"https:\/\/golandpop.com\/#organization\"},\"potentialAction\":[{\"@type\":\"SearchAction\",\"target\":{\"@type\":\"EntryPoint\",\"urlTemplate\":\"https:\/\/golandpop.com\/?s={search_term_string}\"},\"query-input\":{\"@type\":\"PropertyValueSpecification\",\"valueRequired\":true,\"valueName\":\"search_term_string\"}}],\"inLanguage\":\"es-AR\"},{\"@type\":\"Organization\",\"@id\":\"https:\/\/golandpop.com\/#organization\",\"name\":\"GolandPop\",\"url\":\"https:\/\/golandpop.com\/\",\"logo\":{\"@type\":\"ImageObject\",\"inLanguage\":\"es-AR\",\"@id\":\"https:\/\/golandpop.com\/#\/schema\/logo\/image\/\",\"url\":\"https:\/\/golandpop.com\/wp-content\/uploads\/2020\/04\/favicon_gol_pop.png\",\"contentUrl\":\"https:\/\/golandpop.com\/wp-content\/uploads\/2020\/04\/favicon_gol_pop.png\",\"width\":246,\"height\":246,\"caption\":\"GolandPop\"},\"image\":{\"@id\":\"https:\/\/golandpop.com\/#\/schema\/logo\/image\/\"},\"sameAs\":[\"https:\/\/x.com\/golandpop\",\"https:\/\/www.instagram.com\/golandpopcordoba\/\"]},{\"@type\":\"Person\",\"@id\":\"https:\/\/golandpop.com\/#\/schema\/person\/2809725861e0da25eaffe2d9b29c9613\",\"name\":\"Gol&amp;Pop\",\"image\":{\"@type\":\"ImageObject\",\"inLanguage\":\"es-AR\",\"@id\":\"https:\/\/golandpop.com\/#\/schema\/person\/image\/\",\"url\":\"https:\/\/secure.gravatar.com\/avatar\/9a87ee051ca8c77f5d4070843ce2c78cdf95b858b950fb039151de955122f5f5?s=96&d=mm&r=g\",\"contentUrl\":\"https:\/\/secure.gravatar.com\/avatar\/9a87ee051ca8c77f5d4070843ce2c78cdf95b858b950fb039151de955122f5f5?s=96&d=mm&r=g\",\"caption\":\"Gol&amp;Pop\"},\"sameAs\":[\"http:\/\/golandpop.com\"],\"url\":\"https:\/\/golandpop.com\/index.php\/author\/admin\/\"}]}<\/script>\n<!-- \/ Yoast SEO plugin. -->","yoast_head_json":{"title":"Belgrano vs Arsenal por la Liga Profesional - Golandpop","robots":{"index":"index","follow":"follow","max-snippet":"max-snippet:-1","max-image-preview":"max-image-preview:large","max-video-preview":"max-video-preview:-1"},"canonical":"https:\/\/golandpop.com\/index.php\/2023\/03\/05\/belgrano-vs-arsenal-por-la-liga-profesional\/","og_locale":"es_ES","og_type":"article","og_title":"Belgrano vs Arsenal por la Liga Profesional - Golandpop","og_description":"Fecha 6","og_url":"https:\/\/golandpop.com\/index.php\/2023\/03\/05\/belgrano-vs-arsenal-por-la-liga-profesional\/","og_site_name":"Golandpop","article_published_time":"2023-03-06T00:53:06+00:00","article_modified_time":"2023-03-06T00:55:35+00:00","og_image":[{"width":1184,"height":789,"url":"https:\/\/golandpop.com\/wp-content\/uploads\/2023\/03\/FdhKlOkWQAUssWL.jpg","type":"image\/jpeg"}],"author":"Gol&amp;Pop","twitter_card":"summary_large_image","twitter_creator":"@golandpop","twitter_site":"@golandpop","twitter_misc":{"Escrito por":"Gol&amp;Pop","Tiempo de lectura":"2 minutos"},"schema":{"@context":"https:\/\/schema.org","@graph":[{"@type":"Article","@id":"https:\/\/golandpop.com\/index.php\/2023\/03\/05\/belgrano-vs-arsenal-por-la-liga-profesional\/#article","isPartOf":{"@id":"https:\/\/golandpop.com\/index.php\/2023\/03\/05\/belgrano-vs-arsenal-por-la-liga-profesional\/"},"author":{"name":"Gol&amp;Pop","@id":"https:\/\/golandpop.com\/#\/schema\/person\/2809725861e0da25eaffe2d9b29c9613"},"headline":"Belgrano vs Arsenal por la Liga Profesional","datePublished":"2023-03-06T00:53:06+00:00","dateModified":"2023-03-06T00:55:35+00:00","mainEntityOfPage":{"@id":"https:\/\/golandpop.com\/index.php\/2023\/03\/05\/belgrano-vs-arsenal-por-la-liga-profesional\/"},"wordCount":353,"commentCount":0,"publisher":{"@id":"https:\/\/golandpop.com\/#organization"},"image":{"@id":"https:\/\/golandpop.com\/index.php\/2023\/03\/05\/belgrano-vs-arsenal-por-la-liga-profesional\/#primaryimage"},"thumbnailUrl":"https:\/\/golandpop.com\/wp-content\/uploads\/2023\/03\/FdhKlOkWQAUssWL.jpg","keywords":["Arsenal","Belgrano","Liga Profesional","portada"],"articleSection":["Agenda","Belgrano","F\u00fatbol"],"inLanguage":"es-AR"},{"@type":"WebPage","@id":"https:\/\/golandpop.com\/index.php\/2023\/03\/05\/belgrano-vs-arsenal-por-la-liga-profesional\/","url":"https:\/\/golandpop.com\/index.php\/2023\/03\/05\/belgrano-vs-arsenal-por-la-liga-profesional\/","name":"Belgrano vs Arsenal por la Liga Profesional - Golandpop","isPartOf":{"@id":"https:\/\/golandpop.com\/#website"},"primaryImageOfPage":{"@id":"https:\/\/golandpop.com\/index.php\/2023\/03\/05\/belgrano-vs-arsenal-por-la-liga-profesional\/#primaryimage"},"image":{"@id":"https:\/\/golandpop.com\/index.php\/2023\/03\/05\/belgrano-vs-arsenal-por-la-liga-profesional\/#primaryimage"},"thumbnailUrl":"https:\/\/golandpop.com\/wp-content\/uploads\/2023\/03\/FdhKlOkWQAUssWL.jpg","datePublished":"2023-03-06T00:53:06+00:00","dateModified":"2023-03-06T00:55:35+00:00","breadcrumb":{"@id":"https:\/\/golandpop.com\/index.php\/2023\/03\/05\/belgrano-vs-arsenal-por-la-liga-profesional\/#breadcrumb"},"inLanguage":"es-AR","potentialAction":[{"@type":"ReadAction","target":["https:\/\/golandpop.com\/index.php\/2023\/03\/05\/belgrano-vs-arsenal-por-la-liga-profesional\/"]}]},{"@type":"ImageObject","inLanguage":"es-AR","@id":"https:\/\/golandpop.com\/index.php\/2023\/03\/05\/belgrano-vs-arsenal-por-la-liga-profesional\/#primaryimage","url":"https:\/\/golandpop.com\/wp-content\/uploads\/2023\/03\/FdhKlOkWQAUssWL.jpg","contentUrl":"https:\/\/golandpop.com\/wp-content\/uploads\/2023\/03\/FdhKlOkWQAUssWL.jpg","width":1184,"height":789},{"@type":"BreadcrumbList","@id":"https:\/\/golandpop.com\/index.php\/2023\/03\/05\/belgrano-vs-arsenal-por-la-liga-profesional\/#breadcrumb","itemListElement":[{"@type":"ListItem","position":1,"name":"Inicio","item":"https:\/\/golandpop.com\/"},{"@type":"ListItem","position":2,"name":"Belgrano vs Arsenal por la Liga Profesional"}]},{"@type":"WebSite","@id":"https:\/\/golandpop.com\/#website","url":"https:\/\/golandpop.com\/","name":"Golandpop","description":"","publisher":{"@id":"https:\/\/golandpop.com\/#organization"},"potentialAction":[{"@type":"SearchAction","target":{"@type":"EntryPoint","urlTemplate":"https:\/\/golandpop.com\/?s={search_term_string}"},"query-input":{"@type":"PropertyValueSpecification","valueRequired":true,"valueName":"search_term_string"}}],"inLanguage":"es-AR"},{"@type":"Organization","@id":"https:\/\/golandpop.com\/#organization","name":"GolandPop","url":"https:\/\/golandpop.com\/","logo":{"@type":"ImageObject","inLanguage":"es-AR","@id":"https:\/\/golandpop.com\/#\/schema\/logo\/image\/","url":"https:\/\/golandpop.com\/wp-content\/uploads\/2020\/04\/favicon_gol_pop.png","contentUrl":"https:\/\/golandpop.com\/wp-content\/uploads\/2020\/04\/favicon_gol_pop.png","width":246,"height":246,"caption":"GolandPop"},"image":{"@id":"https:\/\/golandpop.com\/#\/schema\/logo\/image\/"},"sameAs":["https:\/\/x.com\/golandpop","https:\/\/www.instagram.com\/golandpopcordoba\/"]},{"@type":"Person","@id":"https:\/\/golandpop.com\/#\/schema\/person\/2809725861e0da25eaffe2d9b29c9613","name":"Gol&amp;Pop","image":{"@type":"ImageObject","inLanguage":"es-AR","@id":"https:\/\/golandpop.com\/#\/schema\/person\/image\/","url":"https:\/\/secure.gravatar.com\/avatar\/9a87ee051ca8c77f5d4070843ce2c78cdf95b858b950fb039151de955122f5f5?s=96&d=mm&r=g","contentUrl":"https:\/\/secure.gravatar.com\/avatar\/9a87ee051ca8c77f5d4070843ce2c78cdf95b858b950fb039151de955122f5f5?s=96&d=mm&r=g","caption":"Gol&amp;Pop"},"sameAs":["http:\/\/golandpop.com"],"url":"https:\/\/golandpop.com\/index.php\/author\/admin\/"}]}},"_links":{"self":[{"href":"https:\/\/golandpop.com\/index.php\/wp-json\/wp\/v2\/posts\/25165","targetHints":{"allow":["GET"]}}],"collection":[{"href":"https:\/\/golandpop.com\/index.php\/wp-json\/wp\/v2\/posts"}],"about":[{"href":"https:\/\/golandpop.com\/index.php\/wp-json\/wp\/v2\/types\/post"}],"author":[{"embeddable":true,"href":"https:\/\/golandpop.com\/index.php\/wp-json\/wp\/v2\/users\/1"}],"replies":[{"embeddable":true,"href":"https:\/\/golandpop.com\/index.php\/wp-json\/wp\/v2\/comments?post=25165"}],"version-history":[{"count":10,"href":"https:\/\/golandpop.com\/index.php\/wp-json\/wp\/v2\/posts\/25165\/revisions"}],"predecessor-version":[{"id":25181,"href":"https:\/\/golandpop.com\/index.php\/wp-json\/wp\/v2\/posts\/25165\/revisions\/25181"}],"wp:featuredmedia":[{"embeddable":true,"href":"https:\/\/golandpop.com\/index.php\/wp-json\/wp\/v2\/media\/25177"}],"wp:attachment":[{"href":"https:\/\/golandpop.com\/index.php\/wp-json\/wp\/v2\/media?parent=25165"}],"wp:term":[{"taxonomy":"category","embeddable":true,"href":"https:\/\/golandpop.com\/index.php\/wp-json\/wp\/v2\/categories?post=25165"},{"taxonomy":"post_tag","embeddable":true,"href":"https:\/\/golandpop.com\/index.php\/wp-json\/wp\/v2\/tags?post=25165"}],"curies":[{"name":"wp","href":"https:\/\/api.w.org\/{rel}","templated":true}]}}