{"id":24559,"date":"2023-02-06T10:44:25","date_gmt":"2023-02-06T13:44:25","guid":{"rendered":"https:\/\/golandpop.com\/?p=24559"},"modified":"2023-02-06T10:54:43","modified_gmt":"2023-02-06T13:54:43","slug":"chile-se-quedo-con-el-podio-en-la-iii-vuelta-del-porvenir","status":"publish","type":"post","link":"https:\/\/golandpop.com\/index.php\/2023\/02\/06\/chile-se-quedo-con-el-podio-en-la-iii-vuelta-del-porvenir\/","title":{"rendered":"Chile se qued\u00f3 con el podio en la III Vuelta del Porvenir"},"content":{"rendered":"\n<p><em>Mart\u00edn Vidaurre se llev\u00f3 el premio mayor en San Luis, siendo el primer extranjero en ganar la vuelta. <\/em><\/p>\n\n\n\n<p>En la v\u00edspera se anticipaba un duelo rueda a rueda por el liderato entre Sergio Fredes (KTM) y Juan Pablo Dotti (SEP), sin embargo, Vidaurre dio el batacazo y se llev\u00f3 el t\u00edtulo para el pa\u00eds vecino. El joven del dorsal n\u00famero 36 complet\u00f3 las cinco etapas de la edici\u00f3n 2023 en 13:33&#8217;44&#8221; segundos. Segundo fue Franklin Archibold (PSV), a 2 segundos del l\u00edder de la general, y tercero, C\u00e9sar Paredes (SEP) quien complet\u00f3 la carrera en 13:34&#8217;23&#8221;. Fredes qued\u00f3 cuarto y Dotti finaliz\u00f3 quinto.<\/p>\n\n\n\n<figure class=\"wp-block-image size-large\"><img fetchpriority=\"high\" decoding=\"async\" width=\"1024\" height=\"683\" src=\"https:\/\/golandpop.com\/wp-content\/uploads\/2023\/02\/FoPUhUVWYAUsM5t-1024x683.jpg\" alt=\"\" class=\"wp-image-24563\" srcset=\"https:\/\/golandpop.com\/wp-content\/uploads\/2023\/02\/FoPUhUVWYAUsM5t-1024x683.jpg 1024w, https:\/\/golandpop.com\/wp-content\/uploads\/2023\/02\/FoPUhUVWYAUsM5t-300x200.jpg 300w, https:\/\/golandpop.com\/wp-content\/uploads\/2023\/02\/FoPUhUVWYAUsM5t-768x512.jpg 768w, https:\/\/golandpop.com\/wp-content\/uploads\/2023\/02\/FoPUhUVWYAUsM5t.jpg 1440w\" sizes=\"(max-width: 1024px) 100vw, 1024px\" \/><\/figure>\n\n\n\n<h4 class=\"wp-block-heading\"><strong>Debut y victoria<\/strong><\/h4>\n\n\n\n<p>La \u00faltima etapa dio largada pasado el medio d\u00eda con un sol ardiente frente a la EDIRO, estaci\u00f3n terminal, de la Ciudad de San Luis. El recorrido trazaba 4 vueltas a un circuito que incluy\u00f3 la avenida de Circunvalaci\u00f3n de la capital, Juana Koslay y el dique Cruz de Piedra.<\/p>\n\n\n\n<p>A pesar del intenso calor hubo 20 <a href=\"https:\/\/golandpop.com\/?s=Ciclismo\">ciclistas<\/a> que lograron separarse del pelot\u00f3n en el inicio del recorrido, el resto, con expectativas de que la fuga no se d\u00e9 los dej\u00f3 escapar. Entre ellos iban Vidaurre y Archibold, mientras que los hombres del SEP y el KTM se marcaban entre s\u00ed. Los fugados trabajaron coordinados y la ventaja aument\u00f3 peligrosamente a 01&#8217;45&#8221;.<\/p>\n\n\n\n<p>En la pen\u00faltima vuelta la diferencia se extendi\u00f3 a 02&#8217;23&#8221; y la desesperaci\u00f3n se apoder\u00f3 del grupo perseguidor. Fredes vio peligrar su liderazgo y comenz\u00f3 a subir el ritmo, pero los 15 fugados resistieron con Vidaurre y Archibold como capitanes.<\/p>\n\n\n\n<p>El paname\u00f1o y el chileno se jugaron el trofeo en el embalaje final. A 100 metros de la l\u00ednea, el diablo se par\u00f3 sobre los pedales y se consagr\u00f3 en su debut rutero. As\u00ed por primera vez en las ediciones de esta carrera un ciclista extranjero se qued\u00f3 con el podio general. <\/p>\n\n\n\n<h4 class=\"wp-block-heading\">M\u00e1s podios<\/h4>\n\n\n\n<p>En la vuelta femenina triunf\u00f3 la charr\u00faa Paola Silva del Buona Vita Team. Fue cuarta en la etapa dos, pero le alcanz\u00f3 para quedarse con la General. En junior, el puntano Bernardo Cambareri gan\u00f3 la segunda etapa y conquist\u00f3 la Vuelta por segundo a\u00f1o consecutivo.<\/p>\n\n\n\n<p>La carrera femenina cont\u00f3 con r\u00e9cord de participantes, ya que 109 ciclistas de Argentina, Uruguay y Chile formaron parte de la caravana sobre ruedas durante las dos jornadas de competencia en la <a href=\"https:\/\/www.instagram.com\/vueltadelporvenir\/\">III Vuelta del Porvenir<\/a>.<\/p>\n\n\n\n<div class=\"wp-block-jetpack-tiled-gallery aligncenter is-style-rectangular\"><div class=\"tiled-gallery__gallery\"><div class=\"tiled-gallery__row\"><div class=\"tiled-gallery__col\" style=\"flex-basis:66.83617769990184%\"><figure class=\"tiled-gallery__item\"><img decoding=\"async\" alt=\"\" data-height=\"854\" data-id=\"24572\" data-link=\"https:\/\/golandpop.com\/?attachment_id=24572\" data-url=\"https:\/\/golandpop.com\/wp-content\/uploads\/2023\/02\/FLfPvY_XwAQDQ46.jpg\" data-width=\"1280\" src=\"https:\/\/i0.wp.com\/golandpop.com\/wp-content\/uploads\/2023\/02\/FLfPvY_XwAQDQ46.jpg?ssl=1\" layout=\"responsive\"\/><\/figure><\/div><div class=\"tiled-gallery__col\" style=\"flex-basis:33.16382230009816%\"><figure class=\"tiled-gallery__item\"><img decoding=\"async\" alt=\"\" data-height=\"684\" data-id=\"24569\" data-link=\"https:\/\/golandpop.com\/?attachment_id=24569\" data-url=\"https:\/\/golandpop.com\/wp-content\/uploads\/2023\/02\/820afd25-5ace-48de-9460-5a73a3030c6c.jpg\" data-width=\"1024\" src=\"https:\/\/i0.wp.com\/golandpop.com\/wp-content\/uploads\/2023\/02\/820afd25-5ace-48de-9460-5a73a3030c6c.jpg?ssl=1\" layout=\"responsive\"\/><\/figure><figure class=\"tiled-gallery__item\"><img decoding=\"async\" alt=\"\" data-height=\"682\" data-id=\"24571\" data-link=\"https:\/\/golandpop.com\/?attachment_id=24571\" data-url=\"https:\/\/golandpop.com\/wp-content\/uploads\/2023\/02\/FLjNZJxXMAEdSKq.jpg\" data-width=\"1024\" src=\"https:\/\/i2.wp.com\/golandpop.com\/wp-content\/uploads\/2023\/02\/FLjNZJxXMAEdSKq.jpg?ssl=1\" layout=\"responsive\"\/><\/figure><\/div><\/div><\/div><\/div>\n","protected":false},"excerpt":{"rendered":"<p>Ciclismo <\/p>\n","protected":false},"author":1,"featured_media":24562,"comment_status":"open","ping_status":"open","sticky":false,"template":"","format":"standard","meta":{"footnotes":""},"categories":[777,34],"tags":[1066,950,1666],"class_list":["post-24559","post","type-post","status-publish","format-standard","has-post-thumbnail","hentry","category-actualidad","category-ciclismo","tag-ciclismo","tag-portada","tag-vuelta-del-porvenir"],"yoast_head":"<!-- This site is optimized with the Yoast SEO plugin v26.1.1 - https:\/\/yoast.com\/wordpress\/plugins\/seo\/ -->\n<title>Chile se qued\u00f3 con el podio en la III Vuelta del Porvenir - Golandpop<\/title>\n<meta name=\"robots\" content=\"index, follow, max-snippet:-1, max-image-preview:large, max-video-preview:-1\" \/>\n<link rel=\"canonical\" href=\"https:\/\/golandpop.com\/index.php\/2023\/02\/06\/chile-se-quedo-con-el-podio-en-la-iii-vuelta-del-porvenir\/\" \/>\n<meta property=\"og:locale\" content=\"es_ES\" \/>\n<meta property=\"og:type\" content=\"article\" \/>\n<meta property=\"og:title\" content=\"Chile se qued\u00f3 con el podio en la III Vuelta del Porvenir - Golandpop\" \/>\n<meta property=\"og:description\" content=\"Ciclismo\" \/>\n<meta property=\"og:url\" content=\"https:\/\/golandpop.com\/index.php\/2023\/02\/06\/chile-se-quedo-con-el-podio-en-la-iii-vuelta-del-porvenir\/\" \/>\n<meta property=\"og:site_name\" content=\"Golandpop\" \/>\n<meta property=\"article:published_time\" content=\"2023-02-06T13:44:25+00:00\" \/>\n<meta property=\"article:modified_time\" content=\"2023-02-06T13:54:43+00:00\" \/>\n<meta property=\"og:image\" content=\"https:\/\/golandpop.com\/wp-content\/uploads\/2023\/02\/FoPHPpGX0AAV265.jpg\" \/>\n\t<meta property=\"og:image:width\" content=\"1280\" \/>\n\t<meta property=\"og:image:height\" content=\"854\" \/>\n\t<meta property=\"og:image:type\" content=\"image\/jpeg\" \/>\n<meta name=\"author\" content=\"Gol&amp;Pop\" \/>\n<meta name=\"twitter:card\" content=\"summary_large_image\" \/>\n<meta name=\"twitter:creator\" content=\"@golandpop\" \/>\n<meta name=\"twitter:site\" content=\"@golandpop\" \/>\n<meta name=\"twitter:label1\" content=\"Escrito por\" \/>\n\t<meta name=\"twitter:data1\" content=\"Gol&amp;Pop\" \/>\n\t<meta name=\"twitter:label2\" content=\"Tiempo de lectura\" \/>\n\t<meta name=\"twitter:data2\" content=\"2 minutos\" \/>\n<script type=\"application\/ld+json\" class=\"yoast-schema-graph\">{\"@context\":\"https:\/\/schema.org\",\"@graph\":[{\"@type\":\"Article\",\"@id\":\"https:\/\/golandpop.com\/index.php\/2023\/02\/06\/chile-se-quedo-con-el-podio-en-la-iii-vuelta-del-porvenir\/#article\",\"isPartOf\":{\"@id\":\"https:\/\/golandpop.com\/index.php\/2023\/02\/06\/chile-se-quedo-con-el-podio-en-la-iii-vuelta-del-porvenir\/\"},\"author\":{\"name\":\"Gol&amp;Pop\",\"@id\":\"https:\/\/golandpop.com\/#\/schema\/person\/2809725861e0da25eaffe2d9b29c9613\"},\"headline\":\"Chile se qued\u00f3 con el podio en la III Vuelta del Porvenir\",\"datePublished\":\"2023-02-06T13:44:25+00:00\",\"dateModified\":\"2023-02-06T13:54:43+00:00\",\"mainEntityOfPage\":{\"@id\":\"https:\/\/golandpop.com\/index.php\/2023\/02\/06\/chile-se-quedo-con-el-podio-en-la-iii-vuelta-del-porvenir\/\"},\"wordCount\":413,\"commentCount\":0,\"publisher\":{\"@id\":\"https:\/\/golandpop.com\/#organization\"},\"image\":{\"@id\":\"https:\/\/golandpop.com\/index.php\/2023\/02\/06\/chile-se-quedo-con-el-podio-en-la-iii-vuelta-del-porvenir\/#primaryimage\"},\"thumbnailUrl\":\"https:\/\/golandpop.com\/wp-content\/uploads\/2023\/02\/FoPHPpGX0AAV265.jpg\",\"keywords\":[\"Ciclismo\",\"portada\",\"Vuelta del Porvenir\"],\"articleSection\":[\"Actualidad\",\"Ciclismo\"],\"inLanguage\":\"es-AR\"},{\"@type\":\"WebPage\",\"@id\":\"https:\/\/golandpop.com\/index.php\/2023\/02\/06\/chile-se-quedo-con-el-podio-en-la-iii-vuelta-del-porvenir\/\",\"url\":\"https:\/\/golandpop.com\/index.php\/2023\/02\/06\/chile-se-quedo-con-el-podio-en-la-iii-vuelta-del-porvenir\/\",\"name\":\"Chile se qued\u00f3 con el podio en la III Vuelta del Porvenir - Golandpop\",\"isPartOf\":{\"@id\":\"https:\/\/golandpop.com\/#website\"},\"primaryImageOfPage\":{\"@id\":\"https:\/\/golandpop.com\/index.php\/2023\/02\/06\/chile-se-quedo-con-el-podio-en-la-iii-vuelta-del-porvenir\/#primaryimage\"},\"image\":{\"@id\":\"https:\/\/golandpop.com\/index.php\/2023\/02\/06\/chile-se-quedo-con-el-podio-en-la-iii-vuelta-del-porvenir\/#primaryimage\"},\"thumbnailUrl\":\"https:\/\/golandpop.com\/wp-content\/uploads\/2023\/02\/FoPHPpGX0AAV265.jpg\",\"datePublished\":\"2023-02-06T13:44:25+00:00\",\"dateModified\":\"2023-02-06T13:54:43+00:00\",\"breadcrumb\":{\"@id\":\"https:\/\/golandpop.com\/index.php\/2023\/02\/06\/chile-se-quedo-con-el-podio-en-la-iii-vuelta-del-porvenir\/#breadcrumb\"},\"inLanguage\":\"es-AR\",\"potentialAction\":[{\"@type\":\"ReadAction\",\"target\":[\"https:\/\/golandpop.com\/index.php\/2023\/02\/06\/chile-se-quedo-con-el-podio-en-la-iii-vuelta-del-porvenir\/\"]}]},{\"@type\":\"ImageObject\",\"inLanguage\":\"es-AR\",\"@id\":\"https:\/\/golandpop.com\/index.php\/2023\/02\/06\/chile-se-quedo-con-el-podio-en-la-iii-vuelta-del-porvenir\/#primaryimage\",\"url\":\"https:\/\/golandpop.com\/wp-content\/uploads\/2023\/02\/FoPHPpGX0AAV265.jpg\",\"contentUrl\":\"https:\/\/golandpop.com\/wp-content\/uploads\/2023\/02\/FoPHPpGX0AAV265.jpg\",\"width\":1280,\"height\":854},{\"@type\":\"BreadcrumbList\",\"@id\":\"https:\/\/golandpop.com\/index.php\/2023\/02\/06\/chile-se-quedo-con-el-podio-en-la-iii-vuelta-del-porvenir\/#breadcrumb\",\"itemListElement\":[{\"@type\":\"ListItem\",\"position\":1,\"name\":\"Inicio\",\"item\":\"https:\/\/golandpop.com\/\"},{\"@type\":\"ListItem\",\"position\":2,\"name\":\"Chile se qued\u00f3 con el podio en la III Vuelta del Porvenir\"}]},{\"@type\":\"WebSite\",\"@id\":\"https:\/\/golandpop.com\/#website\",\"url\":\"https:\/\/golandpop.com\/\",\"name\":\"Golandpop\",\"description\":\"\",\"publisher\":{\"@id\":\"https:\/\/golandpop.com\/#organization\"},\"potentialAction\":[{\"@type\":\"SearchAction\",\"target\":{\"@type\":\"EntryPoint\",\"urlTemplate\":\"https:\/\/golandpop.com\/?s={search_term_string}\"},\"query-input\":{\"@type\":\"PropertyValueSpecification\",\"valueRequired\":true,\"valueName\":\"search_term_string\"}}],\"inLanguage\":\"es-AR\"},{\"@type\":\"Organization\",\"@id\":\"https:\/\/golandpop.com\/#organization\",\"name\":\"GolandPop\",\"url\":\"https:\/\/golandpop.com\/\",\"logo\":{\"@type\":\"ImageObject\",\"inLanguage\":\"es-AR\",\"@id\":\"https:\/\/golandpop.com\/#\/schema\/logo\/image\/\",\"url\":\"https:\/\/golandpop.com\/wp-content\/uploads\/2020\/04\/favicon_gol_pop.png\",\"contentUrl\":\"https:\/\/golandpop.com\/wp-content\/uploads\/2020\/04\/favicon_gol_pop.png\",\"width\":246,\"height\":246,\"caption\":\"GolandPop\"},\"image\":{\"@id\":\"https:\/\/golandpop.com\/#\/schema\/logo\/image\/\"},\"sameAs\":[\"https:\/\/x.com\/golandpop\",\"https:\/\/www.instagram.com\/golandpopcordoba\/\"]},{\"@type\":\"Person\",\"@id\":\"https:\/\/golandpop.com\/#\/schema\/person\/2809725861e0da25eaffe2d9b29c9613\",\"name\":\"Gol&amp;Pop\",\"image\":{\"@type\":\"ImageObject\",\"inLanguage\":\"es-AR\",\"@id\":\"https:\/\/golandpop.com\/#\/schema\/person\/image\/\",\"url\":\"https:\/\/secure.gravatar.com\/avatar\/9a87ee051ca8c77f5d4070843ce2c78cdf95b858b950fb039151de955122f5f5?s=96&d=mm&r=g\",\"contentUrl\":\"https:\/\/secure.gravatar.com\/avatar\/9a87ee051ca8c77f5d4070843ce2c78cdf95b858b950fb039151de955122f5f5?s=96&d=mm&r=g\",\"caption\":\"Gol&amp;Pop\"},\"sameAs\":[\"http:\/\/golandpop.com\"],\"url\":\"https:\/\/golandpop.com\/index.php\/author\/admin\/\"}]}<\/script>\n<!-- \/ Yoast SEO plugin. -->","yoast_head_json":{"title":"Chile se qued\u00f3 con el podio en la III Vuelta del Porvenir - Golandpop","robots":{"index":"index","follow":"follow","max-snippet":"max-snippet:-1","max-image-preview":"max-image-preview:large","max-video-preview":"max-video-preview:-1"},"canonical":"https:\/\/golandpop.com\/index.php\/2023\/02\/06\/chile-se-quedo-con-el-podio-en-la-iii-vuelta-del-porvenir\/","og_locale":"es_ES","og_type":"article","og_title":"Chile se qued\u00f3 con el podio en la III Vuelta del Porvenir - Golandpop","og_description":"Ciclismo","og_url":"https:\/\/golandpop.com\/index.php\/2023\/02\/06\/chile-se-quedo-con-el-podio-en-la-iii-vuelta-del-porvenir\/","og_site_name":"Golandpop","article_published_time":"2023-02-06T13:44:25+00:00","article_modified_time":"2023-02-06T13:54:43+00:00","og_image":[{"width":1280,"height":854,"url":"https:\/\/golandpop.com\/wp-content\/uploads\/2023\/02\/FoPHPpGX0AAV265.jpg","type":"image\/jpeg"}],"author":"Gol&amp;Pop","twitter_card":"summary_large_image","twitter_creator":"@golandpop","twitter_site":"@golandpop","twitter_misc":{"Escrito por":"Gol&amp;Pop","Tiempo de lectura":"2 minutos"},"schema":{"@context":"https:\/\/schema.org","@graph":[{"@type":"Article","@id":"https:\/\/golandpop.com\/index.php\/2023\/02\/06\/chile-se-quedo-con-el-podio-en-la-iii-vuelta-del-porvenir\/#article","isPartOf":{"@id":"https:\/\/golandpop.com\/index.php\/2023\/02\/06\/chile-se-quedo-con-el-podio-en-la-iii-vuelta-del-porvenir\/"},"author":{"name":"Gol&amp;Pop","@id":"https:\/\/golandpop.com\/#\/schema\/person\/2809725861e0da25eaffe2d9b29c9613"},"headline":"Chile se qued\u00f3 con el podio en la III Vuelta del Porvenir","datePublished":"2023-02-06T13:44:25+00:00","dateModified":"2023-02-06T13:54:43+00:00","mainEntityOfPage":{"@id":"https:\/\/golandpop.com\/index.php\/2023\/02\/06\/chile-se-quedo-con-el-podio-en-la-iii-vuelta-del-porvenir\/"},"wordCount":413,"commentCount":0,"publisher":{"@id":"https:\/\/golandpop.com\/#organization"},"image":{"@id":"https:\/\/golandpop.com\/index.php\/2023\/02\/06\/chile-se-quedo-con-el-podio-en-la-iii-vuelta-del-porvenir\/#primaryimage"},"thumbnailUrl":"https:\/\/golandpop.com\/wp-content\/uploads\/2023\/02\/FoPHPpGX0AAV265.jpg","keywords":["Ciclismo","portada","Vuelta del Porvenir"],"articleSection":["Actualidad","Ciclismo"],"inLanguage":"es-AR"},{"@type":"WebPage","@id":"https:\/\/golandpop.com\/index.php\/2023\/02\/06\/chile-se-quedo-con-el-podio-en-la-iii-vuelta-del-porvenir\/","url":"https:\/\/golandpop.com\/index.php\/2023\/02\/06\/chile-se-quedo-con-el-podio-en-la-iii-vuelta-del-porvenir\/","name":"Chile se qued\u00f3 con el podio en la III Vuelta del Porvenir - Golandpop","isPartOf":{"@id":"https:\/\/golandpop.com\/#website"},"primaryImageOfPage":{"@id":"https:\/\/golandpop.com\/index.php\/2023\/02\/06\/chile-se-quedo-con-el-podio-en-la-iii-vuelta-del-porvenir\/#primaryimage"},"image":{"@id":"https:\/\/golandpop.com\/index.php\/2023\/02\/06\/chile-se-quedo-con-el-podio-en-la-iii-vuelta-del-porvenir\/#primaryimage"},"thumbnailUrl":"https:\/\/golandpop.com\/wp-content\/uploads\/2023\/02\/FoPHPpGX0AAV265.jpg","datePublished":"2023-02-06T13:44:25+00:00","dateModified":"2023-02-06T13:54:43+00:00","breadcrumb":{"@id":"https:\/\/golandpop.com\/index.php\/2023\/02\/06\/chile-se-quedo-con-el-podio-en-la-iii-vuelta-del-porvenir\/#breadcrumb"},"inLanguage":"es-AR","potentialAction":[{"@type":"ReadAction","target":["https:\/\/golandpop.com\/index.php\/2023\/02\/06\/chile-se-quedo-con-el-podio-en-la-iii-vuelta-del-porvenir\/"]}]},{"@type":"ImageObject","inLanguage":"es-AR","@id":"https:\/\/golandpop.com\/index.php\/2023\/02\/06\/chile-se-quedo-con-el-podio-en-la-iii-vuelta-del-porvenir\/#primaryimage","url":"https:\/\/golandpop.com\/wp-content\/uploads\/2023\/02\/FoPHPpGX0AAV265.jpg","contentUrl":"https:\/\/golandpop.com\/wp-content\/uploads\/2023\/02\/FoPHPpGX0AAV265.jpg","width":1280,"height":854},{"@type":"BreadcrumbList","@id":"https:\/\/golandpop.com\/index.php\/2023\/02\/06\/chile-se-quedo-con-el-podio-en-la-iii-vuelta-del-porvenir\/#breadcrumb","itemListElement":[{"@type":"ListItem","position":1,"name":"Inicio","item":"https:\/\/golandpop.com\/"},{"@type":"ListItem","position":2,"name":"Chile se qued\u00f3 con el podio en la III Vuelta del Porvenir"}]},{"@type":"WebSite","@id":"https:\/\/golandpop.com\/#website","url":"https:\/\/golandpop.com\/","name":"Golandpop","description":"","publisher":{"@id":"https:\/\/golandpop.com\/#organization"},"potentialAction":[{"@type":"SearchAction","target":{"@type":"EntryPoint","urlTemplate":"https:\/\/golandpop.com\/?s={search_term_string}"},"query-input":{"@type":"PropertyValueSpecification","valueRequired":true,"valueName":"search_term_string"}}],"inLanguage":"es-AR"},{"@type":"Organization","@id":"https:\/\/golandpop.com\/#organization","name":"GolandPop","url":"https:\/\/golandpop.com\/","logo":{"@type":"ImageObject","inLanguage":"es-AR","@id":"https:\/\/golandpop.com\/#\/schema\/logo\/image\/","url":"https:\/\/golandpop.com\/wp-content\/uploads\/2020\/04\/favicon_gol_pop.png","contentUrl":"https:\/\/golandpop.com\/wp-content\/uploads\/2020\/04\/favicon_gol_pop.png","width":246,"height":246,"caption":"GolandPop"},"image":{"@id":"https:\/\/golandpop.com\/#\/schema\/logo\/image\/"},"sameAs":["https:\/\/x.com\/golandpop","https:\/\/www.instagram.com\/golandpopcordoba\/"]},{"@type":"Person","@id":"https:\/\/golandpop.com\/#\/schema\/person\/2809725861e0da25eaffe2d9b29c9613","name":"Gol&amp;Pop","image":{"@type":"ImageObject","inLanguage":"es-AR","@id":"https:\/\/golandpop.com\/#\/schema\/person\/image\/","url":"https:\/\/secure.gravatar.com\/avatar\/9a87ee051ca8c77f5d4070843ce2c78cdf95b858b950fb039151de955122f5f5?s=96&d=mm&r=g","contentUrl":"https:\/\/secure.gravatar.com\/avatar\/9a87ee051ca8c77f5d4070843ce2c78cdf95b858b950fb039151de955122f5f5?s=96&d=mm&r=g","caption":"Gol&amp;Pop"},"sameAs":["http:\/\/golandpop.com"],"url":"https:\/\/golandpop.com\/index.php\/author\/admin\/"}]}},"_links":{"self":[{"href":"https:\/\/golandpop.com\/index.php\/wp-json\/wp\/v2\/posts\/24559","targetHints":{"allow":["GET"]}}],"collection":[{"href":"https:\/\/golandpop.com\/index.php\/wp-json\/wp\/v2\/posts"}],"about":[{"href":"https:\/\/golandpop.com\/index.php\/wp-json\/wp\/v2\/types\/post"}],"author":[{"embeddable":true,"href":"https:\/\/golandpop.com\/index.php\/wp-json\/wp\/v2\/users\/1"}],"replies":[{"embeddable":true,"href":"https:\/\/golandpop.com\/index.php\/wp-json\/wp\/v2\/comments?post=24559"}],"version-history":[{"count":24,"href":"https:\/\/golandpop.com\/index.php\/wp-json\/wp\/v2\/posts\/24559\/revisions"}],"predecessor-version":[{"id":24589,"href":"https:\/\/golandpop.com\/index.php\/wp-json\/wp\/v2\/posts\/24559\/revisions\/24589"}],"wp:featuredmedia":[{"embeddable":true,"href":"https:\/\/golandpop.com\/index.php\/wp-json\/wp\/v2\/media\/24562"}],"wp:attachment":[{"href":"https:\/\/golandpop.com\/index.php\/wp-json\/wp\/v2\/media?parent=24559"}],"wp:term":[{"taxonomy":"category","embeddable":true,"href":"https:\/\/golandpop.com\/index.php\/wp-json\/wp\/v2\/categories?post=24559"},{"taxonomy":"post_tag","embeddable":true,"href":"https:\/\/golandpop.com\/index.php\/wp-json\/wp\/v2\/tags?post=24559"}],"curies":[{"name":"wp","href":"https:\/\/api.w.org\/{rel}","templated":true}]}}