{"id":24542,"date":"2023-02-04T17:41:39","date_gmt":"2023-02-04T20:41:39","guid":{"rendered":"https:\/\/golandpop.com\/?p=24542"},"modified":"2023-02-04T19:10:13","modified_gmt":"2023-02-04T22:10:13","slug":"en-marcha-la-quinta-edicion-del-cordoba-open","status":"publish","type":"post","link":"https:\/\/golandpop.com\/index.php\/2023\/02\/04\/en-marcha-la-quinta-edicion-del-cordoba-open\/","title":{"rendered":"En marcha la quinta edici\u00f3n del C\u00f3rdoba Open"},"content":{"rendered":"\n<p><strong>C\u00f3rdoba, 4 de febrero de 2023. <\/strong>Se sorte\u00f3 el cuadro de singles de la quinta edici\u00f3n del <a href=\"https:\/\/golandpop.com\/index.php\/tag\/cordoba-open\/\">C\u00f3rdoba Open<\/a>, evento oficial del circuito internacional de la ATP perteneciente a los torneos <a href=\"https:\/\/golandpop.com\/index.php\/tag\/atp-250\/\">ATP 250<\/a>. <a href=\"https:\/\/golandpop.com\/index.php\/tag\/diego-schwartzman\/\">Diego Schwartzman<\/a> (28\u00b0 del ranking), m\u00e1ximo preclasificado del certamen que abrir\u00e1 la gira sudamericana sobre polvo de ladrillo, podr\u00eda cruzarse en segunda ronda con Juan Manuel Cer\u00fandolo (119\u00b0), campe\u00f3n del torneo en 2021. &nbsp;El zurdo debutar\u00e1 ante el espa\u00f1ol Pablo And\u00fajar.<\/p>\n\n\n\n<p>Francisco Cer\u00fandolo (31\u00b0), referente del equipo argentino de Copa Davis que juega en Finlandia, es el segundo preclasificado y aguarda por el cruce entre el chileno Alejandro Tabilo, subcampe\u00f3n de la edici\u00f3n pasada, y un clasificado para conocer a su oponente en octavos de final. <a href=\"https:\/\/golandpop.com\/index.php\/tag\/albert-ramos-vinolas\/\">Albert Ramos Vi\u00f1olas<\/a> (37\u00b0), que <a href=\"https:\/\/golandpop.com\/index.php\/2022\/02\/06\/albert-ramos-vinolas-campeon-del-cordoba-open-2022\/\">logr\u00f3 el cuarto t\u00edtulo de su carrera en la pasada temporada del C\u00f3rdoba Open<\/a>, estrenar\u00e1 la defensa del trofeo ante el serbio Dusan Lajovic o el peruano Juan Pablo Varillas.<\/p>\n\n\n\n<p>Federico Coria (69\u00b0) y Guido Pella (1012\u00b0) fueron los jugadores que participaron del sorteo del cuadro principal. \u201cEstoy con mucha ilusi\u00f3n por el nivel que tengo desde que cambi\u00e9 de equipo, vengo de ganar un Challenger en Concepci\u00f3n (Chile). Guardo grandes recuerdos del torneo por la semifinal que alcanc\u00e9 en 2021, ojal\u00e1 pueda tener una gran semana\u201d, reconoci\u00f3 Coria, que debutar\u00e1 ante el brasile\u00f1o Thiago Monteiro. \u201cAgradezco la invitaci\u00f3n por parte de la organizaci\u00f3n. Desde chico tuve varias visitas a C\u00f3rdoba y siempre me fue b\u00e1rbaro, ac\u00e1 llegu\u00e9 a la final en la primera edici\u00f3n. Tengo confianza en jugar al nivel que s\u00e9 que puedo dar\u201d, valor\u00f3 Pella, que aguarda por un contrincante proveniente de la clasificaci\u00f3n.<\/p>\n\n\n\n<figure class=\"wp-block-embed-twitter wp-block-embed is-type-rich is-provider-twitter\"><div class=\"wp-block-embed__wrapper\">\n<blockquote class=\"twitter-tweet\" data-width=\"550\" data-dnt=\"true\"><p lang=\"es\" dir=\"ltr\">Sorteo del Main Draw<br><br>\u00bfQu\u00e9 le dijo? <a href=\"https:\/\/twitter.com\/guido_pella?ref_src=twsrc%5Etfw\">@guido_pella<\/a>  a <a href=\"https:\/\/twitter.com\/fedeecoria?ref_src=twsrc%5Etfw\">@fedeecoria<\/a> \ud83d\ude09<br><br>Para nosotros fue &quot;Ojal\u00e1 que no salga tu ficha&quot;<br><br>Contanos abajo \ud83d\udc47<a href=\"https:\/\/twitter.com\/hashtag\/cordobaopen2023?src=hash&amp;ref_src=twsrc%5Etfw\">#cordobaopen2023<\/a> <a href=\"https:\/\/twitter.com\/hashtag\/maindraw?src=hash&amp;ref_src=twsrc%5Etfw\">#maindraw<\/a> <a href=\"https:\/\/twitter.com\/hashtag\/atptour?src=hash&amp;ref_src=twsrc%5Etfw\">#atptour<\/a> <a href=\"https:\/\/twitter.com\/hashtag\/cordobaopen?src=hash&amp;ref_src=twsrc%5Etfw\">#cordobaopen<\/a> <a href=\"https:\/\/t.co\/Vq6dDhbH3r\">pic.twitter.com\/Vq6dDhbH3r<\/a><\/p>&mdash; C\u00f3rdoba Open (@CordobaOpen) <a href=\"https:\/\/twitter.com\/CordobaOpen\/status\/1621946964530139138?ref_src=twsrc%5Etfw\">February 4, 2023<\/a><\/blockquote><script async src=\"https:\/\/platform.twitter.com\/widgets.js\" charset=\"utf-8\"><\/script>\n<\/div><\/figure>\n\n\n\n<p>Hasta el momento hay diez tenistas nacionales confirmados en el cuadro principal: nueve participaron del sorteo realizado en la jornada del s\u00e1bado y el restante surgir\u00e1 de uno de los cupos de la clasificaci\u00f3n (Federico Delbonis o Mariano Navone jugar\u00e1n con Thiago Agust\u00edn Tirante). Tambi\u00e9n podr\u00edan acceder Camilo Ugo Carabelli, Nicol\u00e1s Kicker y Juan Pablo Ficovich, que disputar\u00e1n la \u00faltima ronda en la jornada del domingo.<\/p>\n\n\n\n<p>Adem\u00e1s, <strong>se sorte\u00f3 la modalidad de dobles<\/strong>. M\u00e1ximo Gonz\u00e1lez y Andr\u00e9s Molteni, segundos preclasificados e integrantes del equipo de Copa Davis que jug\u00f3 en Finlandia, debutar\u00e1n ante los espa\u00f1oles Albert Ramos-Vi\u00f1olas y Benjam\u00edn Zapata-Miralles. Molteni es el \u00fanico jugador que se consagr\u00f3 en dos oportunidades en el C\u00f3rdoba Open: en 2019 con el checo Roman Jebavy y en la edici\u00f3n pasada con el mexicano Santiago Gonz\u00e1lez. Los m\u00e1ximos favoritos ser\u00e1n el brasile\u00f1o Rafael Matos y el espa\u00f1ol David Vega-Hern\u00e1ndez, que comenzar\u00e1n su camino frente a Marcelo Demoliner y Andrea Vavassori.<\/p>\n\n\n\n<p>La clasificaci\u00f3n del C\u00f3rdoba Open se jugar\u00e1 entre el s\u00e1bado 4 y el domingo 5 de febrero, con entrada libre y gratuita. Las entradas para el cuadro principal podr\u00e1n adquirirse a trav\u00e9s de <a href=\"https:\/\/www.ticketek.com.ar\/cordoba-open\/estadio-mario-kempes\">Ticketek<\/a> desde los 3.000 pesos. Quienes sean socios del Club La Voz cuentan con un 20% de descuento en las entradas del lunes 6 y el martes 7, y un 10% para el resto de la semana.<\/p>\n\n\n\n<p><strong>PARTIDOS DE PRIMERA RONDA DE SINGLES DEL C\u00d3RDOBA OPEN 2023<\/strong><\/p>\n\n\n\n<p>(1) Diego Schwartzman (ARG) vs. BYE<\/p>\n\n\n\n<p>Pablo And\u00fajar (ESP) vs. (WC) Juan Manuel Cer\u00fandolo (ARG)<\/p>\n\n\n\n<p>(WC) Guido Pella (ARG) vs. Qualifier<\/p>\n\n\n\n<p>(5) Pedro Cach\u00edn (ARG) vs. Qualifier<\/p>\n\n\n\n<p>(4) Sebasti\u00e1n B\u00e1ez (ARG) vs. BYE<\/p>\n\n\n\n<p>Hugo Gaston (FRA) vs. Qualifier<\/p>\n\n\n\n<p>Daniel Elah\u00ed Gal\u00e1n (COL) vs. (WC) Marcelo-Tom\u00e1s Barrios Vera (CHI)<\/p>\n\n\n\n<p>(8) Bernab\u00e9 Zapata Miralles (ESP) vs. Roberto Carballes Baena (ESP)<\/p>\n\n\n\n<p>(7) Pedro Martinez Portero (ESP) vs. Cristian Garin (CHI)<\/p>\n\n\n\n<p>Joao Sousa (POR) vs. Tom\u00e1s Mart\u00edn Etcheverry (ARG)<\/p>\n\n\n\n<p>Dusan Lajovic (SRB) vs. Juan Pablo Varillas (PER)<\/p>\n\n\n\n<p>(3) Albert Ramos Vi\u00f1olas (ESP) vs. BYE<\/p>\n\n\n\n<p>(6) Federico Coria (ARG) vs. Thiago Monteiro (BRA)<\/p>\n\n\n\n<p>Facundo Bagnis (ARG) vs. Marco Cecchinato (ITA)<\/p>\n\n\n\n<p>Alejandro Tabilo (CHI) vs. Qualifier<\/p>\n\n\n\n<p>(2) Francisco Cer\u00fandolo (ARG) vs. BYE<\/p>\n\n\n\n<figure class=\"wp-block-embed-twitter wp-block-embed is-type-rich is-provider-twitter\"><div class=\"wp-block-embed__wrapper\">\n<blockquote class=\"twitter-tweet\" data-width=\"550\" data-dnt=\"true\"><p lang=\"es\" dir=\"ltr\">\ud83d\ude00 Ya est\u00e1 el cuadro principal <br><br>\ud83c\udfbeLa quinta edici\u00f3n del C\u00f3rdoba Open se viene con todo <br><br>Compr\u00e1 tus entradas ac\u00e1  \ud83d\udc47<a href=\"https:\/\/t.co\/pOXCsvb40C\">https:\/\/t.co\/pOXCsvb40C<\/a><a href=\"https:\/\/twitter.com\/hashtag\/cordobaopen2023?src=hash&amp;ref_src=twsrc%5Etfw\">#cordobaopen2023<\/a> <a href=\"https:\/\/twitter.com\/hashtag\/cordobaopen?src=hash&amp;ref_src=twsrc%5Etfw\">#cordobaopen<\/a> <a href=\"https:\/\/twitter.com\/hashtag\/Atptour?src=hash&amp;ref_src=twsrc%5Etfw\">#Atptour<\/a> <a href=\"https:\/\/twitter.com\/hashtag\/tenis?src=hash&amp;ref_src=twsrc%5Etfw\">#tenis<\/a> <a href=\"https:\/\/t.co\/IfWWlfHmF5\">pic.twitter.com\/IfWWlfHmF5<\/a><\/p>&mdash; C\u00f3rdoba Open (@CordobaOpen) <a href=\"https:\/\/twitter.com\/CordobaOpen\/status\/1621949835082342401?ref_src=twsrc%5Etfw\">February 4, 2023<\/a><\/blockquote><script async src=\"https:\/\/platform.twitter.com\/widgets.js\" charset=\"utf-8\"><\/script>\n<\/div><\/figure>\n\n\n\n<p><strong>PARTIDOS DE PRIMERA RONDA DE DOBLES DEL C\u00d3RDOBA OPEN 2023<\/strong><\/p>\n\n\n\n<p>(1) Rafael Matos (BRA) \/ David Vega Hern\u00e1ndez (ESP) vs. (PR). Marcelo Demoliner (BRA) \/ Andrea Vavassori (ITA)<\/p>\n\n\n\n<p>Nicolas Barrientos (COL) \/ Ariel Behar (URU) vs. (PR) Hugo Dellien (BOL) \/ Guido Pella (ARG)<\/p>\n\n\n\n<p>(3) Sadio Doumbia (FRA) \/ Fabien Reboul (FRA) vs. (WC) Nicol\u00e1s Kicker (ARG) \/ Thiago Seyboth Wild (BRA)<\/p>\n\n\n\n<p>Marco Cecchinato (ITA) \/ Daniel Elah\u00ed Gal\u00e1n (COL) vs. Roberto Carballes Baena (ESP) \/ Pedro Mart\u00ednez (ESP)<\/p>\n\n\n\n<p>(WC) Guido Andreozzi (ARG) \/ Guillermo Dur\u00e1n (ARG) vs. Federico Coria (ARG) \/ Tom\u00e1s Mart\u00edn Etcheverry (ARG)<\/p>\n\n\n\n<p>(4) Andrey Golubev (KAZ) \/ Aleksandr Nedovyesov (KAZ) vs. Marcelo Melo (BRA) \/ Joao Sousa (POR)<\/p>\n\n\n\n<p>Pedro Cach\u00edn (ARG) \/ Francisco Cer\u00fandolo (ARG) vs. Francesco Cabral (POR) \/ Nikola Cacic (SRB)<\/p>\n\n\n\n<p>(2) M\u00e1ximo Gonz\u00e1lez (ARG) \/ Andr\u00e9s Molteni (ARG) vs. Albert Ramos-Vi\u00f1olas (ESP) \/ Benjam\u00edn Zapata-Miralles (ESP)<\/p>\n\n\n\n<p>Texto &amp; Foto: Prensa <a href=\"https:\/\/www.cordobaopen.com\/\">C\u00f3rdoba Open<\/a><\/p>\n","protected":false},"excerpt":{"rendered":"<p>As\u00ed quedaron los cruces del cuadro principal del ATP 250.<\/p>\n","protected":false},"author":1,"featured_media":24543,"comment_status":"open","ping_status":"open","sticky":false,"template":"","format":"standard","meta":{"footnotes":""},"categories":[49],"tags":[86,106,134,950,449],"class_list":["post-24542","post","type-post","status-publish","format-standard","has-post-thumbnail","hentry","category-tenis","tag-atp-250","tag-cordoba-open","tag-diego-schwartzman","tag-portada","tag-tenis"],"yoast_head":"<!-- This site is optimized with the Yoast SEO plugin v26.1.1 - https:\/\/yoast.com\/wordpress\/plugins\/seo\/ -->\n<title>En marcha la quinta edici\u00f3n del C\u00f3rdoba Open - Golandpop<\/title>\n<meta name=\"description\" content=\"Comenz\u00f3 el ATP 250 de La Doca en su edici\u00f3n 2023. As\u00ed quedaron los cruces del cuadro principal.\" \/>\n<meta name=\"robots\" content=\"index, follow, max-snippet:-1, max-image-preview:large, max-video-preview:-1\" \/>\n<link rel=\"canonical\" href=\"https:\/\/golandpop.com\/index.php\/2023\/02\/04\/en-marcha-la-quinta-edicion-del-cordoba-open\/\" \/>\n<meta property=\"og:locale\" content=\"es_ES\" \/>\n<meta property=\"og:type\" content=\"article\" \/>\n<meta property=\"og:title\" content=\"En marcha la quinta edici\u00f3n del C\u00f3rdoba Open - Golandpop\" \/>\n<meta property=\"og:description\" content=\"Comenz\u00f3 el ATP 250 de La Doca en su edici\u00f3n 2023. As\u00ed quedaron los cruces del cuadro principal.\" \/>\n<meta property=\"og:url\" content=\"https:\/\/golandpop.com\/index.php\/2023\/02\/04\/en-marcha-la-quinta-edicion-del-cordoba-open\/\" \/>\n<meta property=\"og:site_name\" content=\"Golandpop\" \/>\n<meta property=\"article:published_time\" content=\"2023-02-04T20:41:39+00:00\" \/>\n<meta property=\"article:modified_time\" content=\"2023-02-04T22:10:13+00:00\" \/>\n<meta property=\"og:image\" content=\"https:\/\/golandpop.com\/wp-content\/uploads\/2023\/02\/6E56AE9D-6497-4A97-874D-2E1600E6071B-scaled.jpeg\" \/>\n\t<meta property=\"og:image:width\" content=\"2560\" \/>\n\t<meta property=\"og:image:height\" content=\"1707\" \/>\n\t<meta property=\"og:image:type\" content=\"image\/jpeg\" \/>\n<meta name=\"author\" content=\"Gol&amp;Pop\" \/>\n<meta name=\"twitter:card\" content=\"summary_large_image\" \/>\n<meta name=\"twitter:creator\" content=\"@golandpop\" \/>\n<meta name=\"twitter:site\" content=\"@golandpop\" \/>\n<meta name=\"twitter:label1\" content=\"Escrito por\" \/>\n\t<meta name=\"twitter:data1\" content=\"Gol&amp;Pop\" \/>\n\t<meta name=\"twitter:label2\" content=\"Tiempo de lectura\" \/>\n\t<meta name=\"twitter:data2\" content=\"4 minutos\" \/>\n<script type=\"application\/ld+json\" class=\"yoast-schema-graph\">{\"@context\":\"https:\/\/schema.org\",\"@graph\":[{\"@type\":\"Article\",\"@id\":\"https:\/\/golandpop.com\/index.php\/2023\/02\/04\/en-marcha-la-quinta-edicion-del-cordoba-open\/#article\",\"isPartOf\":{\"@id\":\"https:\/\/golandpop.com\/index.php\/2023\/02\/04\/en-marcha-la-quinta-edicion-del-cordoba-open\/\"},\"author\":{\"name\":\"Gol&amp;Pop\",\"@id\":\"https:\/\/golandpop.com\/#\/schema\/person\/2809725861e0da25eaffe2d9b29c9613\"},\"headline\":\"En marcha la quinta edici\u00f3n del C\u00f3rdoba Open\",\"datePublished\":\"2023-02-04T20:41:39+00:00\",\"dateModified\":\"2023-02-04T22:10:13+00:00\",\"mainEntityOfPage\":{\"@id\":\"https:\/\/golandpop.com\/index.php\/2023\/02\/04\/en-marcha-la-quinta-edicion-del-cordoba-open\/\"},\"wordCount\":826,\"commentCount\":0,\"publisher\":{\"@id\":\"https:\/\/golandpop.com\/#organization\"},\"image\":{\"@id\":\"https:\/\/golandpop.com\/index.php\/2023\/02\/04\/en-marcha-la-quinta-edicion-del-cordoba-open\/#primaryimage\"},\"thumbnailUrl\":\"https:\/\/golandpop.com\/wp-content\/uploads\/2023\/02\/6E56AE9D-6497-4A97-874D-2E1600E6071B-scaled.jpeg\",\"keywords\":[\"ATP 250\",\"C\u00f3rdoba Open\",\"Diego Schwartzman\",\"portada\",\"Tenis\"],\"articleSection\":[\"Tenis\"],\"inLanguage\":\"es-AR\"},{\"@type\":\"WebPage\",\"@id\":\"https:\/\/golandpop.com\/index.php\/2023\/02\/04\/en-marcha-la-quinta-edicion-del-cordoba-open\/\",\"url\":\"https:\/\/golandpop.com\/index.php\/2023\/02\/04\/en-marcha-la-quinta-edicion-del-cordoba-open\/\",\"name\":\"En marcha la quinta edici\u00f3n del C\u00f3rdoba Open - Golandpop\",\"isPartOf\":{\"@id\":\"https:\/\/golandpop.com\/#website\"},\"primaryImageOfPage\":{\"@id\":\"https:\/\/golandpop.com\/index.php\/2023\/02\/04\/en-marcha-la-quinta-edicion-del-cordoba-open\/#primaryimage\"},\"image\":{\"@id\":\"https:\/\/golandpop.com\/index.php\/2023\/02\/04\/en-marcha-la-quinta-edicion-del-cordoba-open\/#primaryimage\"},\"thumbnailUrl\":\"https:\/\/golandpop.com\/wp-content\/uploads\/2023\/02\/6E56AE9D-6497-4A97-874D-2E1600E6071B-scaled.jpeg\",\"datePublished\":\"2023-02-04T20:41:39+00:00\",\"dateModified\":\"2023-02-04T22:10:13+00:00\",\"description\":\"Comenz\u00f3 el ATP 250 de La Doca en su edici\u00f3n 2023. As\u00ed quedaron los cruces del cuadro principal.\",\"breadcrumb\":{\"@id\":\"https:\/\/golandpop.com\/index.php\/2023\/02\/04\/en-marcha-la-quinta-edicion-del-cordoba-open\/#breadcrumb\"},\"inLanguage\":\"es-AR\",\"potentialAction\":[{\"@type\":\"ReadAction\",\"target\":[\"https:\/\/golandpop.com\/index.php\/2023\/02\/04\/en-marcha-la-quinta-edicion-del-cordoba-open\/\"]}]},{\"@type\":\"ImageObject\",\"inLanguage\":\"es-AR\",\"@id\":\"https:\/\/golandpop.com\/index.php\/2023\/02\/04\/en-marcha-la-quinta-edicion-del-cordoba-open\/#primaryimage\",\"url\":\"https:\/\/golandpop.com\/wp-content\/uploads\/2023\/02\/6E56AE9D-6497-4A97-874D-2E1600E6071B-scaled.jpeg\",\"contentUrl\":\"https:\/\/golandpop.com\/wp-content\/uploads\/2023\/02\/6E56AE9D-6497-4A97-874D-2E1600E6071B-scaled.jpeg\",\"width\":2560,\"height\":1707},{\"@type\":\"BreadcrumbList\",\"@id\":\"https:\/\/golandpop.com\/index.php\/2023\/02\/04\/en-marcha-la-quinta-edicion-del-cordoba-open\/#breadcrumb\",\"itemListElement\":[{\"@type\":\"ListItem\",\"position\":1,\"name\":\"Inicio\",\"item\":\"https:\/\/golandpop.com\/\"},{\"@type\":\"ListItem\",\"position\":2,\"name\":\"En marcha la quinta edici\u00f3n del C\u00f3rdoba Open\"}]},{\"@type\":\"WebSite\",\"@id\":\"https:\/\/golandpop.com\/#website\",\"url\":\"https:\/\/golandpop.com\/\",\"name\":\"Golandpop\",\"description\":\"\",\"publisher\":{\"@id\":\"https:\/\/golandpop.com\/#organization\"},\"potentialAction\":[{\"@type\":\"SearchAction\",\"target\":{\"@type\":\"EntryPoint\",\"urlTemplate\":\"https:\/\/golandpop.com\/?s={search_term_string}\"},\"query-input\":{\"@type\":\"PropertyValueSpecification\",\"valueRequired\":true,\"valueName\":\"search_term_string\"}}],\"inLanguage\":\"es-AR\"},{\"@type\":\"Organization\",\"@id\":\"https:\/\/golandpop.com\/#organization\",\"name\":\"GolandPop\",\"url\":\"https:\/\/golandpop.com\/\",\"logo\":{\"@type\":\"ImageObject\",\"inLanguage\":\"es-AR\",\"@id\":\"https:\/\/golandpop.com\/#\/schema\/logo\/image\/\",\"url\":\"https:\/\/golandpop.com\/wp-content\/uploads\/2020\/04\/favicon_gol_pop.png\",\"contentUrl\":\"https:\/\/golandpop.com\/wp-content\/uploads\/2020\/04\/favicon_gol_pop.png\",\"width\":246,\"height\":246,\"caption\":\"GolandPop\"},\"image\":{\"@id\":\"https:\/\/golandpop.com\/#\/schema\/logo\/image\/\"},\"sameAs\":[\"https:\/\/x.com\/golandpop\",\"https:\/\/www.instagram.com\/golandpopcordoba\/\"]},{\"@type\":\"Person\",\"@id\":\"https:\/\/golandpop.com\/#\/schema\/person\/2809725861e0da25eaffe2d9b29c9613\",\"name\":\"Gol&amp;Pop\",\"image\":{\"@type\":\"ImageObject\",\"inLanguage\":\"es-AR\",\"@id\":\"https:\/\/golandpop.com\/#\/schema\/person\/image\/\",\"url\":\"https:\/\/secure.gravatar.com\/avatar\/9a87ee051ca8c77f5d4070843ce2c78cdf95b858b950fb039151de955122f5f5?s=96&d=mm&r=g\",\"contentUrl\":\"https:\/\/secure.gravatar.com\/avatar\/9a87ee051ca8c77f5d4070843ce2c78cdf95b858b950fb039151de955122f5f5?s=96&d=mm&r=g\",\"caption\":\"Gol&amp;Pop\"},\"sameAs\":[\"http:\/\/golandpop.com\"],\"url\":\"https:\/\/golandpop.com\/index.php\/author\/admin\/\"}]}<\/script>\n<!-- \/ Yoast SEO plugin. -->","yoast_head_json":{"title":"En marcha la quinta edici\u00f3n del C\u00f3rdoba Open - Golandpop","description":"Comenz\u00f3 el ATP 250 de La Doca en su edici\u00f3n 2023. As\u00ed quedaron los cruces del cuadro principal.","robots":{"index":"index","follow":"follow","max-snippet":"max-snippet:-1","max-image-preview":"max-image-preview:large","max-video-preview":"max-video-preview:-1"},"canonical":"https:\/\/golandpop.com\/index.php\/2023\/02\/04\/en-marcha-la-quinta-edicion-del-cordoba-open\/","og_locale":"es_ES","og_type":"article","og_title":"En marcha la quinta edici\u00f3n del C\u00f3rdoba Open - Golandpop","og_description":"Comenz\u00f3 el ATP 250 de La Doca en su edici\u00f3n 2023. As\u00ed quedaron los cruces del cuadro principal.","og_url":"https:\/\/golandpop.com\/index.php\/2023\/02\/04\/en-marcha-la-quinta-edicion-del-cordoba-open\/","og_site_name":"Golandpop","article_published_time":"2023-02-04T20:41:39+00:00","article_modified_time":"2023-02-04T22:10:13+00:00","og_image":[{"width":2560,"height":1707,"url":"https:\/\/golandpop.com\/wp-content\/uploads\/2023\/02\/6E56AE9D-6497-4A97-874D-2E1600E6071B-scaled.jpeg","type":"image\/jpeg"}],"author":"Gol&amp;Pop","twitter_card":"summary_large_image","twitter_creator":"@golandpop","twitter_site":"@golandpop","twitter_misc":{"Escrito por":"Gol&amp;Pop","Tiempo de lectura":"4 minutos"},"schema":{"@context":"https:\/\/schema.org","@graph":[{"@type":"Article","@id":"https:\/\/golandpop.com\/index.php\/2023\/02\/04\/en-marcha-la-quinta-edicion-del-cordoba-open\/#article","isPartOf":{"@id":"https:\/\/golandpop.com\/index.php\/2023\/02\/04\/en-marcha-la-quinta-edicion-del-cordoba-open\/"},"author":{"name":"Gol&amp;Pop","@id":"https:\/\/golandpop.com\/#\/schema\/person\/2809725861e0da25eaffe2d9b29c9613"},"headline":"En marcha la quinta edici\u00f3n del C\u00f3rdoba Open","datePublished":"2023-02-04T20:41:39+00:00","dateModified":"2023-02-04T22:10:13+00:00","mainEntityOfPage":{"@id":"https:\/\/golandpop.com\/index.php\/2023\/02\/04\/en-marcha-la-quinta-edicion-del-cordoba-open\/"},"wordCount":826,"commentCount":0,"publisher":{"@id":"https:\/\/golandpop.com\/#organization"},"image":{"@id":"https:\/\/golandpop.com\/index.php\/2023\/02\/04\/en-marcha-la-quinta-edicion-del-cordoba-open\/#primaryimage"},"thumbnailUrl":"https:\/\/golandpop.com\/wp-content\/uploads\/2023\/02\/6E56AE9D-6497-4A97-874D-2E1600E6071B-scaled.jpeg","keywords":["ATP 250","C\u00f3rdoba Open","Diego Schwartzman","portada","Tenis"],"articleSection":["Tenis"],"inLanguage":"es-AR"},{"@type":"WebPage","@id":"https:\/\/golandpop.com\/index.php\/2023\/02\/04\/en-marcha-la-quinta-edicion-del-cordoba-open\/","url":"https:\/\/golandpop.com\/index.php\/2023\/02\/04\/en-marcha-la-quinta-edicion-del-cordoba-open\/","name":"En marcha la quinta edici\u00f3n del C\u00f3rdoba Open - Golandpop","isPartOf":{"@id":"https:\/\/golandpop.com\/#website"},"primaryImageOfPage":{"@id":"https:\/\/golandpop.com\/index.php\/2023\/02\/04\/en-marcha-la-quinta-edicion-del-cordoba-open\/#primaryimage"},"image":{"@id":"https:\/\/golandpop.com\/index.php\/2023\/02\/04\/en-marcha-la-quinta-edicion-del-cordoba-open\/#primaryimage"},"thumbnailUrl":"https:\/\/golandpop.com\/wp-content\/uploads\/2023\/02\/6E56AE9D-6497-4A97-874D-2E1600E6071B-scaled.jpeg","datePublished":"2023-02-04T20:41:39+00:00","dateModified":"2023-02-04T22:10:13+00:00","description":"Comenz\u00f3 el ATP 250 de La Doca en su edici\u00f3n 2023. As\u00ed quedaron los cruces del cuadro principal.","breadcrumb":{"@id":"https:\/\/golandpop.com\/index.php\/2023\/02\/04\/en-marcha-la-quinta-edicion-del-cordoba-open\/#breadcrumb"},"inLanguage":"es-AR","potentialAction":[{"@type":"ReadAction","target":["https:\/\/golandpop.com\/index.php\/2023\/02\/04\/en-marcha-la-quinta-edicion-del-cordoba-open\/"]}]},{"@type":"ImageObject","inLanguage":"es-AR","@id":"https:\/\/golandpop.com\/index.php\/2023\/02\/04\/en-marcha-la-quinta-edicion-del-cordoba-open\/#primaryimage","url":"https:\/\/golandpop.com\/wp-content\/uploads\/2023\/02\/6E56AE9D-6497-4A97-874D-2E1600E6071B-scaled.jpeg","contentUrl":"https:\/\/golandpop.com\/wp-content\/uploads\/2023\/02\/6E56AE9D-6497-4A97-874D-2E1600E6071B-scaled.jpeg","width":2560,"height":1707},{"@type":"BreadcrumbList","@id":"https:\/\/golandpop.com\/index.php\/2023\/02\/04\/en-marcha-la-quinta-edicion-del-cordoba-open\/#breadcrumb","itemListElement":[{"@type":"ListItem","position":1,"name":"Inicio","item":"https:\/\/golandpop.com\/"},{"@type":"ListItem","position":2,"name":"En marcha la quinta edici\u00f3n del C\u00f3rdoba Open"}]},{"@type":"WebSite","@id":"https:\/\/golandpop.com\/#website","url":"https:\/\/golandpop.com\/","name":"Golandpop","description":"","publisher":{"@id":"https:\/\/golandpop.com\/#organization"},"potentialAction":[{"@type":"SearchAction","target":{"@type":"EntryPoint","urlTemplate":"https:\/\/golandpop.com\/?s={search_term_string}"},"query-input":{"@type":"PropertyValueSpecification","valueRequired":true,"valueName":"search_term_string"}}],"inLanguage":"es-AR"},{"@type":"Organization","@id":"https:\/\/golandpop.com\/#organization","name":"GolandPop","url":"https:\/\/golandpop.com\/","logo":{"@type":"ImageObject","inLanguage":"es-AR","@id":"https:\/\/golandpop.com\/#\/schema\/logo\/image\/","url":"https:\/\/golandpop.com\/wp-content\/uploads\/2020\/04\/favicon_gol_pop.png","contentUrl":"https:\/\/golandpop.com\/wp-content\/uploads\/2020\/04\/favicon_gol_pop.png","width":246,"height":246,"caption":"GolandPop"},"image":{"@id":"https:\/\/golandpop.com\/#\/schema\/logo\/image\/"},"sameAs":["https:\/\/x.com\/golandpop","https:\/\/www.instagram.com\/golandpopcordoba\/"]},{"@type":"Person","@id":"https:\/\/golandpop.com\/#\/schema\/person\/2809725861e0da25eaffe2d9b29c9613","name":"Gol&amp;Pop","image":{"@type":"ImageObject","inLanguage":"es-AR","@id":"https:\/\/golandpop.com\/#\/schema\/person\/image\/","url":"https:\/\/secure.gravatar.com\/avatar\/9a87ee051ca8c77f5d4070843ce2c78cdf95b858b950fb039151de955122f5f5?s=96&d=mm&r=g","contentUrl":"https:\/\/secure.gravatar.com\/avatar\/9a87ee051ca8c77f5d4070843ce2c78cdf95b858b950fb039151de955122f5f5?s=96&d=mm&r=g","caption":"Gol&amp;Pop"},"sameAs":["http:\/\/golandpop.com"],"url":"https:\/\/golandpop.com\/index.php\/author\/admin\/"}]}},"_links":{"self":[{"href":"https:\/\/golandpop.com\/index.php\/wp-json\/wp\/v2\/posts\/24542","targetHints":{"allow":["GET"]}}],"collection":[{"href":"https:\/\/golandpop.com\/index.php\/wp-json\/wp\/v2\/posts"}],"about":[{"href":"https:\/\/golandpop.com\/index.php\/wp-json\/wp\/v2\/types\/post"}],"author":[{"embeddable":true,"href":"https:\/\/golandpop.com\/index.php\/wp-json\/wp\/v2\/users\/1"}],"replies":[{"embeddable":true,"href":"https:\/\/golandpop.com\/index.php\/wp-json\/wp\/v2\/comments?post=24542"}],"version-history":[{"count":2,"href":"https:\/\/golandpop.com\/index.php\/wp-json\/wp\/v2\/posts\/24542\/revisions"}],"predecessor-version":[{"id":24547,"href":"https:\/\/golandpop.com\/index.php\/wp-json\/wp\/v2\/posts\/24542\/revisions\/24547"}],"wp:featuredmedia":[{"embeddable":true,"href":"https:\/\/golandpop.com\/index.php\/wp-json\/wp\/v2\/media\/24543"}],"wp:attachment":[{"href":"https:\/\/golandpop.com\/index.php\/wp-json\/wp\/v2\/media?parent=24542"}],"wp:term":[{"taxonomy":"category","embeddable":true,"href":"https:\/\/golandpop.com\/index.php\/wp-json\/wp\/v2\/categories?post=24542"},{"taxonomy":"post_tag","embeddable":true,"href":"https:\/\/golandpop.com\/index.php\/wp-json\/wp\/v2\/tags?post=24542"}],"curies":[{"name":"wp","href":"https:\/\/api.w.org\/{rel}","templated":true}]}}