{"id":24293,"date":"2023-01-10T09:47:19","date_gmt":"2023-01-10T12:47:19","guid":{"rendered":"https:\/\/golandpop.com\/?p=24293"},"modified":"2023-01-10T10:27:46","modified_gmt":"2023-01-10T13:27:46","slug":"dakar-2023-en-accion","status":"publish","type":"post","link":"https:\/\/golandpop.com\/index.php\/2023\/01\/10\/dakar-2023-en-accion\/","title":{"rendered":"Dakar 2023 en acci\u00f3n"},"content":{"rendered":"\n<p><em>Con el motor puesto en marcha se van definiendo las participaciones. Son 29 los argentinos en carrera, entre ellos varios cordobeses. <\/em><\/p>\n\n\n\n<p>La prueba m\u00e1s dura del mundo regres\u00f3 a Arabia Saudita despu\u00e9s de un a\u00f1o de preparaci\u00f3n para los participantes. En esta oportunidad, la acci\u00f3n comenz\u00f3 en la v\u00edspera de A\u00f1o Nuevo, el 31 de diciembre. Despu\u00e9s de 8.500 kil\u00f3metros de <a href=\"https:\/\/www.dakar.com\/es\/recorrido-general\">recorrido<\/a> y enlaces (4.706 km cronometrados)\u00a0se llegar\u00e1 a la meta el 15 de enero de 2023\u00a0en la ciudad de Dammam tras 14 etapas por zonas inexploradas del desierto del Empty Quarter.<\/p>\n\n\n\n<p>Hay representantes de 68 pa\u00edses, del total de competidores 50 ser\u00e1n damas y cinco tripulaciones ser\u00e1n exclusivamente femeninas.\u00a0La delegaci\u00f3n con m\u00e1s deportistas ser\u00e1 la francesa con 194, seguido por Espa\u00f1a con 119, y Pa\u00edses Bajos con 90.\u00a0<a href=\"https:\/\/golandpop.com\/?s=Argentina\">Argentina<\/a> contar\u00e1 con 29, ya que muchos navegantes nacionales participar\u00e1n de la prueba.<\/p>\n\n\n\n<p>Entre los <a href=\"https:\/\/www.dakar.com\/es\/clasificaciones\">destacados<\/a> albicelestes encontramos a Luciano Benavides arriba de la moto de Husqvarna, quien abri\u00f3 pista tras ganar la etapa 8, hizo doblete y se impuso en la etapa 9, en la que sentenci\u00f3 su segunda victoria consecutiva, lo que lo dej\u00f3 s\u00e9ptimo en la general. El argentino super\u00f3 en a\u00a0Toby Price\u00a0y al l\u00edder\u00a0Skyler Howes. En la tercera plaza de la general est\u00e1 <a href=\"https:\/\/golandpop.com\/?s=Kevin+Benavides\">Kevin Benavides<\/a> con KTM y por la posici\u00f3n 14 esta Franco Caimi. <\/p>\n\n\n\n<figure class=\"wp-block-embed-twitter wp-block-embed is-type-rich is-provider-twitter\"><div class=\"wp-block-embed__wrapper\">\n<blockquote class=\"twitter-tweet\" data-width=\"550\" data-dnt=\"true\"><p lang=\"en\" dir=\"ltr\">\ud83c\udfc1 Stage 9\ufe0f\u20e3 &#8211; Bikes \ud83c\udfcd<br><br>Provisional top 3:<br>\ud83e\udd47 Luciano Benavides<br>\ud83e\udd48 Toby Price<br>\ud83e\udd49 Skyler Howes<br><br>\u23f1 <a href=\"https:\/\/twitter.com\/tobyprice87?ref_src=twsrc%5Etfw\">@tobyprice87<\/a> is now just 3&#39;&#39; behind <a href=\"https:\/\/twitter.com\/skylerhowes110?ref_src=twsrc%5Etfw\">@skylerhowes110<\/a> in the overall standings. \ud83e\udd0f<br><br>\ud83d\udd34 Follow the other categories live:<a href=\"https:\/\/t.co\/BrruP0oEtI\">https:\/\/t.co\/BrruP0oEtI<\/a><a href=\"https:\/\/twitter.com\/hashtag\/Dakar2023?src=hash&amp;ref_src=twsrc%5Etfw\">#Dakar2023<\/a> <a href=\"https:\/\/t.co\/w2T7aLdviH\">pic.twitter.com\/w2T7aLdviH<\/a><\/p>&mdash; DAKAR RALLY (@dakar) <a href=\"https:\/\/twitter.com\/dakar\/status\/1612730268837728257?ref_src=twsrc%5Etfw\">January 10, 2023<\/a><\/blockquote><script async src=\"https:\/\/platform.twitter.com\/widgets.js\" charset=\"utf-8\"><\/script>\n<\/div><\/figure>\n\n\n\n<p>En <a href=\"https:\/\/golandpop.com\/index.php\/category\/automovilismo\/\">autos<\/a> el mejor ubicado es Juan Cruz Yacopini, quien ocupa la d\u00e9cima posici\u00f3n junto al navegante espa\u00f1ol Daniel Oliveras Carreras, por detr\u00e1s, de forma consecutiva, se ubica la dupla albiceleste compuesta por Sebasti\u00e1n Halpern y Bernardo Graue. En Quads Francisco Moreno Flores est\u00e1 segundo y el campe\u00f3n de la edici\u00f3n 2021, Manuel And\u00fajar, cuarto. Mientras que en T4 SSV Jerem\u00edas Gonzales Ferioli junto a Pedro Gonzalo Rinaldi son los mejores posicionados en quinto lugar. <\/p>\n\n\n\n<figure class=\"wp-block-embed-twitter wp-block-embed is-type-rich is-provider-twitter\"><div class=\"wp-block-embed__wrapper\">\n<blockquote class=\"twitter-tweet\" data-width=\"550\" data-dnt=\"true\"><p lang=\"en\" dir=\"ltr\">\ud83c\udfc1 Stage 9\ufe0f\u20e3 &#8211; Quads \u2699\ufe0f<br><br>Provisional top 3:<br>\ud83e\udd47 Laisvydas Kancius<br>\ud83e\udd48 Francisco Moreno Flores<br>\ud83e\udd49 Marcelo Medeiros<a href=\"https:\/\/twitter.com\/GiroudAlexandre?ref_src=twsrc%5Etfw\">@GiroudAlexandre<\/a> finished 5th and was not worried about keeping the overall lead. <br><br>\ud83d\udd34 Follow the other categories live:<a href=\"https:\/\/t.co\/BrruP0oEtI\">https:\/\/t.co\/BrruP0oEtI<\/a><a href=\"https:\/\/twitter.com\/hashtag\/Dakar2023?src=hash&amp;ref_src=twsrc%5Etfw\">#Dakar2023<\/a> <a href=\"https:\/\/t.co\/fy8VYmaRp9\">pic.twitter.com\/fy8VYmaRp9<\/a><\/p>&mdash; DAKAR RALLY (@dakar) <a href=\"https:\/\/twitter.com\/dakar\/status\/1612762550348791808?ref_src=twsrc%5Etfw\">January 10, 2023<\/a><\/blockquote><script async src=\"https:\/\/platform.twitter.com\/widgets.js\" charset=\"utf-8\"><\/script>\n<\/div><\/figure>\n\n\n\n<p>Ya hubo algunas bajas, entre ellas el riocuartense Julio Estanguet (Quads) tuvo una trombosis que lo dej\u00f3 fuera de competencia y lo propio hizo Carlos Verza. Pero la b\u00fasqueda de la gloria sigue para el resto. <\/p>\n\n\n\n<h4 class=\"wp-block-heading\">Todos los Argetinos:<\/h4>\n\n\n\n<p><strong>Motos:<\/strong>\u00a0Los hermanos salte\u00f1os Kevin Benavides (KTM) y Luciano Benavides (Husqvarna); los mendocinos Franco Caimi (Hero) y Stefano Caimi (KTM); y Diego Llanes KTM), de Chilecito.<\/p>\n\n\n\n<p><strong>Autos:<\/strong>\u00a0El mendocino Orly Terranova (Hunter), quien hace dupla con el espa\u00f1ol Alex Hard; otro cuyano es Sebasti\u00e1n Halpern (Mini), acompa\u00f1ado por Bernardo Graue; Mendoza tambi\u00e9n tiene a Juan Cruz Yacopini (Toyota Hilux) compartiendo con el espa\u00f1ol Daniel Oliveras.<\/p>\n\n\n\n<p><strong>Categor\u00eda UTV: <\/strong>\u00a0el cordob\u00e9s Nicol\u00e1s Cavigliasso y su esposa, Valentina Pertegari, comparten un Yamaha; el pampeano David Zille (Can Am) es navegado por el cordob\u00e9s Sebasti\u00e1n Cesana; otro oriundo de la tierra del cuarteto es Jerem\u00edas Gonz\u00e1lez Ferioli (Can Am), navegado por Pedro Rinaldi. Completa el lote Marco Esteban L\u00f3pez (Can Am) y el chaque\u00f1o Juan Manuel Silva (Can Am), navegado por el franc\u00e9s Xavier Flick.<\/p>\n\n\n\n<p><strong>Categor\u00eda Quads:<\/strong> Mariano Andujar (Yamaha), Francisco Moreno Flores (Honda), Alejandro Farroni (Yamaha), Carlos Verza (Yamasha) y Pablo Copetti, piloto argentino que corre con licencia estadounidense.<\/p>\n\n\n\n<p>Otros argentinos se sumaron como navegantes son: el cordob\u00e9s Eugenio Arrieta junto al ecuatoriano Brad Salazar (Can Am); Ricardo Torlaschi navegando a Sebasti\u00e1n Guayasam\u00edn de Ecuador con Can Am; Facundo Jat\u00f3n junto al japon\u00e9s Shinsuke Umeda de Polaris Prok; Ariel Jat\u00f3n acompa\u00f1ando al colombiano Antonio Marmolejo (Can Am); Augusto Sanz a la par del portugu\u00e9s Ricardo Porem y Bruno Jacomy de la mano del chileno Lucas del R\u00edo (Can Am). Y la piloto uruguaya Patricia Pitta Gago (Can Am) tiene como acompa\u00f1ante al salte\u00f1o radicado en C\u00f3rdoba Rub\u00e9n Garc\u00eda.<\/p>\n\n\n\n<p>El <a href=\"https:\/\/golandpop.com\/?s=Rally\">Rally Dakar<\/a> ya entreg\u00f3 cetro a cinco pilotos argentinos: Alejandro Patronelli sobre Quads en las ediciones de 2011 y 2012; Marcos Patronelli en Quads por triplicado 2010, 2013 y 2016;  Nicol\u00e1s Cavigliasso tambi\u00e9n en Quads all\u00e1 por 2019; Kevin Benavides en motos en 2021 y Manuel And\u00fajar en Quads 2021. \u00bfHabr\u00e1 uno nuevo? <\/p>\n","protected":false},"excerpt":{"rendered":"<p>Motores <\/p>\n","protected":false},"author":1,"featured_media":24317,"comment_status":"open","ping_status":"open","sticky":false,"template":"","format":"standard","meta":{"footnotes":""},"categories":[777,31,296],"tags":[1306,295,1162,1296,950,1298,324],"class_list":["post-24293","post","type-post","status-publish","format-standard","has-post-thumbnail","hentry","category-actualidad","category-automovilismo","category-rally","tag-arabia-saudita","tag-autos","tag-motores","tag-motos","tag-portada","tag-quads","tag-rally-dakar"],"yoast_head":"<!-- This site is optimized with the Yoast SEO plugin v26.1.1 - https:\/\/yoast.com\/wordpress\/plugins\/seo\/ -->\n<title>Dakar 2023 en acci\u00f3n - Golandpop<\/title>\n<meta name=\"robots\" content=\"index, follow, max-snippet:-1, max-image-preview:large, max-video-preview:-1\" \/>\n<link rel=\"canonical\" href=\"https:\/\/golandpop.com\/index.php\/2023\/01\/10\/dakar-2023-en-accion\/\" \/>\n<meta property=\"og:locale\" content=\"es_ES\" \/>\n<meta property=\"og:type\" content=\"article\" \/>\n<meta property=\"og:title\" content=\"Dakar 2023 en acci\u00f3n - Golandpop\" \/>\n<meta property=\"og:description\" content=\"Motores\" \/>\n<meta property=\"og:url\" content=\"https:\/\/golandpop.com\/index.php\/2023\/01\/10\/dakar-2023-en-accion\/\" \/>\n<meta property=\"og:site_name\" content=\"Golandpop\" \/>\n<meta property=\"article:published_time\" content=\"2023-01-10T12:47:19+00:00\" \/>\n<meta property=\"article:modified_time\" content=\"2023-01-10T13:27:46+00:00\" \/>\n<meta property=\"og:image\" content=\"https:\/\/golandpop.com\/wp-content\/uploads\/2023\/01\/FmC9xXvXEBg7rC7.jpg\" \/>\n\t<meta property=\"og:image:width\" content=\"680\" \/>\n\t<meta property=\"og:image:height\" content=\"453\" \/>\n\t<meta property=\"og:image:type\" content=\"image\/jpeg\" \/>\n<meta name=\"author\" content=\"Gol&amp;Pop\" \/>\n<meta name=\"twitter:card\" content=\"summary_large_image\" \/>\n<meta name=\"twitter:creator\" content=\"@golandpop\" \/>\n<meta name=\"twitter:site\" content=\"@golandpop\" \/>\n<meta name=\"twitter:label1\" content=\"Escrito por\" \/>\n\t<meta name=\"twitter:data1\" content=\"Gol&amp;Pop\" \/>\n\t<meta name=\"twitter:label2\" content=\"Tiempo de lectura\" \/>\n\t<meta name=\"twitter:data2\" content=\"4 minutos\" \/>\n<script type=\"application\/ld+json\" class=\"yoast-schema-graph\">{\"@context\":\"https:\/\/schema.org\",\"@graph\":[{\"@type\":\"Article\",\"@id\":\"https:\/\/golandpop.com\/index.php\/2023\/01\/10\/dakar-2023-en-accion\/#article\",\"isPartOf\":{\"@id\":\"https:\/\/golandpop.com\/index.php\/2023\/01\/10\/dakar-2023-en-accion\/\"},\"author\":{\"name\":\"Gol&amp;Pop\",\"@id\":\"https:\/\/golandpop.com\/#\/schema\/person\/2809725861e0da25eaffe2d9b29c9613\"},\"headline\":\"Dakar 2023 en acci\u00f3n\",\"datePublished\":\"2023-01-10T12:47:19+00:00\",\"dateModified\":\"2023-01-10T13:27:46+00:00\",\"mainEntityOfPage\":{\"@id\":\"https:\/\/golandpop.com\/index.php\/2023\/01\/10\/dakar-2023-en-accion\/\"},\"wordCount\":704,\"commentCount\":0,\"publisher\":{\"@id\":\"https:\/\/golandpop.com\/#organization\"},\"image\":{\"@id\":\"https:\/\/golandpop.com\/index.php\/2023\/01\/10\/dakar-2023-en-accion\/#primaryimage\"},\"thumbnailUrl\":\"https:\/\/golandpop.com\/wp-content\/uploads\/2023\/01\/FmC9xXvXEBg7rC7.jpg\",\"keywords\":[\"Arabia Saudita\",\"Autos\",\"Motores\",\"Motos\",\"portada\",\"Quads\",\"Rally Dakar\"],\"articleSection\":[\"Actualidad\",\"Motores\",\"Rally\"],\"inLanguage\":\"es-AR\"},{\"@type\":\"WebPage\",\"@id\":\"https:\/\/golandpop.com\/index.php\/2023\/01\/10\/dakar-2023-en-accion\/\",\"url\":\"https:\/\/golandpop.com\/index.php\/2023\/01\/10\/dakar-2023-en-accion\/\",\"name\":\"Dakar 2023 en acci\u00f3n - Golandpop\",\"isPartOf\":{\"@id\":\"https:\/\/golandpop.com\/#website\"},\"primaryImageOfPage\":{\"@id\":\"https:\/\/golandpop.com\/index.php\/2023\/01\/10\/dakar-2023-en-accion\/#primaryimage\"},\"image\":{\"@id\":\"https:\/\/golandpop.com\/index.php\/2023\/01\/10\/dakar-2023-en-accion\/#primaryimage\"},\"thumbnailUrl\":\"https:\/\/golandpop.com\/wp-content\/uploads\/2023\/01\/FmC9xXvXEBg7rC7.jpg\",\"datePublished\":\"2023-01-10T12:47:19+00:00\",\"dateModified\":\"2023-01-10T13:27:46+00:00\",\"breadcrumb\":{\"@id\":\"https:\/\/golandpop.com\/index.php\/2023\/01\/10\/dakar-2023-en-accion\/#breadcrumb\"},\"inLanguage\":\"es-AR\",\"potentialAction\":[{\"@type\":\"ReadAction\",\"target\":[\"https:\/\/golandpop.com\/index.php\/2023\/01\/10\/dakar-2023-en-accion\/\"]}]},{\"@type\":\"ImageObject\",\"inLanguage\":\"es-AR\",\"@id\":\"https:\/\/golandpop.com\/index.php\/2023\/01\/10\/dakar-2023-en-accion\/#primaryimage\",\"url\":\"https:\/\/golandpop.com\/wp-content\/uploads\/2023\/01\/FmC9xXvXEBg7rC7.jpg\",\"contentUrl\":\"https:\/\/golandpop.com\/wp-content\/uploads\/2023\/01\/FmC9xXvXEBg7rC7.jpg\",\"width\":680,\"height\":453},{\"@type\":\"BreadcrumbList\",\"@id\":\"https:\/\/golandpop.com\/index.php\/2023\/01\/10\/dakar-2023-en-accion\/#breadcrumb\",\"itemListElement\":[{\"@type\":\"ListItem\",\"position\":1,\"name\":\"Inicio\",\"item\":\"https:\/\/golandpop.com\/\"},{\"@type\":\"ListItem\",\"position\":2,\"name\":\"Dakar 2023 en acci\u00f3n\"}]},{\"@type\":\"WebSite\",\"@id\":\"https:\/\/golandpop.com\/#website\",\"url\":\"https:\/\/golandpop.com\/\",\"name\":\"Golandpop\",\"description\":\"\",\"publisher\":{\"@id\":\"https:\/\/golandpop.com\/#organization\"},\"potentialAction\":[{\"@type\":\"SearchAction\",\"target\":{\"@type\":\"EntryPoint\",\"urlTemplate\":\"https:\/\/golandpop.com\/?s={search_term_string}\"},\"query-input\":{\"@type\":\"PropertyValueSpecification\",\"valueRequired\":true,\"valueName\":\"search_term_string\"}}],\"inLanguage\":\"es-AR\"},{\"@type\":\"Organization\",\"@id\":\"https:\/\/golandpop.com\/#organization\",\"name\":\"GolandPop\",\"url\":\"https:\/\/golandpop.com\/\",\"logo\":{\"@type\":\"ImageObject\",\"inLanguage\":\"es-AR\",\"@id\":\"https:\/\/golandpop.com\/#\/schema\/logo\/image\/\",\"url\":\"https:\/\/golandpop.com\/wp-content\/uploads\/2020\/04\/favicon_gol_pop.png\",\"contentUrl\":\"https:\/\/golandpop.com\/wp-content\/uploads\/2020\/04\/favicon_gol_pop.png\",\"width\":246,\"height\":246,\"caption\":\"GolandPop\"},\"image\":{\"@id\":\"https:\/\/golandpop.com\/#\/schema\/logo\/image\/\"},\"sameAs\":[\"https:\/\/x.com\/golandpop\",\"https:\/\/www.instagram.com\/golandpopcordoba\/\"]},{\"@type\":\"Person\",\"@id\":\"https:\/\/golandpop.com\/#\/schema\/person\/2809725861e0da25eaffe2d9b29c9613\",\"name\":\"Gol&amp;Pop\",\"image\":{\"@type\":\"ImageObject\",\"inLanguage\":\"es-AR\",\"@id\":\"https:\/\/golandpop.com\/#\/schema\/person\/image\/\",\"url\":\"https:\/\/secure.gravatar.com\/avatar\/9a87ee051ca8c77f5d4070843ce2c78cdf95b858b950fb039151de955122f5f5?s=96&d=mm&r=g\",\"contentUrl\":\"https:\/\/secure.gravatar.com\/avatar\/9a87ee051ca8c77f5d4070843ce2c78cdf95b858b950fb039151de955122f5f5?s=96&d=mm&r=g\",\"caption\":\"Gol&amp;Pop\"},\"sameAs\":[\"http:\/\/golandpop.com\"],\"url\":\"https:\/\/golandpop.com\/index.php\/author\/admin\/\"}]}<\/script>\n<!-- \/ Yoast SEO plugin. -->","yoast_head_json":{"title":"Dakar 2023 en acci\u00f3n - Golandpop","robots":{"index":"index","follow":"follow","max-snippet":"max-snippet:-1","max-image-preview":"max-image-preview:large","max-video-preview":"max-video-preview:-1"},"canonical":"https:\/\/golandpop.com\/index.php\/2023\/01\/10\/dakar-2023-en-accion\/","og_locale":"es_ES","og_type":"article","og_title":"Dakar 2023 en acci\u00f3n - Golandpop","og_description":"Motores","og_url":"https:\/\/golandpop.com\/index.php\/2023\/01\/10\/dakar-2023-en-accion\/","og_site_name":"Golandpop","article_published_time":"2023-01-10T12:47:19+00:00","article_modified_time":"2023-01-10T13:27:46+00:00","og_image":[{"width":680,"height":453,"url":"https:\/\/golandpop.com\/wp-content\/uploads\/2023\/01\/FmC9xXvXEBg7rC7.jpg","type":"image\/jpeg"}],"author":"Gol&amp;Pop","twitter_card":"summary_large_image","twitter_creator":"@golandpop","twitter_site":"@golandpop","twitter_misc":{"Escrito por":"Gol&amp;Pop","Tiempo de lectura":"4 minutos"},"schema":{"@context":"https:\/\/schema.org","@graph":[{"@type":"Article","@id":"https:\/\/golandpop.com\/index.php\/2023\/01\/10\/dakar-2023-en-accion\/#article","isPartOf":{"@id":"https:\/\/golandpop.com\/index.php\/2023\/01\/10\/dakar-2023-en-accion\/"},"author":{"name":"Gol&amp;Pop","@id":"https:\/\/golandpop.com\/#\/schema\/person\/2809725861e0da25eaffe2d9b29c9613"},"headline":"Dakar 2023 en acci\u00f3n","datePublished":"2023-01-10T12:47:19+00:00","dateModified":"2023-01-10T13:27:46+00:00","mainEntityOfPage":{"@id":"https:\/\/golandpop.com\/index.php\/2023\/01\/10\/dakar-2023-en-accion\/"},"wordCount":704,"commentCount":0,"publisher":{"@id":"https:\/\/golandpop.com\/#organization"},"image":{"@id":"https:\/\/golandpop.com\/index.php\/2023\/01\/10\/dakar-2023-en-accion\/#primaryimage"},"thumbnailUrl":"https:\/\/golandpop.com\/wp-content\/uploads\/2023\/01\/FmC9xXvXEBg7rC7.jpg","keywords":["Arabia Saudita","Autos","Motores","Motos","portada","Quads","Rally Dakar"],"articleSection":["Actualidad","Motores","Rally"],"inLanguage":"es-AR"},{"@type":"WebPage","@id":"https:\/\/golandpop.com\/index.php\/2023\/01\/10\/dakar-2023-en-accion\/","url":"https:\/\/golandpop.com\/index.php\/2023\/01\/10\/dakar-2023-en-accion\/","name":"Dakar 2023 en acci\u00f3n - Golandpop","isPartOf":{"@id":"https:\/\/golandpop.com\/#website"},"primaryImageOfPage":{"@id":"https:\/\/golandpop.com\/index.php\/2023\/01\/10\/dakar-2023-en-accion\/#primaryimage"},"image":{"@id":"https:\/\/golandpop.com\/index.php\/2023\/01\/10\/dakar-2023-en-accion\/#primaryimage"},"thumbnailUrl":"https:\/\/golandpop.com\/wp-content\/uploads\/2023\/01\/FmC9xXvXEBg7rC7.jpg","datePublished":"2023-01-10T12:47:19+00:00","dateModified":"2023-01-10T13:27:46+00:00","breadcrumb":{"@id":"https:\/\/golandpop.com\/index.php\/2023\/01\/10\/dakar-2023-en-accion\/#breadcrumb"},"inLanguage":"es-AR","potentialAction":[{"@type":"ReadAction","target":["https:\/\/golandpop.com\/index.php\/2023\/01\/10\/dakar-2023-en-accion\/"]}]},{"@type":"ImageObject","inLanguage":"es-AR","@id":"https:\/\/golandpop.com\/index.php\/2023\/01\/10\/dakar-2023-en-accion\/#primaryimage","url":"https:\/\/golandpop.com\/wp-content\/uploads\/2023\/01\/FmC9xXvXEBg7rC7.jpg","contentUrl":"https:\/\/golandpop.com\/wp-content\/uploads\/2023\/01\/FmC9xXvXEBg7rC7.jpg","width":680,"height":453},{"@type":"BreadcrumbList","@id":"https:\/\/golandpop.com\/index.php\/2023\/01\/10\/dakar-2023-en-accion\/#breadcrumb","itemListElement":[{"@type":"ListItem","position":1,"name":"Inicio","item":"https:\/\/golandpop.com\/"},{"@type":"ListItem","position":2,"name":"Dakar 2023 en acci\u00f3n"}]},{"@type":"WebSite","@id":"https:\/\/golandpop.com\/#website","url":"https:\/\/golandpop.com\/","name":"Golandpop","description":"","publisher":{"@id":"https:\/\/golandpop.com\/#organization"},"potentialAction":[{"@type":"SearchAction","target":{"@type":"EntryPoint","urlTemplate":"https:\/\/golandpop.com\/?s={search_term_string}"},"query-input":{"@type":"PropertyValueSpecification","valueRequired":true,"valueName":"search_term_string"}}],"inLanguage":"es-AR"},{"@type":"Organization","@id":"https:\/\/golandpop.com\/#organization","name":"GolandPop","url":"https:\/\/golandpop.com\/","logo":{"@type":"ImageObject","inLanguage":"es-AR","@id":"https:\/\/golandpop.com\/#\/schema\/logo\/image\/","url":"https:\/\/golandpop.com\/wp-content\/uploads\/2020\/04\/favicon_gol_pop.png","contentUrl":"https:\/\/golandpop.com\/wp-content\/uploads\/2020\/04\/favicon_gol_pop.png","width":246,"height":246,"caption":"GolandPop"},"image":{"@id":"https:\/\/golandpop.com\/#\/schema\/logo\/image\/"},"sameAs":["https:\/\/x.com\/golandpop","https:\/\/www.instagram.com\/golandpopcordoba\/"]},{"@type":"Person","@id":"https:\/\/golandpop.com\/#\/schema\/person\/2809725861e0da25eaffe2d9b29c9613","name":"Gol&amp;Pop","image":{"@type":"ImageObject","inLanguage":"es-AR","@id":"https:\/\/golandpop.com\/#\/schema\/person\/image\/","url":"https:\/\/secure.gravatar.com\/avatar\/9a87ee051ca8c77f5d4070843ce2c78cdf95b858b950fb039151de955122f5f5?s=96&d=mm&r=g","contentUrl":"https:\/\/secure.gravatar.com\/avatar\/9a87ee051ca8c77f5d4070843ce2c78cdf95b858b950fb039151de955122f5f5?s=96&d=mm&r=g","caption":"Gol&amp;Pop"},"sameAs":["http:\/\/golandpop.com"],"url":"https:\/\/golandpop.com\/index.php\/author\/admin\/"}]}},"_links":{"self":[{"href":"https:\/\/golandpop.com\/index.php\/wp-json\/wp\/v2\/posts\/24293","targetHints":{"allow":["GET"]}}],"collection":[{"href":"https:\/\/golandpop.com\/index.php\/wp-json\/wp\/v2\/posts"}],"about":[{"href":"https:\/\/golandpop.com\/index.php\/wp-json\/wp\/v2\/types\/post"}],"author":[{"embeddable":true,"href":"https:\/\/golandpop.com\/index.php\/wp-json\/wp\/v2\/users\/1"}],"replies":[{"embeddable":true,"href":"https:\/\/golandpop.com\/index.php\/wp-json\/wp\/v2\/comments?post=24293"}],"version-history":[{"count":41,"href":"https:\/\/golandpop.com\/index.php\/wp-json\/wp\/v2\/posts\/24293\/revisions"}],"predecessor-version":[{"id":24337,"href":"https:\/\/golandpop.com\/index.php\/wp-json\/wp\/v2\/posts\/24293\/revisions\/24337"}],"wp:featuredmedia":[{"embeddable":true,"href":"https:\/\/golandpop.com\/index.php\/wp-json\/wp\/v2\/media\/24317"}],"wp:attachment":[{"href":"https:\/\/golandpop.com\/index.php\/wp-json\/wp\/v2\/media?parent=24293"}],"wp:term":[{"taxonomy":"category","embeddable":true,"href":"https:\/\/golandpop.com\/index.php\/wp-json\/wp\/v2\/categories?post=24293"},{"taxonomy":"post_tag","embeddable":true,"href":"https:\/\/golandpop.com\/index.php\/wp-json\/wp\/v2\/tags?post=24293"}],"curies":[{"name":"wp","href":"https:\/\/api.w.org\/{rel}","templated":true}]}}