{"id":23215,"date":"2022-11-15T15:17:45","date_gmt":"2022-11-15T18:17:45","guid":{"rendered":"https:\/\/golandpop.com\/?p=23215"},"modified":"2022-11-15T15:26:47","modified_gmt":"2022-11-15T18:26:47","slug":"racing-de-cordoba-y-su-esplendida-campana-en-el-federal-a","status":"publish","type":"post","link":"https:\/\/golandpop.com\/index.php\/2022\/11\/15\/racing-de-cordoba-y-su-esplendida-campana-en-el-federal-a\/","title":{"rendered":"Racing de C\u00f3rdoba y su espl\u00e9ndida campa\u00f1a en el Federal A"},"content":{"rendered":"\n<p><em>Tras a\u00f1os de espera, la Academia cordobesa regresa al campeonato nacional luego de 17 a\u00f1os redondeando un a\u00f1o inolvidable.<\/em><\/p>\n\n\n\n<p>Este domingo, <strong><a href=\"https:\/\/golandpop.com\/index.php\/category\/racing\/\">Racing<\/a> se consagr\u00f3 campe\u00f3n del torneo Federal A<\/strong>, gan\u00e1ndole la final a Villa Mitre desde el punto de penal (5-4), luego de empatar 0 a 0 en los 90 minutos. Pero, detr\u00e1s de la obtenci\u00f3n de este t\u00edtulo, hay un esfuerzo inmenso.<\/p>\n\n\n\n<figure class=\"wp-block-embed-twitter aligncenter wp-block-embed is-type-rich is-provider-twitter\"><div class=\"wp-block-embed__wrapper\">\n<blockquote class=\"twitter-tweet\" data-width=\"550\" data-dnt=\"true\"><p lang=\"es\" dir=\"ltr\">\ud83d\udcf8\ud83c\udf93\ud83c\udfc6 \u00a1Postales de <a href=\"https:\/\/twitter.com\/hashtag\/RacingCBA?src=hash&amp;ref_src=twsrc%5Etfw\">#RacingCBA<\/a> campe\u00f3n del <a href=\"https:\/\/twitter.com\/hashtag\/FederalA?src=hash&amp;ref_src=twsrc%5Etfw\">#FederalA<\/a> y ascenso a la <a href=\"https:\/\/twitter.com\/hashtag\/PrimeraNacional?src=hash&amp;ref_src=twsrc%5Etfw\">#PrimeraNacional<\/a>!<br><br>\ud83d\udcf2 <a href=\"https:\/\/t.co\/ToTnpDU7l3\">https:\/\/t.co\/ToTnpDU7l3<\/a> <a href=\"https:\/\/t.co\/3Rn3HL7LGr\">pic.twitter.com\/3Rn3HL7LGr<\/a><\/p>&mdash; GOLANDPOP (@golandpop) <a href=\"https:\/\/twitter.com\/golandpop\/status\/1591928339228418050?ref_src=twsrc%5Etfw\">November 13, 2022<\/a><\/blockquote><script async src=\"https:\/\/platform.twitter.com\/widgets.js\" charset=\"utf-8\"><\/script>\n<\/div><\/figure>\n\n\n\n<p>Todo apuntaba a que el equipo de <a href=\"https:\/\/racingcba.com.ar\/bienvenido\/\">Nueva Italia<\/a> lograr\u00eda el tan ansiado ascenso el a\u00f1o pasado. A pesar de haber tenido una temporada muy superior respecto a sus rivales y todav\u00eda con el mandato de Hern\u00e1n Medina, se qued\u00f3 a un solo paso. En el Estadio Julio Humberto Grondona, disput\u00f3 la final ante Deportivo Madryn y cay\u00f3 derrotado por 1 a 0, con gol de Jeldres. De esta manera, fue un d\u00eda gris para la Docta ya que luego de 37 partidos la Academia no logr\u00f3 darle la alegr\u00eda m\u00e1xima a los hinchas.<\/p>\n\n\n\n<p>Un a\u00f1o despu\u00e9s, la excepci\u00f3n. Comenzar\u00edan con la renuncia del t\u00e9cnico Medina, quien logr\u00f3 recuperar la identidad del club ascendi\u00e9ndolo al torneo Regional y posteriormente al Federal A. Carlos Bossio fue quien se hizo cargo de la dirigencia y de poner en marcha el sue\u00f1o, la vuelta.<\/p>\n\n\n\n<p>Racing debut\u00f3 ante Atl\u00e9tico Paran\u00e1, gan\u00e1ndole notablemente por 2 a 0 en condici\u00f3n de local. En el segundo encuentro igual\u00f3 con Sportivo Las Parejas por 0 a 0 en Santa Fe y a partir de ah\u00ed, comenz\u00f3 una racha magn\u00edfica de los cordobeses. Contando estos dos cotejos, fueron veinte, si, <strong>VEINTE <\/strong>los partidos que el conjunto albiceleste estuvo invicto. En Misiones, perdi\u00f3 por primera vez en el torneo ante Crucero del Norte por 1 a 0, con gol de Campozano en el \u00faltimo minuto. Sin embargo, esta ca\u00edda se dej\u00f3 atr\u00e1s r\u00e1pidamente ya que los dirigidos por Bossio volvieron a tener una seguidilla de partidos registrando victorias con solo un empate en el medio (vs Boca Unidos). En el mes de septiembre, les toc\u00f3 viajar a Chaco para enfrentarse a Sarmiento en donde los de Nueva Italia no pudieron rescatar puntos (1 a 0 con gol de Franco Olego).<\/p>\n\n\n\n<p>En 32 encuentros disputados, registr\u00f3 19 victorias, 11 empates y solamente 2 derrotas, logrando un total de 68 puntos, a de 4 de su perseguidor. Con estos resultados, avanz\u00f3 a octavos de final del reducido directamente y su primer rival fue Sportivo Las Parejas. En un duelo sumamente disputado, la Academia logr\u00f3 imponerse por 2 a 0 con goles de Francisco Aman y Rodrigo Acosta, en el Estadio Miguel Sancho. Al finalizar puntero de su zona, obtuvo la ventaja deportiva la cual le permitir\u00eda al club cordob\u00e9s ser local en toda la instancia eliminatoria, a excepci\u00f3n de la final (campo neutral).<\/p>\n\n\n\n<p>Ya en cuartos, venci\u00f3 a Central Norte de Salta por 1 a 0 con un tanto de Rodrigo Acosta de cabeza en el \u00faltimo c\u00f3rner del partido. En el conjunto salte\u00f1o, Iv\u00e1n Ant\u00fanez fue expulsado. <\/p>\n\n\n\n<p>180 minutos separaban a Racing de volver a la Primera Nacional. En semifinales, volver\u00eda a verse las caras con Sarmiento de Resistencia, uno de los dos equipos que logr\u00f3 arrebatarle los tres puntos en su zona (el otro, Crucero del Norte). Sin problemas, lo vencer\u00eda por 2 a 0 con un doblete de Acosta quien llegaba intratable para el cotejo decisivo.<\/p>\n\n\n\n<p>Su rival, <a href=\"https:\/\/golandpop.com\/?s=Villa+Mitre\">Villa Mitre<\/a> de Bah\u00eda Blanca, lleg\u00f3 luego de eliminar a Sportivo Belgrano, San Mart\u00edn de Formosa y a nada mas ni nada menos que a su cl\u00e1sico rival, Olimpo, el puntero de la zona 2. Una final poco balanceada, donde los dos equipos tuvieron claras situaciones para abrir el marcador pero ninguno pudo hacerlo. <\/p>\n\n\n\n<p>Domingo 13 de noviembre, 16:50 en el Estadio La Pedrera, San Luis. Fue el d\u00eda, la hora y el lugar, donde la Academia lograr\u00eda el tan ansiado ascenso a la <a href=\"https:\/\/golandpop.com\/?s=Primera+Nacional\">Primera Nacional<\/a> luego de 17 a\u00f1os. Desde los doce pasos, &#8220;Cali&#8221; Rodr\u00edguez le detuvo el tercer penal a Juan Manuel Elordy y Emmanuel Gim\u00e9nez defini\u00f3 fuerte al medio para que en la segunda definici\u00f3n consecutiva por este torneo los cordobeses traigan el trofeo a la Docta y festejen con toda Nueva Italia este merecido reconocimiento; <strong>recuperar la identidad.<\/strong><\/p>\n\n\n\n<blockquote class=\"wp-block-quote is-layout-flow wp-block-quote-is-layout-flow\"><p>&#8220;Est\u00e1bamos tranquilos para los penales. Este equipo quer\u00eda ser campe\u00f3n de verdad&#8221;<\/p><p><\/p><\/blockquote>\n\n\n\n<figure class=\"wp-block-audio\"><audio controls src=\"https:\/\/golandpop.com\/wp-content\/uploads\/2022\/11\/WhatsApp-Ptt-2022-11-13-at-19.31.16.ogg\"><\/audio><figcaption>Rodrigo &#8216;Colo&#8217; Acosta en exclusiva para <a href=\"https:\/\/golandpop.com\/\">GOLANDPOP<\/a>.<\/figcaption><\/figure>\n\n\n\n<figure class=\"wp-block-embed-twitter wp-block-embed is-type-rich is-provider-twitter\"><div class=\"wp-block-embed__wrapper\">\n<blockquote class=\"twitter-tweet\" data-width=\"550\" data-dnt=\"true\"><p lang=\"es\" dir=\"ltr\">\ud83c\udf93\ud83c\udfc6 \u00a1Fiesta total en La Pedrera con la victoria y el ascenso de <a href=\"https:\/\/twitter.com\/hashtag\/RacingCBA?src=hash&amp;ref_src=twsrc%5Etfw\">#RacingCBA<\/a> a la <a href=\"https:\/\/twitter.com\/hashtag\/PrimeraNacional?src=hash&amp;ref_src=twsrc%5Etfw\">#PrimeraNacional<\/a>! <br><br>\ud83d\udcf2 <a href=\"https:\/\/t.co\/ToTnpDUFaB\">https:\/\/t.co\/ToTnpDUFaB<\/a> <a href=\"https:\/\/t.co\/sabfmKIvi8\">pic.twitter.com\/sabfmKIvi8<\/a><\/p>&mdash; GOLANDPOP (@golandpop) <a href=\"https:\/\/twitter.com\/golandpop\/status\/1591918644535365632?ref_src=twsrc%5Etfw\">November 13, 2022<\/a><\/blockquote><script async src=\"https:\/\/platform.twitter.com\/widgets.js\" charset=\"utf-8\"><\/script>\n<\/div><\/figure>\n\n\n\n<p><\/p>\n\n\n\n<p style=\"font-size:11px\">Fotograf\u00eda: Sof\u00eda Jaimez Bertazzo<br>Entrevista: Mario Ponticelli<\/p>\n","protected":false},"excerpt":{"rendered":"<p>Balance acad\u00e9mico <\/p>\n","protected":false},"author":1,"featured_media":23186,"comment_status":"open","ping_status":"open","sticky":false,"template":"","format":"standard","meta":{"footnotes":""},"categories":[777,778,39,291],"tags":[1646,675,950,226,391],"class_list":["post-23215","post","type-post","status-publish","format-standard","has-post-thumbnail","hentry","category-actualidad","category-entrevistas","category-futbol","category-racing","tag-colo-acosta","tag-federal-a","tag-portada","tag-primera-nacional","tag-racing-2"],"yoast_head":"<!-- This site is optimized with the Yoast SEO plugin v26.1.1 - https:\/\/yoast.com\/wordpress\/plugins\/seo\/ -->\n<title>Racing de C\u00f3rdoba y su espl\u00e9ndida campa\u00f1a en el Federal A - Golandpop<\/title>\n<meta name=\"robots\" content=\"index, follow, max-snippet:-1, max-image-preview:large, max-video-preview:-1\" \/>\n<link rel=\"canonical\" href=\"https:\/\/golandpop.com\/index.php\/2022\/11\/15\/racing-de-cordoba-y-su-esplendida-campana-en-el-federal-a\/\" \/>\n<meta property=\"og:locale\" content=\"es_ES\" \/>\n<meta property=\"og:type\" content=\"article\" \/>\n<meta property=\"og:title\" content=\"Racing de C\u00f3rdoba y su espl\u00e9ndida campa\u00f1a en el Federal A - Golandpop\" \/>\n<meta property=\"og:description\" content=\"Balance acad\u00e9mico\" \/>\n<meta property=\"og:url\" content=\"https:\/\/golandpop.com\/index.php\/2022\/11\/15\/racing-de-cordoba-y-su-esplendida-campana-en-el-federal-a\/\" \/>\n<meta property=\"og:site_name\" content=\"Golandpop\" \/>\n<meta property=\"article:published_time\" content=\"2022-11-15T18:17:45+00:00\" \/>\n<meta property=\"article:modified_time\" content=\"2022-11-15T18:26:47+00:00\" \/>\n<meta property=\"og:image\" content=\"https:\/\/golandpop.com\/wp-content\/uploads\/2022\/11\/DSC08886-scaled.jpg\" \/>\n\t<meta property=\"og:image:width\" content=\"2560\" \/>\n\t<meta property=\"og:image:height\" content=\"1707\" \/>\n\t<meta property=\"og:image:type\" content=\"image\/jpeg\" \/>\n<meta name=\"author\" content=\"Gol&amp;Pop\" \/>\n<meta name=\"twitter:card\" content=\"summary_large_image\" \/>\n<meta name=\"twitter:creator\" content=\"@golandpop\" \/>\n<meta name=\"twitter:site\" content=\"@golandpop\" \/>\n<meta name=\"twitter:label1\" content=\"Escrito por\" \/>\n\t<meta name=\"twitter:data1\" content=\"Gol&amp;Pop\" \/>\n\t<meta name=\"twitter:label2\" content=\"Tiempo de lectura\" \/>\n\t<meta name=\"twitter:data2\" content=\"4 minutos\" \/>\n<script type=\"application\/ld+json\" class=\"yoast-schema-graph\">{\"@context\":\"https:\/\/schema.org\",\"@graph\":[{\"@type\":\"Article\",\"@id\":\"https:\/\/golandpop.com\/index.php\/2022\/11\/15\/racing-de-cordoba-y-su-esplendida-campana-en-el-federal-a\/#article\",\"isPartOf\":{\"@id\":\"https:\/\/golandpop.com\/index.php\/2022\/11\/15\/racing-de-cordoba-y-su-esplendida-campana-en-el-federal-a\/\"},\"author\":{\"name\":\"Gol&amp;Pop\",\"@id\":\"https:\/\/golandpop.com\/#\/schema\/person\/2809725861e0da25eaffe2d9b29c9613\"},\"headline\":\"Racing de C\u00f3rdoba y su espl\u00e9ndida campa\u00f1a en el Federal A\",\"datePublished\":\"2022-11-15T18:17:45+00:00\",\"dateModified\":\"2022-11-15T18:26:47+00:00\",\"mainEntityOfPage\":{\"@id\":\"https:\/\/golandpop.com\/index.php\/2022\/11\/15\/racing-de-cordoba-y-su-esplendida-campana-en-el-federal-a\/\"},\"wordCount\":775,\"commentCount\":0,\"publisher\":{\"@id\":\"https:\/\/golandpop.com\/#organization\"},\"image\":{\"@id\":\"https:\/\/golandpop.com\/index.php\/2022\/11\/15\/racing-de-cordoba-y-su-esplendida-campana-en-el-federal-a\/#primaryimage\"},\"thumbnailUrl\":\"https:\/\/golandpop.com\/wp-content\/uploads\/2022\/11\/DSC08886-scaled.jpg\",\"keywords\":[\"Colo Acosta\",\"Federal A\",\"portada\",\"Primera Nacional\",\"Racing\"],\"articleSection\":[\"Actualidad\",\"Entrevistas\",\"F\u00fatbol\",\"Racing\"],\"inLanguage\":\"es-AR\"},{\"@type\":\"WebPage\",\"@id\":\"https:\/\/golandpop.com\/index.php\/2022\/11\/15\/racing-de-cordoba-y-su-esplendida-campana-en-el-federal-a\/\",\"url\":\"https:\/\/golandpop.com\/index.php\/2022\/11\/15\/racing-de-cordoba-y-su-esplendida-campana-en-el-federal-a\/\",\"name\":\"Racing de C\u00f3rdoba y su espl\u00e9ndida campa\u00f1a en el Federal A - Golandpop\",\"isPartOf\":{\"@id\":\"https:\/\/golandpop.com\/#website\"},\"primaryImageOfPage\":{\"@id\":\"https:\/\/golandpop.com\/index.php\/2022\/11\/15\/racing-de-cordoba-y-su-esplendida-campana-en-el-federal-a\/#primaryimage\"},\"image\":{\"@id\":\"https:\/\/golandpop.com\/index.php\/2022\/11\/15\/racing-de-cordoba-y-su-esplendida-campana-en-el-federal-a\/#primaryimage\"},\"thumbnailUrl\":\"https:\/\/golandpop.com\/wp-content\/uploads\/2022\/11\/DSC08886-scaled.jpg\",\"datePublished\":\"2022-11-15T18:17:45+00:00\",\"dateModified\":\"2022-11-15T18:26:47+00:00\",\"breadcrumb\":{\"@id\":\"https:\/\/golandpop.com\/index.php\/2022\/11\/15\/racing-de-cordoba-y-su-esplendida-campana-en-el-federal-a\/#breadcrumb\"},\"inLanguage\":\"es-AR\",\"potentialAction\":[{\"@type\":\"ReadAction\",\"target\":[\"https:\/\/golandpop.com\/index.php\/2022\/11\/15\/racing-de-cordoba-y-su-esplendida-campana-en-el-federal-a\/\"]}]},{\"@type\":\"ImageObject\",\"inLanguage\":\"es-AR\",\"@id\":\"https:\/\/golandpop.com\/index.php\/2022\/11\/15\/racing-de-cordoba-y-su-esplendida-campana-en-el-federal-a\/#primaryimage\",\"url\":\"https:\/\/golandpop.com\/wp-content\/uploads\/2022\/11\/DSC08886-scaled.jpg\",\"contentUrl\":\"https:\/\/golandpop.com\/wp-content\/uploads\/2022\/11\/DSC08886-scaled.jpg\",\"width\":2560,\"height\":1707},{\"@type\":\"BreadcrumbList\",\"@id\":\"https:\/\/golandpop.com\/index.php\/2022\/11\/15\/racing-de-cordoba-y-su-esplendida-campana-en-el-federal-a\/#breadcrumb\",\"itemListElement\":[{\"@type\":\"ListItem\",\"position\":1,\"name\":\"Inicio\",\"item\":\"https:\/\/golandpop.com\/\"},{\"@type\":\"ListItem\",\"position\":2,\"name\":\"Racing de C\u00f3rdoba y su espl\u00e9ndida campa\u00f1a en el Federal A\"}]},{\"@type\":\"WebSite\",\"@id\":\"https:\/\/golandpop.com\/#website\",\"url\":\"https:\/\/golandpop.com\/\",\"name\":\"Golandpop\",\"description\":\"\",\"publisher\":{\"@id\":\"https:\/\/golandpop.com\/#organization\"},\"potentialAction\":[{\"@type\":\"SearchAction\",\"target\":{\"@type\":\"EntryPoint\",\"urlTemplate\":\"https:\/\/golandpop.com\/?s={search_term_string}\"},\"query-input\":{\"@type\":\"PropertyValueSpecification\",\"valueRequired\":true,\"valueName\":\"search_term_string\"}}],\"inLanguage\":\"es-AR\"},{\"@type\":\"Organization\",\"@id\":\"https:\/\/golandpop.com\/#organization\",\"name\":\"GolandPop\",\"url\":\"https:\/\/golandpop.com\/\",\"logo\":{\"@type\":\"ImageObject\",\"inLanguage\":\"es-AR\",\"@id\":\"https:\/\/golandpop.com\/#\/schema\/logo\/image\/\",\"url\":\"https:\/\/golandpop.com\/wp-content\/uploads\/2020\/04\/favicon_gol_pop.png\",\"contentUrl\":\"https:\/\/golandpop.com\/wp-content\/uploads\/2020\/04\/favicon_gol_pop.png\",\"width\":246,\"height\":246,\"caption\":\"GolandPop\"},\"image\":{\"@id\":\"https:\/\/golandpop.com\/#\/schema\/logo\/image\/\"},\"sameAs\":[\"https:\/\/x.com\/golandpop\",\"https:\/\/www.instagram.com\/golandpopcordoba\/\"]},{\"@type\":\"Person\",\"@id\":\"https:\/\/golandpop.com\/#\/schema\/person\/2809725861e0da25eaffe2d9b29c9613\",\"name\":\"Gol&amp;Pop\",\"image\":{\"@type\":\"ImageObject\",\"inLanguage\":\"es-AR\",\"@id\":\"https:\/\/golandpop.com\/#\/schema\/person\/image\/\",\"url\":\"https:\/\/secure.gravatar.com\/avatar\/9a87ee051ca8c77f5d4070843ce2c78cdf95b858b950fb039151de955122f5f5?s=96&d=mm&r=g\",\"contentUrl\":\"https:\/\/secure.gravatar.com\/avatar\/9a87ee051ca8c77f5d4070843ce2c78cdf95b858b950fb039151de955122f5f5?s=96&d=mm&r=g\",\"caption\":\"Gol&amp;Pop\"},\"sameAs\":[\"http:\/\/golandpop.com\"],\"url\":\"https:\/\/golandpop.com\/index.php\/author\/admin\/\"}]}<\/script>\n<!-- \/ Yoast SEO plugin. -->","yoast_head_json":{"title":"Racing de C\u00f3rdoba y su espl\u00e9ndida campa\u00f1a en el Federal A - Golandpop","robots":{"index":"index","follow":"follow","max-snippet":"max-snippet:-1","max-image-preview":"max-image-preview:large","max-video-preview":"max-video-preview:-1"},"canonical":"https:\/\/golandpop.com\/index.php\/2022\/11\/15\/racing-de-cordoba-y-su-esplendida-campana-en-el-federal-a\/","og_locale":"es_ES","og_type":"article","og_title":"Racing de C\u00f3rdoba y su espl\u00e9ndida campa\u00f1a en el Federal A - Golandpop","og_description":"Balance acad\u00e9mico","og_url":"https:\/\/golandpop.com\/index.php\/2022\/11\/15\/racing-de-cordoba-y-su-esplendida-campana-en-el-federal-a\/","og_site_name":"Golandpop","article_published_time":"2022-11-15T18:17:45+00:00","article_modified_time":"2022-11-15T18:26:47+00:00","og_image":[{"width":2560,"height":1707,"url":"https:\/\/golandpop.com\/wp-content\/uploads\/2022\/11\/DSC08886-scaled.jpg","type":"image\/jpeg"}],"author":"Gol&amp;Pop","twitter_card":"summary_large_image","twitter_creator":"@golandpop","twitter_site":"@golandpop","twitter_misc":{"Escrito por":"Gol&amp;Pop","Tiempo de lectura":"4 minutos"},"schema":{"@context":"https:\/\/schema.org","@graph":[{"@type":"Article","@id":"https:\/\/golandpop.com\/index.php\/2022\/11\/15\/racing-de-cordoba-y-su-esplendida-campana-en-el-federal-a\/#article","isPartOf":{"@id":"https:\/\/golandpop.com\/index.php\/2022\/11\/15\/racing-de-cordoba-y-su-esplendida-campana-en-el-federal-a\/"},"author":{"name":"Gol&amp;Pop","@id":"https:\/\/golandpop.com\/#\/schema\/person\/2809725861e0da25eaffe2d9b29c9613"},"headline":"Racing de C\u00f3rdoba y su espl\u00e9ndida campa\u00f1a en el Federal A","datePublished":"2022-11-15T18:17:45+00:00","dateModified":"2022-11-15T18:26:47+00:00","mainEntityOfPage":{"@id":"https:\/\/golandpop.com\/index.php\/2022\/11\/15\/racing-de-cordoba-y-su-esplendida-campana-en-el-federal-a\/"},"wordCount":775,"commentCount":0,"publisher":{"@id":"https:\/\/golandpop.com\/#organization"},"image":{"@id":"https:\/\/golandpop.com\/index.php\/2022\/11\/15\/racing-de-cordoba-y-su-esplendida-campana-en-el-federal-a\/#primaryimage"},"thumbnailUrl":"https:\/\/golandpop.com\/wp-content\/uploads\/2022\/11\/DSC08886-scaled.jpg","keywords":["Colo Acosta","Federal A","portada","Primera Nacional","Racing"],"articleSection":["Actualidad","Entrevistas","F\u00fatbol","Racing"],"inLanguage":"es-AR"},{"@type":"WebPage","@id":"https:\/\/golandpop.com\/index.php\/2022\/11\/15\/racing-de-cordoba-y-su-esplendida-campana-en-el-federal-a\/","url":"https:\/\/golandpop.com\/index.php\/2022\/11\/15\/racing-de-cordoba-y-su-esplendida-campana-en-el-federal-a\/","name":"Racing de C\u00f3rdoba y su espl\u00e9ndida campa\u00f1a en el Federal A - Golandpop","isPartOf":{"@id":"https:\/\/golandpop.com\/#website"},"primaryImageOfPage":{"@id":"https:\/\/golandpop.com\/index.php\/2022\/11\/15\/racing-de-cordoba-y-su-esplendida-campana-en-el-federal-a\/#primaryimage"},"image":{"@id":"https:\/\/golandpop.com\/index.php\/2022\/11\/15\/racing-de-cordoba-y-su-esplendida-campana-en-el-federal-a\/#primaryimage"},"thumbnailUrl":"https:\/\/golandpop.com\/wp-content\/uploads\/2022\/11\/DSC08886-scaled.jpg","datePublished":"2022-11-15T18:17:45+00:00","dateModified":"2022-11-15T18:26:47+00:00","breadcrumb":{"@id":"https:\/\/golandpop.com\/index.php\/2022\/11\/15\/racing-de-cordoba-y-su-esplendida-campana-en-el-federal-a\/#breadcrumb"},"inLanguage":"es-AR","potentialAction":[{"@type":"ReadAction","target":["https:\/\/golandpop.com\/index.php\/2022\/11\/15\/racing-de-cordoba-y-su-esplendida-campana-en-el-federal-a\/"]}]},{"@type":"ImageObject","inLanguage":"es-AR","@id":"https:\/\/golandpop.com\/index.php\/2022\/11\/15\/racing-de-cordoba-y-su-esplendida-campana-en-el-federal-a\/#primaryimage","url":"https:\/\/golandpop.com\/wp-content\/uploads\/2022\/11\/DSC08886-scaled.jpg","contentUrl":"https:\/\/golandpop.com\/wp-content\/uploads\/2022\/11\/DSC08886-scaled.jpg","width":2560,"height":1707},{"@type":"BreadcrumbList","@id":"https:\/\/golandpop.com\/index.php\/2022\/11\/15\/racing-de-cordoba-y-su-esplendida-campana-en-el-federal-a\/#breadcrumb","itemListElement":[{"@type":"ListItem","position":1,"name":"Inicio","item":"https:\/\/golandpop.com\/"},{"@type":"ListItem","position":2,"name":"Racing de C\u00f3rdoba y su espl\u00e9ndida campa\u00f1a en el Federal A"}]},{"@type":"WebSite","@id":"https:\/\/golandpop.com\/#website","url":"https:\/\/golandpop.com\/","name":"Golandpop","description":"","publisher":{"@id":"https:\/\/golandpop.com\/#organization"},"potentialAction":[{"@type":"SearchAction","target":{"@type":"EntryPoint","urlTemplate":"https:\/\/golandpop.com\/?s={search_term_string}"},"query-input":{"@type":"PropertyValueSpecification","valueRequired":true,"valueName":"search_term_string"}}],"inLanguage":"es-AR"},{"@type":"Organization","@id":"https:\/\/golandpop.com\/#organization","name":"GolandPop","url":"https:\/\/golandpop.com\/","logo":{"@type":"ImageObject","inLanguage":"es-AR","@id":"https:\/\/golandpop.com\/#\/schema\/logo\/image\/","url":"https:\/\/golandpop.com\/wp-content\/uploads\/2020\/04\/favicon_gol_pop.png","contentUrl":"https:\/\/golandpop.com\/wp-content\/uploads\/2020\/04\/favicon_gol_pop.png","width":246,"height":246,"caption":"GolandPop"},"image":{"@id":"https:\/\/golandpop.com\/#\/schema\/logo\/image\/"},"sameAs":["https:\/\/x.com\/golandpop","https:\/\/www.instagram.com\/golandpopcordoba\/"]},{"@type":"Person","@id":"https:\/\/golandpop.com\/#\/schema\/person\/2809725861e0da25eaffe2d9b29c9613","name":"Gol&amp;Pop","image":{"@type":"ImageObject","inLanguage":"es-AR","@id":"https:\/\/golandpop.com\/#\/schema\/person\/image\/","url":"https:\/\/secure.gravatar.com\/avatar\/9a87ee051ca8c77f5d4070843ce2c78cdf95b858b950fb039151de955122f5f5?s=96&d=mm&r=g","contentUrl":"https:\/\/secure.gravatar.com\/avatar\/9a87ee051ca8c77f5d4070843ce2c78cdf95b858b950fb039151de955122f5f5?s=96&d=mm&r=g","caption":"Gol&amp;Pop"},"sameAs":["http:\/\/golandpop.com"],"url":"https:\/\/golandpop.com\/index.php\/author\/admin\/"}]}},"_links":{"self":[{"href":"https:\/\/golandpop.com\/index.php\/wp-json\/wp\/v2\/posts\/23215","targetHints":{"allow":["GET"]}}],"collection":[{"href":"https:\/\/golandpop.com\/index.php\/wp-json\/wp\/v2\/posts"}],"about":[{"href":"https:\/\/golandpop.com\/index.php\/wp-json\/wp\/v2\/types\/post"}],"author":[{"embeddable":true,"href":"https:\/\/golandpop.com\/index.php\/wp-json\/wp\/v2\/users\/1"}],"replies":[{"embeddable":true,"href":"https:\/\/golandpop.com\/index.php\/wp-json\/wp\/v2\/comments?post=23215"}],"version-history":[{"count":48,"href":"https:\/\/golandpop.com\/index.php\/wp-json\/wp\/v2\/posts\/23215\/revisions"}],"predecessor-version":[{"id":23301,"href":"https:\/\/golandpop.com\/index.php\/wp-json\/wp\/v2\/posts\/23215\/revisions\/23301"}],"wp:featuredmedia":[{"embeddable":true,"href":"https:\/\/golandpop.com\/index.php\/wp-json\/wp\/v2\/media\/23186"}],"wp:attachment":[{"href":"https:\/\/golandpop.com\/index.php\/wp-json\/wp\/v2\/media?parent=23215"}],"wp:term":[{"taxonomy":"category","embeddable":true,"href":"https:\/\/golandpop.com\/index.php\/wp-json\/wp\/v2\/categories?post=23215"},{"taxonomy":"post_tag","embeddable":true,"href":"https:\/\/golandpop.com\/index.php\/wp-json\/wp\/v2\/tags?post=23215"}],"curies":[{"name":"wp","href":"https:\/\/api.w.org\/{rel}","templated":true}]}}