{"id":22396,"date":"2022-10-14T11:11:32","date_gmt":"2022-10-14T14:11:32","guid":{"rendered":"https:\/\/golandpop.com\/?p=22396"},"modified":"2022-10-14T11:11:35","modified_gmt":"2022-10-14T14:11:35","slug":"el-dia-que-odiamos-a-luis-islas","status":"publish","type":"post","link":"https:\/\/golandpop.com\/index.php\/2022\/10\/14\/el-dia-que-odiamos-a-luis-islas\/","title":{"rendered":"El d\u00eda que odiamos a Luis Islas"},"content":{"rendered":"\n<p><em>\u00bfPor qu\u00e9 ponerse el traje de aguafiestas?<\/em><\/p>\n\n\n\n<p>El 10 de octubre de 1993 no es un d\u00eda m\u00e1s en la historia del futbol argentino. Ese d\u00eda pasaron muchas cosas y se lo recuerda por una sola cosa: el regreso de <a href=\"https:\/\/golandpop.com\/?s=maradona\">Diego Armando Maradona<\/a> al f\u00fatbol criollo. Atr\u00e1s quedaba su tortuoso paso por Barcelona, la idolatr\u00eda santificada en N\u00e1poles, el pase de factura, doping mediante, del futbol italiano y su expedici\u00f3n sevillana. Diego volv\u00eda a su tierra y no volv\u00eda a cualquier suelo, decid\u00eda pisar un lugar donde la grieta existe desde siempre y hasta dir\u00eda que all\u00ed se invent\u00f3: la ciudad de Rosario. El guerrero, el \u00eddolo, el rebelde pisaba Rosario y para ponerse la roja y negra. Algunos dicen que ese d\u00eda Newell\u2019s se quitaba el mote de \u201cingles\u201d para ser mas nacional y popular que nunca, y que, en cuestiones de rebeldes, Central tendr\u00eda al Che y la lepra a Maradona. La cuesti\u00f3n es que Diego, esa tarde de 1993 se pon\u00eda la 10 de Newell\u2019s oficialmente por primera vez. Unos d\u00edas antes, en el Parque Independencia, lo hab\u00eda hecho en un amistoso con gol incluido. Pero esa tarde en Avellaneda y ante Independiente, el f\u00fatbol nos ten\u00eda guardado una de las historias m\u00e1s inexplicables de todos los tiempos. En realidad, los hinchas no lo entendemos, porque nos gana la pasi\u00f3n por sobre la raz\u00f3n y sobretodo, por sobre la obligaci\u00f3n.<\/p>\n\n\n\n<p>Esa tarde cuentan los leprosos que se dio un \u00e9xodo de 40 mil hinchas hacia Avellaneda, siendo la mayor movilizaci\u00f3n de gente desde el interior hacia la provincia de Buenos Aires. No s\u00e9 si ser\u00e1 cierto. Con mis 15 a\u00f1os, dif\u00edcilmente pudiera haber hecho un trabajo period\u00edstico para confirmarlo o desmentirlo, pero estoy seguro que en esa fecha todos \u00e9ramos hinchas de Newell\u2019s. Bueno, casi todos. Los hinchas de Rosario Central no estaban invitados a la fiesta y lo que es peor, no quer\u00edan ser parte de ella. Miles de canayas (si con Y) ese d\u00eda perdieron un \u00eddolo al que no le reconoc\u00edan otra camiseta que la celeste y blanca. Pero esos d\u00edas de octubre de 1993, quedaron hu\u00e9rfanos de Maradona hasta el punto de ignorar aquella tarde del 86 donde Diego nos hizo felices a todos. Es m\u00e1s, el gran Roberto Fontanarrosa creador de la palabra \u201ccanaya\u201d porque ning\u00fan hincha de Central pod\u00eda ser un \u201ccanalla\u201d en todo el sentido de la palabra, contar\u00eda despu\u00e9s que el peor d\u00eda de su vida fue \u201ccuando Maradona firm\u00f3 en \u00d1uls\u201d. La cuesti\u00f3n que el resto del mundo estaba en Avellaneda aquella tarde. Dicen que hasta un peque\u00f1o Lionel Messi. Cuando Lamolina dio el pitazo inicial, Diego Armando Maradona hab\u00eda vuelto al futbol argentino.<\/p>\n\n\n\n<p>Diego jug\u00f3 en la Lepra un pu\u00f1ado de partidos oficiales que nos alcanzan los dedos de una mano para contarlos. No pudo ganar ninguno. En ese peque\u00f1o traj\u00edn tuvo tres t\u00e9cnicos, Solari, Puppo y Castelli. Pas\u00f3 por C\u00f3rdoba para enfrentar a Belgrano, jug\u00f3 en la Bombonera en d\u00eda del debut de Cesar Luis Menotti en Boca y en los dos partidos que fue reemplazado, ingres\u00f3 un tal Diego H\u00e9ctor Garay que a\u00f1os despu\u00e9s llenar\u00eda de f\u00fatbol mis ojos descre\u00eddos y mi coraz\u00f3n vac\u00edo. Todo fue vertiginoso, todo fue tan maradoniano que termin\u00f3 en un desgarro para no volver a ponerse la roja y negra oficialmente nunca m\u00e1s. Pero aquella tarde, en la vieja Doble Visera, pas\u00f3 algo que nos marc\u00f3 para siempre. El rojo gano 3 a 1 con un triplete de Alfaro Moreno y Newell\u00b4s descont\u00f3 con un gol de Morales Santos tras asistencia de Maradona. Los cuatro costados ovacionaron al Rey, aun cuando se descre\u00eda de que el p\u00fablico de Independiente lo ovacionara, por la identificaci\u00f3n de Diego con Boca. Por suerte el hincha del Rojo fue todo lo l\u00f3gico que los hinchas no saben ser. Pero eso, no fue lo que marco aquella tarde, fue otra cosa.<\/p>\n\n\n\n<p>Es que Diego Maradona es Dios, es el Dios de la pelota y quiso regalarnos a todos los futboleros un regreso so\u00f1ado, como solo los dioses pueden hacerlo. En una pelota que andaba por el \u00e1rea y que no le quedar\u00eda para el perfil de su zurda prodigiosa, Diego ensay\u00f3 la \u201crabona de todos los tiempos\u201d para que el regreso sea el m\u00e1s \u00e9pico de la historia. Aun cierro los ojos y veo la pelota dentro del arco y me emociono hasta las l\u00e1grimas, con la simulaci\u00f3n m\u00e1s perfecta de lo que no fue. Es que un tal Luis Alberto Islas decidi\u00f3, vaya saber por qu\u00e9, convertirse en el anti h\u00e9roe, en villano. Se estir\u00f3 cuan largo es para taparle a Maradona aquella rabona y que el regreso no fuera tan perfecto, tan \u00e9pico. \u00a1cu\u00e1nta osad\u00eda! \u00bfPor qu\u00e9 carajo Islas hizo eso? \u00bfPor qu\u00e9 fue tan honesto en un mundo que no lo es? \u00bfCuantas veces exageramos una tos para no ir a trabajar o pusimos el term\u00f3metro en el foquito de luz para que la fiebre nos deje un d\u00eda sin ir a la escuela? Bueno, s\u00ed s\u00e9 que est\u00e1 mal, pero \u00bfno hay acaso tantas cosas mal en el mundo? \u00bfQu\u00e9 le costaba a Islas tirarse un segundo m\u00e1s tarde? \u00bfAlguien se imagina lo que hubiese sido aquella tarde si la pelota impulsada por la rabona de Maradona tocaba la red? Tanta alegr\u00eda merec\u00eda ser vivida, disfrutada, recordada por los siglos de los siglos. Luis Islas vino con el tiempo a jugar a mi Talleres y siempre lo mir\u00e9 de reojos, jam\u00e1s celebr\u00e9 una atajada suya. S\u00e9 que estoy equivocado, s\u00e9 que lo que hizo Islas fue lo correcto, que fue honesto y deber\u00eda ser aplaudido, pero mi coraz\u00f3n se acelera cuando lo ve y pide una explicaci\u00f3n que ya conozco, mientras se mezcla con las l\u00e1grimas de la desaz\u00f3n. Por suerte se\u00f1or Luis Alberto Islas, usted no me conoce y lo que yo sienta no le afecta, mejor que as\u00ed sea porque usted actu\u00f3 bien y el equivocado soy yo. Pero sepa Se\u00f1or Luis Alberto Islas que aquel 10 de octubre de 1993, yo lo odi\u00e9. Y no fui el \u00fanico\u2026.<\/p>\n","protected":false},"excerpt":{"rendered":"<p>Diego, la pelota y la lepra, coincidieron del mismo lado por primera vez el 10 de Octubre de 1993<\/p>\n","protected":false},"author":1,"featured_media":22401,"comment_status":"open","ping_status":"open","sticky":false,"template":"","format":"standard","meta":{"footnotes":""},"categories":[955,39],"tags":[954,172,1627,200,217,950],"class_list":["post-22396","post","type-post","status-publish","format-standard","has-post-thumbnail","hentry","category-a-destiempo","category-futbol","tag-a-destiempo","tag-independiente","tag-islas","tag-maradona","tag-newells","tag-portada"],"yoast_head":"<!-- This site is optimized with the Yoast SEO plugin v26.1.1 - https:\/\/yoast.com\/wordpress\/plugins\/seo\/ -->\n<title>El d\u00eda que odiamos a Luis Islas - Golandpop<\/title>\n<meta name=\"robots\" content=\"index, follow, max-snippet:-1, max-image-preview:large, max-video-preview:-1\" \/>\n<link rel=\"canonical\" href=\"https:\/\/golandpop.com\/index.php\/2022\/10\/14\/el-dia-que-odiamos-a-luis-islas\/\" \/>\n<meta property=\"og:locale\" content=\"es_ES\" \/>\n<meta property=\"og:type\" content=\"article\" \/>\n<meta property=\"og:title\" content=\"El d\u00eda que odiamos a Luis Islas - Golandpop\" \/>\n<meta property=\"og:description\" content=\"Diego, la pelota y la lepra, coincidieron del mismo lado por primera vez el 10 de Octubre de 1993\" \/>\n<meta property=\"og:url\" content=\"https:\/\/golandpop.com\/index.php\/2022\/10\/14\/el-dia-que-odiamos-a-luis-islas\/\" \/>\n<meta property=\"og:site_name\" content=\"Golandpop\" \/>\n<meta property=\"article:published_time\" content=\"2022-10-14T14:11:32+00:00\" \/>\n<meta property=\"article:modified_time\" content=\"2022-10-14T14:11:35+00:00\" \/>\n<meta property=\"og:image\" content=\"https:\/\/golandpop.com\/wp-content\/uploads\/2022\/10\/descarga.jpg\" \/>\n\t<meta property=\"og:image:width\" content=\"263\" \/>\n\t<meta property=\"og:image:height\" content=\"191\" \/>\n\t<meta property=\"og:image:type\" content=\"image\/jpeg\" \/>\n<meta name=\"author\" content=\"Gol&amp;Pop\" \/>\n<meta name=\"twitter:card\" content=\"summary_large_image\" \/>\n<meta name=\"twitter:creator\" content=\"@golandpop\" \/>\n<meta name=\"twitter:site\" content=\"@golandpop\" \/>\n<meta name=\"twitter:label1\" content=\"Escrito por\" \/>\n\t<meta name=\"twitter:data1\" content=\"Gol&amp;Pop\" \/>\n\t<meta name=\"twitter:label2\" content=\"Tiempo de lectura\" \/>\n\t<meta name=\"twitter:data2\" content=\"5 minutos\" \/>\n<script type=\"application\/ld+json\" class=\"yoast-schema-graph\">{\"@context\":\"https:\/\/schema.org\",\"@graph\":[{\"@type\":\"Article\",\"@id\":\"https:\/\/golandpop.com\/index.php\/2022\/10\/14\/el-dia-que-odiamos-a-luis-islas\/#article\",\"isPartOf\":{\"@id\":\"https:\/\/golandpop.com\/index.php\/2022\/10\/14\/el-dia-que-odiamos-a-luis-islas\/\"},\"author\":{\"name\":\"Gol&amp;Pop\",\"@id\":\"https:\/\/golandpop.com\/#\/schema\/person\/2809725861e0da25eaffe2d9b29c9613\"},\"headline\":\"El d\u00eda que odiamos a Luis Islas\",\"datePublished\":\"2022-10-14T14:11:32+00:00\",\"dateModified\":\"2022-10-14T14:11:35+00:00\",\"mainEntityOfPage\":{\"@id\":\"https:\/\/golandpop.com\/index.php\/2022\/10\/14\/el-dia-que-odiamos-a-luis-islas\/\"},\"wordCount\":1093,\"commentCount\":0,\"publisher\":{\"@id\":\"https:\/\/golandpop.com\/#organization\"},\"image\":{\"@id\":\"https:\/\/golandpop.com\/index.php\/2022\/10\/14\/el-dia-que-odiamos-a-luis-islas\/#primaryimage\"},\"thumbnailUrl\":\"https:\/\/golandpop.com\/wp-content\/uploads\/2022\/10\/descarga.jpg\",\"keywords\":[\"a destiempo\",\"Independiente\",\"islas\",\"Maradona\",\"Newell's\",\"portada\"],\"articleSection\":[\"A destiempo\",\"F\u00fatbol\"],\"inLanguage\":\"es-AR\"},{\"@type\":\"WebPage\",\"@id\":\"https:\/\/golandpop.com\/index.php\/2022\/10\/14\/el-dia-que-odiamos-a-luis-islas\/\",\"url\":\"https:\/\/golandpop.com\/index.php\/2022\/10\/14\/el-dia-que-odiamos-a-luis-islas\/\",\"name\":\"El d\u00eda que odiamos a Luis Islas - Golandpop\",\"isPartOf\":{\"@id\":\"https:\/\/golandpop.com\/#website\"},\"primaryImageOfPage\":{\"@id\":\"https:\/\/golandpop.com\/index.php\/2022\/10\/14\/el-dia-que-odiamos-a-luis-islas\/#primaryimage\"},\"image\":{\"@id\":\"https:\/\/golandpop.com\/index.php\/2022\/10\/14\/el-dia-que-odiamos-a-luis-islas\/#primaryimage\"},\"thumbnailUrl\":\"https:\/\/golandpop.com\/wp-content\/uploads\/2022\/10\/descarga.jpg\",\"datePublished\":\"2022-10-14T14:11:32+00:00\",\"dateModified\":\"2022-10-14T14:11:35+00:00\",\"breadcrumb\":{\"@id\":\"https:\/\/golandpop.com\/index.php\/2022\/10\/14\/el-dia-que-odiamos-a-luis-islas\/#breadcrumb\"},\"inLanguage\":\"es-AR\",\"potentialAction\":[{\"@type\":\"ReadAction\",\"target\":[\"https:\/\/golandpop.com\/index.php\/2022\/10\/14\/el-dia-que-odiamos-a-luis-islas\/\"]}]},{\"@type\":\"ImageObject\",\"inLanguage\":\"es-AR\",\"@id\":\"https:\/\/golandpop.com\/index.php\/2022\/10\/14\/el-dia-que-odiamos-a-luis-islas\/#primaryimage\",\"url\":\"https:\/\/golandpop.com\/wp-content\/uploads\/2022\/10\/descarga.jpg\",\"contentUrl\":\"https:\/\/golandpop.com\/wp-content\/uploads\/2022\/10\/descarga.jpg\",\"width\":263,\"height\":191},{\"@type\":\"BreadcrumbList\",\"@id\":\"https:\/\/golandpop.com\/index.php\/2022\/10\/14\/el-dia-que-odiamos-a-luis-islas\/#breadcrumb\",\"itemListElement\":[{\"@type\":\"ListItem\",\"position\":1,\"name\":\"Inicio\",\"item\":\"https:\/\/golandpop.com\/\"},{\"@type\":\"ListItem\",\"position\":2,\"name\":\"El d\u00eda que odiamos a Luis Islas\"}]},{\"@type\":\"WebSite\",\"@id\":\"https:\/\/golandpop.com\/#website\",\"url\":\"https:\/\/golandpop.com\/\",\"name\":\"Golandpop\",\"description\":\"\",\"publisher\":{\"@id\":\"https:\/\/golandpop.com\/#organization\"},\"potentialAction\":[{\"@type\":\"SearchAction\",\"target\":{\"@type\":\"EntryPoint\",\"urlTemplate\":\"https:\/\/golandpop.com\/?s={search_term_string}\"},\"query-input\":{\"@type\":\"PropertyValueSpecification\",\"valueRequired\":true,\"valueName\":\"search_term_string\"}}],\"inLanguage\":\"es-AR\"},{\"@type\":\"Organization\",\"@id\":\"https:\/\/golandpop.com\/#organization\",\"name\":\"GolandPop\",\"url\":\"https:\/\/golandpop.com\/\",\"logo\":{\"@type\":\"ImageObject\",\"inLanguage\":\"es-AR\",\"@id\":\"https:\/\/golandpop.com\/#\/schema\/logo\/image\/\",\"url\":\"https:\/\/golandpop.com\/wp-content\/uploads\/2020\/04\/favicon_gol_pop.png\",\"contentUrl\":\"https:\/\/golandpop.com\/wp-content\/uploads\/2020\/04\/favicon_gol_pop.png\",\"width\":246,\"height\":246,\"caption\":\"GolandPop\"},\"image\":{\"@id\":\"https:\/\/golandpop.com\/#\/schema\/logo\/image\/\"},\"sameAs\":[\"https:\/\/x.com\/golandpop\",\"https:\/\/www.instagram.com\/golandpopcordoba\/\"]},{\"@type\":\"Person\",\"@id\":\"https:\/\/golandpop.com\/#\/schema\/person\/2809725861e0da25eaffe2d9b29c9613\",\"name\":\"Gol&amp;Pop\",\"image\":{\"@type\":\"ImageObject\",\"inLanguage\":\"es-AR\",\"@id\":\"https:\/\/golandpop.com\/#\/schema\/person\/image\/\",\"url\":\"https:\/\/secure.gravatar.com\/avatar\/9a87ee051ca8c77f5d4070843ce2c78cdf95b858b950fb039151de955122f5f5?s=96&d=mm&r=g\",\"contentUrl\":\"https:\/\/secure.gravatar.com\/avatar\/9a87ee051ca8c77f5d4070843ce2c78cdf95b858b950fb039151de955122f5f5?s=96&d=mm&r=g\",\"caption\":\"Gol&amp;Pop\"},\"sameAs\":[\"http:\/\/golandpop.com\"],\"url\":\"https:\/\/golandpop.com\/index.php\/author\/admin\/\"}]}<\/script>\n<!-- \/ Yoast SEO plugin. -->","yoast_head_json":{"title":"El d\u00eda que odiamos a Luis Islas - Golandpop","robots":{"index":"index","follow":"follow","max-snippet":"max-snippet:-1","max-image-preview":"max-image-preview:large","max-video-preview":"max-video-preview:-1"},"canonical":"https:\/\/golandpop.com\/index.php\/2022\/10\/14\/el-dia-que-odiamos-a-luis-islas\/","og_locale":"es_ES","og_type":"article","og_title":"El d\u00eda que odiamos a Luis Islas - Golandpop","og_description":"Diego, la pelota y la lepra, coincidieron del mismo lado por primera vez el 10 de Octubre de 1993","og_url":"https:\/\/golandpop.com\/index.php\/2022\/10\/14\/el-dia-que-odiamos-a-luis-islas\/","og_site_name":"Golandpop","article_published_time":"2022-10-14T14:11:32+00:00","article_modified_time":"2022-10-14T14:11:35+00:00","og_image":[{"width":263,"height":191,"url":"https:\/\/golandpop.com\/wp-content\/uploads\/2022\/10\/descarga.jpg","type":"image\/jpeg"}],"author":"Gol&amp;Pop","twitter_card":"summary_large_image","twitter_creator":"@golandpop","twitter_site":"@golandpop","twitter_misc":{"Escrito por":"Gol&amp;Pop","Tiempo de lectura":"5 minutos"},"schema":{"@context":"https:\/\/schema.org","@graph":[{"@type":"Article","@id":"https:\/\/golandpop.com\/index.php\/2022\/10\/14\/el-dia-que-odiamos-a-luis-islas\/#article","isPartOf":{"@id":"https:\/\/golandpop.com\/index.php\/2022\/10\/14\/el-dia-que-odiamos-a-luis-islas\/"},"author":{"name":"Gol&amp;Pop","@id":"https:\/\/golandpop.com\/#\/schema\/person\/2809725861e0da25eaffe2d9b29c9613"},"headline":"El d\u00eda que odiamos a Luis Islas","datePublished":"2022-10-14T14:11:32+00:00","dateModified":"2022-10-14T14:11:35+00:00","mainEntityOfPage":{"@id":"https:\/\/golandpop.com\/index.php\/2022\/10\/14\/el-dia-que-odiamos-a-luis-islas\/"},"wordCount":1093,"commentCount":0,"publisher":{"@id":"https:\/\/golandpop.com\/#organization"},"image":{"@id":"https:\/\/golandpop.com\/index.php\/2022\/10\/14\/el-dia-que-odiamos-a-luis-islas\/#primaryimage"},"thumbnailUrl":"https:\/\/golandpop.com\/wp-content\/uploads\/2022\/10\/descarga.jpg","keywords":["a destiempo","Independiente","islas","Maradona","Newell's","portada"],"articleSection":["A destiempo","F\u00fatbol"],"inLanguage":"es-AR"},{"@type":"WebPage","@id":"https:\/\/golandpop.com\/index.php\/2022\/10\/14\/el-dia-que-odiamos-a-luis-islas\/","url":"https:\/\/golandpop.com\/index.php\/2022\/10\/14\/el-dia-que-odiamos-a-luis-islas\/","name":"El d\u00eda que odiamos a Luis Islas - Golandpop","isPartOf":{"@id":"https:\/\/golandpop.com\/#website"},"primaryImageOfPage":{"@id":"https:\/\/golandpop.com\/index.php\/2022\/10\/14\/el-dia-que-odiamos-a-luis-islas\/#primaryimage"},"image":{"@id":"https:\/\/golandpop.com\/index.php\/2022\/10\/14\/el-dia-que-odiamos-a-luis-islas\/#primaryimage"},"thumbnailUrl":"https:\/\/golandpop.com\/wp-content\/uploads\/2022\/10\/descarga.jpg","datePublished":"2022-10-14T14:11:32+00:00","dateModified":"2022-10-14T14:11:35+00:00","breadcrumb":{"@id":"https:\/\/golandpop.com\/index.php\/2022\/10\/14\/el-dia-que-odiamos-a-luis-islas\/#breadcrumb"},"inLanguage":"es-AR","potentialAction":[{"@type":"ReadAction","target":["https:\/\/golandpop.com\/index.php\/2022\/10\/14\/el-dia-que-odiamos-a-luis-islas\/"]}]},{"@type":"ImageObject","inLanguage":"es-AR","@id":"https:\/\/golandpop.com\/index.php\/2022\/10\/14\/el-dia-que-odiamos-a-luis-islas\/#primaryimage","url":"https:\/\/golandpop.com\/wp-content\/uploads\/2022\/10\/descarga.jpg","contentUrl":"https:\/\/golandpop.com\/wp-content\/uploads\/2022\/10\/descarga.jpg","width":263,"height":191},{"@type":"BreadcrumbList","@id":"https:\/\/golandpop.com\/index.php\/2022\/10\/14\/el-dia-que-odiamos-a-luis-islas\/#breadcrumb","itemListElement":[{"@type":"ListItem","position":1,"name":"Inicio","item":"https:\/\/golandpop.com\/"},{"@type":"ListItem","position":2,"name":"El d\u00eda que odiamos a Luis Islas"}]},{"@type":"WebSite","@id":"https:\/\/golandpop.com\/#website","url":"https:\/\/golandpop.com\/","name":"Golandpop","description":"","publisher":{"@id":"https:\/\/golandpop.com\/#organization"},"potentialAction":[{"@type":"SearchAction","target":{"@type":"EntryPoint","urlTemplate":"https:\/\/golandpop.com\/?s={search_term_string}"},"query-input":{"@type":"PropertyValueSpecification","valueRequired":true,"valueName":"search_term_string"}}],"inLanguage":"es-AR"},{"@type":"Organization","@id":"https:\/\/golandpop.com\/#organization","name":"GolandPop","url":"https:\/\/golandpop.com\/","logo":{"@type":"ImageObject","inLanguage":"es-AR","@id":"https:\/\/golandpop.com\/#\/schema\/logo\/image\/","url":"https:\/\/golandpop.com\/wp-content\/uploads\/2020\/04\/favicon_gol_pop.png","contentUrl":"https:\/\/golandpop.com\/wp-content\/uploads\/2020\/04\/favicon_gol_pop.png","width":246,"height":246,"caption":"GolandPop"},"image":{"@id":"https:\/\/golandpop.com\/#\/schema\/logo\/image\/"},"sameAs":["https:\/\/x.com\/golandpop","https:\/\/www.instagram.com\/golandpopcordoba\/"]},{"@type":"Person","@id":"https:\/\/golandpop.com\/#\/schema\/person\/2809725861e0da25eaffe2d9b29c9613","name":"Gol&amp;Pop","image":{"@type":"ImageObject","inLanguage":"es-AR","@id":"https:\/\/golandpop.com\/#\/schema\/person\/image\/","url":"https:\/\/secure.gravatar.com\/avatar\/9a87ee051ca8c77f5d4070843ce2c78cdf95b858b950fb039151de955122f5f5?s=96&d=mm&r=g","contentUrl":"https:\/\/secure.gravatar.com\/avatar\/9a87ee051ca8c77f5d4070843ce2c78cdf95b858b950fb039151de955122f5f5?s=96&d=mm&r=g","caption":"Gol&amp;Pop"},"sameAs":["http:\/\/golandpop.com"],"url":"https:\/\/golandpop.com\/index.php\/author\/admin\/"}]}},"_links":{"self":[{"href":"https:\/\/golandpop.com\/index.php\/wp-json\/wp\/v2\/posts\/22396","targetHints":{"allow":["GET"]}}],"collection":[{"href":"https:\/\/golandpop.com\/index.php\/wp-json\/wp\/v2\/posts"}],"about":[{"href":"https:\/\/golandpop.com\/index.php\/wp-json\/wp\/v2\/types\/post"}],"author":[{"embeddable":true,"href":"https:\/\/golandpop.com\/index.php\/wp-json\/wp\/v2\/users\/1"}],"replies":[{"embeddable":true,"href":"https:\/\/golandpop.com\/index.php\/wp-json\/wp\/v2\/comments?post=22396"}],"version-history":[{"count":2,"href":"https:\/\/golandpop.com\/index.php\/wp-json\/wp\/v2\/posts\/22396\/revisions"}],"predecessor-version":[{"id":22402,"href":"https:\/\/golandpop.com\/index.php\/wp-json\/wp\/v2\/posts\/22396\/revisions\/22402"}],"wp:featuredmedia":[{"embeddable":true,"href":"https:\/\/golandpop.com\/index.php\/wp-json\/wp\/v2\/media\/22401"}],"wp:attachment":[{"href":"https:\/\/golandpop.com\/index.php\/wp-json\/wp\/v2\/media?parent=22396"}],"wp:term":[{"taxonomy":"category","embeddable":true,"href":"https:\/\/golandpop.com\/index.php\/wp-json\/wp\/v2\/categories?post=22396"},{"taxonomy":"post_tag","embeddable":true,"href":"https:\/\/golandpop.com\/index.php\/wp-json\/wp\/v2\/tags?post=22396"}],"curies":[{"name":"wp","href":"https:\/\/api.w.org\/{rel}","templated":true}]}}