{"id":21997,"date":"2022-09-25T19:45:24","date_gmt":"2022-09-25T22:45:24","guid":{"rendered":"https:\/\/golandpop.com\/?p=21997"},"modified":"2022-09-25T19:46:20","modified_gmt":"2022-09-25T22:46:20","slug":"belgrano-es-de-primera","status":"publish","type":"post","link":"https:\/\/golandpop.com\/index.php\/2022\/09\/25\/belgrano-es-de-primera\/","title":{"rendered":"Belgrano es de primera"},"content":{"rendered":"\n<p><em>Tarde celeste en Alberdi, en C\u00f3rdoba y en todo el pa\u00eds, el a\u00f1o que viene el pirata jugar\u00e1 la <a href=\"https:\/\/www.ligaprofesional.ar\/\">Liga Profesional<\/a>. <\/em><\/p>\n\n\n\n<p>El Pirata rem\u00f3 desde abajo y lo dio vuelta, fue 3 a 2 ante Almirante Brown con goles de Vegetti -2 de penal- y Susvielles. Tuvieron que pasar 1.267 d\u00edas para que el barco llegara a buen puerto. Con el inicio de esta campa\u00f1a la br\u00fajula estaba bien equilibrada y el equipo remaba junto, hasta el gran objetivo, ascender. <\/p>\n\n\n\n<p>La alegr\u00eda desborda en San Nicol\u00e1s y llega a todas las calles de La Docta, Alberdi, la Costanera, El Olmos y cada rinc\u00f3n con acento cordob\u00e9s, se viste de celeste. Los cantos, las l\u00e1grimas, los abrazos y las sonrisas se hacen presente una vez m\u00e1s.<\/p>\n\n\n\n<figure class=\"wp-block-embed-twitter wp-block-embed is-type-rich is-provider-twitter\"><div class=\"wp-block-embed__wrapper\">\n<blockquote class=\"twitter-tweet\" data-width=\"550\" data-dnt=\"true\"><p lang=\"es\" dir=\"ltr\">\u26bd\ufe0f\u2620\ufe0f\ud83c\udff4\u200d\u2620\ufe0f\ud83d\udcac \u00a1EL GOLEADOR CUMPLI\u00d3 SU SUE\u00d1O! Un Pablo Vegetti muy emocionado y entre l\u00e1grimas dej\u00f3 su mensaje a coraz\u00f3n abierto tras el t\u00edtulo y el ascenso de <a href=\"https:\/\/twitter.com\/hashtag\/Belgrano?src=hash&amp;ref_src=twsrc%5Etfw\">#Belgrano<\/a>.<br><br>\ud83d\udcf2 <a href=\"https:\/\/t.co\/ToTnpDUFaB\">https:\/\/t.co\/ToTnpDUFaB<\/a> | <a href=\"https:\/\/twitter.com\/SintoniaPirata?ref_src=twsrc%5Etfw\">@SintoniaPirata<\/a> <a href=\"https:\/\/t.co\/0JpmuaMTyR\">pic.twitter.com\/0JpmuaMTyR<\/a><\/p>&mdash; GOLANDPOP (@golandpop) <a href=\"https:\/\/twitter.com\/golandpop\/status\/1574112111244234752?ref_src=twsrc%5Etfw\">September 25, 2022<\/a><\/blockquote><script async src=\"https:\/\/platform.twitter.com\/widgets.js\" charset=\"utf-8\"><\/script>\n<\/div><\/figure>\n\n\n\n<h4 class=\"wp-block-heading\"><strong>En este momento se rebobina la pel\u00edcula: <\/strong><\/h4>\n\n\n\n<p><strong>28 de julio de 1991<\/strong>, el primer arribo a la m\u00e1xima categor\u00eda. En un Chateau Carreras colmado cerr\u00f3  4 a 0 ante Banfield. \u00bfLos Goles? Alonso por dos, Herrera y Monserrat. Un Banfield que hab\u00eda sido el rival de la espina, ya que le hab\u00eda ganado la final del reducido del Nacional B en 1987.\u00a0<\/p>\n\n\n\n<p><strong>19 de julio de 1998<\/strong>, el equipo de <a href=\"https:\/\/golandpop.com\/index.php\/category\/futbol\/belgrano\/\">Belgrano<\/a> a cargo de Ricardo Rezza lleg\u00f3 a la definici\u00f3n por el ascenso contra Aldosivi. La ida fue empate, como hab\u00eda sido en el 91 ante Banfield. La vuelta lleg\u00f3 con alegr\u00eda en casa. Los de Carnero, Leo Torres y Luis Ernesto Sosa dieron la victoria pirata,\u00a0con un 3 a 1. Luis Fabian Artime, actual presidente del club, se luci\u00f3 en sus filas y le dio el segundo ascenso al club. <\/p>\n\n\n\n<p><strong>04 de junio de 2006<\/strong>, esta vez Bah\u00eda Blanca vio llegar a una marea celeste para robarles el cupo en la m\u00e1xima categor\u00eda. Los goles fueron convertidos por\u00a0Paolo Frangipane y Mat\u00edas Gigli, quienes hab\u00edan marcado tambi\u00e9n en el partido de ida que tuvo el mismo resultado 2 a 1 ante Olimpo. <\/p>\n\n\n\n<p>En el torneo Apertura 2005, la campa\u00f1a no fue buena y <a href=\"https:\/\/www.belgranocordoba.com\/\">Belgrano<\/a> termin\u00f3 en el s\u00e9ptimo lugar a 13 puntos del campe\u00f3n, Godoy Cruz. \u00a0El Clausura  parec\u00eda ser una historia similar, el equipo no lograba la regularidad. As\u00ed los rivales punteros comparaban la &#8220;Ferrari&#8221; con el &#8220;Fitito&#8221; de Belgrano, que termin\u00f3 por tunearse de  campe\u00f3n al poco tiempo.<\/p>\n\n\n\n<p><strong>26 de junio de 2011<\/strong>, uno de los ascensos mas recordados e importantes de la historia de Belgrano. No solo porque el Pirata pele\u00f3 por volver a ser uno de los grandes del interior, sino porque baj\u00f3 a River en una historia de alegr\u00edas y tristezas. En ese equipo se destacaba un tal Guillermo Farr\u00e9, hoy t\u00e9cnico de Belgrano, quien abre la lista estad\u00edstica de ser jugador y t\u00e9cnico campe\u00f3n. <\/p>\n\n\n\n<p>En el Gigante de Alberdi se jug\u00f3 la ida y Belgrano triunf\u00f3 por 2 a 0 con tantos de los C\u00e9sar: Mansanelli y Pereyra.\u00a0La vuelta fue monumental, el Millonario ganaba\u00a01 a 0\u00a0con la firma de\u00a0Mariano Pavone. Pero, en el complemento,\u00a0Guillermo Farr\u00e9 igual\u00f3 el encuentro. Luego vino el \u00e9pico penal que ataj\u00f3 Juan Carlos Olave a Pavone y se cerr\u00f3 as\u00ed el encuentro. <\/p>\n\n\n\n<p><strong>25 de septiembre de 2022<\/strong>, la historia se sigue escribiendo y Belgrano vuelve a primera. En un partido ag\u00f3nico el equipo celeste se puso en marcha para ganarlo y se lo qued\u00f3. Los hinchas sufrieron hasta la \u00faltima pelota, literal, el partido cerr\u00f3 con un tiro libre para el local, que fue bien defendido hasta que son\u00f3 el silbato. As\u00ed  siendo puntero desde la primera fecha y antes de terminar el torneo, Belgrano vuelve a Primera. <\/p>\n\n\n\n<figure class=\"wp-block-embed-twitter wp-block-embed is-type-rich is-provider-twitter\"><div class=\"wp-block-embed__wrapper\">\n<blockquote class=\"twitter-tweet\" data-width=\"550\" data-dnt=\"true\"><p lang=\"es\" dir=\"ltr\">\u2620\ufe0f\ud83c\udff4\u200d\u2620\ufe0f\ud83d\udcac \u00a1ESTO NO ES PARA CAGONES! Luifa Artime con un mensaje contundente tras el t\u00edtulo y el ascenso de <a href=\"https:\/\/twitter.com\/hashtag\/Belgrano?src=hash&amp;ref_src=twsrc%5Etfw\">#Belgrano<\/a>, cumpliendo la promesa de volver a Primera Divisi\u00f3n.<br><br>\ud83d\udcf2 <a href=\"https:\/\/t.co\/ToTnpDU7l3\">https:\/\/t.co\/ToTnpDU7l3<\/a> | <a href=\"https:\/\/twitter.com\/SintoniaPirata?ref_src=twsrc%5Etfw\">@SintoniaPirata<\/a> <a href=\"https:\/\/t.co\/M3LNnrIhAk\">pic.twitter.com\/M3LNnrIhAk<\/a><\/p>&mdash; GOLANDPOP (@golandpop) <a href=\"https:\/\/twitter.com\/golandpop\/status\/1574117299933646857?ref_src=twsrc%5Etfw\">September 25, 2022<\/a><\/blockquote><script async src=\"https:\/\/platform.twitter.com\/widgets.js\" charset=\"utf-8\"><\/script>\n<\/div><\/figure>\n","protected":false},"excerpt":{"rendered":"<p>Alberdi est\u00e1 de fiesta <\/p>\n","protected":false},"author":1,"featured_media":22005,"comment_status":"open","ping_status":"open","sticky":false,"template":"","format":"standard","meta":{"footnotes":""},"categories":[777,33,39],"tags":[97,956,383,950,226],"class_list":["post-21997","post","type-post","status-publish","format-standard","has-post-thumbnail","hentry","category-actualidad","category-belgrano","category-futbol","tag-belgrano","tag-futbol-4","tag-liga-profesional","tag-portada","tag-primera-nacional"],"yoast_head":"<!-- This site is optimized with the Yoast SEO plugin v26.1.1 - https:\/\/yoast.com\/wordpress\/plugins\/seo\/ -->\n<title>Belgrano es de primera - Golandpop<\/title>\n<meta name=\"robots\" content=\"index, follow, max-snippet:-1, max-image-preview:large, max-video-preview:-1\" \/>\n<link rel=\"canonical\" href=\"https:\/\/golandpop.com\/index.php\/2022\/09\/25\/belgrano-es-de-primera\/\" \/>\n<meta property=\"og:locale\" content=\"es_ES\" \/>\n<meta property=\"og:type\" content=\"article\" \/>\n<meta property=\"og:title\" content=\"Belgrano es de primera - Golandpop\" \/>\n<meta property=\"og:description\" content=\"Alberdi est\u00e1 de fiesta\" \/>\n<meta property=\"og:url\" content=\"https:\/\/golandpop.com\/index.php\/2022\/09\/25\/belgrano-es-de-primera\/\" \/>\n<meta property=\"og:site_name\" content=\"Golandpop\" \/>\n<meta property=\"article:published_time\" content=\"2022-09-25T22:45:24+00:00\" \/>\n<meta property=\"article:modified_time\" content=\"2022-09-25T22:46:20+00:00\" \/>\n<meta property=\"og:image\" content=\"https:\/\/golandpop.com\/wp-content\/uploads\/2022\/09\/FdhtIOJX0AI2eFX-scaled.jpg\" \/>\n\t<meta property=\"og:image:width\" content=\"2560\" \/>\n\t<meta property=\"og:image:height\" content=\"1707\" \/>\n\t<meta property=\"og:image:type\" content=\"image\/jpeg\" \/>\n<meta name=\"author\" content=\"Gol&amp;Pop\" \/>\n<meta name=\"twitter:card\" content=\"summary_large_image\" \/>\n<meta name=\"twitter:creator\" content=\"@golandpop\" \/>\n<meta name=\"twitter:site\" content=\"@golandpop\" \/>\n<meta name=\"twitter:label1\" content=\"Escrito por\" \/>\n\t<meta name=\"twitter:data1\" content=\"Gol&amp;Pop\" \/>\n\t<meta name=\"twitter:label2\" content=\"Tiempo de lectura\" \/>\n\t<meta name=\"twitter:data2\" content=\"3 minutos\" \/>\n<script type=\"application\/ld+json\" class=\"yoast-schema-graph\">{\"@context\":\"https:\/\/schema.org\",\"@graph\":[{\"@type\":\"Article\",\"@id\":\"https:\/\/golandpop.com\/index.php\/2022\/09\/25\/belgrano-es-de-primera\/#article\",\"isPartOf\":{\"@id\":\"https:\/\/golandpop.com\/index.php\/2022\/09\/25\/belgrano-es-de-primera\/\"},\"author\":{\"name\":\"Gol&amp;Pop\",\"@id\":\"https:\/\/golandpop.com\/#\/schema\/person\/2809725861e0da25eaffe2d9b29c9613\"},\"headline\":\"Belgrano es de primera\",\"datePublished\":\"2022-09-25T22:45:24+00:00\",\"dateModified\":\"2022-09-25T22:46:20+00:00\",\"mainEntityOfPage\":{\"@id\":\"https:\/\/golandpop.com\/index.php\/2022\/09\/25\/belgrano-es-de-primera\/\"},\"wordCount\":625,\"commentCount\":0,\"publisher\":{\"@id\":\"https:\/\/golandpop.com\/#organization\"},\"image\":{\"@id\":\"https:\/\/golandpop.com\/index.php\/2022\/09\/25\/belgrano-es-de-primera\/#primaryimage\"},\"thumbnailUrl\":\"https:\/\/golandpop.com\/wp-content\/uploads\/2022\/09\/FdhtIOJX0AI2eFX-scaled.jpg\",\"keywords\":[\"Belgrano\",\"f\u00fatbol\",\"Liga Profesional\",\"portada\",\"Primera Nacional\"],\"articleSection\":[\"Actualidad\",\"Belgrano\",\"F\u00fatbol\"],\"inLanguage\":\"es-AR\"},{\"@type\":\"WebPage\",\"@id\":\"https:\/\/golandpop.com\/index.php\/2022\/09\/25\/belgrano-es-de-primera\/\",\"url\":\"https:\/\/golandpop.com\/index.php\/2022\/09\/25\/belgrano-es-de-primera\/\",\"name\":\"Belgrano es de primera - Golandpop\",\"isPartOf\":{\"@id\":\"https:\/\/golandpop.com\/#website\"},\"primaryImageOfPage\":{\"@id\":\"https:\/\/golandpop.com\/index.php\/2022\/09\/25\/belgrano-es-de-primera\/#primaryimage\"},\"image\":{\"@id\":\"https:\/\/golandpop.com\/index.php\/2022\/09\/25\/belgrano-es-de-primera\/#primaryimage\"},\"thumbnailUrl\":\"https:\/\/golandpop.com\/wp-content\/uploads\/2022\/09\/FdhtIOJX0AI2eFX-scaled.jpg\",\"datePublished\":\"2022-09-25T22:45:24+00:00\",\"dateModified\":\"2022-09-25T22:46:20+00:00\",\"breadcrumb\":{\"@id\":\"https:\/\/golandpop.com\/index.php\/2022\/09\/25\/belgrano-es-de-primera\/#breadcrumb\"},\"inLanguage\":\"es-AR\",\"potentialAction\":[{\"@type\":\"ReadAction\",\"target\":[\"https:\/\/golandpop.com\/index.php\/2022\/09\/25\/belgrano-es-de-primera\/\"]}]},{\"@type\":\"ImageObject\",\"inLanguage\":\"es-AR\",\"@id\":\"https:\/\/golandpop.com\/index.php\/2022\/09\/25\/belgrano-es-de-primera\/#primaryimage\",\"url\":\"https:\/\/golandpop.com\/wp-content\/uploads\/2022\/09\/FdhtIOJX0AI2eFX-scaled.jpg\",\"contentUrl\":\"https:\/\/golandpop.com\/wp-content\/uploads\/2022\/09\/FdhtIOJX0AI2eFX-scaled.jpg\",\"width\":2560,\"height\":1707},{\"@type\":\"BreadcrumbList\",\"@id\":\"https:\/\/golandpop.com\/index.php\/2022\/09\/25\/belgrano-es-de-primera\/#breadcrumb\",\"itemListElement\":[{\"@type\":\"ListItem\",\"position\":1,\"name\":\"Inicio\",\"item\":\"https:\/\/golandpop.com\/\"},{\"@type\":\"ListItem\",\"position\":2,\"name\":\"Belgrano es de primera\"}]},{\"@type\":\"WebSite\",\"@id\":\"https:\/\/golandpop.com\/#website\",\"url\":\"https:\/\/golandpop.com\/\",\"name\":\"Golandpop\",\"description\":\"\",\"publisher\":{\"@id\":\"https:\/\/golandpop.com\/#organization\"},\"potentialAction\":[{\"@type\":\"SearchAction\",\"target\":{\"@type\":\"EntryPoint\",\"urlTemplate\":\"https:\/\/golandpop.com\/?s={search_term_string}\"},\"query-input\":{\"@type\":\"PropertyValueSpecification\",\"valueRequired\":true,\"valueName\":\"search_term_string\"}}],\"inLanguage\":\"es-AR\"},{\"@type\":\"Organization\",\"@id\":\"https:\/\/golandpop.com\/#organization\",\"name\":\"GolandPop\",\"url\":\"https:\/\/golandpop.com\/\",\"logo\":{\"@type\":\"ImageObject\",\"inLanguage\":\"es-AR\",\"@id\":\"https:\/\/golandpop.com\/#\/schema\/logo\/image\/\",\"url\":\"https:\/\/golandpop.com\/wp-content\/uploads\/2020\/04\/favicon_gol_pop.png\",\"contentUrl\":\"https:\/\/golandpop.com\/wp-content\/uploads\/2020\/04\/favicon_gol_pop.png\",\"width\":246,\"height\":246,\"caption\":\"GolandPop\"},\"image\":{\"@id\":\"https:\/\/golandpop.com\/#\/schema\/logo\/image\/\"},\"sameAs\":[\"https:\/\/x.com\/golandpop\",\"https:\/\/www.instagram.com\/golandpopcordoba\/\"]},{\"@type\":\"Person\",\"@id\":\"https:\/\/golandpop.com\/#\/schema\/person\/2809725861e0da25eaffe2d9b29c9613\",\"name\":\"Gol&amp;Pop\",\"image\":{\"@type\":\"ImageObject\",\"inLanguage\":\"es-AR\",\"@id\":\"https:\/\/golandpop.com\/#\/schema\/person\/image\/\",\"url\":\"https:\/\/secure.gravatar.com\/avatar\/9a87ee051ca8c77f5d4070843ce2c78cdf95b858b950fb039151de955122f5f5?s=96&d=mm&r=g\",\"contentUrl\":\"https:\/\/secure.gravatar.com\/avatar\/9a87ee051ca8c77f5d4070843ce2c78cdf95b858b950fb039151de955122f5f5?s=96&d=mm&r=g\",\"caption\":\"Gol&amp;Pop\"},\"sameAs\":[\"http:\/\/golandpop.com\"],\"url\":\"https:\/\/golandpop.com\/index.php\/author\/admin\/\"}]}<\/script>\n<!-- \/ Yoast SEO plugin. -->","yoast_head_json":{"title":"Belgrano es de primera - Golandpop","robots":{"index":"index","follow":"follow","max-snippet":"max-snippet:-1","max-image-preview":"max-image-preview:large","max-video-preview":"max-video-preview:-1"},"canonical":"https:\/\/golandpop.com\/index.php\/2022\/09\/25\/belgrano-es-de-primera\/","og_locale":"es_ES","og_type":"article","og_title":"Belgrano es de primera - Golandpop","og_description":"Alberdi est\u00e1 de fiesta","og_url":"https:\/\/golandpop.com\/index.php\/2022\/09\/25\/belgrano-es-de-primera\/","og_site_name":"Golandpop","article_published_time":"2022-09-25T22:45:24+00:00","article_modified_time":"2022-09-25T22:46:20+00:00","og_image":[{"width":2560,"height":1707,"url":"https:\/\/golandpop.com\/wp-content\/uploads\/2022\/09\/FdhtIOJX0AI2eFX-scaled.jpg","type":"image\/jpeg"}],"author":"Gol&amp;Pop","twitter_card":"summary_large_image","twitter_creator":"@golandpop","twitter_site":"@golandpop","twitter_misc":{"Escrito por":"Gol&amp;Pop","Tiempo de lectura":"3 minutos"},"schema":{"@context":"https:\/\/schema.org","@graph":[{"@type":"Article","@id":"https:\/\/golandpop.com\/index.php\/2022\/09\/25\/belgrano-es-de-primera\/#article","isPartOf":{"@id":"https:\/\/golandpop.com\/index.php\/2022\/09\/25\/belgrano-es-de-primera\/"},"author":{"name":"Gol&amp;Pop","@id":"https:\/\/golandpop.com\/#\/schema\/person\/2809725861e0da25eaffe2d9b29c9613"},"headline":"Belgrano es de primera","datePublished":"2022-09-25T22:45:24+00:00","dateModified":"2022-09-25T22:46:20+00:00","mainEntityOfPage":{"@id":"https:\/\/golandpop.com\/index.php\/2022\/09\/25\/belgrano-es-de-primera\/"},"wordCount":625,"commentCount":0,"publisher":{"@id":"https:\/\/golandpop.com\/#organization"},"image":{"@id":"https:\/\/golandpop.com\/index.php\/2022\/09\/25\/belgrano-es-de-primera\/#primaryimage"},"thumbnailUrl":"https:\/\/golandpop.com\/wp-content\/uploads\/2022\/09\/FdhtIOJX0AI2eFX-scaled.jpg","keywords":["Belgrano","f\u00fatbol","Liga Profesional","portada","Primera Nacional"],"articleSection":["Actualidad","Belgrano","F\u00fatbol"],"inLanguage":"es-AR"},{"@type":"WebPage","@id":"https:\/\/golandpop.com\/index.php\/2022\/09\/25\/belgrano-es-de-primera\/","url":"https:\/\/golandpop.com\/index.php\/2022\/09\/25\/belgrano-es-de-primera\/","name":"Belgrano es de primera - Golandpop","isPartOf":{"@id":"https:\/\/golandpop.com\/#website"},"primaryImageOfPage":{"@id":"https:\/\/golandpop.com\/index.php\/2022\/09\/25\/belgrano-es-de-primera\/#primaryimage"},"image":{"@id":"https:\/\/golandpop.com\/index.php\/2022\/09\/25\/belgrano-es-de-primera\/#primaryimage"},"thumbnailUrl":"https:\/\/golandpop.com\/wp-content\/uploads\/2022\/09\/FdhtIOJX0AI2eFX-scaled.jpg","datePublished":"2022-09-25T22:45:24+00:00","dateModified":"2022-09-25T22:46:20+00:00","breadcrumb":{"@id":"https:\/\/golandpop.com\/index.php\/2022\/09\/25\/belgrano-es-de-primera\/#breadcrumb"},"inLanguage":"es-AR","potentialAction":[{"@type":"ReadAction","target":["https:\/\/golandpop.com\/index.php\/2022\/09\/25\/belgrano-es-de-primera\/"]}]},{"@type":"ImageObject","inLanguage":"es-AR","@id":"https:\/\/golandpop.com\/index.php\/2022\/09\/25\/belgrano-es-de-primera\/#primaryimage","url":"https:\/\/golandpop.com\/wp-content\/uploads\/2022\/09\/FdhtIOJX0AI2eFX-scaled.jpg","contentUrl":"https:\/\/golandpop.com\/wp-content\/uploads\/2022\/09\/FdhtIOJX0AI2eFX-scaled.jpg","width":2560,"height":1707},{"@type":"BreadcrumbList","@id":"https:\/\/golandpop.com\/index.php\/2022\/09\/25\/belgrano-es-de-primera\/#breadcrumb","itemListElement":[{"@type":"ListItem","position":1,"name":"Inicio","item":"https:\/\/golandpop.com\/"},{"@type":"ListItem","position":2,"name":"Belgrano es de primera"}]},{"@type":"WebSite","@id":"https:\/\/golandpop.com\/#website","url":"https:\/\/golandpop.com\/","name":"Golandpop","description":"","publisher":{"@id":"https:\/\/golandpop.com\/#organization"},"potentialAction":[{"@type":"SearchAction","target":{"@type":"EntryPoint","urlTemplate":"https:\/\/golandpop.com\/?s={search_term_string}"},"query-input":{"@type":"PropertyValueSpecification","valueRequired":true,"valueName":"search_term_string"}}],"inLanguage":"es-AR"},{"@type":"Organization","@id":"https:\/\/golandpop.com\/#organization","name":"GolandPop","url":"https:\/\/golandpop.com\/","logo":{"@type":"ImageObject","inLanguage":"es-AR","@id":"https:\/\/golandpop.com\/#\/schema\/logo\/image\/","url":"https:\/\/golandpop.com\/wp-content\/uploads\/2020\/04\/favicon_gol_pop.png","contentUrl":"https:\/\/golandpop.com\/wp-content\/uploads\/2020\/04\/favicon_gol_pop.png","width":246,"height":246,"caption":"GolandPop"},"image":{"@id":"https:\/\/golandpop.com\/#\/schema\/logo\/image\/"},"sameAs":["https:\/\/x.com\/golandpop","https:\/\/www.instagram.com\/golandpopcordoba\/"]},{"@type":"Person","@id":"https:\/\/golandpop.com\/#\/schema\/person\/2809725861e0da25eaffe2d9b29c9613","name":"Gol&amp;Pop","image":{"@type":"ImageObject","inLanguage":"es-AR","@id":"https:\/\/golandpop.com\/#\/schema\/person\/image\/","url":"https:\/\/secure.gravatar.com\/avatar\/9a87ee051ca8c77f5d4070843ce2c78cdf95b858b950fb039151de955122f5f5?s=96&d=mm&r=g","contentUrl":"https:\/\/secure.gravatar.com\/avatar\/9a87ee051ca8c77f5d4070843ce2c78cdf95b858b950fb039151de955122f5f5?s=96&d=mm&r=g","caption":"Gol&amp;Pop"},"sameAs":["http:\/\/golandpop.com"],"url":"https:\/\/golandpop.com\/index.php\/author\/admin\/"}]}},"_links":{"self":[{"href":"https:\/\/golandpop.com\/index.php\/wp-json\/wp\/v2\/posts\/21997","targetHints":{"allow":["GET"]}}],"collection":[{"href":"https:\/\/golandpop.com\/index.php\/wp-json\/wp\/v2\/posts"}],"about":[{"href":"https:\/\/golandpop.com\/index.php\/wp-json\/wp\/v2\/types\/post"}],"author":[{"embeddable":true,"href":"https:\/\/golandpop.com\/index.php\/wp-json\/wp\/v2\/users\/1"}],"replies":[{"embeddable":true,"href":"https:\/\/golandpop.com\/index.php\/wp-json\/wp\/v2\/comments?post=21997"}],"version-history":[{"count":9,"href":"https:\/\/golandpop.com\/index.php\/wp-json\/wp\/v2\/posts\/21997\/revisions"}],"predecessor-version":[{"id":22009,"href":"https:\/\/golandpop.com\/index.php\/wp-json\/wp\/v2\/posts\/21997\/revisions\/22009"}],"wp:featuredmedia":[{"embeddable":true,"href":"https:\/\/golandpop.com\/index.php\/wp-json\/wp\/v2\/media\/22005"}],"wp:attachment":[{"href":"https:\/\/golandpop.com\/index.php\/wp-json\/wp\/v2\/media?parent=21997"}],"wp:term":[{"taxonomy":"category","embeddable":true,"href":"https:\/\/golandpop.com\/index.php\/wp-json\/wp\/v2\/categories?post=21997"},{"taxonomy":"post_tag","embeddable":true,"href":"https:\/\/golandpop.com\/index.php\/wp-json\/wp\/v2\/tags?post=21997"}],"curies":[{"name":"wp","href":"https:\/\/api.w.org\/{rel}","templated":true}]}}