{"id":21920,"date":"2022-09-21T18:50:00","date_gmt":"2022-09-21T21:50:00","guid":{"rendered":"https:\/\/golandpop.com\/?p=21920"},"modified":"2022-09-22T08:58:16","modified_gmt":"2022-09-22T11:58:16","slug":"de-vuelta","status":"publish","type":"post","link":"https:\/\/golandpop.com\/index.php\/2022\/09\/21\/de-vuelta\/","title":{"rendered":"De vuelta"},"content":{"rendered":"\n<p><em>Belgrano qued\u00f3 a un paso de su primer t\u00edtulo en la segunda categor\u00eda de la AFA e Instituto es el \u00fanico que puede aguarle la fiesta. A tres fechas del final del \u201cTorneo Islas Malvinas\u201d de Primera Nacional, ya se sabe que Talleres no ser\u00e1 el \u00fanico equipo de La Docta en la Liga Profesional 2023.<\/em><\/p>\n\n\n\n<p>No fue el festejo de un campeonato, pero se le pareci\u00f3 demasiado. Bastante. El lunes pasado, <a href=\"https:\/\/www.belgranocordoba.com\/\">Belgrano<\/a> gan\u00f3, gole\u00f3 y gust\u00f3 ante Defensores de Belgrano, y qued\u00f3 a las puertas de un ascenso in\u00e9dito en su historial afista. La primavera anticipada de los hinchas celestes se prolong\u00f3 hasta las primeras horas de la madrugada del S-20. Igual que los testimonios de los protagonistas en el c\u00e9sped del Gigante de Alberdi, habilitado como \u201czona mixta\u201d para el prolongado y distendido tercer tiempo con la prensa.<\/p>\n\n\n\n<p>M\u00e1s que justificada la improvisada estudiantina que se arm\u00f3 en las tribunas y en las calles. Si le gana el pr\u00f3ximo domingo a Brown de Adrogu\u00e9, el Pirata ser\u00e1 inalcanzable para todos con dos fechas de anticipaci\u00f3n. Y a\u00fan empatando o perdiendo podr\u00eda asegurarse su primera vuelta ol\u00edmpica en la segunda divisi\u00f3n de la <a href=\"https:\/\/www.afa.com.ar\/es\/\">AFA<\/a>, donde ya cuenta cuatro ascensos (1991, 1998, 2006 y 2011) y el f\u00fatbol cordob\u00e9s acumula cuatro t\u00edtulos: los dos que tiene Talleres (1998 y 2016) y los dos que ostenta Instituto (1999 y 2004).<\/p>\n\n\n\n<p>Racing, General Paz Juniors, Sportivo Belgrano y Estudiantes de R\u00edo Cuarto son los otros embajadores que nuestra provincia tuvo en el certamen que empez\u00f3 a jugarse en 1986 y que desde entonces suma un centenar de participantes, incluidos 23 de los 28 que integran la actual Liga Profesional. \u00bfLas excepciones? Boca, Racing, San Lorenzo, V\u00e9lez y Newell\u00b4s.<\/p>\n\n\n\n<figure class=\"wp-block-image size-large\"><img fetchpriority=\"high\" decoding=\"async\" width=\"1024\" height=\"683\" src=\"https:\/\/golandpop.com\/wp-content\/uploads\/2022\/09\/FdEJHKfX0AUSYyT-1024x683.jpg\" alt=\"\" class=\"wp-image-21930\" srcset=\"https:\/\/golandpop.com\/wp-content\/uploads\/2022\/09\/FdEJHKfX0AUSYyT-1024x683.jpg 1024w, https:\/\/golandpop.com\/wp-content\/uploads\/2022\/09\/FdEJHKfX0AUSYyT-300x200.jpg 300w, https:\/\/golandpop.com\/wp-content\/uploads\/2022\/09\/FdEJHKfX0AUSYyT-768x512.jpg 768w, https:\/\/golandpop.com\/wp-content\/uploads\/2022\/09\/FdEJHKfX0AUSYyT.jpg 1450w\" sizes=\"(max-width: 1024px) 100vw, 1024px\" \/><figcaption>ILUSI\u00d3N EN ASCENSO. Explosi\u00f3n de j\u00fabilo en el Gigante de Alberdi, con el DT de Belgrano Guillermo Farr\u00e9 como testigo privilegiado.<\/figcaption><\/figure>\n\n\n\n<p><\/p>\n\n\n\n<h4 class=\"wp-block-heading\">Por la gloria<\/h4>\n\n\n\n<p>Hubo alegr\u00eda pero tambi\u00e9n mesura en las declaraciones posteriores al triunfo 3-0 frente al Drag\u00f3n. Nadie quiso mencionar la palabra m\u00e1gica, esa cosa que empieza con \u201cC\u201d. Una cuesti\u00f3n de prudencia, o de c\u00e1bala. Lo cierto es que muy dif\u00edcilmente el objetivo se le escape de las manos al Pirata, que suma 70 puntos y lleva 28 fechas en la cima de la tabla de posiciones, arriba de los otros 36 equipos de la Primera Nacional.<\/p>\n\n\n\n<p>En el improbable caso de\u2026 (como dicen en los cines), el t\u00edtulo igual quedar\u00e1 en manos de un club de La Docta. Instituto, con 62 unidades, es el \u00fanico que tiene chances matem\u00e1ticas de arrebatarle el primer puesto a Belgrano. Tendr\u00eda que ganar sus tres partidos y esperar tres derrotas del Celeste, o no m\u00e1s de un empate del actual l\u00edder, como para poder definir el t\u00edtulo mano a mano en una hipot\u00e9tica final. Todav\u00eda hay margen para las especulaciones, pero tambi\u00e9n certezas. En la pr\u00f3xima temporada, <a href=\"https:\/\/golandpop.com\/index.php\/category\/talleres\/\">Talleres<\/a> deber\u00e1 agregarle un cl\u00e1sico a una agenda que por el momento, y a diferencia de los dos a\u00f1os anteriores, no tiene marcadas salidas al exterior. Una buena motivaci\u00f3n para despertarse y sacudir el colch\u00f3n de laureles.<\/p>\n\n\n\n<p>Para <a href=\"https:\/\/golandpop.com\/index.php\/category\/instituto\/\">\u2018la Gloria\u2019<\/a>, el segundo puesto no ser\u00eda poca cosa. Le permitir\u00eda saltar dos etapas en la lucha por el segundo ascenso, donde arrancar\u00eda en semifinales y definir\u00eda siempre como local y con ventaja deportiva. El Albirrojo tambi\u00e9n hizo \u201cun campa\u00f1\u00f3n\u201d, despu\u00e9s de 15 a\u00f1os de ostracismo en una categor\u00eda donde hist\u00f3ricamente fue animador. \u00bfPor qu\u00e9 no ilusionarse con dos ascensos cordobeses? Tercero en discordia, agazapado en las gateras, ah\u00ed anda Estudiantes de R\u00edo Cuarto, que ya se asegur\u00f3 un lugar en el Reducido que jugar\u00e1n una docena de cuadros.<\/p>\n\n\n\n<p>Desde el Federal A, <a href=\"https:\/\/golandpop.com\/index.php\/category\/racing\/\">Racing<\/a> viene pidiendo cancha. Ni hablar de las chicas de Belgrano, que este fin de semana podr\u00edan sacarle una ventaja decisiva a Banfield y consagrarse campeonas con tres fechas de anticipaci\u00f3n. Ser\u00eda el segundo ascenso consecutivo y la llegada al objetivo que las Piratas se fijaron cuando empezaron a navegar aguas nacionales: la <a href=\"https:\/\/golandpop.com\/?s=Liga+Profesional\">Primera Divisi\u00f3n<\/a>.<\/p>\n\n\n\n<h4 class=\"wp-block-heading\">Cordobeses de Primera<\/h4>\n\n\n\n<p>Sesenta y ocho torneos de Primera Divisi\u00f3n se disputaron desde el Metropolitano 1980, el primero que un equipo cordob\u00e9s -en ese caso, Talleres- jug\u00f3 como integrante del staff permanente de la elite de la AFA. <\/p>\n\n\n\n<p><strong>-Solitarios.<\/strong> En 32 campeonatos el f\u00fatbol provincial tuvo un representante, seg\u00fan el siguiente detalle: Belgrano (15), Talleres (13), Instituto (4). Con la exclusividad como embajadores, el Pirata fue 3\u00b0 en el Inicial 2012, el Albiazul fue 3\u00b0 en el Metro \u201980 y el Albirrojo fue 9\u00b0 en el Clausura 2005.<\/p>\n\n\n\n<p><strong>-De a dos<\/strong>. Hubo dupla cordobesa en 14 ocasiones: Instituto-Talleres (1) y Talleres-Belgrano (13). En este caso, la mejor campa\u00f1a fue el 5\u00b0 lugar de la \u201cT\u201d en el Campeonato de Primera Divisi\u00f3n 2017\/18, con la \u201cB\u201d como 13\u00b0.<\/p>\n\n\n\n<p><strong>-Tr\u00edos.<\/strong> Talleres, Instituto y Racing compartieron cartelera durante ocho torneos consecutivos, entre 1982 y 1990. La Academia ocup\u00f3 el 5\u00b0 lugar en 1984, Talleres qued\u00f3 6\u00b0 en 1988\/89 e Instituto fue 8\u00b0 en 1986\/87. El tridente se repiti\u00f3 entre 1999 y 2000, con la \u201cT\u201d, la Gloria y Belgrano. Apertura 1999: Talleres 10\u00b0, Instituto 16\u00b0 y Belgrano 18\u00b0. Clausura 2000: Talleres 10\u00b0, Instituto 12\u00b0 y Belgrano 14\u00b0. Fueron 10 campeonatos.<\/p>\n\n\n\n<p><strong>-Sin tonada. <\/strong>Una docena de cert\u00e1menes se jugaron sin elencos de La Docta en los \u00faltimos 42 a\u00f1os. Los respectivos Apertura y Clausura de las temporadas 1996\/97, 1997\/98, 2007\/08, 2008\/09, 2009\/10 y 2010\/11.<\/p>\n\n\n\n<figure class=\"wp-block-gallery columns-1 is-cropped wp-block-gallery-1 is-layout-flex wp-block-gallery-is-layout-flex\"><ul class=\"blocks-gallery-grid\"><li class=\"blocks-gallery-item\"><figure><img decoding=\"async\" width=\"644\" height=\"362\" src=\"https:\/\/golandpop.com\/wp-content\/uploads\/2022\/09\/NW7GE7DZUVPPBKGQEX53WUP6NU-1.jpg\" alt=\"\" data-id=\"21927\" data-full-url=\"https:\/\/golandpop.com\/wp-content\/uploads\/2022\/09\/NW7GE7DZUVPPBKGQEX53WUP6NU-1.jpg\" data-link=\"https:\/\/golandpop.com\/?attachment_id=21927\" class=\"wp-image-21927\" srcset=\"https:\/\/golandpop.com\/wp-content\/uploads\/2022\/09\/NW7GE7DZUVPPBKGQEX53WUP6NU-1.jpg 644w, https:\/\/golandpop.com\/wp-content\/uploads\/2022\/09\/NW7GE7DZUVPPBKGQEX53WUP6NU-1-300x169.jpg 300w\" sizes=\"(max-width: 644px) 100vw, 644px\" \/><\/figure><\/li><\/ul><figcaption class=\"blocks-gallery-caption\">EL \u00daLTIMO DUELO CORDOB\u00c9S EN PRIMERA. 7 de octubre de 2018: Talleres 3-Belgrano 0, en el Kempes y por la 8\u00b0 fecha de la Superliga.<\/figcaption><\/figure>\n","protected":false},"excerpt":{"rendered":"<p>C\u00f3rdoba, en ascenso<\/p>\n","protected":false},"author":1,"featured_media":21926,"comment_status":"open","ping_status":"open","sticky":false,"template":"","format":"standard","meta":{"footnotes":""},"categories":[777,39],"tags":[97,728,174,950,1182,391,285],"class_list":["post-21920","post","type-post","status-publish","format-standard","has-post-thumbnail","hentry","category-actualidad","category-futbol","tag-belgrano","tag-cordoba-2","tag-instituto","tag-portada","tag-primera-division","tag-racing-2","tag-talleres-2"],"yoast_head":"<!-- This site is optimized with the Yoast SEO plugin v26.1.1 - https:\/\/yoast.com\/wordpress\/plugins\/seo\/ -->\n<title>De vuelta - Golandpop<\/title>\n<meta name=\"robots\" content=\"index, follow, max-snippet:-1, max-image-preview:large, max-video-preview:-1\" \/>\n<link rel=\"canonical\" href=\"https:\/\/golandpop.com\/index.php\/2022\/09\/21\/de-vuelta\/\" \/>\n<meta property=\"og:locale\" content=\"es_ES\" \/>\n<meta property=\"og:type\" content=\"article\" \/>\n<meta property=\"og:title\" content=\"De vuelta - Golandpop\" \/>\n<meta property=\"og:description\" content=\"C\u00f3rdoba, en ascenso\" \/>\n<meta property=\"og:url\" content=\"https:\/\/golandpop.com\/index.php\/2022\/09\/21\/de-vuelta\/\" \/>\n<meta property=\"og:site_name\" content=\"Golandpop\" \/>\n<meta property=\"article:published_time\" content=\"2022-09-21T21:50:00+00:00\" \/>\n<meta property=\"article:modified_time\" content=\"2022-09-22T11:58:16+00:00\" \/>\n<meta property=\"og:image\" content=\"https:\/\/golandpop.com\/wp-content\/uploads\/2022\/09\/FdES5CFWIAM430Y.jpg\" \/>\n\t<meta property=\"og:image:width\" content=\"1184\" \/>\n\t<meta property=\"og:image:height\" content=\"789\" \/>\n\t<meta property=\"og:image:type\" content=\"image\/jpeg\" \/>\n<meta name=\"author\" content=\"Gol&amp;Pop\" \/>\n<meta name=\"twitter:card\" content=\"summary_large_image\" \/>\n<meta name=\"twitter:creator\" content=\"@golandpop\" \/>\n<meta name=\"twitter:site\" content=\"@golandpop\" \/>\n<meta name=\"twitter:label1\" content=\"Escrito por\" \/>\n\t<meta name=\"twitter:data1\" content=\"Gol&amp;Pop\" \/>\n\t<meta name=\"twitter:label2\" content=\"Tiempo de lectura\" \/>\n\t<meta name=\"twitter:data2\" content=\"5 minutos\" \/>\n<script type=\"application\/ld+json\" class=\"yoast-schema-graph\">{\"@context\":\"https:\/\/schema.org\",\"@graph\":[{\"@type\":\"Article\",\"@id\":\"https:\/\/golandpop.com\/index.php\/2022\/09\/21\/de-vuelta\/#article\",\"isPartOf\":{\"@id\":\"https:\/\/golandpop.com\/index.php\/2022\/09\/21\/de-vuelta\/\"},\"author\":{\"name\":\"Gol&amp;Pop\",\"@id\":\"https:\/\/golandpop.com\/#\/schema\/person\/2809725861e0da25eaffe2d9b29c9613\"},\"headline\":\"De vuelta\",\"datePublished\":\"2022-09-21T21:50:00+00:00\",\"dateModified\":\"2022-09-22T11:58:16+00:00\",\"mainEntityOfPage\":{\"@id\":\"https:\/\/golandpop.com\/index.php\/2022\/09\/21\/de-vuelta\/\"},\"wordCount\":919,\"commentCount\":0,\"publisher\":{\"@id\":\"https:\/\/golandpop.com\/#organization\"},\"image\":{\"@id\":\"https:\/\/golandpop.com\/index.php\/2022\/09\/21\/de-vuelta\/#primaryimage\"},\"thumbnailUrl\":\"https:\/\/golandpop.com\/wp-content\/uploads\/2022\/09\/FdES5CFWIAM430Y.jpg\",\"keywords\":[\"Belgrano\",\"C\u00f3rdoba\",\"Instituto\",\"portada\",\"Primera Divisi\u00f3n\",\"Racing\",\"Talleres\"],\"articleSection\":[\"Actualidad\",\"F\u00fatbol\"],\"inLanguage\":\"es-AR\"},{\"@type\":\"WebPage\",\"@id\":\"https:\/\/golandpop.com\/index.php\/2022\/09\/21\/de-vuelta\/\",\"url\":\"https:\/\/golandpop.com\/index.php\/2022\/09\/21\/de-vuelta\/\",\"name\":\"De vuelta - Golandpop\",\"isPartOf\":{\"@id\":\"https:\/\/golandpop.com\/#website\"},\"primaryImageOfPage\":{\"@id\":\"https:\/\/golandpop.com\/index.php\/2022\/09\/21\/de-vuelta\/#primaryimage\"},\"image\":{\"@id\":\"https:\/\/golandpop.com\/index.php\/2022\/09\/21\/de-vuelta\/#primaryimage\"},\"thumbnailUrl\":\"https:\/\/golandpop.com\/wp-content\/uploads\/2022\/09\/FdES5CFWIAM430Y.jpg\",\"datePublished\":\"2022-09-21T21:50:00+00:00\",\"dateModified\":\"2022-09-22T11:58:16+00:00\",\"breadcrumb\":{\"@id\":\"https:\/\/golandpop.com\/index.php\/2022\/09\/21\/de-vuelta\/#breadcrumb\"},\"inLanguage\":\"es-AR\",\"potentialAction\":[{\"@type\":\"ReadAction\",\"target\":[\"https:\/\/golandpop.com\/index.php\/2022\/09\/21\/de-vuelta\/\"]}]},{\"@type\":\"ImageObject\",\"inLanguage\":\"es-AR\",\"@id\":\"https:\/\/golandpop.com\/index.php\/2022\/09\/21\/de-vuelta\/#primaryimage\",\"url\":\"https:\/\/golandpop.com\/wp-content\/uploads\/2022\/09\/FdES5CFWIAM430Y.jpg\",\"contentUrl\":\"https:\/\/golandpop.com\/wp-content\/uploads\/2022\/09\/FdES5CFWIAM430Y.jpg\",\"width\":1184,\"height\":789},{\"@type\":\"BreadcrumbList\",\"@id\":\"https:\/\/golandpop.com\/index.php\/2022\/09\/21\/de-vuelta\/#breadcrumb\",\"itemListElement\":[{\"@type\":\"ListItem\",\"position\":1,\"name\":\"Inicio\",\"item\":\"https:\/\/golandpop.com\/\"},{\"@type\":\"ListItem\",\"position\":2,\"name\":\"De vuelta\"}]},{\"@type\":\"WebSite\",\"@id\":\"https:\/\/golandpop.com\/#website\",\"url\":\"https:\/\/golandpop.com\/\",\"name\":\"Golandpop\",\"description\":\"\",\"publisher\":{\"@id\":\"https:\/\/golandpop.com\/#organization\"},\"potentialAction\":[{\"@type\":\"SearchAction\",\"target\":{\"@type\":\"EntryPoint\",\"urlTemplate\":\"https:\/\/golandpop.com\/?s={search_term_string}\"},\"query-input\":{\"@type\":\"PropertyValueSpecification\",\"valueRequired\":true,\"valueName\":\"search_term_string\"}}],\"inLanguage\":\"es-AR\"},{\"@type\":\"Organization\",\"@id\":\"https:\/\/golandpop.com\/#organization\",\"name\":\"GolandPop\",\"url\":\"https:\/\/golandpop.com\/\",\"logo\":{\"@type\":\"ImageObject\",\"inLanguage\":\"es-AR\",\"@id\":\"https:\/\/golandpop.com\/#\/schema\/logo\/image\/\",\"url\":\"https:\/\/golandpop.com\/wp-content\/uploads\/2020\/04\/favicon_gol_pop.png\",\"contentUrl\":\"https:\/\/golandpop.com\/wp-content\/uploads\/2020\/04\/favicon_gol_pop.png\",\"width\":246,\"height\":246,\"caption\":\"GolandPop\"},\"image\":{\"@id\":\"https:\/\/golandpop.com\/#\/schema\/logo\/image\/\"},\"sameAs\":[\"https:\/\/x.com\/golandpop\",\"https:\/\/www.instagram.com\/golandpopcordoba\/\"]},{\"@type\":\"Person\",\"@id\":\"https:\/\/golandpop.com\/#\/schema\/person\/2809725861e0da25eaffe2d9b29c9613\",\"name\":\"Gol&amp;Pop\",\"image\":{\"@type\":\"ImageObject\",\"inLanguage\":\"es-AR\",\"@id\":\"https:\/\/golandpop.com\/#\/schema\/person\/image\/\",\"url\":\"https:\/\/secure.gravatar.com\/avatar\/9a87ee051ca8c77f5d4070843ce2c78cdf95b858b950fb039151de955122f5f5?s=96&d=mm&r=g\",\"contentUrl\":\"https:\/\/secure.gravatar.com\/avatar\/9a87ee051ca8c77f5d4070843ce2c78cdf95b858b950fb039151de955122f5f5?s=96&d=mm&r=g\",\"caption\":\"Gol&amp;Pop\"},\"sameAs\":[\"http:\/\/golandpop.com\"],\"url\":\"https:\/\/golandpop.com\/index.php\/author\/admin\/\"}]}<\/script>\n<!-- \/ Yoast SEO plugin. -->","yoast_head_json":{"title":"De vuelta - Golandpop","robots":{"index":"index","follow":"follow","max-snippet":"max-snippet:-1","max-image-preview":"max-image-preview:large","max-video-preview":"max-video-preview:-1"},"canonical":"https:\/\/golandpop.com\/index.php\/2022\/09\/21\/de-vuelta\/","og_locale":"es_ES","og_type":"article","og_title":"De vuelta - Golandpop","og_description":"C\u00f3rdoba, en ascenso","og_url":"https:\/\/golandpop.com\/index.php\/2022\/09\/21\/de-vuelta\/","og_site_name":"Golandpop","article_published_time":"2022-09-21T21:50:00+00:00","article_modified_time":"2022-09-22T11:58:16+00:00","og_image":[{"width":1184,"height":789,"url":"https:\/\/golandpop.com\/wp-content\/uploads\/2022\/09\/FdES5CFWIAM430Y.jpg","type":"image\/jpeg"}],"author":"Gol&amp;Pop","twitter_card":"summary_large_image","twitter_creator":"@golandpop","twitter_site":"@golandpop","twitter_misc":{"Escrito por":"Gol&amp;Pop","Tiempo de lectura":"5 minutos"},"schema":{"@context":"https:\/\/schema.org","@graph":[{"@type":"Article","@id":"https:\/\/golandpop.com\/index.php\/2022\/09\/21\/de-vuelta\/#article","isPartOf":{"@id":"https:\/\/golandpop.com\/index.php\/2022\/09\/21\/de-vuelta\/"},"author":{"name":"Gol&amp;Pop","@id":"https:\/\/golandpop.com\/#\/schema\/person\/2809725861e0da25eaffe2d9b29c9613"},"headline":"De vuelta","datePublished":"2022-09-21T21:50:00+00:00","dateModified":"2022-09-22T11:58:16+00:00","mainEntityOfPage":{"@id":"https:\/\/golandpop.com\/index.php\/2022\/09\/21\/de-vuelta\/"},"wordCount":919,"commentCount":0,"publisher":{"@id":"https:\/\/golandpop.com\/#organization"},"image":{"@id":"https:\/\/golandpop.com\/index.php\/2022\/09\/21\/de-vuelta\/#primaryimage"},"thumbnailUrl":"https:\/\/golandpop.com\/wp-content\/uploads\/2022\/09\/FdES5CFWIAM430Y.jpg","keywords":["Belgrano","C\u00f3rdoba","Instituto","portada","Primera Divisi\u00f3n","Racing","Talleres"],"articleSection":["Actualidad","F\u00fatbol"],"inLanguage":"es-AR"},{"@type":"WebPage","@id":"https:\/\/golandpop.com\/index.php\/2022\/09\/21\/de-vuelta\/","url":"https:\/\/golandpop.com\/index.php\/2022\/09\/21\/de-vuelta\/","name":"De vuelta - Golandpop","isPartOf":{"@id":"https:\/\/golandpop.com\/#website"},"primaryImageOfPage":{"@id":"https:\/\/golandpop.com\/index.php\/2022\/09\/21\/de-vuelta\/#primaryimage"},"image":{"@id":"https:\/\/golandpop.com\/index.php\/2022\/09\/21\/de-vuelta\/#primaryimage"},"thumbnailUrl":"https:\/\/golandpop.com\/wp-content\/uploads\/2022\/09\/FdES5CFWIAM430Y.jpg","datePublished":"2022-09-21T21:50:00+00:00","dateModified":"2022-09-22T11:58:16+00:00","breadcrumb":{"@id":"https:\/\/golandpop.com\/index.php\/2022\/09\/21\/de-vuelta\/#breadcrumb"},"inLanguage":"es-AR","potentialAction":[{"@type":"ReadAction","target":["https:\/\/golandpop.com\/index.php\/2022\/09\/21\/de-vuelta\/"]}]},{"@type":"ImageObject","inLanguage":"es-AR","@id":"https:\/\/golandpop.com\/index.php\/2022\/09\/21\/de-vuelta\/#primaryimage","url":"https:\/\/golandpop.com\/wp-content\/uploads\/2022\/09\/FdES5CFWIAM430Y.jpg","contentUrl":"https:\/\/golandpop.com\/wp-content\/uploads\/2022\/09\/FdES5CFWIAM430Y.jpg","width":1184,"height":789},{"@type":"BreadcrumbList","@id":"https:\/\/golandpop.com\/index.php\/2022\/09\/21\/de-vuelta\/#breadcrumb","itemListElement":[{"@type":"ListItem","position":1,"name":"Inicio","item":"https:\/\/golandpop.com\/"},{"@type":"ListItem","position":2,"name":"De vuelta"}]},{"@type":"WebSite","@id":"https:\/\/golandpop.com\/#website","url":"https:\/\/golandpop.com\/","name":"Golandpop","description":"","publisher":{"@id":"https:\/\/golandpop.com\/#organization"},"potentialAction":[{"@type":"SearchAction","target":{"@type":"EntryPoint","urlTemplate":"https:\/\/golandpop.com\/?s={search_term_string}"},"query-input":{"@type":"PropertyValueSpecification","valueRequired":true,"valueName":"search_term_string"}}],"inLanguage":"es-AR"},{"@type":"Organization","@id":"https:\/\/golandpop.com\/#organization","name":"GolandPop","url":"https:\/\/golandpop.com\/","logo":{"@type":"ImageObject","inLanguage":"es-AR","@id":"https:\/\/golandpop.com\/#\/schema\/logo\/image\/","url":"https:\/\/golandpop.com\/wp-content\/uploads\/2020\/04\/favicon_gol_pop.png","contentUrl":"https:\/\/golandpop.com\/wp-content\/uploads\/2020\/04\/favicon_gol_pop.png","width":246,"height":246,"caption":"GolandPop"},"image":{"@id":"https:\/\/golandpop.com\/#\/schema\/logo\/image\/"},"sameAs":["https:\/\/x.com\/golandpop","https:\/\/www.instagram.com\/golandpopcordoba\/"]},{"@type":"Person","@id":"https:\/\/golandpop.com\/#\/schema\/person\/2809725861e0da25eaffe2d9b29c9613","name":"Gol&amp;Pop","image":{"@type":"ImageObject","inLanguage":"es-AR","@id":"https:\/\/golandpop.com\/#\/schema\/person\/image\/","url":"https:\/\/secure.gravatar.com\/avatar\/9a87ee051ca8c77f5d4070843ce2c78cdf95b858b950fb039151de955122f5f5?s=96&d=mm&r=g","contentUrl":"https:\/\/secure.gravatar.com\/avatar\/9a87ee051ca8c77f5d4070843ce2c78cdf95b858b950fb039151de955122f5f5?s=96&d=mm&r=g","caption":"Gol&amp;Pop"},"sameAs":["http:\/\/golandpop.com"],"url":"https:\/\/golandpop.com\/index.php\/author\/admin\/"}]}},"_links":{"self":[{"href":"https:\/\/golandpop.com\/index.php\/wp-json\/wp\/v2\/posts\/21920","targetHints":{"allow":["GET"]}}],"collection":[{"href":"https:\/\/golandpop.com\/index.php\/wp-json\/wp\/v2\/posts"}],"about":[{"href":"https:\/\/golandpop.com\/index.php\/wp-json\/wp\/v2\/types\/post"}],"author":[{"embeddable":true,"href":"https:\/\/golandpop.com\/index.php\/wp-json\/wp\/v2\/users\/1"}],"replies":[{"embeddable":true,"href":"https:\/\/golandpop.com\/index.php\/wp-json\/wp\/v2\/comments?post=21920"}],"version-history":[{"count":8,"href":"https:\/\/golandpop.com\/index.php\/wp-json\/wp\/v2\/posts\/21920\/revisions"}],"predecessor-version":[{"id":21933,"href":"https:\/\/golandpop.com\/index.php\/wp-json\/wp\/v2\/posts\/21920\/revisions\/21933"}],"wp:featuredmedia":[{"embeddable":true,"href":"https:\/\/golandpop.com\/index.php\/wp-json\/wp\/v2\/media\/21926"}],"wp:attachment":[{"href":"https:\/\/golandpop.com\/index.php\/wp-json\/wp\/v2\/media?parent=21920"}],"wp:term":[{"taxonomy":"category","embeddable":true,"href":"https:\/\/golandpop.com\/index.php\/wp-json\/wp\/v2\/categories?post=21920"},{"taxonomy":"post_tag","embeddable":true,"href":"https:\/\/golandpop.com\/index.php\/wp-json\/wp\/v2\/tags?post=21920"}],"curies":[{"name":"wp","href":"https:\/\/api.w.org\/{rel}","templated":true}]}}