{"id":20950,"date":"2022-08-12T11:30:37","date_gmt":"2022-08-12T14:30:37","guid":{"rendered":"https:\/\/golandpop.com\/?p=20950"},"modified":"2022-08-12T11:30:41","modified_gmt":"2022-08-12T14:30:41","slug":"fin-del-sueno-americano","status":"publish","type":"post","link":"https:\/\/golandpop.com\/index.php\/2022\/08\/12\/fin-del-sueno-americano\/","title":{"rendered":"Fin del sue\u00f1o americano"},"content":{"rendered":"\n<p><em>Talleres perdi\u00f3 1 a 0 con V\u00e9lez en el Kempes por la vuelta de cuartos de final y se despidi\u00f3 de la Copa Libertadores. El resultado final de la serie fue 4-2 para los de Liniers.<\/em><\/p>\n\n\n\n<p>Se acab\u00f3 el sue\u00f1o americano del matador. La fr\u00eda noche del mi\u00e9rcoles 10 de agosto de 2022 quedar\u00e1 marcada para siempre en la memoria de todo el pueblo <a href=\"https:\/\/golandpop.com\/index.php\/category\/talleres\/\">albiazul<\/a>. Y ese recuerdo tendr\u00e1 un sabor agridulce al principio, pero casi con certeza, culminar\u00e1 por despertarle una sonrisa a todos los hinchas que, desde las tribunas del Kempes y desde todos los rincones del mundo, hicieron fuerza hasta el final por una haza\u00f1a que finalmente no ocurri\u00f3.<\/p>\n\n\n\n<p>Es que esta fecha marc\u00f3 el final de la participaci\u00f3n del equipo de <a href=\"https:\/\/golandpop.com\/?s=Caixinha\">Caixinha<\/a> en el torneo m\u00e1s importante del continente, en la que fue la mejor performance de un combinado cordob\u00e9s en la historia.<\/p>\n\n\n\n<figure class=\"wp-block-embed-twitter wp-block-embed is-type-rich is-provider-twitter\"><div class=\"wp-block-embed__wrapper\">\n<blockquote class=\"twitter-tweet\" data-width=\"550\" data-dnt=\"true\"><p lang=\"es\" dir=\"ltr\">\ud83d\udd35\u26aa\ufe0f\ud83d\udcac \u00a1LA PALABRA DE PEDRO!Tras la eliminaci\u00f3n, Caixinha remarc\u00f3 que <a href=\"https:\/\/twitter.com\/hashtag\/Talleres?src=hash&amp;ref_src=twsrc%5Etfw\">#Talleres<\/a> debe estar orgulloso de la historia escrita en esta  <a href=\"https:\/\/twitter.com\/hashtag\/Libertadores?src=hash&amp;ref_src=twsrc%5Etfw\">#Libertadores<\/a><br><br>\ud83d\udc49 El DT subray\u00f3 que la \u2018T\u2019 sufri\u00f3 \u201cun poco la inexperiencia en esta clase de partidos\u201d<br><br>\ud83d\udcf2 <a href=\"https:\/\/t.co\/ToTnpDU7l3\">https:\/\/t.co\/ToTnpDU7l3<\/a> | <a href=\"https:\/\/twitter.com\/diariomatador?ref_src=twsrc%5Etfw\">@diariomatador<\/a> <a href=\"https:\/\/t.co\/tmDmwJVcju\">pic.twitter.com\/tmDmwJVcju<\/a><\/p>&mdash; GOLANDPOP (@golandpop) <a href=\"https:\/\/twitter.com\/golandpop\/status\/1557712724276174848?ref_src=twsrc%5Etfw\">August 11, 2022<\/a><\/blockquote><script async src=\"https:\/\/platform.twitter.com\/widgets.js\" charset=\"utf-8\"><\/script>\n<\/div><\/figure>\n\n\n\n<h4 class=\"wp-block-heading\"><strong>El partido<\/strong><\/h4>\n\n\n\n<p>El encuentro de vuelta jugado en el <a href=\"https:\/\/golandpop.com\/?s=Kempes\">Kempes<\/a>\u00a0 tuvo a un Talleres que quiso en todo momento pero muy pocas veces pudo. Con Enzo D\u00edaz por izquierda y Diego Valoyes por derecha como los jugadores m\u00e1s punzantes y desequilibrantes de la noche, pero sin generaci\u00f3n de jugadas de peligro real para el arco defendido por Hoyos. A medida que fue pasando el tiempo esta tendencia se marc\u00f3 con m\u00e1s claridad, <a href=\"https:\/\/golandpop.com\/?s=Velez\">V\u00e9lez<\/a> replegado esperando para salir de contra, Talleres intentando avanzar en el campo pero no pudiendo tener peso en ataque.\u00a0<\/p>\n\n\n\n<p>En el segundo tiempo los cambios del DT portugu\u00e9s movieron un poco el avispero, e hicieron mella en el equipo que se adelant\u00f3 unos metros en el campo y comenz\u00f3 a llegar con m\u00e1s gente al arco velezano. Ortegoza fue un buen aliado para conectar pases entre volantes y delanteros, y fueron los 20 minutos del complemento donde la T pudo haber marcado la igualdad en la serie. Premonici\u00f3n que jam\u00e1s se concret\u00f3 porque la defensa del fort\u00edn estuvo muy s\u00f3lida durante toda la noche, pero tambi\u00e9n por la ineficacia del equipo local para generar situaciones reales de riesgo, un mal que <a href=\"https:\/\/www.clubtalleres.com.ar\/\">Talleres<\/a> padece hace rato.<\/p>\n\n\n\n<blockquote class=\"wp-block-quote is-layout-flow wp-block-quote-is-layout-flow\"><p>\u201cEl rival hizo un buen partido en defensa. Para mi, el momento del juego fue la lesi\u00f3n de Fede (por Girotti). Aunque el equipo no estaba fino, estaba llegando, era el due\u00f1o del juego, con llegadas. Despu\u00e9s de eso, el equipo no se encontr\u00f3, no lleg\u00f3 al \u00e1rea rival y ellos aprovecharon muy bien su chance\u201d<\/p><cite>Caixinha &#8211; DT Matador<\/cite><\/blockquote>\n\n\n\n<p>As\u00ed las cosas, al final la T fue con m\u00e1s empuje y ganas que ideas claras para da\u00f1ar al rival. Hasta que V\u00e9lez, que se relam\u00eda porque ve\u00eda cada vez m\u00e1s cerca las semifinales, aprovech\u00f3 una mala salida del fondo y no perdon\u00f3, gol de Fernandez tras una magistral habilitaci\u00f3n de Lucas Hanson (la figura de la serie) y fin del sue\u00f1o americano para la T.<\/p>\n\n\n\n<h4 class=\"wp-block-heading\"><strong>Balance positivo<\/strong><\/h4>\n\n\n\n<p>La hist\u00f3rica participaci\u00f3n de la T dej\u00f3 varios puntos por dem\u00e1s positivos que muchas veces no son cuantificables pero suman en demas\u00eda. Como la gran ilusi\u00f3n del hincha que se enarbol\u00f3 detr\u00e1s del equipo y lo acompa\u00f1\u00f3 hasta la \u00faltima funci\u00f3n llenando el kempes en cada partido de local (y aumentando las arcas del club con los ingresos por entradas). La confirmaci\u00f3n de que Pedro Caixinha puede ser ese conductor confiable y convincente para lo que vendr\u00e1. Y sobre todo que el equipo de barrio jard\u00edn tiene en su plantel jugadores que dieron la talla en el torneo continental y que, ya sin la copa, podr\u00e1n enfocarse en levantar en la liga profesional actual y, porque no, ser protagonistas en la de 2023.<\/p>\n","protected":false},"excerpt":{"rendered":"<p>En la historia<\/p>\n","protected":false},"author":1,"featured_media":20968,"comment_status":"open","ping_status":"open","sticky":false,"template":"","format":"standard","meta":{"footnotes":""},"categories":[777,39,48],"tags":[956,950,285],"class_list":["post-20950","post","type-post","status-publish","format-standard","has-post-thumbnail","hentry","category-actualidad","category-futbol","category-talleres","tag-futbol-4","tag-portada","tag-talleres-2"],"yoast_head":"<!-- This site is optimized with the Yoast SEO plugin v26.1.1 - https:\/\/yoast.com\/wordpress\/plugins\/seo\/ -->\n<title>Fin del sue\u00f1o americano - Golandpop<\/title>\n<meta name=\"robots\" content=\"index, follow, max-snippet:-1, max-image-preview:large, max-video-preview:-1\" \/>\n<link rel=\"canonical\" href=\"https:\/\/golandpop.com\/index.php\/2022\/08\/12\/fin-del-sueno-americano\/\" \/>\n<meta property=\"og:locale\" content=\"es_ES\" \/>\n<meta property=\"og:type\" content=\"article\" \/>\n<meta property=\"og:title\" content=\"Fin del sue\u00f1o americano - Golandpop\" \/>\n<meta property=\"og:description\" content=\"En la historia\" \/>\n<meta property=\"og:url\" content=\"https:\/\/golandpop.com\/index.php\/2022\/08\/12\/fin-del-sueno-americano\/\" \/>\n<meta property=\"og:site_name\" content=\"Golandpop\" \/>\n<meta property=\"article:published_time\" content=\"2022-08-12T14:30:37+00:00\" \/>\n<meta property=\"article:modified_time\" content=\"2022-08-12T14:30:41+00:00\" \/>\n<meta property=\"og:image\" content=\"https:\/\/golandpop.com\/wp-content\/uploads\/2022\/08\/Cuartos-de-Final_Copa-CONMEBOL-LIBERTADORES_Talleres-vs-Velez_Foto4.jpg\" \/>\n\t<meta property=\"og:image:width\" content=\"1398\" \/>\n\t<meta property=\"og:image:height\" content=\"933\" \/>\n\t<meta property=\"og:image:type\" content=\"image\/jpeg\" \/>\n<meta name=\"author\" content=\"Gol&amp;Pop\" \/>\n<meta name=\"twitter:card\" content=\"summary_large_image\" \/>\n<meta name=\"twitter:creator\" content=\"@golandpop\" \/>\n<meta name=\"twitter:site\" content=\"@golandpop\" \/>\n<meta name=\"twitter:label1\" content=\"Escrito por\" \/>\n\t<meta name=\"twitter:data1\" content=\"Gol&amp;Pop\" \/>\n\t<meta name=\"twitter:label2\" content=\"Tiempo de lectura\" \/>\n\t<meta name=\"twitter:data2\" content=\"3 minutos\" \/>\n<script type=\"application\/ld+json\" class=\"yoast-schema-graph\">{\"@context\":\"https:\/\/schema.org\",\"@graph\":[{\"@type\":\"Article\",\"@id\":\"https:\/\/golandpop.com\/index.php\/2022\/08\/12\/fin-del-sueno-americano\/#article\",\"isPartOf\":{\"@id\":\"https:\/\/golandpop.com\/index.php\/2022\/08\/12\/fin-del-sueno-americano\/\"},\"author\":{\"name\":\"Gol&amp;Pop\",\"@id\":\"https:\/\/golandpop.com\/#\/schema\/person\/2809725861e0da25eaffe2d9b29c9613\"},\"headline\":\"Fin del sue\u00f1o americano\",\"datePublished\":\"2022-08-12T14:30:37+00:00\",\"dateModified\":\"2022-08-12T14:30:41+00:00\",\"mainEntityOfPage\":{\"@id\":\"https:\/\/golandpop.com\/index.php\/2022\/08\/12\/fin-del-sueno-americano\/\"},\"wordCount\":646,\"commentCount\":0,\"publisher\":{\"@id\":\"https:\/\/golandpop.com\/#organization\"},\"image\":{\"@id\":\"https:\/\/golandpop.com\/index.php\/2022\/08\/12\/fin-del-sueno-americano\/#primaryimage\"},\"thumbnailUrl\":\"https:\/\/golandpop.com\/wp-content\/uploads\/2022\/08\/Cuartos-de-Final_Copa-CONMEBOL-LIBERTADORES_Talleres-vs-Velez_Foto4.jpg\",\"keywords\":[\"f\u00fatbol\",\"portada\",\"Talleres\"],\"articleSection\":[\"Actualidad\",\"F\u00fatbol\",\"Talleres\"],\"inLanguage\":\"es-AR\"},{\"@type\":\"WebPage\",\"@id\":\"https:\/\/golandpop.com\/index.php\/2022\/08\/12\/fin-del-sueno-americano\/\",\"url\":\"https:\/\/golandpop.com\/index.php\/2022\/08\/12\/fin-del-sueno-americano\/\",\"name\":\"Fin del sue\u00f1o americano - Golandpop\",\"isPartOf\":{\"@id\":\"https:\/\/golandpop.com\/#website\"},\"primaryImageOfPage\":{\"@id\":\"https:\/\/golandpop.com\/index.php\/2022\/08\/12\/fin-del-sueno-americano\/#primaryimage\"},\"image\":{\"@id\":\"https:\/\/golandpop.com\/index.php\/2022\/08\/12\/fin-del-sueno-americano\/#primaryimage\"},\"thumbnailUrl\":\"https:\/\/golandpop.com\/wp-content\/uploads\/2022\/08\/Cuartos-de-Final_Copa-CONMEBOL-LIBERTADORES_Talleres-vs-Velez_Foto4.jpg\",\"datePublished\":\"2022-08-12T14:30:37+00:00\",\"dateModified\":\"2022-08-12T14:30:41+00:00\",\"breadcrumb\":{\"@id\":\"https:\/\/golandpop.com\/index.php\/2022\/08\/12\/fin-del-sueno-americano\/#breadcrumb\"},\"inLanguage\":\"es-AR\",\"potentialAction\":[{\"@type\":\"ReadAction\",\"target\":[\"https:\/\/golandpop.com\/index.php\/2022\/08\/12\/fin-del-sueno-americano\/\"]}]},{\"@type\":\"ImageObject\",\"inLanguage\":\"es-AR\",\"@id\":\"https:\/\/golandpop.com\/index.php\/2022\/08\/12\/fin-del-sueno-americano\/#primaryimage\",\"url\":\"https:\/\/golandpop.com\/wp-content\/uploads\/2022\/08\/Cuartos-de-Final_Copa-CONMEBOL-LIBERTADORES_Talleres-vs-Velez_Foto4.jpg\",\"contentUrl\":\"https:\/\/golandpop.com\/wp-content\/uploads\/2022\/08\/Cuartos-de-Final_Copa-CONMEBOL-LIBERTADORES_Talleres-vs-Velez_Foto4.jpg\",\"width\":1398,\"height\":933},{\"@type\":\"BreadcrumbList\",\"@id\":\"https:\/\/golandpop.com\/index.php\/2022\/08\/12\/fin-del-sueno-americano\/#breadcrumb\",\"itemListElement\":[{\"@type\":\"ListItem\",\"position\":1,\"name\":\"Inicio\",\"item\":\"https:\/\/golandpop.com\/\"},{\"@type\":\"ListItem\",\"position\":2,\"name\":\"Fin del sue\u00f1o americano\"}]},{\"@type\":\"WebSite\",\"@id\":\"https:\/\/golandpop.com\/#website\",\"url\":\"https:\/\/golandpop.com\/\",\"name\":\"Golandpop\",\"description\":\"\",\"publisher\":{\"@id\":\"https:\/\/golandpop.com\/#organization\"},\"potentialAction\":[{\"@type\":\"SearchAction\",\"target\":{\"@type\":\"EntryPoint\",\"urlTemplate\":\"https:\/\/golandpop.com\/?s={search_term_string}\"},\"query-input\":{\"@type\":\"PropertyValueSpecification\",\"valueRequired\":true,\"valueName\":\"search_term_string\"}}],\"inLanguage\":\"es-AR\"},{\"@type\":\"Organization\",\"@id\":\"https:\/\/golandpop.com\/#organization\",\"name\":\"GolandPop\",\"url\":\"https:\/\/golandpop.com\/\",\"logo\":{\"@type\":\"ImageObject\",\"inLanguage\":\"es-AR\",\"@id\":\"https:\/\/golandpop.com\/#\/schema\/logo\/image\/\",\"url\":\"https:\/\/golandpop.com\/wp-content\/uploads\/2020\/04\/favicon_gol_pop.png\",\"contentUrl\":\"https:\/\/golandpop.com\/wp-content\/uploads\/2020\/04\/favicon_gol_pop.png\",\"width\":246,\"height\":246,\"caption\":\"GolandPop\"},\"image\":{\"@id\":\"https:\/\/golandpop.com\/#\/schema\/logo\/image\/\"},\"sameAs\":[\"https:\/\/x.com\/golandpop\",\"https:\/\/www.instagram.com\/golandpopcordoba\/\"]},{\"@type\":\"Person\",\"@id\":\"https:\/\/golandpop.com\/#\/schema\/person\/2809725861e0da25eaffe2d9b29c9613\",\"name\":\"Gol&amp;Pop\",\"image\":{\"@type\":\"ImageObject\",\"inLanguage\":\"es-AR\",\"@id\":\"https:\/\/golandpop.com\/#\/schema\/person\/image\/\",\"url\":\"https:\/\/secure.gravatar.com\/avatar\/9a87ee051ca8c77f5d4070843ce2c78cdf95b858b950fb039151de955122f5f5?s=96&d=mm&r=g\",\"contentUrl\":\"https:\/\/secure.gravatar.com\/avatar\/9a87ee051ca8c77f5d4070843ce2c78cdf95b858b950fb039151de955122f5f5?s=96&d=mm&r=g\",\"caption\":\"Gol&amp;Pop\"},\"sameAs\":[\"http:\/\/golandpop.com\"],\"url\":\"https:\/\/golandpop.com\/index.php\/author\/admin\/\"}]}<\/script>\n<!-- \/ Yoast SEO plugin. -->","yoast_head_json":{"title":"Fin del sue\u00f1o americano - Golandpop","robots":{"index":"index","follow":"follow","max-snippet":"max-snippet:-1","max-image-preview":"max-image-preview:large","max-video-preview":"max-video-preview:-1"},"canonical":"https:\/\/golandpop.com\/index.php\/2022\/08\/12\/fin-del-sueno-americano\/","og_locale":"es_ES","og_type":"article","og_title":"Fin del sue\u00f1o americano - Golandpop","og_description":"En la historia","og_url":"https:\/\/golandpop.com\/index.php\/2022\/08\/12\/fin-del-sueno-americano\/","og_site_name":"Golandpop","article_published_time":"2022-08-12T14:30:37+00:00","article_modified_time":"2022-08-12T14:30:41+00:00","og_image":[{"width":1398,"height":933,"url":"https:\/\/golandpop.com\/wp-content\/uploads\/2022\/08\/Cuartos-de-Final_Copa-CONMEBOL-LIBERTADORES_Talleres-vs-Velez_Foto4.jpg","type":"image\/jpeg"}],"author":"Gol&amp;Pop","twitter_card":"summary_large_image","twitter_creator":"@golandpop","twitter_site":"@golandpop","twitter_misc":{"Escrito por":"Gol&amp;Pop","Tiempo de lectura":"3 minutos"},"schema":{"@context":"https:\/\/schema.org","@graph":[{"@type":"Article","@id":"https:\/\/golandpop.com\/index.php\/2022\/08\/12\/fin-del-sueno-americano\/#article","isPartOf":{"@id":"https:\/\/golandpop.com\/index.php\/2022\/08\/12\/fin-del-sueno-americano\/"},"author":{"name":"Gol&amp;Pop","@id":"https:\/\/golandpop.com\/#\/schema\/person\/2809725861e0da25eaffe2d9b29c9613"},"headline":"Fin del sue\u00f1o americano","datePublished":"2022-08-12T14:30:37+00:00","dateModified":"2022-08-12T14:30:41+00:00","mainEntityOfPage":{"@id":"https:\/\/golandpop.com\/index.php\/2022\/08\/12\/fin-del-sueno-americano\/"},"wordCount":646,"commentCount":0,"publisher":{"@id":"https:\/\/golandpop.com\/#organization"},"image":{"@id":"https:\/\/golandpop.com\/index.php\/2022\/08\/12\/fin-del-sueno-americano\/#primaryimage"},"thumbnailUrl":"https:\/\/golandpop.com\/wp-content\/uploads\/2022\/08\/Cuartos-de-Final_Copa-CONMEBOL-LIBERTADORES_Talleres-vs-Velez_Foto4.jpg","keywords":["f\u00fatbol","portada","Talleres"],"articleSection":["Actualidad","F\u00fatbol","Talleres"],"inLanguage":"es-AR"},{"@type":"WebPage","@id":"https:\/\/golandpop.com\/index.php\/2022\/08\/12\/fin-del-sueno-americano\/","url":"https:\/\/golandpop.com\/index.php\/2022\/08\/12\/fin-del-sueno-americano\/","name":"Fin del sue\u00f1o americano - Golandpop","isPartOf":{"@id":"https:\/\/golandpop.com\/#website"},"primaryImageOfPage":{"@id":"https:\/\/golandpop.com\/index.php\/2022\/08\/12\/fin-del-sueno-americano\/#primaryimage"},"image":{"@id":"https:\/\/golandpop.com\/index.php\/2022\/08\/12\/fin-del-sueno-americano\/#primaryimage"},"thumbnailUrl":"https:\/\/golandpop.com\/wp-content\/uploads\/2022\/08\/Cuartos-de-Final_Copa-CONMEBOL-LIBERTADORES_Talleres-vs-Velez_Foto4.jpg","datePublished":"2022-08-12T14:30:37+00:00","dateModified":"2022-08-12T14:30:41+00:00","breadcrumb":{"@id":"https:\/\/golandpop.com\/index.php\/2022\/08\/12\/fin-del-sueno-americano\/#breadcrumb"},"inLanguage":"es-AR","potentialAction":[{"@type":"ReadAction","target":["https:\/\/golandpop.com\/index.php\/2022\/08\/12\/fin-del-sueno-americano\/"]}]},{"@type":"ImageObject","inLanguage":"es-AR","@id":"https:\/\/golandpop.com\/index.php\/2022\/08\/12\/fin-del-sueno-americano\/#primaryimage","url":"https:\/\/golandpop.com\/wp-content\/uploads\/2022\/08\/Cuartos-de-Final_Copa-CONMEBOL-LIBERTADORES_Talleres-vs-Velez_Foto4.jpg","contentUrl":"https:\/\/golandpop.com\/wp-content\/uploads\/2022\/08\/Cuartos-de-Final_Copa-CONMEBOL-LIBERTADORES_Talleres-vs-Velez_Foto4.jpg","width":1398,"height":933},{"@type":"BreadcrumbList","@id":"https:\/\/golandpop.com\/index.php\/2022\/08\/12\/fin-del-sueno-americano\/#breadcrumb","itemListElement":[{"@type":"ListItem","position":1,"name":"Inicio","item":"https:\/\/golandpop.com\/"},{"@type":"ListItem","position":2,"name":"Fin del sue\u00f1o americano"}]},{"@type":"WebSite","@id":"https:\/\/golandpop.com\/#website","url":"https:\/\/golandpop.com\/","name":"Golandpop","description":"","publisher":{"@id":"https:\/\/golandpop.com\/#organization"},"potentialAction":[{"@type":"SearchAction","target":{"@type":"EntryPoint","urlTemplate":"https:\/\/golandpop.com\/?s={search_term_string}"},"query-input":{"@type":"PropertyValueSpecification","valueRequired":true,"valueName":"search_term_string"}}],"inLanguage":"es-AR"},{"@type":"Organization","@id":"https:\/\/golandpop.com\/#organization","name":"GolandPop","url":"https:\/\/golandpop.com\/","logo":{"@type":"ImageObject","inLanguage":"es-AR","@id":"https:\/\/golandpop.com\/#\/schema\/logo\/image\/","url":"https:\/\/golandpop.com\/wp-content\/uploads\/2020\/04\/favicon_gol_pop.png","contentUrl":"https:\/\/golandpop.com\/wp-content\/uploads\/2020\/04\/favicon_gol_pop.png","width":246,"height":246,"caption":"GolandPop"},"image":{"@id":"https:\/\/golandpop.com\/#\/schema\/logo\/image\/"},"sameAs":["https:\/\/x.com\/golandpop","https:\/\/www.instagram.com\/golandpopcordoba\/"]},{"@type":"Person","@id":"https:\/\/golandpop.com\/#\/schema\/person\/2809725861e0da25eaffe2d9b29c9613","name":"Gol&amp;Pop","image":{"@type":"ImageObject","inLanguage":"es-AR","@id":"https:\/\/golandpop.com\/#\/schema\/person\/image\/","url":"https:\/\/secure.gravatar.com\/avatar\/9a87ee051ca8c77f5d4070843ce2c78cdf95b858b950fb039151de955122f5f5?s=96&d=mm&r=g","contentUrl":"https:\/\/secure.gravatar.com\/avatar\/9a87ee051ca8c77f5d4070843ce2c78cdf95b858b950fb039151de955122f5f5?s=96&d=mm&r=g","caption":"Gol&amp;Pop"},"sameAs":["http:\/\/golandpop.com"],"url":"https:\/\/golandpop.com\/index.php\/author\/admin\/"}]}},"_links":{"self":[{"href":"https:\/\/golandpop.com\/index.php\/wp-json\/wp\/v2\/posts\/20950","targetHints":{"allow":["GET"]}}],"collection":[{"href":"https:\/\/golandpop.com\/index.php\/wp-json\/wp\/v2\/posts"}],"about":[{"href":"https:\/\/golandpop.com\/index.php\/wp-json\/wp\/v2\/types\/post"}],"author":[{"embeddable":true,"href":"https:\/\/golandpop.com\/index.php\/wp-json\/wp\/v2\/users\/1"}],"replies":[{"embeddable":true,"href":"https:\/\/golandpop.com\/index.php\/wp-json\/wp\/v2\/comments?post=20950"}],"version-history":[{"count":11,"href":"https:\/\/golandpop.com\/index.php\/wp-json\/wp\/v2\/posts\/20950\/revisions"}],"predecessor-version":[{"id":20969,"href":"https:\/\/golandpop.com\/index.php\/wp-json\/wp\/v2\/posts\/20950\/revisions\/20969"}],"wp:featuredmedia":[{"embeddable":true,"href":"https:\/\/golandpop.com\/index.php\/wp-json\/wp\/v2\/media\/20968"}],"wp:attachment":[{"href":"https:\/\/golandpop.com\/index.php\/wp-json\/wp\/v2\/media?parent=20950"}],"wp:term":[{"taxonomy":"category","embeddable":true,"href":"https:\/\/golandpop.com\/index.php\/wp-json\/wp\/v2\/categories?post=20950"},{"taxonomy":"post_tag","embeddable":true,"href":"https:\/\/golandpop.com\/index.php\/wp-json\/wp\/v2\/tags?post=20950"}],"curies":[{"name":"wp","href":"https:\/\/api.w.org\/{rel}","templated":true}]}}