{"id":20915,"date":"2022-08-10T11:10:22","date_gmt":"2022-08-10T14:10:22","guid":{"rendered":"https:\/\/golandpop.com\/?p=20915"},"modified":"2022-08-10T11:11:58","modified_gmt":"2022-08-10T14:11:58","slug":"talleres-vs-velez-por-la-copa-libertadores","status":"publish","type":"post","link":"https:\/\/golandpop.com\/index.php\/2022\/08\/10\/talleres-vs-velez-por-la-copa-libertadores\/","title":{"rendered":"Talleres vs V\u00e9lez por la Copa Libertadores"},"content":{"rendered":"\n<p><em>Talleres recibe a V\u00e9lez en el Mario Alberto Kempes este mi\u00e9rcoles a las 21:30 por la vuelta de los cuartos de final de la <a href=\"https:\/\/golandpop.com\/?s=libertadores\">Conmebol Libertadores<\/a> y lo viv\u00eds por <a href=\"https:\/\/golandpop.com\/\">GOLANDPOP<\/a> y m\u00e1s de 60 medios en todo el pa\u00eds. El \u00e1rbitro del partido ser\u00e1 el paraguayo Eber Aquino.<\/em><\/p>\n\n\n\n<a title=\"Radio en vivo!\" href=\"http:\/\/radiosenlinea.xyz\/golandpop\" target=\"_blank\" rel=\"noopener noreferrer\"><img decoding=\"async\" src=\"https:\/\/golandpop.com\/wp-content\/uploads\/2020\/08\/WhatsApp-Image-2020-08-15-at-19.54.59.jpeg\" height=\"100\" alt=\"\"><\/a> <br>\n\n\n\n<p><\/p>\n\n\n\n<p>Tras la derrota en el partido de ida en Liniers por 3 a 2, el equipo de Pedro Caixinha busca revertir el resultado global ante el <a href=\"https:\/\/golandpop.com\/?s=Velez\">Fort\u00edn<\/a> y avanzar a semifinales por primera vez en su historia. En la liga profesional, <a href=\"https:\/\/golandpop.com\/index.php\/category\/talleres\/\">Talleres<\/a> le gan\u00f3 a Argentinos Juniors en condici\u00f3n de local por 2 a 0 y se mantiene en la 24ta posici\u00f3n con 12 puntos.<\/p>\n\n\n\n<p>Por el lado del equipo dirigido por Alexander Medina, el \u00faltimo fin de semana cay\u00f3 ante Uni\u00f3n en Santa Fe por 2 a 1. En la tabla se encuentra en la 26ta posici\u00f3n con 9 unidades. Mal campeonato para el fort\u00edn que quiere hacer historia en C\u00f3rdoba eliminando a Talleres y avanzando a semifinales de Libertadores.<\/p>\n\n\n\n<p>El historial entre Talleres y V\u00e9lez arroja 19 triunfos para el Fort\u00edn, 18 victorias para el Matador y 15 igualdades. El ganador de este choque enfrentar\u00e1 a Flamengo, que elimin\u00f3 a Corinthians con un global de 3 a 0.<\/p>\n\n\n\n<p><strong><em>Posibles formaciones:<\/em><\/strong><\/p>\n\n\n\n<p><strong>Talleres:<\/strong> Guido Herrera; Gast\u00f3n Benav\u00eddez, Mat\u00edas Catal\u00e1n, Rafael P\u00e9rez y Enzo D\u00edaz; Rodrigo Villagra y Alan Franco; Rodrigo Garro, Mat\u00edas Godoy y Diego Valoyes; Federico Girotti. DT: Pedro Caixinha.<\/p>\n\n\n\n<p><strong>V\u00e9lez:<\/strong> Lucas Hoyos; Leonardo Jara, Mat\u00edas De los Santos, Valent\u00edn G\u00f3mez y Francisco Ortega; Nicol\u00e1s Garayalde y M\u00e1ximo Perrone; Luca Orellano, Walter Bou, Lucas Janson; Lucas Pratto. DT: Alexander Medina.<\/p>\n","protected":false},"excerpt":{"rendered":"<p>La gran revancha<\/p>\n","protected":false},"author":1,"featured_media":20935,"comment_status":"open","ping_status":"open","sticky":false,"template":"","format":"standard","meta":{"footnotes":""},"categories":[29,39],"tags":[120,950,285,270],"class_list":["post-20915","post","type-post","status-publish","format-standard","has-post-thumbnail","hentry","category-agenda","category-futbol","tag-copa-libertadores","tag-portada","tag-talleres-2","tag-velez"],"yoast_head":"<!-- This site is optimized with the Yoast SEO plugin v26.1.1 - https:\/\/yoast.com\/wordpress\/plugins\/seo\/ -->\n<title>Talleres vs V\u00e9lez por la Copa Libertadores - Golandpop<\/title>\n<meta name=\"robots\" content=\"index, follow, max-snippet:-1, max-image-preview:large, max-video-preview:-1\" \/>\n<link rel=\"canonical\" href=\"https:\/\/golandpop.com\/index.php\/2022\/08\/10\/talleres-vs-velez-por-la-copa-libertadores\/\" \/>\n<meta property=\"og:locale\" content=\"es_ES\" \/>\n<meta property=\"og:type\" content=\"article\" \/>\n<meta property=\"og:title\" content=\"Talleres vs V\u00e9lez por la Copa Libertadores - Golandpop\" \/>\n<meta property=\"og:description\" content=\"La gran revancha\" \/>\n<meta property=\"og:url\" content=\"https:\/\/golandpop.com\/index.php\/2022\/08\/10\/talleres-vs-velez-por-la-copa-libertadores\/\" \/>\n<meta property=\"og:site_name\" content=\"Golandpop\" \/>\n<meta property=\"article:published_time\" content=\"2022-08-10T14:10:22+00:00\" \/>\n<meta property=\"article:modified_time\" content=\"2022-08-10T14:11:58+00:00\" \/>\n<meta property=\"og:image\" content=\"https:\/\/golandpop.com\/wp-content\/uploads\/2022\/08\/YWKJSGZSCYCQRCONPZLRUREPSU.jpg\" \/>\n\t<meta property=\"og:image:width\" content=\"1952\" \/>\n\t<meta property=\"og:image:height\" content=\"1098\" \/>\n\t<meta property=\"og:image:type\" content=\"image\/jpeg\" \/>\n<meta name=\"author\" content=\"Gol&amp;Pop\" \/>\n<meta name=\"twitter:card\" content=\"summary_large_image\" \/>\n<meta name=\"twitter:creator\" content=\"@golandpop\" \/>\n<meta name=\"twitter:site\" content=\"@golandpop\" \/>\n<meta name=\"twitter:label1\" content=\"Escrito por\" \/>\n\t<meta name=\"twitter:data1\" content=\"Gol&amp;Pop\" \/>\n\t<meta name=\"twitter:label2\" content=\"Tiempo de lectura\" \/>\n\t<meta name=\"twitter:data2\" content=\"1 minuto\" \/>\n<script type=\"application\/ld+json\" class=\"yoast-schema-graph\">{\"@context\":\"https:\/\/schema.org\",\"@graph\":[{\"@type\":\"Article\",\"@id\":\"https:\/\/golandpop.com\/index.php\/2022\/08\/10\/talleres-vs-velez-por-la-copa-libertadores\/#article\",\"isPartOf\":{\"@id\":\"https:\/\/golandpop.com\/index.php\/2022\/08\/10\/talleres-vs-velez-por-la-copa-libertadores\/\"},\"author\":{\"name\":\"Gol&amp;Pop\",\"@id\":\"https:\/\/golandpop.com\/#\/schema\/person\/2809725861e0da25eaffe2d9b29c9613\"},\"headline\":\"Talleres vs V\u00e9lez por la Copa Libertadores\",\"datePublished\":\"2022-08-10T14:10:22+00:00\",\"dateModified\":\"2022-08-10T14:11:58+00:00\",\"mainEntityOfPage\":{\"@id\":\"https:\/\/golandpop.com\/index.php\/2022\/08\/10\/talleres-vs-velez-por-la-copa-libertadores\/\"},\"wordCount\":290,\"commentCount\":0,\"publisher\":{\"@id\":\"https:\/\/golandpop.com\/#organization\"},\"image\":{\"@id\":\"https:\/\/golandpop.com\/index.php\/2022\/08\/10\/talleres-vs-velez-por-la-copa-libertadores\/#primaryimage\"},\"thumbnailUrl\":\"https:\/\/golandpop.com\/wp-content\/uploads\/2022\/08\/YWKJSGZSCYCQRCONPZLRUREPSU.jpg\",\"keywords\":[\"Copa Libertadores\",\"portada\",\"Talleres\",\"V\u00e9lez\"],\"articleSection\":[\"Agenda\",\"F\u00fatbol\"],\"inLanguage\":\"es-AR\"},{\"@type\":\"WebPage\",\"@id\":\"https:\/\/golandpop.com\/index.php\/2022\/08\/10\/talleres-vs-velez-por-la-copa-libertadores\/\",\"url\":\"https:\/\/golandpop.com\/index.php\/2022\/08\/10\/talleres-vs-velez-por-la-copa-libertadores\/\",\"name\":\"Talleres vs V\u00e9lez por la Copa Libertadores - Golandpop\",\"isPartOf\":{\"@id\":\"https:\/\/golandpop.com\/#website\"},\"primaryImageOfPage\":{\"@id\":\"https:\/\/golandpop.com\/index.php\/2022\/08\/10\/talleres-vs-velez-por-la-copa-libertadores\/#primaryimage\"},\"image\":{\"@id\":\"https:\/\/golandpop.com\/index.php\/2022\/08\/10\/talleres-vs-velez-por-la-copa-libertadores\/#primaryimage\"},\"thumbnailUrl\":\"https:\/\/golandpop.com\/wp-content\/uploads\/2022\/08\/YWKJSGZSCYCQRCONPZLRUREPSU.jpg\",\"datePublished\":\"2022-08-10T14:10:22+00:00\",\"dateModified\":\"2022-08-10T14:11:58+00:00\",\"breadcrumb\":{\"@id\":\"https:\/\/golandpop.com\/index.php\/2022\/08\/10\/talleres-vs-velez-por-la-copa-libertadores\/#breadcrumb\"},\"inLanguage\":\"es-AR\",\"potentialAction\":[{\"@type\":\"ReadAction\",\"target\":[\"https:\/\/golandpop.com\/index.php\/2022\/08\/10\/talleres-vs-velez-por-la-copa-libertadores\/\"]}]},{\"@type\":\"ImageObject\",\"inLanguage\":\"es-AR\",\"@id\":\"https:\/\/golandpop.com\/index.php\/2022\/08\/10\/talleres-vs-velez-por-la-copa-libertadores\/#primaryimage\",\"url\":\"https:\/\/golandpop.com\/wp-content\/uploads\/2022\/08\/YWKJSGZSCYCQRCONPZLRUREPSU.jpg\",\"contentUrl\":\"https:\/\/golandpop.com\/wp-content\/uploads\/2022\/08\/YWKJSGZSCYCQRCONPZLRUREPSU.jpg\",\"width\":1952,\"height\":1098},{\"@type\":\"BreadcrumbList\",\"@id\":\"https:\/\/golandpop.com\/index.php\/2022\/08\/10\/talleres-vs-velez-por-la-copa-libertadores\/#breadcrumb\",\"itemListElement\":[{\"@type\":\"ListItem\",\"position\":1,\"name\":\"Inicio\",\"item\":\"https:\/\/golandpop.com\/\"},{\"@type\":\"ListItem\",\"position\":2,\"name\":\"Talleres vs V\u00e9lez por la Copa Libertadores\"}]},{\"@type\":\"WebSite\",\"@id\":\"https:\/\/golandpop.com\/#website\",\"url\":\"https:\/\/golandpop.com\/\",\"name\":\"Golandpop\",\"description\":\"\",\"publisher\":{\"@id\":\"https:\/\/golandpop.com\/#organization\"},\"potentialAction\":[{\"@type\":\"SearchAction\",\"target\":{\"@type\":\"EntryPoint\",\"urlTemplate\":\"https:\/\/golandpop.com\/?s={search_term_string}\"},\"query-input\":{\"@type\":\"PropertyValueSpecification\",\"valueRequired\":true,\"valueName\":\"search_term_string\"}}],\"inLanguage\":\"es-AR\"},{\"@type\":\"Organization\",\"@id\":\"https:\/\/golandpop.com\/#organization\",\"name\":\"GolandPop\",\"url\":\"https:\/\/golandpop.com\/\",\"logo\":{\"@type\":\"ImageObject\",\"inLanguage\":\"es-AR\",\"@id\":\"https:\/\/golandpop.com\/#\/schema\/logo\/image\/\",\"url\":\"https:\/\/golandpop.com\/wp-content\/uploads\/2020\/04\/favicon_gol_pop.png\",\"contentUrl\":\"https:\/\/golandpop.com\/wp-content\/uploads\/2020\/04\/favicon_gol_pop.png\",\"width\":246,\"height\":246,\"caption\":\"GolandPop\"},\"image\":{\"@id\":\"https:\/\/golandpop.com\/#\/schema\/logo\/image\/\"},\"sameAs\":[\"https:\/\/x.com\/golandpop\",\"https:\/\/www.instagram.com\/golandpopcordoba\/\"]},{\"@type\":\"Person\",\"@id\":\"https:\/\/golandpop.com\/#\/schema\/person\/2809725861e0da25eaffe2d9b29c9613\",\"name\":\"Gol&amp;Pop\",\"image\":{\"@type\":\"ImageObject\",\"inLanguage\":\"es-AR\",\"@id\":\"https:\/\/golandpop.com\/#\/schema\/person\/image\/\",\"url\":\"https:\/\/secure.gravatar.com\/avatar\/9a87ee051ca8c77f5d4070843ce2c78cdf95b858b950fb039151de955122f5f5?s=96&d=mm&r=g\",\"contentUrl\":\"https:\/\/secure.gravatar.com\/avatar\/9a87ee051ca8c77f5d4070843ce2c78cdf95b858b950fb039151de955122f5f5?s=96&d=mm&r=g\",\"caption\":\"Gol&amp;Pop\"},\"sameAs\":[\"http:\/\/golandpop.com\"],\"url\":\"https:\/\/golandpop.com\/index.php\/author\/admin\/\"}]}<\/script>\n<!-- \/ Yoast SEO plugin. -->","yoast_head_json":{"title":"Talleres vs V\u00e9lez por la Copa Libertadores - Golandpop","robots":{"index":"index","follow":"follow","max-snippet":"max-snippet:-1","max-image-preview":"max-image-preview:large","max-video-preview":"max-video-preview:-1"},"canonical":"https:\/\/golandpop.com\/index.php\/2022\/08\/10\/talleres-vs-velez-por-la-copa-libertadores\/","og_locale":"es_ES","og_type":"article","og_title":"Talleres vs V\u00e9lez por la Copa Libertadores - Golandpop","og_description":"La gran revancha","og_url":"https:\/\/golandpop.com\/index.php\/2022\/08\/10\/talleres-vs-velez-por-la-copa-libertadores\/","og_site_name":"Golandpop","article_published_time":"2022-08-10T14:10:22+00:00","article_modified_time":"2022-08-10T14:11:58+00:00","og_image":[{"width":1952,"height":1098,"url":"https:\/\/golandpop.com\/wp-content\/uploads\/2022\/08\/YWKJSGZSCYCQRCONPZLRUREPSU.jpg","type":"image\/jpeg"}],"author":"Gol&amp;Pop","twitter_card":"summary_large_image","twitter_creator":"@golandpop","twitter_site":"@golandpop","twitter_misc":{"Escrito por":"Gol&amp;Pop","Tiempo de lectura":"1 minuto"},"schema":{"@context":"https:\/\/schema.org","@graph":[{"@type":"Article","@id":"https:\/\/golandpop.com\/index.php\/2022\/08\/10\/talleres-vs-velez-por-la-copa-libertadores\/#article","isPartOf":{"@id":"https:\/\/golandpop.com\/index.php\/2022\/08\/10\/talleres-vs-velez-por-la-copa-libertadores\/"},"author":{"name":"Gol&amp;Pop","@id":"https:\/\/golandpop.com\/#\/schema\/person\/2809725861e0da25eaffe2d9b29c9613"},"headline":"Talleres vs V\u00e9lez por la Copa Libertadores","datePublished":"2022-08-10T14:10:22+00:00","dateModified":"2022-08-10T14:11:58+00:00","mainEntityOfPage":{"@id":"https:\/\/golandpop.com\/index.php\/2022\/08\/10\/talleres-vs-velez-por-la-copa-libertadores\/"},"wordCount":290,"commentCount":0,"publisher":{"@id":"https:\/\/golandpop.com\/#organization"},"image":{"@id":"https:\/\/golandpop.com\/index.php\/2022\/08\/10\/talleres-vs-velez-por-la-copa-libertadores\/#primaryimage"},"thumbnailUrl":"https:\/\/golandpop.com\/wp-content\/uploads\/2022\/08\/YWKJSGZSCYCQRCONPZLRUREPSU.jpg","keywords":["Copa Libertadores","portada","Talleres","V\u00e9lez"],"articleSection":["Agenda","F\u00fatbol"],"inLanguage":"es-AR"},{"@type":"WebPage","@id":"https:\/\/golandpop.com\/index.php\/2022\/08\/10\/talleres-vs-velez-por-la-copa-libertadores\/","url":"https:\/\/golandpop.com\/index.php\/2022\/08\/10\/talleres-vs-velez-por-la-copa-libertadores\/","name":"Talleres vs V\u00e9lez por la Copa Libertadores - Golandpop","isPartOf":{"@id":"https:\/\/golandpop.com\/#website"},"primaryImageOfPage":{"@id":"https:\/\/golandpop.com\/index.php\/2022\/08\/10\/talleres-vs-velez-por-la-copa-libertadores\/#primaryimage"},"image":{"@id":"https:\/\/golandpop.com\/index.php\/2022\/08\/10\/talleres-vs-velez-por-la-copa-libertadores\/#primaryimage"},"thumbnailUrl":"https:\/\/golandpop.com\/wp-content\/uploads\/2022\/08\/YWKJSGZSCYCQRCONPZLRUREPSU.jpg","datePublished":"2022-08-10T14:10:22+00:00","dateModified":"2022-08-10T14:11:58+00:00","breadcrumb":{"@id":"https:\/\/golandpop.com\/index.php\/2022\/08\/10\/talleres-vs-velez-por-la-copa-libertadores\/#breadcrumb"},"inLanguage":"es-AR","potentialAction":[{"@type":"ReadAction","target":["https:\/\/golandpop.com\/index.php\/2022\/08\/10\/talleres-vs-velez-por-la-copa-libertadores\/"]}]},{"@type":"ImageObject","inLanguage":"es-AR","@id":"https:\/\/golandpop.com\/index.php\/2022\/08\/10\/talleres-vs-velez-por-la-copa-libertadores\/#primaryimage","url":"https:\/\/golandpop.com\/wp-content\/uploads\/2022\/08\/YWKJSGZSCYCQRCONPZLRUREPSU.jpg","contentUrl":"https:\/\/golandpop.com\/wp-content\/uploads\/2022\/08\/YWKJSGZSCYCQRCONPZLRUREPSU.jpg","width":1952,"height":1098},{"@type":"BreadcrumbList","@id":"https:\/\/golandpop.com\/index.php\/2022\/08\/10\/talleres-vs-velez-por-la-copa-libertadores\/#breadcrumb","itemListElement":[{"@type":"ListItem","position":1,"name":"Inicio","item":"https:\/\/golandpop.com\/"},{"@type":"ListItem","position":2,"name":"Talleres vs V\u00e9lez por la Copa Libertadores"}]},{"@type":"WebSite","@id":"https:\/\/golandpop.com\/#website","url":"https:\/\/golandpop.com\/","name":"Golandpop","description":"","publisher":{"@id":"https:\/\/golandpop.com\/#organization"},"potentialAction":[{"@type":"SearchAction","target":{"@type":"EntryPoint","urlTemplate":"https:\/\/golandpop.com\/?s={search_term_string}"},"query-input":{"@type":"PropertyValueSpecification","valueRequired":true,"valueName":"search_term_string"}}],"inLanguage":"es-AR"},{"@type":"Organization","@id":"https:\/\/golandpop.com\/#organization","name":"GolandPop","url":"https:\/\/golandpop.com\/","logo":{"@type":"ImageObject","inLanguage":"es-AR","@id":"https:\/\/golandpop.com\/#\/schema\/logo\/image\/","url":"https:\/\/golandpop.com\/wp-content\/uploads\/2020\/04\/favicon_gol_pop.png","contentUrl":"https:\/\/golandpop.com\/wp-content\/uploads\/2020\/04\/favicon_gol_pop.png","width":246,"height":246,"caption":"GolandPop"},"image":{"@id":"https:\/\/golandpop.com\/#\/schema\/logo\/image\/"},"sameAs":["https:\/\/x.com\/golandpop","https:\/\/www.instagram.com\/golandpopcordoba\/"]},{"@type":"Person","@id":"https:\/\/golandpop.com\/#\/schema\/person\/2809725861e0da25eaffe2d9b29c9613","name":"Gol&amp;Pop","image":{"@type":"ImageObject","inLanguage":"es-AR","@id":"https:\/\/golandpop.com\/#\/schema\/person\/image\/","url":"https:\/\/secure.gravatar.com\/avatar\/9a87ee051ca8c77f5d4070843ce2c78cdf95b858b950fb039151de955122f5f5?s=96&d=mm&r=g","contentUrl":"https:\/\/secure.gravatar.com\/avatar\/9a87ee051ca8c77f5d4070843ce2c78cdf95b858b950fb039151de955122f5f5?s=96&d=mm&r=g","caption":"Gol&amp;Pop"},"sameAs":["http:\/\/golandpop.com"],"url":"https:\/\/golandpop.com\/index.php\/author\/admin\/"}]}},"_links":{"self":[{"href":"https:\/\/golandpop.com\/index.php\/wp-json\/wp\/v2\/posts\/20915","targetHints":{"allow":["GET"]}}],"collection":[{"href":"https:\/\/golandpop.com\/index.php\/wp-json\/wp\/v2\/posts"}],"about":[{"href":"https:\/\/golandpop.com\/index.php\/wp-json\/wp\/v2\/types\/post"}],"author":[{"embeddable":true,"href":"https:\/\/golandpop.com\/index.php\/wp-json\/wp\/v2\/users\/1"}],"replies":[{"embeddable":true,"href":"https:\/\/golandpop.com\/index.php\/wp-json\/wp\/v2\/comments?post=20915"}],"version-history":[{"count":6,"href":"https:\/\/golandpop.com\/index.php\/wp-json\/wp\/v2\/posts\/20915\/revisions"}],"predecessor-version":[{"id":20940,"href":"https:\/\/golandpop.com\/index.php\/wp-json\/wp\/v2\/posts\/20915\/revisions\/20940"}],"wp:featuredmedia":[{"embeddable":true,"href":"https:\/\/golandpop.com\/index.php\/wp-json\/wp\/v2\/media\/20935"}],"wp:attachment":[{"href":"https:\/\/golandpop.com\/index.php\/wp-json\/wp\/v2\/media?parent=20915"}],"wp:term":[{"taxonomy":"category","embeddable":true,"href":"https:\/\/golandpop.com\/index.php\/wp-json\/wp\/v2\/categories?post=20915"},{"taxonomy":"post_tag","embeddable":true,"href":"https:\/\/golandpop.com\/index.php\/wp-json\/wp\/v2\/tags?post=20915"}],"curies":[{"name":"wp","href":"https:\/\/api.w.org\/{rel}","templated":true}]}}