{"id":20837,"date":"2022-08-06T14:42:45","date_gmt":"2022-08-06T17:42:45","guid":{"rendered":"https:\/\/golandpop.com\/?p=20837"},"modified":"2022-08-06T14:42:49","modified_gmt":"2022-08-06T17:42:49","slug":"boca-vs-platense-por-la-liga-profesional","status":"publish","type":"post","link":"https:\/\/golandpop.com\/index.php\/2022\/08\/06\/boca-vs-platense-por-la-liga-profesional\/","title":{"rendered":"Boca vs Platense por la Liga Profesional"},"content":{"rendered":"\n<p><em>Boca recibe a Platense en La Bombonera este s\u00e1bado desde las 21 por la fecha 12 de la <a href=\"https:\/\/golandpop.com\/?s=Liga+Profesional\">Liga Profesional<\/a>. Lo viv\u00eds por <a href=\"https:\/\/golandpop.com\/\">GOLANDPOP<\/a> y m\u00e1s de 60 medios en todo el pa\u00eds<\/em>.<\/p>\n\n\n\n<a title=\"Radio en vivo!\" href=\"http:\/\/radiosenlinea.xyz\/golandpop\" target=\"_blank\" rel=\"noopener noreferrer\"><img decoding=\"async\" src=\"https:\/\/golandpop.com\/wp-content\/uploads\/2020\/08\/WhatsApp-Image-2020-08-15-at-19.54.59.jpeg\" height=\"100\" alt=\"\"><\/a> <br>\n\n\n\n<p>El equipo de Hugo Ibarra viene de dar una triste imagen en Paran\u00e1 ante Patronato al caer por 3 a 0 y busca volver al triunfo en su casa ante un rival que viene sexto en este torneo y vuelve a La Boca tras 23 a\u00f1os. El \u00fanico cambio con respecto al \u00faltimo partido ser\u00e1 en el lateral izquierdo: adentro Agust\u00edn Sandez en reemplazo de Frank Fabra. <\/p>\n\n\n\n<p>La idea del cuerpo t\u00e9cnico es cuidar al colombiano ya que Boca tiene por delante dos partidos important\u00edsimos. Agropecuario en Salta por Copa Argentina y Racing en Avellaneda el pr\u00f3ximo fin de semana. El Xeneize est\u00e1 en la 15ta posici\u00f3n con 15 unidades.<\/p>\n\n\n\n<p>Por el lado de Platense, en su \u00faltimo partido igual\u00f3 sin goles ante Barracas Central en condici\u00f3n de local. Si bien el t\u00e9cnico Omar De Felippe piensa mantener la base en los once que vienen disputando los \u00faltimos partidos, no descarta que Horacio Tijanovich reemplace a Rodrigo Contreras en ofensiva. <\/p>\n\n\n\n<p>Historial entre <a href=\"https:\/\/golandpop.com\/?s=Boca\">Boca<\/a> y <a href=\"https:\/\/golandpop.com\/?s=Platense\">Platense<\/a>: 114 partidos; Boca gan\u00f3 54, Platense gan\u00f3 27 y empataron en 42 oportunidades. El \u00faltimo partido entre ambos fue el 25 de agosto de 2021 en Vicente L\u00f3pez. Triunfo de aquel equipo de Battaglia por 3 a 1.<\/p>\n\n\n\n<figure class=\"wp-block-embed-twitter wp-block-embed is-type-rich is-provider-twitter\"><div class=\"wp-block-embed__wrapper\">\n<blockquote class=\"twitter-tweet\" data-width=\"550\" data-dnt=\"true\"><p lang=\"es\" dir=\"ltr\">\ud83d\udc4a\u26bd\ufe0f \u00a1XENEIZES Y CALAMARES! <a href=\"https:\/\/twitter.com\/hashtag\/Boca?src=hash&amp;ref_src=twsrc%5Etfw\">#Boca<\/a> recibe a <a href=\"https:\/\/twitter.com\/hashtag\/Platense?src=hash&amp;ref_src=twsrc%5Etfw\">#Platense<\/a> en La Bombonera por la fecha 12 de la <a href=\"https:\/\/twitter.com\/hashtag\/LigaProfesional?src=hash&amp;ref_src=twsrc%5Etfw\">#LigaProfesional<\/a> <br><br>\ud83d\udcfb Lo viv\u00eds junto a Cadena <a href=\"https:\/\/twitter.com\/golandpop?ref_src=twsrc%5Etfw\">@golandpop<\/a> en FM 106.1 y m\u00e1s de 60 radios de Argentina. <a href=\"https:\/\/t.co\/G0EjAHsSpL\">pic.twitter.com\/G0EjAHsSpL<\/a><\/p>&mdash; GOLANDPOP (@golandpop) <a href=\"https:\/\/twitter.com\/golandpop\/status\/1555895830015614976?ref_src=twsrc%5Etfw\">August 6, 2022<\/a><\/blockquote><script async src=\"https:\/\/platform.twitter.com\/widgets.js\" charset=\"utf-8\"><\/script>\n<\/div><\/figure>\n\n\n\n<p><strong><em>\u00b4Posibles formaciones:<\/em><\/strong><\/p>\n\n\n\n<p><strong>Boca:<\/strong> Agust\u00edn Rossi; Luis Adv\u00edncula, Facundo Roncaglia, Carlos Zambrano, Agust\u00edn S\u00e1ndez; Pol Fern\u00e1ndez, Alan Varela, Juan Ram\u00edrez; \u00d3scar Romero, Luis V\u00e1zquez, Sebasti\u00e1n Villa. DT: Hugo Ibarra.<\/p>\n\n\n\n<p><strong>Platense:<\/strong> Marcos Ledesma; Nicol\u00e1s Morgantini, Ramiro Gonz\u00e1lez, Gast\u00f3n Suso y Juan Infante; Ignacio Schor, Carlos Villalba, Federico Gino, Vicente Taborda; Mauro Z\u00e1rate, Rodrigo Contreras. DT: Omar De Felippe.<\/p>\n\n\n\n<p><\/p>\n","protected":false},"excerpt":{"rendered":"<p>Con el objetivo de volver al triunfo<\/p>\n","protected":false},"author":1,"featured_media":20839,"comment_status":"open","ping_status":"open","sticky":false,"template":"","format":"standard","meta":{"footnotes":""},"categories":[29,39],"tags":[467,383,407,950],"class_list":["post-20837","post","type-post","status-publish","format-standard","has-post-thumbnail","hentry","category-agenda","category-futbol","tag-boca-2","tag-liga-profesional","tag-platense","tag-portada"],"yoast_head":"<!-- This site is optimized with the Yoast SEO plugin v26.1.1 - https:\/\/yoast.com\/wordpress\/plugins\/seo\/ -->\n<title>Boca vs Platense por la Liga Profesional - Golandpop<\/title>\n<meta name=\"robots\" content=\"index, follow, max-snippet:-1, max-image-preview:large, max-video-preview:-1\" \/>\n<link rel=\"canonical\" href=\"https:\/\/golandpop.com\/index.php\/2022\/08\/06\/boca-vs-platense-por-la-liga-profesional\/\" \/>\n<meta property=\"og:locale\" content=\"es_ES\" \/>\n<meta property=\"og:type\" content=\"article\" \/>\n<meta property=\"og:title\" content=\"Boca vs Platense por la Liga Profesional - Golandpop\" \/>\n<meta property=\"og:description\" content=\"Con el objetivo de volver al triunfo\" \/>\n<meta property=\"og:url\" content=\"https:\/\/golandpop.com\/index.php\/2022\/08\/06\/boca-vs-platense-por-la-liga-profesional\/\" \/>\n<meta property=\"og:site_name\" content=\"Golandpop\" \/>\n<meta property=\"article:published_time\" content=\"2022-08-06T17:42:45+00:00\" \/>\n<meta property=\"article:modified_time\" content=\"2022-08-06T17:42:49+00:00\" \/>\n<meta property=\"og:image\" content=\"https:\/\/golandpop.com\/wp-content\/uploads\/2022\/08\/6432d3de93b35920c58928272d5b8226ca167ac8.jpg\" \/>\n\t<meta property=\"og:image:width\" content=\"1920\" \/>\n\t<meta property=\"og:image:height\" content=\"1080\" \/>\n\t<meta property=\"og:image:type\" content=\"image\/jpeg\" \/>\n<meta name=\"author\" content=\"Gol&amp;Pop\" \/>\n<meta name=\"twitter:card\" content=\"summary_large_image\" \/>\n<meta name=\"twitter:creator\" content=\"@golandpop\" \/>\n<meta name=\"twitter:site\" content=\"@golandpop\" \/>\n<meta name=\"twitter:label1\" content=\"Escrito por\" \/>\n\t<meta name=\"twitter:data1\" content=\"Gol&amp;Pop\" \/>\n\t<meta name=\"twitter:label2\" content=\"Tiempo de lectura\" \/>\n\t<meta name=\"twitter:data2\" content=\"2 minutos\" \/>\n<script type=\"application\/ld+json\" class=\"yoast-schema-graph\">{\"@context\":\"https:\/\/schema.org\",\"@graph\":[{\"@type\":\"Article\",\"@id\":\"https:\/\/golandpop.com\/index.php\/2022\/08\/06\/boca-vs-platense-por-la-liga-profesional\/#article\",\"isPartOf\":{\"@id\":\"https:\/\/golandpop.com\/index.php\/2022\/08\/06\/boca-vs-platense-por-la-liga-profesional\/\"},\"author\":{\"name\":\"Gol&amp;Pop\",\"@id\":\"https:\/\/golandpop.com\/#\/schema\/person\/2809725861e0da25eaffe2d9b29c9613\"},\"headline\":\"Boca vs Platense por la Liga Profesional\",\"datePublished\":\"2022-08-06T17:42:45+00:00\",\"dateModified\":\"2022-08-06T17:42:49+00:00\",\"mainEntityOfPage\":{\"@id\":\"https:\/\/golandpop.com\/index.php\/2022\/08\/06\/boca-vs-platense-por-la-liga-profesional\/\"},\"wordCount\":323,\"commentCount\":0,\"publisher\":{\"@id\":\"https:\/\/golandpop.com\/#organization\"},\"image\":{\"@id\":\"https:\/\/golandpop.com\/index.php\/2022\/08\/06\/boca-vs-platense-por-la-liga-profesional\/#primaryimage\"},\"thumbnailUrl\":\"https:\/\/golandpop.com\/wp-content\/uploads\/2022\/08\/6432d3de93b35920c58928272d5b8226ca167ac8.jpg\",\"keywords\":[\"Boca\",\"Liga Profesional\",\"Platense\",\"portada\"],\"articleSection\":[\"Agenda\",\"F\u00fatbol\"],\"inLanguage\":\"es-AR\"},{\"@type\":\"WebPage\",\"@id\":\"https:\/\/golandpop.com\/index.php\/2022\/08\/06\/boca-vs-platense-por-la-liga-profesional\/\",\"url\":\"https:\/\/golandpop.com\/index.php\/2022\/08\/06\/boca-vs-platense-por-la-liga-profesional\/\",\"name\":\"Boca vs Platense por la Liga Profesional - Golandpop\",\"isPartOf\":{\"@id\":\"https:\/\/golandpop.com\/#website\"},\"primaryImageOfPage\":{\"@id\":\"https:\/\/golandpop.com\/index.php\/2022\/08\/06\/boca-vs-platense-por-la-liga-profesional\/#primaryimage\"},\"image\":{\"@id\":\"https:\/\/golandpop.com\/index.php\/2022\/08\/06\/boca-vs-platense-por-la-liga-profesional\/#primaryimage\"},\"thumbnailUrl\":\"https:\/\/golandpop.com\/wp-content\/uploads\/2022\/08\/6432d3de93b35920c58928272d5b8226ca167ac8.jpg\",\"datePublished\":\"2022-08-06T17:42:45+00:00\",\"dateModified\":\"2022-08-06T17:42:49+00:00\",\"breadcrumb\":{\"@id\":\"https:\/\/golandpop.com\/index.php\/2022\/08\/06\/boca-vs-platense-por-la-liga-profesional\/#breadcrumb\"},\"inLanguage\":\"es-AR\",\"potentialAction\":[{\"@type\":\"ReadAction\",\"target\":[\"https:\/\/golandpop.com\/index.php\/2022\/08\/06\/boca-vs-platense-por-la-liga-profesional\/\"]}]},{\"@type\":\"ImageObject\",\"inLanguage\":\"es-AR\",\"@id\":\"https:\/\/golandpop.com\/index.php\/2022\/08\/06\/boca-vs-platense-por-la-liga-profesional\/#primaryimage\",\"url\":\"https:\/\/golandpop.com\/wp-content\/uploads\/2022\/08\/6432d3de93b35920c58928272d5b8226ca167ac8.jpg\",\"contentUrl\":\"https:\/\/golandpop.com\/wp-content\/uploads\/2022\/08\/6432d3de93b35920c58928272d5b8226ca167ac8.jpg\",\"width\":1920,\"height\":1080},{\"@type\":\"BreadcrumbList\",\"@id\":\"https:\/\/golandpop.com\/index.php\/2022\/08\/06\/boca-vs-platense-por-la-liga-profesional\/#breadcrumb\",\"itemListElement\":[{\"@type\":\"ListItem\",\"position\":1,\"name\":\"Inicio\",\"item\":\"https:\/\/golandpop.com\/\"},{\"@type\":\"ListItem\",\"position\":2,\"name\":\"Boca vs Platense por la Liga Profesional\"}]},{\"@type\":\"WebSite\",\"@id\":\"https:\/\/golandpop.com\/#website\",\"url\":\"https:\/\/golandpop.com\/\",\"name\":\"Golandpop\",\"description\":\"\",\"publisher\":{\"@id\":\"https:\/\/golandpop.com\/#organization\"},\"potentialAction\":[{\"@type\":\"SearchAction\",\"target\":{\"@type\":\"EntryPoint\",\"urlTemplate\":\"https:\/\/golandpop.com\/?s={search_term_string}\"},\"query-input\":{\"@type\":\"PropertyValueSpecification\",\"valueRequired\":true,\"valueName\":\"search_term_string\"}}],\"inLanguage\":\"es-AR\"},{\"@type\":\"Organization\",\"@id\":\"https:\/\/golandpop.com\/#organization\",\"name\":\"GolandPop\",\"url\":\"https:\/\/golandpop.com\/\",\"logo\":{\"@type\":\"ImageObject\",\"inLanguage\":\"es-AR\",\"@id\":\"https:\/\/golandpop.com\/#\/schema\/logo\/image\/\",\"url\":\"https:\/\/golandpop.com\/wp-content\/uploads\/2020\/04\/favicon_gol_pop.png\",\"contentUrl\":\"https:\/\/golandpop.com\/wp-content\/uploads\/2020\/04\/favicon_gol_pop.png\",\"width\":246,\"height\":246,\"caption\":\"GolandPop\"},\"image\":{\"@id\":\"https:\/\/golandpop.com\/#\/schema\/logo\/image\/\"},\"sameAs\":[\"https:\/\/x.com\/golandpop\",\"https:\/\/www.instagram.com\/golandpopcordoba\/\"]},{\"@type\":\"Person\",\"@id\":\"https:\/\/golandpop.com\/#\/schema\/person\/2809725861e0da25eaffe2d9b29c9613\",\"name\":\"Gol&amp;Pop\",\"image\":{\"@type\":\"ImageObject\",\"inLanguage\":\"es-AR\",\"@id\":\"https:\/\/golandpop.com\/#\/schema\/person\/image\/\",\"url\":\"https:\/\/secure.gravatar.com\/avatar\/9a87ee051ca8c77f5d4070843ce2c78cdf95b858b950fb039151de955122f5f5?s=96&d=mm&r=g\",\"contentUrl\":\"https:\/\/secure.gravatar.com\/avatar\/9a87ee051ca8c77f5d4070843ce2c78cdf95b858b950fb039151de955122f5f5?s=96&d=mm&r=g\",\"caption\":\"Gol&amp;Pop\"},\"sameAs\":[\"http:\/\/golandpop.com\"],\"url\":\"https:\/\/golandpop.com\/index.php\/author\/admin\/\"}]}<\/script>\n<!-- \/ Yoast SEO plugin. -->","yoast_head_json":{"title":"Boca vs Platense por la Liga Profesional - Golandpop","robots":{"index":"index","follow":"follow","max-snippet":"max-snippet:-1","max-image-preview":"max-image-preview:large","max-video-preview":"max-video-preview:-1"},"canonical":"https:\/\/golandpop.com\/index.php\/2022\/08\/06\/boca-vs-platense-por-la-liga-profesional\/","og_locale":"es_ES","og_type":"article","og_title":"Boca vs Platense por la Liga Profesional - Golandpop","og_description":"Con el objetivo de volver al triunfo","og_url":"https:\/\/golandpop.com\/index.php\/2022\/08\/06\/boca-vs-platense-por-la-liga-profesional\/","og_site_name":"Golandpop","article_published_time":"2022-08-06T17:42:45+00:00","article_modified_time":"2022-08-06T17:42:49+00:00","og_image":[{"width":1920,"height":1080,"url":"https:\/\/golandpop.com\/wp-content\/uploads\/2022\/08\/6432d3de93b35920c58928272d5b8226ca167ac8.jpg","type":"image\/jpeg"}],"author":"Gol&amp;Pop","twitter_card":"summary_large_image","twitter_creator":"@golandpop","twitter_site":"@golandpop","twitter_misc":{"Escrito por":"Gol&amp;Pop","Tiempo de lectura":"2 minutos"},"schema":{"@context":"https:\/\/schema.org","@graph":[{"@type":"Article","@id":"https:\/\/golandpop.com\/index.php\/2022\/08\/06\/boca-vs-platense-por-la-liga-profesional\/#article","isPartOf":{"@id":"https:\/\/golandpop.com\/index.php\/2022\/08\/06\/boca-vs-platense-por-la-liga-profesional\/"},"author":{"name":"Gol&amp;Pop","@id":"https:\/\/golandpop.com\/#\/schema\/person\/2809725861e0da25eaffe2d9b29c9613"},"headline":"Boca vs Platense por la Liga Profesional","datePublished":"2022-08-06T17:42:45+00:00","dateModified":"2022-08-06T17:42:49+00:00","mainEntityOfPage":{"@id":"https:\/\/golandpop.com\/index.php\/2022\/08\/06\/boca-vs-platense-por-la-liga-profesional\/"},"wordCount":323,"commentCount":0,"publisher":{"@id":"https:\/\/golandpop.com\/#organization"},"image":{"@id":"https:\/\/golandpop.com\/index.php\/2022\/08\/06\/boca-vs-platense-por-la-liga-profesional\/#primaryimage"},"thumbnailUrl":"https:\/\/golandpop.com\/wp-content\/uploads\/2022\/08\/6432d3de93b35920c58928272d5b8226ca167ac8.jpg","keywords":["Boca","Liga Profesional","Platense","portada"],"articleSection":["Agenda","F\u00fatbol"],"inLanguage":"es-AR"},{"@type":"WebPage","@id":"https:\/\/golandpop.com\/index.php\/2022\/08\/06\/boca-vs-platense-por-la-liga-profesional\/","url":"https:\/\/golandpop.com\/index.php\/2022\/08\/06\/boca-vs-platense-por-la-liga-profesional\/","name":"Boca vs Platense por la Liga Profesional - Golandpop","isPartOf":{"@id":"https:\/\/golandpop.com\/#website"},"primaryImageOfPage":{"@id":"https:\/\/golandpop.com\/index.php\/2022\/08\/06\/boca-vs-platense-por-la-liga-profesional\/#primaryimage"},"image":{"@id":"https:\/\/golandpop.com\/index.php\/2022\/08\/06\/boca-vs-platense-por-la-liga-profesional\/#primaryimage"},"thumbnailUrl":"https:\/\/golandpop.com\/wp-content\/uploads\/2022\/08\/6432d3de93b35920c58928272d5b8226ca167ac8.jpg","datePublished":"2022-08-06T17:42:45+00:00","dateModified":"2022-08-06T17:42:49+00:00","breadcrumb":{"@id":"https:\/\/golandpop.com\/index.php\/2022\/08\/06\/boca-vs-platense-por-la-liga-profesional\/#breadcrumb"},"inLanguage":"es-AR","potentialAction":[{"@type":"ReadAction","target":["https:\/\/golandpop.com\/index.php\/2022\/08\/06\/boca-vs-platense-por-la-liga-profesional\/"]}]},{"@type":"ImageObject","inLanguage":"es-AR","@id":"https:\/\/golandpop.com\/index.php\/2022\/08\/06\/boca-vs-platense-por-la-liga-profesional\/#primaryimage","url":"https:\/\/golandpop.com\/wp-content\/uploads\/2022\/08\/6432d3de93b35920c58928272d5b8226ca167ac8.jpg","contentUrl":"https:\/\/golandpop.com\/wp-content\/uploads\/2022\/08\/6432d3de93b35920c58928272d5b8226ca167ac8.jpg","width":1920,"height":1080},{"@type":"BreadcrumbList","@id":"https:\/\/golandpop.com\/index.php\/2022\/08\/06\/boca-vs-platense-por-la-liga-profesional\/#breadcrumb","itemListElement":[{"@type":"ListItem","position":1,"name":"Inicio","item":"https:\/\/golandpop.com\/"},{"@type":"ListItem","position":2,"name":"Boca vs Platense por la Liga Profesional"}]},{"@type":"WebSite","@id":"https:\/\/golandpop.com\/#website","url":"https:\/\/golandpop.com\/","name":"Golandpop","description":"","publisher":{"@id":"https:\/\/golandpop.com\/#organization"},"potentialAction":[{"@type":"SearchAction","target":{"@type":"EntryPoint","urlTemplate":"https:\/\/golandpop.com\/?s={search_term_string}"},"query-input":{"@type":"PropertyValueSpecification","valueRequired":true,"valueName":"search_term_string"}}],"inLanguage":"es-AR"},{"@type":"Organization","@id":"https:\/\/golandpop.com\/#organization","name":"GolandPop","url":"https:\/\/golandpop.com\/","logo":{"@type":"ImageObject","inLanguage":"es-AR","@id":"https:\/\/golandpop.com\/#\/schema\/logo\/image\/","url":"https:\/\/golandpop.com\/wp-content\/uploads\/2020\/04\/favicon_gol_pop.png","contentUrl":"https:\/\/golandpop.com\/wp-content\/uploads\/2020\/04\/favicon_gol_pop.png","width":246,"height":246,"caption":"GolandPop"},"image":{"@id":"https:\/\/golandpop.com\/#\/schema\/logo\/image\/"},"sameAs":["https:\/\/x.com\/golandpop","https:\/\/www.instagram.com\/golandpopcordoba\/"]},{"@type":"Person","@id":"https:\/\/golandpop.com\/#\/schema\/person\/2809725861e0da25eaffe2d9b29c9613","name":"Gol&amp;Pop","image":{"@type":"ImageObject","inLanguage":"es-AR","@id":"https:\/\/golandpop.com\/#\/schema\/person\/image\/","url":"https:\/\/secure.gravatar.com\/avatar\/9a87ee051ca8c77f5d4070843ce2c78cdf95b858b950fb039151de955122f5f5?s=96&d=mm&r=g","contentUrl":"https:\/\/secure.gravatar.com\/avatar\/9a87ee051ca8c77f5d4070843ce2c78cdf95b858b950fb039151de955122f5f5?s=96&d=mm&r=g","caption":"Gol&amp;Pop"},"sameAs":["http:\/\/golandpop.com"],"url":"https:\/\/golandpop.com\/index.php\/author\/admin\/"}]}},"_links":{"self":[{"href":"https:\/\/golandpop.com\/index.php\/wp-json\/wp\/v2\/posts\/20837","targetHints":{"allow":["GET"]}}],"collection":[{"href":"https:\/\/golandpop.com\/index.php\/wp-json\/wp\/v2\/posts"}],"about":[{"href":"https:\/\/golandpop.com\/index.php\/wp-json\/wp\/v2\/types\/post"}],"author":[{"embeddable":true,"href":"https:\/\/golandpop.com\/index.php\/wp-json\/wp\/v2\/users\/1"}],"replies":[{"embeddable":true,"href":"https:\/\/golandpop.com\/index.php\/wp-json\/wp\/v2\/comments?post=20837"}],"version-history":[{"count":6,"href":"https:\/\/golandpop.com\/index.php\/wp-json\/wp\/v2\/posts\/20837\/revisions"}],"predecessor-version":[{"id":20845,"href":"https:\/\/golandpop.com\/index.php\/wp-json\/wp\/v2\/posts\/20837\/revisions\/20845"}],"wp:featuredmedia":[{"embeddable":true,"href":"https:\/\/golandpop.com\/index.php\/wp-json\/wp\/v2\/media\/20839"}],"wp:attachment":[{"href":"https:\/\/golandpop.com\/index.php\/wp-json\/wp\/v2\/media?parent=20837"}],"wp:term":[{"taxonomy":"category","embeddable":true,"href":"https:\/\/golandpop.com\/index.php\/wp-json\/wp\/v2\/categories?post=20837"},{"taxonomy":"post_tag","embeddable":true,"href":"https:\/\/golandpop.com\/index.php\/wp-json\/wp\/v2\/tags?post=20837"}],"curies":[{"name":"wp","href":"https:\/\/api.w.org\/{rel}","templated":true}]}}