{"id":19583,"date":"2022-06-19T00:25:34","date_gmt":"2022-06-19T03:25:34","guid":{"rendered":"https:\/\/golandpop.com\/?p=19583"},"modified":"2022-06-19T00:25:39","modified_gmt":"2022-06-19T03:25:39","slug":"belgrano-vs-estudiantes-de-rio-cuarto-por-la-primera-nacional","status":"publish","type":"post","link":"https:\/\/golandpop.com\/index.php\/2022\/06\/19\/belgrano-vs-estudiantes-de-rio-cuarto-por-la-primera-nacional\/","title":{"rendered":"Belgrano vs Estudiantes de R\u00edo Cuarto por la Primera Nacional"},"content":{"rendered":"\n<p><em>Este domingo desde las 15:50 hay duelo de celestes por la fecha 20 de la <a href=\"https:\/\/golandpop.com\/?s=Primera+Nacional\">Primera Nacional<\/a>. El \u00e1rbitro del encuentro ser\u00e1 Sebasti\u00e1n Zunino.<\/em><\/p>\n\n\n\n<a title=\"Radio en vivo!\" href=\"http:\/\/radiosenlinea.xyz\/golandpop\" target=\"_blank\" rel=\"noopener noreferrer\"><img decoding=\"async\" src=\"https:\/\/golandpop.com\/wp-content\/uploads\/2020\/08\/WhatsApp-Image-2020-08-15-at-19.54.59.jpeg\" height=\"100\" alt=\"\"><\/a> <br>\n\n\n\n<p><\/p>\n\n\n\n<p>Tras igualar por 1 a 1 en su visita al sur del pa\u00eds donde se midi\u00f3 con Dep. Madryn, el Pirata buscar\u00e1 retomar la senda de la victoria. El encuentro se jugar\u00e1 por la tarde en Alberdi, con un estadio que seguramente estar\u00e1 a tope. En su camino se cruza el oriundo del <a href=\"https:\/\/golandpop.com\/index.php\/category\/estudiantes-rc\/\">imperio del sur<\/a> que marcha 11vo con una campa\u00f1a irregular hasta ac\u00e1 -7 PG, 7 PE y 5 PP-.<\/p>\n\n\n\n<p>El DT Guillermo Farr\u00e9 saldr\u00e1 con lo mejor que tiene a disposici\u00f3n luego de las consecutivas lesiones que ha sufrido el plantel en el \u00faltimo tiempo (la m\u00e1s resonante es la de Barinaga, que se rompi\u00f3 el ligamento cruzado anterior de su rodilla derecha el fin de semana pasado). <a href=\"https:\/\/golandpop.com\/index.php\/category\/futbol\/belgrano\/\">Belgrano<\/a> hasta ac\u00e1 marcha puntero con 42 puntos -13 PG, 3 PE, 2 PP-, pero en los \u00faltimos 4 partidos su andar ha sido dispar con 2 triunfos, 1 empate y 1 derrota.<\/p>\n\n\n\n<p><strong><em>Posibles Formaciones:<\/em><\/strong><\/p>\n\n\n\n<p><strong>Belgrano:<\/strong> Nahuel Losada; Gabriel Compagnucci, Alejandro R\u00e9bola, Francisco Oliver y Axel Ochoa; Bruno Zapelli, Santiago Longo y Mariano Mi\u00f1o; Maximiliano Comba, Pablo Vegetti e Ibrahim Hesar. DT: Guillermo Farr\u00e9.<\/p>\n\n\n\n<p><strong>Estudiantes de R\u00edo Cuarto:<\/strong> Brian Olivera; Ezequiel Bonacorso, Gast\u00f3n Arturia, Gonzalo Maffini e Ignacio Abraham; Marcos Arturia, Francisco Romero, Gast\u00f3n Bottino, Nicol\u00e1s Talpone y Emanuel Cuevas; Luis Silba. DT: Marcelo V\u00e1zquez.<\/p>\n","protected":false},"excerpt":{"rendered":"<p>Para volver a la victoria<\/p>\n","protected":false},"author":1,"featured_media":19593,"comment_status":"open","ping_status":"open","sticky":false,"template":"","format":"standard","meta":{"footnotes":""},"categories":[29,33,38,39],"tags":[97,143,950,226],"class_list":["post-19583","post","type-post","status-publish","format-standard","has-post-thumbnail","hentry","category-agenda","category-belgrano","category-estudiantes-rc","category-futbol","tag-belgrano","tag-estudiantes-rc","tag-portada","tag-primera-nacional"],"yoast_head":"<!-- This site is optimized with the Yoast SEO plugin v26.1.1 - https:\/\/yoast.com\/wordpress\/plugins\/seo\/ -->\n<title>Belgrano vs Estudiantes de R\u00edo Cuarto por la Primera Nacional - Golandpop<\/title>\n<meta name=\"robots\" content=\"index, follow, max-snippet:-1, max-image-preview:large, max-video-preview:-1\" \/>\n<link rel=\"canonical\" href=\"https:\/\/golandpop.com\/index.php\/2022\/06\/19\/belgrano-vs-estudiantes-de-rio-cuarto-por-la-primera-nacional\/\" \/>\n<meta property=\"og:locale\" content=\"es_ES\" \/>\n<meta property=\"og:type\" content=\"article\" \/>\n<meta property=\"og:title\" content=\"Belgrano vs Estudiantes de R\u00edo Cuarto por la Primera Nacional - Golandpop\" \/>\n<meta property=\"og:description\" content=\"Para volver a la victoria\" \/>\n<meta property=\"og:url\" content=\"https:\/\/golandpop.com\/index.php\/2022\/06\/19\/belgrano-vs-estudiantes-de-rio-cuarto-por-la-primera-nacional\/\" \/>\n<meta property=\"og:site_name\" content=\"Golandpop\" \/>\n<meta property=\"article:published_time\" content=\"2022-06-19T03:25:34+00:00\" \/>\n<meta property=\"article:modified_time\" content=\"2022-06-19T03:25:39+00:00\" \/>\n<meta property=\"og:image\" content=\"https:\/\/golandpop.com\/wp-content\/uploads\/2022\/06\/QMR4GPATRBCMXGXR76CUXD655M.jpg\" \/>\n\t<meta property=\"og:image:width\" content=\"1023\" \/>\n\t<meta property=\"og:image:height\" content=\"682\" \/>\n\t<meta property=\"og:image:type\" content=\"image\/jpeg\" \/>\n<meta name=\"author\" content=\"Gol&amp;Pop\" \/>\n<meta name=\"twitter:card\" content=\"summary_large_image\" \/>\n<meta name=\"twitter:creator\" content=\"@golandpop\" \/>\n<meta name=\"twitter:site\" content=\"@golandpop\" \/>\n<meta name=\"twitter:label1\" content=\"Escrito por\" \/>\n\t<meta name=\"twitter:data1\" content=\"Gol&amp;Pop\" \/>\n\t<meta name=\"twitter:label2\" content=\"Tiempo de lectura\" \/>\n\t<meta name=\"twitter:data2\" content=\"1 minuto\" \/>\n<script type=\"application\/ld+json\" class=\"yoast-schema-graph\">{\"@context\":\"https:\/\/schema.org\",\"@graph\":[{\"@type\":\"Article\",\"@id\":\"https:\/\/golandpop.com\/index.php\/2022\/06\/19\/belgrano-vs-estudiantes-de-rio-cuarto-por-la-primera-nacional\/#article\",\"isPartOf\":{\"@id\":\"https:\/\/golandpop.com\/index.php\/2022\/06\/19\/belgrano-vs-estudiantes-de-rio-cuarto-por-la-primera-nacional\/\"},\"author\":{\"name\":\"Gol&amp;Pop\",\"@id\":\"https:\/\/golandpop.com\/#\/schema\/person\/2809725861e0da25eaffe2d9b29c9613\"},\"headline\":\"Belgrano vs Estudiantes de R\u00edo Cuarto por la Primera Nacional\",\"datePublished\":\"2022-06-19T03:25:34+00:00\",\"dateModified\":\"2022-06-19T03:25:39+00:00\",\"mainEntityOfPage\":{\"@id\":\"https:\/\/golandpop.com\/index.php\/2022\/06\/19\/belgrano-vs-estudiantes-de-rio-cuarto-por-la-primera-nacional\/\"},\"wordCount\":250,\"commentCount\":0,\"publisher\":{\"@id\":\"https:\/\/golandpop.com\/#organization\"},\"image\":{\"@id\":\"https:\/\/golandpop.com\/index.php\/2022\/06\/19\/belgrano-vs-estudiantes-de-rio-cuarto-por-la-primera-nacional\/#primaryimage\"},\"thumbnailUrl\":\"https:\/\/golandpop.com\/wp-content\/uploads\/2022\/06\/QMR4GPATRBCMXGXR76CUXD655M.jpg\",\"keywords\":[\"Belgrano\",\"Estudiantes RC\",\"portada\",\"Primera Nacional\"],\"articleSection\":[\"Agenda\",\"Belgrano\",\"Estudiantes RC\",\"F\u00fatbol\"],\"inLanguage\":\"es-AR\"},{\"@type\":\"WebPage\",\"@id\":\"https:\/\/golandpop.com\/index.php\/2022\/06\/19\/belgrano-vs-estudiantes-de-rio-cuarto-por-la-primera-nacional\/\",\"url\":\"https:\/\/golandpop.com\/index.php\/2022\/06\/19\/belgrano-vs-estudiantes-de-rio-cuarto-por-la-primera-nacional\/\",\"name\":\"Belgrano vs Estudiantes de R\u00edo Cuarto por la Primera Nacional - Golandpop\",\"isPartOf\":{\"@id\":\"https:\/\/golandpop.com\/#website\"},\"primaryImageOfPage\":{\"@id\":\"https:\/\/golandpop.com\/index.php\/2022\/06\/19\/belgrano-vs-estudiantes-de-rio-cuarto-por-la-primera-nacional\/#primaryimage\"},\"image\":{\"@id\":\"https:\/\/golandpop.com\/index.php\/2022\/06\/19\/belgrano-vs-estudiantes-de-rio-cuarto-por-la-primera-nacional\/#primaryimage\"},\"thumbnailUrl\":\"https:\/\/golandpop.com\/wp-content\/uploads\/2022\/06\/QMR4GPATRBCMXGXR76CUXD655M.jpg\",\"datePublished\":\"2022-06-19T03:25:34+00:00\",\"dateModified\":\"2022-06-19T03:25:39+00:00\",\"breadcrumb\":{\"@id\":\"https:\/\/golandpop.com\/index.php\/2022\/06\/19\/belgrano-vs-estudiantes-de-rio-cuarto-por-la-primera-nacional\/#breadcrumb\"},\"inLanguage\":\"es-AR\",\"potentialAction\":[{\"@type\":\"ReadAction\",\"target\":[\"https:\/\/golandpop.com\/index.php\/2022\/06\/19\/belgrano-vs-estudiantes-de-rio-cuarto-por-la-primera-nacional\/\"]}]},{\"@type\":\"ImageObject\",\"inLanguage\":\"es-AR\",\"@id\":\"https:\/\/golandpop.com\/index.php\/2022\/06\/19\/belgrano-vs-estudiantes-de-rio-cuarto-por-la-primera-nacional\/#primaryimage\",\"url\":\"https:\/\/golandpop.com\/wp-content\/uploads\/2022\/06\/QMR4GPATRBCMXGXR76CUXD655M.jpg\",\"contentUrl\":\"https:\/\/golandpop.com\/wp-content\/uploads\/2022\/06\/QMR4GPATRBCMXGXR76CUXD655M.jpg\",\"width\":1023,\"height\":682},{\"@type\":\"BreadcrumbList\",\"@id\":\"https:\/\/golandpop.com\/index.php\/2022\/06\/19\/belgrano-vs-estudiantes-de-rio-cuarto-por-la-primera-nacional\/#breadcrumb\",\"itemListElement\":[{\"@type\":\"ListItem\",\"position\":1,\"name\":\"Inicio\",\"item\":\"https:\/\/golandpop.com\/\"},{\"@type\":\"ListItem\",\"position\":2,\"name\":\"Belgrano vs Estudiantes de R\u00edo Cuarto por la Primera Nacional\"}]},{\"@type\":\"WebSite\",\"@id\":\"https:\/\/golandpop.com\/#website\",\"url\":\"https:\/\/golandpop.com\/\",\"name\":\"Golandpop\",\"description\":\"\",\"publisher\":{\"@id\":\"https:\/\/golandpop.com\/#organization\"},\"potentialAction\":[{\"@type\":\"SearchAction\",\"target\":{\"@type\":\"EntryPoint\",\"urlTemplate\":\"https:\/\/golandpop.com\/?s={search_term_string}\"},\"query-input\":{\"@type\":\"PropertyValueSpecification\",\"valueRequired\":true,\"valueName\":\"search_term_string\"}}],\"inLanguage\":\"es-AR\"},{\"@type\":\"Organization\",\"@id\":\"https:\/\/golandpop.com\/#organization\",\"name\":\"GolandPop\",\"url\":\"https:\/\/golandpop.com\/\",\"logo\":{\"@type\":\"ImageObject\",\"inLanguage\":\"es-AR\",\"@id\":\"https:\/\/golandpop.com\/#\/schema\/logo\/image\/\",\"url\":\"https:\/\/golandpop.com\/wp-content\/uploads\/2020\/04\/favicon_gol_pop.png\",\"contentUrl\":\"https:\/\/golandpop.com\/wp-content\/uploads\/2020\/04\/favicon_gol_pop.png\",\"width\":246,\"height\":246,\"caption\":\"GolandPop\"},\"image\":{\"@id\":\"https:\/\/golandpop.com\/#\/schema\/logo\/image\/\"},\"sameAs\":[\"https:\/\/x.com\/golandpop\",\"https:\/\/www.instagram.com\/golandpopcordoba\/\"]},{\"@type\":\"Person\",\"@id\":\"https:\/\/golandpop.com\/#\/schema\/person\/2809725861e0da25eaffe2d9b29c9613\",\"name\":\"Gol&amp;Pop\",\"image\":{\"@type\":\"ImageObject\",\"inLanguage\":\"es-AR\",\"@id\":\"https:\/\/golandpop.com\/#\/schema\/person\/image\/\",\"url\":\"https:\/\/secure.gravatar.com\/avatar\/9a87ee051ca8c77f5d4070843ce2c78cdf95b858b950fb039151de955122f5f5?s=96&d=mm&r=g\",\"contentUrl\":\"https:\/\/secure.gravatar.com\/avatar\/9a87ee051ca8c77f5d4070843ce2c78cdf95b858b950fb039151de955122f5f5?s=96&d=mm&r=g\",\"caption\":\"Gol&amp;Pop\"},\"sameAs\":[\"http:\/\/golandpop.com\"],\"url\":\"https:\/\/golandpop.com\/index.php\/author\/admin\/\"}]}<\/script>\n<!-- \/ Yoast SEO plugin. -->","yoast_head_json":{"title":"Belgrano vs Estudiantes de R\u00edo Cuarto por la Primera Nacional - Golandpop","robots":{"index":"index","follow":"follow","max-snippet":"max-snippet:-1","max-image-preview":"max-image-preview:large","max-video-preview":"max-video-preview:-1"},"canonical":"https:\/\/golandpop.com\/index.php\/2022\/06\/19\/belgrano-vs-estudiantes-de-rio-cuarto-por-la-primera-nacional\/","og_locale":"es_ES","og_type":"article","og_title":"Belgrano vs Estudiantes de R\u00edo Cuarto por la Primera Nacional - Golandpop","og_description":"Para volver a la victoria","og_url":"https:\/\/golandpop.com\/index.php\/2022\/06\/19\/belgrano-vs-estudiantes-de-rio-cuarto-por-la-primera-nacional\/","og_site_name":"Golandpop","article_published_time":"2022-06-19T03:25:34+00:00","article_modified_time":"2022-06-19T03:25:39+00:00","og_image":[{"width":1023,"height":682,"url":"https:\/\/golandpop.com\/wp-content\/uploads\/2022\/06\/QMR4GPATRBCMXGXR76CUXD655M.jpg","type":"image\/jpeg"}],"author":"Gol&amp;Pop","twitter_card":"summary_large_image","twitter_creator":"@golandpop","twitter_site":"@golandpop","twitter_misc":{"Escrito por":"Gol&amp;Pop","Tiempo de lectura":"1 minuto"},"schema":{"@context":"https:\/\/schema.org","@graph":[{"@type":"Article","@id":"https:\/\/golandpop.com\/index.php\/2022\/06\/19\/belgrano-vs-estudiantes-de-rio-cuarto-por-la-primera-nacional\/#article","isPartOf":{"@id":"https:\/\/golandpop.com\/index.php\/2022\/06\/19\/belgrano-vs-estudiantes-de-rio-cuarto-por-la-primera-nacional\/"},"author":{"name":"Gol&amp;Pop","@id":"https:\/\/golandpop.com\/#\/schema\/person\/2809725861e0da25eaffe2d9b29c9613"},"headline":"Belgrano vs Estudiantes de R\u00edo Cuarto por la Primera Nacional","datePublished":"2022-06-19T03:25:34+00:00","dateModified":"2022-06-19T03:25:39+00:00","mainEntityOfPage":{"@id":"https:\/\/golandpop.com\/index.php\/2022\/06\/19\/belgrano-vs-estudiantes-de-rio-cuarto-por-la-primera-nacional\/"},"wordCount":250,"commentCount":0,"publisher":{"@id":"https:\/\/golandpop.com\/#organization"},"image":{"@id":"https:\/\/golandpop.com\/index.php\/2022\/06\/19\/belgrano-vs-estudiantes-de-rio-cuarto-por-la-primera-nacional\/#primaryimage"},"thumbnailUrl":"https:\/\/golandpop.com\/wp-content\/uploads\/2022\/06\/QMR4GPATRBCMXGXR76CUXD655M.jpg","keywords":["Belgrano","Estudiantes RC","portada","Primera Nacional"],"articleSection":["Agenda","Belgrano","Estudiantes RC","F\u00fatbol"],"inLanguage":"es-AR"},{"@type":"WebPage","@id":"https:\/\/golandpop.com\/index.php\/2022\/06\/19\/belgrano-vs-estudiantes-de-rio-cuarto-por-la-primera-nacional\/","url":"https:\/\/golandpop.com\/index.php\/2022\/06\/19\/belgrano-vs-estudiantes-de-rio-cuarto-por-la-primera-nacional\/","name":"Belgrano vs Estudiantes de R\u00edo Cuarto por la Primera Nacional - Golandpop","isPartOf":{"@id":"https:\/\/golandpop.com\/#website"},"primaryImageOfPage":{"@id":"https:\/\/golandpop.com\/index.php\/2022\/06\/19\/belgrano-vs-estudiantes-de-rio-cuarto-por-la-primera-nacional\/#primaryimage"},"image":{"@id":"https:\/\/golandpop.com\/index.php\/2022\/06\/19\/belgrano-vs-estudiantes-de-rio-cuarto-por-la-primera-nacional\/#primaryimage"},"thumbnailUrl":"https:\/\/golandpop.com\/wp-content\/uploads\/2022\/06\/QMR4GPATRBCMXGXR76CUXD655M.jpg","datePublished":"2022-06-19T03:25:34+00:00","dateModified":"2022-06-19T03:25:39+00:00","breadcrumb":{"@id":"https:\/\/golandpop.com\/index.php\/2022\/06\/19\/belgrano-vs-estudiantes-de-rio-cuarto-por-la-primera-nacional\/#breadcrumb"},"inLanguage":"es-AR","potentialAction":[{"@type":"ReadAction","target":["https:\/\/golandpop.com\/index.php\/2022\/06\/19\/belgrano-vs-estudiantes-de-rio-cuarto-por-la-primera-nacional\/"]}]},{"@type":"ImageObject","inLanguage":"es-AR","@id":"https:\/\/golandpop.com\/index.php\/2022\/06\/19\/belgrano-vs-estudiantes-de-rio-cuarto-por-la-primera-nacional\/#primaryimage","url":"https:\/\/golandpop.com\/wp-content\/uploads\/2022\/06\/QMR4GPATRBCMXGXR76CUXD655M.jpg","contentUrl":"https:\/\/golandpop.com\/wp-content\/uploads\/2022\/06\/QMR4GPATRBCMXGXR76CUXD655M.jpg","width":1023,"height":682},{"@type":"BreadcrumbList","@id":"https:\/\/golandpop.com\/index.php\/2022\/06\/19\/belgrano-vs-estudiantes-de-rio-cuarto-por-la-primera-nacional\/#breadcrumb","itemListElement":[{"@type":"ListItem","position":1,"name":"Inicio","item":"https:\/\/golandpop.com\/"},{"@type":"ListItem","position":2,"name":"Belgrano vs Estudiantes de R\u00edo Cuarto por la Primera Nacional"}]},{"@type":"WebSite","@id":"https:\/\/golandpop.com\/#website","url":"https:\/\/golandpop.com\/","name":"Golandpop","description":"","publisher":{"@id":"https:\/\/golandpop.com\/#organization"},"potentialAction":[{"@type":"SearchAction","target":{"@type":"EntryPoint","urlTemplate":"https:\/\/golandpop.com\/?s={search_term_string}"},"query-input":{"@type":"PropertyValueSpecification","valueRequired":true,"valueName":"search_term_string"}}],"inLanguage":"es-AR"},{"@type":"Organization","@id":"https:\/\/golandpop.com\/#organization","name":"GolandPop","url":"https:\/\/golandpop.com\/","logo":{"@type":"ImageObject","inLanguage":"es-AR","@id":"https:\/\/golandpop.com\/#\/schema\/logo\/image\/","url":"https:\/\/golandpop.com\/wp-content\/uploads\/2020\/04\/favicon_gol_pop.png","contentUrl":"https:\/\/golandpop.com\/wp-content\/uploads\/2020\/04\/favicon_gol_pop.png","width":246,"height":246,"caption":"GolandPop"},"image":{"@id":"https:\/\/golandpop.com\/#\/schema\/logo\/image\/"},"sameAs":["https:\/\/x.com\/golandpop","https:\/\/www.instagram.com\/golandpopcordoba\/"]},{"@type":"Person","@id":"https:\/\/golandpop.com\/#\/schema\/person\/2809725861e0da25eaffe2d9b29c9613","name":"Gol&amp;Pop","image":{"@type":"ImageObject","inLanguage":"es-AR","@id":"https:\/\/golandpop.com\/#\/schema\/person\/image\/","url":"https:\/\/secure.gravatar.com\/avatar\/9a87ee051ca8c77f5d4070843ce2c78cdf95b858b950fb039151de955122f5f5?s=96&d=mm&r=g","contentUrl":"https:\/\/secure.gravatar.com\/avatar\/9a87ee051ca8c77f5d4070843ce2c78cdf95b858b950fb039151de955122f5f5?s=96&d=mm&r=g","caption":"Gol&amp;Pop"},"sameAs":["http:\/\/golandpop.com"],"url":"https:\/\/golandpop.com\/index.php\/author\/admin\/"}]}},"_links":{"self":[{"href":"https:\/\/golandpop.com\/index.php\/wp-json\/wp\/v2\/posts\/19583","targetHints":{"allow":["GET"]}}],"collection":[{"href":"https:\/\/golandpop.com\/index.php\/wp-json\/wp\/v2\/posts"}],"about":[{"href":"https:\/\/golandpop.com\/index.php\/wp-json\/wp\/v2\/types\/post"}],"author":[{"embeddable":true,"href":"https:\/\/golandpop.com\/index.php\/wp-json\/wp\/v2\/users\/1"}],"replies":[{"embeddable":true,"href":"https:\/\/golandpop.com\/index.php\/wp-json\/wp\/v2\/comments?post=19583"}],"version-history":[{"count":2,"href":"https:\/\/golandpop.com\/index.php\/wp-json\/wp\/v2\/posts\/19583\/revisions"}],"predecessor-version":[{"id":19594,"href":"https:\/\/golandpop.com\/index.php\/wp-json\/wp\/v2\/posts\/19583\/revisions\/19594"}],"wp:featuredmedia":[{"embeddable":true,"href":"https:\/\/golandpop.com\/index.php\/wp-json\/wp\/v2\/media\/19593"}],"wp:attachment":[{"href":"https:\/\/golandpop.com\/index.php\/wp-json\/wp\/v2\/media?parent=19583"}],"wp:term":[{"taxonomy":"category","embeddable":true,"href":"https:\/\/golandpop.com\/index.php\/wp-json\/wp\/v2\/categories?post=19583"},{"taxonomy":"post_tag","embeddable":true,"href":"https:\/\/golandpop.com\/index.php\/wp-json\/wp\/v2\/tags?post=19583"}],"curies":[{"name":"wp","href":"https:\/\/api.w.org\/{rel}","templated":true}]}}