{"id":18023,"date":"2022-04-16T14:42:31","date_gmt":"2022-04-16T17:42:31","guid":{"rendered":"https:\/\/golandpop.com\/?p=18023"},"modified":"2022-04-18T14:49:16","modified_gmt":"2022-04-18T17:49:16","slug":"juan-carlos-olave-se-ha-logrado-una-conexion-entre-equipo-hinchada-e-institucion","status":"publish","type":"post","link":"https:\/\/golandpop.com\/index.php\/2022\/04\/16\/juan-carlos-olave-se-ha-logrado-una-conexion-entre-equipo-hinchada-e-institucion\/","title":{"rendered":"Juan Carlos Olave: &#8220;Se ha logrado una conexi\u00f3n entre equipo, hinchada e instituci\u00f3n&#8221;"},"content":{"rendered":"\n<p><em>En la previa del duelo de Belgrano ante Deportivo Riestra, el \u00eddolo Pirata opin\u00f3 sobre el presente del club, de la actualidad de Guillermo Farr\u00e9 como entrenador y del hincha celeste en exclusiva con Sinton\u00eda Pirata en GOLANPOP.<\/em><\/p>\n\n\n\n<p><a href=\"https:\/\/golandpop.com\/index.php\/category\/futbol\/belgrano\/\">Belgrano<\/a> atraviesa una gran presente en el arranque de la temporada de la <a href=\"https:\/\/golandpop.com\/index.php\/tag\/primera-nacional\/\">Primera Nacional<\/a> y, en las horas previas a una nueva presentaci\u00f3n como local, <a href=\"https:\/\/twitter.com\/juanca_olave\">Juan Carlos Olave<\/a> habl\u00f3 con <a href=\"https:\/\/golandpop.com\/\">GOLANDPOP<\/a>. El ex arquero y referente del Celeste reconoci\u00f3 la diferencia de jugar de local y de visitante y asegur\u00f3 que <strong>&#8220;el rival ha respetado mucho al Pirata de local. Belgrano impone su juego y ha sabido aprovechar eso&#8221;<\/strong>.<\/p>\n\n\n\n<p><strong>&#8220;La hinchada influye siempre en el \u00e1nimo y en el rendimiento del equipo. El deseo del jugador de Belgrano es jugar en Alberdi, d\u00f3nde el hincha se siente a pleno. Se ha logrado una conexi\u00f3n entre equipo, hinchada e instituci\u00f3n y es lo que requiere todo protagonista de esta categor\u00eda que necesita volver al lugar d\u00f3nde merece estar&#8221;, se\u00f1al\u00f3 sobre el hincha y su protagonismo.<\/strong><\/p>\n\n\n\n<figure class=\"wp-block-audio\"><audio controls src=\"https:\/\/golandpop.com\/wp-content\/uploads\/2022\/04\/3-La-influencia-de-la-hinchada-Olave.mp3\"><\/audio><figcaption>La influencia de la hinchada | Olave en GOLANDPOP<\/figcaption><\/figure>\n\n\n\n<figure class=\"wp-block-audio\"><audio controls src=\"https:\/\/golandpop.com\/wp-content\/uploads\/2022\/04\/2-Las-diferencia-de-jugar-de-local-y-visitante-Olave.mp3\"><\/audio><figcaption>Las diferencia de jugar de local y visitante | Olave en GOLANDPOP<\/figcaption><\/figure>\n\n\n\n<h5 class=\"wp-block-heading\">Farr\u00e9 y su faceta de entrenador<\/h5>\n\n\n\n<p>El actual t\u00e9cnico de Las Palmas dio su punto de vista sobre el mandato y buen presente de <a href=\"https:\/\/twitter.com\/guillefarre5\">Guillermo Farr\u00e9<\/a> como entrenador del Pirata, destacando la buena conexi\u00f3n del cuerpo t\u00e9cnico con el grupo. <\/p>\n\n\n\n<p>A su vez afirm\u00f3 que, a pesar de ser la primera experiencia, tiene la ventaja de conocer lo que es la identidad del club, lo que necesita el hincha y c\u00f3mo se juega en Belgrano. Asimismo reconoci\u00f3 la importancia de la mentalidad general que transmiten los jugadores, la instituci\u00f3n y el hincha.<\/p>\n\n\n\n<p><strong>&#8220;A Guille lo veo bien, tiene material y un plantel muy rico que lo esta utilizando de muy buena manera, sabiendo que cu\u00e1ndo el funcionamiento general no es el adecuado, una individualidad puede sostener o ganarte el partido. <\/strong>Es cuesti\u00f3n de mentalidad estar enfocado en el objetivo y habla de la inteligencia de los jugadores de saber que no hay momento para aflojar ni relajarse para poder lograr el objetivo que Belgrano se ha propuesto, que es volver a primera divisi\u00f3n&#8221;, remarc\u00f3 el ex arquero.<\/p>\n\n\n\n<figure class=\"wp-block-audio\"><audio controls src=\"https:\/\/golandpop.com\/wp-content\/uploads\/2022\/04\/6-Como-ve-a-Farr\u00e9-version-DT-Olave.mp3\"><\/audio><figcaption>Sobre Farr\u00e9 como entrenador | Olave en GOLANDPOP<\/figcaption><\/figure>\n\n\n\n<h5 class=\"wp-block-heading\"><strong>Cosa de arqueros.<em> \u00bfQu\u00e9 dijo Olave sobre le presente de Nahuel Losada y la competencia con Vicentini?<\/em><\/strong><\/h5>\n\n\n\n<figure class=\"wp-block-audio\"><audio controls src=\"https:\/\/golandpop.com\/wp-content\/uploads\/2022\/04\/1-El-momento-de-Losada-y-el-aporte-de-Vicentini-Olave.mp3\"><\/audio><figcaption>La actualidad del arco Pirata | Olave en GOLANDPOP<\/figcaption><\/figure>\n\n\n\n<figure class=\"wp-block-embed-twitter wp-block-embed is-type-rich is-provider-twitter\"><div class=\"wp-block-embed__wrapper\">\n<blockquote class=\"twitter-tweet\" data-width=\"550\" data-dnt=\"true\"><p lang=\"es\" dir=\"ltr\">\u2620\ufe0f\ud83c\udff4\u200d\u2620\ufe0f \u00a1JUEGA EL PIRATA! <a href=\"https:\/\/twitter.com\/hashtag\/Belgrano?src=hash&amp;ref_src=twsrc%5Etfw\">#Belgrano<\/a> recibe a <a href=\"https:\/\/twitter.com\/hashtag\/Riestra?src=hash&amp;ref_src=twsrc%5Etfw\">#Riestra<\/a> en el Julio C\u00e9sar Villagra por la und\u00e9cima jornada de la <a href=\"https:\/\/twitter.com\/hashtag\/PrimeraNacional?src=hash&amp;ref_src=twsrc%5Etfw\">#PrimeraNacional<\/a> <br><br>\ud83d\udcfb Lo viv\u00eds junto a Cadena <a href=\"https:\/\/twitter.com\/golandpop?ref_src=twsrc%5Etfw\">@golandpop<\/a> en FM 106.1 y m\u00e1s de 50 radios de Argentina. <a href=\"https:\/\/t.co\/jO6mSValDk\">pic.twitter.com\/jO6mSValDk<\/a><\/p>&mdash; GOLANDPOP (@golandpop) <a href=\"https:\/\/twitter.com\/golandpop\/status\/1515340284690894852?ref_src=twsrc%5Etfw\">April 16, 2022<\/a><\/blockquote><script async src=\"https:\/\/platform.twitter.com\/widgets.js\" charset=\"utf-8\"><\/script>\n<\/div><\/figure>\n","protected":false},"excerpt":{"rendered":"<p>Entrevista exclusiva con GOLANDPOP<\/p>\n","protected":false},"author":1,"featured_media":18033,"comment_status":"open","ping_status":"open","sticky":false,"template":"","format":"standard","meta":{"footnotes":""},"categories":[33,778],"tags":[97,167,287,520,950,226],"class_list":["post-18023","post","type-post","status-publish","format-standard","has-post-thumbnail","hentry","category-belgrano","category-entrevistas","tag-belgrano","tag-guillermo-farre","tag-juan-carlos-olave","tag-nahuel-losada","tag-portada","tag-primera-nacional"],"yoast_head":"<!-- This site is optimized with the Yoast SEO plugin v26.1.1 - https:\/\/yoast.com\/wordpress\/plugins\/seo\/ -->\n<title>Juan Carlos Olave: &quot;Se ha logrado una conexi\u00f3n entre equipo, hinchada e instituci\u00f3n&quot; - Golandpop<\/title>\n<meta name=\"description\" content=\"Entrevista exclusiva con GOLANDPOP\" \/>\n<meta name=\"robots\" content=\"index, follow, max-snippet:-1, max-image-preview:large, max-video-preview:-1\" \/>\n<link rel=\"canonical\" href=\"https:\/\/golandpop.com\/index.php\/2022\/04\/16\/juan-carlos-olave-se-ha-logrado-una-conexion-entre-equipo-hinchada-e-institucion\/\" \/>\n<meta property=\"og:locale\" content=\"es_ES\" \/>\n<meta property=\"og:type\" content=\"article\" \/>\n<meta property=\"og:title\" content=\"Juan Carlos Olave: &quot;Se ha logrado una conexi\u00f3n entre equipo, hinchada e instituci\u00f3n&quot; - Golandpop\" \/>\n<meta property=\"og:description\" content=\"Entrevista exclusiva con GOLANDPOP\" \/>\n<meta property=\"og:url\" content=\"https:\/\/golandpop.com\/index.php\/2022\/04\/16\/juan-carlos-olave-se-ha-logrado-una-conexion-entre-equipo-hinchada-e-institucion\/\" \/>\n<meta property=\"og:site_name\" content=\"Golandpop\" \/>\n<meta property=\"article:published_time\" content=\"2022-04-16T17:42:31+00:00\" \/>\n<meta property=\"article:modified_time\" content=\"2022-04-18T17:49:16+00:00\" \/>\n<meta property=\"og:image\" content=\"https:\/\/golandpop.com\/wp-content\/uploads\/2022\/04\/juanca-olave.belgrano.jpg\" \/>\n\t<meta property=\"og:image:width\" content=\"2000\" \/>\n\t<meta property=\"og:image:height\" content=\"1333\" \/>\n\t<meta property=\"og:image:type\" content=\"image\/jpeg\" \/>\n<meta name=\"author\" content=\"Gol&amp;Pop\" \/>\n<meta name=\"twitter:card\" content=\"summary_large_image\" \/>\n<meta name=\"twitter:creator\" content=\"@golandpop\" \/>\n<meta name=\"twitter:site\" content=\"@golandpop\" \/>\n<meta name=\"twitter:label1\" content=\"Escrito por\" \/>\n\t<meta name=\"twitter:data1\" content=\"Gol&amp;Pop\" \/>\n\t<meta name=\"twitter:label2\" content=\"Tiempo de lectura\" \/>\n\t<meta name=\"twitter:data2\" content=\"2 minutos\" \/>\n<script type=\"application\/ld+json\" class=\"yoast-schema-graph\">{\"@context\":\"https:\/\/schema.org\",\"@graph\":[{\"@type\":\"Article\",\"@id\":\"https:\/\/golandpop.com\/index.php\/2022\/04\/16\/juan-carlos-olave-se-ha-logrado-una-conexion-entre-equipo-hinchada-e-institucion\/#article\",\"isPartOf\":{\"@id\":\"https:\/\/golandpop.com\/index.php\/2022\/04\/16\/juan-carlos-olave-se-ha-logrado-una-conexion-entre-equipo-hinchada-e-institucion\/\"},\"author\":{\"name\":\"Gol&amp;Pop\",\"@id\":\"https:\/\/golandpop.com\/#\/schema\/person\/2809725861e0da25eaffe2d9b29c9613\"},\"headline\":\"Juan Carlos Olave: &#8220;Se ha logrado una conexi\u00f3n entre equipo, hinchada e instituci\u00f3n&#8221;\",\"datePublished\":\"2022-04-16T17:42:31+00:00\",\"dateModified\":\"2022-04-18T17:49:16+00:00\",\"mainEntityOfPage\":{\"@id\":\"https:\/\/golandpop.com\/index.php\/2022\/04\/16\/juan-carlos-olave-se-ha-logrado-una-conexion-entre-equipo-hinchada-e-institucion\/\"},\"wordCount\":437,\"commentCount\":0,\"publisher\":{\"@id\":\"https:\/\/golandpop.com\/#organization\"},\"image\":{\"@id\":\"https:\/\/golandpop.com\/index.php\/2022\/04\/16\/juan-carlos-olave-se-ha-logrado-una-conexion-entre-equipo-hinchada-e-institucion\/#primaryimage\"},\"thumbnailUrl\":\"https:\/\/golandpop.com\/wp-content\/uploads\/2022\/04\/juanca-olave.belgrano.jpg\",\"keywords\":[\"Belgrano\",\"Guillermo Farr\u00e9\",\"Juan Carlos Olave\",\"Nahuel Losada\",\"portada\",\"Primera Nacional\"],\"articleSection\":[\"Belgrano\",\"Entrevistas\"],\"inLanguage\":\"es-AR\"},{\"@type\":\"WebPage\",\"@id\":\"https:\/\/golandpop.com\/index.php\/2022\/04\/16\/juan-carlos-olave-se-ha-logrado-una-conexion-entre-equipo-hinchada-e-institucion\/\",\"url\":\"https:\/\/golandpop.com\/index.php\/2022\/04\/16\/juan-carlos-olave-se-ha-logrado-una-conexion-entre-equipo-hinchada-e-institucion\/\",\"name\":\"Juan Carlos Olave: \\\"Se ha logrado una conexi\u00f3n entre equipo, hinchada e instituci\u00f3n\\\" - Golandpop\",\"isPartOf\":{\"@id\":\"https:\/\/golandpop.com\/#website\"},\"primaryImageOfPage\":{\"@id\":\"https:\/\/golandpop.com\/index.php\/2022\/04\/16\/juan-carlos-olave-se-ha-logrado-una-conexion-entre-equipo-hinchada-e-institucion\/#primaryimage\"},\"image\":{\"@id\":\"https:\/\/golandpop.com\/index.php\/2022\/04\/16\/juan-carlos-olave-se-ha-logrado-una-conexion-entre-equipo-hinchada-e-institucion\/#primaryimage\"},\"thumbnailUrl\":\"https:\/\/golandpop.com\/wp-content\/uploads\/2022\/04\/juanca-olave.belgrano.jpg\",\"datePublished\":\"2022-04-16T17:42:31+00:00\",\"dateModified\":\"2022-04-18T17:49:16+00:00\",\"description\":\"Entrevista exclusiva con GOLANDPOP\",\"breadcrumb\":{\"@id\":\"https:\/\/golandpop.com\/index.php\/2022\/04\/16\/juan-carlos-olave-se-ha-logrado-una-conexion-entre-equipo-hinchada-e-institucion\/#breadcrumb\"},\"inLanguage\":\"es-AR\",\"potentialAction\":[{\"@type\":\"ReadAction\",\"target\":[\"https:\/\/golandpop.com\/index.php\/2022\/04\/16\/juan-carlos-olave-se-ha-logrado-una-conexion-entre-equipo-hinchada-e-institucion\/\"]}]},{\"@type\":\"ImageObject\",\"inLanguage\":\"es-AR\",\"@id\":\"https:\/\/golandpop.com\/index.php\/2022\/04\/16\/juan-carlos-olave-se-ha-logrado-una-conexion-entre-equipo-hinchada-e-institucion\/#primaryimage\",\"url\":\"https:\/\/golandpop.com\/wp-content\/uploads\/2022\/04\/juanca-olave.belgrano.jpg\",\"contentUrl\":\"https:\/\/golandpop.com\/wp-content\/uploads\/2022\/04\/juanca-olave.belgrano.jpg\",\"width\":2000,\"height\":1333},{\"@type\":\"BreadcrumbList\",\"@id\":\"https:\/\/golandpop.com\/index.php\/2022\/04\/16\/juan-carlos-olave-se-ha-logrado-una-conexion-entre-equipo-hinchada-e-institucion\/#breadcrumb\",\"itemListElement\":[{\"@type\":\"ListItem\",\"position\":1,\"name\":\"Inicio\",\"item\":\"https:\/\/golandpop.com\/\"},{\"@type\":\"ListItem\",\"position\":2,\"name\":\"Juan Carlos Olave: &#8220;Se ha logrado una conexi\u00f3n entre equipo, hinchada e instituci\u00f3n&#8221;\"}]},{\"@type\":\"WebSite\",\"@id\":\"https:\/\/golandpop.com\/#website\",\"url\":\"https:\/\/golandpop.com\/\",\"name\":\"Golandpop\",\"description\":\"\",\"publisher\":{\"@id\":\"https:\/\/golandpop.com\/#organization\"},\"potentialAction\":[{\"@type\":\"SearchAction\",\"target\":{\"@type\":\"EntryPoint\",\"urlTemplate\":\"https:\/\/golandpop.com\/?s={search_term_string}\"},\"query-input\":{\"@type\":\"PropertyValueSpecification\",\"valueRequired\":true,\"valueName\":\"search_term_string\"}}],\"inLanguage\":\"es-AR\"},{\"@type\":\"Organization\",\"@id\":\"https:\/\/golandpop.com\/#organization\",\"name\":\"GolandPop\",\"url\":\"https:\/\/golandpop.com\/\",\"logo\":{\"@type\":\"ImageObject\",\"inLanguage\":\"es-AR\",\"@id\":\"https:\/\/golandpop.com\/#\/schema\/logo\/image\/\",\"url\":\"https:\/\/golandpop.com\/wp-content\/uploads\/2020\/04\/favicon_gol_pop.png\",\"contentUrl\":\"https:\/\/golandpop.com\/wp-content\/uploads\/2020\/04\/favicon_gol_pop.png\",\"width\":246,\"height\":246,\"caption\":\"GolandPop\"},\"image\":{\"@id\":\"https:\/\/golandpop.com\/#\/schema\/logo\/image\/\"},\"sameAs\":[\"https:\/\/x.com\/golandpop\",\"https:\/\/www.instagram.com\/golandpopcordoba\/\"]},{\"@type\":\"Person\",\"@id\":\"https:\/\/golandpop.com\/#\/schema\/person\/2809725861e0da25eaffe2d9b29c9613\",\"name\":\"Gol&amp;Pop\",\"image\":{\"@type\":\"ImageObject\",\"inLanguage\":\"es-AR\",\"@id\":\"https:\/\/golandpop.com\/#\/schema\/person\/image\/\",\"url\":\"https:\/\/secure.gravatar.com\/avatar\/9a87ee051ca8c77f5d4070843ce2c78cdf95b858b950fb039151de955122f5f5?s=96&d=mm&r=g\",\"contentUrl\":\"https:\/\/secure.gravatar.com\/avatar\/9a87ee051ca8c77f5d4070843ce2c78cdf95b858b950fb039151de955122f5f5?s=96&d=mm&r=g\",\"caption\":\"Gol&amp;Pop\"},\"sameAs\":[\"http:\/\/golandpop.com\"],\"url\":\"https:\/\/golandpop.com\/index.php\/author\/admin\/\"}]}<\/script>\n<!-- \/ Yoast SEO plugin. -->","yoast_head_json":{"title":"Juan Carlos Olave: \"Se ha logrado una conexi\u00f3n entre equipo, hinchada e instituci\u00f3n\" - Golandpop","description":"Entrevista exclusiva con GOLANDPOP","robots":{"index":"index","follow":"follow","max-snippet":"max-snippet:-1","max-image-preview":"max-image-preview:large","max-video-preview":"max-video-preview:-1"},"canonical":"https:\/\/golandpop.com\/index.php\/2022\/04\/16\/juan-carlos-olave-se-ha-logrado-una-conexion-entre-equipo-hinchada-e-institucion\/","og_locale":"es_ES","og_type":"article","og_title":"Juan Carlos Olave: \"Se ha logrado una conexi\u00f3n entre equipo, hinchada e instituci\u00f3n\" - Golandpop","og_description":"Entrevista exclusiva con GOLANDPOP","og_url":"https:\/\/golandpop.com\/index.php\/2022\/04\/16\/juan-carlos-olave-se-ha-logrado-una-conexion-entre-equipo-hinchada-e-institucion\/","og_site_name":"Golandpop","article_published_time":"2022-04-16T17:42:31+00:00","article_modified_time":"2022-04-18T17:49:16+00:00","og_image":[{"width":2000,"height":1333,"url":"https:\/\/golandpop.com\/wp-content\/uploads\/2022\/04\/juanca-olave.belgrano.jpg","type":"image\/jpeg"}],"author":"Gol&amp;Pop","twitter_card":"summary_large_image","twitter_creator":"@golandpop","twitter_site":"@golandpop","twitter_misc":{"Escrito por":"Gol&amp;Pop","Tiempo de lectura":"2 minutos"},"schema":{"@context":"https:\/\/schema.org","@graph":[{"@type":"Article","@id":"https:\/\/golandpop.com\/index.php\/2022\/04\/16\/juan-carlos-olave-se-ha-logrado-una-conexion-entre-equipo-hinchada-e-institucion\/#article","isPartOf":{"@id":"https:\/\/golandpop.com\/index.php\/2022\/04\/16\/juan-carlos-olave-se-ha-logrado-una-conexion-entre-equipo-hinchada-e-institucion\/"},"author":{"name":"Gol&amp;Pop","@id":"https:\/\/golandpop.com\/#\/schema\/person\/2809725861e0da25eaffe2d9b29c9613"},"headline":"Juan Carlos Olave: &#8220;Se ha logrado una conexi\u00f3n entre equipo, hinchada e instituci\u00f3n&#8221;","datePublished":"2022-04-16T17:42:31+00:00","dateModified":"2022-04-18T17:49:16+00:00","mainEntityOfPage":{"@id":"https:\/\/golandpop.com\/index.php\/2022\/04\/16\/juan-carlos-olave-se-ha-logrado-una-conexion-entre-equipo-hinchada-e-institucion\/"},"wordCount":437,"commentCount":0,"publisher":{"@id":"https:\/\/golandpop.com\/#organization"},"image":{"@id":"https:\/\/golandpop.com\/index.php\/2022\/04\/16\/juan-carlos-olave-se-ha-logrado-una-conexion-entre-equipo-hinchada-e-institucion\/#primaryimage"},"thumbnailUrl":"https:\/\/golandpop.com\/wp-content\/uploads\/2022\/04\/juanca-olave.belgrano.jpg","keywords":["Belgrano","Guillermo Farr\u00e9","Juan Carlos Olave","Nahuel Losada","portada","Primera Nacional"],"articleSection":["Belgrano","Entrevistas"],"inLanguage":"es-AR"},{"@type":"WebPage","@id":"https:\/\/golandpop.com\/index.php\/2022\/04\/16\/juan-carlos-olave-se-ha-logrado-una-conexion-entre-equipo-hinchada-e-institucion\/","url":"https:\/\/golandpop.com\/index.php\/2022\/04\/16\/juan-carlos-olave-se-ha-logrado-una-conexion-entre-equipo-hinchada-e-institucion\/","name":"Juan Carlos Olave: \"Se ha logrado una conexi\u00f3n entre equipo, hinchada e instituci\u00f3n\" - Golandpop","isPartOf":{"@id":"https:\/\/golandpop.com\/#website"},"primaryImageOfPage":{"@id":"https:\/\/golandpop.com\/index.php\/2022\/04\/16\/juan-carlos-olave-se-ha-logrado-una-conexion-entre-equipo-hinchada-e-institucion\/#primaryimage"},"image":{"@id":"https:\/\/golandpop.com\/index.php\/2022\/04\/16\/juan-carlos-olave-se-ha-logrado-una-conexion-entre-equipo-hinchada-e-institucion\/#primaryimage"},"thumbnailUrl":"https:\/\/golandpop.com\/wp-content\/uploads\/2022\/04\/juanca-olave.belgrano.jpg","datePublished":"2022-04-16T17:42:31+00:00","dateModified":"2022-04-18T17:49:16+00:00","description":"Entrevista exclusiva con GOLANDPOP","breadcrumb":{"@id":"https:\/\/golandpop.com\/index.php\/2022\/04\/16\/juan-carlos-olave-se-ha-logrado-una-conexion-entre-equipo-hinchada-e-institucion\/#breadcrumb"},"inLanguage":"es-AR","potentialAction":[{"@type":"ReadAction","target":["https:\/\/golandpop.com\/index.php\/2022\/04\/16\/juan-carlos-olave-se-ha-logrado-una-conexion-entre-equipo-hinchada-e-institucion\/"]}]},{"@type":"ImageObject","inLanguage":"es-AR","@id":"https:\/\/golandpop.com\/index.php\/2022\/04\/16\/juan-carlos-olave-se-ha-logrado-una-conexion-entre-equipo-hinchada-e-institucion\/#primaryimage","url":"https:\/\/golandpop.com\/wp-content\/uploads\/2022\/04\/juanca-olave.belgrano.jpg","contentUrl":"https:\/\/golandpop.com\/wp-content\/uploads\/2022\/04\/juanca-olave.belgrano.jpg","width":2000,"height":1333},{"@type":"BreadcrumbList","@id":"https:\/\/golandpop.com\/index.php\/2022\/04\/16\/juan-carlos-olave-se-ha-logrado-una-conexion-entre-equipo-hinchada-e-institucion\/#breadcrumb","itemListElement":[{"@type":"ListItem","position":1,"name":"Inicio","item":"https:\/\/golandpop.com\/"},{"@type":"ListItem","position":2,"name":"Juan Carlos Olave: &#8220;Se ha logrado una conexi\u00f3n entre equipo, hinchada e instituci\u00f3n&#8221;"}]},{"@type":"WebSite","@id":"https:\/\/golandpop.com\/#website","url":"https:\/\/golandpop.com\/","name":"Golandpop","description":"","publisher":{"@id":"https:\/\/golandpop.com\/#organization"},"potentialAction":[{"@type":"SearchAction","target":{"@type":"EntryPoint","urlTemplate":"https:\/\/golandpop.com\/?s={search_term_string}"},"query-input":{"@type":"PropertyValueSpecification","valueRequired":true,"valueName":"search_term_string"}}],"inLanguage":"es-AR"},{"@type":"Organization","@id":"https:\/\/golandpop.com\/#organization","name":"GolandPop","url":"https:\/\/golandpop.com\/","logo":{"@type":"ImageObject","inLanguage":"es-AR","@id":"https:\/\/golandpop.com\/#\/schema\/logo\/image\/","url":"https:\/\/golandpop.com\/wp-content\/uploads\/2020\/04\/favicon_gol_pop.png","contentUrl":"https:\/\/golandpop.com\/wp-content\/uploads\/2020\/04\/favicon_gol_pop.png","width":246,"height":246,"caption":"GolandPop"},"image":{"@id":"https:\/\/golandpop.com\/#\/schema\/logo\/image\/"},"sameAs":["https:\/\/x.com\/golandpop","https:\/\/www.instagram.com\/golandpopcordoba\/"]},{"@type":"Person","@id":"https:\/\/golandpop.com\/#\/schema\/person\/2809725861e0da25eaffe2d9b29c9613","name":"Gol&amp;Pop","image":{"@type":"ImageObject","inLanguage":"es-AR","@id":"https:\/\/golandpop.com\/#\/schema\/person\/image\/","url":"https:\/\/secure.gravatar.com\/avatar\/9a87ee051ca8c77f5d4070843ce2c78cdf95b858b950fb039151de955122f5f5?s=96&d=mm&r=g","contentUrl":"https:\/\/secure.gravatar.com\/avatar\/9a87ee051ca8c77f5d4070843ce2c78cdf95b858b950fb039151de955122f5f5?s=96&d=mm&r=g","caption":"Gol&amp;Pop"},"sameAs":["http:\/\/golandpop.com"],"url":"https:\/\/golandpop.com\/index.php\/author\/admin\/"}]}},"_links":{"self":[{"href":"https:\/\/golandpop.com\/index.php\/wp-json\/wp\/v2\/posts\/18023","targetHints":{"allow":["GET"]}}],"collection":[{"href":"https:\/\/golandpop.com\/index.php\/wp-json\/wp\/v2\/posts"}],"about":[{"href":"https:\/\/golandpop.com\/index.php\/wp-json\/wp\/v2\/types\/post"}],"author":[{"embeddable":true,"href":"https:\/\/golandpop.com\/index.php\/wp-json\/wp\/v2\/users\/1"}],"replies":[{"embeddable":true,"href":"https:\/\/golandpop.com\/index.php\/wp-json\/wp\/v2\/comments?post=18023"}],"version-history":[{"count":8,"href":"https:\/\/golandpop.com\/index.php\/wp-json\/wp\/v2\/posts\/18023\/revisions"}],"predecessor-version":[{"id":18137,"href":"https:\/\/golandpop.com\/index.php\/wp-json\/wp\/v2\/posts\/18023\/revisions\/18137"}],"wp:featuredmedia":[{"embeddable":true,"href":"https:\/\/golandpop.com\/index.php\/wp-json\/wp\/v2\/media\/18033"}],"wp:attachment":[{"href":"https:\/\/golandpop.com\/index.php\/wp-json\/wp\/v2\/media?parent=18023"}],"wp:term":[{"taxonomy":"category","embeddable":true,"href":"https:\/\/golandpop.com\/index.php\/wp-json\/wp\/v2\/categories?post=18023"},{"taxonomy":"post_tag","embeddable":true,"href":"https:\/\/golandpop.com\/index.php\/wp-json\/wp\/v2\/tags?post=18023"}],"curies":[{"name":"wp","href":"https:\/\/api.w.org\/{rel}","templated":true}]}}