{"id":17438,"date":"2022-03-21T12:37:37","date_gmt":"2022-03-21T15:37:37","guid":{"rendered":"https:\/\/golandpop.com\/?p=17438"},"modified":"2022-03-21T13:44:18","modified_gmt":"2022-03-21T16:44:18","slug":"el-futuro-llego-hace-rato","status":"publish","type":"post","link":"https:\/\/golandpop.com\/index.php\/2022\/03\/21\/el-futuro-llego-hace-rato\/","title":{"rendered":"El futuro lleg\u00f3 hace rato"},"content":{"rendered":"\n<p><em>Los hijos del proyecto Fassi.<\/em><\/p>\n\n\n\n<p>Nadie se imaginaba a esta altura del a\u00f1o, que Talleres no tendr\u00eda entrenador, de cara a la participaci\u00f3n en el m\u00e1ximo torneo internacional, de este lado del mundo. La partida de Hern\u00e1n Crespo, qui\u00e9n era uno de los candidatos, al <a href=\"https:\/\/golandpop.com\/index.php\/category\/futbol\/\">f\u00fatbol<\/a> de Qatar marca que la diferencia econ\u00f3mica pesa. \u00bfEs la \u00fanica raz\u00f3n? Es dif\u00edcil saberlo, todo sucede en <a href=\"https:\/\/golandpop.com\/index.php\/category\/talleres\/\">Talleres<\/a> con el m\u00e1ximo hermetismo. <\/p>\n\n\n\n<p>Algunos se animan a decir que la direcci\u00f3n personalista de <a href=\"https:\/\/golandpop.com\/?s=andr%C3%A9s+fassi\">Andr\u00e9s Fassi<\/a>, tambi\u00e9n es un obst\u00e1culo para los t\u00e9cnicos con cartel. Pero est\u00e1 afirmaci\u00f3n es dif\u00edcil de comprobar y corroborar, lo que si se comprueba es que \u00e9sta temporada se parece poco a todas las anteriores que gestion\u00f3 Fassi. Ante la negativa de los entrenadores buscados, la vista es casi imposible que no vaya para el lado de los ex jugadores que mamaron el proyecto Fassi en su m\u00e1xima expresi\u00f3n. <\/p>\n\n\n\n<p>Y si bien es cierto que algunos saltearon pasos y se desviaron del proyecto, su identificaci\u00f3n con Fassi y sus m\u00e9todos es total. Es por ello que no es extra\u00f1o que sus nombres comiencen a rodar y las apuestas puedan ser una realidad. No ser\u00edan la opci\u00f3n primaria, pero son una opci\u00f3n que tarde o temprano, aparecer\u00eda.<\/p>\n\n\n\n<h3 class=\"wp-block-heading\">El Bombero<\/h3>\n\n\n\n<p>Cuando asumi\u00f3 <a href=\"https:\/\/golandpop.com\/?s=%C3%81ngel+Hoyos\">\u00c1ngel Hoyos<\/a>, trajo su equipo de trabajo. Sin embargo, Fassi insisti\u00f3 en sumar al cuerpo t\u00e9cnico, un hombre de su confianza y a manera de ayudante pero empleado de la instituci\u00f3n. Esto no quiere decir que Fassi no confiara en Hoyos, pero por algo quer\u00eda tener alguien que le respondiera directamente. <\/p>\n\n\n\n<p>Cuando Hoyos fue destituido, <a href=\"https:\/\/golandpop.com\/?s=Gandolfi\">Gandolfi<\/a> se par\u00f3 en frente del primer equipo. Sin estar recibido de entrenador y no pudiendo firmar planilla (esto lo hace Irusta) Cobija recuper\u00f3 an\u00edmicamente al plantel y con un par de retoques, puso un equipo que gole\u00f3 por <a href=\"https:\/\/golandpop.com\/?s=Copa+Argentina\">Copa Argentina<\/a>. Gandolfi fue siempre un l\u00edder positivo como jugador, a\u00fan sin ser titular y esto hace que tenga ascendencia en el plantel. Si bien Cobija tiene claro el interinato, un triunfo ante Godoy Cruz lo pondr\u00e1 de manera irrefutable en carrera.<\/p>\n\n\n\n<h3 class=\"wp-block-heading\">El mejor alumno<\/h3>\n\n\n\n<p><a href=\"https:\/\/golandpop.com\/?s=Mauricio+Caranta\">Mauricio Caranta<\/a> fue una de las m\u00e1s grandes apuestas de Andr\u00e9s Fassi. Cuando Talleres lleg\u00f3 a la B Nacional, el Presidente fue a buscar a Caranta que no solo militaba en la Primera Divisi\u00f3n, sino que estaba identificado con Instituto. Un contrato por varios a\u00f1os, sedujo al arquero entrado en a\u00f1os y se puso la pilcha del Matador. Una lesi\u00f3n en casi la mitad del torneo, hizo que debutar\u00e1 Guido Herrera y Caranta jam\u00e1s recuper\u00f3 la titularidad. <\/p>\n\n\n\n<p>Sin embargo, sigui\u00f3 siendo un l\u00edder dentro del plantel y un ejemplo de profesionalismo, entrenando a la par de cualquier pibe. A\u00fan retumba en el vestuario de All Boys, la arenga de Caranta para el ascenso tan ansiado en Barrio Jard\u00edn. Fue importante en el paso de Medina por la instituci\u00f3n y adquiri\u00f3 conocimientos. <\/p>\n\n\n\n<p>Ante su retiro, Fassi le ten\u00eda reservado la reserva para que fuera su primer paso como entrenador. Pero apareci\u00f3 <a href=\"https:\/\/golandpop.com\/index.php\/category\/instituto\/\">Instituto<\/a> y la posibilidad de dirigir un primer plantel. Caranta acept\u00f3 el desaf\u00edo, saltando casilleros pero nunca dej\u00f3 de ser hombre de confianza de Fassi y su vuelta al club siempre est\u00e1 latente. En la Gloria no le fue bien desde los resultados, pero por capacidad, pensamiento y la forma de expresar sus ideas, Caranta es un alumno del proceso Fassi y est\u00e1 siempre la posibilidad, que en alg\u00fan momento los caminos del 1 y Talleres se vuelvan a cruzar.<\/p>\n\n\n\n<h3 class=\"wp-block-heading\">El \u00eddolo <\/h3>\n\n\n\n<p>La llegada de Pablo Horacio Gui\u00f1az\u00fa revolucion\u00f3 <a href=\"https:\/\/www.clubtalleres.com.ar\/\">Talleres<\/a>. \u00cddolo de Independiente, de Inter de Porto Alegre y un hombre de Selecci\u00f3n, el Cholo lleg\u00f3 a C\u00f3rdoba a cumplir el sue\u00f1o de su pap\u00e1: que el hijo juegue en Talleres. Pero no vino solo a eso, Gui\u00f1az\u00fa se convirti\u00f3 en \u00eddolo. Super\u00f3 una lesi\u00f3n grave en la pre temporada y ya en el Nacional, clav\u00f3 el gol del ascenso y fue directo al Olimpo de los \u00eddolos eternos. <\/p>\n\n\n\n<p>El Cholo fue baluarte y capit\u00e1n en Primera, dejando un enorme legado. Dej\u00f3 la actividad profesional mientras Juan Pablo Vojvoda era el entrenador. Fassi siempre lo quiso en la estructura del <a href=\"https:\/\/golandpop.com\/?s=club\">Club<\/a>. Fue as\u00ed que se sum\u00f3 al cuerpo t\u00e9cnico de Alexander Medina y all\u00ed adquiri\u00f3 lo que necesitaba para lanzarse a la aventura de la direcci\u00f3n t\u00e9cnica. <\/p>\n\n\n\n<p>Se fue de Talleres por cuestiones particulares y con el tiempo, tuvo su primera experiencia en el banco de Atl\u00e9tico Tucum\u00e1n. Los resultados no le fueron favorables y dej\u00f3 el banco tucumano. Hace d\u00edas, son\u00f3 como posibilidad en Estudiantes de R\u00edo IV. Todos saben que Gui\u00f1az\u00fa y Talleres se volver\u00e1n a cruzar. El cuando, es lo que nadie se anima a suponer.<\/p>\n\n\n\n<h3 class=\"wp-block-heading\">Contra reloj<\/h3>\n\n\n\n<p>La <a href=\"https:\/\/golandpop.com\/?s=copa+libertadores\">Copa Libertadores<\/a> est\u00e1 a la vuelta de la esquina. En unos d\u00edas ser\u00e1 el sorteo y Talleres deber\u00e1 diagramar su aventura continental, para lograr su objetivo: pasar de ronda y jugar Octavos de final. La necesidad de un entrenador definitivo apremia m\u00e1s que nunca. <\/p>\n\n\n\n<p>Fassi quiere que el entrenador este antes del sorteo de la Copa. Andr\u00e9s quiere un t\u00e9cnico con 150 partidos en primera, pero ha recibido tantos NO que empieza a mirar para dentro del proyecto. Hoyos tambi\u00e9n fue una apuesta y sali\u00f3 mal, pero la mayor\u00eda de las apuestas de Andr\u00e9s Fassi le trajeron satisfacciones a Talleres. Capaz le lleg\u00f3 la hora a los hijos del proceso. El futuro ya est\u00e1 entre nosotros.<\/p>\n","protected":false},"excerpt":{"rendered":"<p>Matadores<\/p>\n","protected":false},"author":1,"featured_media":17455,"comment_status":"open","ping_status":"open","sticky":false,"template":"","format":"standard","meta":{"footnotes":""},"categories":[776,48],"tags":[74,1200,950,285],"class_list":["post-17438","post","type-post","status-publish","format-standard","has-post-thumbnail","hentry","category-opinion","category-talleres","tag-andres-fassi","tag-dt","tag-portada","tag-talleres-2"],"yoast_head":"<!-- This site is optimized with the Yoast SEO plugin v26.1.1 - https:\/\/yoast.com\/wordpress\/plugins\/seo\/ -->\n<title>El futuro lleg\u00f3 hace rato - Golandpop<\/title>\n<meta name=\"robots\" content=\"index, follow, max-snippet:-1, max-image-preview:large, max-video-preview:-1\" \/>\n<link rel=\"canonical\" href=\"https:\/\/golandpop.com\/index.php\/2022\/03\/21\/el-futuro-llego-hace-rato\/\" \/>\n<meta property=\"og:locale\" content=\"es_ES\" \/>\n<meta property=\"og:type\" content=\"article\" \/>\n<meta property=\"og:title\" content=\"El futuro lleg\u00f3 hace rato - Golandpop\" \/>\n<meta property=\"og:description\" content=\"Matadores\" \/>\n<meta property=\"og:url\" content=\"https:\/\/golandpop.com\/index.php\/2022\/03\/21\/el-futuro-llego-hace-rato\/\" \/>\n<meta property=\"og:site_name\" content=\"Golandpop\" \/>\n<meta property=\"article:published_time\" content=\"2022-03-21T15:37:37+00:00\" \/>\n<meta property=\"article:modified_time\" content=\"2022-03-21T16:44:18+00:00\" \/>\n<meta property=\"og:image\" content=\"https:\/\/golandpop.com\/wp-content\/uploads\/2022\/03\/WhatsApp-Image-2022-03-21-at-10.23.06.jpeg\" \/>\n\t<meta property=\"og:image:width\" content=\"1023\" \/>\n\t<meta property=\"og:image:height\" content=\"682\" \/>\n\t<meta property=\"og:image:type\" content=\"image\/jpeg\" \/>\n<meta name=\"author\" content=\"Gol&amp;Pop\" \/>\n<meta name=\"twitter:card\" content=\"summary_large_image\" \/>\n<meta name=\"twitter:creator\" content=\"@golandpop\" \/>\n<meta name=\"twitter:site\" content=\"@golandpop\" \/>\n<meta name=\"twitter:label1\" content=\"Escrito por\" \/>\n\t<meta name=\"twitter:data1\" content=\"Gol&amp;Pop\" \/>\n\t<meta name=\"twitter:label2\" content=\"Tiempo de lectura\" \/>\n\t<meta name=\"twitter:data2\" content=\"5 minutos\" \/>\n<script type=\"application\/ld+json\" class=\"yoast-schema-graph\">{\"@context\":\"https:\/\/schema.org\",\"@graph\":[{\"@type\":\"Article\",\"@id\":\"https:\/\/golandpop.com\/index.php\/2022\/03\/21\/el-futuro-llego-hace-rato\/#article\",\"isPartOf\":{\"@id\":\"https:\/\/golandpop.com\/index.php\/2022\/03\/21\/el-futuro-llego-hace-rato\/\"},\"author\":{\"name\":\"Gol&amp;Pop\",\"@id\":\"https:\/\/golandpop.com\/#\/schema\/person\/2809725861e0da25eaffe2d9b29c9613\"},\"headline\":\"El futuro lleg\u00f3 hace rato\",\"datePublished\":\"2022-03-21T15:37:37+00:00\",\"dateModified\":\"2022-03-21T16:44:18+00:00\",\"mainEntityOfPage\":{\"@id\":\"https:\/\/golandpop.com\/index.php\/2022\/03\/21\/el-futuro-llego-hace-rato\/\"},\"wordCount\":970,\"commentCount\":0,\"publisher\":{\"@id\":\"https:\/\/golandpop.com\/#organization\"},\"image\":{\"@id\":\"https:\/\/golandpop.com\/index.php\/2022\/03\/21\/el-futuro-llego-hace-rato\/#primaryimage\"},\"thumbnailUrl\":\"https:\/\/golandpop.com\/wp-content\/uploads\/2022\/03\/WhatsApp-Image-2022-03-21-at-10.23.06.jpeg\",\"keywords\":[\"Andr\u00e9s Fassi\",\"DT\",\"portada\",\"Talleres\"],\"articleSection\":[\"Opini\u00f3n\",\"Talleres\"],\"inLanguage\":\"es-AR\"},{\"@type\":\"WebPage\",\"@id\":\"https:\/\/golandpop.com\/index.php\/2022\/03\/21\/el-futuro-llego-hace-rato\/\",\"url\":\"https:\/\/golandpop.com\/index.php\/2022\/03\/21\/el-futuro-llego-hace-rato\/\",\"name\":\"El futuro lleg\u00f3 hace rato - Golandpop\",\"isPartOf\":{\"@id\":\"https:\/\/golandpop.com\/#website\"},\"primaryImageOfPage\":{\"@id\":\"https:\/\/golandpop.com\/index.php\/2022\/03\/21\/el-futuro-llego-hace-rato\/#primaryimage\"},\"image\":{\"@id\":\"https:\/\/golandpop.com\/index.php\/2022\/03\/21\/el-futuro-llego-hace-rato\/#primaryimage\"},\"thumbnailUrl\":\"https:\/\/golandpop.com\/wp-content\/uploads\/2022\/03\/WhatsApp-Image-2022-03-21-at-10.23.06.jpeg\",\"datePublished\":\"2022-03-21T15:37:37+00:00\",\"dateModified\":\"2022-03-21T16:44:18+00:00\",\"breadcrumb\":{\"@id\":\"https:\/\/golandpop.com\/index.php\/2022\/03\/21\/el-futuro-llego-hace-rato\/#breadcrumb\"},\"inLanguage\":\"es-AR\",\"potentialAction\":[{\"@type\":\"ReadAction\",\"target\":[\"https:\/\/golandpop.com\/index.php\/2022\/03\/21\/el-futuro-llego-hace-rato\/\"]}]},{\"@type\":\"ImageObject\",\"inLanguage\":\"es-AR\",\"@id\":\"https:\/\/golandpop.com\/index.php\/2022\/03\/21\/el-futuro-llego-hace-rato\/#primaryimage\",\"url\":\"https:\/\/golandpop.com\/wp-content\/uploads\/2022\/03\/WhatsApp-Image-2022-03-21-at-10.23.06.jpeg\",\"contentUrl\":\"https:\/\/golandpop.com\/wp-content\/uploads\/2022\/03\/WhatsApp-Image-2022-03-21-at-10.23.06.jpeg\",\"width\":1023,\"height\":682},{\"@type\":\"BreadcrumbList\",\"@id\":\"https:\/\/golandpop.com\/index.php\/2022\/03\/21\/el-futuro-llego-hace-rato\/#breadcrumb\",\"itemListElement\":[{\"@type\":\"ListItem\",\"position\":1,\"name\":\"Inicio\",\"item\":\"https:\/\/golandpop.com\/\"},{\"@type\":\"ListItem\",\"position\":2,\"name\":\"El futuro lleg\u00f3 hace rato\"}]},{\"@type\":\"WebSite\",\"@id\":\"https:\/\/golandpop.com\/#website\",\"url\":\"https:\/\/golandpop.com\/\",\"name\":\"Golandpop\",\"description\":\"\",\"publisher\":{\"@id\":\"https:\/\/golandpop.com\/#organization\"},\"potentialAction\":[{\"@type\":\"SearchAction\",\"target\":{\"@type\":\"EntryPoint\",\"urlTemplate\":\"https:\/\/golandpop.com\/?s={search_term_string}\"},\"query-input\":{\"@type\":\"PropertyValueSpecification\",\"valueRequired\":true,\"valueName\":\"search_term_string\"}}],\"inLanguage\":\"es-AR\"},{\"@type\":\"Organization\",\"@id\":\"https:\/\/golandpop.com\/#organization\",\"name\":\"GolandPop\",\"url\":\"https:\/\/golandpop.com\/\",\"logo\":{\"@type\":\"ImageObject\",\"inLanguage\":\"es-AR\",\"@id\":\"https:\/\/golandpop.com\/#\/schema\/logo\/image\/\",\"url\":\"https:\/\/golandpop.com\/wp-content\/uploads\/2020\/04\/favicon_gol_pop.png\",\"contentUrl\":\"https:\/\/golandpop.com\/wp-content\/uploads\/2020\/04\/favicon_gol_pop.png\",\"width\":246,\"height\":246,\"caption\":\"GolandPop\"},\"image\":{\"@id\":\"https:\/\/golandpop.com\/#\/schema\/logo\/image\/\"},\"sameAs\":[\"https:\/\/x.com\/golandpop\",\"https:\/\/www.instagram.com\/golandpopcordoba\/\"]},{\"@type\":\"Person\",\"@id\":\"https:\/\/golandpop.com\/#\/schema\/person\/2809725861e0da25eaffe2d9b29c9613\",\"name\":\"Gol&amp;Pop\",\"image\":{\"@type\":\"ImageObject\",\"inLanguage\":\"es-AR\",\"@id\":\"https:\/\/golandpop.com\/#\/schema\/person\/image\/\",\"url\":\"https:\/\/secure.gravatar.com\/avatar\/9a87ee051ca8c77f5d4070843ce2c78cdf95b858b950fb039151de955122f5f5?s=96&d=mm&r=g\",\"contentUrl\":\"https:\/\/secure.gravatar.com\/avatar\/9a87ee051ca8c77f5d4070843ce2c78cdf95b858b950fb039151de955122f5f5?s=96&d=mm&r=g\",\"caption\":\"Gol&amp;Pop\"},\"sameAs\":[\"http:\/\/golandpop.com\"],\"url\":\"https:\/\/golandpop.com\/index.php\/author\/admin\/\"}]}<\/script>\n<!-- \/ Yoast SEO plugin. -->","yoast_head_json":{"title":"El futuro lleg\u00f3 hace rato - Golandpop","robots":{"index":"index","follow":"follow","max-snippet":"max-snippet:-1","max-image-preview":"max-image-preview:large","max-video-preview":"max-video-preview:-1"},"canonical":"https:\/\/golandpop.com\/index.php\/2022\/03\/21\/el-futuro-llego-hace-rato\/","og_locale":"es_ES","og_type":"article","og_title":"El futuro lleg\u00f3 hace rato - Golandpop","og_description":"Matadores","og_url":"https:\/\/golandpop.com\/index.php\/2022\/03\/21\/el-futuro-llego-hace-rato\/","og_site_name":"Golandpop","article_published_time":"2022-03-21T15:37:37+00:00","article_modified_time":"2022-03-21T16:44:18+00:00","og_image":[{"width":1023,"height":682,"url":"https:\/\/golandpop.com\/wp-content\/uploads\/2022\/03\/WhatsApp-Image-2022-03-21-at-10.23.06.jpeg","type":"image\/jpeg"}],"author":"Gol&amp;Pop","twitter_card":"summary_large_image","twitter_creator":"@golandpop","twitter_site":"@golandpop","twitter_misc":{"Escrito por":"Gol&amp;Pop","Tiempo de lectura":"5 minutos"},"schema":{"@context":"https:\/\/schema.org","@graph":[{"@type":"Article","@id":"https:\/\/golandpop.com\/index.php\/2022\/03\/21\/el-futuro-llego-hace-rato\/#article","isPartOf":{"@id":"https:\/\/golandpop.com\/index.php\/2022\/03\/21\/el-futuro-llego-hace-rato\/"},"author":{"name":"Gol&amp;Pop","@id":"https:\/\/golandpop.com\/#\/schema\/person\/2809725861e0da25eaffe2d9b29c9613"},"headline":"El futuro lleg\u00f3 hace rato","datePublished":"2022-03-21T15:37:37+00:00","dateModified":"2022-03-21T16:44:18+00:00","mainEntityOfPage":{"@id":"https:\/\/golandpop.com\/index.php\/2022\/03\/21\/el-futuro-llego-hace-rato\/"},"wordCount":970,"commentCount":0,"publisher":{"@id":"https:\/\/golandpop.com\/#organization"},"image":{"@id":"https:\/\/golandpop.com\/index.php\/2022\/03\/21\/el-futuro-llego-hace-rato\/#primaryimage"},"thumbnailUrl":"https:\/\/golandpop.com\/wp-content\/uploads\/2022\/03\/WhatsApp-Image-2022-03-21-at-10.23.06.jpeg","keywords":["Andr\u00e9s Fassi","DT","portada","Talleres"],"articleSection":["Opini\u00f3n","Talleres"],"inLanguage":"es-AR"},{"@type":"WebPage","@id":"https:\/\/golandpop.com\/index.php\/2022\/03\/21\/el-futuro-llego-hace-rato\/","url":"https:\/\/golandpop.com\/index.php\/2022\/03\/21\/el-futuro-llego-hace-rato\/","name":"El futuro lleg\u00f3 hace rato - Golandpop","isPartOf":{"@id":"https:\/\/golandpop.com\/#website"},"primaryImageOfPage":{"@id":"https:\/\/golandpop.com\/index.php\/2022\/03\/21\/el-futuro-llego-hace-rato\/#primaryimage"},"image":{"@id":"https:\/\/golandpop.com\/index.php\/2022\/03\/21\/el-futuro-llego-hace-rato\/#primaryimage"},"thumbnailUrl":"https:\/\/golandpop.com\/wp-content\/uploads\/2022\/03\/WhatsApp-Image-2022-03-21-at-10.23.06.jpeg","datePublished":"2022-03-21T15:37:37+00:00","dateModified":"2022-03-21T16:44:18+00:00","breadcrumb":{"@id":"https:\/\/golandpop.com\/index.php\/2022\/03\/21\/el-futuro-llego-hace-rato\/#breadcrumb"},"inLanguage":"es-AR","potentialAction":[{"@type":"ReadAction","target":["https:\/\/golandpop.com\/index.php\/2022\/03\/21\/el-futuro-llego-hace-rato\/"]}]},{"@type":"ImageObject","inLanguage":"es-AR","@id":"https:\/\/golandpop.com\/index.php\/2022\/03\/21\/el-futuro-llego-hace-rato\/#primaryimage","url":"https:\/\/golandpop.com\/wp-content\/uploads\/2022\/03\/WhatsApp-Image-2022-03-21-at-10.23.06.jpeg","contentUrl":"https:\/\/golandpop.com\/wp-content\/uploads\/2022\/03\/WhatsApp-Image-2022-03-21-at-10.23.06.jpeg","width":1023,"height":682},{"@type":"BreadcrumbList","@id":"https:\/\/golandpop.com\/index.php\/2022\/03\/21\/el-futuro-llego-hace-rato\/#breadcrumb","itemListElement":[{"@type":"ListItem","position":1,"name":"Inicio","item":"https:\/\/golandpop.com\/"},{"@type":"ListItem","position":2,"name":"El futuro lleg\u00f3 hace rato"}]},{"@type":"WebSite","@id":"https:\/\/golandpop.com\/#website","url":"https:\/\/golandpop.com\/","name":"Golandpop","description":"","publisher":{"@id":"https:\/\/golandpop.com\/#organization"},"potentialAction":[{"@type":"SearchAction","target":{"@type":"EntryPoint","urlTemplate":"https:\/\/golandpop.com\/?s={search_term_string}"},"query-input":{"@type":"PropertyValueSpecification","valueRequired":true,"valueName":"search_term_string"}}],"inLanguage":"es-AR"},{"@type":"Organization","@id":"https:\/\/golandpop.com\/#organization","name":"GolandPop","url":"https:\/\/golandpop.com\/","logo":{"@type":"ImageObject","inLanguage":"es-AR","@id":"https:\/\/golandpop.com\/#\/schema\/logo\/image\/","url":"https:\/\/golandpop.com\/wp-content\/uploads\/2020\/04\/favicon_gol_pop.png","contentUrl":"https:\/\/golandpop.com\/wp-content\/uploads\/2020\/04\/favicon_gol_pop.png","width":246,"height":246,"caption":"GolandPop"},"image":{"@id":"https:\/\/golandpop.com\/#\/schema\/logo\/image\/"},"sameAs":["https:\/\/x.com\/golandpop","https:\/\/www.instagram.com\/golandpopcordoba\/"]},{"@type":"Person","@id":"https:\/\/golandpop.com\/#\/schema\/person\/2809725861e0da25eaffe2d9b29c9613","name":"Gol&amp;Pop","image":{"@type":"ImageObject","inLanguage":"es-AR","@id":"https:\/\/golandpop.com\/#\/schema\/person\/image\/","url":"https:\/\/secure.gravatar.com\/avatar\/9a87ee051ca8c77f5d4070843ce2c78cdf95b858b950fb039151de955122f5f5?s=96&d=mm&r=g","contentUrl":"https:\/\/secure.gravatar.com\/avatar\/9a87ee051ca8c77f5d4070843ce2c78cdf95b858b950fb039151de955122f5f5?s=96&d=mm&r=g","caption":"Gol&amp;Pop"},"sameAs":["http:\/\/golandpop.com"],"url":"https:\/\/golandpop.com\/index.php\/author\/admin\/"}]}},"_links":{"self":[{"href":"https:\/\/golandpop.com\/index.php\/wp-json\/wp\/v2\/posts\/17438","targetHints":{"allow":["GET"]}}],"collection":[{"href":"https:\/\/golandpop.com\/index.php\/wp-json\/wp\/v2\/posts"}],"about":[{"href":"https:\/\/golandpop.com\/index.php\/wp-json\/wp\/v2\/types\/post"}],"author":[{"embeddable":true,"href":"https:\/\/golandpop.com\/index.php\/wp-json\/wp\/v2\/users\/1"}],"replies":[{"embeddable":true,"href":"https:\/\/golandpop.com\/index.php\/wp-json\/wp\/v2\/comments?post=17438"}],"version-history":[{"count":6,"href":"https:\/\/golandpop.com\/index.php\/wp-json\/wp\/v2\/posts\/17438\/revisions"}],"predecessor-version":[{"id":17461,"href":"https:\/\/golandpop.com\/index.php\/wp-json\/wp\/v2\/posts\/17438\/revisions\/17461"}],"wp:featuredmedia":[{"embeddable":true,"href":"https:\/\/golandpop.com\/index.php\/wp-json\/wp\/v2\/media\/17455"}],"wp:attachment":[{"href":"https:\/\/golandpop.com\/index.php\/wp-json\/wp\/v2\/media?parent=17438"}],"wp:term":[{"taxonomy":"category","embeddable":true,"href":"https:\/\/golandpop.com\/index.php\/wp-json\/wp\/v2\/categories?post=17438"},{"taxonomy":"post_tag","embeddable":true,"href":"https:\/\/golandpop.com\/index.php\/wp-json\/wp\/v2\/tags?post=17438"}],"curies":[{"name":"wp","href":"https:\/\/api.w.org\/{rel}","templated":true}]}}