{"id":16828,"date":"2022-02-14T12:40:48","date_gmt":"2022-02-14T15:40:48","guid":{"rendered":"https:\/\/golandpop.com\/?p=16828"},"modified":"2022-02-14T13:30:42","modified_gmt":"2022-02-14T16:30:42","slug":"la-perspectiva-no-es-justicia","status":"publish","type":"post","link":"https:\/\/golandpop.com\/index.php\/2022\/02\/14\/la-perspectiva-no-es-justicia\/","title":{"rendered":"La perspectiva no es justicia"},"content":{"rendered":"\n<p>Una vez escuchaba una conferencia sobre <a href=\"https:\/\/golandpop.com\/index.php\/category\/futbol\/\">f\u00fatbol<\/a>, del gran C\u00e9sar Luis Menotti. Ya por aquellos a\u00f1os el Flaco ya hablaba de la tecnolog\u00eda en el f\u00fatbol, que no era otra en aquel tiempo que la televisi\u00f3n. All\u00ed Menotti sosten\u00eda que no se pod\u00eda analizar un partido por <a href=\"https:\/\/golandpop.com\/?s=televisi%C3%B3n\">televisi\u00f3n<\/a> ya que la c\u00e1mara sigue a la pelota. Por lo tanto, saber c\u00f3mo espera un equipo cuando no tiene la pelota o que movimientos hace en el retroceso, son imperceptibles para el analista. <\/p>\n\n\n\n<p>Tambi\u00e9n se refer\u00eda, a qu\u00e9 una cosa puede ser o no, seg\u00fan la perspectiva. Claro, seg\u00fan desde donde la TV mostrar\u00e1 la jugada, la misma pod\u00eda ser una cosa u otra. Y es entonces donde nos ponemos a pensar \u00bfQu\u00e9 es el <a href=\"https:\/\/golandpop.com\/?s=VAR\">VAR<\/a>? y la respuesta que sale autom\u00e1ticamente es que el VAR es un grupo de personas mirando por TV distintas perspectivas. Partiendo de esa base, llega la gran pregunta \u00bfSe puede hacer justicia desde all\u00ed? La verdad, pues no.<\/p>\n\n\n\n<h3 class=\"wp-block-heading\">M\u00e1s injusticia que otra cosa<\/h3>\n\n\n\n<p>Desde su implementaci\u00f3n, el VAR pocas veces ha hecho grandes justicias y si ha dejado, inmensas injusticias. La idea de que habiendo <a href=\"https:\/\/golandpop.com\/?s=arbitros\">\u00e1rbitros<\/a> mirando la TV acabar\u00eda con la injusticia, corrupci\u00f3n y robo en el f\u00fatbol, lejos estuvo por cumplirse. En el apogeo del Boca de Bianchi y Macri, se dec\u00eda que los \u00e1rbitros le pitaban todo al Xeneize. Obviamente, nunca se comprob\u00f3 nada, pero refer\u00eds como Hidalgo o Amarilla dejaron arbitrajes espantosos. <\/p>\n\n\n\n<p>Ya en la era de la modernidad, el River super ganador de Gallardo, recibi\u00f3 innumerables beneficios con VAR y todo. Penales a favor inexplicables y m\u00e1s a\u00fan, penales clar\u00edsimos en contra, que jam\u00e1s se cobraban y los \u00e1rbitros jam\u00e1s recurr\u00edan al VAR. Si pudi\u00e9ramos comprobar que en ambos ciclos dorados de los m\u00e1s poderosos de la <a href=\"https:\/\/golandpop.com\/?s=Argentina\">Argentina,<\/a> hubo corrupci\u00f3n, el VAR no salv\u00f3 ninguna injusticia y fue c\u00f3mplice del ciclo dorado de N\u00fa\u00f1ez.&nbsp;<\/p>\n\n\n\n<h3 class=\"wp-block-heading\">La perspectiva campeona del mundo<\/h3>\n\n\n\n<p>Despu\u00e9s de papelones en <a href=\"https:\/\/copaamerica.com\/\">Copa Am\u00e9rica<\/a> en 2019, Fallos incre\u00edbles en la Eurocopa y hasta hace poco en la Nations League, el VAR solo suma hechos desafortunados. Por estas tierras se justifican diciendo que la herramienta es buena pero el problema es que la maneja el hombre y este es corruptible. <\/p>\n\n\n\n<p>Entonces, el VAR funcionar\u00e1 bien cuando&#8230;\u00bfLa inteligencia artificial nos reemplace? De las cosas que pasan en Europa, poco se dice. Es como que ellos marcar\u00e1n la honestidad en el deporte de la pelota&#8230;habr\u00eda que avisarle a la UEFA y sus rufianes. <\/p>\n\n\n\n<p>Pero fue en el Mundial de Clubes que el VAR nos regal\u00f3 la \u00faltima perlita. El penal que le dieron al Chelsea cuando estaba todo encaminado para terminar pardas con el Palmeiras. El \u00e1rbitro de campo correctamente, no lo sanciona. Es que el \u00e1rbitro desde su perspectiva, ve el movimiento del defensor brasile\u00f1o de voltear el cuerpo en el salto y la pelota le termina impactando en la mano. El VAR interviene y el \u00e1rbitro mirando las distintas perspectivas de la TV, sanciona el <a href=\"https:\/\/golandpop.com\/?s=penal\">penal<\/a> y t\u00edtulo para Londres. No toda mano es penal simplemente porque un jugador no puede saltar sin usar los brazos por ejemplo o porque la pelota a veces &#8220;busca la mano y no al rev\u00e9s&#8221; y por eso, la perspectiva y la interpretaci\u00f3n del juego, son fundamentos que solo tiene el \u00e1rbitro de campo y no, un espectador de TV o llamado ahora, \u00e1rbitro VAR.<\/p>\n\n\n\n<h3 class=\"wp-block-heading\">El flaco estaba adelantado<\/h3>\n\n\n\n<p><a href=\"https:\/\/golandpop.com\/?s=Menotti\">C\u00e9sar Luis Menotti<\/a> dio esa conferencia sin saber, que con las d\u00e9cadas existir\u00eda un invento como el VAR. Ni siquiera conocemos que opina Menotti del VAR, pero el Flaco, un adelantado, dio su perspectiva y nos obliga a pensar en todas las perspectivas. La del \u00e1rbitro, la del VAR, las del negocio del f\u00fatbol, las del negocio del VAR, la de los intereses de los popes de las confederaciones y la de la gente. Bueno, en la de esta \u00faltima nadie piensa, porque si bien la gente es la que sostiene todo el Show, a la gente solo le est\u00e1n desvirtuando el juego. Y de eso parece, que no se vuelve.<\/p>\n","protected":false},"excerpt":{"rendered":"<p>La otra mirada del VAR<\/p>\n","protected":false},"author":1,"featured_media":16834,"comment_status":"open","ping_status":"open","sticky":false,"template":"","format":"standard","meta":{"footnotes":""},"categories":[39,776],"tags":[1371,956,950,1372,600],"class_list":["post-16828","post","type-post","status-publish","format-standard","has-post-thumbnail","hentry","category-futbol","category-opinion","tag-cesar-luis-menotti","tag-futbol-4","tag-portada","tag-television","tag-var"],"yoast_head":"<!-- This site is optimized with the Yoast SEO plugin v26.1.1 - https:\/\/yoast.com\/wordpress\/plugins\/seo\/ -->\n<title>La perspectiva no es justicia - Golandpop<\/title>\n<meta name=\"robots\" content=\"index, follow, max-snippet:-1, max-image-preview:large, max-video-preview:-1\" \/>\n<link rel=\"canonical\" href=\"https:\/\/golandpop.com\/index.php\/2022\/02\/14\/la-perspectiva-no-es-justicia\/\" \/>\n<meta property=\"og:locale\" content=\"es_ES\" \/>\n<meta property=\"og:type\" content=\"article\" \/>\n<meta property=\"og:title\" content=\"La perspectiva no es justicia - Golandpop\" \/>\n<meta property=\"og:description\" content=\"La otra mirada del VAR\" \/>\n<meta property=\"og:url\" content=\"https:\/\/golandpop.com\/index.php\/2022\/02\/14\/la-perspectiva-no-es-justicia\/\" \/>\n<meta property=\"og:site_name\" content=\"Golandpop\" \/>\n<meta property=\"article:published_time\" content=\"2022-02-14T15:40:48+00:00\" \/>\n<meta property=\"article:modified_time\" content=\"2022-02-14T16:30:42+00:00\" \/>\n<meta property=\"og:image\" content=\"https:\/\/golandpop.com\/wp-content\/uploads\/2022\/02\/WhatsApp-Image-2022-02-14-at-09.06.45.jpeg\" \/>\n\t<meta property=\"og:image:width\" content=\"862\" \/>\n\t<meta property=\"og:image:height\" content=\"485\" \/>\n\t<meta property=\"og:image:type\" content=\"image\/jpeg\" \/>\n<meta name=\"author\" content=\"Gol&amp;Pop\" \/>\n<meta name=\"twitter:card\" content=\"summary_large_image\" \/>\n<meta name=\"twitter:creator\" content=\"@golandpop\" \/>\n<meta name=\"twitter:site\" content=\"@golandpop\" \/>\n<meta name=\"twitter:label1\" content=\"Escrito por\" \/>\n\t<meta name=\"twitter:data1\" content=\"Gol&amp;Pop\" \/>\n\t<meta name=\"twitter:label2\" content=\"Tiempo de lectura\" \/>\n\t<meta name=\"twitter:data2\" content=\"4 minutos\" \/>\n<script type=\"application\/ld+json\" class=\"yoast-schema-graph\">{\"@context\":\"https:\/\/schema.org\",\"@graph\":[{\"@type\":\"Article\",\"@id\":\"https:\/\/golandpop.com\/index.php\/2022\/02\/14\/la-perspectiva-no-es-justicia\/#article\",\"isPartOf\":{\"@id\":\"https:\/\/golandpop.com\/index.php\/2022\/02\/14\/la-perspectiva-no-es-justicia\/\"},\"author\":{\"name\":\"Gol&amp;Pop\",\"@id\":\"https:\/\/golandpop.com\/#\/schema\/person\/2809725861e0da25eaffe2d9b29c9613\"},\"headline\":\"La perspectiva no es justicia\",\"datePublished\":\"2022-02-14T15:40:48+00:00\",\"dateModified\":\"2022-02-14T16:30:42+00:00\",\"mainEntityOfPage\":{\"@id\":\"https:\/\/golandpop.com\/index.php\/2022\/02\/14\/la-perspectiva-no-es-justicia\/\"},\"wordCount\":731,\"commentCount\":0,\"publisher\":{\"@id\":\"https:\/\/golandpop.com\/#organization\"},\"image\":{\"@id\":\"https:\/\/golandpop.com\/index.php\/2022\/02\/14\/la-perspectiva-no-es-justicia\/#primaryimage\"},\"thumbnailUrl\":\"https:\/\/golandpop.com\/wp-content\/uploads\/2022\/02\/WhatsApp-Image-2022-02-14-at-09.06.45.jpeg\",\"keywords\":[\"C\u00e9sar Luis Menotti\",\"f\u00fatbol\",\"portada\",\"Televisi\u00f3n\",\"VAR\"],\"articleSection\":[\"F\u00fatbol\",\"Opini\u00f3n\"],\"inLanguage\":\"es-AR\"},{\"@type\":\"WebPage\",\"@id\":\"https:\/\/golandpop.com\/index.php\/2022\/02\/14\/la-perspectiva-no-es-justicia\/\",\"url\":\"https:\/\/golandpop.com\/index.php\/2022\/02\/14\/la-perspectiva-no-es-justicia\/\",\"name\":\"La perspectiva no es justicia - Golandpop\",\"isPartOf\":{\"@id\":\"https:\/\/golandpop.com\/#website\"},\"primaryImageOfPage\":{\"@id\":\"https:\/\/golandpop.com\/index.php\/2022\/02\/14\/la-perspectiva-no-es-justicia\/#primaryimage\"},\"image\":{\"@id\":\"https:\/\/golandpop.com\/index.php\/2022\/02\/14\/la-perspectiva-no-es-justicia\/#primaryimage\"},\"thumbnailUrl\":\"https:\/\/golandpop.com\/wp-content\/uploads\/2022\/02\/WhatsApp-Image-2022-02-14-at-09.06.45.jpeg\",\"datePublished\":\"2022-02-14T15:40:48+00:00\",\"dateModified\":\"2022-02-14T16:30:42+00:00\",\"breadcrumb\":{\"@id\":\"https:\/\/golandpop.com\/index.php\/2022\/02\/14\/la-perspectiva-no-es-justicia\/#breadcrumb\"},\"inLanguage\":\"es-AR\",\"potentialAction\":[{\"@type\":\"ReadAction\",\"target\":[\"https:\/\/golandpop.com\/index.php\/2022\/02\/14\/la-perspectiva-no-es-justicia\/\"]}]},{\"@type\":\"ImageObject\",\"inLanguage\":\"es-AR\",\"@id\":\"https:\/\/golandpop.com\/index.php\/2022\/02\/14\/la-perspectiva-no-es-justicia\/#primaryimage\",\"url\":\"https:\/\/golandpop.com\/wp-content\/uploads\/2022\/02\/WhatsApp-Image-2022-02-14-at-09.06.45.jpeg\",\"contentUrl\":\"https:\/\/golandpop.com\/wp-content\/uploads\/2022\/02\/WhatsApp-Image-2022-02-14-at-09.06.45.jpeg\",\"width\":862,\"height\":485},{\"@type\":\"BreadcrumbList\",\"@id\":\"https:\/\/golandpop.com\/index.php\/2022\/02\/14\/la-perspectiva-no-es-justicia\/#breadcrumb\",\"itemListElement\":[{\"@type\":\"ListItem\",\"position\":1,\"name\":\"Inicio\",\"item\":\"https:\/\/golandpop.com\/\"},{\"@type\":\"ListItem\",\"position\":2,\"name\":\"La perspectiva no es justicia\"}]},{\"@type\":\"WebSite\",\"@id\":\"https:\/\/golandpop.com\/#website\",\"url\":\"https:\/\/golandpop.com\/\",\"name\":\"Golandpop\",\"description\":\"\",\"publisher\":{\"@id\":\"https:\/\/golandpop.com\/#organization\"},\"potentialAction\":[{\"@type\":\"SearchAction\",\"target\":{\"@type\":\"EntryPoint\",\"urlTemplate\":\"https:\/\/golandpop.com\/?s={search_term_string}\"},\"query-input\":{\"@type\":\"PropertyValueSpecification\",\"valueRequired\":true,\"valueName\":\"search_term_string\"}}],\"inLanguage\":\"es-AR\"},{\"@type\":\"Organization\",\"@id\":\"https:\/\/golandpop.com\/#organization\",\"name\":\"GolandPop\",\"url\":\"https:\/\/golandpop.com\/\",\"logo\":{\"@type\":\"ImageObject\",\"inLanguage\":\"es-AR\",\"@id\":\"https:\/\/golandpop.com\/#\/schema\/logo\/image\/\",\"url\":\"https:\/\/golandpop.com\/wp-content\/uploads\/2020\/04\/favicon_gol_pop.png\",\"contentUrl\":\"https:\/\/golandpop.com\/wp-content\/uploads\/2020\/04\/favicon_gol_pop.png\",\"width\":246,\"height\":246,\"caption\":\"GolandPop\"},\"image\":{\"@id\":\"https:\/\/golandpop.com\/#\/schema\/logo\/image\/\"},\"sameAs\":[\"https:\/\/x.com\/golandpop\",\"https:\/\/www.instagram.com\/golandpopcordoba\/\"]},{\"@type\":\"Person\",\"@id\":\"https:\/\/golandpop.com\/#\/schema\/person\/2809725861e0da25eaffe2d9b29c9613\",\"name\":\"Gol&amp;Pop\",\"image\":{\"@type\":\"ImageObject\",\"inLanguage\":\"es-AR\",\"@id\":\"https:\/\/golandpop.com\/#\/schema\/person\/image\/\",\"url\":\"https:\/\/secure.gravatar.com\/avatar\/9a87ee051ca8c77f5d4070843ce2c78cdf95b858b950fb039151de955122f5f5?s=96&d=mm&r=g\",\"contentUrl\":\"https:\/\/secure.gravatar.com\/avatar\/9a87ee051ca8c77f5d4070843ce2c78cdf95b858b950fb039151de955122f5f5?s=96&d=mm&r=g\",\"caption\":\"Gol&amp;Pop\"},\"sameAs\":[\"http:\/\/golandpop.com\"],\"url\":\"https:\/\/golandpop.com\/index.php\/author\/admin\/\"}]}<\/script>\n<!-- \/ Yoast SEO plugin. -->","yoast_head_json":{"title":"La perspectiva no es justicia - Golandpop","robots":{"index":"index","follow":"follow","max-snippet":"max-snippet:-1","max-image-preview":"max-image-preview:large","max-video-preview":"max-video-preview:-1"},"canonical":"https:\/\/golandpop.com\/index.php\/2022\/02\/14\/la-perspectiva-no-es-justicia\/","og_locale":"es_ES","og_type":"article","og_title":"La perspectiva no es justicia - Golandpop","og_description":"La otra mirada del VAR","og_url":"https:\/\/golandpop.com\/index.php\/2022\/02\/14\/la-perspectiva-no-es-justicia\/","og_site_name":"Golandpop","article_published_time":"2022-02-14T15:40:48+00:00","article_modified_time":"2022-02-14T16:30:42+00:00","og_image":[{"width":862,"height":485,"url":"https:\/\/golandpop.com\/wp-content\/uploads\/2022\/02\/WhatsApp-Image-2022-02-14-at-09.06.45.jpeg","type":"image\/jpeg"}],"author":"Gol&amp;Pop","twitter_card":"summary_large_image","twitter_creator":"@golandpop","twitter_site":"@golandpop","twitter_misc":{"Escrito por":"Gol&amp;Pop","Tiempo de lectura":"4 minutos"},"schema":{"@context":"https:\/\/schema.org","@graph":[{"@type":"Article","@id":"https:\/\/golandpop.com\/index.php\/2022\/02\/14\/la-perspectiva-no-es-justicia\/#article","isPartOf":{"@id":"https:\/\/golandpop.com\/index.php\/2022\/02\/14\/la-perspectiva-no-es-justicia\/"},"author":{"name":"Gol&amp;Pop","@id":"https:\/\/golandpop.com\/#\/schema\/person\/2809725861e0da25eaffe2d9b29c9613"},"headline":"La perspectiva no es justicia","datePublished":"2022-02-14T15:40:48+00:00","dateModified":"2022-02-14T16:30:42+00:00","mainEntityOfPage":{"@id":"https:\/\/golandpop.com\/index.php\/2022\/02\/14\/la-perspectiva-no-es-justicia\/"},"wordCount":731,"commentCount":0,"publisher":{"@id":"https:\/\/golandpop.com\/#organization"},"image":{"@id":"https:\/\/golandpop.com\/index.php\/2022\/02\/14\/la-perspectiva-no-es-justicia\/#primaryimage"},"thumbnailUrl":"https:\/\/golandpop.com\/wp-content\/uploads\/2022\/02\/WhatsApp-Image-2022-02-14-at-09.06.45.jpeg","keywords":["C\u00e9sar Luis Menotti","f\u00fatbol","portada","Televisi\u00f3n","VAR"],"articleSection":["F\u00fatbol","Opini\u00f3n"],"inLanguage":"es-AR"},{"@type":"WebPage","@id":"https:\/\/golandpop.com\/index.php\/2022\/02\/14\/la-perspectiva-no-es-justicia\/","url":"https:\/\/golandpop.com\/index.php\/2022\/02\/14\/la-perspectiva-no-es-justicia\/","name":"La perspectiva no es justicia - Golandpop","isPartOf":{"@id":"https:\/\/golandpop.com\/#website"},"primaryImageOfPage":{"@id":"https:\/\/golandpop.com\/index.php\/2022\/02\/14\/la-perspectiva-no-es-justicia\/#primaryimage"},"image":{"@id":"https:\/\/golandpop.com\/index.php\/2022\/02\/14\/la-perspectiva-no-es-justicia\/#primaryimage"},"thumbnailUrl":"https:\/\/golandpop.com\/wp-content\/uploads\/2022\/02\/WhatsApp-Image-2022-02-14-at-09.06.45.jpeg","datePublished":"2022-02-14T15:40:48+00:00","dateModified":"2022-02-14T16:30:42+00:00","breadcrumb":{"@id":"https:\/\/golandpop.com\/index.php\/2022\/02\/14\/la-perspectiva-no-es-justicia\/#breadcrumb"},"inLanguage":"es-AR","potentialAction":[{"@type":"ReadAction","target":["https:\/\/golandpop.com\/index.php\/2022\/02\/14\/la-perspectiva-no-es-justicia\/"]}]},{"@type":"ImageObject","inLanguage":"es-AR","@id":"https:\/\/golandpop.com\/index.php\/2022\/02\/14\/la-perspectiva-no-es-justicia\/#primaryimage","url":"https:\/\/golandpop.com\/wp-content\/uploads\/2022\/02\/WhatsApp-Image-2022-02-14-at-09.06.45.jpeg","contentUrl":"https:\/\/golandpop.com\/wp-content\/uploads\/2022\/02\/WhatsApp-Image-2022-02-14-at-09.06.45.jpeg","width":862,"height":485},{"@type":"BreadcrumbList","@id":"https:\/\/golandpop.com\/index.php\/2022\/02\/14\/la-perspectiva-no-es-justicia\/#breadcrumb","itemListElement":[{"@type":"ListItem","position":1,"name":"Inicio","item":"https:\/\/golandpop.com\/"},{"@type":"ListItem","position":2,"name":"La perspectiva no es justicia"}]},{"@type":"WebSite","@id":"https:\/\/golandpop.com\/#website","url":"https:\/\/golandpop.com\/","name":"Golandpop","description":"","publisher":{"@id":"https:\/\/golandpop.com\/#organization"},"potentialAction":[{"@type":"SearchAction","target":{"@type":"EntryPoint","urlTemplate":"https:\/\/golandpop.com\/?s={search_term_string}"},"query-input":{"@type":"PropertyValueSpecification","valueRequired":true,"valueName":"search_term_string"}}],"inLanguage":"es-AR"},{"@type":"Organization","@id":"https:\/\/golandpop.com\/#organization","name":"GolandPop","url":"https:\/\/golandpop.com\/","logo":{"@type":"ImageObject","inLanguage":"es-AR","@id":"https:\/\/golandpop.com\/#\/schema\/logo\/image\/","url":"https:\/\/golandpop.com\/wp-content\/uploads\/2020\/04\/favicon_gol_pop.png","contentUrl":"https:\/\/golandpop.com\/wp-content\/uploads\/2020\/04\/favicon_gol_pop.png","width":246,"height":246,"caption":"GolandPop"},"image":{"@id":"https:\/\/golandpop.com\/#\/schema\/logo\/image\/"},"sameAs":["https:\/\/x.com\/golandpop","https:\/\/www.instagram.com\/golandpopcordoba\/"]},{"@type":"Person","@id":"https:\/\/golandpop.com\/#\/schema\/person\/2809725861e0da25eaffe2d9b29c9613","name":"Gol&amp;Pop","image":{"@type":"ImageObject","inLanguage":"es-AR","@id":"https:\/\/golandpop.com\/#\/schema\/person\/image\/","url":"https:\/\/secure.gravatar.com\/avatar\/9a87ee051ca8c77f5d4070843ce2c78cdf95b858b950fb039151de955122f5f5?s=96&d=mm&r=g","contentUrl":"https:\/\/secure.gravatar.com\/avatar\/9a87ee051ca8c77f5d4070843ce2c78cdf95b858b950fb039151de955122f5f5?s=96&d=mm&r=g","caption":"Gol&amp;Pop"},"sameAs":["http:\/\/golandpop.com"],"url":"https:\/\/golandpop.com\/index.php\/author\/admin\/"}]}},"_links":{"self":[{"href":"https:\/\/golandpop.com\/index.php\/wp-json\/wp\/v2\/posts\/16828","targetHints":{"allow":["GET"]}}],"collection":[{"href":"https:\/\/golandpop.com\/index.php\/wp-json\/wp\/v2\/posts"}],"about":[{"href":"https:\/\/golandpop.com\/index.php\/wp-json\/wp\/v2\/types\/post"}],"author":[{"embeddable":true,"href":"https:\/\/golandpop.com\/index.php\/wp-json\/wp\/v2\/users\/1"}],"replies":[{"embeddable":true,"href":"https:\/\/golandpop.com\/index.php\/wp-json\/wp\/v2\/comments?post=16828"}],"version-history":[{"count":9,"href":"https:\/\/golandpop.com\/index.php\/wp-json\/wp\/v2\/posts\/16828\/revisions"}],"predecessor-version":[{"id":16842,"href":"https:\/\/golandpop.com\/index.php\/wp-json\/wp\/v2\/posts\/16828\/revisions\/16842"}],"wp:featuredmedia":[{"embeddable":true,"href":"https:\/\/golandpop.com\/index.php\/wp-json\/wp\/v2\/media\/16834"}],"wp:attachment":[{"href":"https:\/\/golandpop.com\/index.php\/wp-json\/wp\/v2\/media?parent=16828"}],"wp:term":[{"taxonomy":"category","embeddable":true,"href":"https:\/\/golandpop.com\/index.php\/wp-json\/wp\/v2\/categories?post=16828"},{"taxonomy":"post_tag","embeddable":true,"href":"https:\/\/golandpop.com\/index.php\/wp-json\/wp\/v2\/tags?post=16828"}],"curies":[{"name":"wp","href":"https:\/\/api.w.org\/{rel}","templated":true}]}}