{"id":16493,"date":"2022-02-01T11:09:55","date_gmt":"2022-02-01T14:09:55","guid":{"rendered":"https:\/\/golandpop.com\/?p=16493"},"modified":"2022-02-01T11:09:57","modified_gmt":"2022-02-01T14:09:57","slug":"cordoba-recibe-a-la-seleccion-argentina","status":"publish","type":"post","link":"https:\/\/golandpop.com\/index.php\/2022\/02\/01\/cordoba-recibe-a-la-seleccion-argentina\/","title":{"rendered":"\u00a1C\u00f3rdoba recibe a la Selecci\u00f3n Argentina!"},"content":{"rendered":"\n<p>El Mario Alberto Kempes de la ciudad capitalina recibe este martes, desde las 20.30 horas, a la <a href=\"https:\/\/golandpop.com\/index.php\/tag\/seleccion-argentina\/\">Selecci\u00f3n Argentina<\/a> de Lionel Scaloni por la fecha 16 de las Eliminatorias. El rival ser\u00e1 el seleccionado de <a href=\"https:\/\/twitter.com\/FCFSeleccionCol\">Colombia<\/a>, que llega con la obligacion de sumar puntos si quiere su boleto a <a href=\"https:\/\/twitter.com\/FIFAWorldCup\">Qatar 2022<\/a>. El encuentro lo viv\u00eds en la\u00a0<strong>Cadena\u00a0<a href=\"https:\/\/golandpop.com\/\">GOLANDPOP<\/a>\u00a0en FM 106.1<\/strong>\u00a0y m\u00e1s de 50 medios del pa\u00eds.<\/p>\n\n\n\n<p>La albiceleste, que arrastra un <strong>invicto de 28 partidos (18 victorias y 10 empates)<\/strong> no contar\u00e1 con muchas de las figuras titulares. De Paul, Paredes, Otamendi y Tagliafico se lo pierden por sanci\u00f3n, mientras que, adem\u00e1s de la ya conocida baja de Leo Messi, se le podr\u00eda sumar la de Papu G\u00f3mez por lesi\u00f3n.<\/p>\n\n\n\n<p>Del otro lado, la selecci\u00f3n cafetera, dirigida por un Reinaldo Rueda muy cuestionado, arrastra un mal momento con <strong>seis partidos sin convertir goles<\/strong> por estas Eliminatorias y en este momento se ubica en el sexto lugar con 17 puntos (mimos que Uruguay) y fuera de zona de clasificaci\u00f3n.<\/p>\n\n\n\n<figure class=\"wp-block-embed-twitter wp-block-embed is-type-rich is-provider-twitter\"><div class=\"wp-block-embed__wrapper\">\n<blockquote class=\"twitter-tweet\" data-width=\"550\" data-dnt=\"true\"><p lang=\"es\" dir=\"ltr\"><a href=\"https:\/\/twitter.com\/hashtag\/Selecci%C3%B3nMayor?src=hash&amp;ref_src=twsrc%5Etfw\">#Selecci\u00f3nMayor<\/a> \u00a1Hola C\u00f3rdoba! \ud83d\udc4b\ud83c\udffd\ud83d\udc4b\ud83c\udffd<br><br>Estamos muy felices de estar ac\u00e1 \ud83d\ude01<br><br>Vamos con todo ma\u00f1ana albicelestes \ud83c\udde6\ud83c\uddf7 <a href=\"https:\/\/t.co\/vHY2OD6q1S\">pic.twitter.com\/vHY2OD6q1S<\/a><\/p>&mdash; Selecci\u00f3n Argentina \ud83c\udde6\ud83c\uddf7 (@Argentina) <a href=\"https:\/\/twitter.com\/Argentina\/status\/1488318249041375232?ref_src=twsrc%5Etfw\">February 1, 2022<\/a><\/blockquote><script async src=\"https:\/\/platform.twitter.com\/widgets.js\" charset=\"utf-8\"><\/script>\n<\/div><\/figure>\n\n\n\n<h6 class=\"wp-block-heading\">Posibles alineaciones<\/h6>\n\n\n\n<p><strong>Argentina:\u00a0<\/strong>Emiliano Mart\u00ednez; Gonzalo Montiel, Germ\u00e1n Pezzella, Lisandro Mart\u00ednez y Marcos Acu\u00f1a; Alejandro \u201cPapu\u201d G\u00f3mez o Lucas Ocampos, Guido Rodr\u00edguez y Giovani Lo Celso; Nicol\u00e1s Gonz\u00e1lez o Paulo Dybala, Lautaro Mart\u00ednez y \u00c1ngel Di Mar\u00eda. DT: Lionel Scaloni.<\/p>\n\n\n\n<p><strong>Colombia:\u00a0<\/strong>David Ospina; Daniel Mu\u00f1oz, Davinson S\u00e1nchez, Oscar Murillo o William Tesillo y Johan Mojica; Wilmar Barrios y Mateus Uribe; Juan Cuadrado, James Rodr\u00edguez y Luis D\u00edaz; Radamel Falcao o Rafael Borr\u00e9. DT: Reinaldo Rueda.<\/p>\n\n\n\n<p><strong>\u00c1rbitro:\u00a0<\/strong>Raphael Claus (Brasil).<\/p>\n\n\n\n<p><strong>Estadio:\u00a0<\/strong>Mario Alberto Kempes (C\u00f3rdoba).<\/p>\n\n\n\n<p><strong>Hora:<\/strong>\u00a020.30.<\/p>\n\n\n\n<figure class=\"wp-block-embed-twitter wp-block-embed is-type-rich is-provider-twitter\"><div class=\"wp-block-embed__wrapper\">\n<blockquote class=\"twitter-tweet\" data-width=\"550\" data-dnt=\"true\"><p lang=\"es\" dir=\"ltr\">\u26bd\ufe0f\ud83c\udde6\ud83c\uddf7 \u00a1JUEGA LA SCALONETA EN C\u00d3RDOBA! La <a href=\"https:\/\/twitter.com\/hashtag\/SeleccionArgentina?src=hash&amp;ref_src=twsrc%5Etfw\">#SeleccionArgentina<\/a> recibe a su par de <a href=\"https:\/\/twitter.com\/hashtag\/Colombia?src=hash&amp;ref_src=twsrc%5Etfw\">#Colombia<\/a> \ud83c\udde8\ud83c\uddf4 en el estadio Mario A. Kempes por la fecha 16 de las <a href=\"https:\/\/twitter.com\/hashtag\/Eliminatorias?src=hash&amp;ref_src=twsrc%5Etfw\">#Eliminatorias<\/a><br><br>\ud83d\udcfb Lo viv\u00eds junto a Cadena <a href=\"https:\/\/twitter.com\/golandpop?ref_src=twsrc%5Etfw\">@golandpop<\/a> en FM 106.1 y m\u00e1s de 50 medios de toda Argentina. <a href=\"https:\/\/t.co\/iw9IeVWdqy\">pic.twitter.com\/iw9IeVWdqy<\/a><\/p>&mdash; GOLANDPOP (@golandpop) <a href=\"https:\/\/twitter.com\/golandpop\/status\/1488500689365913603?ref_src=twsrc%5Etfw\">February 1, 2022<\/a><\/blockquote><script async src=\"https:\/\/platform.twitter.com\/widgets.js\" charset=\"utf-8\"><\/script>\n<\/div><\/figure>\n","protected":false},"excerpt":{"rendered":"<p>La Scaloneta recibe a Colombia y lo viv\u00eds en Cadena GOLANDPOP desde el Mario Alberto Kempes.<\/p>\n","protected":false},"author":1,"featured_media":16494,"comment_status":"open","ping_status":"open","sticky":false,"template":"","format":"standard","meta":{"footnotes":""},"categories":[39],"tags":[528,138,195,950,254,1351],"class_list":["post-16493","post","type-post","status-publish","format-standard","has-post-thumbnail","hentry","category-futbol","tag-argentina","tag-eliminatorias","tag-lionel-scaloni","tag-portada","tag-seleccion-argentina","tag-seleccion-colombia"],"yoast_head":"<!-- This site is optimized with the Yoast SEO plugin v26.1.1 - https:\/\/yoast.com\/wordpress\/plugins\/seo\/ -->\n<title>\u00a1C\u00f3rdoba recibe a la Selecci\u00f3n Argentina! - Golandpop<\/title>\n<meta name=\"description\" content=\"La Scaloneta recibe a Colombia y lo viv\u00eds en Cadena GOLANDPOP desde el Mario Alberto Kempes.\" \/>\n<meta name=\"robots\" content=\"index, follow, max-snippet:-1, max-image-preview:large, max-video-preview:-1\" \/>\n<link rel=\"canonical\" href=\"https:\/\/golandpop.com\/index.php\/2022\/02\/01\/cordoba-recibe-a-la-seleccion-argentina\/\" \/>\n<meta property=\"og:locale\" content=\"es_ES\" \/>\n<meta property=\"og:type\" content=\"article\" \/>\n<meta property=\"og:title\" content=\"\u00a1C\u00f3rdoba recibe a la Selecci\u00f3n Argentina! - Golandpop\" \/>\n<meta property=\"og:description\" content=\"La Scaloneta recibe a Colombia y lo viv\u00eds en Cadena GOLANDPOP desde el Mario Alberto Kempes.\" \/>\n<meta property=\"og:url\" content=\"https:\/\/golandpop.com\/index.php\/2022\/02\/01\/cordoba-recibe-a-la-seleccion-argentina\/\" \/>\n<meta property=\"og:site_name\" content=\"Golandpop\" \/>\n<meta property=\"article:published_time\" content=\"2022-02-01T14:09:55+00:00\" \/>\n<meta property=\"article:modified_time\" content=\"2022-02-01T14:09:57+00:00\" \/>\n<meta property=\"og:image\" content=\"https:\/\/golandpop.com\/wp-content\/uploads\/2022\/02\/W2T6DWKGHBFM5PXIIHVS23IYSQ.jpg\" \/>\n\t<meta property=\"og:image:width\" content=\"1023\" \/>\n\t<meta property=\"og:image:height\" content=\"682\" \/>\n\t<meta property=\"og:image:type\" content=\"image\/jpeg\" \/>\n<meta name=\"author\" content=\"Gol&amp;Pop\" \/>\n<meta name=\"twitter:card\" content=\"summary_large_image\" \/>\n<meta name=\"twitter:creator\" content=\"@golandpop\" \/>\n<meta name=\"twitter:site\" content=\"@golandpop\" \/>\n<meta name=\"twitter:label1\" content=\"Escrito por\" \/>\n\t<meta name=\"twitter:data1\" content=\"Gol&amp;Pop\" \/>\n\t<meta name=\"twitter:label2\" content=\"Tiempo de lectura\" \/>\n\t<meta name=\"twitter:data2\" content=\"1 minuto\" \/>\n<script type=\"application\/ld+json\" class=\"yoast-schema-graph\">{\"@context\":\"https:\/\/schema.org\",\"@graph\":[{\"@type\":\"Article\",\"@id\":\"https:\/\/golandpop.com\/index.php\/2022\/02\/01\/cordoba-recibe-a-la-seleccion-argentina\/#article\",\"isPartOf\":{\"@id\":\"https:\/\/golandpop.com\/index.php\/2022\/02\/01\/cordoba-recibe-a-la-seleccion-argentina\/\"},\"author\":{\"name\":\"Gol&amp;Pop\",\"@id\":\"https:\/\/golandpop.com\/#\/schema\/person\/2809725861e0da25eaffe2d9b29c9613\"},\"headline\":\"\u00a1C\u00f3rdoba recibe a la Selecci\u00f3n Argentina!\",\"datePublished\":\"2022-02-01T14:09:55+00:00\",\"dateModified\":\"2022-02-01T14:09:57+00:00\",\"mainEntityOfPage\":{\"@id\":\"https:\/\/golandpop.com\/index.php\/2022\/02\/01\/cordoba-recibe-a-la-seleccion-argentina\/\"},\"wordCount\":291,\"commentCount\":0,\"publisher\":{\"@id\":\"https:\/\/golandpop.com\/#organization\"},\"image\":{\"@id\":\"https:\/\/golandpop.com\/index.php\/2022\/02\/01\/cordoba-recibe-a-la-seleccion-argentina\/#primaryimage\"},\"thumbnailUrl\":\"https:\/\/golandpop.com\/wp-content\/uploads\/2022\/02\/W2T6DWKGHBFM5PXIIHVS23IYSQ.jpg\",\"keywords\":[\"Argentina\",\"Eliminatorias\",\"Lionel Scaloni\",\"portada\",\"Selecci\u00f3n Argentina\",\"Selecci\u00f3n Colombia\"],\"articleSection\":[\"F\u00fatbol\"],\"inLanguage\":\"es-AR\"},{\"@type\":\"WebPage\",\"@id\":\"https:\/\/golandpop.com\/index.php\/2022\/02\/01\/cordoba-recibe-a-la-seleccion-argentina\/\",\"url\":\"https:\/\/golandpop.com\/index.php\/2022\/02\/01\/cordoba-recibe-a-la-seleccion-argentina\/\",\"name\":\"\u00a1C\u00f3rdoba recibe a la Selecci\u00f3n Argentina! - Golandpop\",\"isPartOf\":{\"@id\":\"https:\/\/golandpop.com\/#website\"},\"primaryImageOfPage\":{\"@id\":\"https:\/\/golandpop.com\/index.php\/2022\/02\/01\/cordoba-recibe-a-la-seleccion-argentina\/#primaryimage\"},\"image\":{\"@id\":\"https:\/\/golandpop.com\/index.php\/2022\/02\/01\/cordoba-recibe-a-la-seleccion-argentina\/#primaryimage\"},\"thumbnailUrl\":\"https:\/\/golandpop.com\/wp-content\/uploads\/2022\/02\/W2T6DWKGHBFM5PXIIHVS23IYSQ.jpg\",\"datePublished\":\"2022-02-01T14:09:55+00:00\",\"dateModified\":\"2022-02-01T14:09:57+00:00\",\"description\":\"La Scaloneta recibe a Colombia y lo viv\u00eds en Cadena GOLANDPOP desde el Mario Alberto Kempes.\",\"breadcrumb\":{\"@id\":\"https:\/\/golandpop.com\/index.php\/2022\/02\/01\/cordoba-recibe-a-la-seleccion-argentina\/#breadcrumb\"},\"inLanguage\":\"es-AR\",\"potentialAction\":[{\"@type\":\"ReadAction\",\"target\":[\"https:\/\/golandpop.com\/index.php\/2022\/02\/01\/cordoba-recibe-a-la-seleccion-argentina\/\"]}]},{\"@type\":\"ImageObject\",\"inLanguage\":\"es-AR\",\"@id\":\"https:\/\/golandpop.com\/index.php\/2022\/02\/01\/cordoba-recibe-a-la-seleccion-argentina\/#primaryimage\",\"url\":\"https:\/\/golandpop.com\/wp-content\/uploads\/2022\/02\/W2T6DWKGHBFM5PXIIHVS23IYSQ.jpg\",\"contentUrl\":\"https:\/\/golandpop.com\/wp-content\/uploads\/2022\/02\/W2T6DWKGHBFM5PXIIHVS23IYSQ.jpg\",\"width\":1023,\"height\":682,\"caption\":\"Foto: MundoD.\"},{\"@type\":\"BreadcrumbList\",\"@id\":\"https:\/\/golandpop.com\/index.php\/2022\/02\/01\/cordoba-recibe-a-la-seleccion-argentina\/#breadcrumb\",\"itemListElement\":[{\"@type\":\"ListItem\",\"position\":1,\"name\":\"Inicio\",\"item\":\"https:\/\/golandpop.com\/\"},{\"@type\":\"ListItem\",\"position\":2,\"name\":\"\u00a1C\u00f3rdoba recibe a la Selecci\u00f3n Argentina!\"}]},{\"@type\":\"WebSite\",\"@id\":\"https:\/\/golandpop.com\/#website\",\"url\":\"https:\/\/golandpop.com\/\",\"name\":\"Golandpop\",\"description\":\"\",\"publisher\":{\"@id\":\"https:\/\/golandpop.com\/#organization\"},\"potentialAction\":[{\"@type\":\"SearchAction\",\"target\":{\"@type\":\"EntryPoint\",\"urlTemplate\":\"https:\/\/golandpop.com\/?s={search_term_string}\"},\"query-input\":{\"@type\":\"PropertyValueSpecification\",\"valueRequired\":true,\"valueName\":\"search_term_string\"}}],\"inLanguage\":\"es-AR\"},{\"@type\":\"Organization\",\"@id\":\"https:\/\/golandpop.com\/#organization\",\"name\":\"GolandPop\",\"url\":\"https:\/\/golandpop.com\/\",\"logo\":{\"@type\":\"ImageObject\",\"inLanguage\":\"es-AR\",\"@id\":\"https:\/\/golandpop.com\/#\/schema\/logo\/image\/\",\"url\":\"https:\/\/golandpop.com\/wp-content\/uploads\/2020\/04\/favicon_gol_pop.png\",\"contentUrl\":\"https:\/\/golandpop.com\/wp-content\/uploads\/2020\/04\/favicon_gol_pop.png\",\"width\":246,\"height\":246,\"caption\":\"GolandPop\"},\"image\":{\"@id\":\"https:\/\/golandpop.com\/#\/schema\/logo\/image\/\"},\"sameAs\":[\"https:\/\/x.com\/golandpop\",\"https:\/\/www.instagram.com\/golandpopcordoba\/\"]},{\"@type\":\"Person\",\"@id\":\"https:\/\/golandpop.com\/#\/schema\/person\/2809725861e0da25eaffe2d9b29c9613\",\"name\":\"Gol&amp;Pop\",\"image\":{\"@type\":\"ImageObject\",\"inLanguage\":\"es-AR\",\"@id\":\"https:\/\/golandpop.com\/#\/schema\/person\/image\/\",\"url\":\"https:\/\/secure.gravatar.com\/avatar\/9a87ee051ca8c77f5d4070843ce2c78cdf95b858b950fb039151de955122f5f5?s=96&d=mm&r=g\",\"contentUrl\":\"https:\/\/secure.gravatar.com\/avatar\/9a87ee051ca8c77f5d4070843ce2c78cdf95b858b950fb039151de955122f5f5?s=96&d=mm&r=g\",\"caption\":\"Gol&amp;Pop\"},\"sameAs\":[\"http:\/\/golandpop.com\"],\"url\":\"https:\/\/golandpop.com\/index.php\/author\/admin\/\"}]}<\/script>\n<!-- \/ Yoast SEO plugin. -->","yoast_head_json":{"title":"\u00a1C\u00f3rdoba recibe a la Selecci\u00f3n Argentina! - Golandpop","description":"La Scaloneta recibe a Colombia y lo viv\u00eds en Cadena GOLANDPOP desde el Mario Alberto Kempes.","robots":{"index":"index","follow":"follow","max-snippet":"max-snippet:-1","max-image-preview":"max-image-preview:large","max-video-preview":"max-video-preview:-1"},"canonical":"https:\/\/golandpop.com\/index.php\/2022\/02\/01\/cordoba-recibe-a-la-seleccion-argentina\/","og_locale":"es_ES","og_type":"article","og_title":"\u00a1C\u00f3rdoba recibe a la Selecci\u00f3n Argentina! - Golandpop","og_description":"La Scaloneta recibe a Colombia y lo viv\u00eds en Cadena GOLANDPOP desde el Mario Alberto Kempes.","og_url":"https:\/\/golandpop.com\/index.php\/2022\/02\/01\/cordoba-recibe-a-la-seleccion-argentina\/","og_site_name":"Golandpop","article_published_time":"2022-02-01T14:09:55+00:00","article_modified_time":"2022-02-01T14:09:57+00:00","og_image":[{"width":1023,"height":682,"url":"https:\/\/golandpop.com\/wp-content\/uploads\/2022\/02\/W2T6DWKGHBFM5PXIIHVS23IYSQ.jpg","type":"image\/jpeg"}],"author":"Gol&amp;Pop","twitter_card":"summary_large_image","twitter_creator":"@golandpop","twitter_site":"@golandpop","twitter_misc":{"Escrito por":"Gol&amp;Pop","Tiempo de lectura":"1 minuto"},"schema":{"@context":"https:\/\/schema.org","@graph":[{"@type":"Article","@id":"https:\/\/golandpop.com\/index.php\/2022\/02\/01\/cordoba-recibe-a-la-seleccion-argentina\/#article","isPartOf":{"@id":"https:\/\/golandpop.com\/index.php\/2022\/02\/01\/cordoba-recibe-a-la-seleccion-argentina\/"},"author":{"name":"Gol&amp;Pop","@id":"https:\/\/golandpop.com\/#\/schema\/person\/2809725861e0da25eaffe2d9b29c9613"},"headline":"\u00a1C\u00f3rdoba recibe a la Selecci\u00f3n Argentina!","datePublished":"2022-02-01T14:09:55+00:00","dateModified":"2022-02-01T14:09:57+00:00","mainEntityOfPage":{"@id":"https:\/\/golandpop.com\/index.php\/2022\/02\/01\/cordoba-recibe-a-la-seleccion-argentina\/"},"wordCount":291,"commentCount":0,"publisher":{"@id":"https:\/\/golandpop.com\/#organization"},"image":{"@id":"https:\/\/golandpop.com\/index.php\/2022\/02\/01\/cordoba-recibe-a-la-seleccion-argentina\/#primaryimage"},"thumbnailUrl":"https:\/\/golandpop.com\/wp-content\/uploads\/2022\/02\/W2T6DWKGHBFM5PXIIHVS23IYSQ.jpg","keywords":["Argentina","Eliminatorias","Lionel Scaloni","portada","Selecci\u00f3n Argentina","Selecci\u00f3n Colombia"],"articleSection":["F\u00fatbol"],"inLanguage":"es-AR"},{"@type":"WebPage","@id":"https:\/\/golandpop.com\/index.php\/2022\/02\/01\/cordoba-recibe-a-la-seleccion-argentina\/","url":"https:\/\/golandpop.com\/index.php\/2022\/02\/01\/cordoba-recibe-a-la-seleccion-argentina\/","name":"\u00a1C\u00f3rdoba recibe a la Selecci\u00f3n Argentina! - Golandpop","isPartOf":{"@id":"https:\/\/golandpop.com\/#website"},"primaryImageOfPage":{"@id":"https:\/\/golandpop.com\/index.php\/2022\/02\/01\/cordoba-recibe-a-la-seleccion-argentina\/#primaryimage"},"image":{"@id":"https:\/\/golandpop.com\/index.php\/2022\/02\/01\/cordoba-recibe-a-la-seleccion-argentina\/#primaryimage"},"thumbnailUrl":"https:\/\/golandpop.com\/wp-content\/uploads\/2022\/02\/W2T6DWKGHBFM5PXIIHVS23IYSQ.jpg","datePublished":"2022-02-01T14:09:55+00:00","dateModified":"2022-02-01T14:09:57+00:00","description":"La Scaloneta recibe a Colombia y lo viv\u00eds en Cadena GOLANDPOP desde el Mario Alberto Kempes.","breadcrumb":{"@id":"https:\/\/golandpop.com\/index.php\/2022\/02\/01\/cordoba-recibe-a-la-seleccion-argentina\/#breadcrumb"},"inLanguage":"es-AR","potentialAction":[{"@type":"ReadAction","target":["https:\/\/golandpop.com\/index.php\/2022\/02\/01\/cordoba-recibe-a-la-seleccion-argentina\/"]}]},{"@type":"ImageObject","inLanguage":"es-AR","@id":"https:\/\/golandpop.com\/index.php\/2022\/02\/01\/cordoba-recibe-a-la-seleccion-argentina\/#primaryimage","url":"https:\/\/golandpop.com\/wp-content\/uploads\/2022\/02\/W2T6DWKGHBFM5PXIIHVS23IYSQ.jpg","contentUrl":"https:\/\/golandpop.com\/wp-content\/uploads\/2022\/02\/W2T6DWKGHBFM5PXIIHVS23IYSQ.jpg","width":1023,"height":682,"caption":"Foto: MundoD."},{"@type":"BreadcrumbList","@id":"https:\/\/golandpop.com\/index.php\/2022\/02\/01\/cordoba-recibe-a-la-seleccion-argentina\/#breadcrumb","itemListElement":[{"@type":"ListItem","position":1,"name":"Inicio","item":"https:\/\/golandpop.com\/"},{"@type":"ListItem","position":2,"name":"\u00a1C\u00f3rdoba recibe a la Selecci\u00f3n Argentina!"}]},{"@type":"WebSite","@id":"https:\/\/golandpop.com\/#website","url":"https:\/\/golandpop.com\/","name":"Golandpop","description":"","publisher":{"@id":"https:\/\/golandpop.com\/#organization"},"potentialAction":[{"@type":"SearchAction","target":{"@type":"EntryPoint","urlTemplate":"https:\/\/golandpop.com\/?s={search_term_string}"},"query-input":{"@type":"PropertyValueSpecification","valueRequired":true,"valueName":"search_term_string"}}],"inLanguage":"es-AR"},{"@type":"Organization","@id":"https:\/\/golandpop.com\/#organization","name":"GolandPop","url":"https:\/\/golandpop.com\/","logo":{"@type":"ImageObject","inLanguage":"es-AR","@id":"https:\/\/golandpop.com\/#\/schema\/logo\/image\/","url":"https:\/\/golandpop.com\/wp-content\/uploads\/2020\/04\/favicon_gol_pop.png","contentUrl":"https:\/\/golandpop.com\/wp-content\/uploads\/2020\/04\/favicon_gol_pop.png","width":246,"height":246,"caption":"GolandPop"},"image":{"@id":"https:\/\/golandpop.com\/#\/schema\/logo\/image\/"},"sameAs":["https:\/\/x.com\/golandpop","https:\/\/www.instagram.com\/golandpopcordoba\/"]},{"@type":"Person","@id":"https:\/\/golandpop.com\/#\/schema\/person\/2809725861e0da25eaffe2d9b29c9613","name":"Gol&amp;Pop","image":{"@type":"ImageObject","inLanguage":"es-AR","@id":"https:\/\/golandpop.com\/#\/schema\/person\/image\/","url":"https:\/\/secure.gravatar.com\/avatar\/9a87ee051ca8c77f5d4070843ce2c78cdf95b858b950fb039151de955122f5f5?s=96&d=mm&r=g","contentUrl":"https:\/\/secure.gravatar.com\/avatar\/9a87ee051ca8c77f5d4070843ce2c78cdf95b858b950fb039151de955122f5f5?s=96&d=mm&r=g","caption":"Gol&amp;Pop"},"sameAs":["http:\/\/golandpop.com"],"url":"https:\/\/golandpop.com\/index.php\/author\/admin\/"}]}},"_links":{"self":[{"href":"https:\/\/golandpop.com\/index.php\/wp-json\/wp\/v2\/posts\/16493","targetHints":{"allow":["GET"]}}],"collection":[{"href":"https:\/\/golandpop.com\/index.php\/wp-json\/wp\/v2\/posts"}],"about":[{"href":"https:\/\/golandpop.com\/index.php\/wp-json\/wp\/v2\/types\/post"}],"author":[{"embeddable":true,"href":"https:\/\/golandpop.com\/index.php\/wp-json\/wp\/v2\/users\/1"}],"replies":[{"embeddable":true,"href":"https:\/\/golandpop.com\/index.php\/wp-json\/wp\/v2\/comments?post=16493"}],"version-history":[{"count":2,"href":"https:\/\/golandpop.com\/index.php\/wp-json\/wp\/v2\/posts\/16493\/revisions"}],"predecessor-version":[{"id":16498,"href":"https:\/\/golandpop.com\/index.php\/wp-json\/wp\/v2\/posts\/16493\/revisions\/16498"}],"wp:featuredmedia":[{"embeddable":true,"href":"https:\/\/golandpop.com\/index.php\/wp-json\/wp\/v2\/media\/16494"}],"wp:attachment":[{"href":"https:\/\/golandpop.com\/index.php\/wp-json\/wp\/v2\/media?parent=16493"}],"wp:term":[{"taxonomy":"category","embeddable":true,"href":"https:\/\/golandpop.com\/index.php\/wp-json\/wp\/v2\/categories?post=16493"},{"taxonomy":"post_tag","embeddable":true,"href":"https:\/\/golandpop.com\/index.php\/wp-json\/wp\/v2\/tags?post=16493"}],"curies":[{"name":"wp","href":"https:\/\/api.w.org\/{rel}","templated":true}]}}