{"id":16183,"date":"2022-01-23T16:40:43","date_gmt":"2022-01-23T19:40:43","guid":{"rendered":"https:\/\/golandpop.com\/?p=16183"},"modified":"2022-01-23T17:03:27","modified_gmt":"2022-01-23T20:03:27","slug":"la-vision-de-sanyo-gutierrez-sobre-el-futuro-del-padel-internacional","status":"publish","type":"post","link":"https:\/\/golandpop.com\/index.php\/2022\/01\/23\/la-vision-de-sanyo-gutierrez-sobre-el-futuro-del-padel-internacional\/","title":{"rendered":"La visi\u00f3n de &#8216;Sanyo&#8217; Guti\u00e9rrez sobre el futuro del Padel Internacional"},"content":{"rendered":"\n<p><em>Carlos Daniel &#8216;Sanyo&#8217; Guti\u00e9rrez le brind\u00f3 una larga charla en exclusiva a <a href=\"https:\/\/golandpop.com\/\">GOLANDPOP<\/a>. All\u00ed se habl\u00f3 sobre los nuevos proyectos, como encara el 2022 junto a Agust\u00edn Tapia y que ocurre con el World Padel Tour (WPT)<\/em>. <\/p>\n\n\n\n<h3 class=\"wp-block-heading\">Temporada 2022<\/h3>\n\n\n\n<p>Arranca un nuevo a\u00f1o dentro del <a href=\"https:\/\/golandpop.com\/?s=world+padel+tour\">WPT<\/a> y Sanyo dir\u00e1 presente junto a <a href=\"https:\/\/golandpop.com\/?s=Agust%C3%ADn+tapia\">Agust\u00edn Tapia<\/a>. El a\u00f1o pasado el puntano y el catamarque\u00f1o se unieron para deslumbrar al p\u00fablico aficionado del padel. Tras romper su pareja con <a href=\"https:\/\/golandpop.com\/?s=Fernando+Belastegu%C3%ADn+\">Fernando Belastegu\u00edn<\/a> apareci\u00f3 la joven promesa, con la cual se han adaptado a todas las superficies y hasta gritaron campe\u00f3n. <\/p>\n\n\n\n<p>Haciendo el balance de las competencias pasadas y pensando en lo que se viene la propuesta es: &#8220;mejorar el tiempo de entrenamiento y pasar m\u00e1s momentos juntos. Pero creo que hicimos un gran final de a\u00f1o y ya logramos una base, sabemos lo que tenemos que jugar dependiendo quien tenemos adelante y en que pista&#8221;. <\/p>\n\n\n\n<figure class=\"wp-block-image size-large\"><img fetchpriority=\"high\" decoding=\"async\" width=\"1024\" height=\"683\" src=\"https:\/\/golandpop.com\/wp-content\/uploads\/2022\/01\/Picsart_22-01-23_16-33-20-593-1024x683.jpg\" alt=\"\" class=\"wp-image-16211\" srcset=\"https:\/\/golandpop.com\/wp-content\/uploads\/2022\/01\/Picsart_22-01-23_16-33-20-593-1024x683.jpg 1024w, https:\/\/golandpop.com\/wp-content\/uploads\/2022\/01\/Picsart_22-01-23_16-33-20-593-300x200.jpg 300w, https:\/\/golandpop.com\/wp-content\/uploads\/2022\/01\/Picsart_22-01-23_16-33-20-593-768x512.jpg 768w, https:\/\/golandpop.com\/wp-content\/uploads\/2022\/01\/Picsart_22-01-23_16-33-20-593-1536x1024.jpg 1536w, https:\/\/golandpop.com\/wp-content\/uploads\/2022\/01\/Picsart_22-01-23_16-33-20-593-2048x1366.jpg 2048w\" sizes=\"(max-width: 1024px) 100vw, 1024px\" \/><figcaption>Guti\u00e9rrez y Tapia en la previa del Buenos Aires Padel M\u00e1ster <\/figcaption><\/figure>\n\n\n\n<blockquote class=\"wp-block-quote is-layout-flow wp-block-quote-is-layout-flow\"><p>&#8220;Yo sigo aprendiendo de padel pero dif\u00edcilmente Sanyo saque una versi\u00f3n mejor de la que ya sac\u00f3&#8221;.<\/p><\/blockquote>\n\n\n\n<p>El circuito est\u00e1 cada vez m\u00e1s dif\u00edcil, los j\u00f3venes &#8220;vienen muy fuertes, la preparaci\u00f3n f\u00edsica ha mejorado, no es lo mismo ser hoy N\u00b01 del mundo que hace diez a\u00f1os atr\u00e1s&#8221;.  Los tiempos hacen que las vivencias sean diferentes entre la juventud de hace unas d\u00e9cadas y la de ahora.<\/p>\n\n\n\n<p>Antes resultaba una locura variar de proyecto, ahora &#8220;cada vez van a ser m\u00e1s naturales los cambios de <a href=\"https:\/\/golandpop.com\/?s=pareja\">pareja<\/a>, a no ser que los resultados acompa\u00f1en&#8221;. Como la aparici\u00f3n de diferentes canchas para que cambien los ganadores y haya especialistas en cada suelo. &#8220;Creo que deber\u00edamos apostar m\u00e1s por otras superficies&#8221;. <\/p>\n\n\n\n<h3 class=\"wp-block-heading\">Academia internacional <\/h3>\n\n\n\n<p>Adem\u00e1s de encarar una nueva temporada en busca de t\u00edtulos, <a href=\"https:\/\/golandpop.com\/?s=Sanyo+Guti%C3%A9rrez\">Sanyo<\/a> se enfoca en un nuevo proyecto, su instituto de padel. Dos ex N\u00b01 se unieron para engrandecer el deporte en busca de nuevas figuras, Sanyo y Juan Carlos Ferrero, \u00eddolo del <a href=\"https:\/\/golandpop.com\/index.php\/category\/tenis\/\">tenis<\/a> espa\u00f1ol se aliaron para ampliar las canteras de ambos deportes. &#8220;En un futuro me gustar\u00eda ser entrenador, formarme para serlo&#8221;.<\/p>\n\n\n\n<p><a href=\"https:\/\/golandpop.com\/?s=Claudio+Gilardoni\">Claudio Gilardoni<\/a>, entrenador de Guti\u00e9rrez, es quien se har\u00e1 cargo de la direcci\u00f3n del instituto. Sanyo afirm\u00f3 que su formador tiene bastantes cosas buenas, sabe much\u00edsimo pero adem\u00e1s escucha, entonces no termina nunca de aprender. &#8220;Eso en la \u00e9poca que estamos viviendo, en el deporte y con los egos que hay, es muy dif\u00edcil de encontrarlo&#8221;. <\/p>\n\n\n\n<div class=\"wp-block-jetpack-tiled-gallery aligncenter is-style-rectangular\"><div class=\"tiled-gallery__gallery\"><div class=\"tiled-gallery__row\"><div class=\"tiled-gallery__col\" style=\"flex-basis:50.01455431619336%\"><figure class=\"tiled-gallery__item\"><img decoding=\"async\" alt=\"\" data-height=\"1706\" data-id=\"16208\" data-link=\"https:\/\/golandpop.com\/?attachment_id=16208\" data-url=\"https:\/\/golandpop.com\/wp-content\/uploads\/2022\/01\/Picsart_22-01-23_16-18-20-519-scaled.jpg\" data-width=\"2560\" src=\"https:\/\/i0.wp.com\/golandpop.com\/wp-content\/uploads\/2022\/01\/Picsart_22-01-23_16-18-20-519-scaled.jpg?ssl=1\" layout=\"responsive\"\/><\/figure><\/div><div class=\"tiled-gallery__col\" style=\"flex-basis:49.98544568380664%\"><figure class=\"tiled-gallery__item\"><img decoding=\"async\" alt=\"\" data-height=\"1707\" data-id=\"16209\" data-link=\"https:\/\/golandpop.com\/?attachment_id=16209\" data-url=\"https:\/\/golandpop.com\/wp-content\/uploads\/2022\/01\/Picsart_22-01-23_16-26-50-443-scaled.jpg\" data-width=\"2560\" src=\"https:\/\/i0.wp.com\/golandpop.com\/wp-content\/uploads\/2022\/01\/Picsart_22-01-23_16-26-50-443-scaled.jpg?ssl=1\" layout=\"responsive\"\/><\/figure><\/div><\/div><\/div><\/div>\n\n\n\n<h3 class=\"wp-block-heading\">Futuro del padel<\/h3>\n\n\n\n<p>El panorama internacional tiene muchas entidades involucradas: la Asociaci\u00f3n de Jugadores Profesionales <strong>(PPA)<\/strong> compuesta por Alejandro Gal\u00e1n&nbsp;como presidente,&nbsp;Paquito Navarro&nbsp;como vicepresidente,&nbsp;Maxi S\u00e1nchez&nbsp;como secretario,&nbsp;Pablo Lima&nbsp;como tesorero y varios vocales, entre ellos&nbsp;Fernando Belastegu\u00edn. Se le suma la Federaci\u00f3n de Padel Internacional <strong>(FIP)<\/strong> y el Comit\u00e9 Ol\u00edmpico Internacional <strong>(COI)<\/strong>. <\/p>\n\n\n\n<p>Se habla del fin del <a href=\"https:\/\/www.worldpadeltour.com\/\">World Padel Tour<\/a> \u00bfpero es algo real? aun no. Lo real es que hay un reclamo por parte de los jugadores para mejorar las condiciones de trabajo dentro del circuito. A su vez existen contratos hasta 2024 (Los 20 primeros del ranking con exclusividad) que los deportistas tienen con la firma. En paralelo muchas empresas est\u00e1n invirtiendo en la creaci\u00f3n de nuevos torneos que buscan la aprobaci\u00f3n de las entidades oficiales que rigen el deporte a nivel internacional.<\/p>\n\n\n\n<p><em>-Con esto del crecimiento del padel han aparecido un mont\u00f3n de circuitos, se esta hablando de Qatar, del APT, y el de Lisandro Borges. \u00bfQue opini\u00f3n ten\u00e9s sobre eso?<\/em><\/p>\n\n\n\n<p>-Esta pregunta es dif\u00edcil porque no estoy muy metido. Realmente puse toda la confianza en la gente a la cual votamos.  Hicimos un gran trabajo los jugadores, por lo menos los que estamos m\u00e1s arriba en el ranking, <strong>logramos una uni\u00f3n que no hubo nunca en el padel<\/strong>. Siempre los de arriba ten\u00edan mucho ego y eso hoy no existe casi. Si somos grandes rivales en la cancha pero hemos logrado una afinidad y una uni\u00f3n fuera de las pista de padel. Ese era el primer paso y se logr\u00f3. <\/p>\n\n\n\n<p>Hoy hay cuatro circuitos o no se cuantos porque estoy un poco perdido. Pero directamente como logramos esa uni\u00f3n entre los jugadores de arriba, nosotros votamos presidente, vicepresidente, vocal  y tesorero. A partir de ah\u00ed lo que digan ellos a muerte, <strong>porque yo di mi palabra a estos jugadores de que no me iba a  mover de las decisiones que tomara este grupo<\/strong>. Y voy a donde va el grupo, porque as\u00ed lo dijimos y porque as\u00ed creo que es la mejor manera, <strong>todos unidos nos hacemos m\u00e1s fuertes<\/strong>.<\/p>\n\n\n\n<p><em>-Hay mucha pol\u00e9mica pero incluso entr\u00f3 en la discusi\u00f3n el Comit\u00e9 Ol\u00edmpico Internacional (COI) para definir que pasar\u00e1. M\u00e1s all\u00e1 de que hoy ten\u00e9s contrato exclusivo con WPT \u00bfves posible la unificaci\u00f3n de puntos y estos circuitos?<\/em><\/p>\n\n\n\n<p>-No lo s\u00e9, creo que pueden aparecer otros circuitos, la uni\u00f3n entre circuitos me parece dif\u00edcil. <strong>Es verdad que nosotros tenemos un contrato firmado, el cual vamos a cumplir.<\/strong> <strong>Yo de hecho voy a cumplir mi contrato y jugar\u00e9 hasta el 2024.<\/strong> Ellos nos hicieron una propuesta para poder seguir, pero yo soy due\u00f1o de firmar o no firmar, si yo no firmo hasta 2024 cumplir\u00e9 con cada cosa que pone WPT. Creo que han hecho much\u00edsimas cosas bien y pueden seguir haci\u00e9ndolas, ya despu\u00e9s lo que pase en el futuro si hace una uni\u00f3n con un nuevo circuito o una nueva apuesta al padel no est\u00e1 en mis manos. <\/p>\n\n\n\n<p>Yo se lo que quiero para el padel, <strong>se que hace cinco o seis a\u00f1os no nos est\u00e1n dando lo que merecemos sobre todo a los jugadores,<\/strong> <strong>o m\u00e1s, que llevamos jugando sin ganar lo que merecemos ganar por lo que mueve un jugador<\/strong> y en los \u00faltimos a\u00f1os se ha disparado el doble. Entonces, se que es lo que no quiero, lo tengo clar\u00edsimo. <strong>As\u00ed que si salen cosas buenas en el futuro evidentemente estar\u00e9 abierto a leerlo, a pensarlo y por ah\u00ed a hacer un cambio. Creo que los cambios para mejor siempre son buenos. <\/strong><\/p>\n\n\n\n<p><em>-El otro d\u00eda te escuchaba en un vivo que hiciste en el que dec\u00edas que hoy Ale Gal\u00e1n es el mejor jugador del circuito a tu parecer. Todos lo conocemos a Ale jugando, actualmente como presidente y firmante de una de las cartas que se dieron a conocer. \u00bfQuien es Ale como persona, que les da como jugador y como representante de la asociaci\u00f3n?<\/em> <\/p>\n\n\n\n<p>-Bueno, <strong>primero que nada es el N\u00b01 y que el quiera estar es muy importante.<\/strong> Muchas veces los N\u00b01 o N\u00b02 est\u00e1n muy metidos en su carrera y no quieren estar. El es un chico que est\u00e1 abierto, dispuesto a trabajar por el padel y eso vale mucho porque est\u00e1 interesado en mejorar las condiciones. Es un chico que para la edad que tiene lo veo bastante m\u00e1s maduro que otros. <\/p>\n\n\n\n<p><strong>Yo no vote a <a href=\"https:\/\/golandpop.com\/?s=Alejandro+Gal%C3%A1n\">Ale Gal\u00e1n<\/a> como presidente, yo lo vote a <a href=\"https:\/\/golandpop.com\/?s=Pablo+Lima\">Pablo Lima<\/a> porque creo que \u00e9l<\/strong> <strong>tambi\u00e9n tiene la seriedad y las ganas, pero considero que un presidente tiene que tener un poquito m\u00e1s de experiencia<\/strong>, sobre todo por lo que ha pasado en el padel. Hay una frase que lo dice, &#8216;si no conoces tu historia est\u00e1s condenado a repetirla&#8217; y nos puede pasar. Por eso no es que no le tenga confianza a Ale, de hecho por algo gan\u00f3, pero quer\u00eda a alguien con un poquito m\u00e1s de experiencia que haya vivido las \u00e9pocas anteriores. Y creo que Pablo era el jugador justo, porque desde los 18 a\u00f1os est\u00e1 en Espa\u00f1a, ha visto todos los cambios del padel y fue mi voto para \u00e9l. Pero creo que <strong>con Ale estamos todos contentos y que tiene la seriedad, la inteligencia y las ganas para pelear por todo el grupo.<\/strong><\/p>\n\n\n\n<p>En conclusi\u00f3n, para que el deporte siga creciendo es elemental que haya escuelas formadoras, que las marcas ayuden a los principiantes al menos con los materiales para entrenar, que aparezcan competidores en m\u00e1s pa\u00edses y ni hablar si el <a href=\"https:\/\/golandpop.com\/index.php\/category\/polideportivo\/padel\/\">padel<\/a> empieza a ser televisado por una cadena grande. <\/p>\n\n\n\n<blockquote class=\"wp-block-quote is-layout-flow wp-block-quote-is-layout-flow\"><p>&#8220;Lo que le da el nivel a un pa\u00eds es la formaci\u00f3n y es lo que lleva m\u00e1s tiempo. El padel es el deporte que m\u00e1s tiene por crecer, ya se ha transformado en algo grande, se est\u00e1 hablando de n\u00fameros importantes, todav\u00eda sin ser casi nada a nivel mundial, se juega en muy pocos pa\u00edses. Por algo aparecen todas estas opciones&#8221;.<\/p><\/blockquote>\n\n\n\n<figure class=\"wp-block-audio\"><audio controls src=\"https:\/\/golandpop.com\/wp-content\/uploads\/2022\/01\/Sanyo-sl-mp3.mp3\"><\/audio><figcaption>Escuch\u00e1 la entrevista completa con Sanyo Guti\u00e9rrez de la mano de <a href=\"https:\/\/golandpop.com\/?s=sofia+jaimez+bertazzo\">Sof\u00eda Jaimez Bertazzo<\/a>, en exclusiva para GOLANDPOP.<\/figcaption><\/figure>\n","protected":false},"excerpt":{"rendered":"<p>\u00bfQu\u00e9 ocurre? <\/p>\n","protected":false},"author":1,"featured_media":16207,"comment_status":"open","ping_status":"open","sticky":false,"template":"","format":"standard","meta":{"footnotes":""},"categories":[778,558,46],"tags":[1227,1023,1340,560,708,950,228,644,559],"class_list":["post-16183","post","type-post","status-publish","format-standard","has-post-thumbnail","hentry","category-entrevistas","category-padel","category-polideportivo","tag-agustin-tapia","tag-apt","tag-contratos","tag-padel","tag-padel-maculino","tag-portada","tag-qatar","tag-sanyo-gutierrez","tag-world-padel-tour"],"yoast_head":"<!-- This site is optimized with the Yoast SEO plugin v26.1.1 - https:\/\/yoast.com\/wordpress\/plugins\/seo\/ -->\n<title>La visi\u00f3n de &#039;Sanyo&#039; Guti\u00e9rrez sobre el futuro del Padel Internacional - Golandpop<\/title>\n<meta name=\"robots\" content=\"index, follow, max-snippet:-1, max-image-preview:large, max-video-preview:-1\" \/>\n<link rel=\"canonical\" href=\"https:\/\/golandpop.com\/index.php\/2022\/01\/23\/la-vision-de-sanyo-gutierrez-sobre-el-futuro-del-padel-internacional\/\" \/>\n<meta property=\"og:locale\" content=\"es_ES\" \/>\n<meta property=\"og:type\" content=\"article\" \/>\n<meta property=\"og:title\" content=\"La visi\u00f3n de &#039;Sanyo&#039; Guti\u00e9rrez sobre el futuro del Padel Internacional - Golandpop\" \/>\n<meta property=\"og:description\" content=\"\u00bfQu\u00e9 ocurre?\" \/>\n<meta property=\"og:url\" content=\"https:\/\/golandpop.com\/index.php\/2022\/01\/23\/la-vision-de-sanyo-gutierrez-sobre-el-futuro-del-padel-internacional\/\" \/>\n<meta property=\"og:site_name\" content=\"Golandpop\" \/>\n<meta property=\"article:published_time\" content=\"2022-01-23T19:40:43+00:00\" \/>\n<meta property=\"article:modified_time\" content=\"2022-01-23T20:03:27+00:00\" \/>\n<meta property=\"og:image\" content=\"https:\/\/golandpop.com\/wp-content\/uploads\/2022\/01\/Picsart_22-01-23_16-23-39-417-scaled.jpg\" \/>\n\t<meta property=\"og:image:width\" content=\"2560\" \/>\n\t<meta property=\"og:image:height\" content=\"1706\" \/>\n\t<meta property=\"og:image:type\" content=\"image\/jpeg\" \/>\n<meta name=\"author\" content=\"Gol&amp;Pop\" \/>\n<meta name=\"twitter:card\" content=\"summary_large_image\" \/>\n<meta name=\"twitter:creator\" content=\"@golandpop\" \/>\n<meta name=\"twitter:site\" content=\"@golandpop\" \/>\n<meta name=\"twitter:label1\" content=\"Escrito por\" \/>\n\t<meta name=\"twitter:data1\" content=\"Gol&amp;Pop\" \/>\n\t<meta name=\"twitter:label2\" content=\"Tiempo de lectura\" \/>\n\t<meta name=\"twitter:data2\" content=\"8 minutos\" \/>\n<script type=\"application\/ld+json\" class=\"yoast-schema-graph\">{\"@context\":\"https:\/\/schema.org\",\"@graph\":[{\"@type\":\"Article\",\"@id\":\"https:\/\/golandpop.com\/index.php\/2022\/01\/23\/la-vision-de-sanyo-gutierrez-sobre-el-futuro-del-padel-internacional\/#article\",\"isPartOf\":{\"@id\":\"https:\/\/golandpop.com\/index.php\/2022\/01\/23\/la-vision-de-sanyo-gutierrez-sobre-el-futuro-del-padel-internacional\/\"},\"author\":{\"name\":\"Gol&amp;Pop\",\"@id\":\"https:\/\/golandpop.com\/#\/schema\/person\/2809725861e0da25eaffe2d9b29c9613\"},\"headline\":\"La visi\u00f3n de &#8216;Sanyo&#8217; Guti\u00e9rrez sobre el futuro del Padel Internacional\",\"datePublished\":\"2022-01-23T19:40:43+00:00\",\"dateModified\":\"2022-01-23T20:03:27+00:00\",\"mainEntityOfPage\":{\"@id\":\"https:\/\/golandpop.com\/index.php\/2022\/01\/23\/la-vision-de-sanyo-gutierrez-sobre-el-futuro-del-padel-internacional\/\"},\"wordCount\":1521,\"commentCount\":0,\"publisher\":{\"@id\":\"https:\/\/golandpop.com\/#organization\"},\"image\":{\"@id\":\"https:\/\/golandpop.com\/index.php\/2022\/01\/23\/la-vision-de-sanyo-gutierrez-sobre-el-futuro-del-padel-internacional\/#primaryimage\"},\"thumbnailUrl\":\"https:\/\/golandpop.com\/wp-content\/uploads\/2022\/01\/Picsart_22-01-23_16-23-39-417-scaled.jpg\",\"keywords\":[\"Agust\u00edn Tapia\",\"APT\",\"Contratos\",\"Padel\",\"Padel Maculino\",\"portada\",\"Qatar\",\"Sanyo Guti\u00e9rrez\",\"World Padel Tour\"],\"articleSection\":[\"Entrevistas\",\"Padel\",\"Polideportivo\"],\"inLanguage\":\"es-AR\"},{\"@type\":\"WebPage\",\"@id\":\"https:\/\/golandpop.com\/index.php\/2022\/01\/23\/la-vision-de-sanyo-gutierrez-sobre-el-futuro-del-padel-internacional\/\",\"url\":\"https:\/\/golandpop.com\/index.php\/2022\/01\/23\/la-vision-de-sanyo-gutierrez-sobre-el-futuro-del-padel-internacional\/\",\"name\":\"La visi\u00f3n de 'Sanyo' Guti\u00e9rrez sobre el futuro del Padel Internacional - Golandpop\",\"isPartOf\":{\"@id\":\"https:\/\/golandpop.com\/#website\"},\"primaryImageOfPage\":{\"@id\":\"https:\/\/golandpop.com\/index.php\/2022\/01\/23\/la-vision-de-sanyo-gutierrez-sobre-el-futuro-del-padel-internacional\/#primaryimage\"},\"image\":{\"@id\":\"https:\/\/golandpop.com\/index.php\/2022\/01\/23\/la-vision-de-sanyo-gutierrez-sobre-el-futuro-del-padel-internacional\/#primaryimage\"},\"thumbnailUrl\":\"https:\/\/golandpop.com\/wp-content\/uploads\/2022\/01\/Picsart_22-01-23_16-23-39-417-scaled.jpg\",\"datePublished\":\"2022-01-23T19:40:43+00:00\",\"dateModified\":\"2022-01-23T20:03:27+00:00\",\"breadcrumb\":{\"@id\":\"https:\/\/golandpop.com\/index.php\/2022\/01\/23\/la-vision-de-sanyo-gutierrez-sobre-el-futuro-del-padel-internacional\/#breadcrumb\"},\"inLanguage\":\"es-AR\",\"potentialAction\":[{\"@type\":\"ReadAction\",\"target\":[\"https:\/\/golandpop.com\/index.php\/2022\/01\/23\/la-vision-de-sanyo-gutierrez-sobre-el-futuro-del-padel-internacional\/\"]}]},{\"@type\":\"ImageObject\",\"inLanguage\":\"es-AR\",\"@id\":\"https:\/\/golandpop.com\/index.php\/2022\/01\/23\/la-vision-de-sanyo-gutierrez-sobre-el-futuro-del-padel-internacional\/#primaryimage\",\"url\":\"https:\/\/golandpop.com\/wp-content\/uploads\/2022\/01\/Picsart_22-01-23_16-23-39-417-scaled.jpg\",\"contentUrl\":\"https:\/\/golandpop.com\/wp-content\/uploads\/2022\/01\/Picsart_22-01-23_16-23-39-417-scaled.jpg\",\"width\":2560,\"height\":1706},{\"@type\":\"BreadcrumbList\",\"@id\":\"https:\/\/golandpop.com\/index.php\/2022\/01\/23\/la-vision-de-sanyo-gutierrez-sobre-el-futuro-del-padel-internacional\/#breadcrumb\",\"itemListElement\":[{\"@type\":\"ListItem\",\"position\":1,\"name\":\"Inicio\",\"item\":\"https:\/\/golandpop.com\/\"},{\"@type\":\"ListItem\",\"position\":2,\"name\":\"La visi\u00f3n de &#8216;Sanyo&#8217; Guti\u00e9rrez sobre el futuro del Padel Internacional\"}]},{\"@type\":\"WebSite\",\"@id\":\"https:\/\/golandpop.com\/#website\",\"url\":\"https:\/\/golandpop.com\/\",\"name\":\"Golandpop\",\"description\":\"\",\"publisher\":{\"@id\":\"https:\/\/golandpop.com\/#organization\"},\"potentialAction\":[{\"@type\":\"SearchAction\",\"target\":{\"@type\":\"EntryPoint\",\"urlTemplate\":\"https:\/\/golandpop.com\/?s={search_term_string}\"},\"query-input\":{\"@type\":\"PropertyValueSpecification\",\"valueRequired\":true,\"valueName\":\"search_term_string\"}}],\"inLanguage\":\"es-AR\"},{\"@type\":\"Organization\",\"@id\":\"https:\/\/golandpop.com\/#organization\",\"name\":\"GolandPop\",\"url\":\"https:\/\/golandpop.com\/\",\"logo\":{\"@type\":\"ImageObject\",\"inLanguage\":\"es-AR\",\"@id\":\"https:\/\/golandpop.com\/#\/schema\/logo\/image\/\",\"url\":\"https:\/\/golandpop.com\/wp-content\/uploads\/2020\/04\/favicon_gol_pop.png\",\"contentUrl\":\"https:\/\/golandpop.com\/wp-content\/uploads\/2020\/04\/favicon_gol_pop.png\",\"width\":246,\"height\":246,\"caption\":\"GolandPop\"},\"image\":{\"@id\":\"https:\/\/golandpop.com\/#\/schema\/logo\/image\/\"},\"sameAs\":[\"https:\/\/x.com\/golandpop\",\"https:\/\/www.instagram.com\/golandpopcordoba\/\"]},{\"@type\":\"Person\",\"@id\":\"https:\/\/golandpop.com\/#\/schema\/person\/2809725861e0da25eaffe2d9b29c9613\",\"name\":\"Gol&amp;Pop\",\"image\":{\"@type\":\"ImageObject\",\"inLanguage\":\"es-AR\",\"@id\":\"https:\/\/golandpop.com\/#\/schema\/person\/image\/\",\"url\":\"https:\/\/secure.gravatar.com\/avatar\/9a87ee051ca8c77f5d4070843ce2c78cdf95b858b950fb039151de955122f5f5?s=96&d=mm&r=g\",\"contentUrl\":\"https:\/\/secure.gravatar.com\/avatar\/9a87ee051ca8c77f5d4070843ce2c78cdf95b858b950fb039151de955122f5f5?s=96&d=mm&r=g\",\"caption\":\"Gol&amp;Pop\"},\"sameAs\":[\"http:\/\/golandpop.com\"],\"url\":\"https:\/\/golandpop.com\/index.php\/author\/admin\/\"}]}<\/script>\n<!-- \/ Yoast SEO plugin. -->","yoast_head_json":{"title":"La visi\u00f3n de 'Sanyo' Guti\u00e9rrez sobre el futuro del Padel Internacional - Golandpop","robots":{"index":"index","follow":"follow","max-snippet":"max-snippet:-1","max-image-preview":"max-image-preview:large","max-video-preview":"max-video-preview:-1"},"canonical":"https:\/\/golandpop.com\/index.php\/2022\/01\/23\/la-vision-de-sanyo-gutierrez-sobre-el-futuro-del-padel-internacional\/","og_locale":"es_ES","og_type":"article","og_title":"La visi\u00f3n de 'Sanyo' Guti\u00e9rrez sobre el futuro del Padel Internacional - Golandpop","og_description":"\u00bfQu\u00e9 ocurre?","og_url":"https:\/\/golandpop.com\/index.php\/2022\/01\/23\/la-vision-de-sanyo-gutierrez-sobre-el-futuro-del-padel-internacional\/","og_site_name":"Golandpop","article_published_time":"2022-01-23T19:40:43+00:00","article_modified_time":"2022-01-23T20:03:27+00:00","og_image":[{"width":2560,"height":1706,"url":"https:\/\/golandpop.com\/wp-content\/uploads\/2022\/01\/Picsart_22-01-23_16-23-39-417-scaled.jpg","type":"image\/jpeg"}],"author":"Gol&amp;Pop","twitter_card":"summary_large_image","twitter_creator":"@golandpop","twitter_site":"@golandpop","twitter_misc":{"Escrito por":"Gol&amp;Pop","Tiempo de lectura":"8 minutos"},"schema":{"@context":"https:\/\/schema.org","@graph":[{"@type":"Article","@id":"https:\/\/golandpop.com\/index.php\/2022\/01\/23\/la-vision-de-sanyo-gutierrez-sobre-el-futuro-del-padel-internacional\/#article","isPartOf":{"@id":"https:\/\/golandpop.com\/index.php\/2022\/01\/23\/la-vision-de-sanyo-gutierrez-sobre-el-futuro-del-padel-internacional\/"},"author":{"name":"Gol&amp;Pop","@id":"https:\/\/golandpop.com\/#\/schema\/person\/2809725861e0da25eaffe2d9b29c9613"},"headline":"La visi\u00f3n de &#8216;Sanyo&#8217; Guti\u00e9rrez sobre el futuro del Padel Internacional","datePublished":"2022-01-23T19:40:43+00:00","dateModified":"2022-01-23T20:03:27+00:00","mainEntityOfPage":{"@id":"https:\/\/golandpop.com\/index.php\/2022\/01\/23\/la-vision-de-sanyo-gutierrez-sobre-el-futuro-del-padel-internacional\/"},"wordCount":1521,"commentCount":0,"publisher":{"@id":"https:\/\/golandpop.com\/#organization"},"image":{"@id":"https:\/\/golandpop.com\/index.php\/2022\/01\/23\/la-vision-de-sanyo-gutierrez-sobre-el-futuro-del-padel-internacional\/#primaryimage"},"thumbnailUrl":"https:\/\/golandpop.com\/wp-content\/uploads\/2022\/01\/Picsart_22-01-23_16-23-39-417-scaled.jpg","keywords":["Agust\u00edn Tapia","APT","Contratos","Padel","Padel Maculino","portada","Qatar","Sanyo Guti\u00e9rrez","World Padel Tour"],"articleSection":["Entrevistas","Padel","Polideportivo"],"inLanguage":"es-AR"},{"@type":"WebPage","@id":"https:\/\/golandpop.com\/index.php\/2022\/01\/23\/la-vision-de-sanyo-gutierrez-sobre-el-futuro-del-padel-internacional\/","url":"https:\/\/golandpop.com\/index.php\/2022\/01\/23\/la-vision-de-sanyo-gutierrez-sobre-el-futuro-del-padel-internacional\/","name":"La visi\u00f3n de 'Sanyo' Guti\u00e9rrez sobre el futuro del Padel Internacional - Golandpop","isPartOf":{"@id":"https:\/\/golandpop.com\/#website"},"primaryImageOfPage":{"@id":"https:\/\/golandpop.com\/index.php\/2022\/01\/23\/la-vision-de-sanyo-gutierrez-sobre-el-futuro-del-padel-internacional\/#primaryimage"},"image":{"@id":"https:\/\/golandpop.com\/index.php\/2022\/01\/23\/la-vision-de-sanyo-gutierrez-sobre-el-futuro-del-padel-internacional\/#primaryimage"},"thumbnailUrl":"https:\/\/golandpop.com\/wp-content\/uploads\/2022\/01\/Picsart_22-01-23_16-23-39-417-scaled.jpg","datePublished":"2022-01-23T19:40:43+00:00","dateModified":"2022-01-23T20:03:27+00:00","breadcrumb":{"@id":"https:\/\/golandpop.com\/index.php\/2022\/01\/23\/la-vision-de-sanyo-gutierrez-sobre-el-futuro-del-padel-internacional\/#breadcrumb"},"inLanguage":"es-AR","potentialAction":[{"@type":"ReadAction","target":["https:\/\/golandpop.com\/index.php\/2022\/01\/23\/la-vision-de-sanyo-gutierrez-sobre-el-futuro-del-padel-internacional\/"]}]},{"@type":"ImageObject","inLanguage":"es-AR","@id":"https:\/\/golandpop.com\/index.php\/2022\/01\/23\/la-vision-de-sanyo-gutierrez-sobre-el-futuro-del-padel-internacional\/#primaryimage","url":"https:\/\/golandpop.com\/wp-content\/uploads\/2022\/01\/Picsart_22-01-23_16-23-39-417-scaled.jpg","contentUrl":"https:\/\/golandpop.com\/wp-content\/uploads\/2022\/01\/Picsart_22-01-23_16-23-39-417-scaled.jpg","width":2560,"height":1706},{"@type":"BreadcrumbList","@id":"https:\/\/golandpop.com\/index.php\/2022\/01\/23\/la-vision-de-sanyo-gutierrez-sobre-el-futuro-del-padel-internacional\/#breadcrumb","itemListElement":[{"@type":"ListItem","position":1,"name":"Inicio","item":"https:\/\/golandpop.com\/"},{"@type":"ListItem","position":2,"name":"La visi\u00f3n de &#8216;Sanyo&#8217; Guti\u00e9rrez sobre el futuro del Padel Internacional"}]},{"@type":"WebSite","@id":"https:\/\/golandpop.com\/#website","url":"https:\/\/golandpop.com\/","name":"Golandpop","description":"","publisher":{"@id":"https:\/\/golandpop.com\/#organization"},"potentialAction":[{"@type":"SearchAction","target":{"@type":"EntryPoint","urlTemplate":"https:\/\/golandpop.com\/?s={search_term_string}"},"query-input":{"@type":"PropertyValueSpecification","valueRequired":true,"valueName":"search_term_string"}}],"inLanguage":"es-AR"},{"@type":"Organization","@id":"https:\/\/golandpop.com\/#organization","name":"GolandPop","url":"https:\/\/golandpop.com\/","logo":{"@type":"ImageObject","inLanguage":"es-AR","@id":"https:\/\/golandpop.com\/#\/schema\/logo\/image\/","url":"https:\/\/golandpop.com\/wp-content\/uploads\/2020\/04\/favicon_gol_pop.png","contentUrl":"https:\/\/golandpop.com\/wp-content\/uploads\/2020\/04\/favicon_gol_pop.png","width":246,"height":246,"caption":"GolandPop"},"image":{"@id":"https:\/\/golandpop.com\/#\/schema\/logo\/image\/"},"sameAs":["https:\/\/x.com\/golandpop","https:\/\/www.instagram.com\/golandpopcordoba\/"]},{"@type":"Person","@id":"https:\/\/golandpop.com\/#\/schema\/person\/2809725861e0da25eaffe2d9b29c9613","name":"Gol&amp;Pop","image":{"@type":"ImageObject","inLanguage":"es-AR","@id":"https:\/\/golandpop.com\/#\/schema\/person\/image\/","url":"https:\/\/secure.gravatar.com\/avatar\/9a87ee051ca8c77f5d4070843ce2c78cdf95b858b950fb039151de955122f5f5?s=96&d=mm&r=g","contentUrl":"https:\/\/secure.gravatar.com\/avatar\/9a87ee051ca8c77f5d4070843ce2c78cdf95b858b950fb039151de955122f5f5?s=96&d=mm&r=g","caption":"Gol&amp;Pop"},"sameAs":["http:\/\/golandpop.com"],"url":"https:\/\/golandpop.com\/index.php\/author\/admin\/"}]}},"_links":{"self":[{"href":"https:\/\/golandpop.com\/index.php\/wp-json\/wp\/v2\/posts\/16183","targetHints":{"allow":["GET"]}}],"collection":[{"href":"https:\/\/golandpop.com\/index.php\/wp-json\/wp\/v2\/posts"}],"about":[{"href":"https:\/\/golandpop.com\/index.php\/wp-json\/wp\/v2\/types\/post"}],"author":[{"embeddable":true,"href":"https:\/\/golandpop.com\/index.php\/wp-json\/wp\/v2\/users\/1"}],"replies":[{"embeddable":true,"href":"https:\/\/golandpop.com\/index.php\/wp-json\/wp\/v2\/comments?post=16183"}],"version-history":[{"count":43,"href":"https:\/\/golandpop.com\/index.php\/wp-json\/wp\/v2\/posts\/16183\/revisions"}],"predecessor-version":[{"id":16236,"href":"https:\/\/golandpop.com\/index.php\/wp-json\/wp\/v2\/posts\/16183\/revisions\/16236"}],"wp:featuredmedia":[{"embeddable":true,"href":"https:\/\/golandpop.com\/index.php\/wp-json\/wp\/v2\/media\/16207"}],"wp:attachment":[{"href":"https:\/\/golandpop.com\/index.php\/wp-json\/wp\/v2\/media?parent=16183"}],"wp:term":[{"taxonomy":"category","embeddable":true,"href":"https:\/\/golandpop.com\/index.php\/wp-json\/wp\/v2\/categories?post=16183"},{"taxonomy":"post_tag","embeddable":true,"href":"https:\/\/golandpop.com\/index.php\/wp-json\/wp\/v2\/tags?post=16183"}],"curies":[{"name":"wp","href":"https:\/\/api.w.org\/{rel}","templated":true}]}}