{"id":1614,"date":"2019-09-27T13:59:47","date_gmt":"2019-09-27T13:59:47","guid":{"rendered":"http:\/\/golandpop.com\/?p=1614"},"modified":"2019-09-27T13:59:47","modified_gmt":"2019-09-27T13:59:47","slug":"santiago-braida-sentarme-arriba-del-auto-me-completa-soy-una-parte-mas-del-auto","status":"publish","type":"post","link":"https:\/\/golandpop.com\/index.php\/2019\/09\/27\/santiago-braida-sentarme-arriba-del-auto-me-completa-soy-una-parte-mas-del-auto\/","title":{"rendered":"Santiago Braida: &quot;Sentarme arriba del auto me completa, soy una parte m\u00e1s del auto&quot;"},"content":{"rendered":"\n<p>Santiago Agust\u00edn Braida un piloto cordob\u00e9s que a sus 22 a\u00f1os realiz\u00f3 su debut en el regional en Sinsacate compitiendo en la categor\u00eda A\/5 con un Fiat uno. De la mano de su navegante Juan \u00a0Brada coronaron su primera carrera con un gran triunfo \u201csuperamos las expectativas y creo que eso fue lo fundamental\u201d. <\/p>\n\n\n<p>La carrera comenz\u00f3 el s\u00e1bado\n3 de Agosto, este d\u00eda fue la rampa de largada y los dos tramos, que se\nrepitieron tres veces, se concretaron el domingo. La jornada se retras\u00f3 por\nalgunos inconvenientes con propietarios de campos en la zona de San Lorenzo y\ntambi\u00e9n a causa de un accidente. <\/p>\n\n\n<p>Braida nos cuenta que su preparaci\u00f3n fue escasa: \u201cno tuvimos mec\u00e1nico, fuimos muy a pulm\u00f3n\u201d. Se adentraron en una competencia con elementos prestados y muy poca pr\u00e1ctica. Sin embargo, no olvida la pasi\u00f3n y la adrenalina que le causo su primera carrera y remarc\u00f3: \u201csentarme arriba del auto me complementa, yo soy una parte m\u00e1s del auto\u201d.<\/p>\n\n\n<figure class=\"wp-block-image size-large\"><img fetchpriority=\"high\" decoding=\"async\" width=\"1040\" height=\"780\" src=\"https:\/\/golandpop631664757.files.wordpress.com\/2019\/09\/6fd289f0-e8da-4618-946c-006e2043005e.jpg?w=1024\" alt=\"\" class=\"wp-image-1618\" srcset=\"https:\/\/golandpop.com\/wp-content\/uploads\/2019\/09\/6fd289f0-e8da-4618-946c-006e2043005e.jpg 1040w, https:\/\/golandpop.com\/wp-content\/uploads\/2019\/09\/6fd289f0-e8da-4618-946c-006e2043005e-300x225.jpg 300w, https:\/\/golandpop.com\/wp-content\/uploads\/2019\/09\/6fd289f0-e8da-4618-946c-006e2043005e-1024x768.jpg 1024w, https:\/\/golandpop.com\/wp-content\/uploads\/2019\/09\/6fd289f0-e8da-4618-946c-006e2043005e-768x576.jpg 768w\" sizes=\"(max-width: 1040px) 100vw, 1040px\" \/><\/figure>\n\n\n<p>Tras su primera\nvictoria en un \u00e1mbito con el que sue\u00f1a desde ni\u00f1o, se propone llegar \u201clo m\u00e1s\nalto que se pueda\u201d. Nos cuenta que en este momento lo ve como un hobbies pero\ndesea profesionalizarlo y mejorar las condiciones tanto las de su auto como las\nde el mismo \u201cs\u00e9 que puedo exprimir un poquito m\u00e1s mis capacidades\u201d. <\/p>\n\n\n<p>Ya que luego de su\ndebut consagrado&nbsp; la siguiente carrera el\nveh\u00edculo sufri\u00f3 un inconveniente. Y se vio obligado a retirarse. Pr\u00f3ximamente\nveremos a este corredor el 28 de Septiembre en La Rioja, poniendo a punto el\nauto y consiguiendo los elementos faltantes para poder competir.&nbsp; <\/p>\n\n\n<p>Redacci\u00f3n y entrevista: Luciana Suarez.<\/p>\n\n\n<p>Edici\u00f3n: Aline Costa Penha.<\/p>\n","protected":false},"excerpt":{"rendered":"<p>Santiago Agust\u00edn Braida un piloto cordob\u00e9s que a sus 22 a\u00f1os realiz\u00f3 su debut en el regional en Sinsacate compitiendo en la categor\u00eda A\/5 con un Fiat uno. De la mano de su navegante Juan \u00a0Brada coronaron su primera carrera con un gran triunfo \u201csuperamos las expectativas y creo que eso fue lo fundamental\u201d. La [&hellip;]<\/p>\n","protected":false},"author":1,"featured_media":1617,"comment_status":"open","ping_status":"open","sticky":false,"template":"","format":"standard","meta":{"footnotes":""},"categories":[31],"tags":[],"class_list":["post-1614","post","type-post","status-publish","format-standard","has-post-thumbnail","hentry","category-automovilismo"],"yoast_head":"<!-- This site is optimized with the Yoast SEO plugin v26.1.1 - https:\/\/yoast.com\/wordpress\/plugins\/seo\/ -->\n<title>Santiago Braida: &quot;Sentarme arriba del auto me completa, soy una parte m\u00e1s del auto&quot; - Golandpop<\/title>\n<meta name=\"robots\" content=\"index, follow, max-snippet:-1, max-image-preview:large, max-video-preview:-1\" \/>\n<link rel=\"canonical\" href=\"https:\/\/golandpop.com\/index.php\/2019\/09\/27\/santiago-braida-sentarme-arriba-del-auto-me-completa-soy-una-parte-mas-del-auto\/\" \/>\n<meta property=\"og:locale\" content=\"es_ES\" \/>\n<meta property=\"og:type\" content=\"article\" \/>\n<meta property=\"og:title\" content=\"Santiago Braida: &quot;Sentarme arriba del auto me completa, soy una parte m\u00e1s del auto&quot; - Golandpop\" \/>\n<meta property=\"og:description\" content=\"Santiago Agust\u00edn Braida un piloto cordob\u00e9s que a sus 22 a\u00f1os realiz\u00f3 su debut en el regional en Sinsacate compitiendo en la categor\u00eda A\/5 con un Fiat uno. De la mano de su navegante Juan \u00a0Brada coronaron su primera carrera con un gran triunfo \u201csuperamos las expectativas y creo que eso fue lo fundamental\u201d. La [&hellip;]\" \/>\n<meta property=\"og:url\" content=\"https:\/\/golandpop.com\/index.php\/2019\/09\/27\/santiago-braida-sentarme-arriba-del-auto-me-completa-soy-una-parte-mas-del-auto\/\" \/>\n<meta property=\"og:site_name\" content=\"Golandpop\" \/>\n<meta property=\"article:published_time\" content=\"2019-09-27T13:59:47+00:00\" \/>\n<meta property=\"og:image\" content=\"https:\/\/golandpop.com\/wp-content\/uploads\/2019\/09\/whatsapp-image-2019-09-14-at-19.22.55.jpeg\" \/>\n\t<meta property=\"og:image:width\" content=\"712\" \/>\n\t<meta property=\"og:image:height\" content=\"414\" \/>\n\t<meta property=\"og:image:type\" content=\"image\/jpeg\" \/>\n<meta name=\"author\" content=\"Gol&amp;Pop\" \/>\n<meta name=\"twitter:card\" content=\"summary_large_image\" \/>\n<meta name=\"twitter:creator\" content=\"@golandpop\" \/>\n<meta name=\"twitter:site\" content=\"@golandpop\" \/>\n<meta name=\"twitter:label1\" content=\"Escrito por\" \/>\n\t<meta name=\"twitter:data1\" content=\"Gol&amp;Pop\" \/>\n\t<meta name=\"twitter:label2\" content=\"Tiempo de lectura\" \/>\n\t<meta name=\"twitter:data2\" content=\"1 minuto\" \/>\n<script type=\"application\/ld+json\" class=\"yoast-schema-graph\">{\"@context\":\"https:\/\/schema.org\",\"@graph\":[{\"@type\":\"Article\",\"@id\":\"https:\/\/golandpop.com\/index.php\/2019\/09\/27\/santiago-braida-sentarme-arriba-del-auto-me-completa-soy-una-parte-mas-del-auto\/#article\",\"isPartOf\":{\"@id\":\"https:\/\/golandpop.com\/index.php\/2019\/09\/27\/santiago-braida-sentarme-arriba-del-auto-me-completa-soy-una-parte-mas-del-auto\/\"},\"author\":{\"name\":\"Gol&amp;Pop\",\"@id\":\"https:\/\/golandpop.com\/#\/schema\/person\/2809725861e0da25eaffe2d9b29c9613\"},\"headline\":\"Santiago Braida: &quot;Sentarme arriba del auto me completa, soy una parte m\u00e1s del auto&quot;\",\"datePublished\":\"2019-09-27T13:59:47+00:00\",\"mainEntityOfPage\":{\"@id\":\"https:\/\/golandpop.com\/index.php\/2019\/09\/27\/santiago-braida-sentarme-arriba-del-auto-me-completa-soy-una-parte-mas-del-auto\/\"},\"wordCount\":314,\"commentCount\":0,\"publisher\":{\"@id\":\"https:\/\/golandpop.com\/#organization\"},\"image\":{\"@id\":\"https:\/\/golandpop.com\/index.php\/2019\/09\/27\/santiago-braida-sentarme-arriba-del-auto-me-completa-soy-una-parte-mas-del-auto\/#primaryimage\"},\"thumbnailUrl\":\"https:\/\/golandpop.com\/wp-content\/uploads\/2019\/09\/whatsapp-image-2019-09-14-at-19.22.55.jpeg\",\"articleSection\":[\"Motores\"],\"inLanguage\":\"es-AR\"},{\"@type\":\"WebPage\",\"@id\":\"https:\/\/golandpop.com\/index.php\/2019\/09\/27\/santiago-braida-sentarme-arriba-del-auto-me-completa-soy-una-parte-mas-del-auto\/\",\"url\":\"https:\/\/golandpop.com\/index.php\/2019\/09\/27\/santiago-braida-sentarme-arriba-del-auto-me-completa-soy-una-parte-mas-del-auto\/\",\"name\":\"Santiago Braida: &quot;Sentarme arriba del auto me completa, soy una parte m\u00e1s del auto&quot; - Golandpop\",\"isPartOf\":{\"@id\":\"https:\/\/golandpop.com\/#website\"},\"primaryImageOfPage\":{\"@id\":\"https:\/\/golandpop.com\/index.php\/2019\/09\/27\/santiago-braida-sentarme-arriba-del-auto-me-completa-soy-una-parte-mas-del-auto\/#primaryimage\"},\"image\":{\"@id\":\"https:\/\/golandpop.com\/index.php\/2019\/09\/27\/santiago-braida-sentarme-arriba-del-auto-me-completa-soy-una-parte-mas-del-auto\/#primaryimage\"},\"thumbnailUrl\":\"https:\/\/golandpop.com\/wp-content\/uploads\/2019\/09\/whatsapp-image-2019-09-14-at-19.22.55.jpeg\",\"datePublished\":\"2019-09-27T13:59:47+00:00\",\"breadcrumb\":{\"@id\":\"https:\/\/golandpop.com\/index.php\/2019\/09\/27\/santiago-braida-sentarme-arriba-del-auto-me-completa-soy-una-parte-mas-del-auto\/#breadcrumb\"},\"inLanguage\":\"es-AR\",\"potentialAction\":[{\"@type\":\"ReadAction\",\"target\":[\"https:\/\/golandpop.com\/index.php\/2019\/09\/27\/santiago-braida-sentarme-arriba-del-auto-me-completa-soy-una-parte-mas-del-auto\/\"]}]},{\"@type\":\"ImageObject\",\"inLanguage\":\"es-AR\",\"@id\":\"https:\/\/golandpop.com\/index.php\/2019\/09\/27\/santiago-braida-sentarme-arriba-del-auto-me-completa-soy-una-parte-mas-del-auto\/#primaryimage\",\"url\":\"https:\/\/golandpop.com\/wp-content\/uploads\/2019\/09\/whatsapp-image-2019-09-14-at-19.22.55.jpeg\",\"contentUrl\":\"https:\/\/golandpop.com\/wp-content\/uploads\/2019\/09\/whatsapp-image-2019-09-14-at-19.22.55.jpeg\",\"width\":712,\"height\":414},{\"@type\":\"BreadcrumbList\",\"@id\":\"https:\/\/golandpop.com\/index.php\/2019\/09\/27\/santiago-braida-sentarme-arriba-del-auto-me-completa-soy-una-parte-mas-del-auto\/#breadcrumb\",\"itemListElement\":[{\"@type\":\"ListItem\",\"position\":1,\"name\":\"Inicio\",\"item\":\"https:\/\/golandpop.com\/\"},{\"@type\":\"ListItem\",\"position\":2,\"name\":\"Santiago Braida: &quot;Sentarme arriba del auto me completa, soy una parte m\u00e1s del auto&quot;\"}]},{\"@type\":\"WebSite\",\"@id\":\"https:\/\/golandpop.com\/#website\",\"url\":\"https:\/\/golandpop.com\/\",\"name\":\"Golandpop\",\"description\":\"\",\"publisher\":{\"@id\":\"https:\/\/golandpop.com\/#organization\"},\"potentialAction\":[{\"@type\":\"SearchAction\",\"target\":{\"@type\":\"EntryPoint\",\"urlTemplate\":\"https:\/\/golandpop.com\/?s={search_term_string}\"},\"query-input\":{\"@type\":\"PropertyValueSpecification\",\"valueRequired\":true,\"valueName\":\"search_term_string\"}}],\"inLanguage\":\"es-AR\"},{\"@type\":\"Organization\",\"@id\":\"https:\/\/golandpop.com\/#organization\",\"name\":\"GolandPop\",\"url\":\"https:\/\/golandpop.com\/\",\"logo\":{\"@type\":\"ImageObject\",\"inLanguage\":\"es-AR\",\"@id\":\"https:\/\/golandpop.com\/#\/schema\/logo\/image\/\",\"url\":\"https:\/\/golandpop.com\/wp-content\/uploads\/2020\/04\/favicon_gol_pop.png\",\"contentUrl\":\"https:\/\/golandpop.com\/wp-content\/uploads\/2020\/04\/favicon_gol_pop.png\",\"width\":246,\"height\":246,\"caption\":\"GolandPop\"},\"image\":{\"@id\":\"https:\/\/golandpop.com\/#\/schema\/logo\/image\/\"},\"sameAs\":[\"https:\/\/x.com\/golandpop\",\"https:\/\/www.instagram.com\/golandpopcordoba\/\"]},{\"@type\":\"Person\",\"@id\":\"https:\/\/golandpop.com\/#\/schema\/person\/2809725861e0da25eaffe2d9b29c9613\",\"name\":\"Gol&amp;Pop\",\"image\":{\"@type\":\"ImageObject\",\"inLanguage\":\"es-AR\",\"@id\":\"https:\/\/golandpop.com\/#\/schema\/person\/image\/\",\"url\":\"https:\/\/secure.gravatar.com\/avatar\/9a87ee051ca8c77f5d4070843ce2c78cdf95b858b950fb039151de955122f5f5?s=96&d=mm&r=g\",\"contentUrl\":\"https:\/\/secure.gravatar.com\/avatar\/9a87ee051ca8c77f5d4070843ce2c78cdf95b858b950fb039151de955122f5f5?s=96&d=mm&r=g\",\"caption\":\"Gol&amp;Pop\"},\"sameAs\":[\"http:\/\/golandpop.com\"],\"url\":\"https:\/\/golandpop.com\/index.php\/author\/admin\/\"}]}<\/script>\n<!-- \/ Yoast SEO plugin. -->","yoast_head_json":{"title":"Santiago Braida: &quot;Sentarme arriba del auto me completa, soy una parte m\u00e1s del auto&quot; - Golandpop","robots":{"index":"index","follow":"follow","max-snippet":"max-snippet:-1","max-image-preview":"max-image-preview:large","max-video-preview":"max-video-preview:-1"},"canonical":"https:\/\/golandpop.com\/index.php\/2019\/09\/27\/santiago-braida-sentarme-arriba-del-auto-me-completa-soy-una-parte-mas-del-auto\/","og_locale":"es_ES","og_type":"article","og_title":"Santiago Braida: &quot;Sentarme arriba del auto me completa, soy una parte m\u00e1s del auto&quot; - Golandpop","og_description":"Santiago Agust\u00edn Braida un piloto cordob\u00e9s que a sus 22 a\u00f1os realiz\u00f3 su debut en el regional en Sinsacate compitiendo en la categor\u00eda A\/5 con un Fiat uno. De la mano de su navegante Juan \u00a0Brada coronaron su primera carrera con un gran triunfo \u201csuperamos las expectativas y creo que eso fue lo fundamental\u201d. La [&hellip;]","og_url":"https:\/\/golandpop.com\/index.php\/2019\/09\/27\/santiago-braida-sentarme-arriba-del-auto-me-completa-soy-una-parte-mas-del-auto\/","og_site_name":"Golandpop","article_published_time":"2019-09-27T13:59:47+00:00","og_image":[{"width":712,"height":414,"url":"https:\/\/golandpop.com\/wp-content\/uploads\/2019\/09\/whatsapp-image-2019-09-14-at-19.22.55.jpeg","type":"image\/jpeg"}],"author":"Gol&amp;Pop","twitter_card":"summary_large_image","twitter_creator":"@golandpop","twitter_site":"@golandpop","twitter_misc":{"Escrito por":"Gol&amp;Pop","Tiempo de lectura":"1 minuto"},"schema":{"@context":"https:\/\/schema.org","@graph":[{"@type":"Article","@id":"https:\/\/golandpop.com\/index.php\/2019\/09\/27\/santiago-braida-sentarme-arriba-del-auto-me-completa-soy-una-parte-mas-del-auto\/#article","isPartOf":{"@id":"https:\/\/golandpop.com\/index.php\/2019\/09\/27\/santiago-braida-sentarme-arriba-del-auto-me-completa-soy-una-parte-mas-del-auto\/"},"author":{"name":"Gol&amp;Pop","@id":"https:\/\/golandpop.com\/#\/schema\/person\/2809725861e0da25eaffe2d9b29c9613"},"headline":"Santiago Braida: &quot;Sentarme arriba del auto me completa, soy una parte m\u00e1s del auto&quot;","datePublished":"2019-09-27T13:59:47+00:00","mainEntityOfPage":{"@id":"https:\/\/golandpop.com\/index.php\/2019\/09\/27\/santiago-braida-sentarme-arriba-del-auto-me-completa-soy-una-parte-mas-del-auto\/"},"wordCount":314,"commentCount":0,"publisher":{"@id":"https:\/\/golandpop.com\/#organization"},"image":{"@id":"https:\/\/golandpop.com\/index.php\/2019\/09\/27\/santiago-braida-sentarme-arriba-del-auto-me-completa-soy-una-parte-mas-del-auto\/#primaryimage"},"thumbnailUrl":"https:\/\/golandpop.com\/wp-content\/uploads\/2019\/09\/whatsapp-image-2019-09-14-at-19.22.55.jpeg","articleSection":["Motores"],"inLanguage":"es-AR"},{"@type":"WebPage","@id":"https:\/\/golandpop.com\/index.php\/2019\/09\/27\/santiago-braida-sentarme-arriba-del-auto-me-completa-soy-una-parte-mas-del-auto\/","url":"https:\/\/golandpop.com\/index.php\/2019\/09\/27\/santiago-braida-sentarme-arriba-del-auto-me-completa-soy-una-parte-mas-del-auto\/","name":"Santiago Braida: &quot;Sentarme arriba del auto me completa, soy una parte m\u00e1s del auto&quot; - Golandpop","isPartOf":{"@id":"https:\/\/golandpop.com\/#website"},"primaryImageOfPage":{"@id":"https:\/\/golandpop.com\/index.php\/2019\/09\/27\/santiago-braida-sentarme-arriba-del-auto-me-completa-soy-una-parte-mas-del-auto\/#primaryimage"},"image":{"@id":"https:\/\/golandpop.com\/index.php\/2019\/09\/27\/santiago-braida-sentarme-arriba-del-auto-me-completa-soy-una-parte-mas-del-auto\/#primaryimage"},"thumbnailUrl":"https:\/\/golandpop.com\/wp-content\/uploads\/2019\/09\/whatsapp-image-2019-09-14-at-19.22.55.jpeg","datePublished":"2019-09-27T13:59:47+00:00","breadcrumb":{"@id":"https:\/\/golandpop.com\/index.php\/2019\/09\/27\/santiago-braida-sentarme-arriba-del-auto-me-completa-soy-una-parte-mas-del-auto\/#breadcrumb"},"inLanguage":"es-AR","potentialAction":[{"@type":"ReadAction","target":["https:\/\/golandpop.com\/index.php\/2019\/09\/27\/santiago-braida-sentarme-arriba-del-auto-me-completa-soy-una-parte-mas-del-auto\/"]}]},{"@type":"ImageObject","inLanguage":"es-AR","@id":"https:\/\/golandpop.com\/index.php\/2019\/09\/27\/santiago-braida-sentarme-arriba-del-auto-me-completa-soy-una-parte-mas-del-auto\/#primaryimage","url":"https:\/\/golandpop.com\/wp-content\/uploads\/2019\/09\/whatsapp-image-2019-09-14-at-19.22.55.jpeg","contentUrl":"https:\/\/golandpop.com\/wp-content\/uploads\/2019\/09\/whatsapp-image-2019-09-14-at-19.22.55.jpeg","width":712,"height":414},{"@type":"BreadcrumbList","@id":"https:\/\/golandpop.com\/index.php\/2019\/09\/27\/santiago-braida-sentarme-arriba-del-auto-me-completa-soy-una-parte-mas-del-auto\/#breadcrumb","itemListElement":[{"@type":"ListItem","position":1,"name":"Inicio","item":"https:\/\/golandpop.com\/"},{"@type":"ListItem","position":2,"name":"Santiago Braida: &quot;Sentarme arriba del auto me completa, soy una parte m\u00e1s del auto&quot;"}]},{"@type":"WebSite","@id":"https:\/\/golandpop.com\/#website","url":"https:\/\/golandpop.com\/","name":"Golandpop","description":"","publisher":{"@id":"https:\/\/golandpop.com\/#organization"},"potentialAction":[{"@type":"SearchAction","target":{"@type":"EntryPoint","urlTemplate":"https:\/\/golandpop.com\/?s={search_term_string}"},"query-input":{"@type":"PropertyValueSpecification","valueRequired":true,"valueName":"search_term_string"}}],"inLanguage":"es-AR"},{"@type":"Organization","@id":"https:\/\/golandpop.com\/#organization","name":"GolandPop","url":"https:\/\/golandpop.com\/","logo":{"@type":"ImageObject","inLanguage":"es-AR","@id":"https:\/\/golandpop.com\/#\/schema\/logo\/image\/","url":"https:\/\/golandpop.com\/wp-content\/uploads\/2020\/04\/favicon_gol_pop.png","contentUrl":"https:\/\/golandpop.com\/wp-content\/uploads\/2020\/04\/favicon_gol_pop.png","width":246,"height":246,"caption":"GolandPop"},"image":{"@id":"https:\/\/golandpop.com\/#\/schema\/logo\/image\/"},"sameAs":["https:\/\/x.com\/golandpop","https:\/\/www.instagram.com\/golandpopcordoba\/"]},{"@type":"Person","@id":"https:\/\/golandpop.com\/#\/schema\/person\/2809725861e0da25eaffe2d9b29c9613","name":"Gol&amp;Pop","image":{"@type":"ImageObject","inLanguage":"es-AR","@id":"https:\/\/golandpop.com\/#\/schema\/person\/image\/","url":"https:\/\/secure.gravatar.com\/avatar\/9a87ee051ca8c77f5d4070843ce2c78cdf95b858b950fb039151de955122f5f5?s=96&d=mm&r=g","contentUrl":"https:\/\/secure.gravatar.com\/avatar\/9a87ee051ca8c77f5d4070843ce2c78cdf95b858b950fb039151de955122f5f5?s=96&d=mm&r=g","caption":"Gol&amp;Pop"},"sameAs":["http:\/\/golandpop.com"],"url":"https:\/\/golandpop.com\/index.php\/author\/admin\/"}]}},"_links":{"self":[{"href":"https:\/\/golandpop.com\/index.php\/wp-json\/wp\/v2\/posts\/1614","targetHints":{"allow":["GET"]}}],"collection":[{"href":"https:\/\/golandpop.com\/index.php\/wp-json\/wp\/v2\/posts"}],"about":[{"href":"https:\/\/golandpop.com\/index.php\/wp-json\/wp\/v2\/types\/post"}],"author":[{"embeddable":true,"href":"https:\/\/golandpop.com\/index.php\/wp-json\/wp\/v2\/users\/1"}],"replies":[{"embeddable":true,"href":"https:\/\/golandpop.com\/index.php\/wp-json\/wp\/v2\/comments?post=1614"}],"version-history":[{"count":0,"href":"https:\/\/golandpop.com\/index.php\/wp-json\/wp\/v2\/posts\/1614\/revisions"}],"wp:featuredmedia":[{"embeddable":true,"href":"https:\/\/golandpop.com\/index.php\/wp-json\/wp\/v2\/media\/1617"}],"wp:attachment":[{"href":"https:\/\/golandpop.com\/index.php\/wp-json\/wp\/v2\/media?parent=1614"}],"wp:term":[{"taxonomy":"category","embeddable":true,"href":"https:\/\/golandpop.com\/index.php\/wp-json\/wp\/v2\/categories?post=1614"},{"taxonomy":"post_tag","embeddable":true,"href":"https:\/\/golandpop.com\/index.php\/wp-json\/wp\/v2\/tags?post=1614"}],"curies":[{"name":"wp","href":"https:\/\/api.w.org\/{rel}","templated":true}]}}