{"id":16029,"date":"2022-01-13T14:20:26","date_gmt":"2022-01-13T17:20:26","guid":{"rendered":"https:\/\/golandpop.com\/?p=16029"},"modified":"2022-01-13T14:20:31","modified_gmt":"2022-01-13T17:20:31","slug":"primera-nacional-el-fixture-completo-de-belgrano","status":"publish","type":"post","link":"https:\/\/golandpop.com\/index.php\/2022\/01\/13\/primera-nacional-el-fixture-completo-de-belgrano\/","title":{"rendered":"Primera Nacional: el fixture completo de Belgrano"},"content":{"rendered":"\n<p>Este jueves <a href=\"https:\/\/twitter.com\/afa\">AFA<\/a> realiz\u00f3 el sorteo de la temporada 2022 de la <a href=\"https:\/\/golandpop.com\/index.php\/tag\/primera-nacional\/\">Primera Nacional<\/a> y <a href=\"https:\/\/golandpop.com\/index.php\/category\/futbol\/belgrano\/\">Belgrano<\/a> ya conoce su fixture competo. El Pirata <strong>debutar\u00e1 de local ante Atl\u00e9tico Rafaela<\/strong> el fin de semana del 13 de febrero.<\/p>\n\n\n\n<p>El cl\u00e1sico cordob\u00e9s ante <strong>Instituto<\/strong>, el primero en mucho tiempo de manera oficial, s<strong>e jugar\u00e1 en Alberdi en la jornada 30<\/strong>. Por su parte, el choque ante el otro cordob\u00e9s, Estudiantes de R\u00edo IV, tambi\u00e9n se jugar\u00e1 en el Julio C\u00e9sar Villagra pero por la fecha 20.<\/p>\n\n\n\n<p>El torneo, que contar\u00e1 con 37 equipos, le brindar\u00e1 al campe\u00f3n el ascenso de manera autom\u00e1tica y del segundo al 13\u00b0 se clasificar\u00e1n para jugar por la segunda plaza en Primera.<\/p>\n\n\n\n<p>El <strong>Reducido<\/strong> se jugar\u00e1 por eliminaci\u00f3n directa. La primera ronda la disputar\u00e1n los equipos ubicados del 4\u00b0 al 13\u00b0 puesto, en cruces mano a mano a partido \u00fanico, disputados en la cancha del mejor colocado y con ventaja deportiva. <\/p>\n\n\n\n<p>En la segunda rueda participar\u00e1n los cinco clasificados y el 3\u00b0 de la tabla, que volver\u00e1n a cruzarse a partido \u00fanico nuevamente con local\u00eda seg\u00fan ubicaci\u00f3n y ventaja deportiva. A los tres ganadores se agregar\u00e1 el 2\u00b0 para conformar el cuadro de semifinales, que se jugar\u00e1n a ida y vuelta, al igual que la final. Ambas instancias tambi\u00e9n tendr\u00e1n ventaja deportiva.<\/p>\n\n\n\n<figure class=\"wp-block-embed-twitter wp-block-embed is-type-rich is-provider-twitter\"><div class=\"wp-block-embed__wrapper\">\n<blockquote class=\"twitter-tweet\" data-width=\"550\" data-dnt=\"true\"><p lang=\"es\" dir=\"ltr\">\u2620\ufe0f\ud83c\udff4\u200d\u2620\ufe0f \u00a1OFICIAL: <a href=\"https:\/\/twitter.com\/hashtag\/BELGRANO?src=hash&amp;ref_src=twsrc%5Etfw\">#BELGRANO<\/a> DEBUTAR\u00c1 EN LA <a href=\"https:\/\/twitter.com\/hashtag\/PRIMERANACIONAL?src=hash&amp;ref_src=twsrc%5Etfw\">#PRIMERANACIONAL<\/a> 2022 RECIBIENDO A <a href=\"https:\/\/twitter.com\/hashtag\/ATLETICORAFAELA?src=hash&amp;ref_src=twsrc%5Etfw\">#ATLETICORAFAELA<\/a> EN EL GIGANTE DE ALBERDI!<br><br>\ud83d\udcf2 <a href=\"https:\/\/t.co\/ToTnpDCvWt\">https:\/\/t.co\/ToTnpDCvWt<\/a> <a href=\"https:\/\/t.co\/GwkpaUdE5G\">pic.twitter.com\/GwkpaUdE5G<\/a><\/p>&mdash; GOLANDPOP (@golandpop) <a href=\"https:\/\/twitter.com\/golandpop\/status\/1481650419847745539?ref_src=twsrc%5Etfw\">January 13, 2022<\/a><\/blockquote><script async src=\"https:\/\/platform.twitter.com\/widgets.js\" charset=\"utf-8\"><\/script>\n<\/div><\/figure>\n\n\n\n<p><strong>FIXTURE PIRATA<\/strong><\/p>\n\n\n\n<p>Fecha 1: <strong>Belgrano<\/strong> vs Atl\u00e9tico Rafaela<\/p>\n\n\n\n<p>Fecha 2: Santamarina vs <strong>Belgrano<\/strong><\/p>\n\n\n\n<p>Fecha 3: <strong>Belgrano<\/strong> vs Estudiantes de Caseros<\/p>\n\n\n\n<p>Fecha 4: Atlanta vs <strong>Belgrano<\/strong><\/p>\n\n\n\n<p>Fecha 5: <strong>Belgrano<\/strong> vs San Mart\u00edn de San Juan<\/p>\n\n\n\n<p>Fecha 6: Chaco For Ever vs <strong>Belgrano<\/strong><\/p>\n\n\n\n<p>Fecha 7: <strong>Belgrano<\/strong> vs San Telmo<\/p>\n\n\n\n<p>Fecha 8: Gimnasia de Mendoza vs <strong>Belgrano<\/strong><\/p>\n\n\n\n<p>Fecha 9: <strong>Belgrano<\/strong> vs All Boys<\/p>\n\n\n\n<p>Fecha 10: Guemes vs <strong>Belgrano<\/strong><\/p>\n\n\n\n<p>Fecha 11: <strong>Belgrano<\/strong> vs Riestra<\/p>\n\n\n\n<p>Fecha 12 | LIBRE<\/p>\n\n\n\n<p>Fecha 13: Villa D\u00e1lmine vs <strong>Belgrano<\/strong><\/p>\n\n\n\n<p>Fecha 14: <strong>Belgrano<\/strong> vs Almirante Brown<\/p>\n\n\n\n<p>Fecha 15: Gimnasia de Jujuy vs <strong>Belgrano<\/strong><\/p>\n\n\n\n<p>Fecha 16: <strong>Belgrano<\/strong> vs Flandria<\/p>\n\n\n\n<p>Fecha 17: Temperley vs <strong>Belgrano<\/strong><\/p>\n\n\n\n<p>Fecha 18: <strong>Belgrano<\/strong> vs Deportivo Mor\u00f3n<\/p>\n\n\n\n<p>Fecha 19: Deportivo Madryn vs <strong>Belgrano<\/strong><\/p>\n\n\n\n<p>Fecha 20: <strong>Belgrano vs Estudiantes de R\u00edo Cuarto<\/strong><\/p>\n\n\n\n<p>Fecha 21: Alvarado vs <strong>Belgrano<\/strong><\/p>\n\n\n\n<p>Fecha 22: Belgrano vs Almagro<\/p>\n\n\n\n<p>Fecha 23: Nueva Chicago vs <strong>Belgrano<\/strong><\/p>\n\n\n\n<p>Fecha 24: <strong>Belgrano<\/strong> vs Deportivo Maip\u00fa<\/p>\n\n\n\n<p>Fecha 25: Quilmes vs <strong>Belgrano<\/strong><\/p>\n\n\n\n<p>Fecha 26: <strong>Belgrano<\/strong> vs Independiente Rivadavia<\/p>\n\n\n\n<p>Fecha 27: Ferro vs <strong>Belgrano<\/strong><\/p>\n\n\n\n<p>Fecha 28: <strong>Belgrano<\/strong> vs Mitre<\/p>\n\n\n\n<p>Fecha 29: Sacachispas vs <strong>Belgrano<\/strong><\/p>\n\n\n\n<p>Fecha 30: <strong>Belgrano vs Instituto<\/strong><\/p>\n\n\n\n<p>Fecha 31: Agropecuario vs <strong>Belgrano<\/strong><\/p>\n\n\n\n<p>Fecha 32: <strong>Belgrano<\/strong> vs Trist\u00e1n Su\u00e1rez<\/p>\n\n\n\n<p>Fecha 33: San Mart\u00edn de Tucum\u00e1n vs <strong>Belgrano<\/strong><\/p>\n\n\n\n<p>Fecha 34: <strong>Belgrano<\/strong> vs Defensores de Belgrano<\/p>\n\n\n\n<p>Fecha 35: Brown de Adrogu\u00e9 vs <strong>Belgrano<\/strong><\/p>\n\n\n\n<p>Fecha 36: <strong>Belgrano<\/strong> vs Chacarita<\/p>\n\n\n\n<p>Fecha 37: Brown de Puerto Madryn vs <strong>Belgrano<\/strong><\/p>\n\n\n\n<figure class=\"wp-block-embed-twitter wp-block-embed is-type-rich is-provider-twitter\"><div class=\"wp-block-embed__wrapper\">\n<blockquote class=\"twitter-tweet\" data-width=\"550\" data-dnt=\"true\"><p lang=\"es\" dir=\"ltr\">\u26bd\ufe0f\ud83d\udea8 \u00a1OFICIAL! El cl\u00e1sico entre <a href=\"https:\/\/twitter.com\/hashtag\/Belgrano?src=hash&amp;ref_src=twsrc%5Etfw\">#Belgrano<\/a> e <a href=\"https:\/\/twitter.com\/hashtag\/Instituto?src=hash&amp;ref_src=twsrc%5Etfw\">#Instituto<\/a> se jugar\u00e1 en Alberdi y se dar\u00e1 en la fecha 30 de la <a href=\"https:\/\/twitter.com\/hashtag\/PrimeraNacional?src=hash&amp;ref_src=twsrc%5Etfw\">#PrimeraNacional<\/a>.<br><br>\ud83d\udcf2 <a href=\"https:\/\/t.co\/ToTnpDCvWt\">https:\/\/t.co\/ToTnpDCvWt<\/a> <a href=\"https:\/\/t.co\/JW6ICG0618\">pic.twitter.com\/JW6ICG0618<\/a><\/p>&mdash; GOLANDPOP (@golandpop) <a href=\"https:\/\/twitter.com\/golandpop\/status\/1481656293190299661?ref_src=twsrc%5Etfw\">January 13, 2022<\/a><\/blockquote><script async src=\"https:\/\/platform.twitter.com\/widgets.js\" charset=\"utf-8\"><\/script>\n<\/div><\/figure>\n\n\n\n<p>Informaci\u00f3n: Prensa Belgrano.<\/p>\n","protected":false},"excerpt":{"rendered":"<p>El Pirata debutar\u00e1 ante la Crema. El cl\u00e1sico ante Instituto se jugar\u00e1 en Alberdi en la fecha 30.<\/p>\n","protected":false},"author":1,"featured_media":16030,"comment_status":"open","ping_status":"open","sticky":false,"template":"","format":"standard","meta":{"footnotes":""},"categories":[33],"tags":[92,97,950,226],"class_list":["post-16029","post","type-post","status-publish","format-standard","has-post-thumbnail","hentry","category-belgrano","tag-b-nacional","tag-belgrano","tag-portada","tag-primera-nacional"],"yoast_head":"<!-- This site is optimized with the Yoast SEO plugin v26.1.1 - https:\/\/yoast.com\/wordpress\/plugins\/seo\/ -->\n<title>Primera Nacional: el fixture completo de Belgrano - Golandpop<\/title>\n<meta name=\"robots\" content=\"index, follow, max-snippet:-1, max-image-preview:large, max-video-preview:-1\" \/>\n<link rel=\"canonical\" href=\"https:\/\/golandpop.com\/index.php\/2022\/01\/13\/primera-nacional-el-fixture-completo-de-belgrano\/\" \/>\n<meta property=\"og:locale\" content=\"es_ES\" \/>\n<meta property=\"og:type\" content=\"article\" \/>\n<meta property=\"og:title\" content=\"Primera Nacional: el fixture completo de Belgrano - Golandpop\" \/>\n<meta property=\"og:description\" content=\"El Pirata debutar\u00e1 ante la Crema. El cl\u00e1sico ante Instituto se jugar\u00e1 en Alberdi en la fecha 30.\" \/>\n<meta property=\"og:url\" content=\"https:\/\/golandpop.com\/index.php\/2022\/01\/13\/primera-nacional-el-fixture-completo-de-belgrano\/\" \/>\n<meta property=\"og:site_name\" content=\"Golandpop\" \/>\n<meta property=\"article:published_time\" content=\"2022-01-13T17:20:26+00:00\" \/>\n<meta property=\"article:modified_time\" content=\"2022-01-13T17:20:31+00:00\" \/>\n<meta property=\"og:image\" content=\"https:\/\/golandpop.com\/wp-content\/uploads\/2022\/01\/250946955_429049771911080_4325823832440249136_n.jpg\" \/>\n\t<meta property=\"og:image:width\" content=\"1785\" \/>\n\t<meta property=\"og:image:height\" content=\"1190\" \/>\n\t<meta property=\"og:image:type\" content=\"image\/jpeg\" \/>\n<meta name=\"author\" content=\"Gol&amp;Pop\" \/>\n<meta name=\"twitter:card\" content=\"summary_large_image\" \/>\n<meta name=\"twitter:creator\" content=\"@golandpop\" \/>\n<meta name=\"twitter:site\" content=\"@golandpop\" \/>\n<meta name=\"twitter:label1\" content=\"Escrito por\" \/>\n\t<meta name=\"twitter:data1\" content=\"Gol&amp;Pop\" \/>\n\t<meta name=\"twitter:label2\" content=\"Tiempo de lectura\" \/>\n\t<meta name=\"twitter:data2\" content=\"2 minutos\" \/>\n<script type=\"application\/ld+json\" class=\"yoast-schema-graph\">{\"@context\":\"https:\/\/schema.org\",\"@graph\":[{\"@type\":\"Article\",\"@id\":\"https:\/\/golandpop.com\/index.php\/2022\/01\/13\/primera-nacional-el-fixture-completo-de-belgrano\/#article\",\"isPartOf\":{\"@id\":\"https:\/\/golandpop.com\/index.php\/2022\/01\/13\/primera-nacional-el-fixture-completo-de-belgrano\/\"},\"author\":{\"name\":\"Gol&amp;Pop\",\"@id\":\"https:\/\/golandpop.com\/#\/schema\/person\/2809725861e0da25eaffe2d9b29c9613\"},\"headline\":\"Primera Nacional: el fixture completo de Belgrano\",\"datePublished\":\"2022-01-13T17:20:26+00:00\",\"dateModified\":\"2022-01-13T17:20:31+00:00\",\"mainEntityOfPage\":{\"@id\":\"https:\/\/golandpop.com\/index.php\/2022\/01\/13\/primera-nacional-el-fixture-completo-de-belgrano\/\"},\"wordCount\":439,\"commentCount\":0,\"publisher\":{\"@id\":\"https:\/\/golandpop.com\/#organization\"},\"image\":{\"@id\":\"https:\/\/golandpop.com\/index.php\/2022\/01\/13\/primera-nacional-el-fixture-completo-de-belgrano\/#primaryimage\"},\"thumbnailUrl\":\"https:\/\/golandpop.com\/wp-content\/uploads\/2022\/01\/250946955_429049771911080_4325823832440249136_n.jpg\",\"keywords\":[\"B Nacional\",\"Belgrano\",\"portada\",\"Primera Nacional\"],\"articleSection\":[\"Belgrano\"],\"inLanguage\":\"es-AR\"},{\"@type\":\"WebPage\",\"@id\":\"https:\/\/golandpop.com\/index.php\/2022\/01\/13\/primera-nacional-el-fixture-completo-de-belgrano\/\",\"url\":\"https:\/\/golandpop.com\/index.php\/2022\/01\/13\/primera-nacional-el-fixture-completo-de-belgrano\/\",\"name\":\"Primera Nacional: el fixture completo de Belgrano - Golandpop\",\"isPartOf\":{\"@id\":\"https:\/\/golandpop.com\/#website\"},\"primaryImageOfPage\":{\"@id\":\"https:\/\/golandpop.com\/index.php\/2022\/01\/13\/primera-nacional-el-fixture-completo-de-belgrano\/#primaryimage\"},\"image\":{\"@id\":\"https:\/\/golandpop.com\/index.php\/2022\/01\/13\/primera-nacional-el-fixture-completo-de-belgrano\/#primaryimage\"},\"thumbnailUrl\":\"https:\/\/golandpop.com\/wp-content\/uploads\/2022\/01\/250946955_429049771911080_4325823832440249136_n.jpg\",\"datePublished\":\"2022-01-13T17:20:26+00:00\",\"dateModified\":\"2022-01-13T17:20:31+00:00\",\"breadcrumb\":{\"@id\":\"https:\/\/golandpop.com\/index.php\/2022\/01\/13\/primera-nacional-el-fixture-completo-de-belgrano\/#breadcrumb\"},\"inLanguage\":\"es-AR\",\"potentialAction\":[{\"@type\":\"ReadAction\",\"target\":[\"https:\/\/golandpop.com\/index.php\/2022\/01\/13\/primera-nacional-el-fixture-completo-de-belgrano\/\"]}]},{\"@type\":\"ImageObject\",\"inLanguage\":\"es-AR\",\"@id\":\"https:\/\/golandpop.com\/index.php\/2022\/01\/13\/primera-nacional-el-fixture-completo-de-belgrano\/#primaryimage\",\"url\":\"https:\/\/golandpop.com\/wp-content\/uploads\/2022\/01\/250946955_429049771911080_4325823832440249136_n.jpg\",\"contentUrl\":\"https:\/\/golandpop.com\/wp-content\/uploads\/2022\/01\/250946955_429049771911080_4325823832440249136_n.jpg\",\"width\":1785,\"height\":1190,\"caption\":\"Foto: Prensa Belgrano.\"},{\"@type\":\"BreadcrumbList\",\"@id\":\"https:\/\/golandpop.com\/index.php\/2022\/01\/13\/primera-nacional-el-fixture-completo-de-belgrano\/#breadcrumb\",\"itemListElement\":[{\"@type\":\"ListItem\",\"position\":1,\"name\":\"Inicio\",\"item\":\"https:\/\/golandpop.com\/\"},{\"@type\":\"ListItem\",\"position\":2,\"name\":\"Primera Nacional: el fixture completo de Belgrano\"}]},{\"@type\":\"WebSite\",\"@id\":\"https:\/\/golandpop.com\/#website\",\"url\":\"https:\/\/golandpop.com\/\",\"name\":\"Golandpop\",\"description\":\"\",\"publisher\":{\"@id\":\"https:\/\/golandpop.com\/#organization\"},\"potentialAction\":[{\"@type\":\"SearchAction\",\"target\":{\"@type\":\"EntryPoint\",\"urlTemplate\":\"https:\/\/golandpop.com\/?s={search_term_string}\"},\"query-input\":{\"@type\":\"PropertyValueSpecification\",\"valueRequired\":true,\"valueName\":\"search_term_string\"}}],\"inLanguage\":\"es-AR\"},{\"@type\":\"Organization\",\"@id\":\"https:\/\/golandpop.com\/#organization\",\"name\":\"GolandPop\",\"url\":\"https:\/\/golandpop.com\/\",\"logo\":{\"@type\":\"ImageObject\",\"inLanguage\":\"es-AR\",\"@id\":\"https:\/\/golandpop.com\/#\/schema\/logo\/image\/\",\"url\":\"https:\/\/golandpop.com\/wp-content\/uploads\/2020\/04\/favicon_gol_pop.png\",\"contentUrl\":\"https:\/\/golandpop.com\/wp-content\/uploads\/2020\/04\/favicon_gol_pop.png\",\"width\":246,\"height\":246,\"caption\":\"GolandPop\"},\"image\":{\"@id\":\"https:\/\/golandpop.com\/#\/schema\/logo\/image\/\"},\"sameAs\":[\"https:\/\/x.com\/golandpop\",\"https:\/\/www.instagram.com\/golandpopcordoba\/\"]},{\"@type\":\"Person\",\"@id\":\"https:\/\/golandpop.com\/#\/schema\/person\/2809725861e0da25eaffe2d9b29c9613\",\"name\":\"Gol&amp;Pop\",\"image\":{\"@type\":\"ImageObject\",\"inLanguage\":\"es-AR\",\"@id\":\"https:\/\/golandpop.com\/#\/schema\/person\/image\/\",\"url\":\"https:\/\/secure.gravatar.com\/avatar\/9a87ee051ca8c77f5d4070843ce2c78cdf95b858b950fb039151de955122f5f5?s=96&d=mm&r=g\",\"contentUrl\":\"https:\/\/secure.gravatar.com\/avatar\/9a87ee051ca8c77f5d4070843ce2c78cdf95b858b950fb039151de955122f5f5?s=96&d=mm&r=g\",\"caption\":\"Gol&amp;Pop\"},\"sameAs\":[\"http:\/\/golandpop.com\"],\"url\":\"https:\/\/golandpop.com\/index.php\/author\/admin\/\"}]}<\/script>\n<!-- \/ Yoast SEO plugin. -->","yoast_head_json":{"title":"Primera Nacional: el fixture completo de Belgrano - Golandpop","robots":{"index":"index","follow":"follow","max-snippet":"max-snippet:-1","max-image-preview":"max-image-preview:large","max-video-preview":"max-video-preview:-1"},"canonical":"https:\/\/golandpop.com\/index.php\/2022\/01\/13\/primera-nacional-el-fixture-completo-de-belgrano\/","og_locale":"es_ES","og_type":"article","og_title":"Primera Nacional: el fixture completo de Belgrano - Golandpop","og_description":"El Pirata debutar\u00e1 ante la Crema. El cl\u00e1sico ante Instituto se jugar\u00e1 en Alberdi en la fecha 30.","og_url":"https:\/\/golandpop.com\/index.php\/2022\/01\/13\/primera-nacional-el-fixture-completo-de-belgrano\/","og_site_name":"Golandpop","article_published_time":"2022-01-13T17:20:26+00:00","article_modified_time":"2022-01-13T17:20:31+00:00","og_image":[{"width":1785,"height":1190,"url":"https:\/\/golandpop.com\/wp-content\/uploads\/2022\/01\/250946955_429049771911080_4325823832440249136_n.jpg","type":"image\/jpeg"}],"author":"Gol&amp;Pop","twitter_card":"summary_large_image","twitter_creator":"@golandpop","twitter_site":"@golandpop","twitter_misc":{"Escrito por":"Gol&amp;Pop","Tiempo de lectura":"2 minutos"},"schema":{"@context":"https:\/\/schema.org","@graph":[{"@type":"Article","@id":"https:\/\/golandpop.com\/index.php\/2022\/01\/13\/primera-nacional-el-fixture-completo-de-belgrano\/#article","isPartOf":{"@id":"https:\/\/golandpop.com\/index.php\/2022\/01\/13\/primera-nacional-el-fixture-completo-de-belgrano\/"},"author":{"name":"Gol&amp;Pop","@id":"https:\/\/golandpop.com\/#\/schema\/person\/2809725861e0da25eaffe2d9b29c9613"},"headline":"Primera Nacional: el fixture completo de Belgrano","datePublished":"2022-01-13T17:20:26+00:00","dateModified":"2022-01-13T17:20:31+00:00","mainEntityOfPage":{"@id":"https:\/\/golandpop.com\/index.php\/2022\/01\/13\/primera-nacional-el-fixture-completo-de-belgrano\/"},"wordCount":439,"commentCount":0,"publisher":{"@id":"https:\/\/golandpop.com\/#organization"},"image":{"@id":"https:\/\/golandpop.com\/index.php\/2022\/01\/13\/primera-nacional-el-fixture-completo-de-belgrano\/#primaryimage"},"thumbnailUrl":"https:\/\/golandpop.com\/wp-content\/uploads\/2022\/01\/250946955_429049771911080_4325823832440249136_n.jpg","keywords":["B Nacional","Belgrano","portada","Primera Nacional"],"articleSection":["Belgrano"],"inLanguage":"es-AR"},{"@type":"WebPage","@id":"https:\/\/golandpop.com\/index.php\/2022\/01\/13\/primera-nacional-el-fixture-completo-de-belgrano\/","url":"https:\/\/golandpop.com\/index.php\/2022\/01\/13\/primera-nacional-el-fixture-completo-de-belgrano\/","name":"Primera Nacional: el fixture completo de Belgrano - Golandpop","isPartOf":{"@id":"https:\/\/golandpop.com\/#website"},"primaryImageOfPage":{"@id":"https:\/\/golandpop.com\/index.php\/2022\/01\/13\/primera-nacional-el-fixture-completo-de-belgrano\/#primaryimage"},"image":{"@id":"https:\/\/golandpop.com\/index.php\/2022\/01\/13\/primera-nacional-el-fixture-completo-de-belgrano\/#primaryimage"},"thumbnailUrl":"https:\/\/golandpop.com\/wp-content\/uploads\/2022\/01\/250946955_429049771911080_4325823832440249136_n.jpg","datePublished":"2022-01-13T17:20:26+00:00","dateModified":"2022-01-13T17:20:31+00:00","breadcrumb":{"@id":"https:\/\/golandpop.com\/index.php\/2022\/01\/13\/primera-nacional-el-fixture-completo-de-belgrano\/#breadcrumb"},"inLanguage":"es-AR","potentialAction":[{"@type":"ReadAction","target":["https:\/\/golandpop.com\/index.php\/2022\/01\/13\/primera-nacional-el-fixture-completo-de-belgrano\/"]}]},{"@type":"ImageObject","inLanguage":"es-AR","@id":"https:\/\/golandpop.com\/index.php\/2022\/01\/13\/primera-nacional-el-fixture-completo-de-belgrano\/#primaryimage","url":"https:\/\/golandpop.com\/wp-content\/uploads\/2022\/01\/250946955_429049771911080_4325823832440249136_n.jpg","contentUrl":"https:\/\/golandpop.com\/wp-content\/uploads\/2022\/01\/250946955_429049771911080_4325823832440249136_n.jpg","width":1785,"height":1190,"caption":"Foto: Prensa Belgrano."},{"@type":"BreadcrumbList","@id":"https:\/\/golandpop.com\/index.php\/2022\/01\/13\/primera-nacional-el-fixture-completo-de-belgrano\/#breadcrumb","itemListElement":[{"@type":"ListItem","position":1,"name":"Inicio","item":"https:\/\/golandpop.com\/"},{"@type":"ListItem","position":2,"name":"Primera Nacional: el fixture completo de Belgrano"}]},{"@type":"WebSite","@id":"https:\/\/golandpop.com\/#website","url":"https:\/\/golandpop.com\/","name":"Golandpop","description":"","publisher":{"@id":"https:\/\/golandpop.com\/#organization"},"potentialAction":[{"@type":"SearchAction","target":{"@type":"EntryPoint","urlTemplate":"https:\/\/golandpop.com\/?s={search_term_string}"},"query-input":{"@type":"PropertyValueSpecification","valueRequired":true,"valueName":"search_term_string"}}],"inLanguage":"es-AR"},{"@type":"Organization","@id":"https:\/\/golandpop.com\/#organization","name":"GolandPop","url":"https:\/\/golandpop.com\/","logo":{"@type":"ImageObject","inLanguage":"es-AR","@id":"https:\/\/golandpop.com\/#\/schema\/logo\/image\/","url":"https:\/\/golandpop.com\/wp-content\/uploads\/2020\/04\/favicon_gol_pop.png","contentUrl":"https:\/\/golandpop.com\/wp-content\/uploads\/2020\/04\/favicon_gol_pop.png","width":246,"height":246,"caption":"GolandPop"},"image":{"@id":"https:\/\/golandpop.com\/#\/schema\/logo\/image\/"},"sameAs":["https:\/\/x.com\/golandpop","https:\/\/www.instagram.com\/golandpopcordoba\/"]},{"@type":"Person","@id":"https:\/\/golandpop.com\/#\/schema\/person\/2809725861e0da25eaffe2d9b29c9613","name":"Gol&amp;Pop","image":{"@type":"ImageObject","inLanguage":"es-AR","@id":"https:\/\/golandpop.com\/#\/schema\/person\/image\/","url":"https:\/\/secure.gravatar.com\/avatar\/9a87ee051ca8c77f5d4070843ce2c78cdf95b858b950fb039151de955122f5f5?s=96&d=mm&r=g","contentUrl":"https:\/\/secure.gravatar.com\/avatar\/9a87ee051ca8c77f5d4070843ce2c78cdf95b858b950fb039151de955122f5f5?s=96&d=mm&r=g","caption":"Gol&amp;Pop"},"sameAs":["http:\/\/golandpop.com"],"url":"https:\/\/golandpop.com\/index.php\/author\/admin\/"}]}},"_links":{"self":[{"href":"https:\/\/golandpop.com\/index.php\/wp-json\/wp\/v2\/posts\/16029","targetHints":{"allow":["GET"]}}],"collection":[{"href":"https:\/\/golandpop.com\/index.php\/wp-json\/wp\/v2\/posts"}],"about":[{"href":"https:\/\/golandpop.com\/index.php\/wp-json\/wp\/v2\/types\/post"}],"author":[{"embeddable":true,"href":"https:\/\/golandpop.com\/index.php\/wp-json\/wp\/v2\/users\/1"}],"replies":[{"embeddable":true,"href":"https:\/\/golandpop.com\/index.php\/wp-json\/wp\/v2\/comments?post=16029"}],"version-history":[{"count":1,"href":"https:\/\/golandpop.com\/index.php\/wp-json\/wp\/v2\/posts\/16029\/revisions"}],"predecessor-version":[{"id":16031,"href":"https:\/\/golandpop.com\/index.php\/wp-json\/wp\/v2\/posts\/16029\/revisions\/16031"}],"wp:featuredmedia":[{"embeddable":true,"href":"https:\/\/golandpop.com\/index.php\/wp-json\/wp\/v2\/media\/16030"}],"wp:attachment":[{"href":"https:\/\/golandpop.com\/index.php\/wp-json\/wp\/v2\/media?parent=16029"}],"wp:term":[{"taxonomy":"category","embeddable":true,"href":"https:\/\/golandpop.com\/index.php\/wp-json\/wp\/v2\/categories?post=16029"},{"taxonomy":"post_tag","embeddable":true,"href":"https:\/\/golandpop.com\/index.php\/wp-json\/wp\/v2\/tags?post=16029"}],"curies":[{"name":"wp","href":"https:\/\/api.w.org\/{rel}","templated":true}]}}