{"id":14923,"date":"2021-11-08T13:47:18","date_gmt":"2021-11-08T16:47:18","guid":{"rendered":"https:\/\/golandpop.com\/?p=14923"},"modified":"2021-11-08T13:48:48","modified_gmt":"2021-11-08T16:48:48","slug":"el-super-tc2000-volvio-al-cabalen","status":"publish","type":"post","link":"https:\/\/golandpop.com\/index.php\/2021\/11\/08\/el-super-tc2000-volvio-al-cabalen\/","title":{"rendered":"EL SUPER TC2000 VOLVI\u00d3 AL CABALEN"},"content":{"rendered":"\n<p><em>Por segunda vez en el a\u00f1o la categor\u00eda mas tecnol\u00f3gica de Sudam\u00e9rica se present\u00f3 en el aut\u00f3dromo de Alta Gracia ante una multitud.<\/em><\/p>\n\n\n\n<p>Fue un fin de semana de puro automovilismo. Acompa\u00f1ado por el <a href=\"https:\/\/tc2000.com.ar\/\">TC2000<\/a> y la <a href=\"https:\/\/formulas-argentinas.com.ar\/\">Formula Renault 2.0<\/a>, el &#8220;Super&#8221; volvi\u00f3 a C\u00f3rdoba con una carrera bastante pol\u00e9mica. <\/p>\n\n\n\n<p>Pese a que la final del domingo fue el centro de atenci\u00f3n de los fan\u00e1ticos, la actividad del s\u00e1bado empez\u00f3 muy disputada. <a href=\"http:\/\/@AgustinCanapino\">Agust\u00edn Canapino<\/a> (Chevrolet) y <a href=\"http:\/\/@leonelpernia\">Leonel Pern\u00eda<\/a> (Renault) como m\u00e1ximos aspirantes al titulo, llegaban a Alta Gracia muy apretados en la pelea por el campeonato. <\/p>\n\n\n\n<p>Con este escenario caliente, <strong>Leonel Pern\u00eda toc\u00f3 en la carrera sprint al poleman <a href=\"http:\/\/@BerniLlaver\">Bernardo Llaver<\/a> <\/strong>(Chevrolet) y desat\u00f3 una nueva pol\u00e9mica. El equipo Chevrolet no tard\u00f3 en denunciar a los comisarios deportivos y el &#8220;Tano&#8221; fue penalizado.<\/p>\n\n\n\n<p>Ya el domingo con un escenario repleto, luego de las interesantes <a href=\"https:\/\/golandpop.com\/index.php\/category\/automovilismo\/\">carreras<\/a> de las categor\u00edas teloneras, el Super largaba su final con el ex Formula 1 Rubens Barrichello en el primer caj\u00f3n de partida. <strong>En la lucha por el campeonato, Canapino largaba 4\u00b0 mientras que Pern\u00eda lo hacia desde el 6\u00b0 lugar<\/strong> por el recargo del d\u00eda anterior.<\/p>\n\n\n\n<figure class=\"wp-block-image size-large\"><img fetchpriority=\"high\" decoding=\"async\" width=\"985\" height=\"653\" src=\"https:\/\/golandpop.com\/wp-content\/uploads\/2021\/11\/d6fe5ca2-7254-4f1a-a38a-8a96fb53b56b.jpg\" alt=\"\" class=\"wp-image-14931\" srcset=\"https:\/\/golandpop.com\/wp-content\/uploads\/2021\/11\/d6fe5ca2-7254-4f1a-a38a-8a96fb53b56b.jpg 985w, https:\/\/golandpop.com\/wp-content\/uploads\/2021\/11\/d6fe5ca2-7254-4f1a-a38a-8a96fb53b56b-300x199.jpg 300w, https:\/\/golandpop.com\/wp-content\/uploads\/2021\/11\/d6fe5ca2-7254-4f1a-a38a-8a96fb53b56b-768x509.jpg 768w\" sizes=\"(max-width: 985px) 100vw, 985px\" \/><figcaption><em>Barrichello picaba en punta pero luego iba a ser sancionado con un pase y siga por boxes.<\/em><\/figcaption><\/figure>\n\n\n\n<p><\/p>\n\n\n\n<p>Las disputas no tardaron en llegar. Barrichello se afianzaba en el primer lugar pero fue penalizado por adelantamiento en la salida. Bernardo Llaver tom\u00f3 la posici\u00f3n que dejaba el brasilero para hacerse due\u00f1o de la carrera. Lo mas interesante pasaba por el duelo entre los aspirantes al titulo. Favorecidos por algunos toques, Pern\u00eda llegaba hasta el segundo lugar mientras que Canapino lo corr\u00eda de atr\u00e1s. Empujado por la gente, el de Arrecifes fue a la caza del &#8220;Tano&#8221; pero no le alcanz\u00f3.<\/p>\n\n\n\n<p>Finalmente Llaver, Pern\u00eda y Canapino fueron al podio. Chevrolet festejaba un 1-3 que lo dejaba muy bien parado de cara a la ultima fecha con Canapino llegando como l\u00edder a la ultima cita en el G\u00e1lvez de Buenos Aires.<\/p>\n\n\n\n<h4 class=\"wp-block-heading\"><strong>El festejo de Chevrolet<\/strong><\/h4>\n\n\n\n<figure class=\"wp-block-embed-twitter wp-block-embed is-type-rich is-provider-twitter\"><div class=\"wp-block-embed__wrapper\">\n<blockquote class=\"twitter-tweet\" data-width=\"550\" data-dnt=\"true\"><p lang=\"es\" dir=\"ltr\">\u00a1TRIUNFO con <a href=\"https:\/\/twitter.com\/BerniLlaver?ref_src=twsrc%5Etfw\">@BerniLlaver<\/a>! \ud83c\udfc6\u270a\ud83d\ude00<br>\u00a1PODIO con <a href=\"https:\/\/twitter.com\/AgustinCanapino?ref_src=twsrc%5Etfw\">@AgustinCanapino<\/a>! \ud83c\udfc6\ud83d\udcaa\ud83d\ude01<br><br>Excelente 1-3 del equipo en la final de <a href=\"https:\/\/twitter.com\/hashtag\/STC2000Cordoba?src=hash&amp;ref_src=twsrc%5Etfw\">#STC2000Cordoba<\/a> \ud83d\udc4f\ud83d\udc4f\ud83d\udc4f<br><br>\u26a0\ufe0f Resultados sujetos a confirmaci\u00f3n oficial.<a href=\"https:\/\/twitter.com\/ChevroletArg?ref_src=twsrc%5Etfw\">@ChevroletArg<\/a> | <a href=\"https:\/\/twitter.com\/YPFoficial?ref_src=twsrc%5Etfw\">@YPFoficial<\/a> | <a href=\"https:\/\/twitter.com\/Banco_Patagonia?ref_src=twsrc%5Etfw\">@Banco_Patagonia<\/a> <a href=\"https:\/\/t.co\/oz1pur93VX\">pic.twitter.com\/oz1pur93VX<\/a><\/p>&mdash; Equipo CHEVROLET YPF (@EquipoChevrolet) <a href=\"https:\/\/twitter.com\/EquipoChevrolet\/status\/1457374222888673290?ref_src=twsrc%5Etfw\">November 7, 2021<\/a><\/blockquote><script async src=\"https:\/\/platform.twitter.com\/widgets.js\" charset=\"utf-8\"><\/script>\n<\/div><\/figure>\n\n\n\n<h4 class=\"wp-block-heading\"><strong>Mas pol\u00e9mica<\/strong><\/h4>\n\n\n\n<p><em>Pero cuando la gente ya se hab\u00eda retirado del aut\u00f3dromo y el &#8220;Mo\u00f1o&#8221; festejaba, aparecer\u00eda una nueva discusi\u00f3n, la mas grande del fin de semana.<\/em><\/p>\n\n\n\n<p><strong>El equipo Renault denuncio ante los comisarios deportivos a Agust\u00edn Canapino por adelantamiento en la largada<\/strong> adjuntando un video. Los jueces hicieron lugar al reclamo y luego de algunas horas de an\u00e1lisis terminaron comprobando que el Chevrolet N\u00b086 estaba 0,4mm adelantado.<\/p>\n\n\n\n<p>Por este motivo, <strong>Canapino, que hab\u00eda terminado tercero, fue recargado con 5 segundos<\/strong>. <strong>Situaci\u00f3n que lo dej\u00f3 en el cuarto lugar por detr\u00e1s de Facundo Ardusso<\/strong>. La decisi\u00f3n provoc\u00f3  mucho enojo en el &#8220;Titan&#8221; y en el equipo Chevrolet pero tambi\u00e9n en los fan\u00e1ticos que una vez mas se retiraron del aut\u00f3dromo con un resultado que horas mas tarde fue modificado.<\/p>\n\n\n\n<figure class=\"wp-block-embed-twitter wp-block-embed is-type-rich is-provider-twitter\"><div class=\"wp-block-embed__wrapper\">\n<blockquote class=\"twitter-tweet\" data-width=\"550\" data-dnt=\"true\"><p lang=\"es\" dir=\"ltr\">Podio final <a href=\"https:\/\/twitter.com\/Pirelli_Ar?ref_src=twsrc%5Etfw\">@Pirelli_Ar<\/a> \ud83d\udfe1<a href=\"https:\/\/twitter.com\/hashtag\/STC2000Cordoba?src=hash&amp;ref_src=twsrc%5Etfw\">#STC2000Cordoba<\/a> <a href=\"https:\/\/t.co\/VUjiPM6C7U\">pic.twitter.com\/VUjiPM6C7U<\/a><\/p>&mdash; S\u00faper TC2000 (@SuperTC2000) <a href=\"https:\/\/twitter.com\/SuperTC2000\/status\/1457405626531958790?ref_src=twsrc%5Etfw\">November 7, 2021<\/a><\/blockquote><script async src=\"https:\/\/platform.twitter.com\/widgets.js\" charset=\"utf-8\"><\/script>\n<\/div><\/figure>\n\n\n\n<p>La ultima fecha ser\u00e1 el pr\u00f3ximo 28 de noviembre en Buenos Aires,  con Canapino aventajando a Pern\u00eda por 15 puntos en la lucha por el campeonato.<\/p>\n","protected":false},"excerpt":{"rendered":"<p>Sonido del bueno<\/p>\n","protected":false},"author":1,"featured_media":14929,"comment_status":"open","ping_status":"open","sticky":false,"template":"","format":"standard","meta":{"footnotes":""},"categories":[777,31],"tags":[453,987,1230,454,950,1155,1154],"class_list":["post-14923","post","type-post","status-publish","format-standard","has-post-thumbnail","hentry","category-actualidad","category-automovilismo","tag-agustin-canapino","tag-automovilismo-2","tag-chevrolet","tag-leonel-pernia","tag-portada","tag-renault","tag-supertc2000-2"],"yoast_head":"<!-- This site is optimized with the Yoast SEO plugin v26.1.1 - https:\/\/yoast.com\/wordpress\/plugins\/seo\/ -->\n<title>EL SUPER TC2000 VOLVI\u00d3 AL CABALEN - Golandpop<\/title>\n<meta name=\"robots\" content=\"index, follow, max-snippet:-1, max-image-preview:large, max-video-preview:-1\" \/>\n<link rel=\"canonical\" href=\"https:\/\/golandpop.com\/index.php\/2021\/11\/08\/el-super-tc2000-volvio-al-cabalen\/\" \/>\n<meta property=\"og:locale\" content=\"es_ES\" \/>\n<meta property=\"og:type\" content=\"article\" \/>\n<meta property=\"og:title\" content=\"EL SUPER TC2000 VOLVI\u00d3 AL CABALEN - Golandpop\" \/>\n<meta property=\"og:description\" content=\"Sonido del bueno\" \/>\n<meta property=\"og:url\" content=\"https:\/\/golandpop.com\/index.php\/2021\/11\/08\/el-super-tc2000-volvio-al-cabalen\/\" \/>\n<meta property=\"og:site_name\" content=\"Golandpop\" \/>\n<meta property=\"article:published_time\" content=\"2021-11-08T16:47:18+00:00\" \/>\n<meta property=\"article:modified_time\" content=\"2021-11-08T16:48:48+00:00\" \/>\n<meta property=\"og:image\" content=\"https:\/\/golandpop.com\/wp-content\/uploads\/2021\/11\/0dbcd4ae-fc67-41d8-aaca-30d66f64682f-e1636390120401.jpg\" \/>\n\t<meta property=\"og:image:width\" content=\"899\" \/>\n\t<meta property=\"og:image:height\" content=\"487\" \/>\n\t<meta property=\"og:image:type\" content=\"image\/jpeg\" \/>\n<meta name=\"author\" content=\"Gol&amp;Pop\" \/>\n<meta name=\"twitter:card\" content=\"summary_large_image\" \/>\n<meta name=\"twitter:creator\" content=\"@golandpop\" \/>\n<meta name=\"twitter:site\" content=\"@golandpop\" \/>\n<meta name=\"twitter:label1\" content=\"Escrito por\" \/>\n\t<meta name=\"twitter:data1\" content=\"Gol&amp;Pop\" \/>\n\t<meta name=\"twitter:label2\" content=\"Tiempo de lectura\" \/>\n\t<meta name=\"twitter:data2\" content=\"3 minutos\" \/>\n<script type=\"application\/ld+json\" class=\"yoast-schema-graph\">{\"@context\":\"https:\/\/schema.org\",\"@graph\":[{\"@type\":\"Article\",\"@id\":\"https:\/\/golandpop.com\/index.php\/2021\/11\/08\/el-super-tc2000-volvio-al-cabalen\/#article\",\"isPartOf\":{\"@id\":\"https:\/\/golandpop.com\/index.php\/2021\/11\/08\/el-super-tc2000-volvio-al-cabalen\/\"},\"author\":{\"name\":\"Gol&amp;Pop\",\"@id\":\"https:\/\/golandpop.com\/#\/schema\/person\/2809725861e0da25eaffe2d9b29c9613\"},\"headline\":\"EL SUPER TC2000 VOLVI\u00d3 AL CABALEN\",\"datePublished\":\"2021-11-08T16:47:18+00:00\",\"dateModified\":\"2021-11-08T16:48:48+00:00\",\"mainEntityOfPage\":{\"@id\":\"https:\/\/golandpop.com\/index.php\/2021\/11\/08\/el-super-tc2000-volvio-al-cabalen\/\"},\"wordCount\":542,\"commentCount\":0,\"publisher\":{\"@id\":\"https:\/\/golandpop.com\/#organization\"},\"image\":{\"@id\":\"https:\/\/golandpop.com\/index.php\/2021\/11\/08\/el-super-tc2000-volvio-al-cabalen\/#primaryimage\"},\"thumbnailUrl\":\"https:\/\/golandpop.com\/wp-content\/uploads\/2021\/11\/0dbcd4ae-fc67-41d8-aaca-30d66f64682f-e1636390120401.jpg\",\"keywords\":[\"Agust\u00edn Canapino\",\"automovilismo\",\"Chevrolet\",\"Leonel Pern\u00eda\",\"portada\",\"Renault\",\"SuperTC2000\"],\"articleSection\":[\"Actualidad\",\"Motores\"],\"inLanguage\":\"es-AR\"},{\"@type\":\"WebPage\",\"@id\":\"https:\/\/golandpop.com\/index.php\/2021\/11\/08\/el-super-tc2000-volvio-al-cabalen\/\",\"url\":\"https:\/\/golandpop.com\/index.php\/2021\/11\/08\/el-super-tc2000-volvio-al-cabalen\/\",\"name\":\"EL SUPER TC2000 VOLVI\u00d3 AL CABALEN - Golandpop\",\"isPartOf\":{\"@id\":\"https:\/\/golandpop.com\/#website\"},\"primaryImageOfPage\":{\"@id\":\"https:\/\/golandpop.com\/index.php\/2021\/11\/08\/el-super-tc2000-volvio-al-cabalen\/#primaryimage\"},\"image\":{\"@id\":\"https:\/\/golandpop.com\/index.php\/2021\/11\/08\/el-super-tc2000-volvio-al-cabalen\/#primaryimage\"},\"thumbnailUrl\":\"https:\/\/golandpop.com\/wp-content\/uploads\/2021\/11\/0dbcd4ae-fc67-41d8-aaca-30d66f64682f-e1636390120401.jpg\",\"datePublished\":\"2021-11-08T16:47:18+00:00\",\"dateModified\":\"2021-11-08T16:48:48+00:00\",\"breadcrumb\":{\"@id\":\"https:\/\/golandpop.com\/index.php\/2021\/11\/08\/el-super-tc2000-volvio-al-cabalen\/#breadcrumb\"},\"inLanguage\":\"es-AR\",\"potentialAction\":[{\"@type\":\"ReadAction\",\"target\":[\"https:\/\/golandpop.com\/index.php\/2021\/11\/08\/el-super-tc2000-volvio-al-cabalen\/\"]}]},{\"@type\":\"ImageObject\",\"inLanguage\":\"es-AR\",\"@id\":\"https:\/\/golandpop.com\/index.php\/2021\/11\/08\/el-super-tc2000-volvio-al-cabalen\/#primaryimage\",\"url\":\"https:\/\/golandpop.com\/wp-content\/uploads\/2021\/11\/0dbcd4ae-fc67-41d8-aaca-30d66f64682f-e1636390120401.jpg\",\"contentUrl\":\"https:\/\/golandpop.com\/wp-content\/uploads\/2021\/11\/0dbcd4ae-fc67-41d8-aaca-30d66f64682f-e1636390120401.jpg\",\"width\":899,\"height\":487},{\"@type\":\"BreadcrumbList\",\"@id\":\"https:\/\/golandpop.com\/index.php\/2021\/11\/08\/el-super-tc2000-volvio-al-cabalen\/#breadcrumb\",\"itemListElement\":[{\"@type\":\"ListItem\",\"position\":1,\"name\":\"Inicio\",\"item\":\"https:\/\/golandpop.com\/\"},{\"@type\":\"ListItem\",\"position\":2,\"name\":\"EL SUPER TC2000 VOLVI\u00d3 AL CABALEN\"}]},{\"@type\":\"WebSite\",\"@id\":\"https:\/\/golandpop.com\/#website\",\"url\":\"https:\/\/golandpop.com\/\",\"name\":\"Golandpop\",\"description\":\"\",\"publisher\":{\"@id\":\"https:\/\/golandpop.com\/#organization\"},\"potentialAction\":[{\"@type\":\"SearchAction\",\"target\":{\"@type\":\"EntryPoint\",\"urlTemplate\":\"https:\/\/golandpop.com\/?s={search_term_string}\"},\"query-input\":{\"@type\":\"PropertyValueSpecification\",\"valueRequired\":true,\"valueName\":\"search_term_string\"}}],\"inLanguage\":\"es-AR\"},{\"@type\":\"Organization\",\"@id\":\"https:\/\/golandpop.com\/#organization\",\"name\":\"GolandPop\",\"url\":\"https:\/\/golandpop.com\/\",\"logo\":{\"@type\":\"ImageObject\",\"inLanguage\":\"es-AR\",\"@id\":\"https:\/\/golandpop.com\/#\/schema\/logo\/image\/\",\"url\":\"https:\/\/golandpop.com\/wp-content\/uploads\/2020\/04\/favicon_gol_pop.png\",\"contentUrl\":\"https:\/\/golandpop.com\/wp-content\/uploads\/2020\/04\/favicon_gol_pop.png\",\"width\":246,\"height\":246,\"caption\":\"GolandPop\"},\"image\":{\"@id\":\"https:\/\/golandpop.com\/#\/schema\/logo\/image\/\"},\"sameAs\":[\"https:\/\/x.com\/golandpop\",\"https:\/\/www.instagram.com\/golandpopcordoba\/\"]},{\"@type\":\"Person\",\"@id\":\"https:\/\/golandpop.com\/#\/schema\/person\/2809725861e0da25eaffe2d9b29c9613\",\"name\":\"Gol&amp;Pop\",\"image\":{\"@type\":\"ImageObject\",\"inLanguage\":\"es-AR\",\"@id\":\"https:\/\/golandpop.com\/#\/schema\/person\/image\/\",\"url\":\"https:\/\/secure.gravatar.com\/avatar\/9a87ee051ca8c77f5d4070843ce2c78cdf95b858b950fb039151de955122f5f5?s=96&d=mm&r=g\",\"contentUrl\":\"https:\/\/secure.gravatar.com\/avatar\/9a87ee051ca8c77f5d4070843ce2c78cdf95b858b950fb039151de955122f5f5?s=96&d=mm&r=g\",\"caption\":\"Gol&amp;Pop\"},\"sameAs\":[\"http:\/\/golandpop.com\"],\"url\":\"https:\/\/golandpop.com\/index.php\/author\/admin\/\"}]}<\/script>\n<!-- \/ Yoast SEO plugin. -->","yoast_head_json":{"title":"EL SUPER TC2000 VOLVI\u00d3 AL CABALEN - Golandpop","robots":{"index":"index","follow":"follow","max-snippet":"max-snippet:-1","max-image-preview":"max-image-preview:large","max-video-preview":"max-video-preview:-1"},"canonical":"https:\/\/golandpop.com\/index.php\/2021\/11\/08\/el-super-tc2000-volvio-al-cabalen\/","og_locale":"es_ES","og_type":"article","og_title":"EL SUPER TC2000 VOLVI\u00d3 AL CABALEN - Golandpop","og_description":"Sonido del bueno","og_url":"https:\/\/golandpop.com\/index.php\/2021\/11\/08\/el-super-tc2000-volvio-al-cabalen\/","og_site_name":"Golandpop","article_published_time":"2021-11-08T16:47:18+00:00","article_modified_time":"2021-11-08T16:48:48+00:00","og_image":[{"width":899,"height":487,"url":"https:\/\/golandpop.com\/wp-content\/uploads\/2021\/11\/0dbcd4ae-fc67-41d8-aaca-30d66f64682f-e1636390120401.jpg","type":"image\/jpeg"}],"author":"Gol&amp;Pop","twitter_card":"summary_large_image","twitter_creator":"@golandpop","twitter_site":"@golandpop","twitter_misc":{"Escrito por":"Gol&amp;Pop","Tiempo de lectura":"3 minutos"},"schema":{"@context":"https:\/\/schema.org","@graph":[{"@type":"Article","@id":"https:\/\/golandpop.com\/index.php\/2021\/11\/08\/el-super-tc2000-volvio-al-cabalen\/#article","isPartOf":{"@id":"https:\/\/golandpop.com\/index.php\/2021\/11\/08\/el-super-tc2000-volvio-al-cabalen\/"},"author":{"name":"Gol&amp;Pop","@id":"https:\/\/golandpop.com\/#\/schema\/person\/2809725861e0da25eaffe2d9b29c9613"},"headline":"EL SUPER TC2000 VOLVI\u00d3 AL CABALEN","datePublished":"2021-11-08T16:47:18+00:00","dateModified":"2021-11-08T16:48:48+00:00","mainEntityOfPage":{"@id":"https:\/\/golandpop.com\/index.php\/2021\/11\/08\/el-super-tc2000-volvio-al-cabalen\/"},"wordCount":542,"commentCount":0,"publisher":{"@id":"https:\/\/golandpop.com\/#organization"},"image":{"@id":"https:\/\/golandpop.com\/index.php\/2021\/11\/08\/el-super-tc2000-volvio-al-cabalen\/#primaryimage"},"thumbnailUrl":"https:\/\/golandpop.com\/wp-content\/uploads\/2021\/11\/0dbcd4ae-fc67-41d8-aaca-30d66f64682f-e1636390120401.jpg","keywords":["Agust\u00edn Canapino","automovilismo","Chevrolet","Leonel Pern\u00eda","portada","Renault","SuperTC2000"],"articleSection":["Actualidad","Motores"],"inLanguage":"es-AR"},{"@type":"WebPage","@id":"https:\/\/golandpop.com\/index.php\/2021\/11\/08\/el-super-tc2000-volvio-al-cabalen\/","url":"https:\/\/golandpop.com\/index.php\/2021\/11\/08\/el-super-tc2000-volvio-al-cabalen\/","name":"EL SUPER TC2000 VOLVI\u00d3 AL CABALEN - Golandpop","isPartOf":{"@id":"https:\/\/golandpop.com\/#website"},"primaryImageOfPage":{"@id":"https:\/\/golandpop.com\/index.php\/2021\/11\/08\/el-super-tc2000-volvio-al-cabalen\/#primaryimage"},"image":{"@id":"https:\/\/golandpop.com\/index.php\/2021\/11\/08\/el-super-tc2000-volvio-al-cabalen\/#primaryimage"},"thumbnailUrl":"https:\/\/golandpop.com\/wp-content\/uploads\/2021\/11\/0dbcd4ae-fc67-41d8-aaca-30d66f64682f-e1636390120401.jpg","datePublished":"2021-11-08T16:47:18+00:00","dateModified":"2021-11-08T16:48:48+00:00","breadcrumb":{"@id":"https:\/\/golandpop.com\/index.php\/2021\/11\/08\/el-super-tc2000-volvio-al-cabalen\/#breadcrumb"},"inLanguage":"es-AR","potentialAction":[{"@type":"ReadAction","target":["https:\/\/golandpop.com\/index.php\/2021\/11\/08\/el-super-tc2000-volvio-al-cabalen\/"]}]},{"@type":"ImageObject","inLanguage":"es-AR","@id":"https:\/\/golandpop.com\/index.php\/2021\/11\/08\/el-super-tc2000-volvio-al-cabalen\/#primaryimage","url":"https:\/\/golandpop.com\/wp-content\/uploads\/2021\/11\/0dbcd4ae-fc67-41d8-aaca-30d66f64682f-e1636390120401.jpg","contentUrl":"https:\/\/golandpop.com\/wp-content\/uploads\/2021\/11\/0dbcd4ae-fc67-41d8-aaca-30d66f64682f-e1636390120401.jpg","width":899,"height":487},{"@type":"BreadcrumbList","@id":"https:\/\/golandpop.com\/index.php\/2021\/11\/08\/el-super-tc2000-volvio-al-cabalen\/#breadcrumb","itemListElement":[{"@type":"ListItem","position":1,"name":"Inicio","item":"https:\/\/golandpop.com\/"},{"@type":"ListItem","position":2,"name":"EL SUPER TC2000 VOLVI\u00d3 AL CABALEN"}]},{"@type":"WebSite","@id":"https:\/\/golandpop.com\/#website","url":"https:\/\/golandpop.com\/","name":"Golandpop","description":"","publisher":{"@id":"https:\/\/golandpop.com\/#organization"},"potentialAction":[{"@type":"SearchAction","target":{"@type":"EntryPoint","urlTemplate":"https:\/\/golandpop.com\/?s={search_term_string}"},"query-input":{"@type":"PropertyValueSpecification","valueRequired":true,"valueName":"search_term_string"}}],"inLanguage":"es-AR"},{"@type":"Organization","@id":"https:\/\/golandpop.com\/#organization","name":"GolandPop","url":"https:\/\/golandpop.com\/","logo":{"@type":"ImageObject","inLanguage":"es-AR","@id":"https:\/\/golandpop.com\/#\/schema\/logo\/image\/","url":"https:\/\/golandpop.com\/wp-content\/uploads\/2020\/04\/favicon_gol_pop.png","contentUrl":"https:\/\/golandpop.com\/wp-content\/uploads\/2020\/04\/favicon_gol_pop.png","width":246,"height":246,"caption":"GolandPop"},"image":{"@id":"https:\/\/golandpop.com\/#\/schema\/logo\/image\/"},"sameAs":["https:\/\/x.com\/golandpop","https:\/\/www.instagram.com\/golandpopcordoba\/"]},{"@type":"Person","@id":"https:\/\/golandpop.com\/#\/schema\/person\/2809725861e0da25eaffe2d9b29c9613","name":"Gol&amp;Pop","image":{"@type":"ImageObject","inLanguage":"es-AR","@id":"https:\/\/golandpop.com\/#\/schema\/person\/image\/","url":"https:\/\/secure.gravatar.com\/avatar\/9a87ee051ca8c77f5d4070843ce2c78cdf95b858b950fb039151de955122f5f5?s=96&d=mm&r=g","contentUrl":"https:\/\/secure.gravatar.com\/avatar\/9a87ee051ca8c77f5d4070843ce2c78cdf95b858b950fb039151de955122f5f5?s=96&d=mm&r=g","caption":"Gol&amp;Pop"},"sameAs":["http:\/\/golandpop.com"],"url":"https:\/\/golandpop.com\/index.php\/author\/admin\/"}]}},"_links":{"self":[{"href":"https:\/\/golandpop.com\/index.php\/wp-json\/wp\/v2\/posts\/14923","targetHints":{"allow":["GET"]}}],"collection":[{"href":"https:\/\/golandpop.com\/index.php\/wp-json\/wp\/v2\/posts"}],"about":[{"href":"https:\/\/golandpop.com\/index.php\/wp-json\/wp\/v2\/types\/post"}],"author":[{"embeddable":true,"href":"https:\/\/golandpop.com\/index.php\/wp-json\/wp\/v2\/users\/1"}],"replies":[{"embeddable":true,"href":"https:\/\/golandpop.com\/index.php\/wp-json\/wp\/v2\/comments?post=14923"}],"version-history":[{"count":5,"href":"https:\/\/golandpop.com\/index.php\/wp-json\/wp\/v2\/posts\/14923\/revisions"}],"predecessor-version":[{"id":14937,"href":"https:\/\/golandpop.com\/index.php\/wp-json\/wp\/v2\/posts\/14923\/revisions\/14937"}],"wp:featuredmedia":[{"embeddable":true,"href":"https:\/\/golandpop.com\/index.php\/wp-json\/wp\/v2\/media\/14929"}],"wp:attachment":[{"href":"https:\/\/golandpop.com\/index.php\/wp-json\/wp\/v2\/media?parent=14923"}],"wp:term":[{"taxonomy":"category","embeddable":true,"href":"https:\/\/golandpop.com\/index.php\/wp-json\/wp\/v2\/categories?post=14923"},{"taxonomy":"post_tag","embeddable":true,"href":"https:\/\/golandpop.com\/index.php\/wp-json\/wp\/v2\/tags?post=14923"}],"curies":[{"name":"wp","href":"https:\/\/api.w.org\/{rel}","templated":true}]}}