{"id":14520,"date":"2021-10-13T09:31:23","date_gmt":"2021-10-13T12:31:23","guid":{"rendered":"https:\/\/golandpop.com\/?p=14520"},"modified":"2021-10-13T09:31:28","modified_gmt":"2021-10-13T12:31:28","slug":"un-idilio-de-seleccion","status":"publish","type":"post","link":"https:\/\/golandpop.com\/index.php\/2021\/10\/13\/un-idilio-de-seleccion\/","title":{"rendered":"Un idilio de Selecci\u00f3n"},"content":{"rendered":"\n<p><em>\u201cOjal\u00e1 dure much\u00edsimo tiempo\u201d: la renovada comuni\u00f3n entre el equipo<br>albiceleste y la gente y el deseo de Lionel Messi.<\/em><\/p>\n\n\n\n<p><strong>\u201cQuisiera que esto dure para siempre, casi tanto como una eternidad\u2026\u201d. <\/strong>Esta vez no fueron \u201cJuanse\u201d y Los Ratones Paranoicos. Quien hizo retumbar esas estrofas en la <a href=\"https:\/\/golandpop.com\/?s=Monumental\">cancha de River<\/a> fue nada menos que Lionel Messi, consagrado hace rato como mejor solista en el escenario del f\u00fatbol.<\/p>\n\n\n\n<p>\u201cLo de la gente es impresionante, cada vez es m\u00e1s lindo disfrutar esto. <strong>La comuni\u00f3n del equipo y la gente nos ayuda.<\/strong> Este envi\u00f3n ayuda much\u00edsimo. Es muy lindo que tengamos esa comuni\u00f3n y ojal\u00e1 que dure much\u00edsimo tiempo\u201d, fueron las palabras de \u201cla Pulga\u201d luego del 3-0 ante <a href=\"https:\/\/golandpop.com\/?s=Uruguay\">Uruguay<\/a>.<\/p>\n\n\n\n<p><a href=\"https:\/\/golandpop.com\/?s=Lionel+Messi\">Messi<\/a> acaba de romper un nuevo r\u00e9cord: marc\u00f3 <a href=\"https:\/\/golandpop.com\/?s=gol\">su gol n\u00famero 80<\/a> jugando para el seleccionado argentino. Se agradece la \u201cayuda\u201d del arquero Fernando Muslera, que acompa\u00f1\u00f3 el embate de Nicol\u00e1s Gonz\u00e1lez y se desentendi\u00f3 de un bal\u00f3n que llevaba el efecto m\u00e1gico de la zurda del \u201c10\u201d.<\/p>\n\n\n\n<p>Pero el capit\u00e1n del <a href=\"https:\/\/golandpop.com\/?s=seleccion+argentina\">seleccionado argentino<\/a> no se queda en esos n\u00fameros cada vez m\u00e1s impresionantes que acumula en su foja de servicios. Prefiere contar otros \u201cporotos\u201d: \u201cNos queda un partido m\u00e1s y sabemos que y\u00e9ndonos de esta triple fecha con siete puntos nos acomodamos muy bien\u201d, destac\u00f3 considerando el empate 1-1 contra Paraguay en Asunci\u00f3n y palpitando el encuentro del jueves en el Monumental frente a Per\u00fa.<\/p>\n\n\n\n<figure class=\"wp-block-image size-large\"><img fetchpriority=\"high\" decoding=\"async\" width=\"1024\" height=\"683\" src=\"https:\/\/golandpop.com\/wp-content\/uploads\/2021\/10\/ARGENTINA-MESSI-1024x683.jpg\" alt=\"\" class=\"wp-image-14521\" srcset=\"https:\/\/golandpop.com\/wp-content\/uploads\/2021\/10\/ARGENTINA-MESSI-1024x683.jpg 1024w, https:\/\/golandpop.com\/wp-content\/uploads\/2021\/10\/ARGENTINA-MESSI-300x200.jpg 300w, https:\/\/golandpop.com\/wp-content\/uploads\/2021\/10\/ARGENTINA-MESSI-768x512.jpg 768w, https:\/\/golandpop.com\/wp-content\/uploads\/2021\/10\/ARGENTINA-MESSI.jpg 1200w\" sizes=\"(max-width: 1024px) 100vw, 1024px\" \/><figcaption>COMUNI\u00d3N. Messi y la gente, un idilio que se afianz\u00f3 luego de la obtenci\u00f3n de la Copa Am\u00e9rica 2021.<\/figcaption><\/figure>\n\n\n\n<h4 class=\"wp-block-heading\">Aprobado en todo<\/h4>\n\n\n\n<p>Est\u00e1 en lo cierto la flamante estrella del <a href=\"https:\/\/golandpop.com\/?s=PSG\">PSG franc\u00e9s<\/a>: otra victoria le permitir\u00eda al representativo de la <a href=\"https:\/\/www.afa.com.ar\/es\/\">AFA<\/a> cantar 25 y quedar a dos puntos del \u201ccorte\u201d de la eliminatoria pasada, los 27 del cuarto puesto de Colombia. Y si se suman las tres unidades pendientes del ins\u00f3lito cl\u00e1sico de cinco minutos con Brasil en San Pablo -se especula que habr\u00e1 una resoluci\u00f3n a<br>fines de octubre y que podr\u00eda ser favorable al elenco albiceleste- la cosecha<br>igualar\u00eda a la del sinuoso camino hacia el Mundial de Rusia 2018.<\/p>\n\n\n\n<p>M\u00e1s all\u00e1 del esforzado aprobado en matem\u00e1ticas, le quedaron varias materias pendientes a aquella selecci\u00f3n que dirigieron sucesivamente Gerardo Martino, Edgardo Bauza y Jorge Sampaoli. El ciclo de <a href=\"https:\/\/golandpop.com\/?s=lionel+scaloni\">Lionel Scaloni<\/a> pinta muy diferente: a un a\u00f1o y pico de la cita mundialista hay resultados, hay equipo, hay funcionamiento, hay consensos sobre qui\u00e9nes<br>tienen que estar y hay empat\u00eda con la gente. No es poca cosa.<\/p>\n\n\n\n<p>M\u00e1s all\u00e1 de la exagerada, exitista y hasta oportunista met\u00e1fora de \u201cLa Scaloneta\u201d, \u00a1qu\u00e9 lejana qued\u00f3 aquella bizarra imagen de un DT del equipo argentino -en este caso, Carlos Bilardo- interpelado p\u00fablicamente por los hinchas en el set televisivo de \u201cPol\u00e9mica en el f\u00fatbol\u201d! Tiempos de un blanco y negro futbolero. Menotti o Bilardo: esa era la cuesti\u00f3n.<\/p>\n\n\n\n<h4 class=\"wp-block-heading\">Las vueltas del f\u00fatbol<\/h4>\n\n\n\n<p>Y hablando de Roma\u2026 Como jugador del seleccionado argentino, <a href=\"https:\/\/golandpop.com\/?s=Ricardo+Gareca\">Ricardo Gareca<\/a> transit\u00f3 por los lados de \u201cla grieta\u201d: debut\u00f3 con \u201cel Flaco\u201d en 1981, silbado, y se despidi\u00f3 con \u201cel Narig\u00f3n\u201d cuatro a\u00f1os despu\u00e9s, ovacionado. Jug\u00f3 20 partidos, marc\u00f3 seis goles y qued\u00f3 afuera a \u00faltimo momento de la<br>lista de convocados para Espa\u00f1a\u201982 y M\u00e9xico \u201886.<\/p>\n\n\n\n<figure class=\"wp-block-image size-large\"><img decoding=\"async\" width=\"1000\" height=\"562\" src=\"https:\/\/golandpop.com\/wp-content\/uploads\/2021\/10\/gareca-per\u00fa-2.jpg\" alt=\"\" class=\"wp-image-14522\" srcset=\"https:\/\/golandpop.com\/wp-content\/uploads\/2021\/10\/gareca-per\u00fa-2.jpg 1000w, https:\/\/golandpop.com\/wp-content\/uploads\/2021\/10\/gareca-per\u00fa-2-300x169.jpg 300w, https:\/\/golandpop.com\/wp-content\/uploads\/2021\/10\/gareca-per\u00fa-2-768x432.jpg 768w\" sizes=\"(max-width: 1000px) 100vw, 1000px\" \/><figcaption>CUESTA UN PER\u00da. Gareca la tiene dif\u00edcil en la eliminatoria mundialista. Sue\u00f1a con repetir en Qatar la experiencia de 2018 en Rusia.<\/figcaption><\/figure>\n\n\n\n<p>En el \u00faltimo caso, a pesar de haber marcado el gol decisivo que le permiti\u00f3 a Argentina sacar pasaje hacia tierras aztecas, en el angustioso 2-2 ante Per\u00fa del 30 de junio de 1985 en el Monumental de N\u00fa\u00f1ez. Debieron pasar 33 a\u00f1os para que \u201cel Tigre\u201d pudiera cumplir su sue\u00f1o mundialista, ya con<br>el buzo de t\u00e9cnico y luciendo otros colores. Parad\u00f3jicamente, los de Per\u00fa.<\/p>\n\n\n\n<p>Adem\u00e1s de la experiencia en Rusia 2018, Gareca carga sobre el lomo cuatro <a href=\"https:\/\/golandpop.com\/?s=copa+america\">Copa Am\u00e9rica<\/a> como <a href=\"https:\/\/golandpop.com\/?s=DT\">DT<\/a> del seleccionado vecino. El partido del jueves ante Argentina ser\u00e1 el n\u00famero 86 de una gesti\u00f3n que no atraviesa su mejor momento. La clasificaci\u00f3n a Qatar 2022 encuentra a Per\u00fa complicado: tres triunfos, dos empates y seis derrotas, aunque a cuatro puntos de la l\u00ednea de repechaje con siete presentaciones pendientes.<\/p>\n\n\n\n<p>\u201cAhora tenemos que sumar en Argentina\u201d, asegur\u00f3 el exentrenador de <a href=\"https:\/\/golandpop.com\/index.php\/category\/talleres\/\">Talleres<\/a> luego de un traspi\u00e9 que no ten\u00eda en los papeles: el 0-1 con Bolivia en La Paz. El hombre que hace tres a\u00f1os se convirti\u00f3 en h\u00e9roe nacional de Per\u00fa sabe que las cosas pueden complicarse para \u00e9l y para su equipo si al menos no salva un puntito en N\u00fa\u00f1ez. Tiene claro que nada dura para siempre. Aunque seguramente har\u00e1 todo lo posible para evitar que la cancha de River nuevamente sea sin\u00f3nimo de fin de ciclo de selecci\u00f3n.<\/p>\n","protected":false},"excerpt":{"rendered":"<p>Para siempre<\/p>\n","protected":false},"author":1,"featured_media":14523,"comment_status":"open","ping_status":"open","sticky":false,"template":"","format":"standard","meta":{"footnotes":""},"categories":[39,776],"tags":[1200,956,502,950,495,254,1213],"class_list":["post-14520","post","type-post","status-publish","format-standard","has-post-thumbnail","hentry","category-futbol","category-opinion","tag-dt","tag-futbol-4","tag-lionel-messi","tag-portada","tag-psg","tag-seleccion-argentina","tag-tigre-gareca"],"yoast_head":"<!-- This site is optimized with the Yoast SEO plugin v26.1.1 - https:\/\/yoast.com\/wordpress\/plugins\/seo\/ -->\n<title>Un idilio de Selecci\u00f3n - Golandpop<\/title>\n<meta name=\"robots\" content=\"index, follow, max-snippet:-1, max-image-preview:large, max-video-preview:-1\" \/>\n<link rel=\"canonical\" href=\"https:\/\/golandpop.com\/index.php\/2021\/10\/13\/un-idilio-de-seleccion\/\" \/>\n<meta property=\"og:locale\" content=\"es_ES\" \/>\n<meta property=\"og:type\" content=\"article\" \/>\n<meta property=\"og:title\" content=\"Un idilio de Selecci\u00f3n - Golandpop\" \/>\n<meta property=\"og:description\" content=\"Para siempre\" \/>\n<meta property=\"og:url\" content=\"https:\/\/golandpop.com\/index.php\/2021\/10\/13\/un-idilio-de-seleccion\/\" \/>\n<meta property=\"og:site_name\" content=\"Golandpop\" \/>\n<meta property=\"article:published_time\" content=\"2021-10-13T12:31:23+00:00\" \/>\n<meta property=\"article:modified_time\" content=\"2021-10-13T12:31:28+00:00\" \/>\n<meta property=\"og:image\" content=\"https:\/\/golandpop.com\/wp-content\/uploads\/2021\/10\/vuelta-publico-a-las-canchas-1-scaled-1.jpg\" \/>\n\t<meta property=\"og:image:width\" content=\"2560\" \/>\n\t<meta property=\"og:image:height\" content=\"1408\" \/>\n\t<meta property=\"og:image:type\" content=\"image\/jpeg\" \/>\n<meta name=\"author\" content=\"Gol&amp;Pop\" \/>\n<meta name=\"twitter:card\" content=\"summary_large_image\" \/>\n<meta name=\"twitter:creator\" content=\"@golandpop\" \/>\n<meta name=\"twitter:site\" content=\"@golandpop\" \/>\n<meta name=\"twitter:label1\" content=\"Escrito por\" \/>\n\t<meta name=\"twitter:data1\" content=\"Gol&amp;Pop\" \/>\n\t<meta name=\"twitter:label2\" content=\"Tiempo de lectura\" \/>\n\t<meta name=\"twitter:data2\" content=\"4 minutos\" \/>\n<script type=\"application\/ld+json\" class=\"yoast-schema-graph\">{\"@context\":\"https:\/\/schema.org\",\"@graph\":[{\"@type\":\"Article\",\"@id\":\"https:\/\/golandpop.com\/index.php\/2021\/10\/13\/un-idilio-de-seleccion\/#article\",\"isPartOf\":{\"@id\":\"https:\/\/golandpop.com\/index.php\/2021\/10\/13\/un-idilio-de-seleccion\/\"},\"author\":{\"name\":\"Gol&amp;Pop\",\"@id\":\"https:\/\/golandpop.com\/#\/schema\/person\/2809725861e0da25eaffe2d9b29c9613\"},\"headline\":\"Un idilio de Selecci\u00f3n\",\"datePublished\":\"2021-10-13T12:31:23+00:00\",\"dateModified\":\"2021-10-13T12:31:28+00:00\",\"mainEntityOfPage\":{\"@id\":\"https:\/\/golandpop.com\/index.php\/2021\/10\/13\/un-idilio-de-seleccion\/\"},\"wordCount\":827,\"commentCount\":0,\"publisher\":{\"@id\":\"https:\/\/golandpop.com\/#organization\"},\"image\":{\"@id\":\"https:\/\/golandpop.com\/index.php\/2021\/10\/13\/un-idilio-de-seleccion\/#primaryimage\"},\"thumbnailUrl\":\"https:\/\/golandpop.com\/wp-content\/uploads\/2021\/10\/vuelta-publico-a-las-canchas-1-scaled-1.jpg\",\"keywords\":[\"DT\",\"f\u00fatbol\",\"Lionel Messi\",\"portada\",\"PSG\",\"Selecci\u00f3n Argentina\",\"Tigre Gareca\"],\"articleSection\":[\"F\u00fatbol\",\"Opini\u00f3n\"],\"inLanguage\":\"es-AR\"},{\"@type\":\"WebPage\",\"@id\":\"https:\/\/golandpop.com\/index.php\/2021\/10\/13\/un-idilio-de-seleccion\/\",\"url\":\"https:\/\/golandpop.com\/index.php\/2021\/10\/13\/un-idilio-de-seleccion\/\",\"name\":\"Un idilio de Selecci\u00f3n - Golandpop\",\"isPartOf\":{\"@id\":\"https:\/\/golandpop.com\/#website\"},\"primaryImageOfPage\":{\"@id\":\"https:\/\/golandpop.com\/index.php\/2021\/10\/13\/un-idilio-de-seleccion\/#primaryimage\"},\"image\":{\"@id\":\"https:\/\/golandpop.com\/index.php\/2021\/10\/13\/un-idilio-de-seleccion\/#primaryimage\"},\"thumbnailUrl\":\"https:\/\/golandpop.com\/wp-content\/uploads\/2021\/10\/vuelta-publico-a-las-canchas-1-scaled-1.jpg\",\"datePublished\":\"2021-10-13T12:31:23+00:00\",\"dateModified\":\"2021-10-13T12:31:28+00:00\",\"breadcrumb\":{\"@id\":\"https:\/\/golandpop.com\/index.php\/2021\/10\/13\/un-idilio-de-seleccion\/#breadcrumb\"},\"inLanguage\":\"es-AR\",\"potentialAction\":[{\"@type\":\"ReadAction\",\"target\":[\"https:\/\/golandpop.com\/index.php\/2021\/10\/13\/un-idilio-de-seleccion\/\"]}]},{\"@type\":\"ImageObject\",\"inLanguage\":\"es-AR\",\"@id\":\"https:\/\/golandpop.com\/index.php\/2021\/10\/13\/un-idilio-de-seleccion\/#primaryimage\",\"url\":\"https:\/\/golandpop.com\/wp-content\/uploads\/2021\/10\/vuelta-publico-a-las-canchas-1-scaled-1.jpg\",\"contentUrl\":\"https:\/\/golandpop.com\/wp-content\/uploads\/2021\/10\/vuelta-publico-a-las-canchas-1-scaled-1.jpg\",\"width\":2560,\"height\":1408,\"caption\":\"Fans of Argentina cheer for their team during warm-up before the Conmebol 2021 Copa America football tournament final match against Brazil at the Maracana Stadium in Rio de Janeiro, Brazil, on July 10, 2021. (Photo by MAURO PIMENTEL \/ AFP)\"},{\"@type\":\"BreadcrumbList\",\"@id\":\"https:\/\/golandpop.com\/index.php\/2021\/10\/13\/un-idilio-de-seleccion\/#breadcrumb\",\"itemListElement\":[{\"@type\":\"ListItem\",\"position\":1,\"name\":\"Inicio\",\"item\":\"https:\/\/golandpop.com\/\"},{\"@type\":\"ListItem\",\"position\":2,\"name\":\"Un idilio de Selecci\u00f3n\"}]},{\"@type\":\"WebSite\",\"@id\":\"https:\/\/golandpop.com\/#website\",\"url\":\"https:\/\/golandpop.com\/\",\"name\":\"Golandpop\",\"description\":\"\",\"publisher\":{\"@id\":\"https:\/\/golandpop.com\/#organization\"},\"potentialAction\":[{\"@type\":\"SearchAction\",\"target\":{\"@type\":\"EntryPoint\",\"urlTemplate\":\"https:\/\/golandpop.com\/?s={search_term_string}\"},\"query-input\":{\"@type\":\"PropertyValueSpecification\",\"valueRequired\":true,\"valueName\":\"search_term_string\"}}],\"inLanguage\":\"es-AR\"},{\"@type\":\"Organization\",\"@id\":\"https:\/\/golandpop.com\/#organization\",\"name\":\"GolandPop\",\"url\":\"https:\/\/golandpop.com\/\",\"logo\":{\"@type\":\"ImageObject\",\"inLanguage\":\"es-AR\",\"@id\":\"https:\/\/golandpop.com\/#\/schema\/logo\/image\/\",\"url\":\"https:\/\/golandpop.com\/wp-content\/uploads\/2020\/04\/favicon_gol_pop.png\",\"contentUrl\":\"https:\/\/golandpop.com\/wp-content\/uploads\/2020\/04\/favicon_gol_pop.png\",\"width\":246,\"height\":246,\"caption\":\"GolandPop\"},\"image\":{\"@id\":\"https:\/\/golandpop.com\/#\/schema\/logo\/image\/\"},\"sameAs\":[\"https:\/\/x.com\/golandpop\",\"https:\/\/www.instagram.com\/golandpopcordoba\/\"]},{\"@type\":\"Person\",\"@id\":\"https:\/\/golandpop.com\/#\/schema\/person\/2809725861e0da25eaffe2d9b29c9613\",\"name\":\"Gol&amp;Pop\",\"image\":{\"@type\":\"ImageObject\",\"inLanguage\":\"es-AR\",\"@id\":\"https:\/\/golandpop.com\/#\/schema\/person\/image\/\",\"url\":\"https:\/\/secure.gravatar.com\/avatar\/9a87ee051ca8c77f5d4070843ce2c78cdf95b858b950fb039151de955122f5f5?s=96&d=mm&r=g\",\"contentUrl\":\"https:\/\/secure.gravatar.com\/avatar\/9a87ee051ca8c77f5d4070843ce2c78cdf95b858b950fb039151de955122f5f5?s=96&d=mm&r=g\",\"caption\":\"Gol&amp;Pop\"},\"sameAs\":[\"http:\/\/golandpop.com\"],\"url\":\"https:\/\/golandpop.com\/index.php\/author\/admin\/\"}]}<\/script>\n<!-- \/ Yoast SEO plugin. -->","yoast_head_json":{"title":"Un idilio de Selecci\u00f3n - Golandpop","robots":{"index":"index","follow":"follow","max-snippet":"max-snippet:-1","max-image-preview":"max-image-preview:large","max-video-preview":"max-video-preview:-1"},"canonical":"https:\/\/golandpop.com\/index.php\/2021\/10\/13\/un-idilio-de-seleccion\/","og_locale":"es_ES","og_type":"article","og_title":"Un idilio de Selecci\u00f3n - Golandpop","og_description":"Para siempre","og_url":"https:\/\/golandpop.com\/index.php\/2021\/10\/13\/un-idilio-de-seleccion\/","og_site_name":"Golandpop","article_published_time":"2021-10-13T12:31:23+00:00","article_modified_time":"2021-10-13T12:31:28+00:00","og_image":[{"width":2560,"height":1408,"url":"https:\/\/golandpop.com\/wp-content\/uploads\/2021\/10\/vuelta-publico-a-las-canchas-1-scaled-1.jpg","type":"image\/jpeg"}],"author":"Gol&amp;Pop","twitter_card":"summary_large_image","twitter_creator":"@golandpop","twitter_site":"@golandpop","twitter_misc":{"Escrito por":"Gol&amp;Pop","Tiempo de lectura":"4 minutos"},"schema":{"@context":"https:\/\/schema.org","@graph":[{"@type":"Article","@id":"https:\/\/golandpop.com\/index.php\/2021\/10\/13\/un-idilio-de-seleccion\/#article","isPartOf":{"@id":"https:\/\/golandpop.com\/index.php\/2021\/10\/13\/un-idilio-de-seleccion\/"},"author":{"name":"Gol&amp;Pop","@id":"https:\/\/golandpop.com\/#\/schema\/person\/2809725861e0da25eaffe2d9b29c9613"},"headline":"Un idilio de Selecci\u00f3n","datePublished":"2021-10-13T12:31:23+00:00","dateModified":"2021-10-13T12:31:28+00:00","mainEntityOfPage":{"@id":"https:\/\/golandpop.com\/index.php\/2021\/10\/13\/un-idilio-de-seleccion\/"},"wordCount":827,"commentCount":0,"publisher":{"@id":"https:\/\/golandpop.com\/#organization"},"image":{"@id":"https:\/\/golandpop.com\/index.php\/2021\/10\/13\/un-idilio-de-seleccion\/#primaryimage"},"thumbnailUrl":"https:\/\/golandpop.com\/wp-content\/uploads\/2021\/10\/vuelta-publico-a-las-canchas-1-scaled-1.jpg","keywords":["DT","f\u00fatbol","Lionel Messi","portada","PSG","Selecci\u00f3n Argentina","Tigre Gareca"],"articleSection":["F\u00fatbol","Opini\u00f3n"],"inLanguage":"es-AR"},{"@type":"WebPage","@id":"https:\/\/golandpop.com\/index.php\/2021\/10\/13\/un-idilio-de-seleccion\/","url":"https:\/\/golandpop.com\/index.php\/2021\/10\/13\/un-idilio-de-seleccion\/","name":"Un idilio de Selecci\u00f3n - Golandpop","isPartOf":{"@id":"https:\/\/golandpop.com\/#website"},"primaryImageOfPage":{"@id":"https:\/\/golandpop.com\/index.php\/2021\/10\/13\/un-idilio-de-seleccion\/#primaryimage"},"image":{"@id":"https:\/\/golandpop.com\/index.php\/2021\/10\/13\/un-idilio-de-seleccion\/#primaryimage"},"thumbnailUrl":"https:\/\/golandpop.com\/wp-content\/uploads\/2021\/10\/vuelta-publico-a-las-canchas-1-scaled-1.jpg","datePublished":"2021-10-13T12:31:23+00:00","dateModified":"2021-10-13T12:31:28+00:00","breadcrumb":{"@id":"https:\/\/golandpop.com\/index.php\/2021\/10\/13\/un-idilio-de-seleccion\/#breadcrumb"},"inLanguage":"es-AR","potentialAction":[{"@type":"ReadAction","target":["https:\/\/golandpop.com\/index.php\/2021\/10\/13\/un-idilio-de-seleccion\/"]}]},{"@type":"ImageObject","inLanguage":"es-AR","@id":"https:\/\/golandpop.com\/index.php\/2021\/10\/13\/un-idilio-de-seleccion\/#primaryimage","url":"https:\/\/golandpop.com\/wp-content\/uploads\/2021\/10\/vuelta-publico-a-las-canchas-1-scaled-1.jpg","contentUrl":"https:\/\/golandpop.com\/wp-content\/uploads\/2021\/10\/vuelta-publico-a-las-canchas-1-scaled-1.jpg","width":2560,"height":1408,"caption":"Fans of Argentina cheer for their team during warm-up before the Conmebol 2021 Copa America football tournament final match against Brazil at the Maracana Stadium in Rio de Janeiro, Brazil, on July 10, 2021. (Photo by MAURO PIMENTEL \/ AFP)"},{"@type":"BreadcrumbList","@id":"https:\/\/golandpop.com\/index.php\/2021\/10\/13\/un-idilio-de-seleccion\/#breadcrumb","itemListElement":[{"@type":"ListItem","position":1,"name":"Inicio","item":"https:\/\/golandpop.com\/"},{"@type":"ListItem","position":2,"name":"Un idilio de Selecci\u00f3n"}]},{"@type":"WebSite","@id":"https:\/\/golandpop.com\/#website","url":"https:\/\/golandpop.com\/","name":"Golandpop","description":"","publisher":{"@id":"https:\/\/golandpop.com\/#organization"},"potentialAction":[{"@type":"SearchAction","target":{"@type":"EntryPoint","urlTemplate":"https:\/\/golandpop.com\/?s={search_term_string}"},"query-input":{"@type":"PropertyValueSpecification","valueRequired":true,"valueName":"search_term_string"}}],"inLanguage":"es-AR"},{"@type":"Organization","@id":"https:\/\/golandpop.com\/#organization","name":"GolandPop","url":"https:\/\/golandpop.com\/","logo":{"@type":"ImageObject","inLanguage":"es-AR","@id":"https:\/\/golandpop.com\/#\/schema\/logo\/image\/","url":"https:\/\/golandpop.com\/wp-content\/uploads\/2020\/04\/favicon_gol_pop.png","contentUrl":"https:\/\/golandpop.com\/wp-content\/uploads\/2020\/04\/favicon_gol_pop.png","width":246,"height":246,"caption":"GolandPop"},"image":{"@id":"https:\/\/golandpop.com\/#\/schema\/logo\/image\/"},"sameAs":["https:\/\/x.com\/golandpop","https:\/\/www.instagram.com\/golandpopcordoba\/"]},{"@type":"Person","@id":"https:\/\/golandpop.com\/#\/schema\/person\/2809725861e0da25eaffe2d9b29c9613","name":"Gol&amp;Pop","image":{"@type":"ImageObject","inLanguage":"es-AR","@id":"https:\/\/golandpop.com\/#\/schema\/person\/image\/","url":"https:\/\/secure.gravatar.com\/avatar\/9a87ee051ca8c77f5d4070843ce2c78cdf95b858b950fb039151de955122f5f5?s=96&d=mm&r=g","contentUrl":"https:\/\/secure.gravatar.com\/avatar\/9a87ee051ca8c77f5d4070843ce2c78cdf95b858b950fb039151de955122f5f5?s=96&d=mm&r=g","caption":"Gol&amp;Pop"},"sameAs":["http:\/\/golandpop.com"],"url":"https:\/\/golandpop.com\/index.php\/author\/admin\/"}]}},"_links":{"self":[{"href":"https:\/\/golandpop.com\/index.php\/wp-json\/wp\/v2\/posts\/14520","targetHints":{"allow":["GET"]}}],"collection":[{"href":"https:\/\/golandpop.com\/index.php\/wp-json\/wp\/v2\/posts"}],"about":[{"href":"https:\/\/golandpop.com\/index.php\/wp-json\/wp\/v2\/types\/post"}],"author":[{"embeddable":true,"href":"https:\/\/golandpop.com\/index.php\/wp-json\/wp\/v2\/users\/1"}],"replies":[{"embeddable":true,"href":"https:\/\/golandpop.com\/index.php\/wp-json\/wp\/v2\/comments?post=14520"}],"version-history":[{"count":1,"href":"https:\/\/golandpop.com\/index.php\/wp-json\/wp\/v2\/posts\/14520\/revisions"}],"predecessor-version":[{"id":14524,"href":"https:\/\/golandpop.com\/index.php\/wp-json\/wp\/v2\/posts\/14520\/revisions\/14524"}],"wp:featuredmedia":[{"embeddable":true,"href":"https:\/\/golandpop.com\/index.php\/wp-json\/wp\/v2\/media\/14523"}],"wp:attachment":[{"href":"https:\/\/golandpop.com\/index.php\/wp-json\/wp\/v2\/media?parent=14520"}],"wp:term":[{"taxonomy":"category","embeddable":true,"href":"https:\/\/golandpop.com\/index.php\/wp-json\/wp\/v2\/categories?post=14520"},{"taxonomy":"post_tag","embeddable":true,"href":"https:\/\/golandpop.com\/index.php\/wp-json\/wp\/v2\/tags?post=14520"}],"curies":[{"name":"wp","href":"https:\/\/api.w.org\/{rel}","templated":true}]}}