{"id":14136,"date":"2021-09-28T01:23:26","date_gmt":"2021-09-28T04:23:26","guid":{"rendered":"https:\/\/golandpop.com\/?p=14136"},"modified":"2021-09-28T01:23:29","modified_gmt":"2021-09-28T04:23:29","slug":"super-20-liga-nacional-gran-lunes-para-instituto-atenas-cordoba","status":"publish","type":"post","link":"https:\/\/golandpop.com\/index.php\/2021\/09\/28\/super-20-liga-nacional-gran-lunes-para-instituto-atenas-cordoba\/","title":{"rendered":"S\u00faper 20: gran lunes para los cordobeses"},"content":{"rendered":"\n<p>El S\u00faper 20 de la\u00a0<a href=\"https:\/\/www.laliganacional.com.ar\/laliga\/\">Liga Nacional<\/a>\u00a0tuvo su tercera jornada en el \u00c1ngel Sandr\u00edn y dej\u00f3 dos  grandes victorias para los cordobeses.\u00a0<strong><a href=\"https:\/\/golandpop.com\/index.php\/tag\/instituto\/\">Instituto<\/a><\/strong>\u00a0mantuvo su excelso nivel y sum\u00f3 su tercer triunfo, mientras que\u00a0<strong><a href=\"https:\/\/golandpop.com\/index.php\/tag\/atenas\/\">Atenas<\/a><\/strong>\u00a0corri\u00f3 desde atr\u00e1s para festejar por segunda vez consecutiva.<\/p>\n\n\n\n<p>El Griego, que ven\u00eda de sumar su primera victoria ante Comunicaciones, fue el encargado de abrir la jornada y lo hizo con una sonrisa. En un partido igualado, en el Comu lleg\u00f3 al \u00faltimo cuarto con dos de ventaja, <strong>los de Sebasti\u00e1n Saborido tuvieron un gran cierre de partido<\/strong> (parcial de 20-11) y se impusieron por <strong>70 a 63<\/strong>.<\/p>\n\n\n\n<p>Las actuaciones de <strong>Eduardo Gamboa<\/strong> (19 puntos, 6 rebotes y 3 asistencias) y <strong>Latraius Mosley<\/strong> (17 puntos y 6 rebotes) fueron las m\u00e1s destacadas en un Atenas que volver\u00e1 a ver acci\u00f3n este martes ante Regatas desde las 19.00 horas.<\/p>\n\n\n\n<figure class=\"wp-block-embed-twitter wp-block-embed is-type-rich is-provider-twitter\"><div class=\"wp-block-embed__wrapper\">\n<blockquote class=\"twitter-tweet\" data-width=\"550\" data-dnt=\"true\"><p lang=\"es\" dir=\"ltr\">\ud83c\udfc0\ud83d\udfe2\ud83d\udcac La palabra de Eduardo Gamboa tras la gran remontada de <a href=\"https:\/\/twitter.com\/hashtag\/Atenas?src=hash&amp;ref_src=twsrc%5Etfw\">#Atenas<\/a> frente a <a href=\"https:\/\/twitter.com\/hashtag\/Obera?src=hash&amp;ref_src=twsrc%5Etfw\">#Obera<\/a>, en exclusiva para <a href=\"https:\/\/twitter.com\/golandpop?ref_src=twsrc%5Etfw\">@golandpop<\/a>. <br><br>\ud83d\udcca 19 puntos, 6 rebotes y 3 asistencias para el jugador. <br><br>\ud83d\udcf2 <a href=\"https:\/\/t.co\/ToTnpDU7l3\">https:\/\/t.co\/ToTnpDU7l3<\/a> <a href=\"https:\/\/t.co\/PPGWVaVEC6\">pic.twitter.com\/PPGWVaVEC6<\/a><\/p>&mdash; GOLANDPOP (@golandpop) <a href=\"https:\/\/twitter.com\/golandpop\/status\/1442534720663920642?ref_src=twsrc%5Etfw\">September 27, 2021<\/a><\/blockquote><script async src=\"https:\/\/platform.twitter.com\/widgets.js\" charset=\"utf-8\"><\/script>\n<\/div><\/figure>\n\n\n\n<figure class=\"wp-block-embed-twitter wp-block-embed is-type-rich is-provider-twitter\"><div class=\"wp-block-embed__wrapper\">\n<blockquote class=\"twitter-tweet\" data-width=\"550\" data-dnt=\"true\"><p lang=\"es\" dir=\"ltr\">\ud83c\udfc0 Las mejores fotos de <a href=\"https:\/\/twitter.com\/hashtag\/Atenas?src=hash&amp;ref_src=twsrc%5Etfw\">#Atenas<\/a> frente a <a href=\"https:\/\/twitter.com\/hashtag\/Obera?src=hash&amp;ref_src=twsrc%5Etfw\">#Obera<\/a> en el <a href=\"https:\/\/twitter.com\/hashtag\/Super20?src=hash&amp;ref_src=twsrc%5Etfw\">#Super20<\/a> de la <a href=\"https:\/\/twitter.com\/hashtag\/LigaNacional?src=hash&amp;ref_src=twsrc%5Etfw\">#LigaNacional<\/a>.<br><br>\ud83d\udcf8 <a href=\"https:\/\/twitter.com\/BertazzoSofia?ref_src=twsrc%5Etfw\">@BertazzoSofia<\/a> <a href=\"https:\/\/t.co\/N750waOCIz\">https:\/\/t.co\/N750waOCIz<\/a><\/p>&mdash; GOLANDPOP (@golandpop) <a href=\"https:\/\/twitter.com\/golandpop\/status\/1442560094982459393?ref_src=twsrc%5Etfw\">September 27, 2021<\/a><\/blockquote><script async src=\"https:\/\/platform.twitter.com\/widgets.js\" charset=\"utf-8\"><\/script>\n<\/div><\/figure>\n\n\n\n<h6 class=\"wp-block-heading\">Una Gloria imparable<\/h6>\n\n\n\n<p>Al igual que en las dos primeras jornadas, el d\u00eda se cerr\u00f3 con un gran triunfo de Instituto. <strong>Los dirigidos por<\/strong> <strong>Lucas Victorian<\/strong>o dieron otro paso adelante -en car\u00e1cter y nivel basquetbol\u00edstico- y <strong>no dejaron lugar a dudas con un consistente 92-74 ante Regatas<\/strong>.<\/p>\n\n\n\n<p>Un contundente 30-16 en el primer cuarto le permiti\u00f3 controlar el encuentro desde un principi\u00f3 y, a pesar de cerrar el segundo (15-17) y tercer (20-19) per\u00edodo por debajo del conjunto correntino, lo termin\u00f3 de matar con un s\u00f3lido 28-21 en el cuarto final.<\/p>\n\n\n\n<p>La Gloria tuvo una gran noche desde la zona de tres (12 de 29), en las que se destacaron el goleador de la noche <strong>Nicol\u00e1s Romano <\/strong>(23 puntos -3 triples- y 9 rebotes), <strong>Mart\u00edn Cuello<\/strong> (17 puntos -3 triples-, 5 rebotes y 4 asistencias) y <strong>Federico El\u00edas<\/strong> con 16 puntos -12 desde la zona de tres-, 3 rebotes y 3 asistencias. <\/p>\n\n\n\n<p>Ahora, tras un comienzo perfecto, Instituto buscar\u00e1 mantener el nivel cuando enfrente este martes, desde las 21.30 horas, al otro conjunto correntino: San Mart\u00edn.<\/p>\n\n\n\n<figure class=\"wp-block-embed-twitter wp-block-embed is-type-rich is-provider-twitter\"><div class=\"wp-block-embed__wrapper\">\n<blockquote class=\"twitter-tweet\" data-width=\"550\" data-dnt=\"true\"><p lang=\"es\" dir=\"ltr\">\ud83c\udfc0\ud83d\udd34\u26aa\ufe0f\ud83d\udcac La palabra de Federico Elias, uno de los puntos altos en la victoria de <a href=\"https:\/\/twitter.com\/hashtag\/Instituto?src=hash&amp;ref_src=twsrc%5Etfw\">#Instituto<\/a> ante <a href=\"https:\/\/twitter.com\/hashtag\/Regatas?src=hash&amp;ref_src=twsrc%5Etfw\">#Regatas<\/a>, en exclusiva para <a href=\"https:\/\/twitter.com\/golandpop?ref_src=twsrc%5Etfw\">@golandpop<\/a>. <br><br>\ud83d\udcca 16 puntos (4 de 7 en triples), 3 rebotes y 3 asistencias.<br><br>\ud83d\udcf9 <a href=\"https:\/\/twitter.com\/iscobono?ref_src=twsrc%5Etfw\">@iscobono<\/a> <a href=\"https:\/\/t.co\/GlerDuzsta\">pic.twitter.com\/GlerDuzsta<\/a><\/p>&mdash; GOLANDPOP (@golandpop) <a href=\"https:\/\/twitter.com\/golandpop\/status\/1442682564318220292?ref_src=twsrc%5Etfw\">September 28, 2021<\/a><\/blockquote><script async src=\"https:\/\/platform.twitter.com\/widgets.js\" charset=\"utf-8\"><\/script>\n<\/div><\/figure>\n","protected":false},"excerpt":{"rendered":"<p>La Gloria venci\u00f3 92-74 a Regatas y el Griego abri\u00f3 la jornada con un triunfo 70-63 frente a Comunicaciones.<\/p>\n","protected":false},"author":1,"featured_media":13986,"comment_status":"open","ping_status":"open","sticky":false,"template":"","format":"standard","meta":{"footnotes":""},"categories":[32],"tags":[359,1074,1197,1196,174,194,950,1184],"class_list":["post-14136","post","type-post","status-publish","format-standard","has-post-thumbnail","hentry","category-basquet","tag-atenas-2","tag-basquet-2","tag-eduardo-gamboa","tag-federico-elias","tag-instituto","tag-liga-nacional","tag-portada","tag-super-20"],"yoast_head":"<!-- This site is optimized with the Yoast SEO plugin v26.1.1 - https:\/\/yoast.com\/wordpress\/plugins\/seo\/ -->\n<title>S\u00faper 20: gran lunes para los cordobeses - Golandpop<\/title>\n<meta name=\"description\" content=\"La Gloria venci\u00f3 92-74 a Regatas y el Griego abri\u00f3 la jornada con un triunfo 70-63 frente a Comunicaciones.\" \/>\n<meta name=\"robots\" content=\"index, follow, max-snippet:-1, max-image-preview:large, max-video-preview:-1\" \/>\n<link rel=\"canonical\" href=\"https:\/\/golandpop.com\/index.php\/2021\/09\/28\/super-20-liga-nacional-gran-lunes-para-instituto-atenas-cordoba\/\" \/>\n<meta property=\"og:locale\" content=\"es_ES\" \/>\n<meta property=\"og:type\" content=\"article\" \/>\n<meta property=\"og:title\" content=\"S\u00faper 20: gran lunes para los cordobeses - Golandpop\" \/>\n<meta property=\"og:description\" content=\"La Gloria venci\u00f3 92-74 a Regatas y el Griego abri\u00f3 la jornada con un triunfo 70-63 frente a Comunicaciones.\" \/>\n<meta property=\"og:url\" content=\"https:\/\/golandpop.com\/index.php\/2021\/09\/28\/super-20-liga-nacional-gran-lunes-para-instituto-atenas-cordoba\/\" \/>\n<meta property=\"og:site_name\" content=\"Golandpop\" \/>\n<meta property=\"article:published_time\" content=\"2021-09-28T04:23:26+00:00\" \/>\n<meta property=\"article:modified_time\" content=\"2021-09-28T04:23:29+00:00\" \/>\n<meta property=\"og:image\" content=\"https:\/\/golandpop.com\/wp-content\/uploads\/2021\/09\/DSC_0350-scaled.jpg\" \/>\n\t<meta property=\"og:image:width\" content=\"2560\" \/>\n\t<meta property=\"og:image:height\" content=\"1707\" \/>\n\t<meta property=\"og:image:type\" content=\"image\/jpeg\" \/>\n<meta name=\"author\" content=\"Gol&amp;Pop\" \/>\n<meta name=\"twitter:card\" content=\"summary_large_image\" \/>\n<meta name=\"twitter:creator\" content=\"@golandpop\" \/>\n<meta name=\"twitter:site\" content=\"@golandpop\" \/>\n<meta name=\"twitter:label1\" content=\"Escrito por\" \/>\n\t<meta name=\"twitter:data1\" content=\"Gol&amp;Pop\" \/>\n\t<meta name=\"twitter:label2\" content=\"Tiempo de lectura\" \/>\n\t<meta name=\"twitter:data2\" content=\"2 minutos\" \/>\n<script type=\"application\/ld+json\" class=\"yoast-schema-graph\">{\"@context\":\"https:\/\/schema.org\",\"@graph\":[{\"@type\":\"Article\",\"@id\":\"https:\/\/golandpop.com\/index.php\/2021\/09\/28\/super-20-liga-nacional-gran-lunes-para-instituto-atenas-cordoba\/#article\",\"isPartOf\":{\"@id\":\"https:\/\/golandpop.com\/index.php\/2021\/09\/28\/super-20-liga-nacional-gran-lunes-para-instituto-atenas-cordoba\/\"},\"author\":{\"name\":\"Gol&amp;Pop\",\"@id\":\"https:\/\/golandpop.com\/#\/schema\/person\/2809725861e0da25eaffe2d9b29c9613\"},\"headline\":\"S\u00faper 20: gran lunes para los cordobeses\",\"datePublished\":\"2021-09-28T04:23:26+00:00\",\"dateModified\":\"2021-09-28T04:23:29+00:00\",\"mainEntityOfPage\":{\"@id\":\"https:\/\/golandpop.com\/index.php\/2021\/09\/28\/super-20-liga-nacional-gran-lunes-para-instituto-atenas-cordoba\/\"},\"wordCount\":338,\"commentCount\":0,\"publisher\":{\"@id\":\"https:\/\/golandpop.com\/#organization\"},\"image\":{\"@id\":\"https:\/\/golandpop.com\/index.php\/2021\/09\/28\/super-20-liga-nacional-gran-lunes-para-instituto-atenas-cordoba\/#primaryimage\"},\"thumbnailUrl\":\"https:\/\/golandpop.com\/wp-content\/uploads\/2021\/09\/DSC_0350-scaled.jpg\",\"keywords\":[\"Atenas\",\"B\u00e1squet\",\"Eduardo Gamboa\",\"Federico El\u00edas\",\"Instituto\",\"Liga Nacional\",\"portada\",\"S\u00faper 20\"],\"articleSection\":[\"B\u00e1squet\"],\"inLanguage\":\"es-AR\"},{\"@type\":\"WebPage\",\"@id\":\"https:\/\/golandpop.com\/index.php\/2021\/09\/28\/super-20-liga-nacional-gran-lunes-para-instituto-atenas-cordoba\/\",\"url\":\"https:\/\/golandpop.com\/index.php\/2021\/09\/28\/super-20-liga-nacional-gran-lunes-para-instituto-atenas-cordoba\/\",\"name\":\"S\u00faper 20: gran lunes para los cordobeses - Golandpop\",\"isPartOf\":{\"@id\":\"https:\/\/golandpop.com\/#website\"},\"primaryImageOfPage\":{\"@id\":\"https:\/\/golandpop.com\/index.php\/2021\/09\/28\/super-20-liga-nacional-gran-lunes-para-instituto-atenas-cordoba\/#primaryimage\"},\"image\":{\"@id\":\"https:\/\/golandpop.com\/index.php\/2021\/09\/28\/super-20-liga-nacional-gran-lunes-para-instituto-atenas-cordoba\/#primaryimage\"},\"thumbnailUrl\":\"https:\/\/golandpop.com\/wp-content\/uploads\/2021\/09\/DSC_0350-scaled.jpg\",\"datePublished\":\"2021-09-28T04:23:26+00:00\",\"dateModified\":\"2021-09-28T04:23:29+00:00\",\"description\":\"La Gloria venci\u00f3 92-74 a Regatas y el Griego abri\u00f3 la jornada con un triunfo 70-63 frente a Comunicaciones.\",\"breadcrumb\":{\"@id\":\"https:\/\/golandpop.com\/index.php\/2021\/09\/28\/super-20-liga-nacional-gran-lunes-para-instituto-atenas-cordoba\/#breadcrumb\"},\"inLanguage\":\"es-AR\",\"potentialAction\":[{\"@type\":\"ReadAction\",\"target\":[\"https:\/\/golandpop.com\/index.php\/2021\/09\/28\/super-20-liga-nacional-gran-lunes-para-instituto-atenas-cordoba\/\"]}]},{\"@type\":\"ImageObject\",\"inLanguage\":\"es-AR\",\"@id\":\"https:\/\/golandpop.com\/index.php\/2021\/09\/28\/super-20-liga-nacional-gran-lunes-para-instituto-atenas-cordoba\/#primaryimage\",\"url\":\"https:\/\/golandpop.com\/wp-content\/uploads\/2021\/09\/DSC_0350-scaled.jpg\",\"contentUrl\":\"https:\/\/golandpop.com\/wp-content\/uploads\/2021\/09\/DSC_0350-scaled.jpg\",\"width\":2560,\"height\":1707,\"caption\":\"Foto: Sof\u00eda Jaimez Bertazzo. - GOLANDPOP.\"},{\"@type\":\"BreadcrumbList\",\"@id\":\"https:\/\/golandpop.com\/index.php\/2021\/09\/28\/super-20-liga-nacional-gran-lunes-para-instituto-atenas-cordoba\/#breadcrumb\",\"itemListElement\":[{\"@type\":\"ListItem\",\"position\":1,\"name\":\"Inicio\",\"item\":\"https:\/\/golandpop.com\/\"},{\"@type\":\"ListItem\",\"position\":2,\"name\":\"S\u00faper 20: gran lunes para los cordobeses\"}]},{\"@type\":\"WebSite\",\"@id\":\"https:\/\/golandpop.com\/#website\",\"url\":\"https:\/\/golandpop.com\/\",\"name\":\"Golandpop\",\"description\":\"\",\"publisher\":{\"@id\":\"https:\/\/golandpop.com\/#organization\"},\"potentialAction\":[{\"@type\":\"SearchAction\",\"target\":{\"@type\":\"EntryPoint\",\"urlTemplate\":\"https:\/\/golandpop.com\/?s={search_term_string}\"},\"query-input\":{\"@type\":\"PropertyValueSpecification\",\"valueRequired\":true,\"valueName\":\"search_term_string\"}}],\"inLanguage\":\"es-AR\"},{\"@type\":\"Organization\",\"@id\":\"https:\/\/golandpop.com\/#organization\",\"name\":\"GolandPop\",\"url\":\"https:\/\/golandpop.com\/\",\"logo\":{\"@type\":\"ImageObject\",\"inLanguage\":\"es-AR\",\"@id\":\"https:\/\/golandpop.com\/#\/schema\/logo\/image\/\",\"url\":\"https:\/\/golandpop.com\/wp-content\/uploads\/2020\/04\/favicon_gol_pop.png\",\"contentUrl\":\"https:\/\/golandpop.com\/wp-content\/uploads\/2020\/04\/favicon_gol_pop.png\",\"width\":246,\"height\":246,\"caption\":\"GolandPop\"},\"image\":{\"@id\":\"https:\/\/golandpop.com\/#\/schema\/logo\/image\/\"},\"sameAs\":[\"https:\/\/x.com\/golandpop\",\"https:\/\/www.instagram.com\/golandpopcordoba\/\"]},{\"@type\":\"Person\",\"@id\":\"https:\/\/golandpop.com\/#\/schema\/person\/2809725861e0da25eaffe2d9b29c9613\",\"name\":\"Gol&amp;Pop\",\"image\":{\"@type\":\"ImageObject\",\"inLanguage\":\"es-AR\",\"@id\":\"https:\/\/golandpop.com\/#\/schema\/person\/image\/\",\"url\":\"https:\/\/secure.gravatar.com\/avatar\/9a87ee051ca8c77f5d4070843ce2c78cdf95b858b950fb039151de955122f5f5?s=96&d=mm&r=g\",\"contentUrl\":\"https:\/\/secure.gravatar.com\/avatar\/9a87ee051ca8c77f5d4070843ce2c78cdf95b858b950fb039151de955122f5f5?s=96&d=mm&r=g\",\"caption\":\"Gol&amp;Pop\"},\"sameAs\":[\"http:\/\/golandpop.com\"],\"url\":\"https:\/\/golandpop.com\/index.php\/author\/admin\/\"}]}<\/script>\n<!-- \/ Yoast SEO plugin. -->","yoast_head_json":{"title":"S\u00faper 20: gran lunes para los cordobeses - Golandpop","description":"La Gloria venci\u00f3 92-74 a Regatas y el Griego abri\u00f3 la jornada con un triunfo 70-63 frente a Comunicaciones.","robots":{"index":"index","follow":"follow","max-snippet":"max-snippet:-1","max-image-preview":"max-image-preview:large","max-video-preview":"max-video-preview:-1"},"canonical":"https:\/\/golandpop.com\/index.php\/2021\/09\/28\/super-20-liga-nacional-gran-lunes-para-instituto-atenas-cordoba\/","og_locale":"es_ES","og_type":"article","og_title":"S\u00faper 20: gran lunes para los cordobeses - Golandpop","og_description":"La Gloria venci\u00f3 92-74 a Regatas y el Griego abri\u00f3 la jornada con un triunfo 70-63 frente a Comunicaciones.","og_url":"https:\/\/golandpop.com\/index.php\/2021\/09\/28\/super-20-liga-nacional-gran-lunes-para-instituto-atenas-cordoba\/","og_site_name":"Golandpop","article_published_time":"2021-09-28T04:23:26+00:00","article_modified_time":"2021-09-28T04:23:29+00:00","og_image":[{"width":2560,"height":1707,"url":"https:\/\/golandpop.com\/wp-content\/uploads\/2021\/09\/DSC_0350-scaled.jpg","type":"image\/jpeg"}],"author":"Gol&amp;Pop","twitter_card":"summary_large_image","twitter_creator":"@golandpop","twitter_site":"@golandpop","twitter_misc":{"Escrito por":"Gol&amp;Pop","Tiempo de lectura":"2 minutos"},"schema":{"@context":"https:\/\/schema.org","@graph":[{"@type":"Article","@id":"https:\/\/golandpop.com\/index.php\/2021\/09\/28\/super-20-liga-nacional-gran-lunes-para-instituto-atenas-cordoba\/#article","isPartOf":{"@id":"https:\/\/golandpop.com\/index.php\/2021\/09\/28\/super-20-liga-nacional-gran-lunes-para-instituto-atenas-cordoba\/"},"author":{"name":"Gol&amp;Pop","@id":"https:\/\/golandpop.com\/#\/schema\/person\/2809725861e0da25eaffe2d9b29c9613"},"headline":"S\u00faper 20: gran lunes para los cordobeses","datePublished":"2021-09-28T04:23:26+00:00","dateModified":"2021-09-28T04:23:29+00:00","mainEntityOfPage":{"@id":"https:\/\/golandpop.com\/index.php\/2021\/09\/28\/super-20-liga-nacional-gran-lunes-para-instituto-atenas-cordoba\/"},"wordCount":338,"commentCount":0,"publisher":{"@id":"https:\/\/golandpop.com\/#organization"},"image":{"@id":"https:\/\/golandpop.com\/index.php\/2021\/09\/28\/super-20-liga-nacional-gran-lunes-para-instituto-atenas-cordoba\/#primaryimage"},"thumbnailUrl":"https:\/\/golandpop.com\/wp-content\/uploads\/2021\/09\/DSC_0350-scaled.jpg","keywords":["Atenas","B\u00e1squet","Eduardo Gamboa","Federico El\u00edas","Instituto","Liga Nacional","portada","S\u00faper 20"],"articleSection":["B\u00e1squet"],"inLanguage":"es-AR"},{"@type":"WebPage","@id":"https:\/\/golandpop.com\/index.php\/2021\/09\/28\/super-20-liga-nacional-gran-lunes-para-instituto-atenas-cordoba\/","url":"https:\/\/golandpop.com\/index.php\/2021\/09\/28\/super-20-liga-nacional-gran-lunes-para-instituto-atenas-cordoba\/","name":"S\u00faper 20: gran lunes para los cordobeses - Golandpop","isPartOf":{"@id":"https:\/\/golandpop.com\/#website"},"primaryImageOfPage":{"@id":"https:\/\/golandpop.com\/index.php\/2021\/09\/28\/super-20-liga-nacional-gran-lunes-para-instituto-atenas-cordoba\/#primaryimage"},"image":{"@id":"https:\/\/golandpop.com\/index.php\/2021\/09\/28\/super-20-liga-nacional-gran-lunes-para-instituto-atenas-cordoba\/#primaryimage"},"thumbnailUrl":"https:\/\/golandpop.com\/wp-content\/uploads\/2021\/09\/DSC_0350-scaled.jpg","datePublished":"2021-09-28T04:23:26+00:00","dateModified":"2021-09-28T04:23:29+00:00","description":"La Gloria venci\u00f3 92-74 a Regatas y el Griego abri\u00f3 la jornada con un triunfo 70-63 frente a Comunicaciones.","breadcrumb":{"@id":"https:\/\/golandpop.com\/index.php\/2021\/09\/28\/super-20-liga-nacional-gran-lunes-para-instituto-atenas-cordoba\/#breadcrumb"},"inLanguage":"es-AR","potentialAction":[{"@type":"ReadAction","target":["https:\/\/golandpop.com\/index.php\/2021\/09\/28\/super-20-liga-nacional-gran-lunes-para-instituto-atenas-cordoba\/"]}]},{"@type":"ImageObject","inLanguage":"es-AR","@id":"https:\/\/golandpop.com\/index.php\/2021\/09\/28\/super-20-liga-nacional-gran-lunes-para-instituto-atenas-cordoba\/#primaryimage","url":"https:\/\/golandpop.com\/wp-content\/uploads\/2021\/09\/DSC_0350-scaled.jpg","contentUrl":"https:\/\/golandpop.com\/wp-content\/uploads\/2021\/09\/DSC_0350-scaled.jpg","width":2560,"height":1707,"caption":"Foto: Sof\u00eda Jaimez Bertazzo. - GOLANDPOP."},{"@type":"BreadcrumbList","@id":"https:\/\/golandpop.com\/index.php\/2021\/09\/28\/super-20-liga-nacional-gran-lunes-para-instituto-atenas-cordoba\/#breadcrumb","itemListElement":[{"@type":"ListItem","position":1,"name":"Inicio","item":"https:\/\/golandpop.com\/"},{"@type":"ListItem","position":2,"name":"S\u00faper 20: gran lunes para los cordobeses"}]},{"@type":"WebSite","@id":"https:\/\/golandpop.com\/#website","url":"https:\/\/golandpop.com\/","name":"Golandpop","description":"","publisher":{"@id":"https:\/\/golandpop.com\/#organization"},"potentialAction":[{"@type":"SearchAction","target":{"@type":"EntryPoint","urlTemplate":"https:\/\/golandpop.com\/?s={search_term_string}"},"query-input":{"@type":"PropertyValueSpecification","valueRequired":true,"valueName":"search_term_string"}}],"inLanguage":"es-AR"},{"@type":"Organization","@id":"https:\/\/golandpop.com\/#organization","name":"GolandPop","url":"https:\/\/golandpop.com\/","logo":{"@type":"ImageObject","inLanguage":"es-AR","@id":"https:\/\/golandpop.com\/#\/schema\/logo\/image\/","url":"https:\/\/golandpop.com\/wp-content\/uploads\/2020\/04\/favicon_gol_pop.png","contentUrl":"https:\/\/golandpop.com\/wp-content\/uploads\/2020\/04\/favicon_gol_pop.png","width":246,"height":246,"caption":"GolandPop"},"image":{"@id":"https:\/\/golandpop.com\/#\/schema\/logo\/image\/"},"sameAs":["https:\/\/x.com\/golandpop","https:\/\/www.instagram.com\/golandpopcordoba\/"]},{"@type":"Person","@id":"https:\/\/golandpop.com\/#\/schema\/person\/2809725861e0da25eaffe2d9b29c9613","name":"Gol&amp;Pop","image":{"@type":"ImageObject","inLanguage":"es-AR","@id":"https:\/\/golandpop.com\/#\/schema\/person\/image\/","url":"https:\/\/secure.gravatar.com\/avatar\/9a87ee051ca8c77f5d4070843ce2c78cdf95b858b950fb039151de955122f5f5?s=96&d=mm&r=g","contentUrl":"https:\/\/secure.gravatar.com\/avatar\/9a87ee051ca8c77f5d4070843ce2c78cdf95b858b950fb039151de955122f5f5?s=96&d=mm&r=g","caption":"Gol&amp;Pop"},"sameAs":["http:\/\/golandpop.com"],"url":"https:\/\/golandpop.com\/index.php\/author\/admin\/"}]}},"_links":{"self":[{"href":"https:\/\/golandpop.com\/index.php\/wp-json\/wp\/v2\/posts\/14136","targetHints":{"allow":["GET"]}}],"collection":[{"href":"https:\/\/golandpop.com\/index.php\/wp-json\/wp\/v2\/posts"}],"about":[{"href":"https:\/\/golandpop.com\/index.php\/wp-json\/wp\/v2\/types\/post"}],"author":[{"embeddable":true,"href":"https:\/\/golandpop.com\/index.php\/wp-json\/wp\/v2\/users\/1"}],"replies":[{"embeddable":true,"href":"https:\/\/golandpop.com\/index.php\/wp-json\/wp\/v2\/comments?post=14136"}],"version-history":[{"count":2,"href":"https:\/\/golandpop.com\/index.php\/wp-json\/wp\/v2\/posts\/14136\/revisions"}],"predecessor-version":[{"id":14140,"href":"https:\/\/golandpop.com\/index.php\/wp-json\/wp\/v2\/posts\/14136\/revisions\/14140"}],"wp:featuredmedia":[{"embeddable":true,"href":"https:\/\/golandpop.com\/index.php\/wp-json\/wp\/v2\/media\/13986"}],"wp:attachment":[{"href":"https:\/\/golandpop.com\/index.php\/wp-json\/wp\/v2\/media?parent=14136"}],"wp:term":[{"taxonomy":"category","embeddable":true,"href":"https:\/\/golandpop.com\/index.php\/wp-json\/wp\/v2\/categories?post=14136"},{"taxonomy":"post_tag","embeddable":true,"href":"https:\/\/golandpop.com\/index.php\/wp-json\/wp\/v2\/tags?post=14136"}],"curies":[{"name":"wp","href":"https:\/\/api.w.org\/{rel}","templated":true}]}}