{"id":13684,"date":"2021-09-06T20:06:19","date_gmt":"2021-09-06T23:06:19","guid":{"rendered":"https:\/\/golandpop.com\/?p=13684"},"modified":"2021-09-06T20:06:22","modified_gmt":"2021-09-06T23:06:22","slug":"pernia-y-garcia-ganaron-unos-deslucidos-200-kilometros-de-buenos-aires","status":"publish","type":"post","link":"https:\/\/golandpop.com\/index.php\/2021\/09\/06\/pernia-y-garcia-ganaron-unos-deslucidos-200-kilometros-de-buenos-aires\/","title":{"rendered":"Pern\u00eda y Garc\u00eda ganaron unos deslucidos 200 kil\u00f3metros de Buenos Aires"},"content":{"rendered":"\n<p><em>La dupla de Renault domin\u00f3 durante todo el fin de semana y se qued\u00f3 con la victoria en una carrera sin demasiadas luces.<\/em><\/p>\n\n\n\n<p><strong>Leonel Pern\u00eda y su invitado Antonino Garc\u00eda se hicieron de la 15\u00b0 edici\u00f3n de los 200km de Buenos Aires<\/strong>. El trazado N\u00b09 del <a href=\"https:\/\/golandpop.com\/index.php\/category\/automovilismo\/\">aut\u00f3dromo Oscar y Juan G\u00e1lvez<\/a> fue el elegido para albergar la carrera que volvi\u00f3 al calendario del Super <a href=\"https:\/\/tc2000.com.ar\/\">TC 2000<\/a> luego de ausentarse en 2020 por la pandemia.<\/p>\n\n\n\n<p>En el a\u00f1o 2004 se corri\u00f3 por primera vez esta carrera especial. Como principal atractivo ten\u00eda la presencia de <a href=\"https:\/\/golandpop.com\/?s=pilotos\">pilotos<\/a> extranjeros que llegaban a nuestro pa\u00eds para manejar. En aquel momento, los autos de <a href=\"https:\/\/golandpop.com\/?s=TC+2000\">TC2000<\/a> formando duplas con los titulares para medirse y competir durante todo el fin de semana contra los locales.<\/p>\n\n\n\n<p>En aquella oportunidad, la dupla Ponce de Le\u00f3n-Di Palma se qued\u00f3 con la carrera que estuvo enmarcada por una gran fiesta, dando inicio a un espect\u00e1culo que con el correr de los a\u00f1os empezar\u00eda a tomar transcendencia e importancia en el <a href=\"https:\/\/golandpop.com\/?s=automovilismo\">automovilismo<\/a> sudamericano.<\/p>\n\n\n\n<p>La edici\u00f3n 2021 fue la ant\u00edtesis de aquellas fiestas automovil\u00edsticas, en las cuales la carrera final era un componente m\u00e1s de un gran espect\u00e1culo que sol\u00eda contar con monoplazas Formula 1 girando a modo de exhibici\u00f3n y pilotos top a nivel mundial que generaban gran expectativa a los fan\u00e1ticos de verlos manejar en una categor\u00eda argentina.<\/p>\n\n\n\n<p><\/p>\n\n\n\n<figure class=\"wp-block-gallery aligncenter columns-1 is-cropped wp-block-gallery-1 is-layout-flex wp-block-gallery-is-layout-flex\"><ul class=\"blocks-gallery-grid\"><li class=\"blocks-gallery-item\"><figure><img fetchpriority=\"high\" decoding=\"async\" width=\"964\" height=\"653\" src=\"https:\/\/golandpop.com\/wp-content\/uploads\/2021\/09\/c88722d1-2fea-4c3b-bced-e81c67162aba.jpg\" alt=\"\" data-id=\"13691\" data-full-url=\"https:\/\/golandpop.com\/wp-content\/uploads\/2021\/09\/c88722d1-2fea-4c3b-bced-e81c67162aba.jpg\" data-link=\"https:\/\/golandpop.com\/?attachment_id=13691\" class=\"wp-image-13691\" srcset=\"https:\/\/golandpop.com\/wp-content\/uploads\/2021\/09\/c88722d1-2fea-4c3b-bced-e81c67162aba.jpg 964w, https:\/\/golandpop.com\/wp-content\/uploads\/2021\/09\/c88722d1-2fea-4c3b-bced-e81c67162aba-300x203.jpg 300w, https:\/\/golandpop.com\/wp-content\/uploads\/2021\/09\/c88722d1-2fea-4c3b-bced-e81c67162aba-768x520.jpg 768w\" sizes=\"(max-width: 964px) 100vw, 964px\" \/><figcaption class=\"blocks-gallery-item__caption\"><strong>Al igual que en los \u00faltimos a\u00f1os, los 200 kil\u00f3metros de Buenos Aires no despertaron demasiado inter\u00e9s en el publico.<\/strong><\/figcaption><\/figure><\/li><\/ul><\/figure>\n\n\n\n<p><\/p>\n\n\n\n<h4 class=\"wp-block-heading\"><strong>Una edici\u00f3n deslucida<\/strong><\/h4>\n\n\n\n<p>La organizaci\u00f3n del evento no fue para nada sencilla. Las vigentes restricciones nacionales por las nuevas cepas de <a href=\"https:\/\/golandpop.com\/?s=covid-19\">COVID-19<\/a> complicaron la llegada de pilotos extranjeros. Ya en los ultimas ediciones la carrera no cont\u00f3 con la participaci\u00f3n de grandes nombres. Es por ello que las marcas debieron buscar dentro del automovilismo nacional, en categor\u00edas paralelas y formativas para poder armar las duplas.<\/p>\n\n\n\n<p>Adem\u00e1s de los conductores, la pol\u00e9mica tambi\u00e9n se centr\u00f3 el <em>Push to Pass, <\/em>ya que d\u00edas antes del evento en el reglamento de la carrera prohibi\u00f3 el uso de la herramienta que brinda potencia extra para los sobrepasos y de esta manera mejorar el espect\u00e1culo. Esta decisi\u00f3n no gusto entre los pilotos y directores de equipos que expresaron su descontento.<\/p>\n\n\n\n<h4 class=\"wp-block-heading\"><strong>\u201cPechito\u201d L\u00f3pez, el gran incentivo<\/strong><\/h4>\n\n\n\n<p>Horas despu\u00e9s de que Jos\u00e9 Mar\u00eda L\u00f3pez ganara las 24 horas de LeMans, triunfo hist\u00f3rico para el automovilismo argentino, el <a href=\"https:\/\/www.toyotagazooracing.com.ar\/\">Toyota Gazoo Racing Argentina<\/a> confirmo una noticia que se ven\u00eda barajando, la presencia del cordob\u00e9s para ser compa\u00f1ero una vez mas de Mat\u00edas Rossi en el Corolla campe\u00f3n.\u00a0<\/p>\n\n\n\n<p>La vuelta de \u201cPechito\u201d al automovilismo argentino fue la principal atracci\u00f3n del fin de semana. <strong>Aunque L\u00f3pez se adapt\u00f3 r\u00e1pidamente al auto, el el rendimiento del Toyota no fue el esperado.<\/strong> Junto con Mat\u00edas Rossi clasificaron 9\u00b0. La carrera del domingo tampoco fue buena para la dupla de m\u00e1s renombre. Pese a haber remontado a la 5\u00b0 posici\u00f3n, a pocas vueltas del final y con Pechito al volante, se sali\u00f3 una rueda y los obligo a abandonar la competencia, culminando de esa manera su participaci\u00f3n en los 200km.<\/p>\n\n\n\n<p><strong><em>La palabra de <a href=\"https:\/\/twitter.com\/pechito37\">@pechito37<\/a> tras los 200 KM de Buenos Aires<\/em><\/strong><\/p>\n\n\n\n<figure class=\"wp-block-video\"><video controls src=\"https:\/\/video.twimg.com\/ext_tw_video\/1434539724211998723\/pu\/vid\/720x1280\/8T_-E6Tck4xuMbpo.mp4?tag=12\"><\/video><\/figure>\n\n\n\n<p><\/p>\n\n\n\n<h4 class=\"wp-block-heading\"><strong>Renault imparable<\/strong><\/h4>\n\n\n\n<p>Desde los entrenamientos del d\u00eda viernes, <a href=\"https:\/\/www.renaultsport.com.ar\/stc2000.php\">Renault<\/a> comenz\u00f3 a imponerse en los tiempos. <strong>En las ultimas dos ediciones de la carrera especial, el rombo se hab\u00eda quedado con la victoria<\/strong>. Pese a que el antecedente era bueno, hab\u00eda que trabajar para volver a hacerse del primer lugar. Con los titulares Pern\u00eda, Fineschi, Cingolani y Milla mas los invitados Garc\u00eda, Ciantini, Di Palma y Barrio la terminal francesa marco la tendencia desde los primeros ensayos.<\/p>\n\n\n\n<p>El s\u00e1bado en la clasificaci\u00f3n, Pern\u00eda-Garc\u00eda fueron los mas r\u00e1pidos bajo la lluvia y se quedaron con la pole, confirmando as\u00ed lo que hab\u00edan hecho en los entrenamientos.<\/p>\n\n\n\n<p><strong>En la final del domingo, largando desde el primer lugar, el \u201cTanito\u201d Pern\u00eda demostr\u00f3 su gran nivel conductivo para hacer la diferencia en la primera parte de la carrera, dej\u00e1ndole el remate a su invitado Garc\u00eda que supo administrar y mantener la ventaja para cruzar la meta y conseguir la victoria de punta a punta<\/strong>. El binomio Canapino- Risatti fue segundo con el Chevrolet Cruze mientras que la dupla Milla-Barrio de Renault complet\u00f3 el podio.<\/p>\n\n\n\n<figure class=\"wp-block-gallery columns-1 is-cropped wp-block-gallery-2 is-layout-flex wp-block-gallery-is-layout-flex\"><ul class=\"blocks-gallery-grid\"><li class=\"blocks-gallery-item\"><figure><img decoding=\"async\" width=\"880\" height=\"596\" src=\"https:\/\/golandpop.com\/wp-content\/uploads\/2021\/09\/75a91305-2d3e-4cbf-8f3e-bfeee88d14ea-1.jpg\" alt=\"\" data-id=\"13690\" data-full-url=\"https:\/\/golandpop.com\/wp-content\/uploads\/2021\/09\/75a91305-2d3e-4cbf-8f3e-bfeee88d14ea-1.jpg\" data-link=\"https:\/\/golandpop.com\/?attachment_id=13690\" class=\"wp-image-13690\" srcset=\"https:\/\/golandpop.com\/wp-content\/uploads\/2021\/09\/75a91305-2d3e-4cbf-8f3e-bfeee88d14ea-1.jpg 880w, https:\/\/golandpop.com\/wp-content\/uploads\/2021\/09\/75a91305-2d3e-4cbf-8f3e-bfeee88d14ea-1-300x203.jpg 300w, https:\/\/golandpop.com\/wp-content\/uploads\/2021\/09\/75a91305-2d3e-4cbf-8f3e-bfeee88d14ea-1-768x520.jpg 768w\" sizes=\"(max-width: 880px) 100vw, 880px\" \/><figcaption class=\"blocks-gallery-item__caption\"><strong>Antonino Garc\u00eda cruza la meta con gran ventaja sobre sus perseguidores<\/strong><\/figcaption><\/figure><\/li><\/ul><\/figure>\n\n\n\n<p>Con la presencia de 2500 espectadores en las tribunas, la 15\u00b0 edici\u00f3n de los 200km estuvo lejos de ser una gran fiesta como en sus comienzos. Dentro de la <a href=\"https:\/\/golandpop.com\/?s=pista\">pista<\/a>, la carrera fue lineal y sin demasiados sobrepasos, dejando en claro que no fue buena la decisi\u00f3n de no utilizar el Push to Pass que venia dando buenos resultados desde su implementaci\u00f3n.<\/p>\n\n\n\n<p>En la c\u00fapula dirigencial de la categor\u00eda, tendr\u00e1n mucho para analizar y trabajar de cara al futuro. para tratar de devolver al Super y los 200km de Buenos Aires a sus \u00e9pocas de gloria.<\/p>\n","protected":false},"excerpt":{"rendered":"<p>Renault a la cabeza <\/p>\n","protected":false},"author":1,"featured_media":13686,"comment_status":"open","ping_status":"open","sticky":false,"template":"","format":"standard","meta":{"footnotes":""},"categories":[777,31],"tags":[1157,987,454,1156,950,1155,1154,457],"class_list":["post-13684","post","type-post","status-publish","format-standard","has-post-thumbnail","hentry","category-actualidad","category-automovilismo","tag-agustin-canapino-2","tag-automovilismo-2","tag-leonel-pernia","tag-pechito-lopez","tag-portada","tag-renault","tag-supertc2000-2","tag-toyota"],"yoast_head":"<!-- This site is optimized with the Yoast SEO plugin v26.1.1 - https:\/\/yoast.com\/wordpress\/plugins\/seo\/ -->\n<title>Pern\u00eda y Garc\u00eda ganaron unos deslucidos 200 kil\u00f3metros de Buenos Aires - Golandpop<\/title>\n<meta name=\"robots\" content=\"index, follow, max-snippet:-1, max-image-preview:large, max-video-preview:-1\" \/>\n<link rel=\"canonical\" href=\"https:\/\/golandpop.com\/index.php\/2021\/09\/06\/pernia-y-garcia-ganaron-unos-deslucidos-200-kilometros-de-buenos-aires\/\" \/>\n<meta property=\"og:locale\" content=\"es_ES\" \/>\n<meta property=\"og:type\" content=\"article\" \/>\n<meta property=\"og:title\" content=\"Pern\u00eda y Garc\u00eda ganaron unos deslucidos 200 kil\u00f3metros de Buenos Aires - Golandpop\" \/>\n<meta property=\"og:description\" content=\"Renault a la cabeza\" \/>\n<meta property=\"og:url\" content=\"https:\/\/golandpop.com\/index.php\/2021\/09\/06\/pernia-y-garcia-ganaron-unos-deslucidos-200-kilometros-de-buenos-aires\/\" \/>\n<meta property=\"og:site_name\" content=\"Golandpop\" \/>\n<meta property=\"article:published_time\" content=\"2021-09-06T23:06:19+00:00\" \/>\n<meta property=\"article:modified_time\" content=\"2021-09-06T23:06:22+00:00\" \/>\n<meta property=\"og:image\" content=\"https:\/\/golandpop.com\/wp-content\/uploads\/2021\/09\/ba79240c-aa59-454b-acf6-b94c712dbbd2.jpg\" \/>\n\t<meta property=\"og:image:width\" content=\"980\" \/>\n\t<meta property=\"og:image:height\" content=\"653\" \/>\n\t<meta property=\"og:image:type\" content=\"image\/jpeg\" \/>\n<meta name=\"author\" content=\"Gol&amp;Pop\" \/>\n<meta name=\"twitter:card\" content=\"summary_large_image\" \/>\n<meta name=\"twitter:creator\" content=\"@golandpop\" \/>\n<meta name=\"twitter:site\" content=\"@golandpop\" \/>\n<meta name=\"twitter:label1\" content=\"Escrito por\" \/>\n\t<meta name=\"twitter:data1\" content=\"Gol&amp;Pop\" \/>\n\t<meta name=\"twitter:label2\" content=\"Tiempo de lectura\" \/>\n\t<meta name=\"twitter:data2\" content=\"4 minutos\" \/>\n<script type=\"application\/ld+json\" class=\"yoast-schema-graph\">{\"@context\":\"https:\/\/schema.org\",\"@graph\":[{\"@type\":\"Article\",\"@id\":\"https:\/\/golandpop.com\/index.php\/2021\/09\/06\/pernia-y-garcia-ganaron-unos-deslucidos-200-kilometros-de-buenos-aires\/#article\",\"isPartOf\":{\"@id\":\"https:\/\/golandpop.com\/index.php\/2021\/09\/06\/pernia-y-garcia-ganaron-unos-deslucidos-200-kilometros-de-buenos-aires\/\"},\"author\":{\"name\":\"Gol&amp;Pop\",\"@id\":\"https:\/\/golandpop.com\/#\/schema\/person\/2809725861e0da25eaffe2d9b29c9613\"},\"headline\":\"Pern\u00eda y Garc\u00eda ganaron unos deslucidos 200 kil\u00f3metros de Buenos Aires\",\"datePublished\":\"2021-09-06T23:06:19+00:00\",\"dateModified\":\"2021-09-06T23:06:22+00:00\",\"mainEntityOfPage\":{\"@id\":\"https:\/\/golandpop.com\/index.php\/2021\/09\/06\/pernia-y-garcia-ganaron-unos-deslucidos-200-kilometros-de-buenos-aires\/\"},\"wordCount\":881,\"commentCount\":0,\"publisher\":{\"@id\":\"https:\/\/golandpop.com\/#organization\"},\"image\":{\"@id\":\"https:\/\/golandpop.com\/index.php\/2021\/09\/06\/pernia-y-garcia-ganaron-unos-deslucidos-200-kilometros-de-buenos-aires\/#primaryimage\"},\"thumbnailUrl\":\"https:\/\/golandpop.com\/wp-content\/uploads\/2021\/09\/ba79240c-aa59-454b-acf6-b94c712dbbd2.jpg\",\"keywords\":[\"Agustin Canapino\",\"automovilismo\",\"Leonel Pern\u00eda\",\"Pechito Lopez\",\"portada\",\"Renault\",\"SuperTC2000\",\"Toyota\"],\"articleSection\":[\"Actualidad\",\"Motores\"],\"inLanguage\":\"es-AR\"},{\"@type\":\"WebPage\",\"@id\":\"https:\/\/golandpop.com\/index.php\/2021\/09\/06\/pernia-y-garcia-ganaron-unos-deslucidos-200-kilometros-de-buenos-aires\/\",\"url\":\"https:\/\/golandpop.com\/index.php\/2021\/09\/06\/pernia-y-garcia-ganaron-unos-deslucidos-200-kilometros-de-buenos-aires\/\",\"name\":\"Pern\u00eda y Garc\u00eda ganaron unos deslucidos 200 kil\u00f3metros de Buenos Aires - Golandpop\",\"isPartOf\":{\"@id\":\"https:\/\/golandpop.com\/#website\"},\"primaryImageOfPage\":{\"@id\":\"https:\/\/golandpop.com\/index.php\/2021\/09\/06\/pernia-y-garcia-ganaron-unos-deslucidos-200-kilometros-de-buenos-aires\/#primaryimage\"},\"image\":{\"@id\":\"https:\/\/golandpop.com\/index.php\/2021\/09\/06\/pernia-y-garcia-ganaron-unos-deslucidos-200-kilometros-de-buenos-aires\/#primaryimage\"},\"thumbnailUrl\":\"https:\/\/golandpop.com\/wp-content\/uploads\/2021\/09\/ba79240c-aa59-454b-acf6-b94c712dbbd2.jpg\",\"datePublished\":\"2021-09-06T23:06:19+00:00\",\"dateModified\":\"2021-09-06T23:06:22+00:00\",\"breadcrumb\":{\"@id\":\"https:\/\/golandpop.com\/index.php\/2021\/09\/06\/pernia-y-garcia-ganaron-unos-deslucidos-200-kilometros-de-buenos-aires\/#breadcrumb\"},\"inLanguage\":\"es-AR\",\"potentialAction\":[{\"@type\":\"ReadAction\",\"target\":[\"https:\/\/golandpop.com\/index.php\/2021\/09\/06\/pernia-y-garcia-ganaron-unos-deslucidos-200-kilometros-de-buenos-aires\/\"]}]},{\"@type\":\"ImageObject\",\"inLanguage\":\"es-AR\",\"@id\":\"https:\/\/golandpop.com\/index.php\/2021\/09\/06\/pernia-y-garcia-ganaron-unos-deslucidos-200-kilometros-de-buenos-aires\/#primaryimage\",\"url\":\"https:\/\/golandpop.com\/wp-content\/uploads\/2021\/09\/ba79240c-aa59-454b-acf6-b94c712dbbd2.jpg\",\"contentUrl\":\"https:\/\/golandpop.com\/wp-content\/uploads\/2021\/09\/ba79240c-aa59-454b-acf6-b94c712dbbd2.jpg\",\"width\":980,\"height\":653},{\"@type\":\"BreadcrumbList\",\"@id\":\"https:\/\/golandpop.com\/index.php\/2021\/09\/06\/pernia-y-garcia-ganaron-unos-deslucidos-200-kilometros-de-buenos-aires\/#breadcrumb\",\"itemListElement\":[{\"@type\":\"ListItem\",\"position\":1,\"name\":\"Inicio\",\"item\":\"https:\/\/golandpop.com\/\"},{\"@type\":\"ListItem\",\"position\":2,\"name\":\"Pern\u00eda y Garc\u00eda ganaron unos deslucidos 200 kil\u00f3metros de Buenos Aires\"}]},{\"@type\":\"WebSite\",\"@id\":\"https:\/\/golandpop.com\/#website\",\"url\":\"https:\/\/golandpop.com\/\",\"name\":\"Golandpop\",\"description\":\"\",\"publisher\":{\"@id\":\"https:\/\/golandpop.com\/#organization\"},\"potentialAction\":[{\"@type\":\"SearchAction\",\"target\":{\"@type\":\"EntryPoint\",\"urlTemplate\":\"https:\/\/golandpop.com\/?s={search_term_string}\"},\"query-input\":{\"@type\":\"PropertyValueSpecification\",\"valueRequired\":true,\"valueName\":\"search_term_string\"}}],\"inLanguage\":\"es-AR\"},{\"@type\":\"Organization\",\"@id\":\"https:\/\/golandpop.com\/#organization\",\"name\":\"GolandPop\",\"url\":\"https:\/\/golandpop.com\/\",\"logo\":{\"@type\":\"ImageObject\",\"inLanguage\":\"es-AR\",\"@id\":\"https:\/\/golandpop.com\/#\/schema\/logo\/image\/\",\"url\":\"https:\/\/golandpop.com\/wp-content\/uploads\/2020\/04\/favicon_gol_pop.png\",\"contentUrl\":\"https:\/\/golandpop.com\/wp-content\/uploads\/2020\/04\/favicon_gol_pop.png\",\"width\":246,\"height\":246,\"caption\":\"GolandPop\"},\"image\":{\"@id\":\"https:\/\/golandpop.com\/#\/schema\/logo\/image\/\"},\"sameAs\":[\"https:\/\/x.com\/golandpop\",\"https:\/\/www.instagram.com\/golandpopcordoba\/\"]},{\"@type\":\"Person\",\"@id\":\"https:\/\/golandpop.com\/#\/schema\/person\/2809725861e0da25eaffe2d9b29c9613\",\"name\":\"Gol&amp;Pop\",\"image\":{\"@type\":\"ImageObject\",\"inLanguage\":\"es-AR\",\"@id\":\"https:\/\/golandpop.com\/#\/schema\/person\/image\/\",\"url\":\"https:\/\/secure.gravatar.com\/avatar\/9a87ee051ca8c77f5d4070843ce2c78cdf95b858b950fb039151de955122f5f5?s=96&d=mm&r=g\",\"contentUrl\":\"https:\/\/secure.gravatar.com\/avatar\/9a87ee051ca8c77f5d4070843ce2c78cdf95b858b950fb039151de955122f5f5?s=96&d=mm&r=g\",\"caption\":\"Gol&amp;Pop\"},\"sameAs\":[\"http:\/\/golandpop.com\"],\"url\":\"https:\/\/golandpop.com\/index.php\/author\/admin\/\"}]}<\/script>\n<!-- \/ Yoast SEO plugin. -->","yoast_head_json":{"title":"Pern\u00eda y Garc\u00eda ganaron unos deslucidos 200 kil\u00f3metros de Buenos Aires - Golandpop","robots":{"index":"index","follow":"follow","max-snippet":"max-snippet:-1","max-image-preview":"max-image-preview:large","max-video-preview":"max-video-preview:-1"},"canonical":"https:\/\/golandpop.com\/index.php\/2021\/09\/06\/pernia-y-garcia-ganaron-unos-deslucidos-200-kilometros-de-buenos-aires\/","og_locale":"es_ES","og_type":"article","og_title":"Pern\u00eda y Garc\u00eda ganaron unos deslucidos 200 kil\u00f3metros de Buenos Aires - Golandpop","og_description":"Renault a la cabeza","og_url":"https:\/\/golandpop.com\/index.php\/2021\/09\/06\/pernia-y-garcia-ganaron-unos-deslucidos-200-kilometros-de-buenos-aires\/","og_site_name":"Golandpop","article_published_time":"2021-09-06T23:06:19+00:00","article_modified_time":"2021-09-06T23:06:22+00:00","og_image":[{"width":980,"height":653,"url":"https:\/\/golandpop.com\/wp-content\/uploads\/2021\/09\/ba79240c-aa59-454b-acf6-b94c712dbbd2.jpg","type":"image\/jpeg"}],"author":"Gol&amp;Pop","twitter_card":"summary_large_image","twitter_creator":"@golandpop","twitter_site":"@golandpop","twitter_misc":{"Escrito por":"Gol&amp;Pop","Tiempo de lectura":"4 minutos"},"schema":{"@context":"https:\/\/schema.org","@graph":[{"@type":"Article","@id":"https:\/\/golandpop.com\/index.php\/2021\/09\/06\/pernia-y-garcia-ganaron-unos-deslucidos-200-kilometros-de-buenos-aires\/#article","isPartOf":{"@id":"https:\/\/golandpop.com\/index.php\/2021\/09\/06\/pernia-y-garcia-ganaron-unos-deslucidos-200-kilometros-de-buenos-aires\/"},"author":{"name":"Gol&amp;Pop","@id":"https:\/\/golandpop.com\/#\/schema\/person\/2809725861e0da25eaffe2d9b29c9613"},"headline":"Pern\u00eda y Garc\u00eda ganaron unos deslucidos 200 kil\u00f3metros de Buenos Aires","datePublished":"2021-09-06T23:06:19+00:00","dateModified":"2021-09-06T23:06:22+00:00","mainEntityOfPage":{"@id":"https:\/\/golandpop.com\/index.php\/2021\/09\/06\/pernia-y-garcia-ganaron-unos-deslucidos-200-kilometros-de-buenos-aires\/"},"wordCount":881,"commentCount":0,"publisher":{"@id":"https:\/\/golandpop.com\/#organization"},"image":{"@id":"https:\/\/golandpop.com\/index.php\/2021\/09\/06\/pernia-y-garcia-ganaron-unos-deslucidos-200-kilometros-de-buenos-aires\/#primaryimage"},"thumbnailUrl":"https:\/\/golandpop.com\/wp-content\/uploads\/2021\/09\/ba79240c-aa59-454b-acf6-b94c712dbbd2.jpg","keywords":["Agustin Canapino","automovilismo","Leonel Pern\u00eda","Pechito Lopez","portada","Renault","SuperTC2000","Toyota"],"articleSection":["Actualidad","Motores"],"inLanguage":"es-AR"},{"@type":"WebPage","@id":"https:\/\/golandpop.com\/index.php\/2021\/09\/06\/pernia-y-garcia-ganaron-unos-deslucidos-200-kilometros-de-buenos-aires\/","url":"https:\/\/golandpop.com\/index.php\/2021\/09\/06\/pernia-y-garcia-ganaron-unos-deslucidos-200-kilometros-de-buenos-aires\/","name":"Pern\u00eda y Garc\u00eda ganaron unos deslucidos 200 kil\u00f3metros de Buenos Aires - Golandpop","isPartOf":{"@id":"https:\/\/golandpop.com\/#website"},"primaryImageOfPage":{"@id":"https:\/\/golandpop.com\/index.php\/2021\/09\/06\/pernia-y-garcia-ganaron-unos-deslucidos-200-kilometros-de-buenos-aires\/#primaryimage"},"image":{"@id":"https:\/\/golandpop.com\/index.php\/2021\/09\/06\/pernia-y-garcia-ganaron-unos-deslucidos-200-kilometros-de-buenos-aires\/#primaryimage"},"thumbnailUrl":"https:\/\/golandpop.com\/wp-content\/uploads\/2021\/09\/ba79240c-aa59-454b-acf6-b94c712dbbd2.jpg","datePublished":"2021-09-06T23:06:19+00:00","dateModified":"2021-09-06T23:06:22+00:00","breadcrumb":{"@id":"https:\/\/golandpop.com\/index.php\/2021\/09\/06\/pernia-y-garcia-ganaron-unos-deslucidos-200-kilometros-de-buenos-aires\/#breadcrumb"},"inLanguage":"es-AR","potentialAction":[{"@type":"ReadAction","target":["https:\/\/golandpop.com\/index.php\/2021\/09\/06\/pernia-y-garcia-ganaron-unos-deslucidos-200-kilometros-de-buenos-aires\/"]}]},{"@type":"ImageObject","inLanguage":"es-AR","@id":"https:\/\/golandpop.com\/index.php\/2021\/09\/06\/pernia-y-garcia-ganaron-unos-deslucidos-200-kilometros-de-buenos-aires\/#primaryimage","url":"https:\/\/golandpop.com\/wp-content\/uploads\/2021\/09\/ba79240c-aa59-454b-acf6-b94c712dbbd2.jpg","contentUrl":"https:\/\/golandpop.com\/wp-content\/uploads\/2021\/09\/ba79240c-aa59-454b-acf6-b94c712dbbd2.jpg","width":980,"height":653},{"@type":"BreadcrumbList","@id":"https:\/\/golandpop.com\/index.php\/2021\/09\/06\/pernia-y-garcia-ganaron-unos-deslucidos-200-kilometros-de-buenos-aires\/#breadcrumb","itemListElement":[{"@type":"ListItem","position":1,"name":"Inicio","item":"https:\/\/golandpop.com\/"},{"@type":"ListItem","position":2,"name":"Pern\u00eda y Garc\u00eda ganaron unos deslucidos 200 kil\u00f3metros de Buenos Aires"}]},{"@type":"WebSite","@id":"https:\/\/golandpop.com\/#website","url":"https:\/\/golandpop.com\/","name":"Golandpop","description":"","publisher":{"@id":"https:\/\/golandpop.com\/#organization"},"potentialAction":[{"@type":"SearchAction","target":{"@type":"EntryPoint","urlTemplate":"https:\/\/golandpop.com\/?s={search_term_string}"},"query-input":{"@type":"PropertyValueSpecification","valueRequired":true,"valueName":"search_term_string"}}],"inLanguage":"es-AR"},{"@type":"Organization","@id":"https:\/\/golandpop.com\/#organization","name":"GolandPop","url":"https:\/\/golandpop.com\/","logo":{"@type":"ImageObject","inLanguage":"es-AR","@id":"https:\/\/golandpop.com\/#\/schema\/logo\/image\/","url":"https:\/\/golandpop.com\/wp-content\/uploads\/2020\/04\/favicon_gol_pop.png","contentUrl":"https:\/\/golandpop.com\/wp-content\/uploads\/2020\/04\/favicon_gol_pop.png","width":246,"height":246,"caption":"GolandPop"},"image":{"@id":"https:\/\/golandpop.com\/#\/schema\/logo\/image\/"},"sameAs":["https:\/\/x.com\/golandpop","https:\/\/www.instagram.com\/golandpopcordoba\/"]},{"@type":"Person","@id":"https:\/\/golandpop.com\/#\/schema\/person\/2809725861e0da25eaffe2d9b29c9613","name":"Gol&amp;Pop","image":{"@type":"ImageObject","inLanguage":"es-AR","@id":"https:\/\/golandpop.com\/#\/schema\/person\/image\/","url":"https:\/\/secure.gravatar.com\/avatar\/9a87ee051ca8c77f5d4070843ce2c78cdf95b858b950fb039151de955122f5f5?s=96&d=mm&r=g","contentUrl":"https:\/\/secure.gravatar.com\/avatar\/9a87ee051ca8c77f5d4070843ce2c78cdf95b858b950fb039151de955122f5f5?s=96&d=mm&r=g","caption":"Gol&amp;Pop"},"sameAs":["http:\/\/golandpop.com"],"url":"https:\/\/golandpop.com\/index.php\/author\/admin\/"}]}},"_links":{"self":[{"href":"https:\/\/golandpop.com\/index.php\/wp-json\/wp\/v2\/posts\/13684","targetHints":{"allow":["GET"]}}],"collection":[{"href":"https:\/\/golandpop.com\/index.php\/wp-json\/wp\/v2\/posts"}],"about":[{"href":"https:\/\/golandpop.com\/index.php\/wp-json\/wp\/v2\/types\/post"}],"author":[{"embeddable":true,"href":"https:\/\/golandpop.com\/index.php\/wp-json\/wp\/v2\/users\/1"}],"replies":[{"embeddable":true,"href":"https:\/\/golandpop.com\/index.php\/wp-json\/wp\/v2\/comments?post=13684"}],"version-history":[{"count":12,"href":"https:\/\/golandpop.com\/index.php\/wp-json\/wp\/v2\/posts\/13684\/revisions"}],"predecessor-version":[{"id":13706,"href":"https:\/\/golandpop.com\/index.php\/wp-json\/wp\/v2\/posts\/13684\/revisions\/13706"}],"wp:featuredmedia":[{"embeddable":true,"href":"https:\/\/golandpop.com\/index.php\/wp-json\/wp\/v2\/media\/13686"}],"wp:attachment":[{"href":"https:\/\/golandpop.com\/index.php\/wp-json\/wp\/v2\/media?parent=13684"}],"wp:term":[{"taxonomy":"category","embeddable":true,"href":"https:\/\/golandpop.com\/index.php\/wp-json\/wp\/v2\/categories?post=13684"},{"taxonomy":"post_tag","embeddable":true,"href":"https:\/\/golandpop.com\/index.php\/wp-json\/wp\/v2\/tags?post=13684"}],"curies":[{"name":"wp","href":"https:\/\/api.w.org\/{rel}","templated":true}]}}